{"id":59065,"date":"2020-09-22T13:51:12","date_gmt":"2020-09-22T11:51:12","guid":{"rendered":"https:\/\/rijeka2020.eu\/?p=59065"},"modified":"2020-09-22T13:51:12","modified_gmt":"2020-09-22T11:51:12","slug":"il-giorno-della-decisione-dello-zavnoh-sullannessione-di-rijeka-alla-croazia-sul-grattacielo-di-rijeka-e-stato-installato-il-monumento-alla-rijeka-rossa","status":"publish","type":"post","link":"https:\/\/ri2020.eu\/it\/il-giorno-della-decisione-dello-zavnoh-sullannessione-di-rijeka-alla-croazia-sul-grattacielo-di-rijeka-e-stato-installato-il-monumento-alla-rijeka-rossa\/","title":{"rendered":"Il giorno della decisione dello ZAVNOH sull&#8217;annessione di Rijeka alla Croazia, sul grattacielo di Rijeka e stato installato il Monumento alla Rijeka Rossa"},"content":{"rendered":"<p>Domenica 20 settembre, nell&#8217;ambito del progetto Capitale europea della cultura, \u00e8 stata allestita a Rijeka l&#8217;installazione artistica di Nemanja Cvijanovi\u0107 &#8220;Monumento alla Rijeka rossa &#8211; monumento di autodifesa&#8221;.<\/p>\n<p>Si tratta di una scultura a forma di una grande stella partigiana a cinque punte, scartata e dimenticata, in cui sono incastonate 2.800 schegge di vetro, che vogliono ricordare i 2.800 combattenti caduti nella battaglia per Rijeka. L&#8217;installazione \u00e8 parte integrante del progetto <i>Tasca rovesciata &#8211; interventi artistici nello spazio pubblico <\/i>organizzato dal Museo d\u2019arte moderna e contemporanea, nell&#8217;ambito della direttrice programmatica \u201cL\u2019et\u00e0 del potere\u201d. L\u2019et\u00e0 del potere\u00a0\u00e8 la direttrice programmatica di Rijeka 2020 &#8211; Capitale Europea della Cultura, che tematizza ed esplora i cambiamenti storici e le attuali manifestazioni di potere.<\/p>\n<p><b><i>&#8220;Nella<\/i><\/b><b><i> sua simbologia primaria, questa stella curva e tronca, comunica il paradosso di un&#8217;eredit\u00e0 antifascista rifiutata ma pur sempre &#8220;pericolosa&#8221;, ma anche rivoluzionaria come simbolo del movimento operaio internazionale e della lotta per una societ\u00e0 pi\u00f9 giusta&#8221;.<\/i><\/b><b><span class=\"Apple-converted-space\">\u00a0 <\/span>N.C.<\/b><\/p>\n<p>Il monumento alla Rijeka rossa (Crvena Rijeka) \u00e8 stato installato il 20 settembre, il giorno in cui, dopo la capitolazione dell&#8217;Italia nel 1943 (8 settembre 1943), il Comitato esecutivo dello ZAVNOH ha preso la decisione, poi confermata nella sessione dello ZAVNOH a Pla\u0161ki, sull\u2019annessione di Rijeka, dell\u2019Istria, di Zadar e delle altre terre occupate dall\u2019Italia nella Seconda guerra mondiale alla madrepatria croata. <b>La scultura rimarr\u00e0 installata dal 20 settembre al 4 ottobre 2020.<\/b><\/p>\n<p>Installata in cima al Grattacielo di Rijeka, questa installazione artistica prende spunto dalla stella rossa collocata nello stesso luogo nel 1945. Fuori portata e rivolto al cielo, questo\u00a0<i>monumento di autodifesa\u00a0<\/i>apre la questione dell&#8217;invito nel tessuto della citt\u00e0 di un ospite (non) desiderato (stella a cinque punte), la questione del difensivismo come eterno compagno dell&#8217;attacco all\u2019indesiderato e del circolo vizioso creato da tale rapporto.<\/p>\n<p><img loading=\"lazy\" decoding=\"async\" class=\"alignnone size-medium wp-image-58947\" src=\"https:\/\/rijeka2020.eu\/wp-content\/uploads\/2020\/09\/Zvijezda-na-Rijeckom-neboderu_03-640x480.jpg\" alt=\"\" width=\"640\" height=\"480\" srcset=\"https:\/\/ri2020.eu\/wp-content\/uploads\/2020\/09\/Zvijezda-na-Rijeckom-neboderu_03-640x480.jpg 640w, https:\/\/ri2020.eu\/wp-content\/uploads\/2020\/09\/Zvijezda-na-Rijeckom-neboderu_03-1024x768.jpg 1024w, https:\/\/ri2020.eu\/wp-content\/uploads\/2020\/09\/Zvijezda-na-Rijeckom-neboderu_03-768x576.jpg 768w, https:\/\/ri2020.eu\/wp-content\/uploads\/2020\/09\/Zvijezda-na-Rijeckom-neboderu_03-1536x1152.jpg 1536w, https:\/\/ri2020.eu\/wp-content\/uploads\/2020\/09\/Zvijezda-na-Rijeckom-neboderu_03-250x188.jpg 250w, https:\/\/ri2020.eu\/wp-content\/uploads\/2020\/09\/Zvijezda-na-Rijeckom-neboderu_03-420x315.jpg 420w, https:\/\/ri2020.eu\/wp-content\/uploads\/2020\/09\/Zvijezda-na-Rijeckom-neboderu_03.jpg 1600w\" sizes=\"auto, (max-width: 640px) 100vw, 640px\" \/><\/p>\n<p><b>Il paradosso di un&#8217;eredit\u00e0 rifiutata ma pur sempre &#8220;pericolosa&#8221;<\/b><\/p>\n<p>L&#8217;artista Nemanja Cvijanovi\u0107 ha realizzato il suo lavoro consapevole della tendenza all&#8217;abbandono selettivo, ma anche sistematico, dei monumenti storici che rimangono dimenticati e distrutti. Le schegge di vetro rosso prevengono simbolicamente il vandalismo in cui la stella a cinque punte pu\u00f2 potenzialmente perire e offrono al monumento la possibilit\u00e0 di difendersi da solo dalla distruzione e dall&#8217;oblio. La stella curva e tronca nella sua simbologia primaria comunica il paradosso dell&#8217;eredit\u00e0 antifascista rifiutata, ma pur sempre &#8220;pericolosa&#8221;, al contempo rivoluzionaria, come simbolo del movimento operaio internazionale e della lotta per una societ\u00e0 pi\u00f9 giusta.<\/p>\n<p>Vorremmo ricordare che quest\u2019installazione artistica, che doveva essere inaugurata lo scorso 3 maggio in occasione della Giornata della liberazione di Rijeka, aveva suscitato, gi\u00e0 allora, grande interesse mediatico e numerose reazioni da parte del pubblico, di singole persone sui social network, ma anche dei politici che, avvalendosi di quest\u2019installazione artistica ed esprimendo le proprie opinioni al riguardo, hanno voluto esporre le proprie opinioni politiche.<span class=\"Apple-converted-space\">\u00a0<\/span><\/p>\n<p>In questo contesto previsto, l\u2019artista, collocando la sua installazione nello spazio pubblico, apre la questione sulla possibilit\u00e0 che il simbolo curvo e tronco possa rimanere parte dell&#8217;identit\u00e0 della citt\u00e0, in quanto la curvatura della stella tematizza e simboleggia la posizione dell&#8217;antifascismo nei tempi moderni. In particolare, pu\u00f2 una stella che fa parte del nostro patrimonio culturale rimanere parte della nostra identit\u00e0, indipendentemente dalla nostra opinione in merito? Pu\u00f2 difendersi da sola dal revisionismo storico sfidandolo?<\/p>\n<p><b>Il monumento di cui oggi pi\u00f9 che mai abbiamo bisogno<\/b><\/p>\n<p>Il curatore e critico italiano <b>Giacinto Di Pietrantonio<\/b>, che l&#8217;anno scorso ha invitato l&#8217;artista Nemanja Cvijanovi\u0107 alla Biennale &#8220;Autostrada&#8221;, in Kosovo, commentando la sua installazione artistica, ha detto tra l&#8217;altro: <b>\u201cNel suo essere immagine congelata del passato e del presente, questo lavoro diventa necessario nel tempo caotico in cui le libert\u00e0 democratiche sono messe in discussione. Ci ricorda che non dobbiamo mai smettere di lottare per il nostro essere civilizzato (\u2026). \u00c8 un monumento di cui oggi, pi\u00f9 che mai, abbiamo bisogno&#8221;.<\/b><\/p>\n<p>Ed \u00e8 proprio il giorno in cui \u00e8 stato installato il Monumento alla Rijeka Rossa di Cvijanovi\u0107 che pu\u00f2 completare al meglio le parole del curatore italiano Di Pietrantonio. Infatti, in quella data, il 20 settembre 1943, lo ZAVNOH il cui comitato esecutivo era presieduto dallo scrittore Vladimir Nazor, prese la Decisione sul ritorno di Rijeka alla Croazia.<span class=\"Apple-converted-space\">\u00a0<\/span><\/p>\n<p>Questa decisione ha dichiarato nulli tutti i contratti, patti e convenzioni stipulati fra i vari governi panserbi di allora e l\u2019Italia, fra i traditori del popolo croato e i governi italiani, in base ai quali le terre croate sono state cedute all&#8217;Italia. La Decisione dello ZAVNOH dichiara che <i>&#8220;tutte le regioni croate menzionate, vale a dire l&#8217;Istria, Rijeka, Zadar, le parti annesse del litorale croato, Gorski Kotar, Dalmazia e tutte le isole dell&#8217;Adriatico (comprese le isole di Lastovo, Cres, Lo\u0161inj e altre), vengono annesse alla madrepatria, la Croazia.&#8221;<\/i> Inoltre, la presente decisione garantisce l&#8217;autonomia alla minoranza nazionale italiana che vive in queste regioni.<\/p>\n<p>L&#8217;antifascismo contemporaneo, che include le libert\u00e0 democratiche e la lotta per i diritti umani come traguardo di civilt\u00e0 sociale, basa il suo presente sull&#8217;antifascismo storico. Pertanto, sono di essenziale importanza il simbolismo della data di collocamento di quest\u2019installazione artistica a Rijeka e il ricordo del fatto storico dell&#8217;annessione di Rijeka alla Croazia nel periodo storico menzionato segnato dalla lotta antifascista.<\/p>\n<p><img loading=\"lazy\" decoding=\"async\" class=\"alignnone size-medium wp-image-58944\" src=\"https:\/\/rijeka2020.eu\/wp-content\/uploads\/2020\/09\/Zvijezda-na-Rijeckom-neboderu_02-640x480.jpg\" alt=\"\" width=\"640\" height=\"480\" srcset=\"https:\/\/ri2020.eu\/wp-content\/uploads\/2020\/09\/Zvijezda-na-Rijeckom-neboderu_02-640x480.jpg 640w, https:\/\/ri2020.eu\/wp-content\/uploads\/2020\/09\/Zvijezda-na-Rijeckom-neboderu_02-1024x768.jpg 1024w, https:\/\/ri2020.eu\/wp-content\/uploads\/2020\/09\/Zvijezda-na-Rijeckom-neboderu_02-768x576.jpg 768w, https:\/\/ri2020.eu\/wp-content\/uploads\/2020\/09\/Zvijezda-na-Rijeckom-neboderu_02-1536x1152.jpg 1536w, https:\/\/ri2020.eu\/wp-content\/uploads\/2020\/09\/Zvijezda-na-Rijeckom-neboderu_02-250x188.jpg 250w, https:\/\/ri2020.eu\/wp-content\/uploads\/2020\/09\/Zvijezda-na-Rijeckom-neboderu_02-420x315.jpg 420w, https:\/\/ri2020.eu\/wp-content\/uploads\/2020\/09\/Zvijezda-na-Rijeckom-neboderu_02.jpg 1600w\" sizes=\"auto, (max-width: 640px) 100vw, 640px\" \/><\/p>\n<p><b>Nemanja Cvijanovi\u0107 &#8211; artista fiumano che espone in prestigiosi eventi mondiali<\/b><\/p>\n<p>L&#8217;artista Nemanja Cvijanovi\u0107 si \u00e8 laureato a Venezia alla Scuola di Pittura dell\u2019Accademia di Belle Arti e ha conseguito il dottorato in progettazione e design alla Facolt\u00e0 di Design e Arti dell\u2019Istituto Universitario di Architettura, sempre a Venezia.<\/p>\n<p>Le sue opere mettono in discussione temi sociali e politici, stabilendo connessioni con eventi del recente passato, rivelando un artista affascinato dal fenomeno della memoria collettiva.<\/p>\n<p>Sottolineando la posizione di responsabilit\u00e0 e consapevolezza nei confronti delle anomalie della societ\u00e0 moderna, l\u2019artista introduce gli osservatori nel rapporto intrigante nei confronti della memoria, dei cambiamenti dei sistemi di valori, della propaganda, del consumismo e dei mass media.<span class=\"Apple-converted-space\">\u00a0<\/span><\/p>\n<p>Cvijanovi\u0107 pu\u00f2 vantare numerosi premi, partecipazioni a prestigiosi eventi artistici mondiali, mostre e programmi di residenza da Roma a Vienna. Finora ha partecipato a circa trecento mostre internazionali in Europa e negli Stati Uniti, ma anche in Guatemala, Cina e Corea del Sud. Ha inoltre collaborato con gallerie straniere. Con la galleria italiana T293 di Napoli, ha esposto in diverse fiere di arte contemporanea di profilo internazionale, come \u201cArtissima 11\u201d, \u201cArtissima 12\u201d, \u201cArtissima 13\u201d, a Torino in Italia, e \u201cListe 05\u201d e \u201cListe 06\u201d nonch\u00e9 \u201cART BASEL\u201d a Basilea in Svizzera, \u201cArt feir\u201d ad Anversa in Belgio e \u201cFiac\u201d a Parigi in Francia. Con la galleria slovena \u0160KUC \u00e8 presente alle fiere d&#8217;arte contemporanea, e molte delle sue opere si trovano oggi in collezioni private croate, francesi, italiane e svizzere, oltre che nelle collezioni museali.<\/p>\n","protected":false},"excerpt":{"rendered":"<p>Domenica 20 settembre, nell&#8217;ambito del progetto Capitale europea della cultura, \u00e8 stata allestita a Rijeka l&#8217;installazione artistica di Nemanja Cvijanovi\u0107 &#8220;Monumento alla Rijeka rossa &#8211; monumento di autodifesa&#8221;. Si tratta di una scultura a forma di una grande stella partigiana a cinque punte, scartata e dimenticata, in cui sono incastonate 2.800 schegge di vetro, che<\/p>\n","protected":false},"author":72,"featured_media":58941,"comment_status":"closed","ping_status":"closed","sticky":false,"template":"","format":"standard","meta":{"_acf_changed":false,"footnotes":""},"categories":[4497,4061],"tags":[],"class_list":["post-59065","post","type-post","status-publish","format-standard","has-post-thumbnail","hentry","category-era-del-potere","category-notizie"],"acf":[],"yoast_head":"<!-- This site is optimized with the Yoast SEO plugin v26.8 - https:\/\/yoast.com\/product\/yoast-seo-wordpress\/ -->\n<title>Il giorno della decisione dello ZAVNOH sull&#039;annessione di Rijeka alla Croazia, sul grattacielo di Rijeka e stato installato il Monumento alla Rijeka Rossa &#8226; Rijeka 2020<\/title>\n<meta name=\"robots\" content=\"index, follow, max-snippet:-1, max-image-preview:large, max-video-preview:-1\" \/>\n<link rel=\"canonical\" href=\"https:\/\/ri2020.eu\/it\/il-giorno-della-decisione-dello-zavnoh-sullannessione-di-rijeka-alla-croazia-sul-grattacielo-di-rijeka-e-stato-installato-il-monumento-alla-rijeka-rossa\/\" \/>\n<meta property=\"og:locale\" content=\"it_IT\" \/>\n<meta property=\"og:type\" content=\"article\" \/>\n<meta property=\"og:title\" content=\"Il giorno della decisione dello ZAVNOH sull&#039;annessione di Rijeka alla Croazia, sul grattacielo di Rijeka e stato installato il Monumento alla Rijeka Rossa &#8226; Rijeka 2020\" \/>\n<meta property=\"og:description\" content=\"Domenica 20 settembre, nell&#8217;ambito del progetto Capitale europea della cultura, \u00e8 stata allestita a Rijeka l&#8217;installazione artistica di Nemanja Cvijanovi\u0107 &#8220;Monumento alla Rijeka rossa &#8211; monumento di autodifesa&#8221;. Si tratta di una scultura a forma di una grande stella partigiana a cinque punte, scartata e dimenticata, in cui sono incastonate 2.800 schegge di vetro, che\" \/>\n<meta property=\"og:url\" content=\"https:\/\/ri2020.eu\/it\/il-giorno-della-decisione-dello-zavnoh-sullannessione-di-rijeka-alla-croazia-sul-grattacielo-di-rijeka-e-stato-installato-il-monumento-alla-rijeka-rossa\/\" \/>\n<meta property=\"og:site_name\" content=\"Rijeka 2020\" \/>\n<meta property=\"article:publisher\" content=\"https:\/\/www.facebook.com\/rijeka2020\" \/>\n<meta property=\"article:published_time\" content=\"2020-09-22T11:51:12+00:00\" \/>\n<meta property=\"og:image\" content=\"https:\/\/ri2020.eu\/wp-content\/uploads\/2020\/09\/Zvijezda-na-Rijeckom-neboderu_01.jpg\" \/>\n\t<meta property=\"og:image:width\" content=\"1600\" \/>\n\t<meta property=\"og:image:height\" content=\"1200\" \/>\n\t<meta property=\"og:image:type\" content=\"image\/jpeg\" \/>\n<meta name=\"author\" content=\"Rijeka 2020\" \/>\n<meta name=\"twitter:card\" content=\"summary_large_image\" \/>\n<meta name=\"twitter:creator\" content=\"@Rijeka2020\" \/>\n<meta name=\"twitter:site\" content=\"@Rijeka2020\" \/>\n<meta name=\"twitter:label1\" content=\"Written by\" \/>\n\t<meta name=\"twitter:data1\" content=\"Rijeka 2020\" \/>\n\t<meta name=\"twitter:label2\" content=\"Est. reading time\" \/>\n\t<meta name=\"twitter:data2\" content=\"5 minutes\" \/>\n<script type=\"application\/ld+json\" class=\"yoast-schema-graph\">{\"@context\":\"https:\/\/schema.org\",\"@graph\":[{\"@type\":\"Article\",\"@id\":\"https:\/\/ri2020.eu\/it\/il-giorno-della-decisione-dello-zavnoh-sullannessione-di-rijeka-alla-croazia-sul-grattacielo-di-rijeka-e-stato-installato-il-monumento-alla-rijeka-rossa\/#article\",\"isPartOf\":{\"@id\":\"https:\/\/ri2020.eu\/it\/il-giorno-della-decisione-dello-zavnoh-sullannessione-di-rijeka-alla-croazia-sul-grattacielo-di-rijeka-e-stato-installato-il-monumento-alla-rijeka-rossa\/\"},\"author\":{\"name\":\"Rijeka 2020\",\"@id\":\"https:\/\/ri2020.eu\/it\/#\/schema\/person\/9c12d91df8c45bc534f625d9c81f403d\"},\"headline\":\"Il giorno della decisione dello ZAVNOH sull&#8217;annessione di Rijeka alla Croazia, sul grattacielo di Rijeka e stato installato il Monumento alla Rijeka Rossa\",\"datePublished\":\"2020-09-22T11:51:12+00:00\",\"mainEntityOfPage\":{\"@id\":\"https:\/\/ri2020.eu\/it\/il-giorno-della-decisione-dello-zavnoh-sullannessione-di-rijeka-alla-croazia-sul-grattacielo-di-rijeka-e-stato-installato-il-monumento-alla-rijeka-rossa\/\"},\"wordCount\":1139,\"publisher\":{\"@id\":\"https:\/\/ri2020.eu\/it\/#organization\"},\"image\":{\"@id\":\"https:\/\/ri2020.eu\/it\/il-giorno-della-decisione-dello-zavnoh-sullannessione-di-rijeka-alla-croazia-sul-grattacielo-di-rijeka-e-stato-installato-il-monumento-alla-rijeka-rossa\/#primaryimage\"},\"thumbnailUrl\":\"https:\/\/ri2020.eu\/wp-content\/uploads\/2020\/09\/Zvijezda-na-Rijeckom-neboderu_01.jpg\",\"articleSection\":[\"Era del potere\",\"Notizie\"],\"inLanguage\":\"it-IT\"},{\"@type\":\"WebPage\",\"@id\":\"https:\/\/ri2020.eu\/it\/il-giorno-della-decisione-dello-zavnoh-sullannessione-di-rijeka-alla-croazia-sul-grattacielo-di-rijeka-e-stato-installato-il-monumento-alla-rijeka-rossa\/\",\"url\":\"https:\/\/ri2020.eu\/it\/il-giorno-della-decisione-dello-zavnoh-sullannessione-di-rijeka-alla-croazia-sul-grattacielo-di-rijeka-e-stato-installato-il-monumento-alla-rijeka-rossa\/\",\"name\":\"Il giorno della decisione dello ZAVNOH sull'annessione di Rijeka alla Croazia, sul grattacielo di Rijeka e stato installato il Monumento alla Rijeka Rossa &#8226; Rijeka 2020\",\"isPartOf\":{\"@id\":\"https:\/\/ri2020.eu\/it\/#website\"},\"primaryImageOfPage\":{\"@id\":\"https:\/\/ri2020.eu\/it\/il-giorno-della-decisione-dello-zavnoh-sullannessione-di-rijeka-alla-croazia-sul-grattacielo-di-rijeka-e-stato-installato-il-monumento-alla-rijeka-rossa\/#primaryimage\"},\"image\":{\"@id\":\"https:\/\/ri2020.eu\/it\/il-giorno-della-decisione-dello-zavnoh-sullannessione-di-rijeka-alla-croazia-sul-grattacielo-di-rijeka-e-stato-installato-il-monumento-alla-rijeka-rossa\/#primaryimage\"},\"thumbnailUrl\":\"https:\/\/ri2020.eu\/wp-content\/uploads\/2020\/09\/Zvijezda-na-Rijeckom-neboderu_01.jpg\",\"datePublished\":\"2020-09-22T11:51:12+00:00\",\"breadcrumb\":{\"@id\":\"https:\/\/ri2020.eu\/it\/il-giorno-della-decisione-dello-zavnoh-sullannessione-di-rijeka-alla-croazia-sul-grattacielo-di-rijeka-e-stato-installato-il-monumento-alla-rijeka-rossa\/#breadcrumb\"},\"inLanguage\":\"it-IT\",\"potentialAction\":[{\"@type\":\"ReadAction\",\"target\":[\"https:\/\/ri2020.eu\/it\/il-giorno-della-decisione-dello-zavnoh-sullannessione-di-rijeka-alla-croazia-sul-grattacielo-di-rijeka-e-stato-installato-il-monumento-alla-rijeka-rossa\/\"]}]},{\"@type\":\"ImageObject\",\"inLanguage\":\"it-IT\",\"@id\":\"https:\/\/ri2020.eu\/it\/il-giorno-della-decisione-dello-zavnoh-sullannessione-di-rijeka-alla-croazia-sul-grattacielo-di-rijeka-e-stato-installato-il-monumento-alla-rijeka-rossa\/#primaryimage\",\"url\":\"https:\/\/ri2020.eu\/wp-content\/uploads\/2020\/09\/Zvijezda-na-Rijeckom-neboderu_01.jpg\",\"contentUrl\":\"https:\/\/ri2020.eu\/wp-content\/uploads\/2020\/09\/Zvijezda-na-Rijeckom-neboderu_01.jpg\",\"width\":1600,\"height\":1200},{\"@type\":\"BreadcrumbList\",\"@id\":\"https:\/\/ri2020.eu\/it\/il-giorno-della-decisione-dello-zavnoh-sullannessione-di-rijeka-alla-croazia-sul-grattacielo-di-rijeka-e-stato-installato-il-monumento-alla-rijeka-rossa\/#breadcrumb\",\"itemListElement\":[{\"@type\":\"ListItem\",\"position\":1,\"name\":\"Home\",\"item\":\"https:\/\/ri2020.eu\/it\/\"},{\"@type\":\"ListItem\",\"position\":2,\"name\":\"Il giorno della decisione dello ZAVNOH sull&#8217;annessione di Rijeka alla Croazia, sul grattacielo di Rijeka e stato installato il Monumento alla Rijeka Rossa\"}]},{\"@type\":\"WebSite\",\"@id\":\"https:\/\/ri2020.eu\/it\/#website\",\"url\":\"https:\/\/ri2020.eu\/it\/\",\"name\":\"Rijeka 2020\",\"description\":\"Europska prijestolnica kulture\",\"publisher\":{\"@id\":\"https:\/\/ri2020.eu\/it\/#organization\"},\"potentialAction\":[{\"@type\":\"SearchAction\",\"target\":{\"@type\":\"EntryPoint\",\"urlTemplate\":\"https:\/\/ri2020.eu\/it\/?s={search_term_string}\"},\"query-input\":{\"@type\":\"PropertyValueSpecification\",\"valueRequired\":true,\"valueName\":\"search_term_string\"}}],\"inLanguage\":\"it-IT\"},{\"@type\":\"Organization\",\"@id\":\"https:\/\/ri2020.eu\/it\/#organization\",\"name\":\"Rijeka 2020 d.o.o.\",\"url\":\"https:\/\/ri2020.eu\/it\/\",\"logo\":{\"@type\":\"ImageObject\",\"inLanguage\":\"it-IT\",\"@id\":\"https:\/\/ri2020.eu\/it\/#\/schema\/logo\/image\/\",\"url\":\"https:\/\/rijeka2020.eu\/wp-content\/uploads\/2018\/07\/Ri2020-logo.png\",\"contentUrl\":\"https:\/\/rijeka2020.eu\/wp-content\/uploads\/2018\/07\/Ri2020-logo.png\",\"width\":407,\"height\":175,\"caption\":\"Rijeka 2020 d.o.o.\"},\"image\":{\"@id\":\"https:\/\/ri2020.eu\/it\/#\/schema\/logo\/image\/\"},\"sameAs\":[\"https:\/\/www.facebook.com\/rijeka2020\",\"https:\/\/x.com\/Rijeka2020\",\"https:\/\/www.instagram.com\/rijeka2020\/\",\"https:\/\/www.youtube.com\/user\/riepk2020\"]},{\"@type\":\"Person\",\"@id\":\"https:\/\/ri2020.eu\/it\/#\/schema\/person\/9c12d91df8c45bc534f625d9c81f403d\",\"name\":\"Rijeka 2020\",\"url\":\"https:\/\/ri2020.eu\/it\/author\/lsm\/\"}]}<\/script>\n<!-- \/ Yoast SEO plugin. -->","yoast_head_json":{"title":"Il giorno della decisione dello ZAVNOH sull'annessione di Rijeka alla Croazia, sul grattacielo di Rijeka e stato installato il Monumento alla Rijeka Rossa &#8226; Rijeka 2020","robots":{"index":"index","follow":"follow","max-snippet":"max-snippet:-1","max-image-preview":"max-image-preview:large","max-video-preview":"max-video-preview:-1"},"canonical":"https:\/\/ri2020.eu\/it\/il-giorno-della-decisione-dello-zavnoh-sullannessione-di-rijeka-alla-croazia-sul-grattacielo-di-rijeka-e-stato-installato-il-monumento-alla-rijeka-rossa\/","og_locale":"it_IT","og_type":"article","og_title":"Il giorno della decisione dello ZAVNOH sull'annessione di Rijeka alla Croazia, sul grattacielo di Rijeka e stato installato il Monumento alla Rijeka Rossa &#8226; Rijeka 2020","og_description":"Domenica 20 settembre, nell&#8217;ambito del progetto Capitale europea della cultura, \u00e8 stata allestita a Rijeka l&#8217;installazione artistica di Nemanja Cvijanovi\u0107 &#8220;Monumento alla Rijeka rossa &#8211; monumento di autodifesa&#8221;. Si tratta di una scultura a forma di una grande stella partigiana a cinque punte, scartata e dimenticata, in cui sono incastonate 2.800 schegge di vetro, che","og_url":"https:\/\/ri2020.eu\/it\/il-giorno-della-decisione-dello-zavnoh-sullannessione-di-rijeka-alla-croazia-sul-grattacielo-di-rijeka-e-stato-installato-il-monumento-alla-rijeka-rossa\/","og_site_name":"Rijeka 2020","article_publisher":"https:\/\/www.facebook.com\/rijeka2020","article_published_time":"2020-09-22T11:51:12+00:00","og_image":[{"width":1600,"height":1200,"url":"https:\/\/ri2020.eu\/wp-content\/uploads\/2020\/09\/Zvijezda-na-Rijeckom-neboderu_01.jpg","type":"image\/jpeg"}],"author":"Rijeka 2020","twitter_card":"summary_large_image","twitter_creator":"@Rijeka2020","twitter_site":"@Rijeka2020","twitter_misc":{"Written by":"Rijeka 2020","Est. reading time":"5 minutes"},"schema":{"@context":"https:\/\/schema.org","@graph":[{"@type":"Article","@id":"https:\/\/ri2020.eu\/it\/il-giorno-della-decisione-dello-zavnoh-sullannessione-di-rijeka-alla-croazia-sul-grattacielo-di-rijeka-e-stato-installato-il-monumento-alla-rijeka-rossa\/#article","isPartOf":{"@id":"https:\/\/ri2020.eu\/it\/il-giorno-della-decisione-dello-zavnoh-sullannessione-di-rijeka-alla-croazia-sul-grattacielo-di-rijeka-e-stato-installato-il-monumento-alla-rijeka-rossa\/"},"author":{"name":"Rijeka 2020","@id":"https:\/\/ri2020.eu\/it\/#\/schema\/person\/9c12d91df8c45bc534f625d9c81f403d"},"headline":"Il giorno della decisione dello ZAVNOH sull&#8217;annessione di Rijeka alla Croazia, sul grattacielo di Rijeka e stato installato il Monumento alla Rijeka Rossa","datePublished":"2020-09-22T11:51:12+00:00","mainEntityOfPage":{"@id":"https:\/\/ri2020.eu\/it\/il-giorno-della-decisione-dello-zavnoh-sullannessione-di-rijeka-alla-croazia-sul-grattacielo-di-rijeka-e-stato-installato-il-monumento-alla-rijeka-rossa\/"},"wordCount":1139,"publisher":{"@id":"https:\/\/ri2020.eu\/it\/#organization"},"image":{"@id":"https:\/\/ri2020.eu\/it\/il-giorno-della-decisione-dello-zavnoh-sullannessione-di-rijeka-alla-croazia-sul-grattacielo-di-rijeka-e-stato-installato-il-monumento-alla-rijeka-rossa\/#primaryimage"},"thumbnailUrl":"https:\/\/ri2020.eu\/wp-content\/uploads\/2020\/09\/Zvijezda-na-Rijeckom-neboderu_01.jpg","articleSection":["Era del potere","Notizie"],"inLanguage":"it-IT"},{"@type":"WebPage","@id":"https:\/\/ri2020.eu\/it\/il-giorno-della-decisione-dello-zavnoh-sullannessione-di-rijeka-alla-croazia-sul-grattacielo-di-rijeka-e-stato-installato-il-monumento-alla-rijeka-rossa\/","url":"https:\/\/ri2020.eu\/it\/il-giorno-della-decisione-dello-zavnoh-sullannessione-di-rijeka-alla-croazia-sul-grattacielo-di-rijeka-e-stato-installato-il-monumento-alla-rijeka-rossa\/","name":"Il giorno della decisione dello ZAVNOH sull'annessione di Rijeka alla Croazia, sul grattacielo di Rijeka e stato installato il Monumento alla Rijeka Rossa &#8226; Rijeka 2020","isPartOf":{"@id":"https:\/\/ri2020.eu\/it\/#website"},"primaryImageOfPage":{"@id":"https:\/\/ri2020.eu\/it\/il-giorno-della-decisione-dello-zavnoh-sullannessione-di-rijeka-alla-croazia-sul-grattacielo-di-rijeka-e-stato-installato-il-monumento-alla-rijeka-rossa\/#primaryimage"},"image":{"@id":"https:\/\/ri2020.eu\/it\/il-giorno-della-decisione-dello-zavnoh-sullannessione-di-rijeka-alla-croazia-sul-grattacielo-di-rijeka-e-stato-installato-il-monumento-alla-rijeka-rossa\/#primaryimage"},"thumbnailUrl":"https:\/\/ri2020.eu\/wp-content\/uploads\/2020\/09\/Zvijezda-na-Rijeckom-neboderu_01.jpg","datePublished":"2020-09-22T11:51:12+00:00","breadcrumb":{"@id":"https:\/\/ri2020.eu\/it\/il-giorno-della-decisione-dello-zavnoh-sullannessione-di-rijeka-alla-croazia-sul-grattacielo-di-rijeka-e-stato-installato-il-monumento-alla-rijeka-rossa\/#breadcrumb"},"inLanguage":"it-IT","potentialAction":[{"@type":"ReadAction","target":["https:\/\/ri2020.eu\/it\/il-giorno-della-decisione-dello-zavnoh-sullannessione-di-rijeka-alla-croazia-sul-grattacielo-di-rijeka-e-stato-installato-il-monumento-alla-rijeka-rossa\/"]}]},{"@type":"ImageObject","inLanguage":"it-IT","@id":"https:\/\/ri2020.eu\/it\/il-giorno-della-decisione-dello-zavnoh-sullannessione-di-rijeka-alla-croazia-sul-grattacielo-di-rijeka-e-stato-installato-il-monumento-alla-rijeka-rossa\/#primaryimage","url":"https:\/\/ri2020.eu\/wp-content\/uploads\/2020\/09\/Zvijezda-na-Rijeckom-neboderu_01.jpg","contentUrl":"https:\/\/ri2020.eu\/wp-content\/uploads\/2020\/09\/Zvijezda-na-Rijeckom-neboderu_01.jpg","width":1600,"height":1200},{"@type":"BreadcrumbList","@id":"https:\/\/ri2020.eu\/it\/il-giorno-della-decisione-dello-zavnoh-sullannessione-di-rijeka-alla-croazia-sul-grattacielo-di-rijeka-e-stato-installato-il-monumento-alla-rijeka-rossa\/#breadcrumb","itemListElement":[{"@type":"ListItem","position":1,"name":"Home","item":"https:\/\/ri2020.eu\/it\/"},{"@type":"ListItem","position":2,"name":"Il giorno della decisione dello ZAVNOH sull&#8217;annessione di Rijeka alla Croazia, sul grattacielo di Rijeka e stato installato il Monumento alla Rijeka Rossa"}]},{"@type":"WebSite","@id":"https:\/\/ri2020.eu\/it\/#website","url":"https:\/\/ri2020.eu\/it\/","name":"Rijeka 2020","description":"Europska prijestolnica kulture","publisher":{"@id":"https:\/\/ri2020.eu\/it\/#organization"},"potentialAction":[{"@type":"SearchAction","target":{"@type":"EntryPoint","urlTemplate":"https:\/\/ri2020.eu\/it\/?s={search_term_string}"},"query-input":{"@type":"PropertyValueSpecification","valueRequired":true,"valueName":"search_term_string"}}],"inLanguage":"it-IT"},{"@type":"Organization","@id":"https:\/\/ri2020.eu\/it\/#organization","name":"Rijeka 2020 d.o.o.","url":"https:\/\/ri2020.eu\/it\/","logo":{"@type":"ImageObject","inLanguage":"it-IT","@id":"https:\/\/ri2020.eu\/it\/#\/schema\/logo\/image\/","url":"https:\/\/rijeka2020.eu\/wp-content\/uploads\/2018\/07\/Ri2020-logo.png","contentUrl":"https:\/\/rijeka2020.eu\/wp-content\/uploads\/2018\/07\/Ri2020-logo.png","width":407,"height":175,"caption":"Rijeka 2020 d.o.o."},"image":{"@id":"https:\/\/ri2020.eu\/it\/#\/schema\/logo\/image\/"},"sameAs":["https:\/\/www.facebook.com\/rijeka2020","https:\/\/x.com\/Rijeka2020","https:\/\/www.instagram.com\/rijeka2020\/","https:\/\/www.youtube.com\/user\/riepk2020"]},{"@type":"Person","@id":"https:\/\/ri2020.eu\/it\/#\/schema\/person\/9c12d91df8c45bc534f625d9c81f403d","name":"Rijeka 2020","url":"https:\/\/ri2020.eu\/it\/author\/lsm\/"}]}},"_links":{"self":[{"href":"https:\/\/ri2020.eu\/it\/wp-json\/wp\/v2\/posts\/59065","targetHints":{"allow":["GET"]}}],"collection":[{"href":"https:\/\/ri2020.eu\/it\/wp-json\/wp\/v2\/posts"}],"about":[{"href":"https:\/\/ri2020.eu\/it\/wp-json\/wp\/v2\/types\/post"}],"author":[{"embeddable":true,"href":"https:\/\/ri2020.eu\/it\/wp-json\/wp\/v2\/users\/72"}],"replies":[{"embeddable":true,"href":"https:\/\/ri2020.eu\/it\/wp-json\/wp\/v2\/comments?post=59065"}],"version-history":[{"count":2,"href":"https:\/\/ri2020.eu\/it\/wp-json\/wp\/v2\/posts\/59065\/revisions"}],"predecessor-version":[{"id":59067,"href":"https:\/\/ri2020.eu\/it\/wp-json\/wp\/v2\/posts\/59065\/revisions\/59067"}],"wp:featuredmedia":[{"embeddable":true,"href":"https:\/\/ri2020.eu\/it\/wp-json\/wp\/v2\/media\/58941"}],"wp:attachment":[{"href":"https:\/\/ri2020.eu\/it\/wp-json\/wp\/v2\/media?parent=59065"}],"wp:term":[{"taxonomy":"category","embeddable":true,"href":"https:\/\/ri2020.eu\/it\/wp-json\/wp\/v2\/categories?post=59065"},{"taxonomy":"post_tag","embeddable":true,"href":"https:\/\/ri2020.eu\/it\/wp-json\/wp\/v2\/tags?post=59065"}],"curies":[{"name":"wp","href":"https:\/\/api.w.org\/{rel}","templated":true}]}}