{"id":52553,"date":"2020-04-18T13:36:38","date_gmt":"2020-04-18T11:36:38","guid":{"rendered":"https:\/\/rijeka2020.eu\/?p=52553"},"modified":"2020-04-19T01:54:02","modified_gmt":"2020-04-18T23:54:02","slug":"temporanea-interruzione-della-maggiore-parte-delle-attivita-sul-progetto-fiume-capitale-europea-della-cultura-2020","status":"publish","type":"post","link":"https:\/\/ri2020.eu\/it\/temporanea-interruzione-della-maggiore-parte-delle-attivita-sul-progetto-fiume-capitale-europea-della-cultura-2020\/","title":{"rendered":"Temporanea interruzione della maggiore parte delle attivit\u00e0 sul progetto Fiume \u2013 Capitale Europea della cultura 2020"},"content":{"rendered":"<p><strong>FIUME, 17 aprile 2020<\/strong> \u2013 La pandemia causata dal coronavirus ha colpito in modo grave l\u2019intero mondo, cambiando profondamente il modo in cui viviamo e costringendo la gente all\u2019agitazione e alla ritirata, all\u2019isolamento e all\u2019evitazione di contatti sociali. In prima linea, nel lavoro di tutti i governi nazionali e di tutti i livelli di governo sociale si trova la protezione della vita umana e della salute dell&#8217;umanit\u00e0. Indirettamente, le conseguenze di questa pandemia sull&#8217;economia sono incomprensibili, e quindi molte e varie attivit\u00e0 sociali subiscono l&#8217;onere di questa crisi e continueranno a subirle. La cultura non \u00e8 esclusa da questo stato di emergenza, \u00e8 nemmeno il progetto Capitale europea della cultura.<\/p>\n<p>Quello che per ora \u00e8 certo <strong>\u00e8 il fatto che le risorse di bilancio pianificate per l\u2019attuazione del programma CEC saranno diminuite<\/strong> in quanto diminuiscono i redditi dei bilanci pubblici a causa delle misure adottate nel contesto della pandemia causata dal virus. Per questo motivo <strong>\u00e8 stata redatta la proposta di piano per la gestione del progetto CEC nelle condizioni di crisi che include due fasi. <\/strong>Nella prima fase, la societ\u00e0 RIJEKA 2020, istituita per la preparazione e l&#8217;attuazione del programma CEC, continuer\u00e0 a svolgere i compiti necessari con un numero minimo dei dipendenti al fine di pagare gli obblighi legati ai programmi che hanno avuto luogo fino ad adesso e preparare quei programmi che potranno essere organizzati una volta revocate le misure di isolamento. La proposta di questo piano che hanno redatto congiuntamente la societ\u00e0 RIJEKA 2020 e la Citt\u00e0 di Fiume come titolare del progetto Capitale europea della cultura, <strong>\u00e8 stata inviata ieri al Ministero della Cultura e alla Regione litoraneo \u2013 montana. Questa proposta serve come base per ulteriori colloqui sull&#8217;attuazione del progetto.<\/strong><\/p>\n<h2><strong>Una notevole riduzione dei dipendenti e di altri costi della societ\u00e0 RIJEKA 2020<\/strong><\/h2>\n<p>Al fine di evitare la generazione delle perdite della societ\u00e0 <strong>RIJEKA 2020<\/strong> durante il periodo in cui il programma \u00e8 temporaneamente disabilitato,<strong> \u00e8 stata presa la decisione di interrompere la cooperazione con 59 dipendenti, <\/strong>garantendo loro la possibilit\u00e0 di tornare ai posti di lavori esistenti quando saranno create le condizioni e la necessit\u00e0 di svolgere certe attivit\u00e0. Si tratta di un team composto principalmente da persone giovani, intelligenti ed energiche che, durante gli anni di preparazione di questo progetto, hanno acquisito conoscenze specialistiche e una vasta esperienza nel campo del management culturale e delle attivit\u00e0 correlate come finanze, marketing e comunicazione. Sebbene questa misura di risparmio sia temporanea e in vigore fino alla ripresa delle attivit\u00e0 programmatiche, questo \u00e8 un duro colpo causato dalla crisi COVID 19 direttamente al cuore del pi\u00f9 grande progetto culturale europeo e croato.<\/p>\n<p><strong>Emina Vi\u0161ni\u0107<\/strong>, direttrice del progetto CEC, dichiara in quest\u2019occasione:<\/p>\n<blockquote><p>&#8211; <em>Nelle ultime settimane, abbiamo lavorato intensamente per riorganizzare il progetto e rimodellare il programma completo preparato per il 2020, nel contesto della crisi causata dalla pandemia. Insieme alla Citt\u00e0 di Fiume, titolare del programma CEC, abbiamo esaminato diversi scenari e opportunit\u00e0 e redatto una nuova proposta per il piano di attuazione del progetto, che ieri abbiamo inviato ai partner e co-finanziatori principali, il Ministero della Cultura e la Regione litoraneo montana. Il piano \u00e8 composto da due fasi. La prima fase, gi\u00e0 in corso, comprende una serie di misure necessarie per adattarsi alla crisi causata dalla pandemia che ha temporaneamente impedito di svolgere la maggior parte delle attivit\u00e0 legate al progetto CEC. Allo stesso tempo, questa \u00e8 anche la preparazione per la seconda fase, in cui prevediamo di continuare ad attuare parte del programma nel quadro che accorderemo con i nostri partner strategici. Sfortunatamente, siamo stati anche costretti a prendere misure difficili, che non abbiamo potuto evitare. Quindi, viene attuato il processo di riduzione del numero dei dipendenti a un necessario, pi\u00f9 ristretto team, mentre agli altri dipendenti dovr\u00e0 essere assegnato il licenziamento, con la possibilit\u00e0 di tornare al lavoro quando saranno create le condizioni. In questa occasione vorrei esprimere loro la nostra gratitudine e il nostro rispetto. Speriamo che tutti noi velocemente supereremo la crisi insieme e che la maggior parte del nostro personale sar\u00e0 in grado di tornare al lavoro e continuare a lavorare con vigore, insieme ai nostri partner e molti cittadini, sul rimodellato programma CEC. Siamo inoltre in comunicazione con la citt\u00e0 di Galway, che condivide il destino di Fiume, la citt\u00e0 che oltre alla nostra citt\u00e0 \u00e8 stata costretta a sospendere una parte significativa delle sue attivit\u00e0 e a minimizzare ulteriormente il suo team.<\/em><\/p><\/blockquote>\n<p><strong>Solo un numero limitato del personale sar\u00e0 impiegato <\/strong>presso la societ\u00e0 RIJEKA 2020<strong> per completare il lavoro e il pagamento degli obblighi finanziari legati ai programmi e ad altre attivit\u00e0 attuate entro la met\u00e0 del mese di marzo, nonch\u00e9 varie attivit\u00e0 necessarie legali, finanziarie e amministrative<\/strong>. Inoltre, questa composizione pi\u00f9 ristretta <strong>continua a lavorare sui programmi, sulla loro trasformazione e sull\u2019adattamento a nuove condizioni, ovvero sulla preparazione per l&#8217;attuazione quando questo sar\u00e0 possibile. <\/strong>Segue, inoltre, una serie di colloqui con numerosi partner programmatici, artisti e altri collaboratori, al fine di realizzare ulteriormente parte del progetto CEC e mantenere contatti con i partner e le istituzioni europee, continuando nel frattempo a realizzare I progetti dell\u2019UE che sono parte integrante del progetto CEC.<\/p>\n<p><strong>La comunicazione con il pubblico e i media, di seguito, sar\u00e0 organizzata attraverso il Servizio per le relazioni con i media della Citt\u00e0 di Fiume<\/strong>, mentre la societ\u00e0 RIJEKA 2020 pianifica di stabilire collaborazioni necessarie per la produzione di contenuti online per il sito web e le reti sociali del progetto. Finora, nell\u2019ambito del progetto sono stati <strong>ormai iniziati notevoli risparmi<\/strong> sotto forma di cancellazione dei lavori e servizi che non sono necessari nelle nuove circostanze. Inoltre, sono stati interrotti i pagamenti dovuti per contratto con partner esterni per lavori che non possono essere eseguiti durante il periodo in cui \u00e8 stato sospeso lo svolgimento del programma. Le attivit\u00e0 legate alla cooperazione internazionale sono state cancellate. Parte dei vani commerciali \u00e8 stata chiusa e altri costi materiali e generali sono stati ridotti. I risparmi saranno, inoltre, seguiti da misure di riduzione dei salari per il team ristretto dei dipendenti e dirigenti aziendali.<\/p>\n<p><strong>Ivan \u0160arar<\/strong>, a capo del Dipartimento per la cultura della Citt\u00e0 di Fiume dichiara:<\/p>\n<blockquote><p><em>&#8211; <\/em><em>Oltre che nella societ\u00e0 Rijeka 2020, sar\u00e0 sospesa la cooperazione con alcune persone nelle istituzioni culturali della Citt\u00e0 che sono state assunte per l&#8217;attuazione del programma CEC. In quest\u2019occasione, desidero esprimere la mia gratitudine a tutti i membri del team operativo del progetto CEC, capeggiato dalla direttrice, per l&#8217;enorme quantit\u00e0 di lavoro che \u00e8 stato fatto nella preparazione del progetto e nella sua attuazione. Tutti i dipendenti della societ\u00e0 Rijeka2020, nonch\u00e9 i collaboratori delle istituzioni e numerosi collaboratori esterni, con grande sforzo hanno preparato il terreno affinch\u00e9 Fiume diventasse una citt\u00e0 migliore. Abbiamo avuto, e forse non sospettavamo, una breve luna di miele CEC all&#8217;inizio del progetto, abbiamo mostrato la natura intransigente della cultura fiumana, croata ed europea. Purtroppo, adesso non possiamo procedere conforme al piano, ma a causa della conoscenza e dell&#8217;esperienza che abbiamo acquisito negli ultimi anni, sono sicuro che presto avremo l&#8217;opportunit\u00e0 di mostrare cosa possiamo fare.<\/em><\/p><\/blockquote>\n<h2><strong>Obersnel: Noi non rinunciamo al progetto CEC, per\u00f2 dobbiamo percepirlo in un nuovo modo<\/strong><\/h2>\n<p>Vorremmo <strong>ricordarvi che Fiume, come titolare del progetto CEC, ha preparato un programma culturale e artistico, che nel 2020 avrebbe dovuto presentare la cultura croata in Europa, e avvicinare un certo numero di artisti europei e mondiali a Fiume e all&#8217;area pi\u00f9 ampia della Regione litoraneo &#8211; montana e avvicinare l&#8217;attuale cultura europea al pubblico domestico. <\/strong>Basato su sette linee programmatiche, il progetto Fiume CEC nei programmi preparati porta messaggi sull&#8217;accettazione della diversit\u00e0, sulla necessit\u00e0 di uno scontro coraggioso con periodi di potere e temi storici fiumani ed europei, e guarda al futuro di Fiume e dell\u2019Europa. Attraverso singoli programmi, viene anche considerato il futuro del lavoro nel periodo di rapidi cambiamenti e nuove tecnologie, e il progetto ha anche offerto nuove soluzioni architettoniche temporanee vicino al mare e al fiume Rje\u010dina, la cui idea \u00e8 quella di rivivere spazi abbandonati e intoccabili nel centro cittadino attraverso una trasformazione temporanea. Per bambini sono stati pianificati teatri, mostre, festival, laboratori creativi e altri eventi. Nell&#8217;area pi\u00f9 ampia della Regione litoraneo montana sono state attivate 27 comunit\u00e0 dei cittadini e abitanti, che hanno preparato i loro programmi e avviato la collaborazione con 27 citt\u00e0, comuni e organizzazioni europee. Nell&#8217;area del Quarnero, con la creazione di opere d&#8217;arte permanenti, \u00e8 previsto un percorso turistico e culturale della Capitale europea della cultura. Tuttavia, tutti questi programmi sono temporaneamente fermi e la decisione su cosa si pu\u00f2 fare e quando e in quale forma potr\u00e0 essere realizzato \u00e8 ancora in attesa.<\/p>\n<p><strong>Vojko Obersnel<\/strong>, il sindaco di Fiume, la prima citt\u00e0 croata titolare del progetto Capitale europea della cultura, in relazione con questa situazione e le misure prese ha comunicato:<\/p>\n<blockquote><p>&#8211; <em>Siamo fermati nel momento in cui nel campo della cultura e dell&#8217;arte dobbiamo ancora dimostrare pienamente il nostro legame con la ricchezza della diversit\u00e0 e l&#8217;unit\u00e0 con l&#8217;Europa nei messaggi di accettazione, libert\u00e0 e apertura. Purtroppo, al posto della cultura e delle manifestazioni che dovrebbero portare l&#8217;ampiezza della vista dal Porto della diversit\u00e0, la pandemia causata dal virus che ha paralizzato il mondo, ha preso il ruolo principale. Siamo costretti a prendere decisioni dolorose, ma esse rappresentano attualmente l&#8217;unico comportamento possibile nel monitoraggio responsabile di questa crisi. Non abbiamo rinunciato e non rinunciamo al progetto CEC, pertanto dobbiamo considerarlo in un nuovo modo. In questo contesto, vorrei ricordare l&#8217;idea originale con cui Fiume ha accesso alla candidatura e ha vinto il titolo CEC per l&#8217;eredit\u00e0 inestimabile del progetto, che non si manifesta solo nelle strutture infrastrutturali. Le conoscenze, le competenze, l&#8217;impegno e gli sforzi di tutti i membri del team della societ\u00e0 Rijeka 2020 sono assolutamente preziosi e notevoli e tanto pi\u00f9 difficile la decisione che ho dovuto prendere, ma spero e credo che tutti i membri del team attuale che sono pronti per l&#8217;ulteriore cooperazione, saranno nuovamente invitati al progetto quando le circostanze consentono la realizzazione di parte del programma.<\/em><\/p><\/blockquote>\n<h2><strong>Program rivisto, l\u2019arco temporale e il quadro finanziario della realizzazione \u2013 per ora sconosciuti<\/strong><\/h2>\n<p>Viste le circostanze straordinarie che hanno fermato l&#8217;attuazione del programma CEC, il sindaco di Fiume ha deciso a marzo di istituire un organo programmatico incaricato di rivedere il programma complessivo e di comunicare con i partner coinvolti nell&#8217;attuazione del progetto. \u00c8 stata eseguita un&#8217;analisi del programma complessivo, sono stati definiti gli obiettivi e i criteri del programma, nonch\u00e9 un elenco indicativo dei programmi che potrebbero essere realizzati e nuovi piani finanziari. Tuttavia,<strong> il quadro finanziario deve ancora essere concordato con i principali co-finanziatori, la Citt\u00e0 di Fiume, il Ministero della Cultura e la Regione litoraneo montana, e il calendario dovrebbe essere adattato alle misure epidemiologiche del Comando nazionale e regionale della protezione civile.<\/strong><\/p>\n<p>Sostanzialmente, <strong>i criteri in base ai quali il programma si adatta sono tecnici e tematici<\/strong>. In questo senso, sono state prese in considerazione la fattibilit\u00e0 dei singoli programmi e i livelli di fondi finora investiti nella preparazione, ovvero il grado di preparazione dei singoli programmi per la realizzazione. I programmi tematici sono stati affrontati attraverso la prospettiva dell&#8217;eredit\u00e0 che portano in termini di eredit\u00e0 materiale o immateriale del progetto CEC, in particolare per quanto riguarda il lavoro con i cittadini di Fiume e gli abitanti attraverso la Regione litoraneo montana. Inoltre, viene considerata particolarmente l&#8217;importanza dei singoli programmi per il mantenimento della scena culturale domestica, ovvero i programmi che coinvolgono artisti indipendenti domestici, produzioni da associazioni culturali, organizzazioni artistiche e attori nelle industrie culturali e creative, che sono maggiormente colpiti da questa crisi. Nello stesso modo, \u00e8 stata presa in considerazione l&#8217;importanza del lavoro delle istituzioni culturali locali e l&#8217;importanza dei programmi per i messaggi generali del progetto CEC e il loro potenziale per creare un&#8217;atmosfera positiva nella societ\u00e0 e il loro contributo al collegamento della gente dopo l&#8217;isolamento e le misure epidemiologiche.<\/p>\n<p><strong>Emina Vi\u0161ni\u0107<\/strong>, direttrice del progetto CEC, ha detto di questa parte del lavoro:<\/p>\n<blockquote><p><em>&#8211; \u00c8 molto difficile, dopo anni di un\u2019attenta pianificazione e progettazione di un progetto cos\u00ec impegnativo, fare una revisione completa di tutto in solo poche settimane, per affrontare il fatto che alcuni programmi non potranno mai essere realizzati, cos\u00ec come l&#8217;incertezza per quanto riguarda le possibilit\u00e0 e i tempi di realizzazione di molti altri programmi. Abbiamo fatto il meglio che potevamo, tenendo anche conto del fatto che, preservando certi programmi, preserviamo anche la scena culturale domestica e la produzione creativa domestica. In questo momento, questa \u00e8 una delle nostre responsabilit\u00e0 nella situazione che sta accadendo. Attraverso la revisione del programma, oltre alla cancellazione di alcune parti, abbiamo anche offerto la possibilit\u00e0 di introdurre nuovi programmi che saranno tematicamente correlati alla crisi del COVID 19, perch\u00e9 se qualcuno, quindi la cultura e l&#8217;arte hanno il potenziale per anticipare una nuova era in arrivo dopo questa epidemia e offrire una prospettiva su nuovi modi di stabilire relazioni sociali. \u00c8 fondamentale rendersi conto ora che il progetto CEC, sebbene possa non raggiungere tutti gli obiettivi previsti, pu\u00f2 certamente svolgere un ruolo significativo concentrandosi sugli impatti sociali del progetto, sulla comunit\u00e0 locale e sulla scena culturale locale. Allo stesso tempo, non si deve trascurare il fatto che il progetto CEC pu\u00f2 avere un ruolo importante per il turismo croato, offrendo contenuti e messaggi che aiuteranno a tornare visitatori nelle nostre citt\u00e0, alla nostra costa e isole. Infine, anche se il mantenimento della dimensione europea del progetto sia molto aggravato, spero che le istituzioni dell&#8217;Unione europea riconoscano l&#8217;importanza non solo del progetto CEC, ma della cooperazione culturale europea in generale, come promotore del risveglio del senso di appartenenza alla cittadinanza e solidariet\u00e0 europea, di cui avremo molto bisogno una volta che la pandemia sar\u00e0 in ritiro e a tal fine fornire misure finanziarie specifiche.<\/em><\/p><\/blockquote>\n<h2><strong>La dimensione europea del progetto <\/strong><\/h2>\n<p>Oltre all\u2019ulteriore lavoro sul progetto al fine di mantenere parte del programma durante il 2020, quando consentito dalle misure antivirus, <strong>Fiume, in comunicazione con la citt\u00e0 irlandese Galway, ha lasciato aperta la possibilit\u00e0 di realizzare parte del programma nel 2021<\/strong>, parallelamente ai programmi di altre capitali.<\/p>\n<p>Tuttavia, <strong>le istituzioni dell\u2019UE devono assumere un atteggiamento formale al riguardo<\/strong>, poich\u00e9 non si tratta solo di una questione tecnica dell\u2019estensione di tempo, ma anche della questione di mantenere la dimensione europea del progetto nelle condizioni in cui non \u00e8 possibile viaggiare e nel contesto di una probabile riduzione dei bilanci nazionali per i programmi di entrambe le citt\u00e0 titolari del programma CEC nel 2020. In tal senso, <strong>sarebbe necessario che le istituzioni europee creino incentivi per la cooperazione culturale a livello europeo<\/strong> se questi progetti devono mantenere una forte dimensione europea. Dobbiamo tenere conto che i progetti CEC a livello culturale contribuiscono maggiormente a rafforzare l&#8217;identit\u00e0 europea, al senso di appartenenza e alla solidariet\u00e0 a livello europeo e questi valori saranno importanti per superare le numerose conseguenze sociali della crisi.<\/p>\n<p>Alla luce di quanto sopra, <strong>il pubblico sar\u00e0 informato tramite i media di ogni ulteriore decisione e piano strategico in merito all&#8217;ulteriore sviluppo del progetto Fiume CEC.<\/strong><\/p>\n","protected":false},"excerpt":{"rendered":"<p>FIUME, 17 aprile 2020 \u2013 La pandemia causata dal coronavirus ha colpito in modo grave l\u2019intero mondo, cambiando profondamente il modo in cui viviamo e costringendo la gente all\u2019agitazione e alla ritirata, all\u2019isolamento e all\u2019evitazione di contatti sociali. In prima linea, nel lavoro di tutti i governi nazionali e di tutti i livelli di governo<\/p>\n","protected":false},"author":72,"featured_media":44031,"comment_status":"closed","ping_status":"closed","sticky":false,"template":"","format":"standard","meta":{"_acf_changed":false,"footnotes":""},"categories":[4061],"tags":[],"class_list":["post-52553","post","type-post","status-publish","format-standard","has-post-thumbnail","hentry","category-notizie"],"acf":[],"yoast_head":"<!-- This site is optimized with the Yoast SEO plugin v26.8 - https:\/\/yoast.com\/product\/yoast-seo-wordpress\/ -->\n<title>Temporanea interruzione della maggiore parte delle attivit\u00e0 sul progetto Fiume \u2013 Capitale Europea della cultura 2020 &#8226; Rijeka 2020<\/title>\n<meta name=\"description\" content=\"Non rinunciamo al progetto Capitale europea della cultura, per\u00f2 dobbiamo adattarlo alle nuove circostanze\" \/>\n<meta name=\"robots\" content=\"index, follow, max-snippet:-1, max-image-preview:large, max-video-preview:-1\" \/>\n<link rel=\"canonical\" href=\"https:\/\/ri2020.eu\/it\/temporanea-interruzione-della-maggiore-parte-delle-attivita-sul-progetto-fiume-capitale-europea-della-cultura-2020\/\" \/>\n<meta property=\"og:locale\" content=\"it_IT\" \/>\n<meta property=\"og:type\" content=\"article\" \/>\n<meta property=\"og:title\" content=\"Temporanea interruzione della maggiore parte delle attivit\u00e0 sul progetto Fiume \u2013 Capitale Europea della cultura 2020 &#8226; Rijeka 2020\" \/>\n<meta property=\"og:description\" content=\"Non rinunciamo al progetto Capitale europea della cultura, per\u00f2 dobbiamo adattarlo alle nuove circostanze\" \/>\n<meta property=\"og:url\" content=\"https:\/\/ri2020.eu\/it\/temporanea-interruzione-della-maggiore-parte-delle-attivita-sul-progetto-fiume-capitale-europea-della-cultura-2020\/\" \/>\n<meta property=\"og:site_name\" content=\"Rijeka 2020\" \/>\n<meta property=\"article:publisher\" content=\"https:\/\/www.facebook.com\/rijeka2020\" \/>\n<meta property=\"article:published_time\" content=\"2020-04-18T11:36:38+00:00\" \/>\n<meta property=\"article:modified_time\" content=\"2020-04-18T23:54:02+00:00\" \/>\n<meta property=\"og:image\" content=\"https:\/\/rijeka2020.eu\/wp-content\/uploads\/2019\/12\/Rijeka2-1024x576.jpg\" \/>\n\t<meta property=\"og:image:width\" content=\"1024\" \/>\n\t<meta property=\"og:image:height\" content=\"576\" \/>\n\t<meta property=\"og:image:type\" content=\"image\/jpeg\" \/>\n<meta name=\"author\" content=\"Rijeka 2020\" \/>\n<meta name=\"twitter:card\" content=\"summary_large_image\" \/>\n<meta name=\"twitter:creator\" content=\"@Rijeka2020\" \/>\n<meta name=\"twitter:site\" content=\"@Rijeka2020\" \/>\n<meta name=\"twitter:label1\" content=\"Written by\" \/>\n\t<meta name=\"twitter:data1\" content=\"Rijeka 2020\" \/>\n\t<meta name=\"twitter:label2\" content=\"Est. reading time\" \/>\n\t<meta name=\"twitter:data2\" content=\"12 minutes\" \/>\n<script type=\"application\/ld+json\" class=\"yoast-schema-graph\">{\"@context\":\"https:\/\/schema.org\",\"@graph\":[{\"@type\":\"Article\",\"@id\":\"https:\/\/ri2020.eu\/it\/temporanea-interruzione-della-maggiore-parte-delle-attivita-sul-progetto-fiume-capitale-europea-della-cultura-2020\/#article\",\"isPartOf\":{\"@id\":\"https:\/\/ri2020.eu\/it\/temporanea-interruzione-della-maggiore-parte-delle-attivita-sul-progetto-fiume-capitale-europea-della-cultura-2020\/\"},\"author\":{\"name\":\"Rijeka 2020\",\"@id\":\"https:\/\/rijeka2020.eu\/en\/#\/schema\/person\/9c12d91df8c45bc534f625d9c81f403d\"},\"headline\":\"Temporanea interruzione della maggiore parte delle attivit\u00e0 sul progetto Fiume \u2013 Capitale Europea della cultura 2020\",\"datePublished\":\"2020-04-18T11:36:38+00:00\",\"dateModified\":\"2020-04-18T23:54:02+00:00\",\"mainEntityOfPage\":{\"@id\":\"https:\/\/ri2020.eu\/it\/temporanea-interruzione-della-maggiore-parte-delle-attivita-sul-progetto-fiume-capitale-europea-della-cultura-2020\/\"},\"wordCount\":2522,\"publisher\":{\"@id\":\"https:\/\/rijeka2020.eu\/en\/#organization\"},\"image\":{\"@id\":\"https:\/\/ri2020.eu\/it\/temporanea-interruzione-della-maggiore-parte-delle-attivita-sul-progetto-fiume-capitale-europea-della-cultura-2020\/#primaryimage\"},\"thumbnailUrl\":\"https:\/\/ri2020.eu\/wp-content\/uploads\/2019\/12\/Rijeka2.jpg\",\"articleSection\":[\"Notizie\"],\"inLanguage\":\"it-IT\"},{\"@type\":\"WebPage\",\"@id\":\"https:\/\/ri2020.eu\/it\/temporanea-interruzione-della-maggiore-parte-delle-attivita-sul-progetto-fiume-capitale-europea-della-cultura-2020\/\",\"url\":\"https:\/\/ri2020.eu\/it\/temporanea-interruzione-della-maggiore-parte-delle-attivita-sul-progetto-fiume-capitale-europea-della-cultura-2020\/\",\"name\":\"Temporanea interruzione della maggiore parte delle attivit\u00e0 sul progetto Fiume \u2013 Capitale Europea della cultura 2020 &#8226; Rijeka 2020\",\"isPartOf\":{\"@id\":\"https:\/\/rijeka2020.eu\/en\/#website\"},\"primaryImageOfPage\":{\"@id\":\"https:\/\/ri2020.eu\/it\/temporanea-interruzione-della-maggiore-parte-delle-attivita-sul-progetto-fiume-capitale-europea-della-cultura-2020\/#primaryimage\"},\"image\":{\"@id\":\"https:\/\/ri2020.eu\/it\/temporanea-interruzione-della-maggiore-parte-delle-attivita-sul-progetto-fiume-capitale-europea-della-cultura-2020\/#primaryimage\"},\"thumbnailUrl\":\"https:\/\/ri2020.eu\/wp-content\/uploads\/2019\/12\/Rijeka2.jpg\",\"datePublished\":\"2020-04-18T11:36:38+00:00\",\"dateModified\":\"2020-04-18T23:54:02+00:00\",\"description\":\"Non rinunciamo al progetto Capitale europea della cultura, per\u00f2 dobbiamo adattarlo alle nuove circostanze\",\"breadcrumb\":{\"@id\":\"https:\/\/ri2020.eu\/it\/temporanea-interruzione-della-maggiore-parte-delle-attivita-sul-progetto-fiume-capitale-europea-della-cultura-2020\/#breadcrumb\"},\"inLanguage\":\"it-IT\",\"potentialAction\":[{\"@type\":\"ReadAction\",\"target\":[\"https:\/\/ri2020.eu\/it\/temporanea-interruzione-della-maggiore-parte-delle-attivita-sul-progetto-fiume-capitale-europea-della-cultura-2020\/\"]}]},{\"@type\":\"ImageObject\",\"inLanguage\":\"it-IT\",\"@id\":\"https:\/\/ri2020.eu\/it\/temporanea-interruzione-della-maggiore-parte-delle-attivita-sul-progetto-fiume-capitale-europea-della-cultura-2020\/#primaryimage\",\"url\":\"https:\/\/ri2020.eu\/wp-content\/uploads\/2019\/12\/Rijeka2.jpg\",\"contentUrl\":\"https:\/\/ri2020.eu\/wp-content\/uploads\/2019\/12\/Rijeka2.jpg\",\"width\":2048,\"height\":1152},{\"@type\":\"BreadcrumbList\",\"@id\":\"https:\/\/ri2020.eu\/it\/temporanea-interruzione-della-maggiore-parte-delle-attivita-sul-progetto-fiume-capitale-europea-della-cultura-2020\/#breadcrumb\",\"itemListElement\":[{\"@type\":\"ListItem\",\"position\":1,\"name\":\"Home\",\"item\":\"https:\/\/rijeka2020.eu\/it\/\"},{\"@type\":\"ListItem\",\"position\":2,\"name\":\"Temporanea interruzione della maggiore parte delle attivit\u00e0 sul progetto Fiume \u2013 Capitale Europea della cultura 2020\"}]},{\"@type\":\"WebSite\",\"@id\":\"https:\/\/rijeka2020.eu\/en\/#website\",\"url\":\"https:\/\/rijeka2020.eu\/en\/\",\"name\":\"Rijeka 2020\",\"description\":\"Europska prijestolnica kulture\",\"publisher\":{\"@id\":\"https:\/\/rijeka2020.eu\/en\/#organization\"},\"potentialAction\":[{\"@type\":\"SearchAction\",\"target\":{\"@type\":\"EntryPoint\",\"urlTemplate\":\"https:\/\/rijeka2020.eu\/en\/?s={search_term_string}\"},\"query-input\":{\"@type\":\"PropertyValueSpecification\",\"valueRequired\":true,\"valueName\":\"search_term_string\"}}],\"inLanguage\":\"it-IT\"},{\"@type\":\"Organization\",\"@id\":\"https:\/\/rijeka2020.eu\/en\/#organization\",\"name\":\"Rijeka 2020 d.o.o.\",\"url\":\"https:\/\/rijeka2020.eu\/en\/\",\"logo\":{\"@type\":\"ImageObject\",\"inLanguage\":\"it-IT\",\"@id\":\"https:\/\/rijeka2020.eu\/en\/#\/schema\/logo\/image\/\",\"url\":\"https:\/\/rijeka2020.eu\/wp-content\/uploads\/2018\/07\/Ri2020-logo.png\",\"contentUrl\":\"https:\/\/rijeka2020.eu\/wp-content\/uploads\/2018\/07\/Ri2020-logo.png\",\"width\":407,\"height\":175,\"caption\":\"Rijeka 2020 d.o.o.\"},\"image\":{\"@id\":\"https:\/\/rijeka2020.eu\/en\/#\/schema\/logo\/image\/\"},\"sameAs\":[\"https:\/\/www.facebook.com\/rijeka2020\",\"https:\/\/x.com\/Rijeka2020\",\"https:\/\/www.instagram.com\/rijeka2020\/\",\"https:\/\/www.youtube.com\/user\/riepk2020\"]},{\"@type\":\"Person\",\"@id\":\"https:\/\/rijeka2020.eu\/en\/#\/schema\/person\/9c12d91df8c45bc534f625d9c81f403d\",\"name\":\"Rijeka 2020\",\"url\":\"https:\/\/ri2020.eu\/it\/author\/lsm\/\"}]}<\/script>\n<!-- \/ Yoast SEO plugin. -->","yoast_head_json":{"title":"Temporanea interruzione della maggiore parte delle attivit\u00e0 sul progetto Fiume \u2013 Capitale Europea della cultura 2020 &#8226; Rijeka 2020","description":"Non rinunciamo al progetto Capitale europea della cultura, per\u00f2 dobbiamo adattarlo alle nuove circostanze","robots":{"index":"index","follow":"follow","max-snippet":"max-snippet:-1","max-image-preview":"max-image-preview:large","max-video-preview":"max-video-preview:-1"},"canonical":"https:\/\/ri2020.eu\/it\/temporanea-interruzione-della-maggiore-parte-delle-attivita-sul-progetto-fiume-capitale-europea-della-cultura-2020\/","og_locale":"it_IT","og_type":"article","og_title":"Temporanea interruzione della maggiore parte delle attivit\u00e0 sul progetto Fiume \u2013 Capitale Europea della cultura 2020 &#8226; Rijeka 2020","og_description":"Non rinunciamo al progetto Capitale europea della cultura, per\u00f2 dobbiamo adattarlo alle nuove circostanze","og_url":"https:\/\/ri2020.eu\/it\/temporanea-interruzione-della-maggiore-parte-delle-attivita-sul-progetto-fiume-capitale-europea-della-cultura-2020\/","og_site_name":"Rijeka 2020","article_publisher":"https:\/\/www.facebook.com\/rijeka2020","article_published_time":"2020-04-18T11:36:38+00:00","article_modified_time":"2020-04-18T23:54:02+00:00","og_image":[{"width":1024,"height":576,"url":"https:\/\/rijeka2020.eu\/wp-content\/uploads\/2019\/12\/Rijeka2-1024x576.jpg","type":"image\/jpeg"}],"author":"Rijeka 2020","twitter_card":"summary_large_image","twitter_creator":"@Rijeka2020","twitter_site":"@Rijeka2020","twitter_misc":{"Written by":"Rijeka 2020","Est. reading time":"12 minutes"},"schema":{"@context":"https:\/\/schema.org","@graph":[{"@type":"Article","@id":"https:\/\/ri2020.eu\/it\/temporanea-interruzione-della-maggiore-parte-delle-attivita-sul-progetto-fiume-capitale-europea-della-cultura-2020\/#article","isPartOf":{"@id":"https:\/\/ri2020.eu\/it\/temporanea-interruzione-della-maggiore-parte-delle-attivita-sul-progetto-fiume-capitale-europea-della-cultura-2020\/"},"author":{"name":"Rijeka 2020","@id":"https:\/\/rijeka2020.eu\/en\/#\/schema\/person\/9c12d91df8c45bc534f625d9c81f403d"},"headline":"Temporanea interruzione della maggiore parte delle attivit\u00e0 sul progetto Fiume \u2013 Capitale Europea della cultura 2020","datePublished":"2020-04-18T11:36:38+00:00","dateModified":"2020-04-18T23:54:02+00:00","mainEntityOfPage":{"@id":"https:\/\/ri2020.eu\/it\/temporanea-interruzione-della-maggiore-parte-delle-attivita-sul-progetto-fiume-capitale-europea-della-cultura-2020\/"},"wordCount":2522,"publisher":{"@id":"https:\/\/rijeka2020.eu\/en\/#organization"},"image":{"@id":"https:\/\/ri2020.eu\/it\/temporanea-interruzione-della-maggiore-parte-delle-attivita-sul-progetto-fiume-capitale-europea-della-cultura-2020\/#primaryimage"},"thumbnailUrl":"https:\/\/ri2020.eu\/wp-content\/uploads\/2019\/12\/Rijeka2.jpg","articleSection":["Notizie"],"inLanguage":"it-IT"},{"@type":"WebPage","@id":"https:\/\/ri2020.eu\/it\/temporanea-interruzione-della-maggiore-parte-delle-attivita-sul-progetto-fiume-capitale-europea-della-cultura-2020\/","url":"https:\/\/ri2020.eu\/it\/temporanea-interruzione-della-maggiore-parte-delle-attivita-sul-progetto-fiume-capitale-europea-della-cultura-2020\/","name":"Temporanea interruzione della maggiore parte delle attivit\u00e0 sul progetto Fiume \u2013 Capitale Europea della cultura 2020 &#8226; Rijeka 2020","isPartOf":{"@id":"https:\/\/rijeka2020.eu\/en\/#website"},"primaryImageOfPage":{"@id":"https:\/\/ri2020.eu\/it\/temporanea-interruzione-della-maggiore-parte-delle-attivita-sul-progetto-fiume-capitale-europea-della-cultura-2020\/#primaryimage"},"image":{"@id":"https:\/\/ri2020.eu\/it\/temporanea-interruzione-della-maggiore-parte-delle-attivita-sul-progetto-fiume-capitale-europea-della-cultura-2020\/#primaryimage"},"thumbnailUrl":"https:\/\/ri2020.eu\/wp-content\/uploads\/2019\/12\/Rijeka2.jpg","datePublished":"2020-04-18T11:36:38+00:00","dateModified":"2020-04-18T23:54:02+00:00","description":"Non rinunciamo al progetto Capitale europea della cultura, per\u00f2 dobbiamo adattarlo alle nuove circostanze","breadcrumb":{"@id":"https:\/\/ri2020.eu\/it\/temporanea-interruzione-della-maggiore-parte-delle-attivita-sul-progetto-fiume-capitale-europea-della-cultura-2020\/#breadcrumb"},"inLanguage":"it-IT","potentialAction":[{"@type":"ReadAction","target":["https:\/\/ri2020.eu\/it\/temporanea-interruzione-della-maggiore-parte-delle-attivita-sul-progetto-fiume-capitale-europea-della-cultura-2020\/"]}]},{"@type":"ImageObject","inLanguage":"it-IT","@id":"https:\/\/ri2020.eu\/it\/temporanea-interruzione-della-maggiore-parte-delle-attivita-sul-progetto-fiume-capitale-europea-della-cultura-2020\/#primaryimage","url":"https:\/\/ri2020.eu\/wp-content\/uploads\/2019\/12\/Rijeka2.jpg","contentUrl":"https:\/\/ri2020.eu\/wp-content\/uploads\/2019\/12\/Rijeka2.jpg","width":2048,"height":1152},{"@type":"BreadcrumbList","@id":"https:\/\/ri2020.eu\/it\/temporanea-interruzione-della-maggiore-parte-delle-attivita-sul-progetto-fiume-capitale-europea-della-cultura-2020\/#breadcrumb","itemListElement":[{"@type":"ListItem","position":1,"name":"Home","item":"https:\/\/rijeka2020.eu\/it\/"},{"@type":"ListItem","position":2,"name":"Temporanea interruzione della maggiore parte delle attivit\u00e0 sul progetto Fiume \u2013 Capitale Europea della cultura 2020"}]},{"@type":"WebSite","@id":"https:\/\/rijeka2020.eu\/en\/#website","url":"https:\/\/rijeka2020.eu\/en\/","name":"Rijeka 2020","description":"Europska prijestolnica kulture","publisher":{"@id":"https:\/\/rijeka2020.eu\/en\/#organization"},"potentialAction":[{"@type":"SearchAction","target":{"@type":"EntryPoint","urlTemplate":"https:\/\/rijeka2020.eu\/en\/?s={search_term_string}"},"query-input":{"@type":"PropertyValueSpecification","valueRequired":true,"valueName":"search_term_string"}}],"inLanguage":"it-IT"},{"@type":"Organization","@id":"https:\/\/rijeka2020.eu\/en\/#organization","name":"Rijeka 2020 d.o.o.","url":"https:\/\/rijeka2020.eu\/en\/","logo":{"@type":"ImageObject","inLanguage":"it-IT","@id":"https:\/\/rijeka2020.eu\/en\/#\/schema\/logo\/image\/","url":"https:\/\/rijeka2020.eu\/wp-content\/uploads\/2018\/07\/Ri2020-logo.png","contentUrl":"https:\/\/rijeka2020.eu\/wp-content\/uploads\/2018\/07\/Ri2020-logo.png","width":407,"height":175,"caption":"Rijeka 2020 d.o.o."},"image":{"@id":"https:\/\/rijeka2020.eu\/en\/#\/schema\/logo\/image\/"},"sameAs":["https:\/\/www.facebook.com\/rijeka2020","https:\/\/x.com\/Rijeka2020","https:\/\/www.instagram.com\/rijeka2020\/","https:\/\/www.youtube.com\/user\/riepk2020"]},{"@type":"Person","@id":"https:\/\/rijeka2020.eu\/en\/#\/schema\/person\/9c12d91df8c45bc534f625d9c81f403d","name":"Rijeka 2020","url":"https:\/\/ri2020.eu\/it\/author\/lsm\/"}]}},"_links":{"self":[{"href":"https:\/\/ri2020.eu\/it\/wp-json\/wp\/v2\/posts\/52553","targetHints":{"allow":["GET"]}}],"collection":[{"href":"https:\/\/ri2020.eu\/it\/wp-json\/wp\/v2\/posts"}],"about":[{"href":"https:\/\/ri2020.eu\/it\/wp-json\/wp\/v2\/types\/post"}],"author":[{"embeddable":true,"href":"https:\/\/ri2020.eu\/it\/wp-json\/wp\/v2\/users\/72"}],"replies":[{"embeddable":true,"href":"https:\/\/ri2020.eu\/it\/wp-json\/wp\/v2\/comments?post=52553"}],"version-history":[{"count":1,"href":"https:\/\/ri2020.eu\/it\/wp-json\/wp\/v2\/posts\/52553\/revisions"}],"predecessor-version":[{"id":52554,"href":"https:\/\/ri2020.eu\/it\/wp-json\/wp\/v2\/posts\/52553\/revisions\/52554"}],"wp:featuredmedia":[{"embeddable":true,"href":"https:\/\/ri2020.eu\/it\/wp-json\/wp\/v2\/media\/44031"}],"wp:attachment":[{"href":"https:\/\/ri2020.eu\/it\/wp-json\/wp\/v2\/media?parent=52553"}],"wp:term":[{"taxonomy":"category","embeddable":true,"href":"https:\/\/ri2020.eu\/it\/wp-json\/wp\/v2\/categories?post=52553"},{"taxonomy":"post_tag","embeddable":true,"href":"https:\/\/ri2020.eu\/it\/wp-json\/wp\/v2\/tags?post=52553"}],"curies":[{"name":"wp","href":"https:\/\/api.w.org\/{rel}","templated":true}]}}