{"id":52427,"date":"2020-03-12T17:42:19","date_gmt":"2020-03-12T16:42:19","guid":{"rendered":"https:\/\/rijeka2020.eu\/kulturno-umjetnicki-programi-epk-najavljeni-za-ozujak-i-prvu-polovicu-travnja-odgadaju-se-do-daljnjeg\/"},"modified":"2020-03-16T13:40:55","modified_gmt":"2020-03-16T12:40:55","slug":"i-programmi-artistico-culturali-della-capitale-europea-della-cultura-annunciati-per-marzo-e-la-prima-meta-di-aprile-vengono-rinviati-a-data-da-destinarsi","status":"publish","type":"post","link":"https:\/\/ri2020.eu\/it\/i-programmi-artistico-culturali-della-capitale-europea-della-cultura-annunciati-per-marzo-e-la-prima-meta-di-aprile-vengono-rinviati-a-data-da-destinarsi\/","title":{"rendered":"I programmi artistico-culturali della Capitale Europea della cultura annunciati per marzo e la prima met\u00e0 di aprile vengono rinviati a data da destinarsi"},"content":{"rendered":"<p>Visto l&#8217;evolversi della situazione inerente al diffondersi del coronavirus e mettendo al primo posto la tutela della salute dei cittadini, Rijeka 2020, in accordo con i suoi partner, ha deciso di cancellare tutti gli eventi fino al 14 aprile prossimo, indifferentemente dal numero di persone che avrebbero presenziato all&#8217;evento.<\/p>\n<p>Inoltre, <strong>i vani del RiHub, che nell&#8217;ambito del progetto CEC \u00a0sono stati adibiti a conferenze, laboratori e simili, vengono chiusi a data da destinarsi per questo tipo di evento, ma rimangono aperti al pubblico come punto informativo del progetto e dei programmi CEC e come vano\u00a0 coworking e locale in cui si possono acquistare i souvenir di Fiume 2020.<\/strong><\/p>\n<p>Prendendo in considerazione la responsabilit\u00e0 verso il pubblico, la comunit\u00e0 locale e i visitatori provenienti dal resto del Paese, <strong>entro la met\u00e0 di aprile verr\u00e0 deciso riguardo agli altri eventi annunciati per la seconda met\u00e0 di aprile e il mese di maggio. <\/strong>In conformit\u00e0 alle misure future per la tutela della cittadinanza dal corona virus, verr\u00e0 valutata la possibilit\u00e0 di organizzare gli eventi cancellati pi\u00f9 tardi nel corso dell&#8217;anno, come pure l&#8217;eventuale possibilit\u00e0 di disdire completamente quei programmi che per forza di cose non possono venir rinviati.<\/p>\n<blockquote><p>Gli amanti della cultura desiderano inevitabilmente partecipare e godere appieno negli eventi culturali in modo spensierato e senza paura<\/p><\/blockquote>\n<p>\u2013 ha sottolineato la direttrice di RIJEKA 2020 Emina Vi\u0161ni\u0107, aggiungendo che:<\/p>\n<blockquote><p>\u00a0Siamo coscienti che a causa delle varie misure cautelari che vengono prese in questi giorni, ma anche per motivi personali legati alla coscienza e alla responsabilit\u00e0 delle persone riguardo a quest&#8217;epidemia, molti cittadini e visitatori non possono partecipare senza esitazione ai programmi CEC. Per questo motivo abbiamo deciso di rinviare gli eventi al momento in cui non ci sar\u00e0 pi\u00f9 pericolo di diffusione del corona virus. In questo modo desideriamo rendere possibile a tutti di seguire e partecipare serenamente ai programmi CEC, senza paura per l&#8217;incombenza dell&#8217;epidemia presente in questi giorni.<\/p><\/blockquote>\n<p>In questo momento i rinvii riguardano tutti gli eventi annunciati per il mese di marzo e la prima met\u00e0 di aprile. Considerando l&#8217;evolversi della situazione e dopo attenti accordi con i partner al progetto CEC, <strong>il pubblico verr\u00e0 informato tramite i media riguardo a eventuali nuovi rinvii dei programmi, come pure delle nuove date di svolgimento di quegli eventi le cui posticipazioni possono venire pianificate.<\/strong><\/p>\n<p>In seguito a quanto detto sopra, <strong>per il momento si rinviano a data da destinarsi i seguenti programmi del progetto Capitale europea della cultura:<\/strong><\/p>\n<ul>\n<li>conferenza \u201cAccessibilit\u00e0 e citt\u00e0\u201c, in programma il 13 marzo<\/li>\n<li>concerto \u201cSerata dell&#8217;armonia\u201c, in programma il 13 marzo<\/li>\n<li>inaugurazione della mostra\/performance in occasione della prima dello spettacolo \u201cEsercitazione alla vita \u2013 seconda volta\u201d, in programma il 13 marzo<\/li>\n<li>programma della Stanza di soggiorno vicinato Kostrena, annunciata per il 17 marzo<\/li>\n<li>spettacolo Esercitazione alla vita \u2013 seconda volta \u2013 in programma il 17, 18, 19, 23 e 24 marzo<\/li>\n<li>progetto Naturografie by Roberto Ghezzi, la cui preparazione e realizzazione doveva aver luogo nel periodo 17-23 marzo<\/li>\n<li>festival dei vicinati Delnice \u201cI segreti della Ludovicea\u201c, che doveva svolgersi dal 19 al 22 marzo<\/li>\n<li>visita guidata della mostra di David Maljkovi\u0107 \u201cCon la collezione\u201d, in programma il 19 marzo alle ore 19<\/li>\n<li>spettacolo per bambini \u201cCasetta felice\u201c \u2013 previsto nei giorni 21, 23, 24, 25, 26, 27 e 28 marzo<\/li>\n<li>concerto \u201cAdams, Beethoven, \u0160ostakovi\u010d\u201c, \u00a0in programma il 21 marzo<\/li>\n<li>conferenza \u201cFilm per tutti \u2013 dall&#8217;idea alla realizzazione\u201c, in programma il 23 marzo<\/li>\n<li>programma della Stanza di soggiorno vicinato Kostrena, annunciata per il 24 marzo<\/li>\n<li>visita guidata della mostra dentro il Museo del teschio di cristallo, parte integrante della mostra di Maljkovi\u0107, che doveva svolgersi il 24 marzo<\/li>\n<li>Rijeka film festival &#8211; RIFF (festival fiumano del film) del cui rinvio il pubblico \u00e8 stato gi\u00e0 avvisato<\/li>\n<li>Mostra \u201cScuola rossa\u201c di Dubravka Ugre\u0161i\u0107, la cui inaugurazione era prevista per il 26 marzo e doveva rimaner aperta fino al 16 aprile<\/li>\n<li>concerto della band Tetris (Kosovo), in programma il 26 marzo<\/li>\n<li>inaugurazione della mostra \u201cTerzo turno\u201c \u2013 Milijana Babi\u0107 e il Centro per gli studi di genere della Facolt\u00e0 di filosofia di Fiume, \u00a0in programma il 26 marzo<\/li>\n<li>presentazione del libro di Nora Turato presso la Villa Ru\u017ei\u0107 quale parte integrante della mostra di Maljkovi\u0107, in programma il 26 marzo<\/li>\n<li>tavola rotonda in occasione della mostra \u201cTerzo turno\u201c, che doveva svolgersi il 27 marzo<\/li>\n<li>inaugurazione della mostra \u201cLe piante sognano il domani?\u201d di Igor E\u0161kinja, in programma il 27 marzo<\/li>\n<li>visita guidata della mostra \u201cCon la collezione\u201c, in programma il 27 marzo<\/li>\n<li>tribuna\/meet up \u201cGame dev meetup\u201c, in programma il 28 marzo<\/li>\n<li>manifestazione \u201cChallenge tour\u201c, in programma il 28 e 29 marzo<\/li>\n<li>mostra dell&#8217;Accademia di arti applicate, Werkplaats typografie, Accademia WHW, nell&#8217;ambito dell&#8217;esposizione \u201cCon la Collezione\u201c, in programma il 28 marzo<\/li>\n<li>inaugurazione della mostra \u201cTransbalkan\u201c, in programma il 31 marzo<\/li>\n<li>proiezione di film nell&#8217;ambito della Rete delle sale cinematografiche in luoghi esotici, cinema di Kostrena, in programma il 31 marzo<\/li>\n<li>presentazione del progetto \u201cParchi terapeutici\u201c, in programma a marzo<\/li>\n<li>presentazione dei programmi Onda verde previsti per marzo<\/li>\n<li>programma \u201cKortil dal vivo\u201c, in programma il 1\u00ba aprile<\/li>\n<li>parte della manifestazione letteraria \u201cIl mese del buon libro per l&#8217;infanzia\u201c che doveva prendere il via il 1\u00ba aprile<\/li>\n<li>festival dei vicinati Kostrena \u201cAlla ricerca del cuore di Kostrena\u201c, che doveva svolgersi dal 2 al 4 aprile<\/li>\n<li>visita guidata della mostra \u201cCon la collezione\u201c, in programma il 2 aprile<\/li>\n<li>concerto del Vision String Quarteta , in programma il 4 aprile<\/li>\n<li>visita a Fiume del Comitato per la cultura del Parlamento europeo, che doveva svolgersi dal 6 all&#8217;8 aprile<\/li>\n<li>conferenza \u201cFilm per tutti \u2013 videospot e montaggio\u201c, in programma il 6 aprile<\/li>\n<li>programma della Stanza di soggiorno vicinato Kostrena fissato per il 6 aprile<\/li>\n<li>laboratorio \u201e\u201cRimiks delle identit\u00e0 \u2013 laboratorio degli intervalli rabbiosi\u201c, che doveva svolgersi tra il 7 e il 9 aprile<\/li>\n<li>conferenza \u201cINCC 2020 \u2013 IX Congresso internazionale di numismatica in Croazia\u201c, in programma dal 7 al 9 aprile<\/li>\n<li>visita guidata della mostra \u201cCon la collezione\u201c, in programma il 9 aprile<\/li>\n<li>mostra nel vicinato Drenova \u201cDamnatio Memoriae\u201c, in programma il 9 aprile<\/li>\n<li>le rappresentazioni \u201cEsercitazione alla vita \u2013 seconda volta\u201c previste il 10, 11 e 14 aprile<\/li>\n<li>tribuna\/meetup \u201cStartup Grind\u201c che doveva svolgersi l&#8217;11 aprile<\/li>\n<li>programma della Stanza di soggiorno vicinato Kostrena fissato per il 14 aprile<\/li>\n<\/ul>\n<p>Come gi\u00e0 sottolineato sopra, il pubblico verr\u00e0 informato per tempo sulle nuove date degli eventi e sull&#8217;eventuale completa concellazione di determinati programmi.<\/p>\n<p>Ci auspichiamo che tutte le misure prese per evitare il diffondersi del corona virus diano dei buoni risultati e che l&#8217;epidemia, ovvero il pericolo per tutti i cittadini, cessi quanto prima.<\/p>\n","protected":false},"excerpt":{"rendered":"<p>Tutti i programmi artistico-culturali e gli eventi pubblici del progetto Capitale europea della cultura annunciati nel calendario degli eventi fino al 14 aprile vengono rinviati a data da destinarsi. Questa decisione \u00e8 stata presa oggi nell&#8217;ambito della riunione a cui hanno partecipato tutte le organizzazioni partner coinvolte nella realizzazione del programma Capitale europea della cultura.<\/p>\n","protected":false},"author":72,"featured_media":34556,"comment_status":"closed","ping_status":"closed","sticky":false,"template":"","format":"standard","meta":{"_acf_changed":false,"footnotes":""},"categories":[4061],"tags":[],"class_list":["post-52427","post","type-post","status-publish","format-standard","has-post-thumbnail","hentry","category-notizie"],"acf":[],"yoast_head":"<!-- This site is optimized with the Yoast SEO plugin v26.8 - https:\/\/yoast.com\/product\/yoast-seo-wordpress\/ -->\n<title>I programmi artistico-culturali della Capitale Europea della cultura annunciati per marzo e la prima met\u00e0 di aprile vengono rinviati a data da destinarsi &#8226; Rijeka 2020<\/title>\n<meta name=\"robots\" content=\"index, follow, max-snippet:-1, max-image-preview:large, max-video-preview:-1\" \/>\n<link rel=\"canonical\" href=\"https:\/\/ri2020.eu\/it\/i-programmi-artistico-culturali-della-capitale-europea-della-cultura-annunciati-per-marzo-e-la-prima-meta-di-aprile-vengono-rinviati-a-data-da-destinarsi\/\" \/>\n<meta property=\"og:locale\" content=\"it_IT\" \/>\n<meta property=\"og:type\" content=\"article\" \/>\n<meta property=\"og:title\" content=\"I programmi artistico-culturali della Capitale Europea della cultura annunciati per marzo e la prima met\u00e0 di aprile vengono rinviati a data da destinarsi &#8226; Rijeka 2020\" \/>\n<meta property=\"og:description\" content=\"Tutti i programmi artistico-culturali e gli eventi pubblici del progetto Capitale europea della cultura annunciati nel calendario degli eventi fino al 14 aprile vengono rinviati a data da destinarsi. Questa decisione \u00e8 stata presa oggi nell&#039;ambito della riunione a cui hanno partecipato tutte le organizzazioni partner coinvolte nella realizzazione del programma Capitale europea della cultura.\" \/>\n<meta property=\"og:url\" content=\"https:\/\/ri2020.eu\/it\/i-programmi-artistico-culturali-della-capitale-europea-della-cultura-annunciati-per-marzo-e-la-prima-meta-di-aprile-vengono-rinviati-a-data-da-destinarsi\/\" \/>\n<meta property=\"og:site_name\" content=\"Rijeka 2020\" \/>\n<meta property=\"article:publisher\" content=\"https:\/\/www.facebook.com\/rijeka2020\" \/>\n<meta property=\"article:published_time\" content=\"2020-03-12T16:42:19+00:00\" \/>\n<meta property=\"article:modified_time\" content=\"2020-03-16T12:40:55+00:00\" \/>\n<meta property=\"og:image\" content=\"https:\/\/ri2020.eu\/wp-content\/uploads\/2019\/02\/Rijeka2020-image.png\" \/>\n\t<meta property=\"og:image:width\" content=\"865\" \/>\n\t<meta property=\"og:image:height\" content=\"865\" \/>\n\t<meta property=\"og:image:type\" content=\"image\/png\" \/>\n<meta name=\"author\" content=\"Rijeka 2020\" \/>\n<meta name=\"twitter:card\" content=\"summary_large_image\" \/>\n<meta name=\"twitter:creator\" content=\"@Rijeka2020\" \/>\n<meta name=\"twitter:site\" content=\"@Rijeka2020\" \/>\n<meta name=\"twitter:label1\" content=\"Written by\" \/>\n\t<meta name=\"twitter:data1\" content=\"Rijeka 2020\" \/>\n\t<meta name=\"twitter:label2\" content=\"Est. reading time\" \/>\n\t<meta name=\"twitter:data2\" content=\"5 minutes\" \/>\n<script type=\"application\/ld+json\" class=\"yoast-schema-graph\">{\"@context\":\"https:\/\/schema.org\",\"@graph\":[{\"@type\":\"Article\",\"@id\":\"https:\/\/ri2020.eu\/it\/i-programmi-artistico-culturali-della-capitale-europea-della-cultura-annunciati-per-marzo-e-la-prima-meta-di-aprile-vengono-rinviati-a-data-da-destinarsi\/#article\",\"isPartOf\":{\"@id\":\"https:\/\/ri2020.eu\/it\/i-programmi-artistico-culturali-della-capitale-europea-della-cultura-annunciati-per-marzo-e-la-prima-meta-di-aprile-vengono-rinviati-a-data-da-destinarsi\/\"},\"author\":{\"name\":\"Rijeka 2020\",\"@id\":\"https:\/\/ri2020.eu\/it\/#\/schema\/person\/9c12d91df8c45bc534f625d9c81f403d\"},\"headline\":\"I programmi artistico-culturali della Capitale Europea della cultura annunciati per marzo e la prima met\u00e0 di aprile vengono rinviati a data da destinarsi\",\"datePublished\":\"2020-03-12T16:42:19+00:00\",\"dateModified\":\"2020-03-16T12:40:55+00:00\",\"mainEntityOfPage\":{\"@id\":\"https:\/\/ri2020.eu\/it\/i-programmi-artistico-culturali-della-capitale-europea-della-cultura-annunciati-per-marzo-e-la-prima-meta-di-aprile-vengono-rinviati-a-data-da-destinarsi\/\"},\"wordCount\":1059,\"publisher\":{\"@id\":\"https:\/\/ri2020.eu\/it\/#organization\"},\"image\":{\"@id\":\"https:\/\/ri2020.eu\/it\/i-programmi-artistico-culturali-della-capitale-europea-della-cultura-annunciati-per-marzo-e-la-prima-meta-di-aprile-vengono-rinviati-a-data-da-destinarsi\/#primaryimage\"},\"thumbnailUrl\":\"https:\/\/ri2020.eu\/wp-content\/uploads\/2019\/02\/Rijeka2020-image.png\",\"articleSection\":[\"Notizie\"],\"inLanguage\":\"it-IT\"},{\"@type\":\"WebPage\",\"@id\":\"https:\/\/ri2020.eu\/it\/i-programmi-artistico-culturali-della-capitale-europea-della-cultura-annunciati-per-marzo-e-la-prima-meta-di-aprile-vengono-rinviati-a-data-da-destinarsi\/\",\"url\":\"https:\/\/ri2020.eu\/it\/i-programmi-artistico-culturali-della-capitale-europea-della-cultura-annunciati-per-marzo-e-la-prima-meta-di-aprile-vengono-rinviati-a-data-da-destinarsi\/\",\"name\":\"I programmi artistico-culturali della Capitale Europea della cultura annunciati per marzo e la prima met\u00e0 di aprile vengono rinviati a data da destinarsi &#8226; Rijeka 2020\",\"isPartOf\":{\"@id\":\"https:\/\/ri2020.eu\/it\/#website\"},\"primaryImageOfPage\":{\"@id\":\"https:\/\/ri2020.eu\/it\/i-programmi-artistico-culturali-della-capitale-europea-della-cultura-annunciati-per-marzo-e-la-prima-meta-di-aprile-vengono-rinviati-a-data-da-destinarsi\/#primaryimage\"},\"image\":{\"@id\":\"https:\/\/ri2020.eu\/it\/i-programmi-artistico-culturali-della-capitale-europea-della-cultura-annunciati-per-marzo-e-la-prima-meta-di-aprile-vengono-rinviati-a-data-da-destinarsi\/#primaryimage\"},\"thumbnailUrl\":\"https:\/\/ri2020.eu\/wp-content\/uploads\/2019\/02\/Rijeka2020-image.png\",\"datePublished\":\"2020-03-12T16:42:19+00:00\",\"dateModified\":\"2020-03-16T12:40:55+00:00\",\"breadcrumb\":{\"@id\":\"https:\/\/ri2020.eu\/it\/i-programmi-artistico-culturali-della-capitale-europea-della-cultura-annunciati-per-marzo-e-la-prima-meta-di-aprile-vengono-rinviati-a-data-da-destinarsi\/#breadcrumb\"},\"inLanguage\":\"it-IT\",\"potentialAction\":[{\"@type\":\"ReadAction\",\"target\":[\"https:\/\/ri2020.eu\/it\/i-programmi-artistico-culturali-della-capitale-europea-della-cultura-annunciati-per-marzo-e-la-prima-meta-di-aprile-vengono-rinviati-a-data-da-destinarsi\/\"]}]},{\"@type\":\"ImageObject\",\"inLanguage\":\"it-IT\",\"@id\":\"https:\/\/ri2020.eu\/it\/i-programmi-artistico-culturali-della-capitale-europea-della-cultura-annunciati-per-marzo-e-la-prima-meta-di-aprile-vengono-rinviati-a-data-da-destinarsi\/#primaryimage\",\"url\":\"https:\/\/ri2020.eu\/wp-content\/uploads\/2019\/02\/Rijeka2020-image.png\",\"contentUrl\":\"https:\/\/ri2020.eu\/wp-content\/uploads\/2019\/02\/Rijeka2020-image.png\",\"width\":865,\"height\":865},{\"@type\":\"BreadcrumbList\",\"@id\":\"https:\/\/ri2020.eu\/it\/i-programmi-artistico-culturali-della-capitale-europea-della-cultura-annunciati-per-marzo-e-la-prima-meta-di-aprile-vengono-rinviati-a-data-da-destinarsi\/#breadcrumb\",\"itemListElement\":[{\"@type\":\"ListItem\",\"position\":1,\"name\":\"Home\",\"item\":\"https:\/\/ri2020.eu\/it\/\"},{\"@type\":\"ListItem\",\"position\":2,\"name\":\"I programmi artistico-culturali della Capitale Europea della cultura annunciati per marzo e la prima met\u00e0 di aprile vengono rinviati a data da destinarsi\"}]},{\"@type\":\"WebSite\",\"@id\":\"https:\/\/ri2020.eu\/it\/#website\",\"url\":\"https:\/\/ri2020.eu\/it\/\",\"name\":\"Rijeka 2020\",\"description\":\"Europska prijestolnica kulture\",\"publisher\":{\"@id\":\"https:\/\/ri2020.eu\/it\/#organization\"},\"potentialAction\":[{\"@type\":\"SearchAction\",\"target\":{\"@type\":\"EntryPoint\",\"urlTemplate\":\"https:\/\/ri2020.eu\/it\/?s={search_term_string}\"},\"query-input\":{\"@type\":\"PropertyValueSpecification\",\"valueRequired\":true,\"valueName\":\"search_term_string\"}}],\"inLanguage\":\"it-IT\"},{\"@type\":\"Organization\",\"@id\":\"https:\/\/ri2020.eu\/it\/#organization\",\"name\":\"Rijeka 2020 d.o.o.\",\"url\":\"https:\/\/ri2020.eu\/it\/\",\"logo\":{\"@type\":\"ImageObject\",\"inLanguage\":\"it-IT\",\"@id\":\"https:\/\/ri2020.eu\/it\/#\/schema\/logo\/image\/\",\"url\":\"https:\/\/rijeka2020.eu\/wp-content\/uploads\/2018\/07\/Ri2020-logo.png\",\"contentUrl\":\"https:\/\/rijeka2020.eu\/wp-content\/uploads\/2018\/07\/Ri2020-logo.png\",\"width\":407,\"height\":175,\"caption\":\"Rijeka 2020 d.o.o.\"},\"image\":{\"@id\":\"https:\/\/ri2020.eu\/it\/#\/schema\/logo\/image\/\"},\"sameAs\":[\"https:\/\/www.facebook.com\/rijeka2020\",\"https:\/\/x.com\/Rijeka2020\",\"https:\/\/www.instagram.com\/rijeka2020\/\",\"https:\/\/www.youtube.com\/user\/riepk2020\"]},{\"@type\":\"Person\",\"@id\":\"https:\/\/ri2020.eu\/it\/#\/schema\/person\/9c12d91df8c45bc534f625d9c81f403d\",\"name\":\"Rijeka 2020\",\"url\":\"https:\/\/ri2020.eu\/it\/author\/lsm\/\"}]}<\/script>\n<!-- \/ Yoast SEO plugin. -->","yoast_head_json":{"title":"I programmi artistico-culturali della Capitale Europea della cultura annunciati per marzo e la prima met\u00e0 di aprile vengono rinviati a data da destinarsi &#8226; Rijeka 2020","robots":{"index":"index","follow":"follow","max-snippet":"max-snippet:-1","max-image-preview":"max-image-preview:large","max-video-preview":"max-video-preview:-1"},"canonical":"https:\/\/ri2020.eu\/it\/i-programmi-artistico-culturali-della-capitale-europea-della-cultura-annunciati-per-marzo-e-la-prima-meta-di-aprile-vengono-rinviati-a-data-da-destinarsi\/","og_locale":"it_IT","og_type":"article","og_title":"I programmi artistico-culturali della Capitale Europea della cultura annunciati per marzo e la prima met\u00e0 di aprile vengono rinviati a data da destinarsi &#8226; Rijeka 2020","og_description":"Tutti i programmi artistico-culturali e gli eventi pubblici del progetto Capitale europea della cultura annunciati nel calendario degli eventi fino al 14 aprile vengono rinviati a data da destinarsi. Questa decisione \u00e8 stata presa oggi nell'ambito della riunione a cui hanno partecipato tutte le organizzazioni partner coinvolte nella realizzazione del programma Capitale europea della cultura.","og_url":"https:\/\/ri2020.eu\/it\/i-programmi-artistico-culturali-della-capitale-europea-della-cultura-annunciati-per-marzo-e-la-prima-meta-di-aprile-vengono-rinviati-a-data-da-destinarsi\/","og_site_name":"Rijeka 2020","article_publisher":"https:\/\/www.facebook.com\/rijeka2020","article_published_time":"2020-03-12T16:42:19+00:00","article_modified_time":"2020-03-16T12:40:55+00:00","og_image":[{"width":865,"height":865,"url":"https:\/\/ri2020.eu\/wp-content\/uploads\/2019\/02\/Rijeka2020-image.png","type":"image\/png"}],"author":"Rijeka 2020","twitter_card":"summary_large_image","twitter_creator":"@Rijeka2020","twitter_site":"@Rijeka2020","twitter_misc":{"Written by":"Rijeka 2020","Est. reading time":"5 minutes"},"schema":{"@context":"https:\/\/schema.org","@graph":[{"@type":"Article","@id":"https:\/\/ri2020.eu\/it\/i-programmi-artistico-culturali-della-capitale-europea-della-cultura-annunciati-per-marzo-e-la-prima-meta-di-aprile-vengono-rinviati-a-data-da-destinarsi\/#article","isPartOf":{"@id":"https:\/\/ri2020.eu\/it\/i-programmi-artistico-culturali-della-capitale-europea-della-cultura-annunciati-per-marzo-e-la-prima-meta-di-aprile-vengono-rinviati-a-data-da-destinarsi\/"},"author":{"name":"Rijeka 2020","@id":"https:\/\/ri2020.eu\/it\/#\/schema\/person\/9c12d91df8c45bc534f625d9c81f403d"},"headline":"I programmi artistico-culturali della Capitale Europea della cultura annunciati per marzo e la prima met\u00e0 di aprile vengono rinviati a data da destinarsi","datePublished":"2020-03-12T16:42:19+00:00","dateModified":"2020-03-16T12:40:55+00:00","mainEntityOfPage":{"@id":"https:\/\/ri2020.eu\/it\/i-programmi-artistico-culturali-della-capitale-europea-della-cultura-annunciati-per-marzo-e-la-prima-meta-di-aprile-vengono-rinviati-a-data-da-destinarsi\/"},"wordCount":1059,"publisher":{"@id":"https:\/\/ri2020.eu\/it\/#organization"},"image":{"@id":"https:\/\/ri2020.eu\/it\/i-programmi-artistico-culturali-della-capitale-europea-della-cultura-annunciati-per-marzo-e-la-prima-meta-di-aprile-vengono-rinviati-a-data-da-destinarsi\/#primaryimage"},"thumbnailUrl":"https:\/\/ri2020.eu\/wp-content\/uploads\/2019\/02\/Rijeka2020-image.png","articleSection":["Notizie"],"inLanguage":"it-IT"},{"@type":"WebPage","@id":"https:\/\/ri2020.eu\/it\/i-programmi-artistico-culturali-della-capitale-europea-della-cultura-annunciati-per-marzo-e-la-prima-meta-di-aprile-vengono-rinviati-a-data-da-destinarsi\/","url":"https:\/\/ri2020.eu\/it\/i-programmi-artistico-culturali-della-capitale-europea-della-cultura-annunciati-per-marzo-e-la-prima-meta-di-aprile-vengono-rinviati-a-data-da-destinarsi\/","name":"I programmi artistico-culturali della Capitale Europea della cultura annunciati per marzo e la prima met\u00e0 di aprile vengono rinviati a data da destinarsi &#8226; Rijeka 2020","isPartOf":{"@id":"https:\/\/ri2020.eu\/it\/#website"},"primaryImageOfPage":{"@id":"https:\/\/ri2020.eu\/it\/i-programmi-artistico-culturali-della-capitale-europea-della-cultura-annunciati-per-marzo-e-la-prima-meta-di-aprile-vengono-rinviati-a-data-da-destinarsi\/#primaryimage"},"image":{"@id":"https:\/\/ri2020.eu\/it\/i-programmi-artistico-culturali-della-capitale-europea-della-cultura-annunciati-per-marzo-e-la-prima-meta-di-aprile-vengono-rinviati-a-data-da-destinarsi\/#primaryimage"},"thumbnailUrl":"https:\/\/ri2020.eu\/wp-content\/uploads\/2019\/02\/Rijeka2020-image.png","datePublished":"2020-03-12T16:42:19+00:00","dateModified":"2020-03-16T12:40:55+00:00","breadcrumb":{"@id":"https:\/\/ri2020.eu\/it\/i-programmi-artistico-culturali-della-capitale-europea-della-cultura-annunciati-per-marzo-e-la-prima-meta-di-aprile-vengono-rinviati-a-data-da-destinarsi\/#breadcrumb"},"inLanguage":"it-IT","potentialAction":[{"@type":"ReadAction","target":["https:\/\/ri2020.eu\/it\/i-programmi-artistico-culturali-della-capitale-europea-della-cultura-annunciati-per-marzo-e-la-prima-meta-di-aprile-vengono-rinviati-a-data-da-destinarsi\/"]}]},{"@type":"ImageObject","inLanguage":"it-IT","@id":"https:\/\/ri2020.eu\/it\/i-programmi-artistico-culturali-della-capitale-europea-della-cultura-annunciati-per-marzo-e-la-prima-meta-di-aprile-vengono-rinviati-a-data-da-destinarsi\/#primaryimage","url":"https:\/\/ri2020.eu\/wp-content\/uploads\/2019\/02\/Rijeka2020-image.png","contentUrl":"https:\/\/ri2020.eu\/wp-content\/uploads\/2019\/02\/Rijeka2020-image.png","width":865,"height":865},{"@type":"BreadcrumbList","@id":"https:\/\/ri2020.eu\/it\/i-programmi-artistico-culturali-della-capitale-europea-della-cultura-annunciati-per-marzo-e-la-prima-meta-di-aprile-vengono-rinviati-a-data-da-destinarsi\/#breadcrumb","itemListElement":[{"@type":"ListItem","position":1,"name":"Home","item":"https:\/\/ri2020.eu\/it\/"},{"@type":"ListItem","position":2,"name":"I programmi artistico-culturali della Capitale Europea della cultura annunciati per marzo e la prima met\u00e0 di aprile vengono rinviati a data da destinarsi"}]},{"@type":"WebSite","@id":"https:\/\/ri2020.eu\/it\/#website","url":"https:\/\/ri2020.eu\/it\/","name":"Rijeka 2020","description":"Europska prijestolnica kulture","publisher":{"@id":"https:\/\/ri2020.eu\/it\/#organization"},"potentialAction":[{"@type":"SearchAction","target":{"@type":"EntryPoint","urlTemplate":"https:\/\/ri2020.eu\/it\/?s={search_term_string}"},"query-input":{"@type":"PropertyValueSpecification","valueRequired":true,"valueName":"search_term_string"}}],"inLanguage":"it-IT"},{"@type":"Organization","@id":"https:\/\/ri2020.eu\/it\/#organization","name":"Rijeka 2020 d.o.o.","url":"https:\/\/ri2020.eu\/it\/","logo":{"@type":"ImageObject","inLanguage":"it-IT","@id":"https:\/\/ri2020.eu\/it\/#\/schema\/logo\/image\/","url":"https:\/\/rijeka2020.eu\/wp-content\/uploads\/2018\/07\/Ri2020-logo.png","contentUrl":"https:\/\/rijeka2020.eu\/wp-content\/uploads\/2018\/07\/Ri2020-logo.png","width":407,"height":175,"caption":"Rijeka 2020 d.o.o."},"image":{"@id":"https:\/\/ri2020.eu\/it\/#\/schema\/logo\/image\/"},"sameAs":["https:\/\/www.facebook.com\/rijeka2020","https:\/\/x.com\/Rijeka2020","https:\/\/www.instagram.com\/rijeka2020\/","https:\/\/www.youtube.com\/user\/riepk2020"]},{"@type":"Person","@id":"https:\/\/ri2020.eu\/it\/#\/schema\/person\/9c12d91df8c45bc534f625d9c81f403d","name":"Rijeka 2020","url":"https:\/\/ri2020.eu\/it\/author\/lsm\/"}]}},"_links":{"self":[{"href":"https:\/\/ri2020.eu\/it\/wp-json\/wp\/v2\/posts\/52427","targetHints":{"allow":["GET"]}}],"collection":[{"href":"https:\/\/ri2020.eu\/it\/wp-json\/wp\/v2\/posts"}],"about":[{"href":"https:\/\/ri2020.eu\/it\/wp-json\/wp\/v2\/types\/post"}],"author":[{"embeddable":true,"href":"https:\/\/ri2020.eu\/it\/wp-json\/wp\/v2\/users\/72"}],"replies":[{"embeddable":true,"href":"https:\/\/ri2020.eu\/it\/wp-json\/wp\/v2\/comments?post=52427"}],"version-history":[{"count":2,"href":"https:\/\/ri2020.eu\/it\/wp-json\/wp\/v2\/posts\/52427\/revisions"}],"predecessor-version":[{"id":52429,"href":"https:\/\/ri2020.eu\/it\/wp-json\/wp\/v2\/posts\/52427\/revisions\/52429"}],"wp:featuredmedia":[{"embeddable":true,"href":"https:\/\/ri2020.eu\/it\/wp-json\/wp\/v2\/media\/34556"}],"wp:attachment":[{"href":"https:\/\/ri2020.eu\/it\/wp-json\/wp\/v2\/media?parent=52427"}],"wp:term":[{"taxonomy":"category","embeddable":true,"href":"https:\/\/ri2020.eu\/it\/wp-json\/wp\/v2\/categories?post=52427"},{"taxonomy":"post_tag","embeddable":true,"href":"https:\/\/ri2020.eu\/it\/wp-json\/wp\/v2\/tags?post=52427"}],"curies":[{"name":"wp","href":"https:\/\/api.w.org\/{rel}","templated":true}]}}