{"id":52413,"date":"2020-03-12T17:52:10","date_gmt":"2020-03-12T16:52:10","guid":{"rendered":"https:\/\/rijeka2020.eu\/press\/kulturno-umjetnicki-programi-europske-prijestolnice-kulture-najavljeni-za-ozujak-i-prvu-polovicu-travnja-odgadaju-se-do-daljnjeg\/"},"modified":"2020-03-13T13:45:03","modified_gmt":"2020-03-13T12:45:03","slug":"ecoc-programmes-in-culture-and-arts-scheduled-to-take-place-in-march-and-in-the-first-half-of-april-postponed-until-further-notice","status":"publish","type":"press","link":"https:\/\/ri2020.eu\/en\/press\/ecoc-programmes-in-culture-and-arts-scheduled-to-take-place-in-march-and-in-the-first-half-of-april-postponed-until-further-notice\/","title":{"rendered":"ECoC programmes in culture and arts, scheduled to take place in march and in the first half of april, postponed until further notice"},"content":{"rendered":"<p>In view of the latest coronavirus developments, where safeguarding public health is everyone\u2019s top priority, Rijeka 2020 and its partners agreed to cancel all events scheduled to take place by 14 April, irrespective of the number of attendants.<\/p>\n<p><strong>RiHub space for ECoC conferences, workshops, lectures and similar events will be closed for such events until further notice. It will, however, remain open to the public and continue to provide information about the ECoC project and programmes, and it will continue to function as a co-working space and Rijeka 2020 souvenir shop.<\/strong><\/p>\n<p><strong>Decisions about other events scheduled for the second half of April and for May will be made by mid-April<\/strong> with a view to our responsibility towards the audience, the local population, and the visitors from the rest of the country. Going forward, we will consider the possibility of postponing these events for later in the year and the need to cancel some of the programmes that will not be possible to postpone in the light of future precautions against the coronavirus.<\/p>\n<p>\u201c<em>All culture enthusiasts doubtlessly wish to attend events in culture and enjoy them to the max without worry or fear<\/em>\u201d, RIJEKA 2020 Director Emina Vi\u0161ni\u0107 said, adding:<\/p>\n<p><em>Aware that many citizens and visitors are unable to attend ECoC programmes without reserves due to various necessary precautions that are being taken, but also due to personal reasons related to their understanding of the danger of the epidemic<\/em>,<em> we made this decision to postpone the events until such a time when the danger of the coronavirus spreading will no longer be present. Our wish is to allow everyone to attend and participate in ECoC programmes without worrying about the current risks associated with the epidemic and the spreading of the virus.<\/em><\/p>\n<p>For the time being, all events scheduled for March and for the first half of April have been postponed. <strong>We will inform the public about possible postponements of other programmes and about the new dates for the programmes we can reschedule<\/strong> in respect of future developments.<\/p>\n<p><strong>For now, the following scheduled ECoC events are postponed until further notice:<\/strong><\/p>\n<ul>\n<li>Conference \u201cAccessibility and the City\u201d, scheduled for 13 March, as the public has already been notified;<\/li>\n<li>Concert \u201cEvening of Harmony\u201d, scheduled for 13 March, of which the public has also been informed during the day;<\/li>\n<li>Opening of the exhibition\/performance ahead of the premiere of the play \u201cPracticing Life \u2013 Second Time\u201d, scheduled for 13 March;<\/li>\n<li>Kostrena Neighbourhood Living Room Programme, scheduled for 17 March;<\/li>\n<li>Play \u201cPracticing Life \u2013 Second Time\u201d, scheduled for 17, 18, 19, 23 and 24 March;<\/li>\n<li>Project Naturografie by Roberto Ghezzi, whose development and preparation was scheduled for 17-23 March;<\/li>\n<li>\u201cSecrets of the Lujzijana Road\u201d Delnice Neighbourhood Festival, scheduled for 19-22 March;<\/li>\n<li>Guided tour of the exhibition \u201cWith the Collection\u201d by David Maljkovi\u0107, scheduled for 19 March at 7:00 pm;<\/li>\n<li>Children\u2019s play \u201cThe Happy Little House\u201d, scheduled for 21, 23, 24, 25, 26, 27 and 28 March;<\/li>\n<li>Concert \u201cAdams, Beethoven, Shostakovich\u201d, scheduled for 21 March;<\/li>\n<li>Lecture \u201cFilm for Everyone \u2013 From Idea to Realisation\u201d, scheduled for 23 March;<\/li>\n<li>Kostrena Neighbourhood Living Room programme, scheduled for 24 March;<\/li>\n<li>Guided tour of the \u201cMuseum of the Crystal Skull\u201d, an integral part of Maljkovi\u0107\u2019s exhibition, scheduled for 24 March;<\/li>\n<li>Rijeka Film Festival (RIFF), of whose postponement the public has already been notified;<\/li>\n<li>Exhibition \u201cRed School\u201d by Dubravka Ugre\u0161i\u0107, scheduled to open on 26 March and be open until 16 April;<\/li>\n<li>Concert of Kosovo-based band Tetris, scheduled for 26 March;<\/li>\n<li>Opening of the exhibition \u201c3<sup>rd<\/sup> Shift\u201d by Milijana Babi\u0107 and the Centre for Women\u2019s Studies at the Faculty of Humanities and Social Sciences in Rijeka, scheduled for 26 March;<\/li>\n<li>Book presentation by Nora Turato at the Vila Ru\u017ei\u0107, an integral part of Maljkovi\u0107\u2019s exhibition, scheduled for 26 March;<\/li>\n<li>Round table about the exhibition \u201c3<sup>rd<\/sup> Shift\u201d, scheduled for 27 March;<\/li>\n<li>Opening of the exhibition \u201cDo Plants Have Dreams about the Future?\u201d by Igor E\u0161kinja, scheduled for 27 March;<\/li>\n<li>Guided tour of the exhibition \u201cWith the Collection\u201d, planned for 27 March;<\/li>\n<li>\u201cGame Dev Meetup\u201d, scheduled for 28 March;<\/li>\n<li>\u201cChallenge Tour\u201d event, scheduled for 28 and 29 March;<\/li>\n<li>Exhibition \u201cWerkplaats typografie\u201d by the WHW Academy, an integral part of the exhibition \u201cWith the Collection\u201d by the Academy of Applied Arts, scheduled for 28 March;<\/li>\n<li>Opening of the exhibition \u201cTransbalkan\u201d, scheduled for 31 March;<\/li>\n<li>Film screening at the Kostrena Exotic Cinema, part of the Network of Cinemas in Exotic Locations, scheduled for 31 March;<\/li>\n<li>Presentation of the \u201cTherapy Park(s)\u201d project, scheduled for March;<\/li>\n<li>Presentations of the Green Wave project, scheduled for March;<\/li>\n<li>\u201cKortil Live\u201d programme, scheduled for 1 April;<\/li>\n<li>Part of \u201cThe Good Children\u2019s Books\u201d literary event, scheduled to begin on 1 April;<\/li>\n<li>\u201cIn Search of the Heart of Kostrena\u201d Kostrena Neighbourhood Festival, scheduled for 2-4 April;<\/li>\n<li>Guided tour of the exhibition \u201cWith the Collection\u201d, scheduled for 2 April;<\/li>\n<li>Vision String Quartet concert, scheduled for 4 April;<\/li>\n<li>Visit of the Committee on Culture of the European Parliament to Rijeka, scheduled for 6-8 April;<\/li>\n<li>Lecture \u201cFilm for Everyone &#8211; Music Videos and Editing\u201d, scheduled for 6 April;<\/li>\n<li>Kostrena Neighbourhood Living Room programme, scheduled for 6 April;<\/li>\n<li>Workshop \u201cIdentity Rimix \u2013 Workshop of Angry Intervals\u201d, scheduled for 7-9 April;<\/li>\n<li>INCC 2020 \u2013 9<sup>th<\/sup> International Numismatic Congress in Croatia, scheduled for 7-10 April;<\/li>\n<li>Guided tour of the exhibition \u201cWith the Collection\u201d, scheduled for 9 April;<\/li>\n<li>Exhibition \u201cDamnatio Memoriae\u201d in the Drenova Neighbourhood, scheduled for 9 April;<\/li>\n<li>Play \u201cPracticing Life \u2013 Second Time\u201d, scheduled for 10, 11 and 14 April;<\/li>\n<li>\u201cStartup Grind Meetup\u201d, scheduled for 11 April;<\/li>\n<li>Kostrena Neighbourhood Living Room Programme, scheduled for 14 April.<\/li>\n<\/ul>\n<p>We will inform the public about new event dates or any programme cancellations on time.<\/p>\n<p>We trust that the coronavirus situation will soon be resolved, that all steps taken to prevent its spreading will produce results, and that the health risks will soon be eliminated.<\/p>\n","protected":false},"excerpt":{"rendered":"<p>All programmes in culture and arts and all public events scheduled in the ECoC event calendar by 14 April are postponed until further notice. Partner organisations participating in the realisation of the European Capital of Culture made this decision at a joint meeting today. <\/p>\n","protected":false},"featured_media":0,"parent":0,"template":"","class_list":["post-52413","press","type-press","status-publish","hentry","info-types-communiques"],"acf":[],"yoast_head":"<!-- This site is optimized with the Yoast SEO plugin v26.8 - https:\/\/yoast.com\/product\/yoast-seo-wordpress\/ -->\n<title>ECoC programmes in culture and arts, scheduled to take place in march and in the first half of april, postponed until further notice &#8226; Rijeka 2020<\/title>\n<meta name=\"robots\" content=\"index, follow, max-snippet:-1, max-image-preview:large, max-video-preview:-1\" \/>\n<link rel=\"canonical\" href=\"https:\/\/ri2020.eu\/en\/press\/ecoc-programmes-in-culture-and-arts-scheduled-to-take-place-in-march-and-in-the-first-half-of-april-postponed-until-further-notice\/\" \/>\n<meta property=\"og:locale\" content=\"en_US\" \/>\n<meta property=\"og:type\" content=\"article\" \/>\n<meta property=\"og:title\" content=\"ECoC programmes in culture and arts, scheduled to take place in march and in the first half of april, postponed until further notice &#8226; Rijeka 2020\" \/>\n<meta property=\"og:description\" content=\"All programmes in culture and arts and all public events scheduled in the ECoC event calendar by 14 April are postponed until further notice. Partner organisations participating in the realisation of the European Capital of Culture made this decision at a joint meeting today.\" \/>\n<meta property=\"og:url\" content=\"https:\/\/ri2020.eu\/en\/press\/ecoc-programmes-in-culture-and-arts-scheduled-to-take-place-in-march-and-in-the-first-half-of-april-postponed-until-further-notice\/\" \/>\n<meta property=\"og:site_name\" content=\"Rijeka 2020\" \/>\n<meta property=\"article:publisher\" content=\"https:\/\/www.facebook.com\/rijeka2020\" \/>\n<meta property=\"article:modified_time\" content=\"2020-03-13T12:45:03+00:00\" \/>\n<meta property=\"og:image\" content=\"https:\/\/ri2020.eu\/wp-content\/uploads\/2019\/02\/Rijeka2020-image.png\" \/>\n\t<meta property=\"og:image:width\" content=\"865\" \/>\n\t<meta property=\"og:image:height\" content=\"865\" \/>\n\t<meta property=\"og:image:type\" content=\"image\/png\" \/>\n<meta name=\"twitter:card\" content=\"summary_large_image\" \/>\n<meta name=\"twitter:site\" content=\"@Rijeka2020\" \/>\n<meta name=\"twitter:label1\" content=\"Est. reading time\" \/>\n\t<meta name=\"twitter:data1\" content=\"5 minutes\" \/>\n<script type=\"application\/ld+json\" class=\"yoast-schema-graph\">{\"@context\":\"https:\/\/schema.org\",\"@graph\":[{\"@type\":\"WebPage\",\"@id\":\"https:\/\/ri2020.eu\/en\/press\/ecoc-programmes-in-culture-and-arts-scheduled-to-take-place-in-march-and-in-the-first-half-of-april-postponed-until-further-notice\/\",\"url\":\"https:\/\/ri2020.eu\/en\/press\/ecoc-programmes-in-culture-and-arts-scheduled-to-take-place-in-march-and-in-the-first-half-of-april-postponed-until-further-notice\/\",\"name\":\"ECoC programmes in culture and arts, scheduled to take place in march and in the first half of april, postponed until further notice &#8226; Rijeka 2020\",\"isPartOf\":{\"@id\":\"https:\/\/rijeka2020.eu\/en\/#website\"},\"datePublished\":\"2020-03-12T16:52:10+00:00\",\"dateModified\":\"2020-03-13T12:45:03+00:00\",\"breadcrumb\":{\"@id\":\"https:\/\/ri2020.eu\/en\/press\/ecoc-programmes-in-culture-and-arts-scheduled-to-take-place-in-march-and-in-the-first-half-of-april-postponed-until-further-notice\/#breadcrumb\"},\"inLanguage\":\"en-US\",\"potentialAction\":[{\"@type\":\"ReadAction\",\"target\":[\"https:\/\/ri2020.eu\/en\/press\/ecoc-programmes-in-culture-and-arts-scheduled-to-take-place-in-march-and-in-the-first-half-of-april-postponed-until-further-notice\/\"]}]},{\"@type\":\"BreadcrumbList\",\"@id\":\"https:\/\/ri2020.eu\/en\/press\/ecoc-programmes-in-culture-and-arts-scheduled-to-take-place-in-march-and-in-the-first-half-of-april-postponed-until-further-notice\/#breadcrumb\",\"itemListElement\":[{\"@type\":\"ListItem\",\"position\":1,\"name\":\"Home\",\"item\":\"https:\/\/rijeka2020.eu\/en\/\"},{\"@type\":\"ListItem\",\"position\":2,\"name\":\"ECoC programmes in culture and arts, scheduled to take place in march and in the first half of april, postponed until further notice\"}]},{\"@type\":\"WebSite\",\"@id\":\"https:\/\/rijeka2020.eu\/en\/#website\",\"url\":\"https:\/\/rijeka2020.eu\/en\/\",\"name\":\"Rijeka 2020\",\"description\":\"Europska prijestolnica kulture\",\"publisher\":{\"@id\":\"https:\/\/rijeka2020.eu\/en\/#organization\"},\"potentialAction\":[{\"@type\":\"SearchAction\",\"target\":{\"@type\":\"EntryPoint\",\"urlTemplate\":\"https:\/\/rijeka2020.eu\/en\/?s={search_term_string}\"},\"query-input\":{\"@type\":\"PropertyValueSpecification\",\"valueRequired\":true,\"valueName\":\"search_term_string\"}}],\"inLanguage\":\"en-US\"},{\"@type\":\"Organization\",\"@id\":\"https:\/\/rijeka2020.eu\/en\/#organization\",\"name\":\"Rijeka 2020 d.o.o.\",\"url\":\"https:\/\/rijeka2020.eu\/en\/\",\"logo\":{\"@type\":\"ImageObject\",\"inLanguage\":\"en-US\",\"@id\":\"https:\/\/rijeka2020.eu\/en\/#\/schema\/logo\/image\/\",\"url\":\"https:\/\/rijeka2020.eu\/wp-content\/uploads\/2018\/07\/Ri2020-logo.png\",\"contentUrl\":\"https:\/\/rijeka2020.eu\/wp-content\/uploads\/2018\/07\/Ri2020-logo.png\",\"width\":407,\"height\":175,\"caption\":\"Rijeka 2020 d.o.o.\"},\"image\":{\"@id\":\"https:\/\/rijeka2020.eu\/en\/#\/schema\/logo\/image\/\"},\"sameAs\":[\"https:\/\/www.facebook.com\/rijeka2020\",\"https:\/\/x.com\/Rijeka2020\",\"https:\/\/www.instagram.com\/rijeka2020\/\",\"https:\/\/www.youtube.com\/user\/riepk2020\"]}]}<\/script>\n<!-- \/ Yoast SEO plugin. -->","yoast_head_json":{"title":"ECoC programmes in culture and arts, scheduled to take place in march and in the first half of april, postponed until further notice &#8226; Rijeka 2020","robots":{"index":"index","follow":"follow","max-snippet":"max-snippet:-1","max-image-preview":"max-image-preview:large","max-video-preview":"max-video-preview:-1"},"canonical":"https:\/\/ri2020.eu\/en\/press\/ecoc-programmes-in-culture-and-arts-scheduled-to-take-place-in-march-and-in-the-first-half-of-april-postponed-until-further-notice\/","og_locale":"en_US","og_type":"article","og_title":"ECoC programmes in culture and arts, scheduled to take place in march and in the first half of april, postponed until further notice &#8226; Rijeka 2020","og_description":"All programmes in culture and arts and all public events scheduled in the ECoC event calendar by 14 April are postponed until further notice. Partner organisations participating in the realisation of the European Capital of Culture made this decision at a joint meeting today.","og_url":"https:\/\/ri2020.eu\/en\/press\/ecoc-programmes-in-culture-and-arts-scheduled-to-take-place-in-march-and-in-the-first-half-of-april-postponed-until-further-notice\/","og_site_name":"Rijeka 2020","article_publisher":"https:\/\/www.facebook.com\/rijeka2020","article_modified_time":"2020-03-13T12:45:03+00:00","og_image":[{"width":865,"height":865,"url":"https:\/\/ri2020.eu\/wp-content\/uploads\/2019\/02\/Rijeka2020-image.png","type":"image\/png"}],"twitter_card":"summary_large_image","twitter_site":"@Rijeka2020","twitter_misc":{"Est. reading time":"5 minutes"},"schema":{"@context":"https:\/\/schema.org","@graph":[{"@type":"WebPage","@id":"https:\/\/ri2020.eu\/en\/press\/ecoc-programmes-in-culture-and-arts-scheduled-to-take-place-in-march-and-in-the-first-half-of-april-postponed-until-further-notice\/","url":"https:\/\/ri2020.eu\/en\/press\/ecoc-programmes-in-culture-and-arts-scheduled-to-take-place-in-march-and-in-the-first-half-of-april-postponed-until-further-notice\/","name":"ECoC programmes in culture and arts, scheduled to take place in march and in the first half of april, postponed until further notice &#8226; Rijeka 2020","isPartOf":{"@id":"https:\/\/rijeka2020.eu\/en\/#website"},"datePublished":"2020-03-12T16:52:10+00:00","dateModified":"2020-03-13T12:45:03+00:00","breadcrumb":{"@id":"https:\/\/ri2020.eu\/en\/press\/ecoc-programmes-in-culture-and-arts-scheduled-to-take-place-in-march-and-in-the-first-half-of-april-postponed-until-further-notice\/#breadcrumb"},"inLanguage":"en-US","potentialAction":[{"@type":"ReadAction","target":["https:\/\/ri2020.eu\/en\/press\/ecoc-programmes-in-culture-and-arts-scheduled-to-take-place-in-march-and-in-the-first-half-of-april-postponed-until-further-notice\/"]}]},{"@type":"BreadcrumbList","@id":"https:\/\/ri2020.eu\/en\/press\/ecoc-programmes-in-culture-and-arts-scheduled-to-take-place-in-march-and-in-the-first-half-of-april-postponed-until-further-notice\/#breadcrumb","itemListElement":[{"@type":"ListItem","position":1,"name":"Home","item":"https:\/\/rijeka2020.eu\/en\/"},{"@type":"ListItem","position":2,"name":"ECoC programmes in culture and arts, scheduled to take place in march and in the first half of april, postponed until further notice"}]},{"@type":"WebSite","@id":"https:\/\/rijeka2020.eu\/en\/#website","url":"https:\/\/rijeka2020.eu\/en\/","name":"Rijeka 2020","description":"Europska prijestolnica kulture","publisher":{"@id":"https:\/\/rijeka2020.eu\/en\/#organization"},"potentialAction":[{"@type":"SearchAction","target":{"@type":"EntryPoint","urlTemplate":"https:\/\/rijeka2020.eu\/en\/?s={search_term_string}"},"query-input":{"@type":"PropertyValueSpecification","valueRequired":true,"valueName":"search_term_string"}}],"inLanguage":"en-US"},{"@type":"Organization","@id":"https:\/\/rijeka2020.eu\/en\/#organization","name":"Rijeka 2020 d.o.o.","url":"https:\/\/rijeka2020.eu\/en\/","logo":{"@type":"ImageObject","inLanguage":"en-US","@id":"https:\/\/rijeka2020.eu\/en\/#\/schema\/logo\/image\/","url":"https:\/\/rijeka2020.eu\/wp-content\/uploads\/2018\/07\/Ri2020-logo.png","contentUrl":"https:\/\/rijeka2020.eu\/wp-content\/uploads\/2018\/07\/Ri2020-logo.png","width":407,"height":175,"caption":"Rijeka 2020 d.o.o."},"image":{"@id":"https:\/\/rijeka2020.eu\/en\/#\/schema\/logo\/image\/"},"sameAs":["https:\/\/www.facebook.com\/rijeka2020","https:\/\/x.com\/Rijeka2020","https:\/\/www.instagram.com\/rijeka2020\/","https:\/\/www.youtube.com\/user\/riepk2020"]}]}},"_links":{"self":[{"href":"https:\/\/ri2020.eu\/en\/wp-json\/wp\/v2\/press\/52413","targetHints":{"allow":["GET"]}}],"collection":[{"href":"https:\/\/ri2020.eu\/en\/wp-json\/wp\/v2\/press"}],"about":[{"href":"https:\/\/ri2020.eu\/en\/wp-json\/wp\/v2\/types\/press"}],"wp:attachment":[{"href":"https:\/\/ri2020.eu\/en\/wp-json\/wp\/v2\/media?parent=52413"}],"curies":[{"name":"wp","href":"https:\/\/api.w.org\/{rel}","templated":true}]}}