{"id":48837,"date":"2020-02-01T15:45:09","date_gmt":"2020-02-01T14:45:09","guid":{"rendered":"https:\/\/rijeka2020.eu\/press\/u-press-centru-s-novinarima-razgovarali-organizatori-i-umjetnici\/"},"modified":"2020-02-01T19:04:29","modified_gmt":"2020-02-01T18:04:29","slug":"head-of-the-city-of-rijeka-culture-department-tonight-we-are-celebrating-the-birth-of-a-new-city","status":"publish","type":"press","link":"https:\/\/ri2020.eu\/en\/press\/head-of-the-city-of-rijeka-culture-department-tonight-we-are-celebrating-the-birth-of-a-new-city\/","title":{"rendered":"Head of the City of Rijeka Culture Department: \u201eTonight we are celebrating the birth of a new city!\u201c"},"content":{"rendered":"<p>U Rijeci traje cjelodnevni program otvorenja Europske prijestolnice kulture. Uo\u010di sve\u010danosti u HNK, izjave novinarima davali su organizatori i umjetnici.<\/p>\n<p>Subota, 1. velja\u010de 2020, veliki dan za Rijeku, veselo raspolo\u017eenje na ulicama, rije\u010dka ki\u0161a koja sitno rominja nikome ne smeta. Prije po\u010detka sve\u010danosti u HNK, u Press centar smje\u0161ten na brodu Marina u Rije\u010dkoj luci, stigli su predstavnici Grada Rijeke, Rijeke 2020, umjetnici i redatelji kako bi podijelili s novinarima svoje dojmove i odazvali se brojnim zahtjevima za izjave medijima.<\/p>\n<p>Veselom raspolo\u017eenju u gradu jutros je svjedo\u010dio i gradona\u010delnik Grada Rijeke, <strong>Vojko Obersnel<\/strong> &#8211; \u201e<em>Jutros sam se dru\u017eio s gra\u0111anima i posjetio ve\u0107inu doga\u0111anja, ve\u0107 sada mo\u017eemo biti jako zadovoljni. Ulice i trgovi su puni Rije\u010dana, ali i gostiju, a vjerujem da \u0107e kulminacija uslijediti ve\u010deras, prilikom izvedbe Opere industriale<\/em>.\u201c<\/p>\n<p>Pro\u010delnik za kulturu Grada Rijeke, <strong>Ivan \u0160arar<\/strong>, kazao je da ve\u010deras slavimo ra\u0111anje jednog novog grada jer, kako tvrdi, od danas vi\u0161e ni\u0161ta ne\u0107e mo\u0107i biti isto. Osvrnuo se i na lokaciju, Rije\u010dku luku, odabranu za sredi\u0161nje doga\u0111anje, \u201eOperu industriale\u201c. \u201e<em>To \u0161to \u0107e se dogoditi u Rije\u010dkoj luci, a nigdje drugdje se i nije moglo dogoditi, me\u0111u svom tom grubo\u0161\u0107u i mehani\u010dkim silama koje su stvarale ovaj grad &#8211; jedinstveno je. Presretan sam \u0161to nismo priredili jednu kulturnu i urednu manifestaciju, nego \u0107emo pokazati stvarno ono \u0161to Rijeka jest.\u201c<\/em><\/p>\n<p>Saturday, 1 February 2020, is a great day for Rijeka, and the mood on the streets is joyful despite the drizzling rain. Prior to the beginning of the ceremony at the Croatian National Theatre Ivan pl. Zajc in Rijeka, representatives of the City of Rijeka, Rijeka 2020, artists and directors arrived at the Press Center located on the Marina boat at the Port of Rijeka to share their impressions with journalists and respond to numerous requests for their statements.<\/p>\n<p>The mayor of the City of Rijeka, <strong>Vojko Obersnel<\/strong>, also enjoyed the cheerful mood in the city this morning: <em>\u201cThis morning I<\/em> <em>was hanging out<\/em> <em>with citizens<\/em> <em>and attended most of the events. We can already be very satisfied. The streets and squares are full of Rijeka inhabitants but also guests, and I believe that everything will culminate tonight, during the performance of the Opera Industriale.\u201d<\/em><\/p>\n<p>Head of the City of Rijeka Culture Department, <strong>Ivan \u0160arar<\/strong>, said that tonight we are celebrating a birth of a new city because, as he claims, nothing will be the same as of today. He also referred to the location, the Rijeka Port, chosen for the central event, the &#8220;Opera Industriale&#8221;. <em>\u201cThat, what is going to take place in the Rijeka Port, which could not take place anywhere else \u2013 among all that roughness and mechanical forces that have created this city &#8211; is unique. I am really happy that we did not organize a cultural and orderly event, but instead we will demonstrate the true Rijeka.\u201c<\/em><\/p>\n<p>Director of Rijeka 2020, <strong>Emina Vi\u0161ni\u0107<\/strong>, confirmed that it really is so and pointed out that Rijeka is burning and buzzing today. She also reminded everyone that today is only the beginning of a year that will be abundant in numerous culture events.<\/p>\n<p><strong>Irena Kregar \u0160egota<\/strong>, the director of partnership and communication of Rijeka2020, pointed out that uniqueness of\u00a0Rijeka2020 is the cooperation between the citizens, their initiatives and civil organizations which contributed to the entire programme.<\/p>\n<p><em>\u201cThis programme is the result of the collaboration of over\u00a0120 organizations from 40 countries. We have truly brought the slogan \u201cActive citizens in the active city\u201d to life &#8211; the citizens are taking part in the programme throughout the day, and entrepreneurs who support this project have joined as well. We have shown what the word \u2018participation\u2019 means. That is the greatest legacy of this project &#8211; the citizens who will continue to create and build this city&#8221;.\u00a0<\/em><\/p>\n<p>The artistic team which created Opera Industriale also shared their impressions. The director, <strong>Dalibor Matani\u0107,<\/strong> pointed out: &#8220;<em>After the last night&#8217;s final rehearsal, I can say that the opening is erasing the limits &#8211; the limits between the city and the stage, the musicians and citizens, between the actual event and the TV broadcast. Opera Industriale honours the workers, which is a truly special moment. I would like the rain to fall this evening during the crescendo\u00a0of the Opera &#8211; that would be a real opening.&#8221;<\/em><\/p>\n<p><strong>Zoran Medved<\/strong>, part of the JMZM duo which came up with the musical framework of this piece, explained that the idea was to depict the sounds the city itself produces. He pointed out that the most demanding par was to incorporate such a large number of musicians into one piece, which is something the conductor, maestro <strong>Frano \u0110urovi\u0107, <\/strong>gave a great contribution to.<\/p>\n<p><em>\u201c130 performers are taking part in the performance of the piece, but thousands of spectators as well, who will join in by cheering and ringing. The speciality are grinders, drums on the rooftop, and about 25 guitar players from various bands from Rijeka<\/em>\u201d, he concluded.<\/p>\n<p>The urban Rijeka&#8217;s\u00a0Opera Industriale is starting at 7.30 p.m. in Rijeka Port.<\/p>\n<p><a href=\"https:\/\/app.box.com\/s\/39ogql24ri3izppcmbd7pydnw6ssx1qh\" target=\"_blank\" rel=\"noopener noreferrer\">Photos<\/a><\/p>\n","protected":false},"excerpt":{"rendered":"<p>A full-day programme of the opening of the European Capital of Culture is underway in Rijeka. Ahead of the ceremony at the Croatian National Theatre, statements were delivered to journalists by organizers and artists<\/p>\n","protected":false},"featured_media":0,"parent":0,"template":"","class_list":["post-48837","press","type-press","status-publish","hentry","info-types-press-information"],"acf":[],"yoast_head":"<!-- This site is optimized with the Yoast SEO plugin v26.8 - https:\/\/yoast.com\/product\/yoast-seo-wordpress\/ -->\n<title>Head of the City of Rijeka Culture Department: \u201eTonight we are celebrating the birth of a new city!\u201c &#8226; Rijeka 2020<\/title>\n<meta name=\"robots\" content=\"index, follow, max-snippet:-1, max-image-preview:large, max-video-preview:-1\" \/>\n<link rel=\"canonical\" href=\"https:\/\/ri2020.eu\/en\/press\/head-of-the-city-of-rijeka-culture-department-tonight-we-are-celebrating-the-birth-of-a-new-city\/\" \/>\n<meta property=\"og:locale\" content=\"en_US\" \/>\n<meta property=\"og:type\" content=\"article\" \/>\n<meta property=\"og:title\" content=\"Head of the City of Rijeka Culture Department: \u201eTonight we are celebrating the birth of a new city!\u201c &#8226; Rijeka 2020\" \/>\n<meta property=\"og:description\" content=\"A full-day programme of the opening of the European Capital of Culture is underway in Rijeka. Ahead of the ceremony at the Croatian National Theatre, statements were delivered to journalists by organizers and artists\" \/>\n<meta property=\"og:url\" content=\"https:\/\/ri2020.eu\/en\/press\/head-of-the-city-of-rijeka-culture-department-tonight-we-are-celebrating-the-birth-of-a-new-city\/\" \/>\n<meta property=\"og:site_name\" content=\"Rijeka 2020\" \/>\n<meta property=\"article:publisher\" content=\"https:\/\/www.facebook.com\/rijeka2020\" \/>\n<meta property=\"article:modified_time\" content=\"2020-02-01T18:04:29+00:00\" \/>\n<meta property=\"og:image\" content=\"https:\/\/ri2020.eu\/wp-content\/uploads\/2019\/02\/Rijeka2020-image.png\" \/>\n\t<meta property=\"og:image:width\" content=\"865\" \/>\n\t<meta property=\"og:image:height\" content=\"865\" \/>\n\t<meta property=\"og:image:type\" content=\"image\/png\" \/>\n<meta name=\"twitter:card\" content=\"summary_large_image\" \/>\n<meta name=\"twitter:site\" content=\"@Rijeka2020\" \/>\n<meta name=\"twitter:label1\" content=\"Est. reading time\" \/>\n\t<meta name=\"twitter:data1\" content=\"4 minutes\" \/>\n<script type=\"application\/ld+json\" class=\"yoast-schema-graph\">{\"@context\":\"https:\/\/schema.org\",\"@graph\":[{\"@type\":\"WebPage\",\"@id\":\"https:\/\/ri2020.eu\/en\/press\/head-of-the-city-of-rijeka-culture-department-tonight-we-are-celebrating-the-birth-of-a-new-city\/\",\"url\":\"https:\/\/ri2020.eu\/en\/press\/head-of-the-city-of-rijeka-culture-department-tonight-we-are-celebrating-the-birth-of-a-new-city\/\",\"name\":\"Head of the City of Rijeka Culture Department: \u201eTonight we are celebrating the birth of a new city!\u201c &#8226; Rijeka 2020\",\"isPartOf\":{\"@id\":\"https:\/\/ri2020.eu\/en\/#website\"},\"datePublished\":\"2020-02-01T14:45:09+00:00\",\"dateModified\":\"2020-02-01T18:04:29+00:00\",\"breadcrumb\":{\"@id\":\"https:\/\/ri2020.eu\/en\/press\/head-of-the-city-of-rijeka-culture-department-tonight-we-are-celebrating-the-birth-of-a-new-city\/#breadcrumb\"},\"inLanguage\":\"en-US\",\"potentialAction\":[{\"@type\":\"ReadAction\",\"target\":[\"https:\/\/ri2020.eu\/en\/press\/head-of-the-city-of-rijeka-culture-department-tonight-we-are-celebrating-the-birth-of-a-new-city\/\"]}]},{\"@type\":\"BreadcrumbList\",\"@id\":\"https:\/\/ri2020.eu\/en\/press\/head-of-the-city-of-rijeka-culture-department-tonight-we-are-celebrating-the-birth-of-a-new-city\/#breadcrumb\",\"itemListElement\":[{\"@type\":\"ListItem\",\"position\":1,\"name\":\"Home\",\"item\":\"https:\/\/ri2020.eu\/en\/\"},{\"@type\":\"ListItem\",\"position\":2,\"name\":\"Head of the City of Rijeka Culture Department: \u201eTonight we are celebrating the birth of a new city!\u201c\"}]},{\"@type\":\"WebSite\",\"@id\":\"https:\/\/ri2020.eu\/en\/#website\",\"url\":\"https:\/\/ri2020.eu\/en\/\",\"name\":\"Rijeka 2020\",\"description\":\"Europska prijestolnica kulture\",\"publisher\":{\"@id\":\"https:\/\/ri2020.eu\/en\/#organization\"},\"potentialAction\":[{\"@type\":\"SearchAction\",\"target\":{\"@type\":\"EntryPoint\",\"urlTemplate\":\"https:\/\/ri2020.eu\/en\/?s={search_term_string}\"},\"query-input\":{\"@type\":\"PropertyValueSpecification\",\"valueRequired\":true,\"valueName\":\"search_term_string\"}}],\"inLanguage\":\"en-US\"},{\"@type\":\"Organization\",\"@id\":\"https:\/\/ri2020.eu\/en\/#organization\",\"name\":\"Rijeka 2020 d.o.o.\",\"url\":\"https:\/\/ri2020.eu\/en\/\",\"logo\":{\"@type\":\"ImageObject\",\"inLanguage\":\"en-US\",\"@id\":\"https:\/\/ri2020.eu\/en\/#\/schema\/logo\/image\/\",\"url\":\"https:\/\/rijeka2020.eu\/wp-content\/uploads\/2018\/07\/Ri2020-logo.png\",\"contentUrl\":\"https:\/\/rijeka2020.eu\/wp-content\/uploads\/2018\/07\/Ri2020-logo.png\",\"width\":407,\"height\":175,\"caption\":\"Rijeka 2020 d.o.o.\"},\"image\":{\"@id\":\"https:\/\/ri2020.eu\/en\/#\/schema\/logo\/image\/\"},\"sameAs\":[\"https:\/\/www.facebook.com\/rijeka2020\",\"https:\/\/x.com\/Rijeka2020\",\"https:\/\/www.instagram.com\/rijeka2020\/\",\"https:\/\/www.youtube.com\/user\/riepk2020\"]}]}<\/script>\n<!-- \/ Yoast SEO plugin. -->","yoast_head_json":{"title":"Head of the City of Rijeka Culture Department: \u201eTonight we are celebrating the birth of a new city!\u201c &#8226; Rijeka 2020","robots":{"index":"index","follow":"follow","max-snippet":"max-snippet:-1","max-image-preview":"max-image-preview:large","max-video-preview":"max-video-preview:-1"},"canonical":"https:\/\/ri2020.eu\/en\/press\/head-of-the-city-of-rijeka-culture-department-tonight-we-are-celebrating-the-birth-of-a-new-city\/","og_locale":"en_US","og_type":"article","og_title":"Head of the City of Rijeka Culture Department: \u201eTonight we are celebrating the birth of a new city!\u201c &#8226; Rijeka 2020","og_description":"A full-day programme of the opening of the European Capital of Culture is underway in Rijeka. Ahead of the ceremony at the Croatian National Theatre, statements were delivered to journalists by organizers and artists","og_url":"https:\/\/ri2020.eu\/en\/press\/head-of-the-city-of-rijeka-culture-department-tonight-we-are-celebrating-the-birth-of-a-new-city\/","og_site_name":"Rijeka 2020","article_publisher":"https:\/\/www.facebook.com\/rijeka2020","article_modified_time":"2020-02-01T18:04:29+00:00","og_image":[{"width":865,"height":865,"url":"https:\/\/ri2020.eu\/wp-content\/uploads\/2019\/02\/Rijeka2020-image.png","type":"image\/png"}],"twitter_card":"summary_large_image","twitter_site":"@Rijeka2020","twitter_misc":{"Est. reading time":"4 minutes"},"schema":{"@context":"https:\/\/schema.org","@graph":[{"@type":"WebPage","@id":"https:\/\/ri2020.eu\/en\/press\/head-of-the-city-of-rijeka-culture-department-tonight-we-are-celebrating-the-birth-of-a-new-city\/","url":"https:\/\/ri2020.eu\/en\/press\/head-of-the-city-of-rijeka-culture-department-tonight-we-are-celebrating-the-birth-of-a-new-city\/","name":"Head of the City of Rijeka Culture Department: \u201eTonight we are celebrating the birth of a new city!\u201c &#8226; Rijeka 2020","isPartOf":{"@id":"https:\/\/ri2020.eu\/en\/#website"},"datePublished":"2020-02-01T14:45:09+00:00","dateModified":"2020-02-01T18:04:29+00:00","breadcrumb":{"@id":"https:\/\/ri2020.eu\/en\/press\/head-of-the-city-of-rijeka-culture-department-tonight-we-are-celebrating-the-birth-of-a-new-city\/#breadcrumb"},"inLanguage":"en-US","potentialAction":[{"@type":"ReadAction","target":["https:\/\/ri2020.eu\/en\/press\/head-of-the-city-of-rijeka-culture-department-tonight-we-are-celebrating-the-birth-of-a-new-city\/"]}]},{"@type":"BreadcrumbList","@id":"https:\/\/ri2020.eu\/en\/press\/head-of-the-city-of-rijeka-culture-department-tonight-we-are-celebrating-the-birth-of-a-new-city\/#breadcrumb","itemListElement":[{"@type":"ListItem","position":1,"name":"Home","item":"https:\/\/ri2020.eu\/en\/"},{"@type":"ListItem","position":2,"name":"Head of the City of Rijeka Culture Department: \u201eTonight we are celebrating the birth of a new city!\u201c"}]},{"@type":"WebSite","@id":"https:\/\/ri2020.eu\/en\/#website","url":"https:\/\/ri2020.eu\/en\/","name":"Rijeka 2020","description":"Europska prijestolnica kulture","publisher":{"@id":"https:\/\/ri2020.eu\/en\/#organization"},"potentialAction":[{"@type":"SearchAction","target":{"@type":"EntryPoint","urlTemplate":"https:\/\/ri2020.eu\/en\/?s={search_term_string}"},"query-input":{"@type":"PropertyValueSpecification","valueRequired":true,"valueName":"search_term_string"}}],"inLanguage":"en-US"},{"@type":"Organization","@id":"https:\/\/ri2020.eu\/en\/#organization","name":"Rijeka 2020 d.o.o.","url":"https:\/\/ri2020.eu\/en\/","logo":{"@type":"ImageObject","inLanguage":"en-US","@id":"https:\/\/ri2020.eu\/en\/#\/schema\/logo\/image\/","url":"https:\/\/rijeka2020.eu\/wp-content\/uploads\/2018\/07\/Ri2020-logo.png","contentUrl":"https:\/\/rijeka2020.eu\/wp-content\/uploads\/2018\/07\/Ri2020-logo.png","width":407,"height":175,"caption":"Rijeka 2020 d.o.o."},"image":{"@id":"https:\/\/ri2020.eu\/en\/#\/schema\/logo\/image\/"},"sameAs":["https:\/\/www.facebook.com\/rijeka2020","https:\/\/x.com\/Rijeka2020","https:\/\/www.instagram.com\/rijeka2020\/","https:\/\/www.youtube.com\/user\/riepk2020"]}]}},"_links":{"self":[{"href":"https:\/\/ri2020.eu\/en\/wp-json\/wp\/v2\/press\/48837","targetHints":{"allow":["GET"]}}],"collection":[{"href":"https:\/\/ri2020.eu\/en\/wp-json\/wp\/v2\/press"}],"about":[{"href":"https:\/\/ri2020.eu\/en\/wp-json\/wp\/v2\/types\/press"}],"wp:attachment":[{"href":"https:\/\/ri2020.eu\/en\/wp-json\/wp\/v2\/media?parent=48837"}],"curies":[{"name":"wp","href":"https:\/\/api.w.org\/{rel}","templated":true}]}}