{"id":48693,"date":"2020-01-31T22:22:33","date_gmt":"2020-01-31T21:22:33","guid":{"rendered":"https:\/\/rijeka2020.eu\/press\/otvorena-izlozba-davida-maljkovica-s-kolekcijom\/"},"modified":"2020-01-31T22:54:04","modified_gmt":"2020-01-31T21:54:04","slug":"david-maljkovics-with-the-collection-exhibition-opens","status":"publish","type":"press","link":"https:\/\/ri2020.eu\/en\/press\/david-maljkovics-with-the-collection-exhibition-opens\/","title":{"rendered":"DAVID MALJKOVI\u0106\u2019S \u201cWITH THE COLLECTION\u201d EXHIBITION OPENS"},"content":{"rendered":"<p>\u201cWith the Collection\u201d is an open exhibition format, based on a series of collaborations during several time periods and in several locations. The exhibition\u2019s core is represented by the artist\u2019s distinctive site-specific intervention. In an atypical way, it represents the Museum\u2019s collection, which, since its establishment in 1948, has never been represented by a permanent exhibition, primarily due to limited space. To this day, the Museum does not have a permanent exhibition of its collection. With the artist\u2019s spatial reconfiguration, the Museum\u2019s collection will become more present, and the works from the collection themselves will become more than just ordinary artefacts \u2013 they will gain new meaning, a new contemporaneity and social relevance.<\/p>\n<p>In building up relationship with the Museum\u2019s collection, Maljkovi\u0107 applied his usual artistic methods \u2013 the collage approach, the use of display and existing artifacts as materials. He played with the ways of viewing and the exhibition as a well-rounded experience.<\/p>\n<p>Together with David Maljkovi\u0107, the opening of the exhibition was also attended by many partners with whom collaboration within the exhibition has already been or shall be established in the following three months. The Mayor of Rijeka, Vojko Obersnel, and Director of Rijeka 2020, Emina Vi\u0161ni\u0107, also attended the ceremonial part of the opening.<\/p>\n<p>In addition to exhibiting the Museum\u2019s collection, the artist enabled and opened interaction with the collection for <strong>three artists of the younger generation<\/strong>. <strong>Dora Budor<\/strong> has already performed her intervention titled \u201c<em>There\u2019s something terrible about reality and I do not know what it is. No one will tell me<\/em>\u201d on <strong>the fa\u00e7ade of the Museum\u2019s building<\/strong>, which was <strong>painted red.<\/strong> It presents a continuation of the work this young artist performed as part of the Casa Tomada exhibition in Mexico City in 2018. A project of another young artist who participates in the exhibition has also already begun. It is <strong>\u201cMuseum of the Crystal Skull\u201d by Niko Mihaljevi\u0107<\/strong>. Prompted by the phenomenon of the mythomaniac pop-cultural exploitation of Aztec crystal skulls, with \u201cMuseum of the Crystal Skull\u201d Mihaljevi\u0107 explores the transition of mythological narratives into popular culture, and of the digital turn into museumlikeness.<\/p>\n<p>During a dynamic three months the exhibition will be displayed, various social spaces will be established and operating in the Museum\u2019s exhibition area. This was made clear by the very opening of the exhibition, which was accompanied by <strong>the community internet radio station, Radio Ro\u017ea<\/strong>, a temporary \u201ctenant\u201d of the Museum of Modern and Contemporary Art in the coming months. Furthermore, during the exhibition\u2019s run, the exhibition area also features <strong>a museum bar \u201cAt Charlie\u2019s\u201d, run by Damir \u010cargonja \u010carli.<\/strong><\/p>\n<p>As part of the exhibition, in late March 2020, Amsterdam-based visual artist <strong>Nora Turato<\/strong> will interpret, with her distinctive work, the phenomenon of the private collection, through <strong>the Ivana Brli\u0107 Ma\u017eurani\u0107 collection in Villa Ru\u017ei\u0107<\/strong>, in collaboration with Theodoro de Canziani, the custodian of the collection.<\/p>\n<p>During the exhibition\u2019s run, the Museum of Modern and Contemporary Art will host a dinner with <strong>Klas Grdi\u0107, Igor Rukavina, \u017darko Violi\u0107, Branko Cerovac, and Damir \u010cargonja \u010carli,<\/strong> members of the Rijeka art scene, who were instrumental in Maljkovi\u0107\u2019s artistic formation during the 1990s in Rijeka.<\/p>\n<p>Another integral part of the exhibition is the collaboration with the Dutch Graphic Design and Visual Communications postgraduate studies programme, <strong>Werkplaats Typografie \u2013 WT<\/strong>, whose students designed the exhibition\u2019s visual identity. In late March, they will participate in a workshop in Rijeka that will bring together students from <strong>the WHW Academy<\/strong> and a number of graduates and students from <strong>the Rijeka Academy of Applied Arts<\/strong>, under the mentorship of Petra Mr\u0161a. Their works, inspired by the Museum\u2019s collection, will also become an integral part of the \u201cWith the Collection\u201d exhibition.<\/p>\n<p><strong>David Maljkovi\u0107<\/strong> was born in 1973 in Rijeka. He lives and works in Zagreb. His recent solo exhibitions include The Renaissance Society in Chicago, Palais de Tokyo in Paris, the Kunstmuseum in St Gallen, the BALTIC Centre for Contemporary Artin Gateshead, the Kunsthallein Basel, Van Abbenmuseum in Eindhoven, and Secession in Vienna. He has exhibited at the 11<sup>th<\/sup> Gwangju Biennale, 56<sup>th<\/sup> Venice Biennale, 29<sup>th<\/sup> Biennale in S\u00e3o Paulo, 9<sup>th<\/sup> and 11<sup>th<\/sup> Istanbul Biennale and more, and his works are part of the collections of many world museums, which include the Georges Pompidou Centre in Paris, MUMOK in Vienna, Museo Reina Sof\u00eda in Madrid, MoMA in New York, the Stedelijk Museum in Amsterdam and the Tate collection in London.<\/p>\n<p><strong>The curator of the exhibition is Ivana Me\u0161trov<\/strong>. The assistant curator is Katerina Jovanovi\u0107.<\/p>\n<p>David Maljkovi\u0107\u2019s \u201cWith the Collection\u201d exhibition <strong>will remain open until 20 April 2020.<\/strong><\/p>\n","protected":false},"excerpt":{"rendered":"<p>On 31 January, the evening before the official opening ceremony of Rijeka 2020 \u2013 European Capital of Culture, the Museum of Modern and Contemporary Art Rijeka hosted the opening of the exhibition \u201cWith the Collection\u201d by visual artist David Maljkovi\u0107. It is the first exhibition with which Rijeka started its great cultural year.<\/p>\n","protected":false},"featured_media":0,"parent":0,"template":"","class_list":["post-48693","press","type-press","status-publish","hentry","info-types-press-releases"],"acf":[],"yoast_head":"<!-- This site is optimized with the Yoast SEO plugin v26.8 - https:\/\/yoast.com\/product\/yoast-seo-wordpress\/ -->\n<title>DAVID MALJKOVI\u0106\u2019S \u201cWITH THE COLLECTION\u201d EXHIBITION OPENS &#8226; Rijeka 2020<\/title>\n<meta name=\"robots\" content=\"index, follow, max-snippet:-1, max-image-preview:large, max-video-preview:-1\" \/>\n<link rel=\"canonical\" href=\"https:\/\/ri2020.eu\/en\/press\/david-maljkovics-with-the-collection-exhibition-opens\/\" \/>\n<meta property=\"og:locale\" content=\"en_US\" \/>\n<meta property=\"og:type\" content=\"article\" \/>\n<meta property=\"og:title\" content=\"DAVID MALJKOVI\u0106\u2019S \u201cWITH THE COLLECTION\u201d EXHIBITION OPENS &#8226; Rijeka 2020\" \/>\n<meta property=\"og:description\" content=\"On 31 January, the evening before the official opening ceremony of Rijeka 2020 \u2013 European Capital of Culture, the Museum of Modern and Contemporary Art Rijeka hosted the opening of the exhibition \u201cWith the Collection\u201d by visual artist David Maljkovi\u0107. It is the first exhibition with which Rijeka started its great cultural year.\" \/>\n<meta property=\"og:url\" content=\"https:\/\/ri2020.eu\/en\/press\/david-maljkovics-with-the-collection-exhibition-opens\/\" \/>\n<meta property=\"og:site_name\" content=\"Rijeka 2020\" \/>\n<meta property=\"article:publisher\" content=\"https:\/\/www.facebook.com\/rijeka2020\" \/>\n<meta property=\"article:modified_time\" content=\"2020-01-31T21:54:04+00:00\" \/>\n<meta property=\"og:image\" content=\"https:\/\/ri2020.eu\/wp-content\/uploads\/2019\/02\/Rijeka2020-image.png\" \/>\n\t<meta property=\"og:image:width\" content=\"865\" \/>\n\t<meta property=\"og:image:height\" content=\"865\" \/>\n\t<meta property=\"og:image:type\" content=\"image\/png\" \/>\n<meta name=\"twitter:card\" content=\"summary_large_image\" \/>\n<meta name=\"twitter:site\" content=\"@Rijeka2020\" \/>\n<meta name=\"twitter:label1\" content=\"Est. reading time\" \/>\n\t<meta name=\"twitter:data1\" content=\"4 minutes\" \/>\n<script type=\"application\/ld+json\" class=\"yoast-schema-graph\">{\"@context\":\"https:\/\/schema.org\",\"@graph\":[{\"@type\":\"WebPage\",\"@id\":\"https:\/\/ri2020.eu\/en\/press\/david-maljkovics-with-the-collection-exhibition-opens\/\",\"url\":\"https:\/\/ri2020.eu\/en\/press\/david-maljkovics-with-the-collection-exhibition-opens\/\",\"name\":\"DAVID MALJKOVI\u0106\u2019S \u201cWITH THE COLLECTION\u201d EXHIBITION OPENS &#8226; Rijeka 2020\",\"isPartOf\":{\"@id\":\"https:\/\/ri2020.eu\/en\/#website\"},\"datePublished\":\"2020-01-31T21:22:33+00:00\",\"dateModified\":\"2020-01-31T21:54:04+00:00\",\"breadcrumb\":{\"@id\":\"https:\/\/ri2020.eu\/en\/press\/david-maljkovics-with-the-collection-exhibition-opens\/#breadcrumb\"},\"inLanguage\":\"en-US\",\"potentialAction\":[{\"@type\":\"ReadAction\",\"target\":[\"https:\/\/ri2020.eu\/en\/press\/david-maljkovics-with-the-collection-exhibition-opens\/\"]}]},{\"@type\":\"BreadcrumbList\",\"@id\":\"https:\/\/ri2020.eu\/en\/press\/david-maljkovics-with-the-collection-exhibition-opens\/#breadcrumb\",\"itemListElement\":[{\"@type\":\"ListItem\",\"position\":1,\"name\":\"Home\",\"item\":\"https:\/\/ri2020.eu\/en\/\"},{\"@type\":\"ListItem\",\"position\":2,\"name\":\"DAVID MALJKOVI\u0106\u2019S \u201cWITH THE COLLECTION\u201d EXHIBITION OPENS\"}]},{\"@type\":\"WebSite\",\"@id\":\"https:\/\/ri2020.eu\/en\/#website\",\"url\":\"https:\/\/ri2020.eu\/en\/\",\"name\":\"Rijeka 2020\",\"description\":\"Europska prijestolnica kulture\",\"publisher\":{\"@id\":\"https:\/\/ri2020.eu\/en\/#organization\"},\"potentialAction\":[{\"@type\":\"SearchAction\",\"target\":{\"@type\":\"EntryPoint\",\"urlTemplate\":\"https:\/\/ri2020.eu\/en\/?s={search_term_string}\"},\"query-input\":{\"@type\":\"PropertyValueSpecification\",\"valueRequired\":true,\"valueName\":\"search_term_string\"}}],\"inLanguage\":\"en-US\"},{\"@type\":\"Organization\",\"@id\":\"https:\/\/ri2020.eu\/en\/#organization\",\"name\":\"Rijeka 2020 d.o.o.\",\"url\":\"https:\/\/ri2020.eu\/en\/\",\"logo\":{\"@type\":\"ImageObject\",\"inLanguage\":\"en-US\",\"@id\":\"https:\/\/ri2020.eu\/en\/#\/schema\/logo\/image\/\",\"url\":\"https:\/\/rijeka2020.eu\/wp-content\/uploads\/2018\/07\/Ri2020-logo.png\",\"contentUrl\":\"https:\/\/rijeka2020.eu\/wp-content\/uploads\/2018\/07\/Ri2020-logo.png\",\"width\":407,\"height\":175,\"caption\":\"Rijeka 2020 d.o.o.\"},\"image\":{\"@id\":\"https:\/\/ri2020.eu\/en\/#\/schema\/logo\/image\/\"},\"sameAs\":[\"https:\/\/www.facebook.com\/rijeka2020\",\"https:\/\/x.com\/Rijeka2020\",\"https:\/\/www.instagram.com\/rijeka2020\/\",\"https:\/\/www.youtube.com\/user\/riepk2020\"]}]}<\/script>\n<!-- \/ Yoast SEO plugin. -->","yoast_head_json":{"title":"DAVID MALJKOVI\u0106\u2019S \u201cWITH THE COLLECTION\u201d EXHIBITION OPENS &#8226; Rijeka 2020","robots":{"index":"index","follow":"follow","max-snippet":"max-snippet:-1","max-image-preview":"max-image-preview:large","max-video-preview":"max-video-preview:-1"},"canonical":"https:\/\/ri2020.eu\/en\/press\/david-maljkovics-with-the-collection-exhibition-opens\/","og_locale":"en_US","og_type":"article","og_title":"DAVID MALJKOVI\u0106\u2019S \u201cWITH THE COLLECTION\u201d EXHIBITION OPENS &#8226; Rijeka 2020","og_description":"On 31 January, the evening before the official opening ceremony of Rijeka 2020 \u2013 European Capital of Culture, the Museum of Modern and Contemporary Art Rijeka hosted the opening of the exhibition \u201cWith the Collection\u201d by visual artist David Maljkovi\u0107. It is the first exhibition with which Rijeka started its great cultural year.","og_url":"https:\/\/ri2020.eu\/en\/press\/david-maljkovics-with-the-collection-exhibition-opens\/","og_site_name":"Rijeka 2020","article_publisher":"https:\/\/www.facebook.com\/rijeka2020","article_modified_time":"2020-01-31T21:54:04+00:00","og_image":[{"width":865,"height":865,"url":"https:\/\/ri2020.eu\/wp-content\/uploads\/2019\/02\/Rijeka2020-image.png","type":"image\/png"}],"twitter_card":"summary_large_image","twitter_site":"@Rijeka2020","twitter_misc":{"Est. reading time":"4 minutes"},"schema":{"@context":"https:\/\/schema.org","@graph":[{"@type":"WebPage","@id":"https:\/\/ri2020.eu\/en\/press\/david-maljkovics-with-the-collection-exhibition-opens\/","url":"https:\/\/ri2020.eu\/en\/press\/david-maljkovics-with-the-collection-exhibition-opens\/","name":"DAVID MALJKOVI\u0106\u2019S \u201cWITH THE COLLECTION\u201d EXHIBITION OPENS &#8226; Rijeka 2020","isPartOf":{"@id":"https:\/\/ri2020.eu\/en\/#website"},"datePublished":"2020-01-31T21:22:33+00:00","dateModified":"2020-01-31T21:54:04+00:00","breadcrumb":{"@id":"https:\/\/ri2020.eu\/en\/press\/david-maljkovics-with-the-collection-exhibition-opens\/#breadcrumb"},"inLanguage":"en-US","potentialAction":[{"@type":"ReadAction","target":["https:\/\/ri2020.eu\/en\/press\/david-maljkovics-with-the-collection-exhibition-opens\/"]}]},{"@type":"BreadcrumbList","@id":"https:\/\/ri2020.eu\/en\/press\/david-maljkovics-with-the-collection-exhibition-opens\/#breadcrumb","itemListElement":[{"@type":"ListItem","position":1,"name":"Home","item":"https:\/\/ri2020.eu\/en\/"},{"@type":"ListItem","position":2,"name":"DAVID MALJKOVI\u0106\u2019S \u201cWITH THE COLLECTION\u201d EXHIBITION OPENS"}]},{"@type":"WebSite","@id":"https:\/\/ri2020.eu\/en\/#website","url":"https:\/\/ri2020.eu\/en\/","name":"Rijeka 2020","description":"Europska prijestolnica kulture","publisher":{"@id":"https:\/\/ri2020.eu\/en\/#organization"},"potentialAction":[{"@type":"SearchAction","target":{"@type":"EntryPoint","urlTemplate":"https:\/\/ri2020.eu\/en\/?s={search_term_string}"},"query-input":{"@type":"PropertyValueSpecification","valueRequired":true,"valueName":"search_term_string"}}],"inLanguage":"en-US"},{"@type":"Organization","@id":"https:\/\/ri2020.eu\/en\/#organization","name":"Rijeka 2020 d.o.o.","url":"https:\/\/ri2020.eu\/en\/","logo":{"@type":"ImageObject","inLanguage":"en-US","@id":"https:\/\/ri2020.eu\/en\/#\/schema\/logo\/image\/","url":"https:\/\/rijeka2020.eu\/wp-content\/uploads\/2018\/07\/Ri2020-logo.png","contentUrl":"https:\/\/rijeka2020.eu\/wp-content\/uploads\/2018\/07\/Ri2020-logo.png","width":407,"height":175,"caption":"Rijeka 2020 d.o.o."},"image":{"@id":"https:\/\/ri2020.eu\/en\/#\/schema\/logo\/image\/"},"sameAs":["https:\/\/www.facebook.com\/rijeka2020","https:\/\/x.com\/Rijeka2020","https:\/\/www.instagram.com\/rijeka2020\/","https:\/\/www.youtube.com\/user\/riepk2020"]}]}},"_links":{"self":[{"href":"https:\/\/ri2020.eu\/en\/wp-json\/wp\/v2\/press\/48693","targetHints":{"allow":["GET"]}}],"collection":[{"href":"https:\/\/ri2020.eu\/en\/wp-json\/wp\/v2\/press"}],"about":[{"href":"https:\/\/ri2020.eu\/en\/wp-json\/wp\/v2\/types\/press"}],"wp:attachment":[{"href":"https:\/\/ri2020.eu\/en\/wp-json\/wp\/v2\/media?parent=48693"}],"curies":[{"name":"wp","href":"https:\/\/api.w.org\/{rel}","templated":true}]}}