{"id":48568,"date":"2020-01-30T23:45:36","date_gmt":"2020-01-30T22:45:36","guid":{"rendered":"https:\/\/rijeka2020.eu\/?post_type=press&#038;p=48568"},"modified":"2020-01-31T02:25:16","modified_gmt":"2020-01-31T01:25:16","slug":"info-opening-ecoc","status":"publish","type":"press","link":"https:\/\/ri2020.eu\/en\/press\/press\/info-opening-ecoc\/","title":{"rendered":"Info &#8211; Opening ECOC"},"content":{"rendered":"<p><strong>TIMETABLE OF EVENTS FOR MEDIA<\/strong><\/p>\n<p><strong>This is where all the media releases and free photos will be published throughout the ECoC opening day, along with all other information relevant to media. <\/strong><\/p>\n<p><a href=\"https:\/\/www.google.com\/maps\/d\/viewer?mid=1CHD_QrZwB9jezSnnYNBBK8YvklbffblU&amp;ll=45.325665457587206%2C14.440787241205044&amp;z=17\">This map<\/a> is created for the needs of media representatives. The map shows all the important city points at the date of the opening of ECoC Rijeka 2020, along with the locations of all-day programme events, the central programme in Rijeka Port and PRESS location.<\/p>\n<h2><strong>Friday, 31st January \u2013 a day before the opening of the European Capital of Culture <\/strong><\/h2>\n<p><strong>8.00 a.m. to 5.30 p.m. <\/strong><strong>PRESS CENTRE RIJEKA 2020<\/strong><\/p>\n<p>(<a href=\"https:\/\/g.page\/rihubrijeka?share\"><strong>Ri Hub, 1a Ivana Grohovca St<\/strong><\/a>)<\/p>\n<p>&#8211; media representatives can pick accreditations and Press kits by showing a valid ID (or press card)<\/p>\n<p><strong>5 p.m. \u2013 OPENING OF EXHIBITION \u201cWITH THE COLLECTION\u201c BY DAVID MALJKOVI\u0106 <\/strong><\/p>\n<p>(<a href=\"https:\/\/mmsu.hr\/en\/\"><strong>Museum of Modern and Contemporary Art<\/strong><\/a><strong>, <\/strong><a href=\"https:\/\/goo.gl\/maps\/RMzmVDaYJhwp52T89\"><strong>26c Kre\u0161imirova St<\/strong><\/a>)<\/p>\n<p>&#8211; <a href=\"https:\/\/rijeka2020.eu\/en\/program\/programme-plus\/izlozbe\/with-the-collection-david-maljkovic-hr\/\">Exhibition \u201cWith the Collection<\/a>\u201d<\/p>\n<p>&#8211; exhibition opening for media representatives and European guests (including the ministers of culture from South-East Europe)<\/p>\n<p><strong>7 p.m. \u2013 NIGHT OF MUSEUMS <\/strong><\/p>\n<p>&#8211; <a href=\"https:\/\/rijeka2020.eu\/en\/night-of-museums-in-rijeka\/\">Programme of Night of Museums<\/a> in Rijeka<\/p>\n<p><strong>6 p.m. \u2013 11 p.m. \u2013 REHEARSALS FOR OPERA INDUSTRIALE, CENTRAL PROGRAMME OF THE OPENING OF ECoC<\/strong><\/p>\n<p>(<strong>Rijeka Port, Main stage at De Franceschi Pier<\/strong><strong>, <\/strong><strong>site for filming and coverage: <\/strong><a href=\"https:\/\/www.google.com\/maps\/d\/viewer?mid=1CHD_QrZwB9jezSnnYNBBK8YvklbffblU&amp;ll=45.32725121531109%2C14.440839560408676&amp;z=17\"><strong>TV korner<\/strong><\/a><strong> and <\/strong><a href=\"https:\/\/goo.gl\/maps\/VUrA4ozPW4ds8Twu5\"><strong>Molo longo<\/strong><\/a><strong> breakwater<\/strong>)<\/p>\n<p>&#8211;\u00a0 final rehearsal of <a href=\"https:\/\/rijeka2020.eu\/en\/program\/programme-plus\/festivals-and-events\/opening-of-the-european-capital-of-culture\/opera-industriale-in-the-rijeka-port\/\">Opera Industriale<\/a> from 9 p.m. to 11 p.m.<\/p>\n<p>&#8211; possibility of rehearsals\u2019 coverage, live reporting and short filming of rehearsals from the position of TV Corner and Molo Longo breakwater (access with press ground pass)<\/p>\n<h2><strong><u>Saturday 1st February \u2013 Opening Day <\/u><\/strong><\/h2>\n<p><strong>8 a.m. \u2013 10 p.m. TEMPORARY PRESS CENTRE DURING THE OPENING OF ECOC <\/strong><\/p>\n<p>(<a href=\"https:\/\/www.google.com\/maps\/d\/viewer?mid=1CHD_QrZwB9jezSnnYNBBK8YvklbffblU&amp;ll=45.32725121531109%2C14.440839560408676&amp;z=17\"><strong>PRESS CENTRE<\/strong><\/a><strong>, <\/strong><a href=\"https:\/\/g.page\/Botel-Marina?share\"><strong>Botel Marina<\/strong><\/a><strong>, Rijeka Port, Adami\u0107 Pier<\/strong>)<\/p>\n<p>8.30 a.m. to 7.30 p.m. \u2013 issuing of media accreditations<\/p>\n<p><strong>7 a.m. \u2013\u00a0 4 a.m. ALL-DAY OPENING PROGRAMME <\/strong><\/p>\n<p>(All-day programme on multiple locations \u2013 <a href=\"https:\/\/www.google.com\/maps\/d\/viewer?mid=1CHD_QrZwB9jezSnnYNBBK8YvklbffblU&amp;ll=45.32725121531109%2C14.440839560408676&amp;z=17\">map with marked locations<\/a>)<\/p>\n<p>All day opening programme \u2013 <a href=\"https:\/\/rijeka2020.eu\/en\/program\/programme-plus\/festivals-and-events\/opening-of-the-european-capital-of-culture\/full-day-programme\/\">timetable with locations and description<\/a><\/p>\n<p>In addition \u2013 <a href=\"https:\/\/rijeka2020.eu\/wp-content\/uploads\/2020\/01\/Full-day-Programme_contacts.docx\">programmes with organizers\u2019 contacts<\/a><\/p>\n<p><strong>2 p.m. Photographs and media release from the morning part of the all-day programme <\/strong><\/p>\n<p><strong>&#8211;<\/strong> press releases and photographs from the part of programme taking place at multiple locations throughout the city will be available at <a href=\"https:\/\/rijeka2020.eu\/en\/press\/press\/\">Press<\/a> section of web<strong>\u00a0<\/strong><\/p>\n<p><strong>2.30 p.m. MEDIA CONFERENCE WITH ORGANIZERS<\/strong><\/p>\n<p>(<a href=\"https:\/\/www.google.com\/maps\/d\/viewer?mid=1CHD_QrZwB9jezSnnYNBBK8YvklbffblU&amp;ll=45.32725121531109%2C14.440839560408676&amp;z=17\"><strong>PRESS CENTRE<\/strong><\/a><strong>, <\/strong><a href=\"https:\/\/g.page\/Botel-Marina?share\"><strong>Botel Marina<\/strong><\/a><strong>, Rijeka Port, Adami\u0107 Pier<\/strong>)<\/p>\n<p>&#8211; participants: Mayor of Rijeka Vojko Obersnel, Head of City Department for Culture Ivan \u0160arar, Rijeka 2020 CEO Emina Vi\u0161ni\u0107, Rijeka 2020 CEO for Partnerships and Communications Irena Kregar \u0160egota<\/p>\n<p>&#8211; the option of recording individual statements (according to former requests submitted through the media accreditation forms and emails)<\/p>\n<p><strong>3.30 p.m. MEDIA CONFERENCE WITH ARTISTIC TEAM<\/strong><\/p>\n<p>&#8211; participants: director of central event in Rijeka Port Dalibor Matani\u0107, authors of musical framework for Opera Industriale JMZM (Zoran Medved, Josip Mar\u0161i\u0107), composer and author of orchestration maestro Frano \u0110urovi\u0107<\/p>\n<p><strong>5 p.m.\u2013\u00a0 7.25 p.m. Live-reporting <\/strong><\/p>\n<p>(<a href=\"https:\/\/www.google.com\/maps\/d\/viewer?mid=1CHD_QrZwB9jezSnnYNBBK8YvklbffblU&amp;ll=45.32725121531109%2C14.440839560408676&amp;z=17\"><strong>TV CORNER<\/strong><\/a><strong>, VIP ZONE near Boonker, <\/strong><a href=\"https:\/\/goo.gl\/maps\/Po7eUnr89nd7rwkNA\"><strong>Rijeka Port<\/strong><\/a>)<\/p>\n<p>&#8211; according to the previously arranged schedule with TVs<\/p>\n<p>Notice: entrance into VIP Zone enabling a passage to TV Corner is possible only in company of personnel in charge of media)<\/p>\n<p><strong>5 p.m. Celebration at Croatian National Theatre Ivana pl. Zajc<\/strong><\/p>\n<p>(<a href=\"https:\/\/g.page\/Botel-Marina?share\"><strong>Botel Marina<\/strong><\/a><strong>, Rijeka Port, Adami\u0107 Pier<\/strong>)<\/p>\n<p>&#8211; following the live broadcast at <a href=\"https:\/\/www.google.com\/maps\/d\/viewer?mid=1CHD_QrZwB9jezSnnYNBBK8YvklbffblU&amp;ll=45.32725121531109%2C14.440839560408676&amp;z=17\">PRESS CENTRE<\/a><\/p>\n<p>&#8211; availability of all necessary media materials: programme, speeches, guests, biographies of performers, subsequently the event\u2019s photos as well<\/p>\n<p><strong>6.45 p.m. \u2013 7.15 p.m. VIP guests arriving from the Croatian National Theatre Ivana pl. Zajca to VIP zone <\/strong><\/p>\n<p>(<a href=\"https:\/\/www.google.com\/maps\/d\/viewer?mid=1CHD_QrZwB9jezSnnYNBBK8YvklbffblU&amp;ll=45.32725121531109%2C14.440839560408676&amp;z=17\"><strong>FOTO POINT<\/strong><\/a><strong> at VIP ZONE Boonker<\/strong><strong>, <\/strong><a href=\"https:\/\/goo.gl\/maps\/Po7eUnr89nd7rwkNA\"><strong>Rijeka Port<\/strong><\/a>)<\/p>\n<p>\u2013 possibility of photographing guests during their arrival, in front of VIP Zone<\/p>\n<p><strong>7 p.m. Media release and photographs from the Celebration at Croatian National Theatre Ivana pl. Zajca<\/strong><\/p>\n<p>&#8211; photographs and media release from the Celebration at Croatian National Theatre Ivana pl. Zajca will be available at <a href=\"https:\/\/rijeka2020.eu\/en\/press\/press\/\">Press<\/a> section of web<\/p>\n<p><strong>7.30 p.m. \u2013 8.30 pm CENTRAL OPENING PROGRAMME OPERA INDUSTRIALE<\/strong><\/p>\n<p>(<a href=\"https:\/\/www.google.com\/maps\/d\/viewer?mid=1CHD_QrZwB9jezSnnYNBBK8YvklbffblU&amp;ll=45.325840660775135%2C14.440185101409043&amp;z=17\"><strong>Rijeka Port<\/strong><\/a>)<\/p>\n<p>&#8211; possibility of <strong>coverage for media representatives<\/strong>:<\/p>\n<ul>\n<li>PRESS CENTRE Botel Marina \u2013 canvas projector screen, screens in salons, coverage from the ship\u2019s prow and from the upper deck<\/li>\n<\/ul>\n<p>&#8211; possibility of <strong>coverage for camera operators and photo reporters<\/strong>:<\/p>\n<ul>\n<li>PRESS PIT in front of the main stage<\/li>\n<li>PRESS CENTRE, ship\u2019s prow of Botel Marina<\/li>\n<li>EMBARKING ON BOATS and coverage from the sea <a href=\"https:\/\/www.google.com\/maps\/d\/viewer?mid=1CHD_QrZwB9jezSnnYNBBK8YvklbffblU&amp;ll=45.3263520000195%2C14.439677999999958&amp;z=20\">near<\/a> PRESS CENTRE \u2013 according to previously stated interest; contact for foreign media representatives: <strong>Mario Aunedi Medek<\/strong> <strong>+385 91 5709 335)<\/strong><strong>\u00a0<\/strong><\/li>\n<\/ul>\n<p><strong>9 p.m. Media release and official photos from the central opening programme in Rijeka Port <\/strong><\/p>\n<p>&#8211; media release<\/p>\n<p>&#8211; available photos: from the positions of VIP lodge, main stage, Mall Ri<\/p>\n<p><strong>9 p.m. \u2013 10 p.m. Statements by organizers, and \u2013 if available \u2013 by state officials and VIP guests <\/strong><\/p>\n<p><strong>(<\/strong><a href=\"https:\/\/www.google.com\/maps\/d\/viewer?mid=1CHD_QrZwB9jezSnnYNBBK8YvklbffblU&amp;ll=45.3263520000195%2C14.439677999999958&amp;z=20\"><strong>PRESS CORNER<\/strong><\/a><strong>, near VIP ZONE Boonker)<\/strong><\/p>\n<p><strong>10 p.m. \u2013 4 a.m. Entertainment and culture continue throughout the city&#8230; <\/strong><\/p>\n<p>(<a href=\"https:\/\/rijeka2020.eu\/wp-content\/uploads\/2020\/01\/Full-day-Programme_contacts.docx\">organizers&#8217; contacts<\/a> are listed inside the document containing all the contacts)<\/p>\n<h2><strong><u>Sunday 2nd February \u2013 the day after the opening <\/u><\/strong><\/h2>\n<p><strong>10 a.m. Media release and official photographs from the evening part of all-day events and parties \u2013 available at <\/strong><a href=\"https:\/\/rijeka2020.eu\/en\/press\/press\/\"><strong>Press<\/strong><\/a><strong> section of web<\/strong><\/p>\n<p>&nbsp;<\/p>\n<h2><strong><u>Contacts:<\/u><\/strong><\/h2>\n<p><strong>general: <\/strong><a href=\"mailto:press@rijeka2020.eu\"><strong>press@rijeka2020.eu<\/strong><\/a><\/p>\n<p><strong>FOR FOREIGN JOURNALISTS, PHOTO REPORTERS AND CAMERA OPERATORS:<\/strong><\/p>\n<p><strong>Maja Gradi\u0161ar Peroti\u0107<\/strong><\/p>\n<p>mob:<strong> +385 91 6252 091<\/strong><\/p>\n<p>e-mail: <a href=\"mailto:maja.gradisar.perotic@media-val.hr\"><strong>maja.gradisar.perotic@media-val.hr<\/strong><\/a><\/p>\n<p><strong>Ane Radovi\u0107<\/strong><\/p>\n<p>mob:<strong> +385 98 9733 196<\/strong><\/p>\n<p>e-mail: <a href=\"mailto:ane.radovic@media-val.hr\"><strong>ane.radovic@media-val.hr<\/strong><\/a><\/p>\n<p><strong>\u00a0<\/strong><\/p>\n<p>for Croatian national journalists, photo reporters and camera operators:<\/p>\n<p>Svebor Greti\u0107<\/p>\n<p>mob: +385 99 2083 009,<\/p>\n<p>e-mail: <a href=\"mailto:svebor.gretic@madison.hr\">svebor.gretic@madison.hr<\/a><\/p>\n<p>Milivoj \u0110ilas<\/p>\n<p>mob: +385 99 2083 015<\/p>\n<p>e-mail: <a href=\"mailto:milivoj.djilas@madison.hr\">milivoj.djilas@madison.hr<\/a><\/p>\n<p>&nbsp;<\/p>\n<p>for Croatian local journalists, photo reporters and camera operators:<\/p>\n<p>Lena Stojiljkovi\u0107<\/p>\n<p>mob: +385 98 915 65 67<\/p>\n<p>e-mail: <a href=\"mailto:lena.stojiljkovic@rijeka2020.eu\">lena.stojiljkovic@rijeka2020.eu<\/a><\/p>\n<p>Gordana Brki\u0107 \u017dagar<\/p>\n<p>mob: +385 99 244 22 63<\/p>\n<p>e-mail: <a href=\"mailto:gordana.brkic-zagar@rijeka.hr\">gordana.brkic-zagar@rijeka.hr<\/a><\/p>\n<p>&nbsp;<\/p>\n<div>\n<p class=\"x_MsoNormal\">We are providing you with<span class=\"x_apple-converted-space\"><b>\u00a0<\/b><\/span><b>data and contacts necessary for retransmitting the broadcast signal<span class=\"x_apple-converted-space\">\u00a0<\/span><\/b>of the Opening Ceremony of Rijeka 2020 &#8211; the European Capital of Culture,<span class=\"x_apple-converted-space\"><b>\u00a0<\/b><\/span>via<span class=\"x_apple-converted-space\">\u00a0<\/span><b>a satellite or stream.<\/b><\/p>\n<\/div>\n<div>\n<p class=\"x_MsoNormal\">On Saturday, 1.2.2020., HRT (Croatian Radiotelevision) will<span class=\"x_apple-converted-space\">\u00a0<\/span><b>provide, without compensation, all interested media with the signal<span class=\"x_apple-converted-space\">\u00a0<\/span><\/b>(clean feed) of the Opening Ceremony of Rijeka 2020 \u2013 the European Capital of Culture:<\/p>\n<\/div>\n<div>\n<ul>\n<li class=\"x_MsoNormal\"><b>17.00 &#8211; 18.30 \u00a0<\/b>broadcast of\u00a0<b>the ceremony in the Croatian National Theatre Ivan pl. Zajc<\/b><\/li>\n<\/ul>\n<\/div>\n<div>\n<ul>\n<li class=\"x_MsoNormal\"><b>19.30 &#8211; 20.30\u00a0\u00a0<\/b>broadcast of the central opening programme<b>\u00a0Opera Industriale\u00a0in the Rijeka Port\u00a0<\/b><\/li>\n<\/ul>\n<\/div>\n<div>\n<p class=\"x_MsoNormal\">Here are the<span class=\"x_apple-converted-space\">\u00a0<\/span><b>parameters for connecting to the satellite:<\/b><\/p>\n<\/div>\n<div>\n<p class=\"x_MsoNormal\">Satellite: Eutelsat 16A<\/p>\n<\/div>\n<div>\n<p class=\"x_MsoNormal\">Satellite position: 16\u00b0E<\/p>\n<\/div>\n<div>\n<p class=\"x_MsoNormal\">Transmission format: DVB-S QPSK<\/p>\n<\/div>\n<div>\n<p class=\"x_MsoNormal\">Frequency: 10.720 GHz<\/p>\n<\/div>\n<div>\n<p class=\"x_MsoNormal\">Polarization: Horizontal (X)<\/p>\n<\/div>\n<div>\n<p class=\"x_MsoNormal\">Symbol rate: 27500 Msym\/s<\/p>\n<\/div>\n<div>\n<p class=\"x_MsoNormal\">FEC: 3\/4<\/p>\n<\/div>\n<div>\n<p class=\"x_MsoNormal\">\n<\/div>\n<div>\n<p class=\"x_MsoNormal\">Encryption: BISS-1(AB1234567890)<\/p>\n<\/div>\n<div>\n<p class=\"x_MsoNormal\">Service ID: 8888<\/p>\n<\/div>\n<div>\n<p class=\"x_MsoNormal\">Service name MCPC: Rijeka EPK<\/p>\n<\/div>\n<div>\n<p class=\"x_MsoNormal\">Bitrate: 22 Mbps<\/p>\n<\/div>\n<div>\n<p class=\"x_MsoNormal\">Video: HD H.264 4:2:0<\/p>\n<\/div>\n<div>\n<p class=\"x_MsoNormal\">Audio: Ch 1&amp;2 , Ch 3&amp;4<\/p>\n<\/div>\n<div>\n<p class=\"x_MsoNormal\">\n<\/div>\n<div>\n<p class=\"x_MsoNormal\">In case of any need for clarification, feel free to contact Transmitters and Communications. Contact:<\/p>\n<\/div>\n<div>\n<p class=\"x_MsoNormal\"><b>Vedran Miholi\u0107<\/b><br \/>\n<b>tel<\/b>\u00a0+385 1 6186659 |\u00a0<b>mob<\/b>\u00a0+385 99 6186659<br \/>\n<b>e-mail:\u00a0<\/b>\u00a0<a href=\"mailto:Vedran.Miholic@oiv.hr\" target=\"_blank\" rel=\"noopener noreferrer\" data-auth=\"NotApplicable\">Vedran.Miholic@oiv.hr<\/a><\/p>\n<\/div>\n<div>\n<p class=\"x_MsoNormal\">\n<\/div>\n<div>\n<p class=\"x_MsoNormal\"><b>For taking over the stream\u00a0<\/b>please refer to YouTube channels Rijeka2020 and Grad Rijeka:<\/p>\n<\/div>\n<div>\n<p class=\"x_MsoNormal\"><a href=\"https:\/\/www.youtube.com\/user\/riepk2020\" target=\"_blank\" rel=\"noopener noreferrer\" data-auth=\"NotApplicable\">https:\/\/www.youtube.com\/user\/riepk2020<\/a><\/p>\n<\/div>\n<div>\n<p class=\"x_MsoNormal\"><a href=\"https:\/\/www.youtube.com\/user\/gradrijeka\" target=\"_blank\" rel=\"noopener noreferrer\" data-auth=\"NotApplicable\">https:\/\/www.youtube.com\/user\/gradrijeka<\/a><\/p>\n<\/div>\n<div>\n<p class=\"x_MsoNormal\">\n<\/div>\n<div>\n<p class=\"x_MsoNormal\">For additional clarification, please contact a colleague from the City of Rijeka:<span class=\"x_apple-converted-space\">\u00a0<\/span><\/p>\n<\/div>\n<div>\n<p class=\"x_MsoNormal\"><b>Goran Grudi\u0107<\/b><\/p>\n<\/div>\n<div>\n<p class=\"x_MsoNormal\"><b>mob: +385 91 5221 083<\/b><\/p>\n<\/div>\n<div>\n<p class=\"x_MsoNormal\"><b>e-mail:\u00a0<\/b><a href=\"mailto:goran.grudic@rijeka.hr\" target=\"_blank\" rel=\"noopener noreferrer\" data-auth=\"NotApplicable\"><b>goran.grudic@rijeka.hr<\/b><\/a><b>\u00a0<\/b><\/p>\n<\/div>\n","protected":false},"excerpt":{"rendered":"<p>TIMETABLE OF EVENTS FOR MEDIA This is where all the media releases and free photos will be published throughout the ECoC opening day, along with all other information relevant to media. This map is created for the needs of media representatives. The map shows all the important city points at the date of the opening<\/p>\n","protected":false},"featured_media":0,"parent":45253,"template":"template-press-page.php","class_list":["post-48568","press","type-press","status-publish","hentry"],"acf":[],"yoast_head":"<!-- This site is optimized with the Yoast SEO plugin v26.8 - https:\/\/yoast.com\/product\/yoast-seo-wordpress\/ -->\n<title>Info - Opening ECOC &#8226; Rijeka 2020<\/title>\n<meta name=\"robots\" content=\"index, follow, max-snippet:-1, max-image-preview:large, max-video-preview:-1\" \/>\n<link rel=\"canonical\" href=\"https:\/\/ri2020.eu\/en\/press\/press\/info-opening-ecoc\/\" \/>\n<meta property=\"og:locale\" content=\"en_US\" \/>\n<meta property=\"og:type\" content=\"article\" \/>\n<meta property=\"og:title\" content=\"Info - Opening ECOC &#8226; Rijeka 2020\" \/>\n<meta property=\"og:description\" content=\"TIMETABLE OF EVENTS FOR MEDIA This is where all the media releases and free photos will be published throughout the ECoC opening day, along with all other information relevant to media. This map is created for the needs of media representatives. The map shows all the important city points at the date of the opening\" \/>\n<meta property=\"og:url\" content=\"https:\/\/ri2020.eu\/en\/press\/press\/info-opening-ecoc\/\" \/>\n<meta property=\"og:site_name\" content=\"Rijeka 2020\" \/>\n<meta property=\"article:publisher\" content=\"https:\/\/www.facebook.com\/rijeka2020\" \/>\n<meta property=\"article:modified_time\" content=\"2020-01-31T01:25:16+00:00\" \/>\n<meta property=\"og:image\" content=\"https:\/\/ri2020.eu\/wp-content\/uploads\/2019\/02\/Rijeka2020-image.png\" \/>\n\t<meta property=\"og:image:width\" content=\"865\" \/>\n\t<meta property=\"og:image:height\" content=\"865\" \/>\n\t<meta property=\"og:image:type\" content=\"image\/png\" \/>\n<meta name=\"twitter:card\" content=\"summary_large_image\" \/>\n<meta name=\"twitter:site\" content=\"@Rijeka2020\" \/>\n<meta name=\"twitter:label1\" content=\"Est. reading time\" \/>\n\t<meta name=\"twitter:data1\" content=\"6 minutes\" \/>\n<script type=\"application\/ld+json\" class=\"yoast-schema-graph\">{\"@context\":\"https:\/\/schema.org\",\"@graph\":[{\"@type\":\"WebPage\",\"@id\":\"https:\/\/ri2020.eu\/en\/press\/press\/info-opening-ecoc\/\",\"url\":\"https:\/\/ri2020.eu\/en\/press\/press\/info-opening-ecoc\/\",\"name\":\"Info - Opening ECOC &#8226; Rijeka 2020\",\"isPartOf\":{\"@id\":\"https:\/\/ri2020.eu\/en\/#website\"},\"datePublished\":\"2020-01-30T22:45:36+00:00\",\"dateModified\":\"2020-01-31T01:25:16+00:00\",\"breadcrumb\":{\"@id\":\"https:\/\/ri2020.eu\/en\/press\/press\/info-opening-ecoc\/#breadcrumb\"},\"inLanguage\":\"en-US\",\"potentialAction\":[{\"@type\":\"ReadAction\",\"target\":[\"https:\/\/ri2020.eu\/en\/press\/press\/info-opening-ecoc\/\"]}]},{\"@type\":\"BreadcrumbList\",\"@id\":\"https:\/\/ri2020.eu\/en\/press\/press\/info-opening-ecoc\/#breadcrumb\",\"itemListElement\":[{\"@type\":\"ListItem\",\"position\":1,\"name\":\"Home\",\"item\":\"https:\/\/ri2020.eu\/en\/\"},{\"@type\":\"ListItem\",\"position\":2,\"name\":\"PRESS\",\"item\":\"https:\/\/ri2020.eu\/en\/press\/press\/\"},{\"@type\":\"ListItem\",\"position\":3,\"name\":\"Info &#8211; Opening ECOC\"}]},{\"@type\":\"WebSite\",\"@id\":\"https:\/\/ri2020.eu\/en\/#website\",\"url\":\"https:\/\/ri2020.eu\/en\/\",\"name\":\"Rijeka 2020\",\"description\":\"Europska prijestolnica kulture\",\"publisher\":{\"@id\":\"https:\/\/ri2020.eu\/en\/#organization\"},\"potentialAction\":[{\"@type\":\"SearchAction\",\"target\":{\"@type\":\"EntryPoint\",\"urlTemplate\":\"https:\/\/ri2020.eu\/en\/?s={search_term_string}\"},\"query-input\":{\"@type\":\"PropertyValueSpecification\",\"valueRequired\":true,\"valueName\":\"search_term_string\"}}],\"inLanguage\":\"en-US\"},{\"@type\":\"Organization\",\"@id\":\"https:\/\/ri2020.eu\/en\/#organization\",\"name\":\"Rijeka 2020 d.o.o.\",\"url\":\"https:\/\/ri2020.eu\/en\/\",\"logo\":{\"@type\":\"ImageObject\",\"inLanguage\":\"en-US\",\"@id\":\"https:\/\/ri2020.eu\/en\/#\/schema\/logo\/image\/\",\"url\":\"https:\/\/rijeka2020.eu\/wp-content\/uploads\/2018\/07\/Ri2020-logo.png\",\"contentUrl\":\"https:\/\/rijeka2020.eu\/wp-content\/uploads\/2018\/07\/Ri2020-logo.png\",\"width\":407,\"height\":175,\"caption\":\"Rijeka 2020 d.o.o.\"},\"image\":{\"@id\":\"https:\/\/ri2020.eu\/en\/#\/schema\/logo\/image\/\"},\"sameAs\":[\"https:\/\/www.facebook.com\/rijeka2020\",\"https:\/\/x.com\/Rijeka2020\",\"https:\/\/www.instagram.com\/rijeka2020\/\",\"https:\/\/www.youtube.com\/user\/riepk2020\"]}]}<\/script>\n<!-- \/ Yoast SEO plugin. -->","yoast_head_json":{"title":"Info - Opening ECOC &#8226; Rijeka 2020","robots":{"index":"index","follow":"follow","max-snippet":"max-snippet:-1","max-image-preview":"max-image-preview:large","max-video-preview":"max-video-preview:-1"},"canonical":"https:\/\/ri2020.eu\/en\/press\/press\/info-opening-ecoc\/","og_locale":"en_US","og_type":"article","og_title":"Info - Opening ECOC &#8226; Rijeka 2020","og_description":"TIMETABLE OF EVENTS FOR MEDIA This is where all the media releases and free photos will be published throughout the ECoC opening day, along with all other information relevant to media. This map is created for the needs of media representatives. The map shows all the important city points at the date of the opening","og_url":"https:\/\/ri2020.eu\/en\/press\/press\/info-opening-ecoc\/","og_site_name":"Rijeka 2020","article_publisher":"https:\/\/www.facebook.com\/rijeka2020","article_modified_time":"2020-01-31T01:25:16+00:00","og_image":[{"width":865,"height":865,"url":"https:\/\/ri2020.eu\/wp-content\/uploads\/2019\/02\/Rijeka2020-image.png","type":"image\/png"}],"twitter_card":"summary_large_image","twitter_site":"@Rijeka2020","twitter_misc":{"Est. reading time":"6 minutes"},"schema":{"@context":"https:\/\/schema.org","@graph":[{"@type":"WebPage","@id":"https:\/\/ri2020.eu\/en\/press\/press\/info-opening-ecoc\/","url":"https:\/\/ri2020.eu\/en\/press\/press\/info-opening-ecoc\/","name":"Info - Opening ECOC &#8226; Rijeka 2020","isPartOf":{"@id":"https:\/\/ri2020.eu\/en\/#website"},"datePublished":"2020-01-30T22:45:36+00:00","dateModified":"2020-01-31T01:25:16+00:00","breadcrumb":{"@id":"https:\/\/ri2020.eu\/en\/press\/press\/info-opening-ecoc\/#breadcrumb"},"inLanguage":"en-US","potentialAction":[{"@type":"ReadAction","target":["https:\/\/ri2020.eu\/en\/press\/press\/info-opening-ecoc\/"]}]},{"@type":"BreadcrumbList","@id":"https:\/\/ri2020.eu\/en\/press\/press\/info-opening-ecoc\/#breadcrumb","itemListElement":[{"@type":"ListItem","position":1,"name":"Home","item":"https:\/\/ri2020.eu\/en\/"},{"@type":"ListItem","position":2,"name":"PRESS","item":"https:\/\/ri2020.eu\/en\/press\/press\/"},{"@type":"ListItem","position":3,"name":"Info &#8211; Opening ECOC"}]},{"@type":"WebSite","@id":"https:\/\/ri2020.eu\/en\/#website","url":"https:\/\/ri2020.eu\/en\/","name":"Rijeka 2020","description":"Europska prijestolnica kulture","publisher":{"@id":"https:\/\/ri2020.eu\/en\/#organization"},"potentialAction":[{"@type":"SearchAction","target":{"@type":"EntryPoint","urlTemplate":"https:\/\/ri2020.eu\/en\/?s={search_term_string}"},"query-input":{"@type":"PropertyValueSpecification","valueRequired":true,"valueName":"search_term_string"}}],"inLanguage":"en-US"},{"@type":"Organization","@id":"https:\/\/ri2020.eu\/en\/#organization","name":"Rijeka 2020 d.o.o.","url":"https:\/\/ri2020.eu\/en\/","logo":{"@type":"ImageObject","inLanguage":"en-US","@id":"https:\/\/ri2020.eu\/en\/#\/schema\/logo\/image\/","url":"https:\/\/rijeka2020.eu\/wp-content\/uploads\/2018\/07\/Ri2020-logo.png","contentUrl":"https:\/\/rijeka2020.eu\/wp-content\/uploads\/2018\/07\/Ri2020-logo.png","width":407,"height":175,"caption":"Rijeka 2020 d.o.o."},"image":{"@id":"https:\/\/ri2020.eu\/en\/#\/schema\/logo\/image\/"},"sameAs":["https:\/\/www.facebook.com\/rijeka2020","https:\/\/x.com\/Rijeka2020","https:\/\/www.instagram.com\/rijeka2020\/","https:\/\/www.youtube.com\/user\/riepk2020"]}]}},"_links":{"self":[{"href":"https:\/\/ri2020.eu\/en\/wp-json\/wp\/v2\/press\/48568","targetHints":{"allow":["GET"]}}],"collection":[{"href":"https:\/\/ri2020.eu\/en\/wp-json\/wp\/v2\/press"}],"about":[{"href":"https:\/\/ri2020.eu\/en\/wp-json\/wp\/v2\/types\/press"}],"up":[{"embeddable":true,"href":"https:\/\/ri2020.eu\/en\/wp-json\/wp\/v2\/press\/45253"}],"wp:attachment":[{"href":"https:\/\/ri2020.eu\/en\/wp-json\/wp\/v2\/media?parent=48568"}],"curies":[{"name":"wp","href":"https:\/\/api.w.org\/{rel}","templated":true}]}}