{"id":48349,"date":"2020-01-27T11:56:14","date_gmt":"2020-01-27T10:56:14","guid":{"rendered":"https:\/\/rijeka2020.eu\/press\/prva-velika-izlozba-epk-david-maljkovic-s-kolekcijom\/"},"modified":"2020-01-30T14:11:39","modified_gmt":"2020-01-30T13:11:39","slug":"first-major-ecoc-exhibition-to-open","status":"publish","type":"press","link":"https:\/\/ri2020.eu\/en\/press\/first-major-ecoc-exhibition-to-open\/","title":{"rendered":"First Major ECoC Exhibition to Open"},"content":{"rendered":"<p>Rijeka, 24 January 2020<\/p>\n<p><strong>PRESS RELEASE<\/strong><\/p>\n<p style=\"text-align: center;\"><strong>First Major ECoC Exhibition to Open<\/strong><strong>\u00a0<\/strong><\/p>\n<p style=\"text-align: center;\">&#8220;With the Collection&#8221; exhibition by visual artist David Maljkovi\u0107 in the Rijeka Museum of Modern and Contemporary Art<\/p>\n<p>&nbsp;<\/p>\n<p><strong>On Friday, 31 January, at 8 p.m., one day before the official opening ceremony of Rijeka 2020 \u2013 European Capital of Culture, the Museum of Modern and Contemporary Art will be host to the opening of the first major ECoC exhibition \u2013 &#8220;With the Collection&#8221; by artist David Maljkovi\u0107.<\/strong><\/p>\n<p><strong>&#8220;<a href=\"https:\/\/rijeka2020.eu\/en\/program\/programme-plus\/izlozbe\/with-the-collection-david-maljkovic-hr\/\" target=\"_blank\" rel=\"noopener noreferrer\">With the Collection<\/a>&#8221; is an open exhibition format, <\/strong>based on a series of collaborations during several time periods and in several locations. The exhibition&#8217;s core is represented by the artist&#8217;s distinctive site-specific intervention. In an atypical way, it represents the Museum&#8217;s collection, which, since its establishment in 1948, has never been represented by a permanent exhibition, primarily due to limited space. To this day, the Museum does not have a permanent exhibition of its collection. <strong>With the artist&#8217;s spatial reconfiguration, the Museum&#8217;s collection will become more present, and the works from the collection themselves will become more than just ordinary artefacts &#8211; they will gain new meaning, a new contemporaneity and social relevance. <\/strong><\/p>\n<p>In addition to exhibiting the Museum&#8217;s collection, the artist will share his interaction with the collection, with three artists of the younger generation.<\/p>\n<p><strong>Dora Budor<\/strong> will perform an intervention on the fa\u00e7ade of the Museum&#8217;s building, titled <strong>&#8220;There\u2019s something terrible about reality and I do not know what it is. No one will tell me&#8221;<\/strong>, as a continuation of the work she performed as part of the Casa Tomada exhibition in Mexico City in 2018.<\/p>\n<p>With his work,<strong> &#8220;Museum of the Crystal Skull&#8221;<\/strong>,<strong> Niko Mihaljevi\u0107<\/strong>, prompted by the phenomenon of the mythomaniac pop-cultural exploitation of Aztec crystal skulls, explores the transition of mythological narratives into popular culture, and of the digital turn into museumlikeness.<\/p>\n<p>In late March of 2020, Amsterdam-based visual artist <strong>Nora Turato<\/strong> will interpret, with her distinctive work, the <strong>phenomenon of the private collection<\/strong>, through the Ivana Brli\u0107 Ma\u017eurani\u0107 collection in Villa Ru\u017ei\u0107, in collaboration with Theodoro Canziani, the custodian of the collection.<\/p>\n<p>During a dynamic three months, various social spaces will be established and operating in the Museum&#8217;s exhibition area. This will be made clear by the very opening of the exhibition, since it will be accompanied by the community internet radio station,<strong> Radio Ro\u017ea<\/strong>, a temporary &#8220;tenant&#8221; of the museum in the coming months. <strong>The opening&#8217;s music programme will be curated by TIPSY, and during the exhibition&#8217;s run, a pop-up bar will be led by Damir \u010cargonja \u010carli. <\/strong><\/p>\n<p>In late February, the Museum of Modern and Contemporary Art will host a dinner with <strong>Klas Grdi\u0107, Igor Rukavina, \u017darko Violi\u0107, Branko Cerovac, and Damir \u010cargonja \u010carli<\/strong>, members of the Rijeka art scene, who were instrumental in Maljkovi\u0107&#8217;s artistic formation during the 1990s in Rijeka.<\/p>\n<p>Another integral part of the exhibition is the collaboration with the Dutch Graphic Design and Visual Communications postgraduate studies programme, <strong>Werkplaats Typografie \u2013 WT<\/strong>, whose students designed the exhibition&#8217;s visual identity. In late March, they will participate in a workshop in Rijeka that will bring together students from the WHW Academy and a number of graduates and students from the Rijeka Academy of Applied Arts, under the mentorship of <strong>Petra Mr\u0161a.<\/strong> Their works, inspired by the Museum&#8217;s collection, will also become an integral part of the &#8220;With the Collection&#8221; exhibition.<\/p>\n<p>&nbsp;<\/p>\n<p><strong>David Maljkovi\u0107<\/strong> was born in Rijeka in 1973. He lives and works in Zagreb. His more recent solo exhibitions have been shown in The Renaissance Society in Chicago, the Palais de Tokyo in Paris, the Kunstmuseum in St. Gallen, the BALTIC Centre for Contemporary Art in Gateshead, the Kunsthalle in Basel, the Van Abbenmuseum in Eindhoven, and the Secession in Vienna. He exhibited at the 11th Gwangju Biennale, the 56th Venice Biennale, the 29th Sao Paolo Biennale, the 11th and 9th Istanbul Biennale, and his works have been included in numerous collections around the world, including the G. Pompidou Centre in Paris, the MUMOK in Vienna, the Museo Reina Sofia in Madrid, the MoMA in New York, the Stedelijk Museum in Amsterdam, and the Tate Collection in London.<\/p>\n<p><strong>The exhibition&#8217;s curator is Ivana Me\u0161trov. The exhibition assistant is Katerina Jovanovi\u0107.<\/strong><\/p>\n<p>The exhibition will remain open until 20 April 2020.<\/p>\n","protected":false},"excerpt":{"rendered":"<p>Rijeka, 24 January 2020 PRESS RELEASE First Major ECoC Exhibition to Open\u00a0 &#8220;With the Collection&#8221; exhibition by visual artist David Maljkovi\u0107 in the Rijeka Museum of Modern and Contemporary Art &nbsp; On Friday, 31 January, at 8 p.m., one day before the official opening ceremony of Rijeka 2020 \u2013 European Capital of Culture, the Museum<\/p>\n","protected":false},"featured_media":0,"parent":0,"template":"","class_list":["post-48349","press","type-press","status-publish","hentry","info-types-press-releases"],"acf":[],"yoast_head":"<!-- This site is optimized with the Yoast SEO plugin v26.8 - https:\/\/yoast.com\/product\/yoast-seo-wordpress\/ -->\n<title>First Major ECoC Exhibition to Open &#8226; Rijeka 2020<\/title>\n<meta name=\"robots\" content=\"index, follow, max-snippet:-1, max-image-preview:large, max-video-preview:-1\" \/>\n<link rel=\"canonical\" href=\"https:\/\/ri2020.eu\/en\/press\/first-major-ecoc-exhibition-to-open\/\" \/>\n<meta property=\"og:locale\" content=\"en_US\" \/>\n<meta property=\"og:type\" content=\"article\" \/>\n<meta property=\"og:title\" content=\"First Major ECoC Exhibition to Open &#8226; Rijeka 2020\" \/>\n<meta property=\"og:description\" content=\"Rijeka, 24 January 2020 PRESS RELEASE First Major ECoC Exhibition to Open\u00a0 &#8220;With the Collection&#8221; exhibition by visual artist David Maljkovi\u0107 in the Rijeka Museum of Modern and Contemporary Art &nbsp; On Friday, 31 January, at 8 p.m., one day before the official opening ceremony of Rijeka 2020 \u2013 European Capital of Culture, the Museum\" \/>\n<meta property=\"og:url\" content=\"https:\/\/ri2020.eu\/en\/press\/first-major-ecoc-exhibition-to-open\/\" \/>\n<meta property=\"og:site_name\" content=\"Rijeka 2020\" \/>\n<meta property=\"article:publisher\" content=\"https:\/\/www.facebook.com\/rijeka2020\" \/>\n<meta property=\"article:modified_time\" content=\"2020-01-30T13:11:39+00:00\" \/>\n<meta property=\"og:image\" content=\"https:\/\/ri2020.eu\/wp-content\/uploads\/2019\/02\/Rijeka2020-image.png\" \/>\n\t<meta property=\"og:image:width\" content=\"865\" \/>\n\t<meta property=\"og:image:height\" content=\"865\" \/>\n\t<meta property=\"og:image:type\" content=\"image\/png\" \/>\n<meta name=\"twitter:card\" content=\"summary_large_image\" \/>\n<meta name=\"twitter:site\" content=\"@Rijeka2020\" \/>\n<meta name=\"twitter:label1\" content=\"Est. reading time\" \/>\n\t<meta name=\"twitter:data1\" content=\"4 minutes\" \/>\n<script type=\"application\/ld+json\" class=\"yoast-schema-graph\">{\"@context\":\"https:\/\/schema.org\",\"@graph\":[{\"@type\":\"WebPage\",\"@id\":\"https:\/\/ri2020.eu\/en\/press\/first-major-ecoc-exhibition-to-open\/\",\"url\":\"https:\/\/ri2020.eu\/en\/press\/first-major-ecoc-exhibition-to-open\/\",\"name\":\"First Major ECoC Exhibition to Open &#8226; Rijeka 2020\",\"isPartOf\":{\"@id\":\"https:\/\/ri2020.eu\/en\/#website\"},\"datePublished\":\"2020-01-27T10:56:14+00:00\",\"dateModified\":\"2020-01-30T13:11:39+00:00\",\"breadcrumb\":{\"@id\":\"https:\/\/ri2020.eu\/en\/press\/first-major-ecoc-exhibition-to-open\/#breadcrumb\"},\"inLanguage\":\"en-US\",\"potentialAction\":[{\"@type\":\"ReadAction\",\"target\":[\"https:\/\/ri2020.eu\/en\/press\/first-major-ecoc-exhibition-to-open\/\"]}]},{\"@type\":\"BreadcrumbList\",\"@id\":\"https:\/\/ri2020.eu\/en\/press\/first-major-ecoc-exhibition-to-open\/#breadcrumb\",\"itemListElement\":[{\"@type\":\"ListItem\",\"position\":1,\"name\":\"Home\",\"item\":\"https:\/\/ri2020.eu\/en\/\"},{\"@type\":\"ListItem\",\"position\":2,\"name\":\"First Major ECoC Exhibition to Open\"}]},{\"@type\":\"WebSite\",\"@id\":\"https:\/\/ri2020.eu\/en\/#website\",\"url\":\"https:\/\/ri2020.eu\/en\/\",\"name\":\"Rijeka 2020\",\"description\":\"Europska prijestolnica kulture\",\"publisher\":{\"@id\":\"https:\/\/ri2020.eu\/en\/#organization\"},\"potentialAction\":[{\"@type\":\"SearchAction\",\"target\":{\"@type\":\"EntryPoint\",\"urlTemplate\":\"https:\/\/ri2020.eu\/en\/?s={search_term_string}\"},\"query-input\":{\"@type\":\"PropertyValueSpecification\",\"valueRequired\":true,\"valueName\":\"search_term_string\"}}],\"inLanguage\":\"en-US\"},{\"@type\":\"Organization\",\"@id\":\"https:\/\/ri2020.eu\/en\/#organization\",\"name\":\"Rijeka 2020 d.o.o.\",\"url\":\"https:\/\/ri2020.eu\/en\/\",\"logo\":{\"@type\":\"ImageObject\",\"inLanguage\":\"en-US\",\"@id\":\"https:\/\/ri2020.eu\/en\/#\/schema\/logo\/image\/\",\"url\":\"https:\/\/rijeka2020.eu\/wp-content\/uploads\/2018\/07\/Ri2020-logo.png\",\"contentUrl\":\"https:\/\/rijeka2020.eu\/wp-content\/uploads\/2018\/07\/Ri2020-logo.png\",\"width\":407,\"height\":175,\"caption\":\"Rijeka 2020 d.o.o.\"},\"image\":{\"@id\":\"https:\/\/ri2020.eu\/en\/#\/schema\/logo\/image\/\"},\"sameAs\":[\"https:\/\/www.facebook.com\/rijeka2020\",\"https:\/\/x.com\/Rijeka2020\",\"https:\/\/www.instagram.com\/rijeka2020\/\",\"https:\/\/www.youtube.com\/user\/riepk2020\"]}]}<\/script>\n<!-- \/ Yoast SEO plugin. -->","yoast_head_json":{"title":"First Major ECoC Exhibition to Open &#8226; Rijeka 2020","robots":{"index":"index","follow":"follow","max-snippet":"max-snippet:-1","max-image-preview":"max-image-preview:large","max-video-preview":"max-video-preview:-1"},"canonical":"https:\/\/ri2020.eu\/en\/press\/first-major-ecoc-exhibition-to-open\/","og_locale":"en_US","og_type":"article","og_title":"First Major ECoC Exhibition to Open &#8226; Rijeka 2020","og_description":"Rijeka, 24 January 2020 PRESS RELEASE First Major ECoC Exhibition to Open\u00a0 &#8220;With the Collection&#8221; exhibition by visual artist David Maljkovi\u0107 in the Rijeka Museum of Modern and Contemporary Art &nbsp; On Friday, 31 January, at 8 p.m., one day before the official opening ceremony of Rijeka 2020 \u2013 European Capital of Culture, the Museum","og_url":"https:\/\/ri2020.eu\/en\/press\/first-major-ecoc-exhibition-to-open\/","og_site_name":"Rijeka 2020","article_publisher":"https:\/\/www.facebook.com\/rijeka2020","article_modified_time":"2020-01-30T13:11:39+00:00","og_image":[{"width":865,"height":865,"url":"https:\/\/ri2020.eu\/wp-content\/uploads\/2019\/02\/Rijeka2020-image.png","type":"image\/png"}],"twitter_card":"summary_large_image","twitter_site":"@Rijeka2020","twitter_misc":{"Est. reading time":"4 minutes"},"schema":{"@context":"https:\/\/schema.org","@graph":[{"@type":"WebPage","@id":"https:\/\/ri2020.eu\/en\/press\/first-major-ecoc-exhibition-to-open\/","url":"https:\/\/ri2020.eu\/en\/press\/first-major-ecoc-exhibition-to-open\/","name":"First Major ECoC Exhibition to Open &#8226; Rijeka 2020","isPartOf":{"@id":"https:\/\/ri2020.eu\/en\/#website"},"datePublished":"2020-01-27T10:56:14+00:00","dateModified":"2020-01-30T13:11:39+00:00","breadcrumb":{"@id":"https:\/\/ri2020.eu\/en\/press\/first-major-ecoc-exhibition-to-open\/#breadcrumb"},"inLanguage":"en-US","potentialAction":[{"@type":"ReadAction","target":["https:\/\/ri2020.eu\/en\/press\/first-major-ecoc-exhibition-to-open\/"]}]},{"@type":"BreadcrumbList","@id":"https:\/\/ri2020.eu\/en\/press\/first-major-ecoc-exhibition-to-open\/#breadcrumb","itemListElement":[{"@type":"ListItem","position":1,"name":"Home","item":"https:\/\/ri2020.eu\/en\/"},{"@type":"ListItem","position":2,"name":"First Major ECoC Exhibition to Open"}]},{"@type":"WebSite","@id":"https:\/\/ri2020.eu\/en\/#website","url":"https:\/\/ri2020.eu\/en\/","name":"Rijeka 2020","description":"Europska prijestolnica kulture","publisher":{"@id":"https:\/\/ri2020.eu\/en\/#organization"},"potentialAction":[{"@type":"SearchAction","target":{"@type":"EntryPoint","urlTemplate":"https:\/\/ri2020.eu\/en\/?s={search_term_string}"},"query-input":{"@type":"PropertyValueSpecification","valueRequired":true,"valueName":"search_term_string"}}],"inLanguage":"en-US"},{"@type":"Organization","@id":"https:\/\/ri2020.eu\/en\/#organization","name":"Rijeka 2020 d.o.o.","url":"https:\/\/ri2020.eu\/en\/","logo":{"@type":"ImageObject","inLanguage":"en-US","@id":"https:\/\/ri2020.eu\/en\/#\/schema\/logo\/image\/","url":"https:\/\/rijeka2020.eu\/wp-content\/uploads\/2018\/07\/Ri2020-logo.png","contentUrl":"https:\/\/rijeka2020.eu\/wp-content\/uploads\/2018\/07\/Ri2020-logo.png","width":407,"height":175,"caption":"Rijeka 2020 d.o.o."},"image":{"@id":"https:\/\/ri2020.eu\/en\/#\/schema\/logo\/image\/"},"sameAs":["https:\/\/www.facebook.com\/rijeka2020","https:\/\/x.com\/Rijeka2020","https:\/\/www.instagram.com\/rijeka2020\/","https:\/\/www.youtube.com\/user\/riepk2020"]}]}},"_links":{"self":[{"href":"https:\/\/ri2020.eu\/en\/wp-json\/wp\/v2\/press\/48349","targetHints":{"allow":["GET"]}}],"collection":[{"href":"https:\/\/ri2020.eu\/en\/wp-json\/wp\/v2\/press"}],"about":[{"href":"https:\/\/ri2020.eu\/en\/wp-json\/wp\/v2\/types\/press"}],"wp:attachment":[{"href":"https:\/\/ri2020.eu\/en\/wp-json\/wp\/v2\/media?parent=48349"}],"curies":[{"name":"wp","href":"https:\/\/api.w.org\/{rel}","templated":true}]}}