{"id":9031,"date":"2017-11-13T14:11:00","date_gmt":"2017-11-13T13:11:00","guid":{"rendered":"http:\/\/rijeka2020.eu\/?p=9031\/"},"modified":"2017-12-10T19:13:26","modified_gmt":"2017-12-10T18:13:26","slug":"public-discussion-what-kind-of-educational-program-of-cultural-management-do-we-need-as-part-of-the-new-governance-models-of-cultural-resources-seminar","status":"publish","type":"post","link":"https:\/\/ri2020.eu\/en\/public-discussion-what-kind-of-educational-program-of-cultural-management-do-we-need-as-part-of-the-new-governance-models-of-cultural-resources-seminar\/","title":{"rendered":"Public discussion \u201cWhat kind of educational program of cultural management do we need?\u201d as part of the \u201cNew Governance Models of Cultural Resources\u201d seminar"},"content":{"rendered":"<p>With the intention to contribute to the development of such practices in Croatia Kultura Nova Foundation and Rijeka 2020 LLC in partnership with University of Rijeka are organizing the \u201cNew Governance Models of Cultural Resources\u201d seminar which will take place in \u201cAkvarij\u201d at the Campus of University of Rijeka from 19th to 21st November 2017. This three days seminar is intended for representatives of civil society organizations engaged in existing and emerging socio-cultural centers based on a participatory governance model and some form of public-civic partnership in Croatia, as well as for cultural professionals from Rijeka that develop or plan to develop new governance model of cultural resources.<\/p>\n<p>The seminar aims to contribute to capacity strengthening of cultural professionals on different aspects of conversion and mechanisms of participatory governance of urban spaces for culture. Developing new knowledge and skills creates the basis for quality participation in decision-making, planning and implementation of innovative governance models of cultural resources that can significantly contribute to the sustainability of the cultural system and the development of local communities.<\/p>\n<p>The seminar will cover a wide range of topics relevant to governance of cultural resources, from type of organizational structure and governance models, participatory decision-making in arts and cultural heritage, participatory governance, local cultural policy development, new generation of cultural and civic spaces in Europe, business model for cultural resources, cultural policy crisis to practical exercises on advocacy, establishment and sustainable development of new governance models of cultural resources.<\/p>\n<p>Seminar includes number of lectures and Engagement Labs for practical and interactive, individual and collective work of Seminars\u2019 participants on their own examples of cultural resources. The seminar will be carried out by Croatian and foreign trainers who are experts on different aspects of new governance models of cultural resources. Official languages of the Seminar are Croatian and English.<\/p>\n<p>The seminar is organized as an event that precedes the international and interdisciplinary conference \u201cParticipatory Governance in Culture: Exploring Practices, Theories and Policies. Do It Together.\u201d to be held from 22nd to 24th November 2017 in Rijeka. The international and interdisciplinary conference is organized by Kultura Nova Foundation in partnership with Rijeka 2020 LLC, in collaboration with the European Cultural Foundation, and IFACCA, with the support of Central European Initiative regional intergovernmental forum. It has been also selected as an ENCATC labeled event. The conference is part of the &#8220;Approaches to Participatory Governance of Cultural Institutions&#8221; project supported by UNESCO\u2019s International Fund for Cultural Diversity.<\/p>\n<p>&nbsp;<\/p>\n<h3 style=\"text-align: center;\">PROGRAM<\/h3>\n<p>&nbsp;<\/p>\n<h4>SUNDAY, 19\/11\/2017<\/h4>\n<p>14.30 \u2013 16.00\u00a0\u00a0\u00a0\u00a0 Lunch and participants&#8217; gathering<br \/>\n16.00 \u2013 17.30 \u00a0\u00a0 Kultura Nova and Rijeka 2020, Program Introduction and Participants&#8217; Presentations<br \/>\n17.30 \u2013 18.00 \u00a0\u00a0 Break<br \/>\n18.00 \u2013 19.00\u00a0\u00a0\u00a0\u00a0 Lecture: Organizational Culture and Governance &#8211; Sociological Aspects (prof.dr.sc.\u00a0 Jasminka La\u017enjak, Department of Sociology, Faculty of Humanities and Social\u00a0 Sciences, University of Zagreb)<\/p>\n<p>19.00 \u2013 20.30\u00a0\u00a0\u00a0\u00a0 Dinner<\/p>\n<p>&nbsp;<\/p>\n<h4>MONDAY, 20\/11\/2017<\/h4>\n<p>10.00 \u2013 11.00 \u00a0\u00a0 Lecture: &#8220;Whose Cake is It Anyway?&#8221;: Participatory Decision-Making in Arts and Cultural Heritage (Dr Bernadette Lynch)<br \/>\n11.00 \u2013 11.30\u00a0\u00a0\u00a0\u00a0 Break<br \/>\n11.30 \u2013 12.30 \u00a0\u00a0 Lecture: Participatory Governance for Cultural Policy: Deliberative Empowerment and Collective Policymaking (Prof. Frank Fischer, Humboldt and Rutgers Universities)<br \/>\n12.30 \u2013 13.30\u00a0\u00a0\u00a0\u00a0 Lecture: Participatory Governance and Local Cultural Development (Ana \u017duvela,\u00a0 Institute for Development and International Relations)<br \/>\n13.30 \u2013 14.30\u00a0\u00a0\u00a0\u00a0 Lunch<br \/>\n14.30 \u2013 15.30 \u00a0\u00a0 Lecture: Found Resources, Trust and Cooperation: The New Generation of\u00a0 Cultural and Civic Spaces in Europe (Levente Poly\u00e1k, Eutropian)<br \/>\n15.30 \u2013 16.30 \u00a0\u00a0 Lecture: Changing Business Models for Cultural Resources (Mark Robinson,\u00a0 Thinking Practice)<br \/>\n16.30 \u2013 17.00 \u00a0\u00a0 Break<br \/>\n17.00 \u2013 19.00 \u00a0\u00a0 Engagement Lab<br \/>\n19.00 \u2013 21.00 \u00a0\u00a0 Dinner<\/p>\n<p>&nbsp;<\/p>\n<h4>TUESDAY, 21\/11\/2017<\/h4>\n<p>10.00 \u2013 12.00 \u00a0\u00a0 Engagement Lab<br \/>\n12.00 \u2013 12.30\u00a0\u00a0\u00a0\u00a0 Break<br \/>\n12.30 \u2013 14.30\u00a0\u00a0\u00a0\u00a0 Engagement Lab<br \/>\n14.30 \u2013 15.30 \u00a0\u00a0 Lunch<br \/>\n15.30 \u2013 16.30\u00a0\u00a0\u00a0\u00a0 Lecture: Cultural Policy in Crisis: Challenges and Perspectives of Cultural\u00a0 Governance (Prof Justin O\u2019Connor, Monash University)<br \/>\n16.30 \u2013 17.00\u00a0\u00a0\u00a0\u00a0 Plenary discussion: Top Tips for Successful Participatory Governance Model<\/p>\n<p>&nbsp;<\/p>\n","protected":false},"excerpt":{"rendered":"<p>With the intention to contribute to the development of new governance models of cultural resources in Croatia, Kultura Nova Foundation and Rijeka 2020 LLC in partnership with University of Rijeka are organizing the \u201cNew Governance Models of Cultural Resources\u201d seminar which will take place in \u201cAkvarij\u201d at the Campus of University of Rijeka from 19th to 21st November 2017. <\/p>\n","protected":false},"author":72,"featured_media":8535,"comment_status":"open","ping_status":"open","sticky":false,"template":"","format":"standard","meta":{"_acf_changed":false,"footnotes":""},"categories":[2958,2731],"tags":[4261,4264,4253,4259,4237,4145,4260,4254,4265,3834,4243,4142,4246],"class_list":["post-9031","post","type-post","status-publish","format-standard","has-post-thumbnail","hentry","category-classroom","category-news","tag-ana-zuvela-en-en","tag-bernadette-lynch-en-en","tag-emina-visnic-en-3-en","tag-frank-fischer-en-en","tag-ivan-sarar-en-3-en","tag-jasminka-laznjak-en","tag-justin-oconnor-en-en","tag-levente-polyak-en-en","tag-marin-lukanovic-en-en","tag-mark-robinson-en","tag-nebojsa-zelic-en-en","tag-new-governance-models-of-cultural-resources-en","tag-snjezana-prijic-samarzija-en-en"],"acf":[],"yoast_head":"<!-- This site is optimized with the Yoast SEO plugin v26.8 - https:\/\/yoast.com\/product\/yoast-seo-wordpress\/ -->\n<title>Public discussion \u201cWhat kind of educational program of cultural management do we need?\u201d as part of the \u201cNew Governance Models of Cultural Resources\u201d seminar &#8226; Rijeka 2020<\/title>\n<meta name=\"robots\" content=\"index, follow, max-snippet:-1, max-image-preview:large, max-video-preview:-1\" \/>\n<link rel=\"canonical\" href=\"https:\/\/ri2020.eu\/en\/public-discussion-what-kind-of-educational-program-of-cultural-management-do-we-need-as-part-of-the-new-governance-models-of-cultural-resources-seminar\/\" \/>\n<meta property=\"og:locale\" content=\"en_US\" \/>\n<meta property=\"og:type\" content=\"article\" \/>\n<meta property=\"og:title\" content=\"Public discussion \u201cWhat kind of educational program of cultural management do we need?\u201d as part of the \u201cNew Governance Models of Cultural Resources\u201d seminar &#8226; Rijeka 2020\" \/>\n<meta property=\"og:description\" content=\"With the intention to contribute to the development of new governance models of cultural resources in Croatia, Kultura Nova Foundation and Rijeka 2020 LLC in partnership with University of Rijeka are organizing the \u201cNew Governance Models of Cultural Resources\u201d seminar which will take place in \u201cAkvarij\u201d at the Campus of University of Rijeka from 19th to 21st November 2017.\" \/>\n<meta property=\"og:url\" content=\"https:\/\/ri2020.eu\/en\/public-discussion-what-kind-of-educational-program-of-cultural-management-do-we-need-as-part-of-the-new-governance-models-of-cultural-resources-seminar\/\" \/>\n<meta property=\"og:site_name\" content=\"Rijeka 2020\" \/>\n<meta property=\"article:publisher\" content=\"https:\/\/www.facebook.com\/rijeka2020\" \/>\n<meta property=\"article:published_time\" content=\"2017-11-13T13:11:00+00:00\" \/>\n<meta property=\"article:modified_time\" content=\"2017-12-10T18:13:26+00:00\" \/>\n<meta property=\"og:image\" content=\"https:\/\/rijeka2020.eu\/wp-content\/uploads\/2017\/09\/u\u010dionica-e1505906950396.jpg\" \/>\n\t<meta property=\"og:image:width\" content=\"2601\" \/>\n\t<meta property=\"og:image:height\" content=\"1323\" \/>\n\t<meta property=\"og:image:type\" content=\"image\/jpeg\" \/>\n<meta name=\"author\" content=\"Rijeka 2020\" \/>\n<meta name=\"twitter:card\" content=\"summary_large_image\" \/>\n<meta name=\"twitter:creator\" content=\"@Rijeka2020\" \/>\n<meta name=\"twitter:site\" content=\"@Rijeka2020\" \/>\n<meta name=\"twitter:label1\" content=\"Written by\" \/>\n\t<meta name=\"twitter:data1\" content=\"Rijeka 2020\" \/>\n\t<meta name=\"twitter:label2\" content=\"Est. reading time\" \/>\n\t<meta name=\"twitter:data2\" content=\"3 minutes\" \/>\n<script type=\"application\/ld+json\" class=\"yoast-schema-graph\">{\"@context\":\"https:\/\/schema.org\",\"@graph\":[{\"@type\":\"Article\",\"@id\":\"https:\/\/ri2020.eu\/en\/public-discussion-what-kind-of-educational-program-of-cultural-management-do-we-need-as-part-of-the-new-governance-models-of-cultural-resources-seminar\/#article\",\"isPartOf\":{\"@id\":\"https:\/\/ri2020.eu\/en\/public-discussion-what-kind-of-educational-program-of-cultural-management-do-we-need-as-part-of-the-new-governance-models-of-cultural-resources-seminar\/\"},\"author\":{\"name\":\"Rijeka 2020\",\"@id\":\"https:\/\/rijeka2020.eu\/en\/#\/schema\/person\/9c12d91df8c45bc534f625d9c81f403d\"},\"headline\":\"Public discussion \u201cWhat kind of educational program of cultural management do we need?\u201d as part of the \u201cNew Governance Models of Cultural Resources\u201d seminar\",\"datePublished\":\"2017-11-13T13:11:00+00:00\",\"dateModified\":\"2017-12-10T18:13:26+00:00\",\"mainEntityOfPage\":{\"@id\":\"https:\/\/ri2020.eu\/en\/public-discussion-what-kind-of-educational-program-of-cultural-management-do-we-need-as-part-of-the-new-governance-models-of-cultural-resources-seminar\/\"},\"wordCount\":596,\"commentCount\":0,\"publisher\":{\"@id\":\"https:\/\/rijeka2020.eu\/en\/#organization\"},\"image\":{\"@id\":\"https:\/\/ri2020.eu\/en\/public-discussion-what-kind-of-educational-program-of-cultural-management-do-we-need-as-part-of-the-new-governance-models-of-cultural-resources-seminar\/#primaryimage\"},\"thumbnailUrl\":\"https:\/\/ri2020.eu\/wp-content\/uploads\/2017\/09\/u\u010dionica-e1505906950396.jpg\",\"keywords\":[\"Ana \u017duvela\",\"Bernadette Lynch\",\"Emina Vi\u0161ni\u0107\",\"Frank Fischer\",\"Ivan \u0160arar\",\"Jasminka La\u017enjak\",\"Justin O&#8217;Connor\",\"Levente Poly\u00e1k\",\"Marin Lukanovi\u0107\",\"Mark Robinson\",\"Neboj\u0161a Zeli\u0107\",\"New Governance Models of Cultural Resources\",\"Snje\u017eana Priji\u0107 Samar\u017eija\"],\"articleSection\":[\"Classroom\",\"News\"],\"inLanguage\":\"en-US\",\"potentialAction\":[{\"@type\":\"CommentAction\",\"name\":\"Comment\",\"target\":[\"https:\/\/ri2020.eu\/en\/public-discussion-what-kind-of-educational-program-of-cultural-management-do-we-need-as-part-of-the-new-governance-models-of-cultural-resources-seminar\/#respond\"]}]},{\"@type\":\"WebPage\",\"@id\":\"https:\/\/ri2020.eu\/en\/public-discussion-what-kind-of-educational-program-of-cultural-management-do-we-need-as-part-of-the-new-governance-models-of-cultural-resources-seminar\/\",\"url\":\"https:\/\/ri2020.eu\/en\/public-discussion-what-kind-of-educational-program-of-cultural-management-do-we-need-as-part-of-the-new-governance-models-of-cultural-resources-seminar\/\",\"name\":\"Public discussion \u201cWhat kind of educational program of cultural management do we need?\u201d as part of the \u201cNew Governance Models of Cultural Resources\u201d seminar &#8226; Rijeka 2020\",\"isPartOf\":{\"@id\":\"https:\/\/rijeka2020.eu\/en\/#website\"},\"primaryImageOfPage\":{\"@id\":\"https:\/\/ri2020.eu\/en\/public-discussion-what-kind-of-educational-program-of-cultural-management-do-we-need-as-part-of-the-new-governance-models-of-cultural-resources-seminar\/#primaryimage\"},\"image\":{\"@id\":\"https:\/\/ri2020.eu\/en\/public-discussion-what-kind-of-educational-program-of-cultural-management-do-we-need-as-part-of-the-new-governance-models-of-cultural-resources-seminar\/#primaryimage\"},\"thumbnailUrl\":\"https:\/\/ri2020.eu\/wp-content\/uploads\/2017\/09\/u\u010dionica-e1505906950396.jpg\",\"datePublished\":\"2017-11-13T13:11:00+00:00\",\"dateModified\":\"2017-12-10T18:13:26+00:00\",\"breadcrumb\":{\"@id\":\"https:\/\/ri2020.eu\/en\/public-discussion-what-kind-of-educational-program-of-cultural-management-do-we-need-as-part-of-the-new-governance-models-of-cultural-resources-seminar\/#breadcrumb\"},\"inLanguage\":\"en-US\",\"potentialAction\":[{\"@type\":\"ReadAction\",\"target\":[\"https:\/\/ri2020.eu\/en\/public-discussion-what-kind-of-educational-program-of-cultural-management-do-we-need-as-part-of-the-new-governance-models-of-cultural-resources-seminar\/\"]}]},{\"@type\":\"ImageObject\",\"inLanguage\":\"en-US\",\"@id\":\"https:\/\/ri2020.eu\/en\/public-discussion-what-kind-of-educational-program-of-cultural-management-do-we-need-as-part-of-the-new-governance-models-of-cultural-resources-seminar\/#primaryimage\",\"url\":\"https:\/\/ri2020.eu\/wp-content\/uploads\/2017\/09\/u\u010dionica-e1505906950396.jpg\",\"contentUrl\":\"https:\/\/ri2020.eu\/wp-content\/uploads\/2017\/09\/u\u010dionica-e1505906950396.jpg\",\"width\":2601,\"height\":1323},{\"@type\":\"BreadcrumbList\",\"@id\":\"https:\/\/ri2020.eu\/en\/public-discussion-what-kind-of-educational-program-of-cultural-management-do-we-need-as-part-of-the-new-governance-models-of-cultural-resources-seminar\/#breadcrumb\",\"itemListElement\":[{\"@type\":\"ListItem\",\"position\":1,\"name\":\"Home\",\"item\":\"https:\/\/rijeka2020.eu\/en\/\"},{\"@type\":\"ListItem\",\"position\":2,\"name\":\"Public discussion \u201cWhat kind of educational program of cultural management do we need?\u201d as part of the \u201cNew Governance Models of Cultural Resources\u201d seminar\"}]},{\"@type\":\"WebSite\",\"@id\":\"https:\/\/rijeka2020.eu\/en\/#website\",\"url\":\"https:\/\/rijeka2020.eu\/en\/\",\"name\":\"Rijeka 2020\",\"description\":\"Europska prijestolnica kulture\",\"publisher\":{\"@id\":\"https:\/\/rijeka2020.eu\/en\/#organization\"},\"potentialAction\":[{\"@type\":\"SearchAction\",\"target\":{\"@type\":\"EntryPoint\",\"urlTemplate\":\"https:\/\/rijeka2020.eu\/en\/?s={search_term_string}\"},\"query-input\":{\"@type\":\"PropertyValueSpecification\",\"valueRequired\":true,\"valueName\":\"search_term_string\"}}],\"inLanguage\":\"en-US\"},{\"@type\":\"Organization\",\"@id\":\"https:\/\/rijeka2020.eu\/en\/#organization\",\"name\":\"Rijeka 2020 d.o.o.\",\"url\":\"https:\/\/rijeka2020.eu\/en\/\",\"logo\":{\"@type\":\"ImageObject\",\"inLanguage\":\"en-US\",\"@id\":\"https:\/\/rijeka2020.eu\/en\/#\/schema\/logo\/image\/\",\"url\":\"https:\/\/rijeka2020.eu\/wp-content\/uploads\/2018\/07\/Ri2020-logo.png\",\"contentUrl\":\"https:\/\/rijeka2020.eu\/wp-content\/uploads\/2018\/07\/Ri2020-logo.png\",\"width\":407,\"height\":175,\"caption\":\"Rijeka 2020 d.o.o.\"},\"image\":{\"@id\":\"https:\/\/rijeka2020.eu\/en\/#\/schema\/logo\/image\/\"},\"sameAs\":[\"https:\/\/www.facebook.com\/rijeka2020\",\"https:\/\/x.com\/Rijeka2020\",\"https:\/\/www.instagram.com\/rijeka2020\/\",\"https:\/\/www.youtube.com\/user\/riepk2020\"]},{\"@type\":\"Person\",\"@id\":\"https:\/\/rijeka2020.eu\/en\/#\/schema\/person\/9c12d91df8c45bc534f625d9c81f403d\",\"name\":\"Rijeka 2020\",\"url\":\"https:\/\/ri2020.eu\/en\/author\/lsm\/\"}]}<\/script>\n<!-- \/ Yoast SEO plugin. -->","yoast_head_json":{"title":"Public discussion \u201cWhat kind of educational program of cultural management do we need?\u201d as part of the \u201cNew Governance Models of Cultural Resources\u201d seminar &#8226; Rijeka 2020","robots":{"index":"index","follow":"follow","max-snippet":"max-snippet:-1","max-image-preview":"max-image-preview:large","max-video-preview":"max-video-preview:-1"},"canonical":"https:\/\/ri2020.eu\/en\/public-discussion-what-kind-of-educational-program-of-cultural-management-do-we-need-as-part-of-the-new-governance-models-of-cultural-resources-seminar\/","og_locale":"en_US","og_type":"article","og_title":"Public discussion \u201cWhat kind of educational program of cultural management do we need?\u201d as part of the \u201cNew Governance Models of Cultural Resources\u201d seminar &#8226; Rijeka 2020","og_description":"With the intention to contribute to the development of new governance models of cultural resources in Croatia, Kultura Nova Foundation and Rijeka 2020 LLC in partnership with University of Rijeka are organizing the \u201cNew Governance Models of Cultural Resources\u201d seminar which will take place in \u201cAkvarij\u201d at the Campus of University of Rijeka from 19th to 21st November 2017.","og_url":"https:\/\/ri2020.eu\/en\/public-discussion-what-kind-of-educational-program-of-cultural-management-do-we-need-as-part-of-the-new-governance-models-of-cultural-resources-seminar\/","og_site_name":"Rijeka 2020","article_publisher":"https:\/\/www.facebook.com\/rijeka2020","article_published_time":"2017-11-13T13:11:00+00:00","article_modified_time":"2017-12-10T18:13:26+00:00","og_image":[{"width":2601,"height":1323,"url":"https:\/\/rijeka2020.eu\/wp-content\/uploads\/2017\/09\/u\u010dionica-e1505906950396.jpg","type":"image\/jpeg"}],"author":"Rijeka 2020","twitter_card":"summary_large_image","twitter_creator":"@Rijeka2020","twitter_site":"@Rijeka2020","twitter_misc":{"Written by":"Rijeka 2020","Est. reading time":"3 minutes"},"schema":{"@context":"https:\/\/schema.org","@graph":[{"@type":"Article","@id":"https:\/\/ri2020.eu\/en\/public-discussion-what-kind-of-educational-program-of-cultural-management-do-we-need-as-part-of-the-new-governance-models-of-cultural-resources-seminar\/#article","isPartOf":{"@id":"https:\/\/ri2020.eu\/en\/public-discussion-what-kind-of-educational-program-of-cultural-management-do-we-need-as-part-of-the-new-governance-models-of-cultural-resources-seminar\/"},"author":{"name":"Rijeka 2020","@id":"https:\/\/rijeka2020.eu\/en\/#\/schema\/person\/9c12d91df8c45bc534f625d9c81f403d"},"headline":"Public discussion \u201cWhat kind of educational program of cultural management do we need?\u201d as part of the \u201cNew Governance Models of Cultural Resources\u201d seminar","datePublished":"2017-11-13T13:11:00+00:00","dateModified":"2017-12-10T18:13:26+00:00","mainEntityOfPage":{"@id":"https:\/\/ri2020.eu\/en\/public-discussion-what-kind-of-educational-program-of-cultural-management-do-we-need-as-part-of-the-new-governance-models-of-cultural-resources-seminar\/"},"wordCount":596,"commentCount":0,"publisher":{"@id":"https:\/\/rijeka2020.eu\/en\/#organization"},"image":{"@id":"https:\/\/ri2020.eu\/en\/public-discussion-what-kind-of-educational-program-of-cultural-management-do-we-need-as-part-of-the-new-governance-models-of-cultural-resources-seminar\/#primaryimage"},"thumbnailUrl":"https:\/\/ri2020.eu\/wp-content\/uploads\/2017\/09\/u\u010dionica-e1505906950396.jpg","keywords":["Ana \u017duvela","Bernadette Lynch","Emina Vi\u0161ni\u0107","Frank Fischer","Ivan \u0160arar","Jasminka La\u017enjak","Justin O&#8217;Connor","Levente Poly\u00e1k","Marin Lukanovi\u0107","Mark Robinson","Neboj\u0161a Zeli\u0107","New Governance Models of Cultural Resources","Snje\u017eana Priji\u0107 Samar\u017eija"],"articleSection":["Classroom","News"],"inLanguage":"en-US","potentialAction":[{"@type":"CommentAction","name":"Comment","target":["https:\/\/ri2020.eu\/en\/public-discussion-what-kind-of-educational-program-of-cultural-management-do-we-need-as-part-of-the-new-governance-models-of-cultural-resources-seminar\/#respond"]}]},{"@type":"WebPage","@id":"https:\/\/ri2020.eu\/en\/public-discussion-what-kind-of-educational-program-of-cultural-management-do-we-need-as-part-of-the-new-governance-models-of-cultural-resources-seminar\/","url":"https:\/\/ri2020.eu\/en\/public-discussion-what-kind-of-educational-program-of-cultural-management-do-we-need-as-part-of-the-new-governance-models-of-cultural-resources-seminar\/","name":"Public discussion \u201cWhat kind of educational program of cultural management do we need?\u201d as part of the \u201cNew Governance Models of Cultural Resources\u201d seminar &#8226; Rijeka 2020","isPartOf":{"@id":"https:\/\/rijeka2020.eu\/en\/#website"},"primaryImageOfPage":{"@id":"https:\/\/ri2020.eu\/en\/public-discussion-what-kind-of-educational-program-of-cultural-management-do-we-need-as-part-of-the-new-governance-models-of-cultural-resources-seminar\/#primaryimage"},"image":{"@id":"https:\/\/ri2020.eu\/en\/public-discussion-what-kind-of-educational-program-of-cultural-management-do-we-need-as-part-of-the-new-governance-models-of-cultural-resources-seminar\/#primaryimage"},"thumbnailUrl":"https:\/\/ri2020.eu\/wp-content\/uploads\/2017\/09\/u\u010dionica-e1505906950396.jpg","datePublished":"2017-11-13T13:11:00+00:00","dateModified":"2017-12-10T18:13:26+00:00","breadcrumb":{"@id":"https:\/\/ri2020.eu\/en\/public-discussion-what-kind-of-educational-program-of-cultural-management-do-we-need-as-part-of-the-new-governance-models-of-cultural-resources-seminar\/#breadcrumb"},"inLanguage":"en-US","potentialAction":[{"@type":"ReadAction","target":["https:\/\/ri2020.eu\/en\/public-discussion-what-kind-of-educational-program-of-cultural-management-do-we-need-as-part-of-the-new-governance-models-of-cultural-resources-seminar\/"]}]},{"@type":"ImageObject","inLanguage":"en-US","@id":"https:\/\/ri2020.eu\/en\/public-discussion-what-kind-of-educational-program-of-cultural-management-do-we-need-as-part-of-the-new-governance-models-of-cultural-resources-seminar\/#primaryimage","url":"https:\/\/ri2020.eu\/wp-content\/uploads\/2017\/09\/u\u010dionica-e1505906950396.jpg","contentUrl":"https:\/\/ri2020.eu\/wp-content\/uploads\/2017\/09\/u\u010dionica-e1505906950396.jpg","width":2601,"height":1323},{"@type":"BreadcrumbList","@id":"https:\/\/ri2020.eu\/en\/public-discussion-what-kind-of-educational-program-of-cultural-management-do-we-need-as-part-of-the-new-governance-models-of-cultural-resources-seminar\/#breadcrumb","itemListElement":[{"@type":"ListItem","position":1,"name":"Home","item":"https:\/\/rijeka2020.eu\/en\/"},{"@type":"ListItem","position":2,"name":"Public discussion \u201cWhat kind of educational program of cultural management do we need?\u201d as part of the \u201cNew Governance Models of Cultural Resources\u201d seminar"}]},{"@type":"WebSite","@id":"https:\/\/rijeka2020.eu\/en\/#website","url":"https:\/\/rijeka2020.eu\/en\/","name":"Rijeka 2020","description":"Europska prijestolnica kulture","publisher":{"@id":"https:\/\/rijeka2020.eu\/en\/#organization"},"potentialAction":[{"@type":"SearchAction","target":{"@type":"EntryPoint","urlTemplate":"https:\/\/rijeka2020.eu\/en\/?s={search_term_string}"},"query-input":{"@type":"PropertyValueSpecification","valueRequired":true,"valueName":"search_term_string"}}],"inLanguage":"en-US"},{"@type":"Organization","@id":"https:\/\/rijeka2020.eu\/en\/#organization","name":"Rijeka 2020 d.o.o.","url":"https:\/\/rijeka2020.eu\/en\/","logo":{"@type":"ImageObject","inLanguage":"en-US","@id":"https:\/\/rijeka2020.eu\/en\/#\/schema\/logo\/image\/","url":"https:\/\/rijeka2020.eu\/wp-content\/uploads\/2018\/07\/Ri2020-logo.png","contentUrl":"https:\/\/rijeka2020.eu\/wp-content\/uploads\/2018\/07\/Ri2020-logo.png","width":407,"height":175,"caption":"Rijeka 2020 d.o.o."},"image":{"@id":"https:\/\/rijeka2020.eu\/en\/#\/schema\/logo\/image\/"},"sameAs":["https:\/\/www.facebook.com\/rijeka2020","https:\/\/x.com\/Rijeka2020","https:\/\/www.instagram.com\/rijeka2020\/","https:\/\/www.youtube.com\/user\/riepk2020"]},{"@type":"Person","@id":"https:\/\/rijeka2020.eu\/en\/#\/schema\/person\/9c12d91df8c45bc534f625d9c81f403d","name":"Rijeka 2020","url":"https:\/\/ri2020.eu\/en\/author\/lsm\/"}]}},"_links":{"self":[{"href":"https:\/\/ri2020.eu\/en\/wp-json\/wp\/v2\/posts\/9031","targetHints":{"allow":["GET"]}}],"collection":[{"href":"https:\/\/ri2020.eu\/en\/wp-json\/wp\/v2\/posts"}],"about":[{"href":"https:\/\/ri2020.eu\/en\/wp-json\/wp\/v2\/types\/post"}],"author":[{"embeddable":true,"href":"https:\/\/ri2020.eu\/en\/wp-json\/wp\/v2\/users\/72"}],"replies":[{"embeddable":true,"href":"https:\/\/ri2020.eu\/en\/wp-json\/wp\/v2\/comments?post=9031"}],"version-history":[{"count":0,"href":"https:\/\/ri2020.eu\/en\/wp-json\/wp\/v2\/posts\/9031\/revisions"}],"wp:featuredmedia":[{"embeddable":true,"href":"https:\/\/ri2020.eu\/en\/wp-json\/wp\/v2\/media\/8535"}],"wp:attachment":[{"href":"https:\/\/ri2020.eu\/en\/wp-json\/wp\/v2\/media?parent=9031"}],"wp:term":[{"taxonomy":"category","embeddable":true,"href":"https:\/\/ri2020.eu\/en\/wp-json\/wp\/v2\/categories?post=9031"},{"taxonomy":"post_tag","embeddable":true,"href":"https:\/\/ri2020.eu\/en\/wp-json\/wp\/v2\/tags?post=9031"}],"curies":[{"name":"wp","href":"https:\/\/api.w.org\/{rel}","templated":true}]}}