{"id":8911,"date":"2017-10-19T08:55:22","date_gmt":"2017-10-19T06:55:22","guid":{"rendered":"http:\/\/rijeka2020.eu\/?p=8911\/"},"modified":"2017-10-19T08:55:22","modified_gmt":"2017-10-19T06:55:22","slug":"rijeka-is-without-any-doubt-a-capital-of-culture","status":"publish","type":"post","link":"https:\/\/ri2020.eu\/en\/rijeka-is-without-any-doubt-a-capital-of-culture\/","title":{"rendered":"Rijeka is without any doubt a capital of culture!"},"content":{"rendered":"<p>At least three thousand people from around Croatia knew that they had to be at Ben\u010di\u0107, at the new space of the Museum of Modern and Contemporary Art, where something huge was happening. They also wanted to greet Tomislav Gotovac, an important name in contemporary art whose life and work will be on display until 26 November in a big retrospective \u201cCrisis Anticipator \u2013 Don\u2019t Ask Where We\u2019re Going\u201d.<\/p>\n<p><img loading=\"lazy\" decoding=\"async\" class=\"aligncenter wp-image-8621 size-large\" src=\"https:\/\/rijeka2020.eu\/wp-content\/uploads\/2017\/09\/IMG_1787-1024x682.jpg\" alt=\"\" width=\"640\" height=\"426\" srcset=\"https:\/\/ri2020.eu\/wp-content\/uploads\/2017\/09\/IMG_1787-1024x682.jpg 1024w, https:\/\/ri2020.eu\/wp-content\/uploads\/2017\/09\/IMG_1787-248x165.jpg 248w, https:\/\/ri2020.eu\/wp-content\/uploads\/2017\/09\/IMG_1787-768x512.jpg 768w, https:\/\/ri2020.eu\/wp-content\/uploads\/2017\/09\/IMG_1787-250x167.jpg 250w, https:\/\/ri2020.eu\/wp-content\/uploads\/2017\/09\/IMG_1787-420x280.jpg 420w, https:\/\/ri2020.eu\/wp-content\/uploads\/2017\/09\/IMG_1787.jpg 2000w\" sizes=\"auto, (max-width: 640px) 100vw, 640px\" \/><\/p>\n<p>Numerous public personas and countless interested attendees spent the evening in front of the new museum commenting this first big announcement event for 2020 when the Croatian city of Rijeka becomes the European capital of culture.<\/p>\n<p>We talked with some of the attendees.<\/p>\n<p>&nbsp;<\/p>\n<p><strong>Mi\u0161ko \u0160uvakovi\u0107<\/strong>, art theoretician and conceptual artist, collaborator on the book titled \u201cTomislav Gotovac: Crisis Anticipator\u201d, says he \u201cran away\u201d from Belgrade to Rijeka for a couple of days to escape from everyday life and to take part in a project in which his friend Darko \u0160imi\u010di\u0107 of the Tomislav Gotovac Institute invested so much of his time and effort. \u201cThe third reason I\u2019m here is that I participated in the creation in the book on Gotovac that is coming out soon, and the fourth reason is this excellent exhibition and the opportunity to witness Gotovac one more time in different combinations. The opening of a museum is always interesting. Each new museum is a good place to escape to. Today it might be crowded, but when it\u2019s empty it\u2019s going to be a fantastic place to find some peace and quiet.\u201d<\/p>\n<p>When asked about the book he says that working on it with the team from the museum in Rijeka was excellent. \u201cWe worked well, we were determined, I received strict instructions and I\u2019m a good nerd. I think the book will be interesting because it gives provides a wholesome image of Gotovac \u2013 from different angles, from different people, a good collage, like his own.\u201d<\/p>\n<p><img loading=\"lazy\" decoding=\"async\" class=\"aligncenter wp-image-8624 size-large\" src=\"https:\/\/rijeka2020.eu\/wp-content\/uploads\/2017\/09\/Vlado_Martek_Mi\u0161ko_\u0160uvakovi\u010722-1024x768.jpg\" alt=\"\" width=\"640\" height=\"480\" srcset=\"https:\/\/ri2020.eu\/wp-content\/uploads\/2017\/09\/Vlado_Martek_Mi\u0161ko_\u0160uvakovi\u010722-1024x768.jpg 1024w, https:\/\/ri2020.eu\/wp-content\/uploads\/2017\/09\/Vlado_Martek_Mi\u0161ko_\u0160uvakovi\u010722-220x165.jpg 220w, https:\/\/ri2020.eu\/wp-content\/uploads\/2017\/09\/Vlado_Martek_Mi\u0161ko_\u0160uvakovi\u010722-768x576.jpg 768w, https:\/\/ri2020.eu\/wp-content\/uploads\/2017\/09\/Vlado_Martek_Mi\u0161ko_\u0160uvakovi\u010722-250x188.jpg 250w, https:\/\/ri2020.eu\/wp-content\/uploads\/2017\/09\/Vlado_Martek_Mi\u0161ko_\u0160uvakovi\u010722-420x315.jpg 420w\" sizes=\"auto, (max-width: 640px) 100vw, 640px\" \/><\/p>\n<p><strong>Vlado Martek<\/strong>, poet, painter and writer, said: \u201cMoments like openings and beginnings like this one are rare. I think that this is an exceptional event, I feel it and take it in. I believe this will be a space in which young people will be able to soak in this energy that belongs to the so called other line of art, the one that raises awareness, that is distant from the imperative of aesthetics. This is a pure benefit for every person, something that can only be avoided and ignored on purpose. But it would be a shame to ignore it. Tonight\u2019s exhibition and future ones are a treasure that you can savour and take in\u201d.<\/p>\n<p>&nbsp;<\/p>\n<p><strong>Diana Nenadi\u0107<\/strong>, film critic and selector of the \u201cTomislav Gotovac: I am innocent\u201d film programme: \u201cEach new institution, especially a gallery or museum, opens with a representative programme. This one was the most representative I could imagine. Gotovac is a Croatian artist known worldwide and this exhibition will help people understand who he was and help them get to know him better. The film programme also serves this purpose, not only to get to know his films, but also the way he thought, things he loved, and how he was perceived by others. To witness his love for film and the love of other filmmakers for him.<\/p>\n<p><img loading=\"lazy\" decoding=\"async\" class=\"aligncenter wp-image-8619 size-large\" src=\"https:\/\/rijeka2020.eu\/wp-content\/uploads\/2017\/09\/IMG_1748-1024x682.jpg\" alt=\"\" width=\"640\" height=\"426\" srcset=\"https:\/\/ri2020.eu\/wp-content\/uploads\/2017\/09\/IMG_1748-1024x682.jpg 1024w, https:\/\/ri2020.eu\/wp-content\/uploads\/2017\/09\/IMG_1748-248x165.jpg 248w, https:\/\/ri2020.eu\/wp-content\/uploads\/2017\/09\/IMG_1748-768x512.jpg 768w, https:\/\/ri2020.eu\/wp-content\/uploads\/2017\/09\/IMG_1748-250x167.jpg 250w, https:\/\/ri2020.eu\/wp-content\/uploads\/2017\/09\/IMG_1748-420x280.jpg 420w, https:\/\/ri2020.eu\/wp-content\/uploads\/2017\/09\/IMG_1748.jpg 2000w\" sizes=\"auto, (max-width: 640px) 100vw, 640px\" \/><\/p>\n<p>The programme presents him as an author, viewer, the subject of documentaries, actor and performer, everything he used to be in life. So today (23 September), the film programme in the Art-Kino begins with \u201cPlastic Jesus\u201d, a film by Lazar Stojanovi\u0107 in which Gotovac plays his younger self who wants to become a filmmaker. \u201cPlastic Jesus\u201d made a mark on both his life and an entire generation of Yugoslav filmmakers.<\/p>\n<p>The programme will also include his films from the 60s, starting with structuralist films, key among them \u201cThe Morning of a Faun\u201d (26 September), then programme related to his family house and present day headquarters of the Tomislav Gotovac Institute, the famous house at Kraji\u0161ka 29 in Zagreb. A part of the programme is related to films dedicated to Glenn Miller (14 November), including two performance programmes in which he performs as an actor, and then as a subject of documentaries and performer. Finally (21 November), we conclude with what is probably the most intimate, autobiographical part of the programme, in which Gotovac is presented through clips from other filmmakers\u2019 films selected based on his fixations in different periods of life, and I believe the audience will enjoy these projections that consist of a series of short and rarely shown ready-made films.\u201d<\/p>\n<p><img loading=\"lazy\" decoding=\"async\" class=\"aligncenter wp-image-8625 size-large\" src=\"https:\/\/rijeka2020.eu\/wp-content\/uploads\/2017\/09\/Vlasta_Delimar21-768x1024.jpg\" alt=\"\" width=\"640\" height=\"853\" srcset=\"https:\/\/ri2020.eu\/wp-content\/uploads\/2017\/09\/Vlasta_Delimar21-768x1024.jpg 768w, https:\/\/ri2020.eu\/wp-content\/uploads\/2017\/09\/Vlasta_Delimar21-124x165.jpg 124w, https:\/\/ri2020.eu\/wp-content\/uploads\/2017\/09\/Vlasta_Delimar21-188x250.jpg 188w, https:\/\/ri2020.eu\/wp-content\/uploads\/2017\/09\/Vlasta_Delimar21-420x560.jpg 420w\" sizes=\"auto, (max-width: 640px) 100vw, 640px\" \/><\/p>\n<p><strong>Vlasta Delimar<\/strong>, performer: \u201cI know this space from before, I\u2019m not unfamiliar with it, but I think there\u2019s a lot more that has to be done here. But the important thing is that the space is being used. We have moved into the space and let\u2019s push it to what it\u2019s supposed to be. It\u2019s only natural to open the museum with the Tomislav Gotovac retrospective. That man is a classic. There\u2019s no questioning it, opening a museum of contemporary art with such a classic is normal. At first glance, the exhibition fits the space well. There are many smaller items that can be separated, which is very welcome for this retrospective. I know his opus very well so I have to check it out in peace to be able to say more, but for now everything seems fitting and the curators selected the material well.\u201d<\/p>\n<p><img loading=\"lazy\" decoding=\"async\" class=\"aligncenter wp-image-8622 size-large\" src=\"https:\/\/rijeka2020.eu\/wp-content\/uploads\/2017\/09\/IMG_1807-1024x682.jpg\" alt=\"\" width=\"640\" height=\"426\" srcset=\"https:\/\/ri2020.eu\/wp-content\/uploads\/2017\/09\/IMG_1807-1024x682.jpg 1024w, https:\/\/ri2020.eu\/wp-content\/uploads\/2017\/09\/IMG_1807-248x165.jpg 248w, https:\/\/ri2020.eu\/wp-content\/uploads\/2017\/09\/IMG_1807-768x512.jpg 768w, https:\/\/ri2020.eu\/wp-content\/uploads\/2017\/09\/IMG_1807-250x167.jpg 250w, https:\/\/ri2020.eu\/wp-content\/uploads\/2017\/09\/IMG_1807-420x280.jpg 420w, https:\/\/ri2020.eu\/wp-content\/uploads\/2017\/09\/IMG_1807.jpg 2000w\" sizes=\"auto, (max-width: 640px) 100vw, 640px\" \/><\/p>\n<p><strong>Ana Hu\u0161man<\/strong>, multimedia artist: \u201cI think this museum opening is very important for Rijeka, and I\u2019m happy that the museum has a space of its own because for years now they\u2019ve been creating programmes that are relevant, good and important for the city so this gives them the opportunity to start building further ideas about what the museum can be \u2013 opening it towards the people and the city, involving citizens\u2026 The surroundings are also great because they resembles some sort of alternative spaces and can be modified nicely. I also think that choosing Gotovac for the opening is great, especially considering his relationship towards the city, him contemplating on the city as a place for life and performance, as a place of action. It\u2019s well connected with the idea of the museum that wants to act and behave the same way.\u201d<\/p>\n<p><img loading=\"lazy\" decoding=\"async\" class=\"aligncenter wp-image-8620 size-large\" src=\"https:\/\/rijeka2020.eu\/wp-content\/uploads\/2017\/09\/IMG_1771-1024x682.jpg\" alt=\"\" width=\"640\" height=\"426\" srcset=\"https:\/\/ri2020.eu\/wp-content\/uploads\/2017\/09\/IMG_1771-1024x682.jpg 1024w, https:\/\/ri2020.eu\/wp-content\/uploads\/2017\/09\/IMG_1771-248x165.jpg 248w, https:\/\/ri2020.eu\/wp-content\/uploads\/2017\/09\/IMG_1771-768x512.jpg 768w, https:\/\/ri2020.eu\/wp-content\/uploads\/2017\/09\/IMG_1771-250x167.jpg 250w, https:\/\/ri2020.eu\/wp-content\/uploads\/2017\/09\/IMG_1771-420x280.jpg 420w, https:\/\/ri2020.eu\/wp-content\/uploads\/2017\/09\/IMG_1771.jpg 2000w\" sizes=\"auto, (max-width: 640px) 100vw, 640px\" \/><\/p>\n<p>&nbsp;<\/p>\n<p><em>The opening ceremony included talks by Vojko Obersnel, Mayor of the City of Rijeka, Emina Vi\u0161ni\u0107, CEO of Rijeka 2020, Slaven Tolj, director of the Museum of Modern and Contemporary Arts, Ivan \u0160arar, head of the Department of Culture of the City of Rijeka, Ksenija Orelj and Nata\u0161a \u0160ukovi\u0107, museum curators and retrospective authors, Dinko Pera\u010di\u0107, new museum space architect, and Darko \u0160imi\u010di\u0107, representative of the Tomislav Gotovac Institute. Alen Flori\u010di\u0107 received the Ivo Kalina award.<\/em><\/p>\n<p><em>The music was also appropriate for Gotovac \u2013 Josip Pepi Forenbacher Big Band performed before the opening, while Iz@ Medo\u0161evi\u0107 &amp; Borgie and My Buddy Moose performed later.<\/em><\/p>\n<p>&nbsp;<\/p>\n","protected":false},"excerpt":{"rendered":"<p>You should have been in Rijeka on 22 September 2017 when culture swept the city like a tidal wave. You should have been on Dolac at 7 PM, at the old location of the Museum of Modern and Contemporary Art, where a couple of hundred people silently, in an atmosphere of palpable excitement, awaited the arrival of the performer Milo Moir\u00e9.<\/p>\n","protected":false},"author":72,"featured_media":8626,"comment_status":"closed","ping_status":"closed","sticky":false,"template":"","format":"standard","meta":{"_acf_changed":false,"footnotes":""},"categories":[2731],"tags":[4257,4255,4258,4244,4238,4139,4256,4138],"class_list":["post-8911","post","type-post","status-publish","format-standard","has-post-thumbnail","hentry","category-news","tag-ana-husman-en-en","tag-diana-nenadic-en-en","tag-misko-suvakovic-en-en","tag-mmsu-en-2-en","tag-slaven-tolj-en-3-en","tag-tom-gotovac-en","tag-vlado-martek-en-2-en","tag-vlatka-delimar-en"],"acf":[],"yoast_head":"<!-- This site is optimized with the Yoast SEO plugin v26.8 - https:\/\/yoast.com\/product\/yoast-seo-wordpress\/ -->\n<title>Rijeka is without any doubt a capital of culture! &#8226; Rijeka 2020<\/title>\n<meta name=\"robots\" content=\"index, follow, max-snippet:-1, max-image-preview:large, max-video-preview:-1\" \/>\n<link rel=\"canonical\" href=\"https:\/\/ri2020.eu\/en\/rijeka-is-without-any-doubt-a-capital-of-culture\/\" \/>\n<meta property=\"og:locale\" content=\"en_US\" \/>\n<meta property=\"og:type\" content=\"article\" \/>\n<meta property=\"og:title\" content=\"Rijeka is without any doubt a capital of culture! &#8226; Rijeka 2020\" \/>\n<meta property=\"og:description\" content=\"You should have been in Rijeka on 22 September 2017 when culture swept the city like a tidal wave. You should have been on Dolac at 7 PM, at the old location of the Museum of Modern and Contemporary Art, where a couple of hundred people silently, in an atmosphere of palpable excitement, awaited the arrival of the performer Milo Moir\u00e9.\" \/>\n<meta property=\"og:url\" content=\"https:\/\/ri2020.eu\/en\/rijeka-is-without-any-doubt-a-capital-of-culture\/\" \/>\n<meta property=\"og:site_name\" content=\"Rijeka 2020\" \/>\n<meta property=\"article:publisher\" content=\"https:\/\/www.facebook.com\/rijeka2020\" \/>\n<meta property=\"article:published_time\" content=\"2017-10-19T06:55:22+00:00\" \/>\n<meta property=\"og:image\" content=\"https:\/\/rijeka2020.eu\/wp-content\/uploads\/2017\/09\/cover.jpg\" \/>\n\t<meta property=\"og:image:width\" content=\"2000\" \/>\n\t<meta property=\"og:image:height\" content=\"886\" \/>\n\t<meta property=\"og:image:type\" content=\"image\/jpeg\" \/>\n<meta name=\"author\" content=\"Rijeka 2020\" \/>\n<meta name=\"twitter:card\" content=\"summary_large_image\" \/>\n<meta name=\"twitter:creator\" content=\"@Rijeka2020\" \/>\n<meta name=\"twitter:site\" content=\"@Rijeka2020\" \/>\n<meta name=\"twitter:label1\" content=\"Written by\" \/>\n\t<meta name=\"twitter:data1\" content=\"Rijeka 2020\" \/>\n\t<meta name=\"twitter:label2\" content=\"Est. reading time\" \/>\n\t<meta name=\"twitter:data2\" content=\"6 minutes\" \/>\n<script type=\"application\/ld+json\" class=\"yoast-schema-graph\">{\"@context\":\"https:\/\/schema.org\",\"@graph\":[{\"@type\":\"Article\",\"@id\":\"https:\/\/ri2020.eu\/en\/rijeka-is-without-any-doubt-a-capital-of-culture\/#article\",\"isPartOf\":{\"@id\":\"https:\/\/ri2020.eu\/en\/rijeka-is-without-any-doubt-a-capital-of-culture\/\"},\"author\":{\"name\":\"Rijeka 2020\",\"@id\":\"https:\/\/rijeka2020.eu\/en\/#\/schema\/person\/9c12d91df8c45bc534f625d9c81f403d\"},\"headline\":\"Rijeka is without any doubt a capital of culture!\",\"datePublished\":\"2017-10-19T06:55:22+00:00\",\"mainEntityOfPage\":{\"@id\":\"https:\/\/ri2020.eu\/en\/rijeka-is-without-any-doubt-a-capital-of-culture\/\"},\"wordCount\":1174,\"publisher\":{\"@id\":\"https:\/\/rijeka2020.eu\/en\/#organization\"},\"image\":{\"@id\":\"https:\/\/ri2020.eu\/en\/rijeka-is-without-any-doubt-a-capital-of-culture\/#primaryimage\"},\"thumbnailUrl\":\"https:\/\/ri2020.eu\/wp-content\/uploads\/2017\/09\/cover.jpg\",\"keywords\":[\"Ana Hu\u0161man\",\"Diana Nenadi\u0107\",\"Mi\u0161ko \u0160uvakovi\u0107\",\"MMSU\",\"Slaven Tolj\",\"Tom Gotovac\",\"Vlado Martek\",\"Vlatka Delimar\"],\"articleSection\":[\"News\"],\"inLanguage\":\"en-US\"},{\"@type\":\"WebPage\",\"@id\":\"https:\/\/ri2020.eu\/en\/rijeka-is-without-any-doubt-a-capital-of-culture\/\",\"url\":\"https:\/\/ri2020.eu\/en\/rijeka-is-without-any-doubt-a-capital-of-culture\/\",\"name\":\"Rijeka is without any doubt a capital of culture! &#8226; Rijeka 2020\",\"isPartOf\":{\"@id\":\"https:\/\/rijeka2020.eu\/en\/#website\"},\"primaryImageOfPage\":{\"@id\":\"https:\/\/ri2020.eu\/en\/rijeka-is-without-any-doubt-a-capital-of-culture\/#primaryimage\"},\"image\":{\"@id\":\"https:\/\/ri2020.eu\/en\/rijeka-is-without-any-doubt-a-capital-of-culture\/#primaryimage\"},\"thumbnailUrl\":\"https:\/\/ri2020.eu\/wp-content\/uploads\/2017\/09\/cover.jpg\",\"datePublished\":\"2017-10-19T06:55:22+00:00\",\"breadcrumb\":{\"@id\":\"https:\/\/ri2020.eu\/en\/rijeka-is-without-any-doubt-a-capital-of-culture\/#breadcrumb\"},\"inLanguage\":\"en-US\",\"potentialAction\":[{\"@type\":\"ReadAction\",\"target\":[\"https:\/\/ri2020.eu\/en\/rijeka-is-without-any-doubt-a-capital-of-culture\/\"]}]},{\"@type\":\"ImageObject\",\"inLanguage\":\"en-US\",\"@id\":\"https:\/\/ri2020.eu\/en\/rijeka-is-without-any-doubt-a-capital-of-culture\/#primaryimage\",\"url\":\"https:\/\/ri2020.eu\/wp-content\/uploads\/2017\/09\/cover.jpg\",\"contentUrl\":\"https:\/\/ri2020.eu\/wp-content\/uploads\/2017\/09\/cover.jpg\",\"width\":2000,\"height\":886},{\"@type\":\"BreadcrumbList\",\"@id\":\"https:\/\/ri2020.eu\/en\/rijeka-is-without-any-doubt-a-capital-of-culture\/#breadcrumb\",\"itemListElement\":[{\"@type\":\"ListItem\",\"position\":1,\"name\":\"Home\",\"item\":\"https:\/\/rijeka2020.eu\/en\/\"},{\"@type\":\"ListItem\",\"position\":2,\"name\":\"Rijeka is without any doubt a capital of culture!\"}]},{\"@type\":\"WebSite\",\"@id\":\"https:\/\/rijeka2020.eu\/en\/#website\",\"url\":\"https:\/\/rijeka2020.eu\/en\/\",\"name\":\"Rijeka 2020\",\"description\":\"Europska prijestolnica kulture\",\"publisher\":{\"@id\":\"https:\/\/rijeka2020.eu\/en\/#organization\"},\"potentialAction\":[{\"@type\":\"SearchAction\",\"target\":{\"@type\":\"EntryPoint\",\"urlTemplate\":\"https:\/\/rijeka2020.eu\/en\/?s={search_term_string}\"},\"query-input\":{\"@type\":\"PropertyValueSpecification\",\"valueRequired\":true,\"valueName\":\"search_term_string\"}}],\"inLanguage\":\"en-US\"},{\"@type\":\"Organization\",\"@id\":\"https:\/\/rijeka2020.eu\/en\/#organization\",\"name\":\"Rijeka 2020 d.o.o.\",\"url\":\"https:\/\/rijeka2020.eu\/en\/\",\"logo\":{\"@type\":\"ImageObject\",\"inLanguage\":\"en-US\",\"@id\":\"https:\/\/rijeka2020.eu\/en\/#\/schema\/logo\/image\/\",\"url\":\"https:\/\/rijeka2020.eu\/wp-content\/uploads\/2018\/07\/Ri2020-logo.png\",\"contentUrl\":\"https:\/\/rijeka2020.eu\/wp-content\/uploads\/2018\/07\/Ri2020-logo.png\",\"width\":407,\"height\":175,\"caption\":\"Rijeka 2020 d.o.o.\"},\"image\":{\"@id\":\"https:\/\/rijeka2020.eu\/en\/#\/schema\/logo\/image\/\"},\"sameAs\":[\"https:\/\/www.facebook.com\/rijeka2020\",\"https:\/\/x.com\/Rijeka2020\",\"https:\/\/www.instagram.com\/rijeka2020\/\",\"https:\/\/www.youtube.com\/user\/riepk2020\"]},{\"@type\":\"Person\",\"@id\":\"https:\/\/rijeka2020.eu\/en\/#\/schema\/person\/9c12d91df8c45bc534f625d9c81f403d\",\"name\":\"Rijeka 2020\",\"url\":\"https:\/\/ri2020.eu\/en\/author\/lsm\/\"}]}<\/script>\n<!-- \/ Yoast SEO plugin. -->","yoast_head_json":{"title":"Rijeka is without any doubt a capital of culture! &#8226; Rijeka 2020","robots":{"index":"index","follow":"follow","max-snippet":"max-snippet:-1","max-image-preview":"max-image-preview:large","max-video-preview":"max-video-preview:-1"},"canonical":"https:\/\/ri2020.eu\/en\/rijeka-is-without-any-doubt-a-capital-of-culture\/","og_locale":"en_US","og_type":"article","og_title":"Rijeka is without any doubt a capital of culture! &#8226; Rijeka 2020","og_description":"You should have been in Rijeka on 22 September 2017 when culture swept the city like a tidal wave. You should have been on Dolac at 7 PM, at the old location of the Museum of Modern and Contemporary Art, where a couple of hundred people silently, in an atmosphere of palpable excitement, awaited the arrival of the performer Milo Moir\u00e9.","og_url":"https:\/\/ri2020.eu\/en\/rijeka-is-without-any-doubt-a-capital-of-culture\/","og_site_name":"Rijeka 2020","article_publisher":"https:\/\/www.facebook.com\/rijeka2020","article_published_time":"2017-10-19T06:55:22+00:00","og_image":[{"width":2000,"height":886,"url":"https:\/\/rijeka2020.eu\/wp-content\/uploads\/2017\/09\/cover.jpg","type":"image\/jpeg"}],"author":"Rijeka 2020","twitter_card":"summary_large_image","twitter_creator":"@Rijeka2020","twitter_site":"@Rijeka2020","twitter_misc":{"Written by":"Rijeka 2020","Est. reading time":"6 minutes"},"schema":{"@context":"https:\/\/schema.org","@graph":[{"@type":"Article","@id":"https:\/\/ri2020.eu\/en\/rijeka-is-without-any-doubt-a-capital-of-culture\/#article","isPartOf":{"@id":"https:\/\/ri2020.eu\/en\/rijeka-is-without-any-doubt-a-capital-of-culture\/"},"author":{"name":"Rijeka 2020","@id":"https:\/\/rijeka2020.eu\/en\/#\/schema\/person\/9c12d91df8c45bc534f625d9c81f403d"},"headline":"Rijeka is without any doubt a capital of culture!","datePublished":"2017-10-19T06:55:22+00:00","mainEntityOfPage":{"@id":"https:\/\/ri2020.eu\/en\/rijeka-is-without-any-doubt-a-capital-of-culture\/"},"wordCount":1174,"publisher":{"@id":"https:\/\/rijeka2020.eu\/en\/#organization"},"image":{"@id":"https:\/\/ri2020.eu\/en\/rijeka-is-without-any-doubt-a-capital-of-culture\/#primaryimage"},"thumbnailUrl":"https:\/\/ri2020.eu\/wp-content\/uploads\/2017\/09\/cover.jpg","keywords":["Ana Hu\u0161man","Diana Nenadi\u0107","Mi\u0161ko \u0160uvakovi\u0107","MMSU","Slaven Tolj","Tom Gotovac","Vlado Martek","Vlatka Delimar"],"articleSection":["News"],"inLanguage":"en-US"},{"@type":"WebPage","@id":"https:\/\/ri2020.eu\/en\/rijeka-is-without-any-doubt-a-capital-of-culture\/","url":"https:\/\/ri2020.eu\/en\/rijeka-is-without-any-doubt-a-capital-of-culture\/","name":"Rijeka is without any doubt a capital of culture! &#8226; Rijeka 2020","isPartOf":{"@id":"https:\/\/rijeka2020.eu\/en\/#website"},"primaryImageOfPage":{"@id":"https:\/\/ri2020.eu\/en\/rijeka-is-without-any-doubt-a-capital-of-culture\/#primaryimage"},"image":{"@id":"https:\/\/ri2020.eu\/en\/rijeka-is-without-any-doubt-a-capital-of-culture\/#primaryimage"},"thumbnailUrl":"https:\/\/ri2020.eu\/wp-content\/uploads\/2017\/09\/cover.jpg","datePublished":"2017-10-19T06:55:22+00:00","breadcrumb":{"@id":"https:\/\/ri2020.eu\/en\/rijeka-is-without-any-doubt-a-capital-of-culture\/#breadcrumb"},"inLanguage":"en-US","potentialAction":[{"@type":"ReadAction","target":["https:\/\/ri2020.eu\/en\/rijeka-is-without-any-doubt-a-capital-of-culture\/"]}]},{"@type":"ImageObject","inLanguage":"en-US","@id":"https:\/\/ri2020.eu\/en\/rijeka-is-without-any-doubt-a-capital-of-culture\/#primaryimage","url":"https:\/\/ri2020.eu\/wp-content\/uploads\/2017\/09\/cover.jpg","contentUrl":"https:\/\/ri2020.eu\/wp-content\/uploads\/2017\/09\/cover.jpg","width":2000,"height":886},{"@type":"BreadcrumbList","@id":"https:\/\/ri2020.eu\/en\/rijeka-is-without-any-doubt-a-capital-of-culture\/#breadcrumb","itemListElement":[{"@type":"ListItem","position":1,"name":"Home","item":"https:\/\/rijeka2020.eu\/en\/"},{"@type":"ListItem","position":2,"name":"Rijeka is without any doubt a capital of culture!"}]},{"@type":"WebSite","@id":"https:\/\/rijeka2020.eu\/en\/#website","url":"https:\/\/rijeka2020.eu\/en\/","name":"Rijeka 2020","description":"Europska prijestolnica kulture","publisher":{"@id":"https:\/\/rijeka2020.eu\/en\/#organization"},"potentialAction":[{"@type":"SearchAction","target":{"@type":"EntryPoint","urlTemplate":"https:\/\/rijeka2020.eu\/en\/?s={search_term_string}"},"query-input":{"@type":"PropertyValueSpecification","valueRequired":true,"valueName":"search_term_string"}}],"inLanguage":"en-US"},{"@type":"Organization","@id":"https:\/\/rijeka2020.eu\/en\/#organization","name":"Rijeka 2020 d.o.o.","url":"https:\/\/rijeka2020.eu\/en\/","logo":{"@type":"ImageObject","inLanguage":"en-US","@id":"https:\/\/rijeka2020.eu\/en\/#\/schema\/logo\/image\/","url":"https:\/\/rijeka2020.eu\/wp-content\/uploads\/2018\/07\/Ri2020-logo.png","contentUrl":"https:\/\/rijeka2020.eu\/wp-content\/uploads\/2018\/07\/Ri2020-logo.png","width":407,"height":175,"caption":"Rijeka 2020 d.o.o."},"image":{"@id":"https:\/\/rijeka2020.eu\/en\/#\/schema\/logo\/image\/"},"sameAs":["https:\/\/www.facebook.com\/rijeka2020","https:\/\/x.com\/Rijeka2020","https:\/\/www.instagram.com\/rijeka2020\/","https:\/\/www.youtube.com\/user\/riepk2020"]},{"@type":"Person","@id":"https:\/\/rijeka2020.eu\/en\/#\/schema\/person\/9c12d91df8c45bc534f625d9c81f403d","name":"Rijeka 2020","url":"https:\/\/ri2020.eu\/en\/author\/lsm\/"}]}},"_links":{"self":[{"href":"https:\/\/ri2020.eu\/en\/wp-json\/wp\/v2\/posts\/8911","targetHints":{"allow":["GET"]}}],"collection":[{"href":"https:\/\/ri2020.eu\/en\/wp-json\/wp\/v2\/posts"}],"about":[{"href":"https:\/\/ri2020.eu\/en\/wp-json\/wp\/v2\/types\/post"}],"author":[{"embeddable":true,"href":"https:\/\/ri2020.eu\/en\/wp-json\/wp\/v2\/users\/72"}],"replies":[{"embeddable":true,"href":"https:\/\/ri2020.eu\/en\/wp-json\/wp\/v2\/comments?post=8911"}],"version-history":[{"count":0,"href":"https:\/\/ri2020.eu\/en\/wp-json\/wp\/v2\/posts\/8911\/revisions"}],"wp:featuredmedia":[{"embeddable":true,"href":"https:\/\/ri2020.eu\/en\/wp-json\/wp\/v2\/media\/8626"}],"wp:attachment":[{"href":"https:\/\/ri2020.eu\/en\/wp-json\/wp\/v2\/media?parent=8911"}],"wp:term":[{"taxonomy":"category","embeddable":true,"href":"https:\/\/ri2020.eu\/en\/wp-json\/wp\/v2\/categories?post=8911"},{"taxonomy":"post_tag","embeddable":true,"href":"https:\/\/ri2020.eu\/en\/wp-json\/wp\/v2\/tags?post=8911"}],"curies":[{"name":"wp","href":"https:\/\/api.w.org\/{rel}","templated":true}]}}