{"id":8898,"date":"2017-10-17T16:27:10","date_gmt":"2017-10-17T14:27:10","guid":{"rendered":"http:\/\/rijeka2020.eu\/?p=8898\/"},"modified":"2019-09-17T16:41:54","modified_gmt":"2019-09-17T14:41:54","slug":"video-applause-please-was-a-hit","status":"publish","type":"post","link":"https:\/\/ri2020.eu\/en\/video-applause-please-was-a-hit\/","title":{"rendered":"Video: Applause please was a hit"},"content":{"rendered":"<p>The feedbacks are great, and some of the reactions can be heard in a short video report by Ma\u0161a Drndi\u0107.<\/p>\n<p>Find out what are the impressions of some of the lecturers (Paul Bogen, Agatha Etmanowicz and Neils Righold) and of two seminar attendants, Denis Kirin\u010di\u0107 and Vesna Kurili\u0107.<\/p>\n<p><iframe loading=\"lazy\" src=\"https:\/\/www.youtube.com\/embed\/3hDUm2bmKEo\" width=\"640\" height=\"315\" frameborder=\"0\" allowfullscreen=\"allowfullscreen\"><\/iframe><\/p>\n","protected":false},"excerpt":{"rendered":"<p>From 4th to 6th September at the OKC Palach in Rijeka, team of the programme Classroom of Rijeka 2020 &#8211; EPK organized an international seminar on public development Applause please which now has its video report.<\/p>\n","protected":false},"author":72,"featured_media":8064,"comment_status":"closed","ping_status":"closed","sticky":false,"template":"","format":"standard","meta":{"_acf_changed":false,"footnotes":""},"categories":[2958,2731],"tags":[4130,4180,4181,3471,4182,4183],"class_list":["post-8898","post","type-post","status-publish","format-standard","has-post-thumbnail","hentry","category-classroom","category-news","tag-agatha-etmanowicz-en","tag-audience-development-en-en","tag-denis-kirincic-en-en","tag-neils-righold-en","tag-paul-bogen-en-en","tag-vesna-kurilic-en-en"],"acf":[],"yoast_head":"<!-- This site is optimized with the Yoast SEO plugin v26.8 - https:\/\/yoast.com\/product\/yoast-seo-wordpress\/ -->\n<title>Video: Applause please was a hit &#8226; Rijeka 2020<\/title>\n<meta name=\"robots\" content=\"index, follow, max-snippet:-1, max-image-preview:large, max-video-preview:-1\" \/>\n<link rel=\"canonical\" href=\"https:\/\/ri2020.eu\/en\/video-applause-please-was-a-hit\/\" \/>\n<meta property=\"og:locale\" content=\"en_US\" \/>\n<meta property=\"og:type\" content=\"article\" \/>\n<meta property=\"og:title\" content=\"Video: Applause please was a hit &#8226; Rijeka 2020\" \/>\n<meta property=\"og:description\" content=\"From 4th to 6th September at the OKC Palach in Rijeka, team of the programme Classroom of Rijeka 2020 - EPK organized an international seminar on public development Applause please which now has its video report.\" \/>\n<meta property=\"og:url\" content=\"https:\/\/ri2020.eu\/en\/video-applause-please-was-a-hit\/\" \/>\n<meta property=\"og:site_name\" content=\"Rijeka 2020\" \/>\n<meta property=\"article:publisher\" content=\"https:\/\/www.facebook.com\/rijeka2020\" \/>\n<meta property=\"article:published_time\" content=\"2017-10-17T14:27:10+00:00\" \/>\n<meta property=\"article:modified_time\" content=\"2019-09-17T14:41:54+00:00\" \/>\n<meta property=\"og:image\" content=\"https:\/\/ri2020.eu\/wp-content\/uploads\/2017\/09\/DSC0542.jpg\" \/>\n\t<meta property=\"og:image:width\" content=\"2000\" \/>\n\t<meta property=\"og:image:height\" content=\"1335\" \/>\n\t<meta property=\"og:image:type\" content=\"image\/jpeg\" \/>\n<meta name=\"author\" content=\"Rijeka 2020\" \/>\n<meta name=\"twitter:card\" content=\"summary_large_image\" \/>\n<meta name=\"twitter:creator\" content=\"@Rijeka2020\" \/>\n<meta name=\"twitter:site\" content=\"@Rijeka2020\" \/>\n<meta name=\"twitter:label1\" content=\"Written by\" \/>\n\t<meta name=\"twitter:data1\" content=\"Rijeka 2020\" \/>\n<script type=\"application\/ld+json\" class=\"yoast-schema-graph\">{\"@context\":\"https:\/\/schema.org\",\"@graph\":[{\"@type\":\"Article\",\"@id\":\"https:\/\/ri2020.eu\/en\/video-applause-please-was-a-hit\/#article\",\"isPartOf\":{\"@id\":\"https:\/\/ri2020.eu\/en\/video-applause-please-was-a-hit\/\"},\"author\":{\"name\":\"Rijeka 2020\",\"@id\":\"https:\/\/ri2020.eu\/en\/#\/schema\/person\/9c12d91df8c45bc534f625d9c81f403d\"},\"headline\":\"Video: Applause please was a hit\",\"datePublished\":\"2017-10-17T14:27:10+00:00\",\"dateModified\":\"2019-09-17T14:41:54+00:00\",\"mainEntityOfPage\":{\"@id\":\"https:\/\/ri2020.eu\/en\/video-applause-please-was-a-hit\/\"},\"wordCount\":56,\"publisher\":{\"@id\":\"https:\/\/ri2020.eu\/en\/#organization\"},\"image\":{\"@id\":\"https:\/\/ri2020.eu\/en\/video-applause-please-was-a-hit\/#primaryimage\"},\"thumbnailUrl\":\"https:\/\/ri2020.eu\/wp-content\/uploads\/2017\/09\/DSC0542.jpg\",\"keywords\":[\"Agatha Etmanowicz\",\"audience development\",\"Denis Kirin\u010di\u0107\",\"Neils Righold\",\"Paul Bogen\",\"Vesna Kurili\u0107\"],\"articleSection\":[\"Classroom\",\"News\"],\"inLanguage\":\"en-US\"},{\"@type\":\"WebPage\",\"@id\":\"https:\/\/ri2020.eu\/en\/video-applause-please-was-a-hit\/\",\"url\":\"https:\/\/ri2020.eu\/en\/video-applause-please-was-a-hit\/\",\"name\":\"Video: Applause please was a hit &#8226; Rijeka 2020\",\"isPartOf\":{\"@id\":\"https:\/\/ri2020.eu\/en\/#website\"},\"primaryImageOfPage\":{\"@id\":\"https:\/\/ri2020.eu\/en\/video-applause-please-was-a-hit\/#primaryimage\"},\"image\":{\"@id\":\"https:\/\/ri2020.eu\/en\/video-applause-please-was-a-hit\/#primaryimage\"},\"thumbnailUrl\":\"https:\/\/ri2020.eu\/wp-content\/uploads\/2017\/09\/DSC0542.jpg\",\"datePublished\":\"2017-10-17T14:27:10+00:00\",\"dateModified\":\"2019-09-17T14:41:54+00:00\",\"breadcrumb\":{\"@id\":\"https:\/\/ri2020.eu\/en\/video-applause-please-was-a-hit\/#breadcrumb\"},\"inLanguage\":\"en-US\",\"potentialAction\":[{\"@type\":\"ReadAction\",\"target\":[\"https:\/\/ri2020.eu\/en\/video-applause-please-was-a-hit\/\"]}]},{\"@type\":\"ImageObject\",\"inLanguage\":\"en-US\",\"@id\":\"https:\/\/ri2020.eu\/en\/video-applause-please-was-a-hit\/#primaryimage\",\"url\":\"https:\/\/ri2020.eu\/wp-content\/uploads\/2017\/09\/DSC0542.jpg\",\"contentUrl\":\"https:\/\/ri2020.eu\/wp-content\/uploads\/2017\/09\/DSC0542.jpg\",\"width\":2000,\"height\":1335},{\"@type\":\"BreadcrumbList\",\"@id\":\"https:\/\/ri2020.eu\/en\/video-applause-please-was-a-hit\/#breadcrumb\",\"itemListElement\":[{\"@type\":\"ListItem\",\"position\":1,\"name\":\"Home\",\"item\":\"https:\/\/ri2020.eu\/en\/\"},{\"@type\":\"ListItem\",\"position\":2,\"name\":\"Video: Applause please was a hit\"}]},{\"@type\":\"WebSite\",\"@id\":\"https:\/\/ri2020.eu\/en\/#website\",\"url\":\"https:\/\/ri2020.eu\/en\/\",\"name\":\"Rijeka 2020\",\"description\":\"Europska prijestolnica kulture\",\"publisher\":{\"@id\":\"https:\/\/ri2020.eu\/en\/#organization\"},\"potentialAction\":[{\"@type\":\"SearchAction\",\"target\":{\"@type\":\"EntryPoint\",\"urlTemplate\":\"https:\/\/ri2020.eu\/en\/?s={search_term_string}\"},\"query-input\":{\"@type\":\"PropertyValueSpecification\",\"valueRequired\":true,\"valueName\":\"search_term_string\"}}],\"inLanguage\":\"en-US\"},{\"@type\":\"Organization\",\"@id\":\"https:\/\/ri2020.eu\/en\/#organization\",\"name\":\"Rijeka 2020 d.o.o.\",\"url\":\"https:\/\/ri2020.eu\/en\/\",\"logo\":{\"@type\":\"ImageObject\",\"inLanguage\":\"en-US\",\"@id\":\"https:\/\/ri2020.eu\/en\/#\/schema\/logo\/image\/\",\"url\":\"https:\/\/rijeka2020.eu\/wp-content\/uploads\/2018\/07\/Ri2020-logo.png\",\"contentUrl\":\"https:\/\/rijeka2020.eu\/wp-content\/uploads\/2018\/07\/Ri2020-logo.png\",\"width\":407,\"height\":175,\"caption\":\"Rijeka 2020 d.o.o.\"},\"image\":{\"@id\":\"https:\/\/ri2020.eu\/en\/#\/schema\/logo\/image\/\"},\"sameAs\":[\"https:\/\/www.facebook.com\/rijeka2020\",\"https:\/\/x.com\/Rijeka2020\",\"https:\/\/www.instagram.com\/rijeka2020\/\",\"https:\/\/www.youtube.com\/user\/riepk2020\"]},{\"@type\":\"Person\",\"@id\":\"https:\/\/ri2020.eu\/en\/#\/schema\/person\/9c12d91df8c45bc534f625d9c81f403d\",\"name\":\"Rijeka 2020\",\"url\":\"https:\/\/ri2020.eu\/en\/author\/lsm\/\"}]}<\/script>\n<!-- \/ Yoast SEO plugin. -->","yoast_head_json":{"title":"Video: Applause please was a hit &#8226; Rijeka 2020","robots":{"index":"index","follow":"follow","max-snippet":"max-snippet:-1","max-image-preview":"max-image-preview:large","max-video-preview":"max-video-preview:-1"},"canonical":"https:\/\/ri2020.eu\/en\/video-applause-please-was-a-hit\/","og_locale":"en_US","og_type":"article","og_title":"Video: Applause please was a hit &#8226; Rijeka 2020","og_description":"From 4th to 6th September at the OKC Palach in Rijeka, team of the programme Classroom of Rijeka 2020 - EPK organized an international seminar on public development Applause please which now has its video report.","og_url":"https:\/\/ri2020.eu\/en\/video-applause-please-was-a-hit\/","og_site_name":"Rijeka 2020","article_publisher":"https:\/\/www.facebook.com\/rijeka2020","article_published_time":"2017-10-17T14:27:10+00:00","article_modified_time":"2019-09-17T14:41:54+00:00","og_image":[{"width":2000,"height":1335,"url":"https:\/\/ri2020.eu\/wp-content\/uploads\/2017\/09\/DSC0542.jpg","type":"image\/jpeg"}],"author":"Rijeka 2020","twitter_card":"summary_large_image","twitter_creator":"@Rijeka2020","twitter_site":"@Rijeka2020","twitter_misc":{"Written by":"Rijeka 2020"},"schema":{"@context":"https:\/\/schema.org","@graph":[{"@type":"Article","@id":"https:\/\/ri2020.eu\/en\/video-applause-please-was-a-hit\/#article","isPartOf":{"@id":"https:\/\/ri2020.eu\/en\/video-applause-please-was-a-hit\/"},"author":{"name":"Rijeka 2020","@id":"https:\/\/ri2020.eu\/en\/#\/schema\/person\/9c12d91df8c45bc534f625d9c81f403d"},"headline":"Video: Applause please was a hit","datePublished":"2017-10-17T14:27:10+00:00","dateModified":"2019-09-17T14:41:54+00:00","mainEntityOfPage":{"@id":"https:\/\/ri2020.eu\/en\/video-applause-please-was-a-hit\/"},"wordCount":56,"publisher":{"@id":"https:\/\/ri2020.eu\/en\/#organization"},"image":{"@id":"https:\/\/ri2020.eu\/en\/video-applause-please-was-a-hit\/#primaryimage"},"thumbnailUrl":"https:\/\/ri2020.eu\/wp-content\/uploads\/2017\/09\/DSC0542.jpg","keywords":["Agatha Etmanowicz","audience development","Denis Kirin\u010di\u0107","Neils Righold","Paul Bogen","Vesna Kurili\u0107"],"articleSection":["Classroom","News"],"inLanguage":"en-US"},{"@type":"WebPage","@id":"https:\/\/ri2020.eu\/en\/video-applause-please-was-a-hit\/","url":"https:\/\/ri2020.eu\/en\/video-applause-please-was-a-hit\/","name":"Video: Applause please was a hit &#8226; Rijeka 2020","isPartOf":{"@id":"https:\/\/ri2020.eu\/en\/#website"},"primaryImageOfPage":{"@id":"https:\/\/ri2020.eu\/en\/video-applause-please-was-a-hit\/#primaryimage"},"image":{"@id":"https:\/\/ri2020.eu\/en\/video-applause-please-was-a-hit\/#primaryimage"},"thumbnailUrl":"https:\/\/ri2020.eu\/wp-content\/uploads\/2017\/09\/DSC0542.jpg","datePublished":"2017-10-17T14:27:10+00:00","dateModified":"2019-09-17T14:41:54+00:00","breadcrumb":{"@id":"https:\/\/ri2020.eu\/en\/video-applause-please-was-a-hit\/#breadcrumb"},"inLanguage":"en-US","potentialAction":[{"@type":"ReadAction","target":["https:\/\/ri2020.eu\/en\/video-applause-please-was-a-hit\/"]}]},{"@type":"ImageObject","inLanguage":"en-US","@id":"https:\/\/ri2020.eu\/en\/video-applause-please-was-a-hit\/#primaryimage","url":"https:\/\/ri2020.eu\/wp-content\/uploads\/2017\/09\/DSC0542.jpg","contentUrl":"https:\/\/ri2020.eu\/wp-content\/uploads\/2017\/09\/DSC0542.jpg","width":2000,"height":1335},{"@type":"BreadcrumbList","@id":"https:\/\/ri2020.eu\/en\/video-applause-please-was-a-hit\/#breadcrumb","itemListElement":[{"@type":"ListItem","position":1,"name":"Home","item":"https:\/\/ri2020.eu\/en\/"},{"@type":"ListItem","position":2,"name":"Video: Applause please was a hit"}]},{"@type":"WebSite","@id":"https:\/\/ri2020.eu\/en\/#website","url":"https:\/\/ri2020.eu\/en\/","name":"Rijeka 2020","description":"Europska prijestolnica kulture","publisher":{"@id":"https:\/\/ri2020.eu\/en\/#organization"},"potentialAction":[{"@type":"SearchAction","target":{"@type":"EntryPoint","urlTemplate":"https:\/\/ri2020.eu\/en\/?s={search_term_string}"},"query-input":{"@type":"PropertyValueSpecification","valueRequired":true,"valueName":"search_term_string"}}],"inLanguage":"en-US"},{"@type":"Organization","@id":"https:\/\/ri2020.eu\/en\/#organization","name":"Rijeka 2020 d.o.o.","url":"https:\/\/ri2020.eu\/en\/","logo":{"@type":"ImageObject","inLanguage":"en-US","@id":"https:\/\/ri2020.eu\/en\/#\/schema\/logo\/image\/","url":"https:\/\/rijeka2020.eu\/wp-content\/uploads\/2018\/07\/Ri2020-logo.png","contentUrl":"https:\/\/rijeka2020.eu\/wp-content\/uploads\/2018\/07\/Ri2020-logo.png","width":407,"height":175,"caption":"Rijeka 2020 d.o.o."},"image":{"@id":"https:\/\/ri2020.eu\/en\/#\/schema\/logo\/image\/"},"sameAs":["https:\/\/www.facebook.com\/rijeka2020","https:\/\/x.com\/Rijeka2020","https:\/\/www.instagram.com\/rijeka2020\/","https:\/\/www.youtube.com\/user\/riepk2020"]},{"@type":"Person","@id":"https:\/\/ri2020.eu\/en\/#\/schema\/person\/9c12d91df8c45bc534f625d9c81f403d","name":"Rijeka 2020","url":"https:\/\/ri2020.eu\/en\/author\/lsm\/"}]}},"_links":{"self":[{"href":"https:\/\/ri2020.eu\/en\/wp-json\/wp\/v2\/posts\/8898","targetHints":{"allow":["GET"]}}],"collection":[{"href":"https:\/\/ri2020.eu\/en\/wp-json\/wp\/v2\/posts"}],"about":[{"href":"https:\/\/ri2020.eu\/en\/wp-json\/wp\/v2\/types\/post"}],"author":[{"embeddable":true,"href":"https:\/\/ri2020.eu\/en\/wp-json\/wp\/v2\/users\/72"}],"replies":[{"embeddable":true,"href":"https:\/\/ri2020.eu\/en\/wp-json\/wp\/v2\/comments?post=8898"}],"version-history":[{"count":0,"href":"https:\/\/ri2020.eu\/en\/wp-json\/wp\/v2\/posts\/8898\/revisions"}],"wp:featuredmedia":[{"embeddable":true,"href":"https:\/\/ri2020.eu\/en\/wp-json\/wp\/v2\/media\/8064"}],"wp:attachment":[{"href":"https:\/\/ri2020.eu\/en\/wp-json\/wp\/v2\/media?parent=8898"}],"wp:term":[{"taxonomy":"category","embeddable":true,"href":"https:\/\/ri2020.eu\/en\/wp-json\/wp\/v2\/categories?post=8898"},{"taxonomy":"post_tag","embeddable":true,"href":"https:\/\/ri2020.eu\/en\/wp-json\/wp\/v2\/tags?post=8898"}],"curies":[{"name":"wp","href":"https:\/\/api.w.org\/{rel}","templated":true}]}}