{"id":8074,"date":"2017-09-19T20:34:07","date_gmt":"2017-09-19T18:34:07","guid":{"rendered":"http:\/\/rijeka2020.eu\/?p=8074\/"},"modified":"2017-12-10T20:51:31","modified_gmt":"2017-12-10T19:51:31","slug":"2000-visitors-at-first-porto-etno","status":"publish","type":"post","link":"https:\/\/ri2020.eu\/en\/2000-visitors-at-first-porto-etno\/","title":{"rendered":"2000 visitors at first Porto etno"},"content":{"rendered":"<p>The festival came to be as a combination of the traditional Ethno Summit \u2013 Days of National Minorities and the recently started Bakanalije \u2013 Grandma ain\u2019t from around here programme. The enormous amount of visitors significantly surpassed all organisational expectations.<\/p>\n<p>The festival\u2019s attractive programme consisted of the gastronomical part \u2013 presenting the cuisines of national minorities and friendship associations based in Rijeka and Primorje-Gorski Kotar county, workshops for kids, performance programmes, as well as performances by world music musicians.<\/p>\n<p>Porto etno was opened by Emina Vi\u0161ni\u0107, CEO of RIJEKA 2020 LLC, Petar Mamula, Primorje-Gorski Kotar County deputy prefect, and Nikola Ivani\u0161, City of Rijeka deputy mayor.<\/p>\n<p>Emina Vi\u0161ni\u0107 touched upon the location of the festival, the interior of the yet unfinished T-Object of the Ben\u010di\u0107 complex where the festival was moved because of forecasted rain. \u201cOur buildings have not been completed yet, but I am very pleased to see such a huge amount of people at a new event in Rijeka that carries on the 20-year tradition of the Ethno Summit. This is what the European Capital of Culture is all about, not waiting for 2020 when the buildings and programmes will be fully prepared and operation. We want to take this slowly, as we did here, with numerous minority communities, associations, city government and many individuals who are involved in the first Porto etno festival of food and music.\u201d<\/p>\n<p>Petar Mamula greeted everyone \u201con behalf of one of the culprits for implementing the phenomenal Rijeka ECOC project. I am especially pleased to greet you all at an event that fully emphasises our motto \u2013 The Port of Diversity \u2013 selected to present Rijeka as the European Capital of Culture. This is an opportunity to show how national minorities present in our region are capable of integrating their cultures into local development and the development of city and county projects.\u201d<\/p>\n<p>Nikola Ivani\u0161 greeted everyone on behalf of Vojko Obersnel, the Mayor of Rijeka, Marko Filipovi\u0107, the other deputy mayor, and himself by saying that all three of them, as the heads of the city executive government, strongly support projects such as Proto etno and the concepts of Rijeka as a Port of Diversity and Rijeka for all, mottos that will be used for various activities until 2020. \u201cThe European Capital of Culture is a once in a lifetime opportunity, a project that is strongly binding for the city and all citizens. It is an opportunity to do something for our city, to evaluate our rich industrial heritage and then redesign it to serve a modern 21<sup>st<\/sup> century society. That is why this is so important.\u201d<\/p>\n<p>The audience also heard from Zoran Majstorovi\u0107, the festival\u2019s artistic director, who presented the music programme, the Portno Etno orchestra, founded for this specific event and comprised of regional ethno jazz musicians, which performed independently throughout the evening, as well as accompanied by Slovenian musician Nika Solce and Serbian pianist Vasil Had\u017eimanov. Other musical guests included the Arakne Group from Italy and the Karandila Gypsy Brass Orchestra from Bulgaria that closed the festival.<\/p>\n<p>Porto etno would not have been possible without the support of numerous national minority and friendship associations that put in an enormous amount of effort to make the festival as grand as it was. They are: \u201cProsvjeta\u201d Serbian Cultural Society Rijeka, Islamic community Council of Women, Hungarian Democratic Community, \u201cRu\u0161njak\u201d Primorje-Gorski Kotar County Rusyn and Ukrainian Culture and Education Society, Primorje-Gorski Kotar Albanian Community, Slovak Cultural Centre Rijeka, Czech Beseda Rijeka, Jewish Community of Rijeka, \u201cIlinden\u201d Macedonian Culture Society, National Society of Montenegro Rijeka, Russian House Rijeka, Italian Community of Rijeka, Expats Rijeka Society.<\/p>\n<p>The programme was powered by the City of Rijeka, Primorje-Gorski Kotar County, Ministry of Culture of the Republic of Croatia, Rijeka 2020 \u2013 ECOC, Manufaktura Interdisciplinary Collective, Povdiv ECOC 2019, Italian embassy, KPD Bazovica, Student Cultural Centre of the University of Rijeka, Student Council of the University of Rijeka, Plodine, GP Krk, Metis, Carlsberg Croatia, \u201cProsvjeta\u201d Serbian Cultural Society, and media partners Soundset Trsat and Totalni FM.<\/p>\n","protected":false},"excerpt":{"rendered":"<p>The festival came to be as a combination of the traditional Ethno Summit \u2013 Days of National Minorities and the recently started Bakanalije \u2013 Grandma ain\u2019t from around here programme. The enormous amount of visitors significantly surpassed all organisational expectations. The festival\u2019s attractive programme consisted of the gastronomical part \u2013 presenting the cuisines of national<\/p>\n","protected":false},"author":72,"featured_media":7874,"comment_status":"open","ping_status":"open","sticky":false,"template":"","format":"standard","meta":{"_acf_changed":false,"footnotes":""},"categories":[2731,2961],"tags":[],"class_list":["post-8074","post","type-post","status-publish","format-standard","has-post-thumbnail","hentry","category-news","category-porto-etno"],"acf":[],"yoast_head":"<!-- This site is optimized with the Yoast SEO plugin v26.8 - https:\/\/yoast.com\/product\/yoast-seo-wordpress\/ -->\n<title>2000 visitors at first Porto etno &#8226; Rijeka 2020<\/title>\n<meta name=\"robots\" content=\"index, follow, max-snippet:-1, max-image-preview:large, max-video-preview:-1\" \/>\n<link rel=\"canonical\" href=\"https:\/\/ri2020.eu\/en\/2000-visitors-at-first-porto-etno\/\" \/>\n<meta property=\"og:locale\" content=\"en_US\" \/>\n<meta property=\"og:type\" content=\"article\" \/>\n<meta property=\"og:title\" content=\"2000 visitors at first Porto etno &#8226; Rijeka 2020\" \/>\n<meta property=\"og:description\" content=\"The festival came to be as a combination of the traditional Ethno Summit \u2013 Days of National Minorities and the recently started Bakanalije \u2013 Grandma ain\u2019t from around here programme. The enormous amount of visitors significantly surpassed all organisational expectations. The festival\u2019s attractive programme consisted of the gastronomical part \u2013 presenting the cuisines of national\" \/>\n<meta property=\"og:url\" content=\"https:\/\/ri2020.eu\/en\/2000-visitors-at-first-porto-etno\/\" \/>\n<meta property=\"og:site_name\" content=\"Rijeka 2020\" \/>\n<meta property=\"article:publisher\" content=\"https:\/\/www.facebook.com\/rijeka2020\" \/>\n<meta property=\"article:published_time\" content=\"2017-09-19T18:34:07+00:00\" \/>\n<meta property=\"article:modified_time\" content=\"2017-12-10T19:51:31+00:00\" \/>\n<meta property=\"og:image\" content=\"https:\/\/ri2020.eu\/wp-content\/uploads\/2017\/09\/DSC_0093-e1505115480721.jpg\" \/>\n\t<meta property=\"og:image:width\" content=\"1024\" \/>\n\t<meta property=\"og:image:height\" content=\"683\" \/>\n\t<meta property=\"og:image:type\" content=\"image\/jpeg\" \/>\n<meta name=\"author\" content=\"Rijeka 2020\" \/>\n<meta name=\"twitter:card\" content=\"summary_large_image\" \/>\n<meta name=\"twitter:creator\" content=\"@Rijeka2020\" \/>\n<meta name=\"twitter:site\" content=\"@Rijeka2020\" \/>\n<meta name=\"twitter:label1\" content=\"Written by\" \/>\n\t<meta name=\"twitter:data1\" content=\"Rijeka 2020\" \/>\n\t<meta name=\"twitter:label2\" content=\"Est. reading time\" \/>\n\t<meta name=\"twitter:data2\" content=\"3 minutes\" \/>\n<script type=\"application\/ld+json\" class=\"yoast-schema-graph\">{\"@context\":\"https:\/\/schema.org\",\"@graph\":[{\"@type\":\"Article\",\"@id\":\"https:\/\/ri2020.eu\/en\/2000-visitors-at-first-porto-etno\/#article\",\"isPartOf\":{\"@id\":\"https:\/\/ri2020.eu\/en\/2000-visitors-at-first-porto-etno\/\"},\"author\":{\"name\":\"Rijeka 2020\",\"@id\":\"https:\/\/ri2020.eu\/en\/#\/schema\/person\/9c12d91df8c45bc534f625d9c81f403d\"},\"headline\":\"2000 visitors at first Porto etno\",\"datePublished\":\"2017-09-19T18:34:07+00:00\",\"dateModified\":\"2017-12-10T19:51:31+00:00\",\"mainEntityOfPage\":{\"@id\":\"https:\/\/ri2020.eu\/en\/2000-visitors-at-first-porto-etno\/\"},\"wordCount\":671,\"commentCount\":0,\"publisher\":{\"@id\":\"https:\/\/ri2020.eu\/en\/#organization\"},\"image\":{\"@id\":\"https:\/\/ri2020.eu\/en\/2000-visitors-at-first-porto-etno\/#primaryimage\"},\"thumbnailUrl\":\"https:\/\/ri2020.eu\/wp-content\/uploads\/2017\/09\/DSC_0093-e1505115480721.jpg\",\"articleSection\":[\"News\",\"Porto etno\"],\"inLanguage\":\"en-US\",\"potentialAction\":[{\"@type\":\"CommentAction\",\"name\":\"Comment\",\"target\":[\"https:\/\/ri2020.eu\/en\/2000-visitors-at-first-porto-etno\/#respond\"]}]},{\"@type\":\"WebPage\",\"@id\":\"https:\/\/ri2020.eu\/en\/2000-visitors-at-first-porto-etno\/\",\"url\":\"https:\/\/ri2020.eu\/en\/2000-visitors-at-first-porto-etno\/\",\"name\":\"2000 visitors at first Porto etno &#8226; Rijeka 2020\",\"isPartOf\":{\"@id\":\"https:\/\/ri2020.eu\/en\/#website\"},\"primaryImageOfPage\":{\"@id\":\"https:\/\/ri2020.eu\/en\/2000-visitors-at-first-porto-etno\/#primaryimage\"},\"image\":{\"@id\":\"https:\/\/ri2020.eu\/en\/2000-visitors-at-first-porto-etno\/#primaryimage\"},\"thumbnailUrl\":\"https:\/\/ri2020.eu\/wp-content\/uploads\/2017\/09\/DSC_0093-e1505115480721.jpg\",\"datePublished\":\"2017-09-19T18:34:07+00:00\",\"dateModified\":\"2017-12-10T19:51:31+00:00\",\"breadcrumb\":{\"@id\":\"https:\/\/ri2020.eu\/en\/2000-visitors-at-first-porto-etno\/#breadcrumb\"},\"inLanguage\":\"en-US\",\"potentialAction\":[{\"@type\":\"ReadAction\",\"target\":[\"https:\/\/ri2020.eu\/en\/2000-visitors-at-first-porto-etno\/\"]}]},{\"@type\":\"ImageObject\",\"inLanguage\":\"en-US\",\"@id\":\"https:\/\/ri2020.eu\/en\/2000-visitors-at-first-porto-etno\/#primaryimage\",\"url\":\"https:\/\/ri2020.eu\/wp-content\/uploads\/2017\/09\/DSC_0093-e1505115480721.jpg\",\"contentUrl\":\"https:\/\/ri2020.eu\/wp-content\/uploads\/2017\/09\/DSC_0093-e1505115480721.jpg\",\"width\":1024,\"height\":683},{\"@type\":\"BreadcrumbList\",\"@id\":\"https:\/\/ri2020.eu\/en\/2000-visitors-at-first-porto-etno\/#breadcrumb\",\"itemListElement\":[{\"@type\":\"ListItem\",\"position\":1,\"name\":\"Home\",\"item\":\"https:\/\/ri2020.eu\/en\/\"},{\"@type\":\"ListItem\",\"position\":2,\"name\":\"2000 visitors at first Porto etno\"}]},{\"@type\":\"WebSite\",\"@id\":\"https:\/\/ri2020.eu\/en\/#website\",\"url\":\"https:\/\/ri2020.eu\/en\/\",\"name\":\"Rijeka 2020\",\"description\":\"Europska prijestolnica kulture\",\"publisher\":{\"@id\":\"https:\/\/ri2020.eu\/en\/#organization\"},\"potentialAction\":[{\"@type\":\"SearchAction\",\"target\":{\"@type\":\"EntryPoint\",\"urlTemplate\":\"https:\/\/ri2020.eu\/en\/?s={search_term_string}\"},\"query-input\":{\"@type\":\"PropertyValueSpecification\",\"valueRequired\":true,\"valueName\":\"search_term_string\"}}],\"inLanguage\":\"en-US\"},{\"@type\":\"Organization\",\"@id\":\"https:\/\/ri2020.eu\/en\/#organization\",\"name\":\"Rijeka 2020 d.o.o.\",\"url\":\"https:\/\/ri2020.eu\/en\/\",\"logo\":{\"@type\":\"ImageObject\",\"inLanguage\":\"en-US\",\"@id\":\"https:\/\/ri2020.eu\/en\/#\/schema\/logo\/image\/\",\"url\":\"https:\/\/rijeka2020.eu\/wp-content\/uploads\/2018\/07\/Ri2020-logo.png\",\"contentUrl\":\"https:\/\/rijeka2020.eu\/wp-content\/uploads\/2018\/07\/Ri2020-logo.png\",\"width\":407,\"height\":175,\"caption\":\"Rijeka 2020 d.o.o.\"},\"image\":{\"@id\":\"https:\/\/ri2020.eu\/en\/#\/schema\/logo\/image\/\"},\"sameAs\":[\"https:\/\/www.facebook.com\/rijeka2020\",\"https:\/\/x.com\/Rijeka2020\",\"https:\/\/www.instagram.com\/rijeka2020\/\",\"https:\/\/www.youtube.com\/user\/riepk2020\"]},{\"@type\":\"Person\",\"@id\":\"https:\/\/ri2020.eu\/en\/#\/schema\/person\/9c12d91df8c45bc534f625d9c81f403d\",\"name\":\"Rijeka 2020\",\"url\":\"https:\/\/ri2020.eu\/en\/author\/lsm\/\"}]}<\/script>\n<!-- \/ Yoast SEO plugin. -->","yoast_head_json":{"title":"2000 visitors at first Porto etno &#8226; Rijeka 2020","robots":{"index":"index","follow":"follow","max-snippet":"max-snippet:-1","max-image-preview":"max-image-preview:large","max-video-preview":"max-video-preview:-1"},"canonical":"https:\/\/ri2020.eu\/en\/2000-visitors-at-first-porto-etno\/","og_locale":"en_US","og_type":"article","og_title":"2000 visitors at first Porto etno &#8226; Rijeka 2020","og_description":"The festival came to be as a combination of the traditional Ethno Summit \u2013 Days of National Minorities and the recently started Bakanalije \u2013 Grandma ain\u2019t from around here programme. The enormous amount of visitors significantly surpassed all organisational expectations. The festival\u2019s attractive programme consisted of the gastronomical part \u2013 presenting the cuisines of national","og_url":"https:\/\/ri2020.eu\/en\/2000-visitors-at-first-porto-etno\/","og_site_name":"Rijeka 2020","article_publisher":"https:\/\/www.facebook.com\/rijeka2020","article_published_time":"2017-09-19T18:34:07+00:00","article_modified_time":"2017-12-10T19:51:31+00:00","og_image":[{"width":1024,"height":683,"url":"https:\/\/ri2020.eu\/wp-content\/uploads\/2017\/09\/DSC_0093-e1505115480721.jpg","type":"image\/jpeg"}],"author":"Rijeka 2020","twitter_card":"summary_large_image","twitter_creator":"@Rijeka2020","twitter_site":"@Rijeka2020","twitter_misc":{"Written by":"Rijeka 2020","Est. reading time":"3 minutes"},"schema":{"@context":"https:\/\/schema.org","@graph":[{"@type":"Article","@id":"https:\/\/ri2020.eu\/en\/2000-visitors-at-first-porto-etno\/#article","isPartOf":{"@id":"https:\/\/ri2020.eu\/en\/2000-visitors-at-first-porto-etno\/"},"author":{"name":"Rijeka 2020","@id":"https:\/\/ri2020.eu\/en\/#\/schema\/person\/9c12d91df8c45bc534f625d9c81f403d"},"headline":"2000 visitors at first Porto etno","datePublished":"2017-09-19T18:34:07+00:00","dateModified":"2017-12-10T19:51:31+00:00","mainEntityOfPage":{"@id":"https:\/\/ri2020.eu\/en\/2000-visitors-at-first-porto-etno\/"},"wordCount":671,"commentCount":0,"publisher":{"@id":"https:\/\/ri2020.eu\/en\/#organization"},"image":{"@id":"https:\/\/ri2020.eu\/en\/2000-visitors-at-first-porto-etno\/#primaryimage"},"thumbnailUrl":"https:\/\/ri2020.eu\/wp-content\/uploads\/2017\/09\/DSC_0093-e1505115480721.jpg","articleSection":["News","Porto etno"],"inLanguage":"en-US","potentialAction":[{"@type":"CommentAction","name":"Comment","target":["https:\/\/ri2020.eu\/en\/2000-visitors-at-first-porto-etno\/#respond"]}]},{"@type":"WebPage","@id":"https:\/\/ri2020.eu\/en\/2000-visitors-at-first-porto-etno\/","url":"https:\/\/ri2020.eu\/en\/2000-visitors-at-first-porto-etno\/","name":"2000 visitors at first Porto etno &#8226; Rijeka 2020","isPartOf":{"@id":"https:\/\/ri2020.eu\/en\/#website"},"primaryImageOfPage":{"@id":"https:\/\/ri2020.eu\/en\/2000-visitors-at-first-porto-etno\/#primaryimage"},"image":{"@id":"https:\/\/ri2020.eu\/en\/2000-visitors-at-first-porto-etno\/#primaryimage"},"thumbnailUrl":"https:\/\/ri2020.eu\/wp-content\/uploads\/2017\/09\/DSC_0093-e1505115480721.jpg","datePublished":"2017-09-19T18:34:07+00:00","dateModified":"2017-12-10T19:51:31+00:00","breadcrumb":{"@id":"https:\/\/ri2020.eu\/en\/2000-visitors-at-first-porto-etno\/#breadcrumb"},"inLanguage":"en-US","potentialAction":[{"@type":"ReadAction","target":["https:\/\/ri2020.eu\/en\/2000-visitors-at-first-porto-etno\/"]}]},{"@type":"ImageObject","inLanguage":"en-US","@id":"https:\/\/ri2020.eu\/en\/2000-visitors-at-first-porto-etno\/#primaryimage","url":"https:\/\/ri2020.eu\/wp-content\/uploads\/2017\/09\/DSC_0093-e1505115480721.jpg","contentUrl":"https:\/\/ri2020.eu\/wp-content\/uploads\/2017\/09\/DSC_0093-e1505115480721.jpg","width":1024,"height":683},{"@type":"BreadcrumbList","@id":"https:\/\/ri2020.eu\/en\/2000-visitors-at-first-porto-etno\/#breadcrumb","itemListElement":[{"@type":"ListItem","position":1,"name":"Home","item":"https:\/\/ri2020.eu\/en\/"},{"@type":"ListItem","position":2,"name":"2000 visitors at first Porto etno"}]},{"@type":"WebSite","@id":"https:\/\/ri2020.eu\/en\/#website","url":"https:\/\/ri2020.eu\/en\/","name":"Rijeka 2020","description":"Europska prijestolnica kulture","publisher":{"@id":"https:\/\/ri2020.eu\/en\/#organization"},"potentialAction":[{"@type":"SearchAction","target":{"@type":"EntryPoint","urlTemplate":"https:\/\/ri2020.eu\/en\/?s={search_term_string}"},"query-input":{"@type":"PropertyValueSpecification","valueRequired":true,"valueName":"search_term_string"}}],"inLanguage":"en-US"},{"@type":"Organization","@id":"https:\/\/ri2020.eu\/en\/#organization","name":"Rijeka 2020 d.o.o.","url":"https:\/\/ri2020.eu\/en\/","logo":{"@type":"ImageObject","inLanguage":"en-US","@id":"https:\/\/ri2020.eu\/en\/#\/schema\/logo\/image\/","url":"https:\/\/rijeka2020.eu\/wp-content\/uploads\/2018\/07\/Ri2020-logo.png","contentUrl":"https:\/\/rijeka2020.eu\/wp-content\/uploads\/2018\/07\/Ri2020-logo.png","width":407,"height":175,"caption":"Rijeka 2020 d.o.o."},"image":{"@id":"https:\/\/ri2020.eu\/en\/#\/schema\/logo\/image\/"},"sameAs":["https:\/\/www.facebook.com\/rijeka2020","https:\/\/x.com\/Rijeka2020","https:\/\/www.instagram.com\/rijeka2020\/","https:\/\/www.youtube.com\/user\/riepk2020"]},{"@type":"Person","@id":"https:\/\/ri2020.eu\/en\/#\/schema\/person\/9c12d91df8c45bc534f625d9c81f403d","name":"Rijeka 2020","url":"https:\/\/ri2020.eu\/en\/author\/lsm\/"}]}},"_links":{"self":[{"href":"https:\/\/ri2020.eu\/en\/wp-json\/wp\/v2\/posts\/8074","targetHints":{"allow":["GET"]}}],"collection":[{"href":"https:\/\/ri2020.eu\/en\/wp-json\/wp\/v2\/posts"}],"about":[{"href":"https:\/\/ri2020.eu\/en\/wp-json\/wp\/v2\/types\/post"}],"author":[{"embeddable":true,"href":"https:\/\/ri2020.eu\/en\/wp-json\/wp\/v2\/users\/72"}],"replies":[{"embeddable":true,"href":"https:\/\/ri2020.eu\/en\/wp-json\/wp\/v2\/comments?post=8074"}],"version-history":[{"count":0,"href":"https:\/\/ri2020.eu\/en\/wp-json\/wp\/v2\/posts\/8074\/revisions"}],"wp:featuredmedia":[{"embeddable":true,"href":"https:\/\/ri2020.eu\/en\/wp-json\/wp\/v2\/media\/7874"}],"wp:attachment":[{"href":"https:\/\/ri2020.eu\/en\/wp-json\/wp\/v2\/media?parent=8074"}],"wp:term":[{"taxonomy":"category","embeddable":true,"href":"https:\/\/ri2020.eu\/en\/wp-json\/wp\/v2\/categories?post=8074"},{"taxonomy":"post_tag","embeddable":true,"href":"https:\/\/ri2020.eu\/en\/wp-json\/wp\/v2\/tags?post=8074"}],"curies":[{"name":"wp","href":"https:\/\/api.w.org\/{rel}","templated":true}]}}