{"id":61138,"date":"2020-10-14T13:54:11","date_gmt":"2020-10-14T11:54:11","guid":{"rendered":"https:\/\/rijeka2020.eu\/rezime-ljeta-u-prijestolnici-2020\/"},"modified":"2020-10-16T12:32:32","modified_gmt":"2020-10-16T10:32:32","slug":"summer-in-the-capital-2020","status":"publish","type":"post","link":"https:\/\/ri2020.eu\/en\/summer-in-the-capital-2020\/","title":{"rendered":"Summer in the Capital 2020"},"content":{"rendered":"<p>Following the all-pervasive lockdown this spring, cultural institutions in Rijeka began holding online programmes and open-air pop-up performances in some of the city\u2019s neighbourhoods as early as May. At the same time, the financial crisis brought about by the pandemic led to the culture and art programme of the European Capital of Culture project in Rijeka being revamped, with certain events that were integral to the project commencing in June.<\/p>\n<p><strong>An eventful cultural summer in 2020,<\/strong> in changed organisational circumstances and in compliance with COVID-19 safety precautions, <strong>was made available courtesy of cultural institutions (the Croatian National Theatre Ivan pl. Zajc, Art-kino, the Croatian House of Culture in Su\u0161ak, the Rijeka Puppet Theatre, the Rijeka City Library, the Museum of Modern and Contemporary Art), the Rijeka 2020 company, Delta Lab, the Other Sea (Drugo more) association, and numerous art organisations and individuals who organised and implemented the culture and art programme.<\/strong><\/p>\n<p>Around 300 programmes were organised under the auspices of five city cultural institutions, including a large portion organised as part of the ECoC programme. The Rijeka 2020 company, Delta Lab and Drugo more organised 74, six and nine cultural programmes, respectively.<\/p>\n<h3><strong>Large-scale exhibitions at Export \u2013 a new cultural venue in Rijeka <\/strong><\/h3>\n<p>It should be noted that many activities took place outside and inside the Export building, a refurbished 5,400 m<sup>2<\/sup> property which had been granted to the City of Rijeka by the Ministry of Maritime Affairs, Transport and Infrastructure under a five-year concession agreement in late May.<\/p>\n<p>Export hosted two of the most important showpiece ECoC exhibitions, both of which were world-class: <strong><em>Fiume Fantastic: City Phenomena<\/em><\/strong> and the international exhibition <strong><em>The Sea Is Glowing<\/em><\/strong>, as well as a host of accompanying exhibitions, such as <strong><em>Terra Effluviens, Oblomo to the People, Hysterical Machines<\/em><\/strong> and more<em>.<\/em><\/p>\n<p>A slew of cultural and entertainment programmes and festivals, ranging from the two-day RiRock Festival <strong><em>Sound Across Water<\/em><\/strong> to evening-long concerts, such as <strong><em>Back to the Future \u2013 From a Classical to a Modern Jazz Adventure<\/em><\/strong> or the new <strong><em>European Jazz Days<\/em><\/strong> festival, which fused with <strong><em>Jazz Time Rijeka<\/em><\/strong> (an international jazz festival in Rijeka), were held outside the Export building, on an open-air stage that had been set up there in June and was only recently disassembled. The area outside Export also hosted the <strong><em>Swamp Up Rijeka<\/em><\/strong> programme, which was jointly organised by the Zagreb Cultural Development Association (URK)\/club Mo\u010dvara and Distune Promotion from Rijeka. The <strong><em>Musical Migrations<\/em><\/strong> concert performance by the multi-instrumentalist Zoran Majstorovi\u0107 and the Jazz Istra Orchestra was held in front of Export in September.<\/p>\n<p>Export also hosted a number of literary events as part of the <strong><em>Festival of the European Short Story<\/em><\/strong>, <strong><em>the<\/em><\/strong> <strong><em>Hay Festival<\/em><\/strong> and <strong><em>Vrisak (Scream)<\/em><\/strong>.<\/p>\n<p>&nbsp;<\/p>\n<p><img loading=\"lazy\" decoding=\"async\" class=\"alignnone size-full wp-image-60945\" src=\"https:\/\/rijeka2020.eu\/wp-content\/uploads\/2020\/10\/Ljeto-u-prijestolnici-2020-rezime-press.jpg\" alt=\"\" width=\"1488\" height=\"960\" srcset=\"https:\/\/ri2020.eu\/wp-content\/uploads\/2020\/10\/Ljeto-u-prijestolnici-2020-rezime-press.jpg 1488w, https:\/\/ri2020.eu\/wp-content\/uploads\/2020\/10\/Ljeto-u-prijestolnici-2020-rezime-press-640x413.jpg 640w, https:\/\/ri2020.eu\/wp-content\/uploads\/2020\/10\/Ljeto-u-prijestolnici-2020-rezime-press-1024x661.jpg 1024w, https:\/\/ri2020.eu\/wp-content\/uploads\/2020\/10\/Ljeto-u-prijestolnici-2020-rezime-press-768x495.jpg 768w, https:\/\/ri2020.eu\/wp-content\/uploads\/2020\/10\/Ljeto-u-prijestolnici-2020-rezime-press-250x161.jpg 250w, https:\/\/ri2020.eu\/wp-content\/uploads\/2020\/10\/Ljeto-u-prijestolnici-2020-rezime-press-420x271.jpg 420w\" sizes=\"auto, (max-width: 1488px) 100vw, 1488px\" \/><\/p>\n<h3><strong>Four Lungomare programmes<\/strong><\/h3>\n<p><strong><em>Lovranska Draga, Brse\u010d, the Rijeka Fish Market and Gr\u010devo Beach<\/em><\/strong> are four sites at which permanent sculptures were installed and unveiled as part of the Lungomare Art flagship. The unveilings of these sculptures were attended by between 80 and 200 visitors, depending on the site, and they will remain a permanent cultural sight on Kvarners\u2019 cultural and tourist route, allowing a much greater number of visitors to see them in the future.<\/p>\n<p>Other Lungomare flagship programmes were diligently carried out, with some of the permanent sculptures being scheduled for installation by the end of 2020 and the rest in 2021.<\/p>\n<h3><strong>The Neighbourhood Festivals livened up Gorski Kotar and the islands <\/strong><\/h3>\n<p>Four online programmes and 21 events were held during the summer in the <em>27 Neighbourhoods<\/em>, as part of the eponymous flagship. Of those events, <strong>11 were <em>Neighbourhood Festivals<\/em><\/strong><em>,<\/em> programmes that had intended to welcome local and other Croatian artists, as well as European partners from abroad. However, due to the restrictions on travelling and the implementation of special COVID-19 safety precautions, the European partners presented their work online, via video calls or recordings. The Neighbourhood Festivals were held in Unije, Delnice, Kuti, Fu\u017eine, Novi Vinodolski, Gomirje, Kostrena, Praputnjak, Jelenje, Crikvenica and on Cres. A number of other festivals will take place in the remaining neighbourhoods in the upcoming months.<\/p>\n<h3><strong>Eighty standalone events at this year\u2019s Tobogan<\/strong><\/h3>\n<p>Although it counts as a single programme, it should be said that this year\u2019s <strong><em>Tobogan (Slide) Children\u2019s Festival <\/em><\/strong>comprised as many as 80 standalone events, ranging from creative workshops, walks, and storytelling to performance programmes: plays, films etc. Over 4,000 visitors attended these events. In addition to Tobogan, the Children\u2019s House flagship also renovated the <strong><em>children\u2019s playground next to the Uragan ship<\/em><\/strong><em>,<\/em> and the <strong><em>Balthazar Town Beach<\/em><\/strong> opened in Gr\u010devo in cooperation with the Lungomare Art flagship.<\/p>\n<p>The opening of a grand-scale exhibition as part of this flagship is planned for late October, when Rijeka 2020 and the Museum of Modern and Contemporary Art will jointly produce a real live Balthazar Town with a postcode of 51000 at MMCA.<\/p>\n<h3><strong>Dopolavoro, Sweet &amp; Salt, Kitchen of Diversity <\/strong><\/h3>\n<p>Apart from the aforementioned programmes, exhibitions and literary events, which attracted an enviable number of visitors to Export, a series of smaller, yet equally important programmes, were held as part of the Dopolavoro, Sweet &amp; Salt and the Kitchen of Diversity flagships.<\/p>\n<p>Besides the Fiume Fantastic exhibition, Sweet &amp; Salt offered as many as 15 standalone events as part of the <strong><em>\u0160kolji\u0107 2.0<\/em><\/strong> programme, the <strong><em>Ebriphon<\/em><\/strong> art installation at Molo Longo, the <strong><em>City in the Clouds<\/em><\/strong> programme, which facilitates green renovations of skyscraper rooftops in Kozala, and some of Delta Lab\u2019s small-scale programmes.<\/p>\n<p>In addition to the exhibitions at Export, the Dopolavoro flagship organised Igor E\u0161kinja\u2019s <strong><em>Do Plants Dream of Tomorrow<\/em><\/strong> exhibition and Jennifer Lyn Morone\u2019s exhibition <strong><em>The Scheme of Things<\/em><\/strong> at Filodrammatica. Around 10,000 visitors came to see all the exhibitions.<\/p>\n<p>Apart from literary festivals, the Kitchen of Diversity also worked on the <strong><em>Diversity Mixer<\/em><\/strong> during the summer, which is an EU project that will be successfully completed in the next few days.<\/p>\n<p><strong>Urban<\/strong> capped off the summer events outside Export with a <strong>major concert performance<\/strong> that drew a crowd of approximately 700 people and was co-organised by Rijeka 2020 and the City of Rijeka.<\/p>\n<h3><strong>City cultural institutions \u2013 July at Rije\u010dka Rezolucija Square <\/strong><\/h3>\n<p>Some of the city\u2019s cultural institutions \u2013 the Croatian House of Culture in Su\u0161ak, the Croatian National Theatre Ivan pl. Zajc and the Rijeka City Puppet Theatre \u2013 provided a plethora of performances, ranging from theatrical and children\u2019s plays to classical music concerts and the Festival of Inclusive Scenes, at the Rije\u010dka Rezolucija Square in July.<\/p>\n<p>Of all the Croatian House of Culture\u2019s summer programmes,<strong> Aleks Cura\u0107 \u0160ari\u0107\u2019s stand-up show<\/strong><em> Let\u2019s Be Real <\/em>was best received by the audience. Other standout performances as part of the <strong><em>Port of Dance Festival of Contemporary Dance<\/em><\/strong>, organised by the Croatian House of Culture, included: <em>Mechanics of Distance<\/em> (M\u00e1t\u00e9 M\u00e9sz\u00e1ros), <em>BEAT \u201cI just wish to feel you\u201d<\/em> (Collective Dope \u2013 Jenna Jalonen), <em>Babae<\/em> (Joy Alpuerto Ritter) and <em>PLI<\/em> (Viktor \u010cernicky\u0301).<\/p>\n<h3><strong>Rijeka\u2019s puppeteers reaped a tonne of awards over the summer<\/strong><\/h3>\n<p>During the summer of the ECOC year, the Rijeka City Puppet Theatre performed a total of 77 productions to an audience of around 4,200 spectators, big and small.<\/p>\n<p>Two ECoC premieres were held in June: <strong><em>Happy House<\/em><\/strong> and the Slovene premiere of the play <strong><em>The Emperor\u2019s New Clothes<\/em><\/strong><em>, <\/em>which the Maribor Puppet Theatre staged together with the Rijeka City Puppet Theatre. The play premiered at the Maribor Puppet Theatre on 26 June, while the Rijeka premiere is scheduled for October.<\/p>\n<p>Following a period of in-house premieres and repeat performances, the puppeteers enriched the Summer in the Capital with <em>Puppetry Evergreens<\/em> at the Rije\u010dka Rezolucija Square, the play <strong><em>Oedipus Rex<\/em><\/strong> at Export and by participating in the <em>Tobogan <\/em>children\u2019s festival.\u00a0 The puppeteers performed three of their \u201cevergreens\u201d at Rije\u010dka Rezolucija Square \u2013<strong><em>The Lost Story: Hansel and Gretel, Koka Koken and the Three Little Pigs.<\/em><\/strong> Ten plays were performed to a crowd of approximately 1,070 people.\u00a0 In early July, the puppeteers premiered <em>Oedipus Rex<\/em>, which was co-produced by the Rijeka City Puppet Theatre and the Croatian National Theatre Ivan pl. Zajc, at Export. Just over 200 spectators saw the premieres and the repeat performances. The Rijeka City Puppet Theatre contributed to the Tobogan children\u2019s festival with productions of <strong><em>Theatre Mania<\/em> <\/strong>and<strong> <em>The Little Mermaid<\/em><\/strong> and hosted visiting performances of <strong><em>There Was Once a Sun<\/em> <\/strong>by the Puna Ku\u0107a Theatre from Zagreb and the workshop <strong><em>Aliens<\/em> <\/strong>by the Oz Theatre from Brse\u010d. A total of 140 spectators saw the productions and the plays.<\/p>\n<p>The play <em>Happy House<\/em> also toured the following festivals \u2013 the \u0160ibenik International Children\u2019s Festival, the Split Summer Theatre for All Ages and the Osijek Summer of Culture. In late August, the same play was performed at the 31st Summer Puppet Pier in Maribor, where it won the festival\u2019s only award, the Golden Giraffe, which was awarded by a children\u2019s jury.<\/p>\n<p>The puppeteers from Rijeka also participated at the 53rd PIF \u2013 International Puppet Theatre Festival with <strong><em>Flekavac<\/em><\/strong>, for which they won <strong>five awards<\/strong>: best script, direction, puppet and stage design, music and the children\u2019s jury award for best play.<\/p>\n<p>In addition to repeat and visiting performances, the <em>New Adventures of Wanda LaVanda, <\/em>which delighted the audience, also premiered at the Rijeka City Puppet Theatre and was included in the repertoire until the end of September.<\/p>\n<h3><strong>Croatian National Theatre Ivan pl. Zajc \u2013 seven premieres out of 49 summer programmes<\/strong><\/h3>\n<p>During the summer season in June, July and September, the Croatian National Theatre Ivan pl. Zajc staged 49 different programmes, seven of which were premieres.<\/p>\n<p>The ballet ensemble premiered two productions in early June, the ballet <strong><em>Lace<\/em><\/strong><em>, <\/em>choreographed by Ma\u0161a Kolar, who was inspired by national historical tradition and folklore, and the ballet dance performance of <strong><em>Burning Water<\/em><\/strong> by the renowned Greek choreographer Andonis Foniadakis in July.<\/p>\n<p>The Opera\u2019s summer programme highlights included the premiere of the updated version of the Baroque opera extravaganza <strong><em>Giulio Cesare \u2013 Revisited<\/em><\/strong> by G. F. Handel and directed by Marin Bla\u017eevi\u0107, while the concert programme boasted the <strong><em>concert performance by the Rijeka Opera Choir and other choirs in celebration of the 140th birth anniversary and the 60th death anniversary of Ivan Mateti\u0107 Ronjgov<\/em><\/strong> in June, the gala concert performance of <strong><em>Nessun dorma<\/em><\/strong> performed by Rijeka\u2019s opera soloists and conducted by the young Maestra Beatrice Venezi, who has been touted as the best virtuoso conductor in Italy, and the <strong><em>From the New World <\/em><\/strong>concerts performed by the Rijeka Symphony Orchestra and conducted by the young Maestro Valentin Egel in July, all of which were held at Rije\u010dka Rezolucija Square, and the <strong><em>concert performance by the world famous Finnish opera star Karita Mattila<\/em><\/strong> in September, which marked the end of the summer concert season.<\/p>\n<p>The Croatian Drama Ensemble in collaboration with the Italian Drama company and with guest roles by the legendary Croatian thespians Neva Ro\u0161i\u0107 and Mira Furlan premiered the long-awaited play <strong><em>Exercise Life \u2013 Second Time \/ Esercitazione alla vita \u2013 seconda volta<\/em><\/strong>, with Marin Bla\u017eevi\u0107 as the director and dramaturge. The audience were given the chance to see the rereading of Nedjeljko Fabrio\u2019s novel and the hit play from the 90s <em>Practicing Life<\/em>. They could voice their opinions of the play at the <strong><em>Critics&#8217; Salon<\/em><\/strong>, another in an array of discussions on theatre between critics and the audience, which was held in July. The Croatian Drama also showcased at Export the dramatic puppet play for young people and adults <em>Oedipus Rex<\/em>, which was directed by Luciano Delprato and co-produced with the Rijeka City Puppet Theatre, as well as the cult play <strong><em>The Cabinet Minister\u2019s Wife<\/em> <\/strong>by the Serbian comedian Branislav Nu\u0161i\u0107, which was directed by Tatjana Mandi\u0107 Rigonat and which stars the national drama laureate Olivera Baljak, who celebrated 40 years on the stage with this piece.<\/p>\n<p>During the summer season, the Rijeka Theatre adhered to the instructions given by the Civil Protection Headquarters of the Republic of Croatia by adapting the auditorium in accordance with the required physical distance between spectators. Consequently, all programmes of the summer theatre season were attended by an audience of 9,000 people. In normal circumstances before the pandemic, the same programmes would have had a much larger audience. The theatre made the most of the summer by preparing productions for autumn, sprucing up the interior of the building and working on a new and one-of-a-kind project in Croatia, the theatre museum.<\/p>\n<h3><strong>Film summer in the European Capital of Culture <\/strong><\/h3>\n<p>Over the summer, Art-kino had 154 screenings, with just over 4,600 spectators attending the programmes.<\/p>\n<p>In the broader context of Art-kino\u2019s summer programme, it is interesting to note that the period of warm weather in Rijeka began and ended with two European Capital of Culture programmes \u2013 the <strong><em>Drive-In at Beretich<\/em><\/strong>, which took place in May as one of the first post-lockdown events in Croatia, much to the widespread delight of participating citizens, and the ongoing anti-war <strong><em>Drive-In at the University Campus, <\/em><\/strong>a joint project by Art-Kino, the University of Rijeka and Filmaktiv, which will continue as long as weather permits.<\/p>\n<p>As far as the summer programme is concerned, Art-kino continuously operated in the courtyard of the Capuchin Monastery from early June to early September and opened with the <strong>promotion of the book<em> It Is Important Not to Fear the Evening Train <\/em><\/strong>by Velid \u0110eki\u0107, a non-fiction writer from Rijeka, which was published as part of the European Capital of Culture programme.<\/p>\n<p>In addition to the regular evening programme, we should also highlight the <strong><em>Wednesdays with Fellini<\/em><\/strong> in celebration of the 100th birth anniversary of this Italian cinema great, <strong>the visiting Motovun Film Festival and the Split Mediterranean Film Festival, <\/strong>as well as the <strong><em>Tuesdays with Morricone<\/em><\/strong> in August, an homage to the legendary film composer, who passed away this year. Art-kino also participated in the <em>Days of<\/em> <em>St Vitus<\/em> celebrations with two screenings of feature films about the popular Professor Balthazar at \u010cajni Square, to the delight of the many little boys and girls from Rijeka. Unlike recent years, the Summer Art-kino was also open during September and will continue to remain so as long as the weather permits, since spending time outdoors actually benefits the audience given the current circumstances.<\/p>\n<p>Art-kino also contributed to the programme of the 4th Tobogan Festival. Two optical toy-making workshops, treasure hunts at the cinema and two film quizzes for children and young people were held at \u010cajni Square as part of this year\u2019s festival edition. Altogether, 42 attendees\/participants took part in these activities. A total of ten films included in the film programme were screened, some of them in cooperation with Animafest Zagreb, such as the short animated films from the <em>Family Programme 4+ And 7+<\/em>, the animated film <em>The Prince\u2019s Voyage<\/em> by the famous French director Jean-Fran\u00e7ois Laguionie and the Italian-French adaptation of the well-known children\u2019s novel <em>The Bears\u2019 Famous Invasion of Sicily<\/em> by Dino Buzzati. Also shown was a selection of short animated films from the award-winning <em>Animanimals<\/em> series by the German animator Julia Ocker and the German short film <em>Rocca Changes the World<\/em>.<\/p>\n<p>With regard to the programme of the <em>Children\u2019s House<\/em> flagship, it should also be mentioned that<strong> three films that were made at the Nikola Tesla, Kozala and Srdo\u010di primary schools as part of the <em>Travelling Film Workshops <\/em>project have been entered into the official competition of the 58th Croatian Children\u2019s Film Showcase, which is organised by the Croatian Film Association.<\/strong> The showcase will take place online in early October.<\/p>\n<p><strong>The first Rijeka Film Forum \u2013 RIFF<\/strong>, organised by Art-kino, was held from 28 August to 2 September on the premises of Art-kino under the Rijeka 2020 \u2013 European Capital of Culture flagship programme<em> Times of Power<\/em>.<\/p>\n<p>The rich six-day film programme of the Rijeka Film Forum opened with the regional premiere of the award-winning documentary <em>For Sama<\/em> by the Syrian activist and journalist Waad Al-Kateab and the British director Edward Watts. In addition to the documentary film of the year <em>For Sama<\/em>, the Rijeka Film Forum programme offers twelve more feature and documentary films from all over the world, most of which will have their Croatian premiere at Art-kino.<\/p>\n<p>Focusing on the current theme of <em>Cinema in Emergency Situations<\/em>, the new edition of the Film Fair, an event that brings together members of Croatian Independent Cinemas in order to enhance independent Croatian cinemas through a series of discussions, workshops, meetings and screenings, was held from 16 to 18 September. This was the third edition of the Fair to take place at Art-kino.<\/p>\n<p>As part of the extensive discussion and workshop programme for cinemas, a special screening of the new award-winning Croatian film <em>Mother <\/em>was held for the general public, with the film\u2019s director Jure Pavlovi\u0107 and Croatian acting luminary Neva Ro\u0161i\u0107 in attendance.<\/p>\n<p>And finally, the Creative Europe Desk \u2013 MEDIA Office Croatia and Art-Kino, in cooperation with the <em>Kids Regio<\/em> initiative and with support from a total of 25 CED \u2013 MEDIA Offices, organised a <strong>two-day video conference on the theme of <em>Children and Youth \u2013 The Importance of Dedicated Space<\/em><\/strong> on 17 and 18 September 2020 via Zoom, with the participants appearing on the big screen of Art-kino during the Film Fair.<\/p>\n<h3><strong>The Museum of Modern and Contemporary Art is about to open the Balthazar Town exhibition\u00a0 <\/strong><\/h3>\n<p>Although most of the MMCA areas have been effectively closed during the past two weeks in order to set up the new large-scale exhibition Balthazar Town, the museum was brimming with activities and events over the summer.<\/p>\n<p>Thirteen programmes were held at the MMCA this summer, not taking into account its participation in the Tobogan children\u2019s festival. Three programmes took place in June: the exhibitions <strong><em>From the MMCA Holdings: Who Summoned Silence<\/em><\/strong><\/p>\n<p>and <strong><em>Bodies on Stage<\/em><\/strong>, curated by Andrea Contin, and the <strong><em>MM Sculptures<\/em><\/strong> guerrilla exhibition by female students of the Academy of Applied Arts in Rijeka.<\/p>\n<p>In July, the MMCA offered seven workshops as part of the Tobogan Festival: <em>MMCA Memory, Print a Greeting from Ben\u010di\u0107, Hartera Press Expedition, Street Art Walk, Benilogy, Sound Factory and MMCA Lab.<\/em><\/p>\n<p>A workshop was held as part of the exhibition <strong><em>Art \/ War \/ Transition<\/em><\/strong><em>,<\/em> which opened to the public in July.<\/p>\n<p>During August and a part of September, the focus was on discussion programmes: <em>Presentation and discussion Expanded Cinema: Umwertung aller Werte, Marijan Vejvoda and guests<\/em> and <em>Visit to the Museum and Exhibition and Discussion with the Architect Dinko Per\u010di\u0107 on the Architectural Concept of the Museum via Zoom<\/em>, as part of the <em>European Diploma in Cultural Project Management<\/em> programme, which is organised by the Kultura Nova foundation in cooperation with the Belgian Marcel Hicter Association.<\/p>\n<p>Other events held in September included the creative children\u2019s workshop, the opening of the modified exhibition <em>Art \/ War \/ Transition, <\/em>a solo exhibition by <strong><em>Matej Kne\u017eevi\u0107: Case Report with Review<\/em><\/strong> and the opening of a <strong><em>photo exhibition by Filip Koludrovi\u0107 <\/em><\/strong><\/p>\n<p>In addition to some other smaller-scale programmes, the <strong>SprachenWeb2030 ~ Language Network 2030 \u2013 Art intervention and a presentation by Tatjana Christelbauer for secondary school pupils in Rijeka were also held in September at the MMCA.<\/strong><\/p>\n<h3><strong>Media cooperation<\/strong><\/h3>\n<p>During the summer, <strong>90 event announcements and media invitations <\/strong>for the events, <strong>89 media releases from the events that had been held and<\/strong> <strong>seven press releases <\/strong>were sent from the Rijeka 2020 press e-mail alone and <strong>24 press conferences<\/strong> were held that announced the various standalone events of the Summer in the Capital.<\/p>\n<p>To this must be added the calls and notifications to the media about specific programmes that cultural institutions organised during the summer.<\/p>\n<p>In addition to the special COVID-19 safety precautions, all the programmes were held and organised in a manner that ensured that visitors\u2019 health was protected.<\/p>\n<p>The members of the media also played a vital role by relaying the organisers\u2019 appeals to visitors and performers to behave responsibly, and also by readily adapting to the new ways of reporting about specific programmes \u2013 with accreditations and by filling out the sign-up forms at the entrances to the events.<\/p>\n<p>Such organisation and responsible behaviour from everyone involved contributed to the fact that none of the 390 events that took place as part of the Summer in the Capital were a source of infection.<\/p>\n<h3><strong>A big thank you to the volunteers<\/strong><\/h3>\n<p>A large number of volunteers were pivotal in ensuring all the programmes could take place. They took visitors\u2019 temperatures at the entrances to the events and were in charge of the sign-up forms and lists, organised the handing out of face masks to those entering enclosed spaces, wore T-shirts that reminded people to behave responsibly, and more. This was all diligently and very enthusiastically done by the hard-working European Capital of Culture volunteers.<\/p>\n<p>They also deserve to be given special praise in this summer overview.<\/p>\n<p>Over the summer, the ECoC volunteers did <strong>1615 hours of voluntary work, while a total of 363 volunteers participated in the summer cultural programmes.\u00a0 <\/strong><\/p>\n<h3><strong>Autumn offers new events that will adhere to all safety measures that the National Civil Protection Headquarters may implement<\/strong><\/h3>\n<p>Late September and the upcoming months provide a plethora of programmes, with the largest one being the exhibition <em>51000 Balthazar Town<\/em>, which is a joint collaboration by Rijeka 2020 and the MMCA and which will open to the public on 24 October at the Museum of Modern and Contemporary Art.<\/p>\n<p>Also, final works on the infrastructure and refurbishment of the cultural buildings at the Ben\u010di\u0107 Sugar Refinery Palace and the Children\u2019s House are in full swing, with the first facilities expected to open in November, depending on the COVID-19 safety precautions.<\/p>\n<p>Members of the media (and by extension the general public) will be informed about all upcoming programmes and the measures to be implemented during the autumn and winter periods the same way as before \u2013 via announcements, calls and releases from the events taking place.<\/p>\n<p><strong>General statistics:<\/strong><\/p>\n<p>390 programmes under the Summer in the Capital 2020<br \/>\n53,920 total visitors at the summer programme events<\/p>\n<p>_________________________________________<\/p>\n<p>25 programmes under the <em>27 Neighbourhoods<\/em> flagship with a total of 4,300 visitors<br \/>\n4 permanent sculptures under the Lungomare Art flagship with a total of 510 visitors at the unveilings of permanent sculptures<br \/>\n3 programmes under the Children\u2019s House flagship and the Tobogan festival with 80 standalone events attended by 4,400 visitors<br \/>\n6 programmes under the Kitchen of Diversity flagship with a total of 2,530 visitors<br \/>\n9 programmes under the Dopolavoro flagship with over 10,300 visitors<br \/>\n6 programmes under the Sweet &amp; Salt flagship, including the large-scale exhibition Fiume Fantastic with 4,600 visitors<br \/>\n37 other programmes organised in response to a public call for participation in the ECoC project and civil initiative programmes etc. with over 7,700 visitors<br \/>\n10 programmes organised by the Croatian House of Culture and Kortil with over 870 visitors<br \/>\n77 programmes organised by the Rijeka City Puppet Theatre with 4,200 visitors<br \/>\n49 programmes organised by the Croatian National Theatre Ivan pl. Zajc with a total of 9,000 visitors<br \/>\n154 screenings at Art-kino with a total of 4,600 spectators<br \/>\n13 MMCA programmes with 910 visitors<\/p>\n","protected":false},"excerpt":{"rendered":"<p>In a nutshell, just over 53,000 visitors attended 390 culture and art programmes as part of Rijeka\u2019s Summer in the Capital. These were joint cultural events and highlights of the summer of 2020, a year in which Rijeka proudly received the title of European Capital of Culture in February, only to face the so-called \u201cnew abnormal\u201d \u2013 the global COVID-19 pandemic just a month and a half after the opening ceremony of ECoC.<\/p>\n","protected":false},"author":72,"featured_media":60942,"comment_status":"closed","ping_status":"closed","sticky":false,"template":"","format":"standard","meta":{"_acf_changed":false,"footnotes":""},"categories":[4623,2731],"tags":[4624],"class_list":["post-61138","post","type-post","status-publish","format-standard","has-post-thumbnail","hentry","category-ljeto-u-prijestolnici-en","category-news","tag-ljeto-u-prijestolnici-en"],"acf":[],"yoast_head":"<!-- This site is optimized with the Yoast SEO plugin v26.8 - https:\/\/yoast.com\/product\/yoast-seo-wordpress\/ -->\n<title>Summer in the Capital 2020 &#8226; Rijeka 2020<\/title>\n<meta name=\"description\" content=\"Tristodevedeset kulturno-umjetni\u010dkih programa koje je ukupno pohodilo ne\u0161to vi\u0161e od pedeset tri tisu\u0107e posjetitelja \u2013 najkra\u0107i je rezime rije\u010dkog Ljeta u prijestolnici - objedinjenih kulturnih zbivanja koja su obilje\u017eila ljetno razdoblje 2020., godine u kojoj je Rijeka u velja\u010di ponosno ponijela titulu Europske prijestolnice kulture\" \/>\n<meta name=\"robots\" content=\"index, follow, max-snippet:-1, max-image-preview:large, max-video-preview:-1\" \/>\n<link rel=\"canonical\" href=\"https:\/\/ri2020.eu\/en\/summer-in-the-capital-2020\/\" \/>\n<meta property=\"og:locale\" content=\"en_US\" \/>\n<meta property=\"og:type\" content=\"article\" \/>\n<meta property=\"og:title\" content=\"Summer in the Capital 2020 &#8226; Rijeka 2020\" \/>\n<meta property=\"og:description\" content=\"Tristodevedeset kulturno-umjetni\u010dkih programa koje je ukupno pohodilo ne\u0161to vi\u0161e od pedeset tri tisu\u0107e posjetitelja \u2013 najkra\u0107i je rezime rije\u010dkog Ljeta u prijestolnici - objedinjenih kulturnih zbivanja koja su obilje\u017eila ljetno razdoblje 2020., godine u kojoj je Rijeka u velja\u010di ponosno ponijela titulu Europske prijestolnice kulture\" \/>\n<meta property=\"og:url\" content=\"https:\/\/ri2020.eu\/en\/summer-in-the-capital-2020\/\" \/>\n<meta property=\"og:site_name\" content=\"Rijeka 2020\" \/>\n<meta property=\"article:publisher\" content=\"https:\/\/www.facebook.com\/rijeka2020\" \/>\n<meta property=\"article:published_time\" content=\"2020-10-14T11:54:11+00:00\" \/>\n<meta property=\"article:modified_time\" content=\"2020-10-16T10:32:32+00:00\" \/>\n<meta property=\"og:image\" content=\"https:\/\/ri2020.eu\/wp-content\/uploads\/2020\/10\/LJETO-U-PRIJESTOLNICI-REZIME-PRESS.jpg\" \/>\n\t<meta property=\"og:image:width\" content=\"2048\" \/>\n\t<meta property=\"og:image:height\" content=\"1152\" \/>\n\t<meta property=\"og:image:type\" content=\"image\/jpeg\" \/>\n<meta name=\"author\" content=\"Rijeka 2020\" \/>\n<meta name=\"twitter:card\" content=\"summary_large_image\" \/>\n<meta name=\"twitter:creator\" content=\"@Rijeka2020\" \/>\n<meta name=\"twitter:site\" content=\"@Rijeka2020\" \/>\n<meta name=\"twitter:label1\" content=\"Written by\" \/>\n\t<meta name=\"twitter:data1\" content=\"Rijeka 2020\" \/>\n\t<meta name=\"twitter:label2\" content=\"Est. reading time\" \/>\n\t<meta name=\"twitter:data2\" content=\"19 minutes\" \/>\n<script type=\"application\/ld+json\" class=\"yoast-schema-graph\">{\"@context\":\"https:\/\/schema.org\",\"@graph\":[{\"@type\":\"Article\",\"@id\":\"https:\/\/ri2020.eu\/en\/summer-in-the-capital-2020\/#article\",\"isPartOf\":{\"@id\":\"https:\/\/ri2020.eu\/en\/summer-in-the-capital-2020\/\"},\"author\":{\"name\":\"Rijeka 2020\",\"@id\":\"https:\/\/ri2020.eu\/en\/#\/schema\/person\/9c12d91df8c45bc534f625d9c81f403d\"},\"headline\":\"Summer in the Capital 2020\",\"datePublished\":\"2020-10-14T11:54:11+00:00\",\"dateModified\":\"2020-10-16T10:32:32+00:00\",\"mainEntityOfPage\":{\"@id\":\"https:\/\/ri2020.eu\/en\/summer-in-the-capital-2020\/\"},\"wordCount\":3767,\"publisher\":{\"@id\":\"https:\/\/ri2020.eu\/en\/#organization\"},\"image\":{\"@id\":\"https:\/\/ri2020.eu\/en\/summer-in-the-capital-2020\/#primaryimage\"},\"thumbnailUrl\":\"https:\/\/ri2020.eu\/wp-content\/uploads\/2020\/10\/LJETO-U-PRIJESTOLNICI-REZIME-PRESS.jpg\",\"keywords\":[\"Ljeto u prijestolnici\"],\"articleSection\":[\"Ljeto u prijestolnici\",\"News\"],\"inLanguage\":\"en-US\"},{\"@type\":\"WebPage\",\"@id\":\"https:\/\/ri2020.eu\/en\/summer-in-the-capital-2020\/\",\"url\":\"https:\/\/ri2020.eu\/en\/summer-in-the-capital-2020\/\",\"name\":\"Summer in the Capital 2020 &#8226; Rijeka 2020\",\"isPartOf\":{\"@id\":\"https:\/\/ri2020.eu\/en\/#website\"},\"primaryImageOfPage\":{\"@id\":\"https:\/\/ri2020.eu\/en\/summer-in-the-capital-2020\/#primaryimage\"},\"image\":{\"@id\":\"https:\/\/ri2020.eu\/en\/summer-in-the-capital-2020\/#primaryimage\"},\"thumbnailUrl\":\"https:\/\/ri2020.eu\/wp-content\/uploads\/2020\/10\/LJETO-U-PRIJESTOLNICI-REZIME-PRESS.jpg\",\"datePublished\":\"2020-10-14T11:54:11+00:00\",\"dateModified\":\"2020-10-16T10:32:32+00:00\",\"description\":\"Tristodevedeset kulturno-umjetni\u010dkih programa koje je ukupno pohodilo ne\u0161to vi\u0161e od pedeset tri tisu\u0107e posjetitelja \u2013 najkra\u0107i je rezime rije\u010dkog Ljeta u prijestolnici - objedinjenih kulturnih zbivanja koja su obilje\u017eila ljetno razdoblje 2020., godine u kojoj je Rijeka u velja\u010di ponosno ponijela titulu Europske prijestolnice kulture\",\"breadcrumb\":{\"@id\":\"https:\/\/ri2020.eu\/en\/summer-in-the-capital-2020\/#breadcrumb\"},\"inLanguage\":\"en-US\",\"potentialAction\":[{\"@type\":\"ReadAction\",\"target\":[\"https:\/\/ri2020.eu\/en\/summer-in-the-capital-2020\/\"]}]},{\"@type\":\"ImageObject\",\"inLanguage\":\"en-US\",\"@id\":\"https:\/\/ri2020.eu\/en\/summer-in-the-capital-2020\/#primaryimage\",\"url\":\"https:\/\/ri2020.eu\/wp-content\/uploads\/2020\/10\/LJETO-U-PRIJESTOLNICI-REZIME-PRESS.jpg\",\"contentUrl\":\"https:\/\/ri2020.eu\/wp-content\/uploads\/2020\/10\/LJETO-U-PRIJESTOLNICI-REZIME-PRESS.jpg\",\"width\":2048,\"height\":1152},{\"@type\":\"BreadcrumbList\",\"@id\":\"https:\/\/ri2020.eu\/en\/summer-in-the-capital-2020\/#breadcrumb\",\"itemListElement\":[{\"@type\":\"ListItem\",\"position\":1,\"name\":\"Home\",\"item\":\"https:\/\/ri2020.eu\/en\/\"},{\"@type\":\"ListItem\",\"position\":2,\"name\":\"Summer in the Capital 2020\"}]},{\"@type\":\"WebSite\",\"@id\":\"https:\/\/ri2020.eu\/en\/#website\",\"url\":\"https:\/\/ri2020.eu\/en\/\",\"name\":\"Rijeka 2020\",\"description\":\"Europska prijestolnica kulture\",\"publisher\":{\"@id\":\"https:\/\/ri2020.eu\/en\/#organization\"},\"potentialAction\":[{\"@type\":\"SearchAction\",\"target\":{\"@type\":\"EntryPoint\",\"urlTemplate\":\"https:\/\/ri2020.eu\/en\/?s={search_term_string}\"},\"query-input\":{\"@type\":\"PropertyValueSpecification\",\"valueRequired\":true,\"valueName\":\"search_term_string\"}}],\"inLanguage\":\"en-US\"},{\"@type\":\"Organization\",\"@id\":\"https:\/\/ri2020.eu\/en\/#organization\",\"name\":\"Rijeka 2020 d.o.o.\",\"url\":\"https:\/\/ri2020.eu\/en\/\",\"logo\":{\"@type\":\"ImageObject\",\"inLanguage\":\"en-US\",\"@id\":\"https:\/\/ri2020.eu\/en\/#\/schema\/logo\/image\/\",\"url\":\"https:\/\/rijeka2020.eu\/wp-content\/uploads\/2018\/07\/Ri2020-logo.png\",\"contentUrl\":\"https:\/\/rijeka2020.eu\/wp-content\/uploads\/2018\/07\/Ri2020-logo.png\",\"width\":407,\"height\":175,\"caption\":\"Rijeka 2020 d.o.o.\"},\"image\":{\"@id\":\"https:\/\/ri2020.eu\/en\/#\/schema\/logo\/image\/\"},\"sameAs\":[\"https:\/\/www.facebook.com\/rijeka2020\",\"https:\/\/x.com\/Rijeka2020\",\"https:\/\/www.instagram.com\/rijeka2020\/\",\"https:\/\/www.youtube.com\/user\/riepk2020\"]},{\"@type\":\"Person\",\"@id\":\"https:\/\/ri2020.eu\/en\/#\/schema\/person\/9c12d91df8c45bc534f625d9c81f403d\",\"name\":\"Rijeka 2020\",\"url\":\"https:\/\/ri2020.eu\/en\/author\/lsm\/\"}]}<\/script>\n<!-- \/ Yoast SEO plugin. -->","yoast_head_json":{"title":"Summer in the Capital 2020 &#8226; Rijeka 2020","description":"Tristodevedeset kulturno-umjetni\u010dkih programa koje je ukupno pohodilo ne\u0161to vi\u0161e od pedeset tri tisu\u0107e posjetitelja \u2013 najkra\u0107i je rezime rije\u010dkog Ljeta u prijestolnici - objedinjenih kulturnih zbivanja koja su obilje\u017eila ljetno razdoblje 2020., godine u kojoj je Rijeka u velja\u010di ponosno ponijela titulu Europske prijestolnice kulture","robots":{"index":"index","follow":"follow","max-snippet":"max-snippet:-1","max-image-preview":"max-image-preview:large","max-video-preview":"max-video-preview:-1"},"canonical":"https:\/\/ri2020.eu\/en\/summer-in-the-capital-2020\/","og_locale":"en_US","og_type":"article","og_title":"Summer in the Capital 2020 &#8226; Rijeka 2020","og_description":"Tristodevedeset kulturno-umjetni\u010dkih programa koje je ukupno pohodilo ne\u0161to vi\u0161e od pedeset tri tisu\u0107e posjetitelja \u2013 najkra\u0107i je rezime rije\u010dkog Ljeta u prijestolnici - objedinjenih kulturnih zbivanja koja su obilje\u017eila ljetno razdoblje 2020., godine u kojoj je Rijeka u velja\u010di ponosno ponijela titulu Europske prijestolnice kulture","og_url":"https:\/\/ri2020.eu\/en\/summer-in-the-capital-2020\/","og_site_name":"Rijeka 2020","article_publisher":"https:\/\/www.facebook.com\/rijeka2020","article_published_time":"2020-10-14T11:54:11+00:00","article_modified_time":"2020-10-16T10:32:32+00:00","og_image":[{"width":2048,"height":1152,"url":"https:\/\/ri2020.eu\/wp-content\/uploads\/2020\/10\/LJETO-U-PRIJESTOLNICI-REZIME-PRESS.jpg","type":"image\/jpeg"}],"author":"Rijeka 2020","twitter_card":"summary_large_image","twitter_creator":"@Rijeka2020","twitter_site":"@Rijeka2020","twitter_misc":{"Written by":"Rijeka 2020","Est. reading time":"19 minutes"},"schema":{"@context":"https:\/\/schema.org","@graph":[{"@type":"Article","@id":"https:\/\/ri2020.eu\/en\/summer-in-the-capital-2020\/#article","isPartOf":{"@id":"https:\/\/ri2020.eu\/en\/summer-in-the-capital-2020\/"},"author":{"name":"Rijeka 2020","@id":"https:\/\/ri2020.eu\/en\/#\/schema\/person\/9c12d91df8c45bc534f625d9c81f403d"},"headline":"Summer in the Capital 2020","datePublished":"2020-10-14T11:54:11+00:00","dateModified":"2020-10-16T10:32:32+00:00","mainEntityOfPage":{"@id":"https:\/\/ri2020.eu\/en\/summer-in-the-capital-2020\/"},"wordCount":3767,"publisher":{"@id":"https:\/\/ri2020.eu\/en\/#organization"},"image":{"@id":"https:\/\/ri2020.eu\/en\/summer-in-the-capital-2020\/#primaryimage"},"thumbnailUrl":"https:\/\/ri2020.eu\/wp-content\/uploads\/2020\/10\/LJETO-U-PRIJESTOLNICI-REZIME-PRESS.jpg","keywords":["Ljeto u prijestolnici"],"articleSection":["Ljeto u prijestolnici","News"],"inLanguage":"en-US"},{"@type":"WebPage","@id":"https:\/\/ri2020.eu\/en\/summer-in-the-capital-2020\/","url":"https:\/\/ri2020.eu\/en\/summer-in-the-capital-2020\/","name":"Summer in the Capital 2020 &#8226; Rijeka 2020","isPartOf":{"@id":"https:\/\/ri2020.eu\/en\/#website"},"primaryImageOfPage":{"@id":"https:\/\/ri2020.eu\/en\/summer-in-the-capital-2020\/#primaryimage"},"image":{"@id":"https:\/\/ri2020.eu\/en\/summer-in-the-capital-2020\/#primaryimage"},"thumbnailUrl":"https:\/\/ri2020.eu\/wp-content\/uploads\/2020\/10\/LJETO-U-PRIJESTOLNICI-REZIME-PRESS.jpg","datePublished":"2020-10-14T11:54:11+00:00","dateModified":"2020-10-16T10:32:32+00:00","description":"Tristodevedeset kulturno-umjetni\u010dkih programa koje je ukupno pohodilo ne\u0161to vi\u0161e od pedeset tri tisu\u0107e posjetitelja \u2013 najkra\u0107i je rezime rije\u010dkog Ljeta u prijestolnici - objedinjenih kulturnih zbivanja koja su obilje\u017eila ljetno razdoblje 2020., godine u kojoj je Rijeka u velja\u010di ponosno ponijela titulu Europske prijestolnice kulture","breadcrumb":{"@id":"https:\/\/ri2020.eu\/en\/summer-in-the-capital-2020\/#breadcrumb"},"inLanguage":"en-US","potentialAction":[{"@type":"ReadAction","target":["https:\/\/ri2020.eu\/en\/summer-in-the-capital-2020\/"]}]},{"@type":"ImageObject","inLanguage":"en-US","@id":"https:\/\/ri2020.eu\/en\/summer-in-the-capital-2020\/#primaryimage","url":"https:\/\/ri2020.eu\/wp-content\/uploads\/2020\/10\/LJETO-U-PRIJESTOLNICI-REZIME-PRESS.jpg","contentUrl":"https:\/\/ri2020.eu\/wp-content\/uploads\/2020\/10\/LJETO-U-PRIJESTOLNICI-REZIME-PRESS.jpg","width":2048,"height":1152},{"@type":"BreadcrumbList","@id":"https:\/\/ri2020.eu\/en\/summer-in-the-capital-2020\/#breadcrumb","itemListElement":[{"@type":"ListItem","position":1,"name":"Home","item":"https:\/\/ri2020.eu\/en\/"},{"@type":"ListItem","position":2,"name":"Summer in the Capital 2020"}]},{"@type":"WebSite","@id":"https:\/\/ri2020.eu\/en\/#website","url":"https:\/\/ri2020.eu\/en\/","name":"Rijeka 2020","description":"Europska prijestolnica kulture","publisher":{"@id":"https:\/\/ri2020.eu\/en\/#organization"},"potentialAction":[{"@type":"SearchAction","target":{"@type":"EntryPoint","urlTemplate":"https:\/\/ri2020.eu\/en\/?s={search_term_string}"},"query-input":{"@type":"PropertyValueSpecification","valueRequired":true,"valueName":"search_term_string"}}],"inLanguage":"en-US"},{"@type":"Organization","@id":"https:\/\/ri2020.eu\/en\/#organization","name":"Rijeka 2020 d.o.o.","url":"https:\/\/ri2020.eu\/en\/","logo":{"@type":"ImageObject","inLanguage":"en-US","@id":"https:\/\/ri2020.eu\/en\/#\/schema\/logo\/image\/","url":"https:\/\/rijeka2020.eu\/wp-content\/uploads\/2018\/07\/Ri2020-logo.png","contentUrl":"https:\/\/rijeka2020.eu\/wp-content\/uploads\/2018\/07\/Ri2020-logo.png","width":407,"height":175,"caption":"Rijeka 2020 d.o.o."},"image":{"@id":"https:\/\/ri2020.eu\/en\/#\/schema\/logo\/image\/"},"sameAs":["https:\/\/www.facebook.com\/rijeka2020","https:\/\/x.com\/Rijeka2020","https:\/\/www.instagram.com\/rijeka2020\/","https:\/\/www.youtube.com\/user\/riepk2020"]},{"@type":"Person","@id":"https:\/\/ri2020.eu\/en\/#\/schema\/person\/9c12d91df8c45bc534f625d9c81f403d","name":"Rijeka 2020","url":"https:\/\/ri2020.eu\/en\/author\/lsm\/"}]}},"_links":{"self":[{"href":"https:\/\/ri2020.eu\/en\/wp-json\/wp\/v2\/posts\/61138","targetHints":{"allow":["GET"]}}],"collection":[{"href":"https:\/\/ri2020.eu\/en\/wp-json\/wp\/v2\/posts"}],"about":[{"href":"https:\/\/ri2020.eu\/en\/wp-json\/wp\/v2\/types\/post"}],"author":[{"embeddable":true,"href":"https:\/\/ri2020.eu\/en\/wp-json\/wp\/v2\/users\/72"}],"replies":[{"embeddable":true,"href":"https:\/\/ri2020.eu\/en\/wp-json\/wp\/v2\/comments?post=61138"}],"version-history":[{"count":2,"href":"https:\/\/ri2020.eu\/en\/wp-json\/wp\/v2\/posts\/61138\/revisions"}],"predecessor-version":[{"id":61140,"href":"https:\/\/ri2020.eu\/en\/wp-json\/wp\/v2\/posts\/61138\/revisions\/61140"}],"wp:featuredmedia":[{"embeddable":true,"href":"https:\/\/ri2020.eu\/en\/wp-json\/wp\/v2\/media\/60942"}],"wp:attachment":[{"href":"https:\/\/ri2020.eu\/en\/wp-json\/wp\/v2\/media?parent=61138"}],"wp:term":[{"taxonomy":"category","embeddable":true,"href":"https:\/\/ri2020.eu\/en\/wp-json\/wp\/v2\/categories?post=61138"},{"taxonomy":"post_tag","embeddable":true,"href":"https:\/\/ri2020.eu\/en\/wp-json\/wp\/v2\/tags?post=61138"}],"curies":[{"name":"wp","href":"https:\/\/api.w.org\/{rel}","templated":true}]}}