{"id":5503,"date":"2016-12-21T12:45:37","date_gmt":"2016-12-21T11:45:37","guid":{"rendered":"http:\/\/www.rijeka2020.eu\/?p=5503"},"modified":"2020-02-20T12:32:41","modified_gmt":"2020-02-20T11:32:41","slug":"fashion-week-winter-2016","status":"publish","type":"post","link":"https:\/\/ri2020.eu\/en\/fashion-week-winter-2016\/","title":{"rendered":"Fashion Week &#8211; Winter 2016"},"content":{"rendered":"<p><em>Fashion week \u2013 Winter 2016<\/em>\u00a0is a seasonal event which took place on December 19 \u2013 20, 2016, at the\u00a0<em>OKC\u00a0Palach<\/em>\u00a0in Rijeka. The\u00a0<em>Winter 2016<\/em>\u00a0pilot edition presented us with a two day showcase of the\u00a0<em>Sweet &amp; Salt<\/em>\u00a0Flagship themes, concepts and theoretical background of urban reinvention planning of\u00a0the\u00a0<em>city territory where the river meets the sea<\/em>.<\/p>\n<p>The lead project host of the\u00a0<em>Sweet &amp; Salt<\/em>\u00a0flagship is the Center for Advanced Studies \u2013 South East Europe at the University of Rijeka. The flagship<em>\u00a0<\/em>aims to\u00a0produce multiple projects that will honor the memory of lost spaces, while inspiring modern urban planning within the program of\u00a0<em>Rijeka 2020 \u2013 European Capital of Culture<\/em>. The 6 year flagship will engage citizens in critical debates about their urban environment, stimulated by artistic interventions.<\/p>\n<p>The first day of the\u00a0<em>Winter 2016<\/em>\u00a0edition introduced the inspiring works of 9th semester architecture students (Faculty of Architecture, University of Zagreb) that were presented in\u00a0an exhibition at the\u00a0<em>Galerija\u00a0SKC<\/em>\u00a0and thoroughly discussed in five\u00a0panels together with international experts in the fields of architecture and urban planning, and followed by critical debates with their mentors and professors. The\u00a0first day ended with the\u00a0<em>Urban Update \/ Upgrade<\/em>\u00a0public debate which hosted esteemed architects and art historians Simon Hartmann, Maroje Mrdulja\u0161, Dinko Pera\u010di\u0107 and Luka Skansi.<\/p>\n<p>The program of the second day of the\u00a0<em>Winter 2016<\/em>\u00a0edition was open to the public and included another opening of the\u00a0art exhibition\u00a0<em>Vi ste sada ovdje<\/em>\u00a0(<em>You Are Now Here<\/em><em>\u00a0<\/em>by Vuk \u0106osi\u0107<em>)<\/em>\u00a0presenting historical geographic maps of Rijeka and the region at the\u00a0<em>Galerija Plavi salon<\/em>\u00a0at the Rijeka City Hall Saloon. The exhibition will be open until the end of January 2017 (every Wednesday from 4.00 to 6.00 pm at the address\u00a0<em>Korzo 16<\/em>).\u00a0<em>Winter 2016<\/em>\u00a0program\u00a0continued with\u00a0multiple panels on the current (real) state of the cities in the region and the future (speculative) realities. The\u00a0<em>Rijeka ECOC 2020 \u2013 Amplifier of Urban Reinvention<\/em>\u00a0public debate hosted Emina Vi\u0161nji\u0107 (Director of Rijeka ECOC 2020), Vojko Obersnel (Mayor of Rijeka), Neil Peterson (Liverpool ECOC 2008), Janez Ko\u017eelj (Deputy Mayor of Ljubljana) and\u00a0with\u00a0moderation by\u00a0Vuk \u0106osi\u0107 (Rijeka ECOC 2020) provided a chance to map both the inspiring possibilities and challenges\u00a0of urban reinvention\u00a0which the\u00a0<em>Rijeka 2020 \u2013 European Capital of Culture<\/em><em>\u00a0<\/em>project\u00a0will ensure.<\/p>\n<p>Source: <a href=\"http:\/\/cas.uniri.hr\/sweet-salt-fagship\/\">CAS &#8211;\u00a0Center for advanced studies of Southeastern Europe\u00a0<\/a><\/p>\n<div class=\"gallery-slider js-gallery-slider\"><div class=\"gallery-slide\"><a class=\"gallery-slide__link\" href=\"https:\/\/ri2020.eu\/wp-content\/uploads\/2016\/12\/FW7-3.jpg\"><img decoding=\"async\" src=\"https:\/\/ri2020.eu\/wp-content\/uploads\/2016\/12\/FW7-3.jpg\" alt=\"\"><\/a><\/div><div class=\"gallery-slide\"><a class=\"gallery-slide__link\" href=\"https:\/\/ri2020.eu\/wp-content\/uploads\/2016\/12\/FW6-3.jpg\"><img decoding=\"async\" src=\"https:\/\/ri2020.eu\/wp-content\/uploads\/2016\/12\/FW6-3.jpg\" alt=\"\"><\/a><\/div><div class=\"gallery-slide\"><a class=\"gallery-slide__link\" href=\"https:\/\/ri2020.eu\/wp-content\/uploads\/2016\/12\/FW4-3.jpg\"><img decoding=\"async\" src=\"https:\/\/ri2020.eu\/wp-content\/uploads\/2016\/12\/FW4-3.jpg\" alt=\"\"><\/a><\/div><div class=\"gallery-slide\"><a class=\"gallery-slide__link\" href=\"https:\/\/ri2020.eu\/wp-content\/uploads\/2016\/12\/FW3-3.jpg\"><img decoding=\"async\" src=\"https:\/\/ri2020.eu\/wp-content\/uploads\/2016\/12\/FW3-3.jpg\" alt=\"\"><\/a><\/div><div class=\"gallery-slide\"><a class=\"gallery-slide__link\" href=\"https:\/\/ri2020.eu\/wp-content\/uploads\/2016\/12\/FW2-3.jpg\"><img decoding=\"async\" src=\"https:\/\/ri2020.eu\/wp-content\/uploads\/2016\/12\/FW2-3.jpg\" alt=\"\"><\/a><\/div><div class=\"gallery-slide\"><a class=\"gallery-slide__link\" href=\"https:\/\/ri2020.eu\/wp-content\/uploads\/2016\/12\/FW1-3.jpg\"><img decoding=\"async\" src=\"https:\/\/ri2020.eu\/wp-content\/uploads\/2016\/12\/FW1-3.jpg\" alt=\"\"><\/a><\/div><div class=\"gallery-slide\"><a class=\"gallery-slide__link\" href=\"https:\/\/ri2020.eu\/wp-content\/uploads\/2016\/12\/FW7-2.jpg\"><img decoding=\"async\" src=\"https:\/\/ri2020.eu\/wp-content\/uploads\/2016\/12\/FW7-2.jpg\" alt=\"\"><\/a><\/div><div class=\"gallery-slide\"><a class=\"gallery-slide__link\" href=\"https:\/\/ri2020.eu\/wp-content\/uploads\/2016\/12\/FW6-2.jpg\"><img decoding=\"async\" src=\"https:\/\/ri2020.eu\/wp-content\/uploads\/2016\/12\/FW6-2.jpg\" alt=\"\"><\/a><\/div><div class=\"gallery-slide\"><a class=\"gallery-slide__link\" href=\"https:\/\/ri2020.eu\/wp-content\/uploads\/2016\/12\/FW5-2.jpg\"><img decoding=\"async\" src=\"https:\/\/ri2020.eu\/wp-content\/uploads\/2016\/12\/FW5-2.jpg\" alt=\"\"><\/a><\/div><div class=\"gallery-slide\"><a class=\"gallery-slide__link\" href=\"https:\/\/ri2020.eu\/wp-content\/uploads\/2016\/12\/FW4-2.jpg\"><img decoding=\"async\" src=\"https:\/\/ri2020.eu\/wp-content\/uploads\/2016\/12\/FW4-2-880x570.jpg\" alt=\"\"><\/a><\/div><div class=\"gallery-slide\"><a class=\"gallery-slide__link\" href=\"https:\/\/ri2020.eu\/wp-content\/uploads\/2016\/12\/FW3-2.jpg\"><img decoding=\"async\" src=\"https:\/\/ri2020.eu\/wp-content\/uploads\/2016\/12\/FW3-2.jpg\" alt=\"\"><\/a><\/div><div class=\"gallery-slide\"><a class=\"gallery-slide__link\" href=\"https:\/\/ri2020.eu\/wp-content\/uploads\/2016\/12\/FW2-2.jpg\"><img decoding=\"async\" src=\"https:\/\/ri2020.eu\/wp-content\/uploads\/2016\/12\/FW2-2.jpg\" alt=\"\"><\/a><\/div><div class=\"gallery-slide\"><a class=\"gallery-slide__link\" href=\"https:\/\/ri2020.eu\/wp-content\/uploads\/2016\/12\/FW1-2.jpg\"><img decoding=\"async\" src=\"https:\/\/ri2020.eu\/wp-content\/uploads\/2016\/12\/FW1-2-880x570.jpg\" alt=\"\"><\/a><\/div><div class=\"gallery-slide\"><a class=\"gallery-slide__link\" href=\"https:\/\/ri2020.eu\/wp-content\/uploads\/2016\/12\/Fashion24-1.jpg\"><img decoding=\"async\" src=\"https:\/\/ri2020.eu\/wp-content\/uploads\/2016\/12\/Fashion24-1.jpg\" alt=\"\"><\/a><\/div><div class=\"gallery-slide\"><a class=\"gallery-slide__link\" href=\"https:\/\/ri2020.eu\/wp-content\/uploads\/2016\/12\/Fashion23-1.jpg\"><img decoding=\"async\" src=\"https:\/\/ri2020.eu\/wp-content\/uploads\/2016\/12\/Fashion23-1.jpg\" alt=\"\"><\/a><\/div><div class=\"gallery-slide\"><a class=\"gallery-slide__link\" href=\"https:\/\/ri2020.eu\/wp-content\/uploads\/2016\/12\/Fashion22-1.jpg\"><img decoding=\"async\" src=\"https:\/\/ri2020.eu\/wp-content\/uploads\/2016\/12\/Fashion22-1.jpg\" alt=\"\"><\/a><\/div><div class=\"gallery-slide\"><a class=\"gallery-slide__link\" href=\"https:\/\/ri2020.eu\/wp-content\/uploads\/2016\/12\/Fashion21-1.jpg\"><img decoding=\"async\" src=\"https:\/\/ri2020.eu\/wp-content\/uploads\/2016\/12\/Fashion21-1.jpg\" alt=\"\"><\/a><\/div><div class=\"gallery-slide\"><a class=\"gallery-slide__link\" href=\"https:\/\/ri2020.eu\/wp-content\/uploads\/2016\/12\/Fashion19-1.jpg\"><img decoding=\"async\" src=\"https:\/\/ri2020.eu\/wp-content\/uploads\/2016\/12\/Fashion19-1.jpg\" alt=\"\"><\/a><\/div><div class=\"gallery-slide\"><a class=\"gallery-slide__link\" href=\"https:\/\/ri2020.eu\/wp-content\/uploads\/2016\/12\/Fashion18-1.jpg\"><img decoding=\"async\" src=\"https:\/\/ri2020.eu\/wp-content\/uploads\/2016\/12\/Fashion18-1.jpg\" alt=\"\"><\/a><\/div><div class=\"gallery-slide\"><a class=\"gallery-slide__link\" href=\"https:\/\/ri2020.eu\/wp-content\/uploads\/2016\/12\/Fashion17-1.jpg\"><img decoding=\"async\" src=\"https:\/\/ri2020.eu\/wp-content\/uploads\/2016\/12\/Fashion17-1.jpg\" alt=\"\"><\/a><\/div><div class=\"gallery-slide\"><a class=\"gallery-slide__link\" href=\"https:\/\/ri2020.eu\/wp-content\/uploads\/2016\/12\/Fashion16-1.jpg\"><img decoding=\"async\" src=\"https:\/\/ri2020.eu\/wp-content\/uploads\/2016\/12\/Fashion16-1.jpg\" alt=\"\"><\/a><\/div><div class=\"gallery-slide\"><a class=\"gallery-slide__link\" href=\"https:\/\/ri2020.eu\/wp-content\/uploads\/2016\/12\/Fashion15-1.jpg\"><img decoding=\"async\" src=\"https:\/\/ri2020.eu\/wp-content\/uploads\/2016\/12\/Fashion15-1.jpg\" alt=\"\"><\/a><\/div><div class=\"gallery-slide\"><a class=\"gallery-slide__link\" href=\"https:\/\/ri2020.eu\/wp-content\/uploads\/2016\/12\/Fashion14-1.jpg\"><img decoding=\"async\" src=\"https:\/\/ri2020.eu\/wp-content\/uploads\/2016\/12\/Fashion14-1.jpg\" alt=\"\"><\/a><\/div><div class=\"gallery-slide\"><a class=\"gallery-slide__link\" href=\"https:\/\/ri2020.eu\/wp-content\/uploads\/2016\/12\/Fashion13-1.jpg\"><img decoding=\"async\" src=\"https:\/\/ri2020.eu\/wp-content\/uploads\/2016\/12\/Fashion13-1.jpg\" alt=\"\"><\/a><\/div><div class=\"gallery-slide\"><a class=\"gallery-slide__link\" href=\"https:\/\/ri2020.eu\/wp-content\/uploads\/2016\/12\/Fashion12-1.jpg\"><img decoding=\"async\" src=\"https:\/\/ri2020.eu\/wp-content\/uploads\/2016\/12\/Fashion12-1.jpg\" alt=\"\"><\/a><\/div><div class=\"gallery-slide\"><a class=\"gallery-slide__link\" href=\"https:\/\/ri2020.eu\/wp-content\/uploads\/2016\/12\/Fashion11-1.jpg\"><img decoding=\"async\" src=\"https:\/\/ri2020.eu\/wp-content\/uploads\/2016\/12\/Fashion11-1.jpg\" alt=\"\"><\/a><\/div><div class=\"gallery-slide\"><a class=\"gallery-slide__link\" href=\"https:\/\/ri2020.eu\/wp-content\/uploads\/2016\/12\/Fashion10-1.jpg\"><img decoding=\"async\" src=\"https:\/\/ri2020.eu\/wp-content\/uploads\/2016\/12\/Fashion10-1.jpg\" alt=\"\"><\/a><\/div><div class=\"gallery-slide\"><a class=\"gallery-slide__link\" href=\"https:\/\/ri2020.eu\/wp-content\/uploads\/2016\/12\/Fashion8-1.jpg\"><img decoding=\"async\" src=\"https:\/\/ri2020.eu\/wp-content\/uploads\/2016\/12\/Fashion8-1.jpg\" alt=\"\"><\/a><\/div><div class=\"gallery-slide\"><a class=\"gallery-slide__link\" href=\"https:\/\/ri2020.eu\/wp-content\/uploads\/2016\/12\/Fashion7-1.jpg\"><img decoding=\"async\" src=\"https:\/\/ri2020.eu\/wp-content\/uploads\/2016\/12\/Fashion7-1.jpg\" alt=\"\"><\/a><\/div><div class=\"gallery-slide\"><a class=\"gallery-slide__link\" href=\"https:\/\/ri2020.eu\/wp-content\/uploads\/2016\/12\/Fashion6-1.jpg\"><img decoding=\"async\" src=\"https:\/\/ri2020.eu\/wp-content\/uploads\/2016\/12\/Fashion6-1.jpg\" alt=\"\"><\/a><\/div><div class=\"gallery-slide\"><a class=\"gallery-slide__link\" href=\"https:\/\/ri2020.eu\/wp-content\/uploads\/2016\/12\/Fashion4-1.jpg\"><img decoding=\"async\" src=\"https:\/\/ri2020.eu\/wp-content\/uploads\/2016\/12\/Fashion4-1.jpg\" alt=\"\"><\/a><\/div><div class=\"gallery-slide\"><a class=\"gallery-slide__link\" href=\"https:\/\/ri2020.eu\/wp-content\/uploads\/2016\/12\/Fashion3-1.jpg\"><img decoding=\"async\" src=\"https:\/\/ri2020.eu\/wp-content\/uploads\/2016\/12\/Fashion3-1.jpg\" alt=\"\"><\/a><\/div><div class=\"gallery-slide\"><a class=\"gallery-slide__link\" href=\"https:\/\/ri2020.eu\/wp-content\/uploads\/2016\/12\/Fashion2-1.jpg\"><img decoding=\"async\" src=\"https:\/\/ri2020.eu\/wp-content\/uploads\/2016\/12\/Fashion2-1.jpg\" alt=\"\"><\/a><\/div><div class=\"gallery-slide\"><a class=\"gallery-slide__link\" href=\"https:\/\/ri2020.eu\/wp-content\/uploads\/2016\/12\/Fashion1-1.jpg\"><img decoding=\"async\" src=\"https:\/\/ri2020.eu\/wp-content\/uploads\/2016\/12\/Fashion1-1.jpg\" alt=\"\"><\/a><\/div><\/div>\n","protected":false},"excerpt":{"rendered":"<p>Fashion week \u2013 Winter 2016\u00a0is a seasonal event which took place on December 19 \u2013 20, 2016, at the\u00a0OKC\u00a0Palach\u00a0in Rijeka. The\u00a0Winter 2016\u00a0pilot edition presented us with a two day showcase of the\u00a0Sweet &amp; Salt\u00a0Flagship themes, concepts and theoretical background of urban reinvention planning of\u00a0the\u00a0city territory where the river meets the sea. The lead project host<\/p>\n","protected":false},"author":72,"featured_media":5522,"comment_status":"closed","ping_status":"open","sticky":false,"template":"","format":"standard","meta":{"_acf_changed":false,"footnotes":""},"categories":[2731],"tags":[],"class_list":["post-5503","post","type-post","status-publish","format-standard","has-post-thumbnail","hentry","category-news"],"acf":[],"yoast_head":"<!-- This site is optimized with the Yoast SEO plugin v26.8 - https:\/\/yoast.com\/product\/yoast-seo-wordpress\/ -->\n<title>Fashion Week - Winter 2016 &#8226; Rijeka 2020<\/title>\n<meta name=\"robots\" content=\"index, follow, max-snippet:-1, max-image-preview:large, max-video-preview:-1\" \/>\n<link rel=\"canonical\" href=\"https:\/\/ri2020.eu\/en\/fashion-week-winter-2016\/\" \/>\n<meta property=\"og:locale\" content=\"en_US\" \/>\n<meta property=\"og:type\" content=\"article\" \/>\n<meta property=\"og:title\" content=\"Fashion Week - Winter 2016 &#8226; Rijeka 2020\" \/>\n<meta property=\"og:description\" content=\"Fashion week \u2013 Winter 2016\u00a0is a seasonal event which took place on December 19 \u2013 20, 2016, at the\u00a0OKC\u00a0Palach\u00a0in Rijeka. The\u00a0Winter 2016\u00a0pilot edition presented us with a two day showcase of the\u00a0Sweet &amp; Salt\u00a0Flagship themes, concepts and theoretical background of urban reinvention planning of\u00a0the\u00a0city territory where the river meets the sea. The lead project host\" \/>\n<meta property=\"og:url\" content=\"https:\/\/ri2020.eu\/en\/fashion-week-winter-2016\/\" \/>\n<meta property=\"og:site_name\" content=\"Rijeka 2020\" \/>\n<meta property=\"article:publisher\" content=\"https:\/\/www.facebook.com\/rijeka2020\" \/>\n<meta property=\"article:published_time\" content=\"2016-12-21T11:45:37+00:00\" \/>\n<meta property=\"article:modified_time\" content=\"2020-02-20T11:32:41+00:00\" \/>\n<meta property=\"og:image\" content=\"https:\/\/ri2020.eu\/wp-content\/uploads\/2016\/12\/Fashion19-1.jpg\" \/>\n\t<meta property=\"og:image:width\" content=\"640\" \/>\n\t<meta property=\"og:image:height\" content=\"427\" \/>\n\t<meta property=\"og:image:type\" content=\"image\/jpeg\" \/>\n<meta name=\"author\" content=\"Rijeka 2020\" \/>\n<meta name=\"twitter:card\" content=\"summary_large_image\" \/>\n<meta name=\"twitter:creator\" content=\"@Rijeka2020\" \/>\n<meta name=\"twitter:site\" content=\"@Rijeka2020\" \/>\n<meta name=\"twitter:label1\" content=\"Written by\" \/>\n\t<meta name=\"twitter:data1\" content=\"Rijeka 2020\" \/>\n\t<meta name=\"twitter:label2\" content=\"Est. reading time\" \/>\n\t<meta name=\"twitter:data2\" content=\"2 minutes\" \/>\n<script type=\"application\/ld+json\" class=\"yoast-schema-graph\">{\"@context\":\"https:\/\/schema.org\",\"@graph\":[{\"@type\":\"Article\",\"@id\":\"https:\/\/ri2020.eu\/en\/fashion-week-winter-2016\/#article\",\"isPartOf\":{\"@id\":\"https:\/\/ri2020.eu\/en\/fashion-week-winter-2016\/\"},\"author\":{\"name\":\"Rijeka 2020\",\"@id\":\"https:\/\/ri2020.eu\/en\/#\/schema\/person\/9c12d91df8c45bc534f625d9c81f403d\"},\"headline\":\"Fashion Week &#8211; Winter 2016\",\"datePublished\":\"2016-12-21T11:45:37+00:00\",\"dateModified\":\"2020-02-20T11:32:41+00:00\",\"mainEntityOfPage\":{\"@id\":\"https:\/\/ri2020.eu\/en\/fashion-week-winter-2016\/\"},\"wordCount\":392,\"publisher\":{\"@id\":\"https:\/\/ri2020.eu\/en\/#organization\"},\"image\":{\"@id\":\"https:\/\/ri2020.eu\/en\/fashion-week-winter-2016\/#primaryimage\"},\"thumbnailUrl\":\"https:\/\/ri2020.eu\/wp-content\/uploads\/2016\/12\/Fashion19-1.jpg\",\"articleSection\":[\"News\"],\"inLanguage\":\"en-US\"},{\"@type\":\"WebPage\",\"@id\":\"https:\/\/ri2020.eu\/en\/fashion-week-winter-2016\/\",\"url\":\"https:\/\/ri2020.eu\/en\/fashion-week-winter-2016\/\",\"name\":\"Fashion Week - Winter 2016 &#8226; Rijeka 2020\",\"isPartOf\":{\"@id\":\"https:\/\/ri2020.eu\/en\/#website\"},\"primaryImageOfPage\":{\"@id\":\"https:\/\/ri2020.eu\/en\/fashion-week-winter-2016\/#primaryimage\"},\"image\":{\"@id\":\"https:\/\/ri2020.eu\/en\/fashion-week-winter-2016\/#primaryimage\"},\"thumbnailUrl\":\"https:\/\/ri2020.eu\/wp-content\/uploads\/2016\/12\/Fashion19-1.jpg\",\"datePublished\":\"2016-12-21T11:45:37+00:00\",\"dateModified\":\"2020-02-20T11:32:41+00:00\",\"breadcrumb\":{\"@id\":\"https:\/\/ri2020.eu\/en\/fashion-week-winter-2016\/#breadcrumb\"},\"inLanguage\":\"en-US\",\"potentialAction\":[{\"@type\":\"ReadAction\",\"target\":[\"https:\/\/ri2020.eu\/en\/fashion-week-winter-2016\/\"]}]},{\"@type\":\"ImageObject\",\"inLanguage\":\"en-US\",\"@id\":\"https:\/\/ri2020.eu\/en\/fashion-week-winter-2016\/#primaryimage\",\"url\":\"https:\/\/ri2020.eu\/wp-content\/uploads\/2016\/12\/Fashion19-1.jpg\",\"contentUrl\":\"https:\/\/ri2020.eu\/wp-content\/uploads\/2016\/12\/Fashion19-1.jpg\",\"width\":640,\"height\":427},{\"@type\":\"BreadcrumbList\",\"@id\":\"https:\/\/ri2020.eu\/en\/fashion-week-winter-2016\/#breadcrumb\",\"itemListElement\":[{\"@type\":\"ListItem\",\"position\":1,\"name\":\"Home\",\"item\":\"https:\/\/ri2020.eu\/en\/\"},{\"@type\":\"ListItem\",\"position\":2,\"name\":\"Fashion Week &#8211; Winter 2016\"}]},{\"@type\":\"WebSite\",\"@id\":\"https:\/\/ri2020.eu\/en\/#website\",\"url\":\"https:\/\/ri2020.eu\/en\/\",\"name\":\"Rijeka 2020\",\"description\":\"Europska prijestolnica kulture\",\"publisher\":{\"@id\":\"https:\/\/ri2020.eu\/en\/#organization\"},\"potentialAction\":[{\"@type\":\"SearchAction\",\"target\":{\"@type\":\"EntryPoint\",\"urlTemplate\":\"https:\/\/ri2020.eu\/en\/?s={search_term_string}\"},\"query-input\":{\"@type\":\"PropertyValueSpecification\",\"valueRequired\":true,\"valueName\":\"search_term_string\"}}],\"inLanguage\":\"en-US\"},{\"@type\":\"Organization\",\"@id\":\"https:\/\/ri2020.eu\/en\/#organization\",\"name\":\"Rijeka 2020 d.o.o.\",\"url\":\"https:\/\/ri2020.eu\/en\/\",\"logo\":{\"@type\":\"ImageObject\",\"inLanguage\":\"en-US\",\"@id\":\"https:\/\/ri2020.eu\/en\/#\/schema\/logo\/image\/\",\"url\":\"https:\/\/rijeka2020.eu\/wp-content\/uploads\/2018\/07\/Ri2020-logo.png\",\"contentUrl\":\"https:\/\/rijeka2020.eu\/wp-content\/uploads\/2018\/07\/Ri2020-logo.png\",\"width\":407,\"height\":175,\"caption\":\"Rijeka 2020 d.o.o.\"},\"image\":{\"@id\":\"https:\/\/ri2020.eu\/en\/#\/schema\/logo\/image\/\"},\"sameAs\":[\"https:\/\/www.facebook.com\/rijeka2020\",\"https:\/\/x.com\/Rijeka2020\",\"https:\/\/www.instagram.com\/rijeka2020\/\",\"https:\/\/www.youtube.com\/user\/riepk2020\"]},{\"@type\":\"Person\",\"@id\":\"https:\/\/ri2020.eu\/en\/#\/schema\/person\/9c12d91df8c45bc534f625d9c81f403d\",\"name\":\"Rijeka 2020\",\"url\":\"https:\/\/ri2020.eu\/en\/author\/lsm\/\"}]}<\/script>\n<!-- \/ Yoast SEO plugin. -->","yoast_head_json":{"title":"Fashion Week - Winter 2016 &#8226; Rijeka 2020","robots":{"index":"index","follow":"follow","max-snippet":"max-snippet:-1","max-image-preview":"max-image-preview:large","max-video-preview":"max-video-preview:-1"},"canonical":"https:\/\/ri2020.eu\/en\/fashion-week-winter-2016\/","og_locale":"en_US","og_type":"article","og_title":"Fashion Week - Winter 2016 &#8226; Rijeka 2020","og_description":"Fashion week \u2013 Winter 2016\u00a0is a seasonal event which took place on December 19 \u2013 20, 2016, at the\u00a0OKC\u00a0Palach\u00a0in Rijeka. The\u00a0Winter 2016\u00a0pilot edition presented us with a two day showcase of the\u00a0Sweet &amp; Salt\u00a0Flagship themes, concepts and theoretical background of urban reinvention planning of\u00a0the\u00a0city territory where the river meets the sea. The lead project host","og_url":"https:\/\/ri2020.eu\/en\/fashion-week-winter-2016\/","og_site_name":"Rijeka 2020","article_publisher":"https:\/\/www.facebook.com\/rijeka2020","article_published_time":"2016-12-21T11:45:37+00:00","article_modified_time":"2020-02-20T11:32:41+00:00","og_image":[{"width":640,"height":427,"url":"https:\/\/ri2020.eu\/wp-content\/uploads\/2016\/12\/Fashion19-1.jpg","type":"image\/jpeg"}],"author":"Rijeka 2020","twitter_card":"summary_large_image","twitter_creator":"@Rijeka2020","twitter_site":"@Rijeka2020","twitter_misc":{"Written by":"Rijeka 2020","Est. reading time":"2 minutes"},"schema":{"@context":"https:\/\/schema.org","@graph":[{"@type":"Article","@id":"https:\/\/ri2020.eu\/en\/fashion-week-winter-2016\/#article","isPartOf":{"@id":"https:\/\/ri2020.eu\/en\/fashion-week-winter-2016\/"},"author":{"name":"Rijeka 2020","@id":"https:\/\/ri2020.eu\/en\/#\/schema\/person\/9c12d91df8c45bc534f625d9c81f403d"},"headline":"Fashion Week &#8211; Winter 2016","datePublished":"2016-12-21T11:45:37+00:00","dateModified":"2020-02-20T11:32:41+00:00","mainEntityOfPage":{"@id":"https:\/\/ri2020.eu\/en\/fashion-week-winter-2016\/"},"wordCount":392,"publisher":{"@id":"https:\/\/ri2020.eu\/en\/#organization"},"image":{"@id":"https:\/\/ri2020.eu\/en\/fashion-week-winter-2016\/#primaryimage"},"thumbnailUrl":"https:\/\/ri2020.eu\/wp-content\/uploads\/2016\/12\/Fashion19-1.jpg","articleSection":["News"],"inLanguage":"en-US"},{"@type":"WebPage","@id":"https:\/\/ri2020.eu\/en\/fashion-week-winter-2016\/","url":"https:\/\/ri2020.eu\/en\/fashion-week-winter-2016\/","name":"Fashion Week - Winter 2016 &#8226; Rijeka 2020","isPartOf":{"@id":"https:\/\/ri2020.eu\/en\/#website"},"primaryImageOfPage":{"@id":"https:\/\/ri2020.eu\/en\/fashion-week-winter-2016\/#primaryimage"},"image":{"@id":"https:\/\/ri2020.eu\/en\/fashion-week-winter-2016\/#primaryimage"},"thumbnailUrl":"https:\/\/ri2020.eu\/wp-content\/uploads\/2016\/12\/Fashion19-1.jpg","datePublished":"2016-12-21T11:45:37+00:00","dateModified":"2020-02-20T11:32:41+00:00","breadcrumb":{"@id":"https:\/\/ri2020.eu\/en\/fashion-week-winter-2016\/#breadcrumb"},"inLanguage":"en-US","potentialAction":[{"@type":"ReadAction","target":["https:\/\/ri2020.eu\/en\/fashion-week-winter-2016\/"]}]},{"@type":"ImageObject","inLanguage":"en-US","@id":"https:\/\/ri2020.eu\/en\/fashion-week-winter-2016\/#primaryimage","url":"https:\/\/ri2020.eu\/wp-content\/uploads\/2016\/12\/Fashion19-1.jpg","contentUrl":"https:\/\/ri2020.eu\/wp-content\/uploads\/2016\/12\/Fashion19-1.jpg","width":640,"height":427},{"@type":"BreadcrumbList","@id":"https:\/\/ri2020.eu\/en\/fashion-week-winter-2016\/#breadcrumb","itemListElement":[{"@type":"ListItem","position":1,"name":"Home","item":"https:\/\/ri2020.eu\/en\/"},{"@type":"ListItem","position":2,"name":"Fashion Week &#8211; Winter 2016"}]},{"@type":"WebSite","@id":"https:\/\/ri2020.eu\/en\/#website","url":"https:\/\/ri2020.eu\/en\/","name":"Rijeka 2020","description":"Europska prijestolnica kulture","publisher":{"@id":"https:\/\/ri2020.eu\/en\/#organization"},"potentialAction":[{"@type":"SearchAction","target":{"@type":"EntryPoint","urlTemplate":"https:\/\/ri2020.eu\/en\/?s={search_term_string}"},"query-input":{"@type":"PropertyValueSpecification","valueRequired":true,"valueName":"search_term_string"}}],"inLanguage":"en-US"},{"@type":"Organization","@id":"https:\/\/ri2020.eu\/en\/#organization","name":"Rijeka 2020 d.o.o.","url":"https:\/\/ri2020.eu\/en\/","logo":{"@type":"ImageObject","inLanguage":"en-US","@id":"https:\/\/ri2020.eu\/en\/#\/schema\/logo\/image\/","url":"https:\/\/rijeka2020.eu\/wp-content\/uploads\/2018\/07\/Ri2020-logo.png","contentUrl":"https:\/\/rijeka2020.eu\/wp-content\/uploads\/2018\/07\/Ri2020-logo.png","width":407,"height":175,"caption":"Rijeka 2020 d.o.o."},"image":{"@id":"https:\/\/ri2020.eu\/en\/#\/schema\/logo\/image\/"},"sameAs":["https:\/\/www.facebook.com\/rijeka2020","https:\/\/x.com\/Rijeka2020","https:\/\/www.instagram.com\/rijeka2020\/","https:\/\/www.youtube.com\/user\/riepk2020"]},{"@type":"Person","@id":"https:\/\/ri2020.eu\/en\/#\/schema\/person\/9c12d91df8c45bc534f625d9c81f403d","name":"Rijeka 2020","url":"https:\/\/ri2020.eu\/en\/author\/lsm\/"}]}},"_links":{"self":[{"href":"https:\/\/ri2020.eu\/en\/wp-json\/wp\/v2\/posts\/5503","targetHints":{"allow":["GET"]}}],"collection":[{"href":"https:\/\/ri2020.eu\/en\/wp-json\/wp\/v2\/posts"}],"about":[{"href":"https:\/\/ri2020.eu\/en\/wp-json\/wp\/v2\/types\/post"}],"author":[{"embeddable":true,"href":"https:\/\/ri2020.eu\/en\/wp-json\/wp\/v2\/users\/72"}],"replies":[{"embeddable":true,"href":"https:\/\/ri2020.eu\/en\/wp-json\/wp\/v2\/comments?post=5503"}],"version-history":[{"count":1,"href":"https:\/\/ri2020.eu\/en\/wp-json\/wp\/v2\/posts\/5503\/revisions"}],"predecessor-version":[{"id":50288,"href":"https:\/\/ri2020.eu\/en\/wp-json\/wp\/v2\/posts\/5503\/revisions\/50288"}],"wp:featuredmedia":[{"embeddable":true,"href":"https:\/\/ri2020.eu\/en\/wp-json\/wp\/v2\/media\/5522"}],"wp:attachment":[{"href":"https:\/\/ri2020.eu\/en\/wp-json\/wp\/v2\/media?parent=5503"}],"wp:term":[{"taxonomy":"category","embeddable":true,"href":"https:\/\/ri2020.eu\/en\/wp-json\/wp\/v2\/categories?post=5503"},{"taxonomy":"post_tag","embeddable":true,"href":"https:\/\/ri2020.eu\/en\/wp-json\/wp\/v2\/tags?post=5503"}],"curies":[{"name":"wp","href":"https:\/\/api.w.org\/{rel}","templated":true}]}}