{"id":52369,"date":"2020-03-09T12:22:31","date_gmt":"2020-03-09T11:22:31","guid":{"rendered":"https:\/\/rijeka2020.eu\/kostrenski-svezanj-dobiva-novu-dizajnersku-opremu-za-plazu\/"},"modified":"2020-03-12T16:56:07","modified_gmt":"2020-03-12T15:56:07","slug":"svezanj-bay-in-kostrena-gets-new-designer-beach-equipment-provided-under-the-lungomare-art-flagship","status":"publish","type":"post","link":"https:\/\/ri2020.eu\/en\/svezanj-bay-in-kostrena-gets-new-designer-beach-equipment-provided-under-the-lungomare-art-flagship\/","title":{"rendered":"Sve\u017eanj bay in Kostrena gets new designer beach equipment provided under the Lungomare Art flagship"},"content":{"rendered":"<p><strong>\u017durkovo &#8211; a coastal promenade in Kostrena, a place located in the immediate vicinity of Rijeka, surrounded by Martin\u0161\u0107ica Bay and Bakar Bay, is a favourite place for rest and recreation of all generations of this region. The beaches on the coast of Kostrena vary greatly from one another. Located in the area which can be explored in under an hour is the beautiful Sve\u017eanj beach which will be subject to a design intervention thanks to the Lungomare Art programme, part of the European Capital of Culture project. <\/strong><\/p>\n<p><img loading=\"lazy\" decoding=\"async\" class=\"alignnone size-full wp-image-32298\" src=\"https:\/\/rijeka2020.eu\/wp-content\/uploads\/2019\/10\/DJI_0275_by-Geoarheo-1.jpg\" alt=\"\" width=\"2048\" height=\"1152\" srcset=\"https:\/\/ri2020.eu\/wp-content\/uploads\/2019\/10\/DJI_0275_by-Geoarheo-1.jpg 2048w, https:\/\/ri2020.eu\/wp-content\/uploads\/2019\/10\/DJI_0275_by-Geoarheo-1-255x143.jpg 255w, https:\/\/ri2020.eu\/wp-content\/uploads\/2019\/10\/DJI_0275_by-Geoarheo-1-768x432.jpg 768w, https:\/\/ri2020.eu\/wp-content\/uploads\/2019\/10\/DJI_0275_by-Geoarheo-1-1024x576.jpg 1024w, https:\/\/ri2020.eu\/wp-content\/uploads\/2019\/10\/DJI_0275_by-Geoarheo-1-250x141.jpg 250w, https:\/\/ri2020.eu\/wp-content\/uploads\/2019\/10\/DJI_0275_by-Geoarheo-1-420x236.jpg 420w\" sizes=\"auto, (max-width: 2048px) 100vw, 2048px\" \/><br \/>\n<em>Photo: Geoarheo<\/em><\/p>\n<p>To make the beach even more prominent, <strong>the international art collective Numen\/For use will design playful and useful beach equipment which will be permanently located at Sve\u017eanj beach in June this year. Benches, changing rooms, showers, lifeguard tower, Blue Flag stand and similar equipment will find their permanent home on Sve\u017eanj, which is not only flooded with tourists, but also provides a refuge for locals, workers, students and retirees.<\/strong><\/p>\n<p>This very fact commits the authors of this urban equipment, who are also the creators of the Lungomare Art installation, to a <strong>particularly cautious approach based on the needs and wishes of the current and future beach users<\/strong>, and apart from the direct environmental intervention, which will increase the number of ways the users will be able to use this space, the project of the Numen\/For Use group is focused on the <strong>functional and symbolic importance of the common public space.<\/strong><\/p>\n<p><img loading=\"lazy\" decoding=\"async\" class=\"alignnone size-full wp-image-52202\" src=\"https:\/\/rijeka2020.eu\/wp-content\/uploads\/2020\/03\/Vidikovac_3.jpg\" alt=\"\" width=\"1280\" height=\"720\" srcset=\"https:\/\/ri2020.eu\/wp-content\/uploads\/2020\/03\/Vidikovac_3.jpg 1280w, https:\/\/ri2020.eu\/wp-content\/uploads\/2020\/03\/Vidikovac_3-640x360.jpg 640w, https:\/\/ri2020.eu\/wp-content\/uploads\/2020\/03\/Vidikovac_3-1024x576.jpg 1024w, https:\/\/ri2020.eu\/wp-content\/uploads\/2020\/03\/Vidikovac_3-768x432.jpg 768w, https:\/\/ri2020.eu\/wp-content\/uploads\/2020\/03\/Vidikovac_3-250x141.jpg 250w, https:\/\/ri2020.eu\/wp-content\/uploads\/2020\/03\/Vidikovac_3-420x236.jpg 420w\" sizes=\"auto, (max-width: 1280px) 100vw, 1280px\" \/><\/p>\n<div style=\"width: 640px;\" class=\"wp-video\"><!--[if lt IE 9]><script>document.createElement('video');<\/script><![endif]-->\n<video class=\"wp-video-shortcode\" id=\"video-52369-1\" width=\"640\" height=\"360\" preload=\"metadata\" controls=\"controls\"><source type=\"video\/mp4\" src=\"https:\/\/rijeka2020.eu\/wp-content\/uploads\/2020\/03\/2.3.2020._Video_radovi_LA_za-Kostrenu.mp4?_=1\" \/><a href=\"https:\/\/rijeka2020.eu\/wp-content\/uploads\/2020\/03\/2.3.2020._Video_radovi_LA_za-Kostrenu.mp4\">https:\/\/rijeka2020.eu\/wp-content\/uploads\/2020\/03\/2.3.2020._Video_radovi_LA_za-Kostrenu.mp4<\/a><\/video><\/div>\n<p><strong>In Prostoria d.o.o. workshop in Zagreb, test specimens of the changing cabins, showers and benches are being made these days, which will be placed on Sve\u017eanj beach along with other objects. Such urban equipment has the potential to be manufactured and installed along the Kostrena coast seeing that the copyright will belong to the Municipality of Kostrena which can reproduce and place the equipment on other beaches in the following years. Urban equipment also includes the construction of the observation deck, and in addition to this artistic intervention, Sve\u017eanj beach also expects several important public infrastructure interventions. <\/strong><\/p>\n<p><img loading=\"lazy\" decoding=\"async\" class=\"alignnone size-full wp-image-52190\" src=\"https:\/\/rijeka2020.eu\/wp-content\/uploads\/2020\/03\/28.2.2020.-kabina-1_Radovi-na-probnom-uzorku-kabine-u-radioni-POSTORIA-d.o.o.-za-pla\u017eu-Sve\u017eanj-u-Kostreni.jpg\" alt=\"\" width=\"1280\" height=\"853\" srcset=\"https:\/\/ri2020.eu\/wp-content\/uploads\/2020\/03\/28.2.2020.-kabina-1_Radovi-na-probnom-uzorku-kabine-u-radioni-POSTORIA-d.o.o.-za-pla\u017eu-Sve\u017eanj-u-Kostreni.jpg 1280w, https:\/\/ri2020.eu\/wp-content\/uploads\/2020\/03\/28.2.2020.-kabina-1_Radovi-na-probnom-uzorku-kabine-u-radioni-POSTORIA-d.o.o.-za-pla\u017eu-Sve\u017eanj-u-Kostreni-640x427.jpg 640w, https:\/\/ri2020.eu\/wp-content\/uploads\/2020\/03\/28.2.2020.-kabina-1_Radovi-na-probnom-uzorku-kabine-u-radioni-POSTORIA-d.o.o.-za-pla\u017eu-Sve\u017eanj-u-Kostreni-1024x682.jpg 1024w, https:\/\/ri2020.eu\/wp-content\/uploads\/2020\/03\/28.2.2020.-kabina-1_Radovi-na-probnom-uzorku-kabine-u-radioni-POSTORIA-d.o.o.-za-pla\u017eu-Sve\u017eanj-u-Kostreni-768x512.jpg 768w, https:\/\/ri2020.eu\/wp-content\/uploads\/2020\/03\/28.2.2020.-kabina-1_Radovi-na-probnom-uzorku-kabine-u-radioni-POSTORIA-d.o.o.-za-pla\u017eu-Sve\u017eanj-u-Kostreni-250x167.jpg 250w, https:\/\/ri2020.eu\/wp-content\/uploads\/2020\/03\/28.2.2020.-kabina-1_Radovi-na-probnom-uzorku-kabine-u-radioni-POSTORIA-d.o.o.-za-pla\u017eu-Sve\u017eanj-u-Kostreni-420x280.jpg 420w\" sizes=\"auto, (max-width: 1280px) 100vw, 1280px\" \/> <img loading=\"lazy\" decoding=\"async\" class=\"alignnone size-full wp-image-52181\" src=\"https:\/\/rijeka2020.eu\/wp-content\/uploads\/2020\/03\/2.3.2020._Pregledavanje-probnih-uzoraka_kabina2.jpg\" alt=\"\" width=\"1536\" height=\"2048\" srcset=\"https:\/\/ri2020.eu\/wp-content\/uploads\/2020\/03\/2.3.2020._Pregledavanje-probnih-uzoraka_kabina2.jpg 1536w, https:\/\/ri2020.eu\/wp-content\/uploads\/2020\/03\/2.3.2020._Pregledavanje-probnih-uzoraka_kabina2-360x480.jpg 360w, https:\/\/ri2020.eu\/wp-content\/uploads\/2020\/03\/2.3.2020._Pregledavanje-probnih-uzoraka_kabina2-768x1024.jpg 768w, https:\/\/ri2020.eu\/wp-content\/uploads\/2020\/03\/2.3.2020._Pregledavanje-probnih-uzoraka_kabina2-1152x1536.jpg 1152w, https:\/\/ri2020.eu\/wp-content\/uploads\/2020\/03\/2.3.2020._Pregledavanje-probnih-uzoraka_kabina2-188x250.jpg 188w, https:\/\/ri2020.eu\/wp-content\/uploads\/2020\/03\/2.3.2020._Pregledavanje-probnih-uzoraka_kabina2-420x560.jpg 420w\" sizes=\"auto, (max-width: 1536px) 100vw, 1536px\" \/><\/p>\n<p>The Numen\/For Use art-design group, whose activities are based on continuous collaborative practice, is comprised of Sven Jonke, who lives and works in Berlin, Christoph Katzler, who lives in Vienna, and Nikola Radeljkovi\u0107, who resides in Zagreb. <strong>Their projects focus on experiences of relaxation <\/strong>through the design of, for example, various types of seats, chairs, recliners and sofas, i.e. a special type of innovative interior design as a place for rest, conversation, meetings, discussions and love stories. Their area of interest also includes the so-called <strong>parasitic architectural structures<\/strong>, which create additional spaces, always a favourite among visitors. They are also preoccupied with extremely <strong>contemporary approach to theatre set design<\/strong>. Major public projects, such as the Split waterfront redesign, have made them one the most famous designers in the region, and the Konstrena\u2019s Sve\u017eanj beach redesign project includes the collaboration with <strong>Branimir Pa\u0161kvan, <\/strong>a local designer from Kostrena. The ECoC&#8217;s main partner for the implementation of this project is the <strong>Municipality of Kostrena.<\/strong> The new equipment will be unveiled to the public on 12 June 2020, the day same day when the Blue Flag will be hoisted.<\/p>\n<p><img loading=\"lazy\" decoding=\"async\" class=\"alignnone size-full wp-image-52199\" src=\"https:\/\/rijeka2020.eu\/wp-content\/uploads\/2020\/03\/Numen_For-Use_by-Tanja-Kanazir.jpg\" alt=\"\" width=\"2000\" height=\"1333\" srcset=\"https:\/\/ri2020.eu\/wp-content\/uploads\/2020\/03\/Numen_For-Use_by-Tanja-Kanazir.jpg 2000w, https:\/\/ri2020.eu\/wp-content\/uploads\/2020\/03\/Numen_For-Use_by-Tanja-Kanazir-640x427.jpg 640w, https:\/\/ri2020.eu\/wp-content\/uploads\/2020\/03\/Numen_For-Use_by-Tanja-Kanazir-1024x682.jpg 1024w, https:\/\/ri2020.eu\/wp-content\/uploads\/2020\/03\/Numen_For-Use_by-Tanja-Kanazir-768x512.jpg 768w, https:\/\/ri2020.eu\/wp-content\/uploads\/2020\/03\/Numen_For-Use_by-Tanja-Kanazir-1536x1024.jpg 1536w, https:\/\/ri2020.eu\/wp-content\/uploads\/2020\/03\/Numen_For-Use_by-Tanja-Kanazir-250x167.jpg 250w, https:\/\/ri2020.eu\/wp-content\/uploads\/2020\/03\/Numen_For-Use_by-Tanja-Kanazir-420x280.jpg 420w\" sizes=\"auto, (max-width: 2000px) 100vw, 2000px\" \/><br \/>\n<em>Photo: Tanja Kanazir<\/em><\/p>\n<p>Lungomare Art is a segment of the European Capital of Culture programme which will build ten kinds of monuments for the future. Throughout the year 2020, permanent works will be set up in Brse\u010d, Lovranska Draga, at the fish market in Rijeka, on Gr\u010devo beach in Pe\u0107ine, on Sve\u017eanj beach in Kostrena, in Lopar on Rab Island, above Ba\u0161ka on Krk Island and at Vela Riva in Mali Lo\u0161inj. Renowned European curator Michal Kole\u010dek has entrusted this important task to renowned artists, designers and architects from Croatia, Europe, Japan and Chile, whose permanent artistic installations deal with traditions and stories relevant to particular local communities.<\/p>\n<p><img loading=\"lazy\" decoding=\"async\" class=\"alignnone size-full wp-image-52184\" src=\"https:\/\/rijeka2020.eu\/wp-content\/uploads\/2020\/03\/2.3.2020._Pregledavanje-probnih-uzoraka_klupa-3-2.jpg\" alt=\"\" width=\"2048\" height=\"1536\" srcset=\"https:\/\/ri2020.eu\/wp-content\/uploads\/2020\/03\/2.3.2020._Pregledavanje-probnih-uzoraka_klupa-3-2.jpg 2048w, https:\/\/ri2020.eu\/wp-content\/uploads\/2020\/03\/2.3.2020._Pregledavanje-probnih-uzoraka_klupa-3-2-640x480.jpg 640w, https:\/\/ri2020.eu\/wp-content\/uploads\/2020\/03\/2.3.2020._Pregledavanje-probnih-uzoraka_klupa-3-2-1024x768.jpg 1024w, https:\/\/ri2020.eu\/wp-content\/uploads\/2020\/03\/2.3.2020._Pregledavanje-probnih-uzoraka_klupa-3-2-768x576.jpg 768w, https:\/\/ri2020.eu\/wp-content\/uploads\/2020\/03\/2.3.2020._Pregledavanje-probnih-uzoraka_klupa-3-2-1536x1152.jpg 1536w, https:\/\/ri2020.eu\/wp-content\/uploads\/2020\/03\/2.3.2020._Pregledavanje-probnih-uzoraka_klupa-3-2-250x188.jpg 250w, https:\/\/ri2020.eu\/wp-content\/uploads\/2020\/03\/2.3.2020._Pregledavanje-probnih-uzoraka_klupa-3-2-420x315.jpg 420w\" sizes=\"auto, (max-width: 2048px) 100vw, 2048px\" \/> <img loading=\"lazy\" decoding=\"async\" class=\"alignnone size-full wp-image-52193\" src=\"https:\/\/rijeka2020.eu\/wp-content\/uploads\/2020\/03\/28.2.2020.-kabina-5_Radovi-na-probnom-uzorku-kabine-u-radioni-POSTORIA-d.o.o.-za-pla\u017eu-Sve\u017eanj-u-Kostreni.jpg\" alt=\"\" width=\"1280\" height=\"853\" srcset=\"https:\/\/ri2020.eu\/wp-content\/uploads\/2020\/03\/28.2.2020.-kabina-5_Radovi-na-probnom-uzorku-kabine-u-radioni-POSTORIA-d.o.o.-za-pla\u017eu-Sve\u017eanj-u-Kostreni.jpg 1280w, https:\/\/ri2020.eu\/wp-content\/uploads\/2020\/03\/28.2.2020.-kabina-5_Radovi-na-probnom-uzorku-kabine-u-radioni-POSTORIA-d.o.o.-za-pla\u017eu-Sve\u017eanj-u-Kostreni-640x427.jpg 640w, https:\/\/ri2020.eu\/wp-content\/uploads\/2020\/03\/28.2.2020.-kabina-5_Radovi-na-probnom-uzorku-kabine-u-radioni-POSTORIA-d.o.o.-za-pla\u017eu-Sve\u017eanj-u-Kostreni-1024x682.jpg 1024w, https:\/\/ri2020.eu\/wp-content\/uploads\/2020\/03\/28.2.2020.-kabina-5_Radovi-na-probnom-uzorku-kabine-u-radioni-POSTORIA-d.o.o.-za-pla\u017eu-Sve\u017eanj-u-Kostreni-768x512.jpg 768w, https:\/\/ri2020.eu\/wp-content\/uploads\/2020\/03\/28.2.2020.-kabina-5_Radovi-na-probnom-uzorku-kabine-u-radioni-POSTORIA-d.o.o.-za-pla\u017eu-Sve\u017eanj-u-Kostreni-250x167.jpg 250w, https:\/\/ri2020.eu\/wp-content\/uploads\/2020\/03\/28.2.2020.-kabina-5_Radovi-na-probnom-uzorku-kabine-u-radioni-POSTORIA-d.o.o.-za-pla\u017eu-Sve\u017eanj-u-Kostreni-420x280.jpg 420w\" sizes=\"auto, (max-width: 1280px) 100vw, 1280px\" \/><\/p>\n","protected":false},"excerpt":{"rendered":"<p>To make the beach even more prominent, the international art collective Numen\/For use will design playful and useful beach equipment which will be permanently located at Sve\u017eanj beach in June this year.<\/p>\n","protected":false},"author":72,"featured_media":52197,"comment_status":"closed","ping_status":"closed","sticky":false,"template":"","format":"standard","meta":{"_acf_changed":false,"footnotes":""},"categories":[2978,2731],"tags":[],"class_list":["post-52369","post","type-post","status-publish","format-standard","has-post-thumbnail","hentry","category-27-neighbourhoods","category-news"],"acf":[],"yoast_head":"<!-- This site is optimized with the Yoast SEO plugin v26.8 - https:\/\/yoast.com\/product\/yoast-seo-wordpress\/ -->\n<title>Sve\u017eanj bay in Kostrena gets new designer beach equipment provided under the Lungomare Art flagship &#8226; Rijeka 2020<\/title>\n<meta name=\"robots\" content=\"index, follow, max-snippet:-1, max-image-preview:large, max-video-preview:-1\" \/>\n<link rel=\"canonical\" href=\"https:\/\/ri2020.eu\/en\/svezanj-bay-in-kostrena-gets-new-designer-beach-equipment-provided-under-the-lungomare-art-flagship\/\" \/>\n<meta property=\"og:locale\" content=\"en_US\" \/>\n<meta property=\"og:type\" content=\"article\" \/>\n<meta property=\"og:title\" content=\"Sve\u017eanj bay in Kostrena gets new designer beach equipment provided under the Lungomare Art flagship &#8226; Rijeka 2020\" \/>\n<meta property=\"og:description\" content=\"To make the beach even more prominent, the international art collective Numen\/For use will design playful and useful beach equipment which will be permanently located at Sve\u017eanj beach in June this year.\" \/>\n<meta property=\"og:url\" content=\"https:\/\/ri2020.eu\/en\/svezanj-bay-in-kostrena-gets-new-designer-beach-equipment-provided-under-the-lungomare-art-flagship\/\" \/>\n<meta property=\"og:site_name\" content=\"Rijeka 2020\" \/>\n<meta property=\"article:publisher\" content=\"https:\/\/www.facebook.com\/rijeka2020\" \/>\n<meta property=\"article:published_time\" content=\"2020-03-09T11:22:31+00:00\" \/>\n<meta property=\"article:modified_time\" content=\"2020-03-12T15:56:07+00:00\" \/>\n<meta property=\"og:image\" content=\"https:\/\/ri2020.eu\/wp-content\/uploads\/2020\/03\/28.2.2020.-klupica-1_Radovi-na-probnom-uzorku-klupice-u-radioni-POSTORIA-d.o.o.-za-pla\u017eu-Sve\u017eanj-u-Kostreni.jpg\" \/>\n\t<meta property=\"og:image:width\" content=\"1280\" \/>\n\t<meta property=\"og:image:height\" content=\"853\" \/>\n\t<meta property=\"og:image:type\" content=\"image\/jpeg\" \/>\n<meta name=\"author\" content=\"Rijeka 2020\" \/>\n<meta name=\"twitter:card\" content=\"summary_large_image\" \/>\n<meta name=\"twitter:creator\" content=\"@Rijeka2020\" \/>\n<meta name=\"twitter:site\" content=\"@Rijeka2020\" \/>\n<meta name=\"twitter:label1\" content=\"Written by\" \/>\n\t<meta name=\"twitter:data1\" content=\"Rijeka 2020\" \/>\n\t<meta name=\"twitter:label2\" content=\"Est. reading time\" \/>\n\t<meta name=\"twitter:data2\" content=\"3 minutes\" \/>\n<script type=\"application\/ld+json\" class=\"yoast-schema-graph\">{\"@context\":\"https:\/\/schema.org\",\"@graph\":[{\"@type\":\"Article\",\"@id\":\"https:\/\/ri2020.eu\/en\/svezanj-bay-in-kostrena-gets-new-designer-beach-equipment-provided-under-the-lungomare-art-flagship\/#article\",\"isPartOf\":{\"@id\":\"https:\/\/ri2020.eu\/en\/svezanj-bay-in-kostrena-gets-new-designer-beach-equipment-provided-under-the-lungomare-art-flagship\/\"},\"author\":{\"name\":\"Rijeka 2020\",\"@id\":\"https:\/\/ri2020.eu\/en\/#\/schema\/person\/9c12d91df8c45bc534f625d9c81f403d\"},\"headline\":\"Sve\u017eanj bay in Kostrena gets new designer beach equipment provided under the Lungomare Art flagship\",\"datePublished\":\"2020-03-09T11:22:31+00:00\",\"dateModified\":\"2020-03-12T15:56:07+00:00\",\"mainEntityOfPage\":{\"@id\":\"https:\/\/ri2020.eu\/en\/svezanj-bay-in-kostrena-gets-new-designer-beach-equipment-provided-under-the-lungomare-art-flagship\/\"},\"wordCount\":681,\"publisher\":{\"@id\":\"https:\/\/ri2020.eu\/en\/#organization\"},\"image\":{\"@id\":\"https:\/\/ri2020.eu\/en\/svezanj-bay-in-kostrena-gets-new-designer-beach-equipment-provided-under-the-lungomare-art-flagship\/#primaryimage\"},\"thumbnailUrl\":\"https:\/\/ri2020.eu\/wp-content\/uploads\/2020\/03\/28.2.2020.-klupica-1_Radovi-na-probnom-uzorku-klupice-u-radioni-POSTORIA-d.o.o.-za-pla\u017eu-Sve\u017eanj-u-Kostreni.jpg\",\"articleSection\":[\"27 Neighbourhoods\",\"News\"],\"inLanguage\":\"en-US\"},{\"@type\":\"WebPage\",\"@id\":\"https:\/\/ri2020.eu\/en\/svezanj-bay-in-kostrena-gets-new-designer-beach-equipment-provided-under-the-lungomare-art-flagship\/\",\"url\":\"https:\/\/ri2020.eu\/en\/svezanj-bay-in-kostrena-gets-new-designer-beach-equipment-provided-under-the-lungomare-art-flagship\/\",\"name\":\"Sve\u017eanj bay in Kostrena gets new designer beach equipment provided under the Lungomare Art flagship &#8226; Rijeka 2020\",\"isPartOf\":{\"@id\":\"https:\/\/ri2020.eu\/en\/#website\"},\"primaryImageOfPage\":{\"@id\":\"https:\/\/ri2020.eu\/en\/svezanj-bay-in-kostrena-gets-new-designer-beach-equipment-provided-under-the-lungomare-art-flagship\/#primaryimage\"},\"image\":{\"@id\":\"https:\/\/ri2020.eu\/en\/svezanj-bay-in-kostrena-gets-new-designer-beach-equipment-provided-under-the-lungomare-art-flagship\/#primaryimage\"},\"thumbnailUrl\":\"https:\/\/ri2020.eu\/wp-content\/uploads\/2020\/03\/28.2.2020.-klupica-1_Radovi-na-probnom-uzorku-klupice-u-radioni-POSTORIA-d.o.o.-za-pla\u017eu-Sve\u017eanj-u-Kostreni.jpg\",\"datePublished\":\"2020-03-09T11:22:31+00:00\",\"dateModified\":\"2020-03-12T15:56:07+00:00\",\"breadcrumb\":{\"@id\":\"https:\/\/ri2020.eu\/en\/svezanj-bay-in-kostrena-gets-new-designer-beach-equipment-provided-under-the-lungomare-art-flagship\/#breadcrumb\"},\"inLanguage\":\"en-US\",\"potentialAction\":[{\"@type\":\"ReadAction\",\"target\":[\"https:\/\/ri2020.eu\/en\/svezanj-bay-in-kostrena-gets-new-designer-beach-equipment-provided-under-the-lungomare-art-flagship\/\"]}]},{\"@type\":\"ImageObject\",\"inLanguage\":\"en-US\",\"@id\":\"https:\/\/ri2020.eu\/en\/svezanj-bay-in-kostrena-gets-new-designer-beach-equipment-provided-under-the-lungomare-art-flagship\/#primaryimage\",\"url\":\"https:\/\/ri2020.eu\/wp-content\/uploads\/2020\/03\/28.2.2020.-klupica-1_Radovi-na-probnom-uzorku-klupice-u-radioni-POSTORIA-d.o.o.-za-pla\u017eu-Sve\u017eanj-u-Kostreni.jpg\",\"contentUrl\":\"https:\/\/ri2020.eu\/wp-content\/uploads\/2020\/03\/28.2.2020.-klupica-1_Radovi-na-probnom-uzorku-klupice-u-radioni-POSTORIA-d.o.o.-za-pla\u017eu-Sve\u017eanj-u-Kostreni.jpg\",\"width\":1280,\"height\":853},{\"@type\":\"BreadcrumbList\",\"@id\":\"https:\/\/ri2020.eu\/en\/svezanj-bay-in-kostrena-gets-new-designer-beach-equipment-provided-under-the-lungomare-art-flagship\/#breadcrumb\",\"itemListElement\":[{\"@type\":\"ListItem\",\"position\":1,\"name\":\"Home\",\"item\":\"https:\/\/ri2020.eu\/en\/\"},{\"@type\":\"ListItem\",\"position\":2,\"name\":\"Sve\u017eanj bay in Kostrena gets new designer beach equipment provided under the Lungomare Art flagship\"}]},{\"@type\":\"WebSite\",\"@id\":\"https:\/\/ri2020.eu\/en\/#website\",\"url\":\"https:\/\/ri2020.eu\/en\/\",\"name\":\"Rijeka 2020\",\"description\":\"Europska prijestolnica kulture\",\"publisher\":{\"@id\":\"https:\/\/ri2020.eu\/en\/#organization\"},\"potentialAction\":[{\"@type\":\"SearchAction\",\"target\":{\"@type\":\"EntryPoint\",\"urlTemplate\":\"https:\/\/ri2020.eu\/en\/?s={search_term_string}\"},\"query-input\":{\"@type\":\"PropertyValueSpecification\",\"valueRequired\":true,\"valueName\":\"search_term_string\"}}],\"inLanguage\":\"en-US\"},{\"@type\":\"Organization\",\"@id\":\"https:\/\/ri2020.eu\/en\/#organization\",\"name\":\"Rijeka 2020 d.o.o.\",\"url\":\"https:\/\/ri2020.eu\/en\/\",\"logo\":{\"@type\":\"ImageObject\",\"inLanguage\":\"en-US\",\"@id\":\"https:\/\/ri2020.eu\/en\/#\/schema\/logo\/image\/\",\"url\":\"https:\/\/rijeka2020.eu\/wp-content\/uploads\/2018\/07\/Ri2020-logo.png\",\"contentUrl\":\"https:\/\/rijeka2020.eu\/wp-content\/uploads\/2018\/07\/Ri2020-logo.png\",\"width\":407,\"height\":175,\"caption\":\"Rijeka 2020 d.o.o.\"},\"image\":{\"@id\":\"https:\/\/ri2020.eu\/en\/#\/schema\/logo\/image\/\"},\"sameAs\":[\"https:\/\/www.facebook.com\/rijeka2020\",\"https:\/\/x.com\/Rijeka2020\",\"https:\/\/www.instagram.com\/rijeka2020\/\",\"https:\/\/www.youtube.com\/user\/riepk2020\"]},{\"@type\":\"Person\",\"@id\":\"https:\/\/ri2020.eu\/en\/#\/schema\/person\/9c12d91df8c45bc534f625d9c81f403d\",\"name\":\"Rijeka 2020\",\"url\":\"https:\/\/ri2020.eu\/en\/author\/lsm\/\"}]}<\/script>\n<!-- \/ Yoast SEO plugin. -->","yoast_head_json":{"title":"Sve\u017eanj bay in Kostrena gets new designer beach equipment provided under the Lungomare Art flagship &#8226; Rijeka 2020","robots":{"index":"index","follow":"follow","max-snippet":"max-snippet:-1","max-image-preview":"max-image-preview:large","max-video-preview":"max-video-preview:-1"},"canonical":"https:\/\/ri2020.eu\/en\/svezanj-bay-in-kostrena-gets-new-designer-beach-equipment-provided-under-the-lungomare-art-flagship\/","og_locale":"en_US","og_type":"article","og_title":"Sve\u017eanj bay in Kostrena gets new designer beach equipment provided under the Lungomare Art flagship &#8226; Rijeka 2020","og_description":"To make the beach even more prominent, the international art collective Numen\/For use will design playful and useful beach equipment which will be permanently located at Sve\u017eanj beach in June this year.","og_url":"https:\/\/ri2020.eu\/en\/svezanj-bay-in-kostrena-gets-new-designer-beach-equipment-provided-under-the-lungomare-art-flagship\/","og_site_name":"Rijeka 2020","article_publisher":"https:\/\/www.facebook.com\/rijeka2020","article_published_time":"2020-03-09T11:22:31+00:00","article_modified_time":"2020-03-12T15:56:07+00:00","og_image":[{"width":1280,"height":853,"url":"https:\/\/ri2020.eu\/wp-content\/uploads\/2020\/03\/28.2.2020.-klupica-1_Radovi-na-probnom-uzorku-klupice-u-radioni-POSTORIA-d.o.o.-za-pla\u017eu-Sve\u017eanj-u-Kostreni.jpg","type":"image\/jpeg"}],"author":"Rijeka 2020","twitter_card":"summary_large_image","twitter_creator":"@Rijeka2020","twitter_site":"@Rijeka2020","twitter_misc":{"Written by":"Rijeka 2020","Est. reading time":"3 minutes"},"schema":{"@context":"https:\/\/schema.org","@graph":[{"@type":"Article","@id":"https:\/\/ri2020.eu\/en\/svezanj-bay-in-kostrena-gets-new-designer-beach-equipment-provided-under-the-lungomare-art-flagship\/#article","isPartOf":{"@id":"https:\/\/ri2020.eu\/en\/svezanj-bay-in-kostrena-gets-new-designer-beach-equipment-provided-under-the-lungomare-art-flagship\/"},"author":{"name":"Rijeka 2020","@id":"https:\/\/ri2020.eu\/en\/#\/schema\/person\/9c12d91df8c45bc534f625d9c81f403d"},"headline":"Sve\u017eanj bay in Kostrena gets new designer beach equipment provided under the Lungomare Art flagship","datePublished":"2020-03-09T11:22:31+00:00","dateModified":"2020-03-12T15:56:07+00:00","mainEntityOfPage":{"@id":"https:\/\/ri2020.eu\/en\/svezanj-bay-in-kostrena-gets-new-designer-beach-equipment-provided-under-the-lungomare-art-flagship\/"},"wordCount":681,"publisher":{"@id":"https:\/\/ri2020.eu\/en\/#organization"},"image":{"@id":"https:\/\/ri2020.eu\/en\/svezanj-bay-in-kostrena-gets-new-designer-beach-equipment-provided-under-the-lungomare-art-flagship\/#primaryimage"},"thumbnailUrl":"https:\/\/ri2020.eu\/wp-content\/uploads\/2020\/03\/28.2.2020.-klupica-1_Radovi-na-probnom-uzorku-klupice-u-radioni-POSTORIA-d.o.o.-za-pla\u017eu-Sve\u017eanj-u-Kostreni.jpg","articleSection":["27 Neighbourhoods","News"],"inLanguage":"en-US"},{"@type":"WebPage","@id":"https:\/\/ri2020.eu\/en\/svezanj-bay-in-kostrena-gets-new-designer-beach-equipment-provided-under-the-lungomare-art-flagship\/","url":"https:\/\/ri2020.eu\/en\/svezanj-bay-in-kostrena-gets-new-designer-beach-equipment-provided-under-the-lungomare-art-flagship\/","name":"Sve\u017eanj bay in Kostrena gets new designer beach equipment provided under the Lungomare Art flagship &#8226; Rijeka 2020","isPartOf":{"@id":"https:\/\/ri2020.eu\/en\/#website"},"primaryImageOfPage":{"@id":"https:\/\/ri2020.eu\/en\/svezanj-bay-in-kostrena-gets-new-designer-beach-equipment-provided-under-the-lungomare-art-flagship\/#primaryimage"},"image":{"@id":"https:\/\/ri2020.eu\/en\/svezanj-bay-in-kostrena-gets-new-designer-beach-equipment-provided-under-the-lungomare-art-flagship\/#primaryimage"},"thumbnailUrl":"https:\/\/ri2020.eu\/wp-content\/uploads\/2020\/03\/28.2.2020.-klupica-1_Radovi-na-probnom-uzorku-klupice-u-radioni-POSTORIA-d.o.o.-za-pla\u017eu-Sve\u017eanj-u-Kostreni.jpg","datePublished":"2020-03-09T11:22:31+00:00","dateModified":"2020-03-12T15:56:07+00:00","breadcrumb":{"@id":"https:\/\/ri2020.eu\/en\/svezanj-bay-in-kostrena-gets-new-designer-beach-equipment-provided-under-the-lungomare-art-flagship\/#breadcrumb"},"inLanguage":"en-US","potentialAction":[{"@type":"ReadAction","target":["https:\/\/ri2020.eu\/en\/svezanj-bay-in-kostrena-gets-new-designer-beach-equipment-provided-under-the-lungomare-art-flagship\/"]}]},{"@type":"ImageObject","inLanguage":"en-US","@id":"https:\/\/ri2020.eu\/en\/svezanj-bay-in-kostrena-gets-new-designer-beach-equipment-provided-under-the-lungomare-art-flagship\/#primaryimage","url":"https:\/\/ri2020.eu\/wp-content\/uploads\/2020\/03\/28.2.2020.-klupica-1_Radovi-na-probnom-uzorku-klupice-u-radioni-POSTORIA-d.o.o.-za-pla\u017eu-Sve\u017eanj-u-Kostreni.jpg","contentUrl":"https:\/\/ri2020.eu\/wp-content\/uploads\/2020\/03\/28.2.2020.-klupica-1_Radovi-na-probnom-uzorku-klupice-u-radioni-POSTORIA-d.o.o.-za-pla\u017eu-Sve\u017eanj-u-Kostreni.jpg","width":1280,"height":853},{"@type":"BreadcrumbList","@id":"https:\/\/ri2020.eu\/en\/svezanj-bay-in-kostrena-gets-new-designer-beach-equipment-provided-under-the-lungomare-art-flagship\/#breadcrumb","itemListElement":[{"@type":"ListItem","position":1,"name":"Home","item":"https:\/\/ri2020.eu\/en\/"},{"@type":"ListItem","position":2,"name":"Sve\u017eanj bay in Kostrena gets new designer beach equipment provided under the Lungomare Art flagship"}]},{"@type":"WebSite","@id":"https:\/\/ri2020.eu\/en\/#website","url":"https:\/\/ri2020.eu\/en\/","name":"Rijeka 2020","description":"Europska prijestolnica kulture","publisher":{"@id":"https:\/\/ri2020.eu\/en\/#organization"},"potentialAction":[{"@type":"SearchAction","target":{"@type":"EntryPoint","urlTemplate":"https:\/\/ri2020.eu\/en\/?s={search_term_string}"},"query-input":{"@type":"PropertyValueSpecification","valueRequired":true,"valueName":"search_term_string"}}],"inLanguage":"en-US"},{"@type":"Organization","@id":"https:\/\/ri2020.eu\/en\/#organization","name":"Rijeka 2020 d.o.o.","url":"https:\/\/ri2020.eu\/en\/","logo":{"@type":"ImageObject","inLanguage":"en-US","@id":"https:\/\/ri2020.eu\/en\/#\/schema\/logo\/image\/","url":"https:\/\/rijeka2020.eu\/wp-content\/uploads\/2018\/07\/Ri2020-logo.png","contentUrl":"https:\/\/rijeka2020.eu\/wp-content\/uploads\/2018\/07\/Ri2020-logo.png","width":407,"height":175,"caption":"Rijeka 2020 d.o.o."},"image":{"@id":"https:\/\/ri2020.eu\/en\/#\/schema\/logo\/image\/"},"sameAs":["https:\/\/www.facebook.com\/rijeka2020","https:\/\/x.com\/Rijeka2020","https:\/\/www.instagram.com\/rijeka2020\/","https:\/\/www.youtube.com\/user\/riepk2020"]},{"@type":"Person","@id":"https:\/\/ri2020.eu\/en\/#\/schema\/person\/9c12d91df8c45bc534f625d9c81f403d","name":"Rijeka 2020","url":"https:\/\/ri2020.eu\/en\/author\/lsm\/"}]}},"_links":{"self":[{"href":"https:\/\/ri2020.eu\/en\/wp-json\/wp\/v2\/posts\/52369","targetHints":{"allow":["GET"]}}],"collection":[{"href":"https:\/\/ri2020.eu\/en\/wp-json\/wp\/v2\/posts"}],"about":[{"href":"https:\/\/ri2020.eu\/en\/wp-json\/wp\/v2\/types\/post"}],"author":[{"embeddable":true,"href":"https:\/\/ri2020.eu\/en\/wp-json\/wp\/v2\/users\/72"}],"replies":[{"embeddable":true,"href":"https:\/\/ri2020.eu\/en\/wp-json\/wp\/v2\/comments?post=52369"}],"version-history":[{"count":2,"href":"https:\/\/ri2020.eu\/en\/wp-json\/wp\/v2\/posts\/52369\/revisions"}],"predecessor-version":[{"id":52371,"href":"https:\/\/ri2020.eu\/en\/wp-json\/wp\/v2\/posts\/52369\/revisions\/52371"}],"wp:featuredmedia":[{"embeddable":true,"href":"https:\/\/ri2020.eu\/en\/wp-json\/wp\/v2\/media\/52197"}],"wp:attachment":[{"href":"https:\/\/ri2020.eu\/en\/wp-json\/wp\/v2\/media?parent=52369"}],"wp:term":[{"taxonomy":"category","embeddable":true,"href":"https:\/\/ri2020.eu\/en\/wp-json\/wp\/v2\/categories?post=52369"},{"taxonomy":"post_tag","embeddable":true,"href":"https:\/\/ri2020.eu\/en\/wp-json\/wp\/v2\/tags?post=52369"}],"curies":[{"name":"wp","href":"https:\/\/api.w.org\/{rel}","templated":true}]}}