{"id":48336,"date":"2020-01-28T14:04:40","date_gmt":"2020-01-28T13:04:40","guid":{"rendered":"https:\/\/rijeka2020.eu\/1-2-2020-besplatan-javni-prijevoz-zatvoren-promet-i-tisuce-ljudi-koji-sudjeluju-u-cjelodnevnim-dogadanjima\/"},"modified":"2020-01-30T13:49:58","modified_gmt":"2020-01-30T12:49:58","slug":"free-public-transport-the-city-centre-closed-to-traffic-and-thousands-of-people-participating-in-all-day-opening-events","status":"publish","type":"post","link":"https:\/\/ri2020.eu\/en\/free-public-transport-the-city-centre-closed-to-traffic-and-thousands-of-people-participating-in-all-day-opening-events\/","title":{"rendered":"Free public transport, the city centre closed to traffic, and thousands of people participating in all-day opening events"},"content":{"rendered":"<p><strong>Free city and suburban bus routes, streets closed to traffic, a big party in the city centre, and the unique Opera Industriale, which will be performed in the Port of Rijeka on Saturday, 1 February are but a few of the events that are bound to attract thousands of people to the opening ceremony of the European Capital of Culture.\u00a0 To help everything run smoothly, some basic instructions for anyone planning to attend the celebration were given out at today\u2019s media conference. <\/strong><\/p>\n<p><iframe class=\"mapframe\" style=\"width: 100%; height: 520px; border: none;\" src=\"https:\/\/www.google.com\/maps\/d\/embed?mid=1uIEnHhdGFuxliBSI_2FrvOOkdhtLHtY6\"><\/iframe><\/p>\n<p>A Map containing service information for the audience can be found at the following <a href=\"https:\/\/www.google.com\/maps\/d\/viewer?mid=1uIEnHhdGFuxliBSI_2FrvOOkdhtLHtY6&amp;ll=45.326092150990085%2C14.442113353100694&amp;z=16\" target=\"_blank\" rel=\"noopener noreferrer\">link<\/a>.<\/p>\n<p><strong>Information for the audience on the central part of the opening programme in the Rijeka Port<\/strong><\/p>\n<p>The central opening programme entitled <strong><em>Opera Industriale<\/em><\/strong> will take place <strong>in the Port of Rijeka starting at 7.30 pm, but the audience is advised to be on location much earlier, preferably by 7.00 pm, and in some locations of the port, such as the Molo Longo, as early as between 6.00 pm and 6.30 pm. <\/strong><\/p>\n<p>\u201c<em>Opera Industriale<\/em>, as the central opening programme in the Rijeka Port, will be performed at several locations, while <strong>the audience area will span a part of De Franceschi Pier, Adami\u0107 Pier, Karolina Rije\u010dka Pier, Riva Boduli Street, and the Molo Longo<\/strong>. Due to the multiple locations of the programme performances, <strong>a series of video displays<\/strong> will be installed in all the audience areas inside the Rijeka Port so that people can watch the entire performance,\u201d said <strong>the Mayor of Rijeka, Vojko Obersnel<\/strong>.<\/p>\n<p>Members of the audience who want to participate in the performance will be situated at the Molo Longo. \u201cThis location is primarily intended for parents with children, high school and university students, and due to the limited capacity of this location, they are advised to be on location between 6.00 pm and 6.30 pm. The audience will be directed to other programme viewing locations once the capacity of the location reaches its maximum. <strong>At the entrance to the Molo Longo, bells will be handed out to the audience,<\/strong> which they will be able to use at certain points of the programme and thus participate in the performance,\u201d <strong>Emina Vi\u0161ni\u0107, Director of RIJEKA 2020, pointed out<\/strong>.<\/p>\n<p>An entertainment programme with the participation of magician Andrej \u0160kedel, Marko the clown, the Red Rays juggling group, and DJ Sun Matt will be available for children and all other visitors.<\/p>\n<p>Vi\u0161ni\u0107 also said that part of Adami\u0107 Pier <strong>will include areas for people with disabilities, to make sure they have a great viewing experience of the central opening programme event. <\/strong>In order to avoid crowd jams, people with disabilities are advised to arrive at the port between 6.00 pm and 6.30 pm<strong>. Organised transport for persons with disabilities will be available at a location in \u017dabica<\/strong>, where passengers will be disembarked, and the volunteers of the European Capital of Culture will assist them in their arrival at Adami\u0107 Pier.<\/p>\n<p>Mayor Obersnel also added that in the event of rain, the programme will still be held, except in the event of a strong thunderstorm accompanied by gale-force Sirocco or Bora winds, in which case the programme will be postponed for 24 hours and the public will be informed in a timely manner. Moreover, the audience is advised to use raincoats instead of umbrellas.<\/p>\n<p><strong>Visitors outside of Rijeka who are coming to the European Capital of Culture opening programme are advised to head for Rijeka as early as possible<\/strong> so they can find a parking spot in a timely manner and then peacefully enjoy the extensive all-day programme in the city centre, as well as the central programme going on in the Port of Rijeka.<\/p>\n<p>Given that a large number of people are expected to flock to Rijeka on the day, many public services will be specifically involved in the organisation of the events, including the police, the fire brigade, city traffic management services, city public transport services and many others.<\/p>\n<p><strong>Info Points<\/strong><\/p>\n<p>According to the words of Mayor Obersnel, <strong>starting from Thursday, 30 January, Info Points will be set up in multiple locations throughout the city<\/strong>, where residents and visitors of Rijeka can find all the information related to the all-day programmes, the central opening programme, and all other necessary service information regarding road closures, parking lots and the city public transportation services.<\/p>\n<p><strong>From 30 January, the Info Points will be set up in the Jela\u010di\u0107 and Jadranski Squares<\/strong>, while <strong>on Saturday, 1 February, additional Info Points<\/strong> will be set up at the following locations &#8211; <strong>\u017dabica, The Bazarig Passage, Tito Square, in front of the CNT Ivan pl. Zajc, the Rijeka Railway Station, 111. Brigade Square, Korzo (in front of the City Clock) and in Riva Boduli Street. <\/strong><\/p>\n<p><strong>Road closures and parking lots in the city centre<\/strong><\/p>\n<p>The European Capital of Culture opening day will see road closures starting from <strong>Saturday at 2 pm to Sunday at 4 am when all the roads in the immediate city centre will be closed to traffic<\/strong>, bar emergency services vehicles. The following streets <strong>will be closed to traffic<\/strong> <em>Riva, Riva Boduli, Demetrova St., Wenzelova St., Ivana Zajca St., Ribarska St., Fiumara St., Scarpina St, Adami\u0107eva St. all the way to Trpimirova St., Zadarska St., and vehicle traffic will also be suspended in the area between Korzo, i.e. Scarpina St. and the coast.<\/em> During that time, <strong>traffic will be redirected to the northern corridor<\/strong> &#8211; <em>via F. la Guardia St., Pomerio St. and \u017drtava Fa\u0161izma St<\/em>.<\/p>\n<p>Regarding <strong>parking lot closures<\/strong> in the city centre, from 29 January to 2 February, the parking lot at the Passenger Terminal near the Molo Longo will be closed, while those in Riva Boduli, and Putni\u010dka obala will be closed starting from 30 January to 2 February.<\/p>\n<p>Residential users of preferential parking tickets and parking subscription holders who usually park at Putni\u010dka obala and Riva Boduli, will have the option of parking at the Delta, as well as in the following parking lots: H\u017d Brajdica, H\u017d \u017dabica, and at the parking areas surrounding the Marketplace (Verdijeva St., Mata\u010di\u0107eva St., Zagreba\u010dka St., Senjsko Pristani\u0161te St., Wentzelova St.), Ivana Zajca St., at the Gomila, \u0160kolji\u0107, in Matije Gupca St. and Veslarska St. <strong><u>except on 1 February<\/u><\/strong> when besides those in Putni\u010dka obala and Riva Boduli, the following parking lots will also be closed for all users: \u017dabica (H\u017d \u017dabica); the parking lots in Zanonova St., Splitska St., Zadarska St., Riva St., along with the ones in u Verdijeva St., Zagreba\u010dka St., Demetrova St., Wenzelova St., Senjsko Pristani\u0161te St., Ivana Zajca St. and the one in Grobni\u010da Riva St.<\/p>\n<p><strong>The Zagrad B garage will also be closed<\/strong>, as these parking spots will be used by guests attending the opening programme.<\/p>\n<p><strong>Free public city and suburban transport <\/strong><\/p>\n<p>On the European Capital of Culture opening ceremony day, 1 February, <strong>the city and suburban public transport routes will be completely free of charge throughout the entire day<\/strong>. Autotrolej buses will <strong>follow the workday schedule, while additional departures will be introduced for lines 1, 2, 3, 4, 5, 6, 7, 7A and 8 from 6 pm to 12 am.<\/strong> <strong>Therefore, the timetable of that day will be extended<\/strong>, moving the last departures of the city lines to 12 am, while the night lines will follow the existing timetable.<\/p>\n<p>During the traffic ban in the immediate city centre, <strong>public transport buses will also run along the northern corridor<\/strong> &#8211; via F. la Guardia St., Pomerio St. and \u017drtava Fa\u0161izma St. Buses will stop for passengers at all the marked bus stops on this route, and for all the running buses, a bus stop will be available in Rade \u0160upi\u0107a St. (the lay-by on the bridge at the Kont).<\/p>\n<p><strong>The start and end stop of the suburban lines will be at the \u201cDelta\u201d bus terminal<\/strong>, and during operation, the buses will also use the bus stops marked on the northern traffic corridor.<\/p>\n<p>During the city centre traffic ban, <strong>the bus station in \u017dabica Square will remain available for intercity bus lines.<\/strong><\/p>\n<p>When it comes to <strong>taxi stops<\/strong>, <strong>those in Jela\u010di\u0107 Square, the Passenger Terminal and in \u017dabica will not be available<\/strong> during the city centre traffic ban, so <strong>a temporary taxi stop will be available in the south lane of Ivana Pavla II Street<\/strong>, directly across from the Zagrad garage.<\/p>\n<p><strong>Filming and photographing the programme and the ban on the use of drones<\/strong><\/p>\n<p><strong>A ban on the use of unmanned aerial vehicles, or drones<\/strong>, will be in force on 1 February from 12 pm to 12 am. Exceptional permission to use drones was granted to HRT (Croatian Radiotelevision) as the official broadcaster. The central opening programme at the Rijeka Port will be recorded by HRT in a multi-camera production, and it will also be recorded and photographed by other media from home and abroad, as well as by the organisers.<\/p>\n<p><strong>A warning to persons with particular medical conditions<\/strong><\/p>\n<p>The opening programme at the Rijeka Port includes special light effects, strobe lights and light installations, along with powerful sounds and performance noise created by the audience and by the performers themselves. The above warning is intended for anyone who, for specific reasons, or due to a particular medical condition, should not be present at events featuring such light or sound sensations\/effects.<\/p>\n","protected":false},"excerpt":{"rendered":"<p>The all-day programme for the residents and visitors of Rijeka will launch Rijeka\u2019s year as European Capital of Culture. Starting in the morning, and spanning the entire day, evening and even late night, more than 30 locations in Rijeka city centre will welcome more than 70 events, involving thousands of performers and organisers.<\/p>\n","protected":false},"author":72,"featured_media":48080,"comment_status":"closed","ping_status":"closed","sticky":false,"template":"","format":"standard","meta":{"_acf_changed":false,"footnotes":""},"categories":[2731],"tags":[],"class_list":["post-48336","post","type-post","status-publish","format-standard","has-post-thumbnail","hentry","category-news"],"acf":[],"yoast_head":"<!-- This site is optimized with the Yoast SEO plugin v26.8 - https:\/\/yoast.com\/product\/yoast-seo-wordpress\/ -->\n<title>Free public transport, the city centre closed to traffic, and thousands of people participating in all-day opening events &#8226; Rijeka 2020<\/title>\n<meta name=\"robots\" content=\"index, follow, max-snippet:-1, max-image-preview:large, max-video-preview:-1\" \/>\n<link rel=\"canonical\" href=\"https:\/\/ri2020.eu\/en\/free-public-transport-the-city-centre-closed-to-traffic-and-thousands-of-people-participating-in-all-day-opening-events\/\" \/>\n<meta property=\"og:locale\" content=\"en_US\" \/>\n<meta property=\"og:type\" content=\"article\" \/>\n<meta property=\"og:title\" content=\"Free public transport, the city centre closed to traffic, and thousands of people participating in all-day opening events &#8226; Rijeka 2020\" \/>\n<meta property=\"og:description\" content=\"The all-day programme for the residents and visitors of Rijeka will launch Rijeka\u2019s year as European Capital of Culture. Starting in the morning, and spanning the entire day, evening and even late night, more than 30 locations in Rijeka city centre will welcome more than 70 events, involving thousands of performers and organisers.\" \/>\n<meta property=\"og:url\" content=\"https:\/\/ri2020.eu\/en\/free-public-transport-the-city-centre-closed-to-traffic-and-thousands-of-people-participating-in-all-day-opening-events\/\" \/>\n<meta property=\"og:site_name\" content=\"Rijeka 2020\" \/>\n<meta property=\"article:publisher\" content=\"https:\/\/www.facebook.com\/rijeka2020\" \/>\n<meta property=\"article:published_time\" content=\"2020-01-28T13:04:40+00:00\" \/>\n<meta property=\"article:modified_time\" content=\"2020-01-30T12:49:58+00:00\" \/>\n<meta property=\"og:image\" content=\"https:\/\/ri2020.eu\/wp-content\/uploads\/2020\/01\/pressica_-Markoti\u0107_Mrv\u010di\u0107_Obersnel_Vi\u0161ni\u0107_Ga\u0161pert_Mar\u0161ani\u0107.jpg\" \/>\n\t<meta property=\"og:image:width\" content=\"2048\" \/>\n\t<meta property=\"og:image:height\" content=\"1365\" \/>\n\t<meta property=\"og:image:type\" content=\"image\/jpeg\" \/>\n<meta name=\"author\" content=\"Rijeka 2020\" \/>\n<meta name=\"twitter:card\" content=\"summary_large_image\" \/>\n<meta name=\"twitter:creator\" content=\"@Rijeka2020\" \/>\n<meta name=\"twitter:site\" content=\"@Rijeka2020\" \/>\n<meta name=\"twitter:label1\" content=\"Written by\" \/>\n\t<meta name=\"twitter:data1\" content=\"Rijeka 2020\" \/>\n\t<meta name=\"twitter:label2\" content=\"Est. reading time\" \/>\n\t<meta name=\"twitter:data2\" content=\"8 minutes\" \/>\n<script type=\"application\/ld+json\" class=\"yoast-schema-graph\">{\"@context\":\"https:\/\/schema.org\",\"@graph\":[{\"@type\":\"Article\",\"@id\":\"https:\/\/ri2020.eu\/en\/free-public-transport-the-city-centre-closed-to-traffic-and-thousands-of-people-participating-in-all-day-opening-events\/#article\",\"isPartOf\":{\"@id\":\"https:\/\/ri2020.eu\/en\/free-public-transport-the-city-centre-closed-to-traffic-and-thousands-of-people-participating-in-all-day-opening-events\/\"},\"author\":{\"name\":\"Rijeka 2020\",\"@id\":\"https:\/\/ri2020.eu\/en\/#\/schema\/person\/9c12d91df8c45bc534f625d9c81f403d\"},\"headline\":\"Free public transport, the city centre closed to traffic, and thousands of people participating in all-day opening events\",\"datePublished\":\"2020-01-28T13:04:40+00:00\",\"dateModified\":\"2020-01-30T12:49:58+00:00\",\"mainEntityOfPage\":{\"@id\":\"https:\/\/ri2020.eu\/en\/free-public-transport-the-city-centre-closed-to-traffic-and-thousands-of-people-participating-in-all-day-opening-events\/\"},\"wordCount\":1541,\"publisher\":{\"@id\":\"https:\/\/ri2020.eu\/en\/#organization\"},\"image\":{\"@id\":\"https:\/\/ri2020.eu\/en\/free-public-transport-the-city-centre-closed-to-traffic-and-thousands-of-people-participating-in-all-day-opening-events\/#primaryimage\"},\"thumbnailUrl\":\"https:\/\/ri2020.eu\/wp-content\/uploads\/2020\/01\/pressica_-Markoti\u0107_Mrv\u010di\u0107_Obersnel_Vi\u0161ni\u0107_Ga\u0161pert_Mar\u0161ani\u0107.jpg\",\"articleSection\":[\"News\"],\"inLanguage\":\"en-US\"},{\"@type\":\"WebPage\",\"@id\":\"https:\/\/ri2020.eu\/en\/free-public-transport-the-city-centre-closed-to-traffic-and-thousands-of-people-participating-in-all-day-opening-events\/\",\"url\":\"https:\/\/ri2020.eu\/en\/free-public-transport-the-city-centre-closed-to-traffic-and-thousands-of-people-participating-in-all-day-opening-events\/\",\"name\":\"Free public transport, the city centre closed to traffic, and thousands of people participating in all-day opening events &#8226; Rijeka 2020\",\"isPartOf\":{\"@id\":\"https:\/\/ri2020.eu\/en\/#website\"},\"primaryImageOfPage\":{\"@id\":\"https:\/\/ri2020.eu\/en\/free-public-transport-the-city-centre-closed-to-traffic-and-thousands-of-people-participating-in-all-day-opening-events\/#primaryimage\"},\"image\":{\"@id\":\"https:\/\/ri2020.eu\/en\/free-public-transport-the-city-centre-closed-to-traffic-and-thousands-of-people-participating-in-all-day-opening-events\/#primaryimage\"},\"thumbnailUrl\":\"https:\/\/ri2020.eu\/wp-content\/uploads\/2020\/01\/pressica_-Markoti\u0107_Mrv\u010di\u0107_Obersnel_Vi\u0161ni\u0107_Ga\u0161pert_Mar\u0161ani\u0107.jpg\",\"datePublished\":\"2020-01-28T13:04:40+00:00\",\"dateModified\":\"2020-01-30T12:49:58+00:00\",\"breadcrumb\":{\"@id\":\"https:\/\/ri2020.eu\/en\/free-public-transport-the-city-centre-closed-to-traffic-and-thousands-of-people-participating-in-all-day-opening-events\/#breadcrumb\"},\"inLanguage\":\"en-US\",\"potentialAction\":[{\"@type\":\"ReadAction\",\"target\":[\"https:\/\/ri2020.eu\/en\/free-public-transport-the-city-centre-closed-to-traffic-and-thousands-of-people-participating-in-all-day-opening-events\/\"]}]},{\"@type\":\"ImageObject\",\"inLanguage\":\"en-US\",\"@id\":\"https:\/\/ri2020.eu\/en\/free-public-transport-the-city-centre-closed-to-traffic-and-thousands-of-people-participating-in-all-day-opening-events\/#primaryimage\",\"url\":\"https:\/\/ri2020.eu\/wp-content\/uploads\/2020\/01\/pressica_-Markoti\u0107_Mrv\u010di\u0107_Obersnel_Vi\u0161ni\u0107_Ga\u0161pert_Mar\u0161ani\u0107.jpg\",\"contentUrl\":\"https:\/\/ri2020.eu\/wp-content\/uploads\/2020\/01\/pressica_-Markoti\u0107_Mrv\u010di\u0107_Obersnel_Vi\u0161ni\u0107_Ga\u0161pert_Mar\u0161ani\u0107.jpg\",\"width\":2048,\"height\":1365},{\"@type\":\"BreadcrumbList\",\"@id\":\"https:\/\/ri2020.eu\/en\/free-public-transport-the-city-centre-closed-to-traffic-and-thousands-of-people-participating-in-all-day-opening-events\/#breadcrumb\",\"itemListElement\":[{\"@type\":\"ListItem\",\"position\":1,\"name\":\"Home\",\"item\":\"https:\/\/ri2020.eu\/en\/\"},{\"@type\":\"ListItem\",\"position\":2,\"name\":\"Free public transport, the city centre closed to traffic, and thousands of people participating in all-day opening events\"}]},{\"@type\":\"WebSite\",\"@id\":\"https:\/\/ri2020.eu\/en\/#website\",\"url\":\"https:\/\/ri2020.eu\/en\/\",\"name\":\"Rijeka 2020\",\"description\":\"Europska prijestolnica kulture\",\"publisher\":{\"@id\":\"https:\/\/ri2020.eu\/en\/#organization\"},\"potentialAction\":[{\"@type\":\"SearchAction\",\"target\":{\"@type\":\"EntryPoint\",\"urlTemplate\":\"https:\/\/ri2020.eu\/en\/?s={search_term_string}\"},\"query-input\":{\"@type\":\"PropertyValueSpecification\",\"valueRequired\":true,\"valueName\":\"search_term_string\"}}],\"inLanguage\":\"en-US\"},{\"@type\":\"Organization\",\"@id\":\"https:\/\/ri2020.eu\/en\/#organization\",\"name\":\"Rijeka 2020 d.o.o.\",\"url\":\"https:\/\/ri2020.eu\/en\/\",\"logo\":{\"@type\":\"ImageObject\",\"inLanguage\":\"en-US\",\"@id\":\"https:\/\/ri2020.eu\/en\/#\/schema\/logo\/image\/\",\"url\":\"https:\/\/rijeka2020.eu\/wp-content\/uploads\/2018\/07\/Ri2020-logo.png\",\"contentUrl\":\"https:\/\/rijeka2020.eu\/wp-content\/uploads\/2018\/07\/Ri2020-logo.png\",\"width\":407,\"height\":175,\"caption\":\"Rijeka 2020 d.o.o.\"},\"image\":{\"@id\":\"https:\/\/ri2020.eu\/en\/#\/schema\/logo\/image\/\"},\"sameAs\":[\"https:\/\/www.facebook.com\/rijeka2020\",\"https:\/\/x.com\/Rijeka2020\",\"https:\/\/www.instagram.com\/rijeka2020\/\",\"https:\/\/www.youtube.com\/user\/riepk2020\"]},{\"@type\":\"Person\",\"@id\":\"https:\/\/ri2020.eu\/en\/#\/schema\/person\/9c12d91df8c45bc534f625d9c81f403d\",\"name\":\"Rijeka 2020\",\"url\":\"https:\/\/ri2020.eu\/en\/author\/lsm\/\"}]}<\/script>\n<!-- \/ Yoast SEO plugin. -->","yoast_head_json":{"title":"Free public transport, the city centre closed to traffic, and thousands of people participating in all-day opening events &#8226; Rijeka 2020","robots":{"index":"index","follow":"follow","max-snippet":"max-snippet:-1","max-image-preview":"max-image-preview:large","max-video-preview":"max-video-preview:-1"},"canonical":"https:\/\/ri2020.eu\/en\/free-public-transport-the-city-centre-closed-to-traffic-and-thousands-of-people-participating-in-all-day-opening-events\/","og_locale":"en_US","og_type":"article","og_title":"Free public transport, the city centre closed to traffic, and thousands of people participating in all-day opening events &#8226; Rijeka 2020","og_description":"The all-day programme for the residents and visitors of Rijeka will launch Rijeka\u2019s year as European Capital of Culture. Starting in the morning, and spanning the entire day, evening and even late night, more than 30 locations in Rijeka city centre will welcome more than 70 events, involving thousands of performers and organisers.","og_url":"https:\/\/ri2020.eu\/en\/free-public-transport-the-city-centre-closed-to-traffic-and-thousands-of-people-participating-in-all-day-opening-events\/","og_site_name":"Rijeka 2020","article_publisher":"https:\/\/www.facebook.com\/rijeka2020","article_published_time":"2020-01-28T13:04:40+00:00","article_modified_time":"2020-01-30T12:49:58+00:00","og_image":[{"width":2048,"height":1365,"url":"https:\/\/ri2020.eu\/wp-content\/uploads\/2020\/01\/pressica_-Markoti\u0107_Mrv\u010di\u0107_Obersnel_Vi\u0161ni\u0107_Ga\u0161pert_Mar\u0161ani\u0107.jpg","type":"image\/jpeg"}],"author":"Rijeka 2020","twitter_card":"summary_large_image","twitter_creator":"@Rijeka2020","twitter_site":"@Rijeka2020","twitter_misc":{"Written by":"Rijeka 2020","Est. reading time":"8 minutes"},"schema":{"@context":"https:\/\/schema.org","@graph":[{"@type":"Article","@id":"https:\/\/ri2020.eu\/en\/free-public-transport-the-city-centre-closed-to-traffic-and-thousands-of-people-participating-in-all-day-opening-events\/#article","isPartOf":{"@id":"https:\/\/ri2020.eu\/en\/free-public-transport-the-city-centre-closed-to-traffic-and-thousands-of-people-participating-in-all-day-opening-events\/"},"author":{"name":"Rijeka 2020","@id":"https:\/\/ri2020.eu\/en\/#\/schema\/person\/9c12d91df8c45bc534f625d9c81f403d"},"headline":"Free public transport, the city centre closed to traffic, and thousands of people participating in all-day opening events","datePublished":"2020-01-28T13:04:40+00:00","dateModified":"2020-01-30T12:49:58+00:00","mainEntityOfPage":{"@id":"https:\/\/ri2020.eu\/en\/free-public-transport-the-city-centre-closed-to-traffic-and-thousands-of-people-participating-in-all-day-opening-events\/"},"wordCount":1541,"publisher":{"@id":"https:\/\/ri2020.eu\/en\/#organization"},"image":{"@id":"https:\/\/ri2020.eu\/en\/free-public-transport-the-city-centre-closed-to-traffic-and-thousands-of-people-participating-in-all-day-opening-events\/#primaryimage"},"thumbnailUrl":"https:\/\/ri2020.eu\/wp-content\/uploads\/2020\/01\/pressica_-Markoti\u0107_Mrv\u010di\u0107_Obersnel_Vi\u0161ni\u0107_Ga\u0161pert_Mar\u0161ani\u0107.jpg","articleSection":["News"],"inLanguage":"en-US"},{"@type":"WebPage","@id":"https:\/\/ri2020.eu\/en\/free-public-transport-the-city-centre-closed-to-traffic-and-thousands-of-people-participating-in-all-day-opening-events\/","url":"https:\/\/ri2020.eu\/en\/free-public-transport-the-city-centre-closed-to-traffic-and-thousands-of-people-participating-in-all-day-opening-events\/","name":"Free public transport, the city centre closed to traffic, and thousands of people participating in all-day opening events &#8226; Rijeka 2020","isPartOf":{"@id":"https:\/\/ri2020.eu\/en\/#website"},"primaryImageOfPage":{"@id":"https:\/\/ri2020.eu\/en\/free-public-transport-the-city-centre-closed-to-traffic-and-thousands-of-people-participating-in-all-day-opening-events\/#primaryimage"},"image":{"@id":"https:\/\/ri2020.eu\/en\/free-public-transport-the-city-centre-closed-to-traffic-and-thousands-of-people-participating-in-all-day-opening-events\/#primaryimage"},"thumbnailUrl":"https:\/\/ri2020.eu\/wp-content\/uploads\/2020\/01\/pressica_-Markoti\u0107_Mrv\u010di\u0107_Obersnel_Vi\u0161ni\u0107_Ga\u0161pert_Mar\u0161ani\u0107.jpg","datePublished":"2020-01-28T13:04:40+00:00","dateModified":"2020-01-30T12:49:58+00:00","breadcrumb":{"@id":"https:\/\/ri2020.eu\/en\/free-public-transport-the-city-centre-closed-to-traffic-and-thousands-of-people-participating-in-all-day-opening-events\/#breadcrumb"},"inLanguage":"en-US","potentialAction":[{"@type":"ReadAction","target":["https:\/\/ri2020.eu\/en\/free-public-transport-the-city-centre-closed-to-traffic-and-thousands-of-people-participating-in-all-day-opening-events\/"]}]},{"@type":"ImageObject","inLanguage":"en-US","@id":"https:\/\/ri2020.eu\/en\/free-public-transport-the-city-centre-closed-to-traffic-and-thousands-of-people-participating-in-all-day-opening-events\/#primaryimage","url":"https:\/\/ri2020.eu\/wp-content\/uploads\/2020\/01\/pressica_-Markoti\u0107_Mrv\u010di\u0107_Obersnel_Vi\u0161ni\u0107_Ga\u0161pert_Mar\u0161ani\u0107.jpg","contentUrl":"https:\/\/ri2020.eu\/wp-content\/uploads\/2020\/01\/pressica_-Markoti\u0107_Mrv\u010di\u0107_Obersnel_Vi\u0161ni\u0107_Ga\u0161pert_Mar\u0161ani\u0107.jpg","width":2048,"height":1365},{"@type":"BreadcrumbList","@id":"https:\/\/ri2020.eu\/en\/free-public-transport-the-city-centre-closed-to-traffic-and-thousands-of-people-participating-in-all-day-opening-events\/#breadcrumb","itemListElement":[{"@type":"ListItem","position":1,"name":"Home","item":"https:\/\/ri2020.eu\/en\/"},{"@type":"ListItem","position":2,"name":"Free public transport, the city centre closed to traffic, and thousands of people participating in all-day opening events"}]},{"@type":"WebSite","@id":"https:\/\/ri2020.eu\/en\/#website","url":"https:\/\/ri2020.eu\/en\/","name":"Rijeka 2020","description":"Europska prijestolnica kulture","publisher":{"@id":"https:\/\/ri2020.eu\/en\/#organization"},"potentialAction":[{"@type":"SearchAction","target":{"@type":"EntryPoint","urlTemplate":"https:\/\/ri2020.eu\/en\/?s={search_term_string}"},"query-input":{"@type":"PropertyValueSpecification","valueRequired":true,"valueName":"search_term_string"}}],"inLanguage":"en-US"},{"@type":"Organization","@id":"https:\/\/ri2020.eu\/en\/#organization","name":"Rijeka 2020 d.o.o.","url":"https:\/\/ri2020.eu\/en\/","logo":{"@type":"ImageObject","inLanguage":"en-US","@id":"https:\/\/ri2020.eu\/en\/#\/schema\/logo\/image\/","url":"https:\/\/rijeka2020.eu\/wp-content\/uploads\/2018\/07\/Ri2020-logo.png","contentUrl":"https:\/\/rijeka2020.eu\/wp-content\/uploads\/2018\/07\/Ri2020-logo.png","width":407,"height":175,"caption":"Rijeka 2020 d.o.o."},"image":{"@id":"https:\/\/ri2020.eu\/en\/#\/schema\/logo\/image\/"},"sameAs":["https:\/\/www.facebook.com\/rijeka2020","https:\/\/x.com\/Rijeka2020","https:\/\/www.instagram.com\/rijeka2020\/","https:\/\/www.youtube.com\/user\/riepk2020"]},{"@type":"Person","@id":"https:\/\/ri2020.eu\/en\/#\/schema\/person\/9c12d91df8c45bc534f625d9c81f403d","name":"Rijeka 2020","url":"https:\/\/ri2020.eu\/en\/author\/lsm\/"}]}},"_links":{"self":[{"href":"https:\/\/ri2020.eu\/en\/wp-json\/wp\/v2\/posts\/48336","targetHints":{"allow":["GET"]}}],"collection":[{"href":"https:\/\/ri2020.eu\/en\/wp-json\/wp\/v2\/posts"}],"about":[{"href":"https:\/\/ri2020.eu\/en\/wp-json\/wp\/v2\/types\/post"}],"author":[{"embeddable":true,"href":"https:\/\/ri2020.eu\/en\/wp-json\/wp\/v2\/users\/72"}],"replies":[{"embeddable":true,"href":"https:\/\/ri2020.eu\/en\/wp-json\/wp\/v2\/comments?post=48336"}],"version-history":[{"count":3,"href":"https:\/\/ri2020.eu\/en\/wp-json\/wp\/v2\/posts\/48336\/revisions"}],"predecessor-version":[{"id":48339,"href":"https:\/\/ri2020.eu\/en\/wp-json\/wp\/v2\/posts\/48336\/revisions\/48339"}],"wp:featuredmedia":[{"embeddable":true,"href":"https:\/\/ri2020.eu\/en\/wp-json\/wp\/v2\/media\/48080"}],"wp:attachment":[{"href":"https:\/\/ri2020.eu\/en\/wp-json\/wp\/v2\/media?parent=48336"}],"wp:term":[{"taxonomy":"category","embeddable":true,"href":"https:\/\/ri2020.eu\/en\/wp-json\/wp\/v2\/categories?post=48336"},{"taxonomy":"post_tag","embeddable":true,"href":"https:\/\/ri2020.eu\/en\/wp-json\/wp\/v2\/tags?post=48336"}],"curies":[{"name":"wp","href":"https:\/\/api.w.org\/{rel}","templated":true}]}}