{"id":47544,"date":"2020-01-13T10:54:15","date_gmt":"2020-01-13T09:54:15","guid":{"rendered":"https:\/\/rijeka2020.eu\/zapaljena-kozariceva-instalacija-vandalizam-osudili-ministrica-kulture-gradonacelnik-i-celnici-projekta-rijeka-2020-epk\/"},"modified":"2020-01-22T14:01:16","modified_gmt":"2020-01-22T13:01:16","slug":"kozarics-installation-set-on-fire-culture-minister-mayor-and-heads-of-the-rijeka-2020-project-condemn-act-of-vandalism","status":"publish","type":"post","link":"https:\/\/ri2020.eu\/en\/kozarics-installation-set-on-fire-culture-minister-mayor-and-heads-of-the-rijeka-2020-project-condemn-act-of-vandalism\/","title":{"rendered":"Ko\u017eari\u0107\u2019s Installation Set On Fire &#8211; Culture Minister, Mayor and Heads of the Rijeka 2020 Project Condemn Act of Vandalism"},"content":{"rendered":"<p>On Sunday, the Director of the Rijeka Museum of Modern and Contemporary Art and Artistic Director of Rijeka 2020 ECoC, Slaven Tolj, condemned the destruction of \u201cThe Haystack\u201d by Ivan Ko\u017eari\u0107, installed in the Square of the 128<sup>th<\/sup> Brigade of the Croatian Army in Rijeka, when he announced that efforts would be made to reinstall the installation.<\/p>\n<blockquote><p>\u201cI am sorry that Ko\u017eari\u0107&#8217;s work has been destroyed. It has sparked controversy and debate since it was set up, and it is good that art is attention-grabbing and open to discussion. But it is not good when art installations are destroyed,\u201d said Tolj in a written press statement.<\/p><\/blockquote>\n<p>Noting that Ko\u017eari\u0107&#8217;s work was part of the Times of Power flagship and that its purpose was to arouse attention, symbolize the rural-urban relationship, and test the readiness of urban Rijeka to tolerate an unexpected rural phenomenon set up right in the midst of the city. He added that the discussion triggered by this installation was good, critical, interesting, serious and at times even witty.<\/p>\n<blockquote><p>\u201cBut it was short-lived, because apparently someone\u2019s intentions were completely destructive and they felt utter intolerance for the haystack in the midst of the city. It is at the very least strange, if not frightening, to witness the extent of power that destructive energy can have over people.\u201d<\/p><\/blockquote>\n<p>Tolj said that the topics covered by the European Capital of Culture project within its \u201cTimes of Power\u201d flagship will be a mirror for dealing not only with the past but also with the modernity we live in. Unfortunately, he said, this is one such moment of facing the mirror.<\/p>\n<blockquote><p>\u00a0\u201cI am convinced that anyone who spoke about Ko\u017eari\u0107&#8217;s work from any perspective in the past few days has felt a sense of bitterness towards this act of destruction of the sculpture. So, I condemn this utter and senseless destruction,\u201d Tolj pointed out.<\/p><\/blockquote>\n<p>Slaven Tolj also stated that the museum contacted the family of Ivan Ko\u017eari\u0107 about the incident, who were also appalled by the destruction of the installation.<\/p>\n<blockquote><p>\u201cIvan Ko\u017eari\u0107 is an artist who is 98 years old, and out of respect for his artistic greatness, we will do our best to reinstall the installation,\u201d Slaven Tolj said.<\/p><\/blockquote>\n<p>The \u201cHaystack\u201d was set up as part of the \u201cTimes of Power\u201d flagship of the European Capital of Culture project and it was supposed to symbolically mark \u201cthe beginning of the harvest\u201d of cultural events in the year of the ECoC.<\/p>\n<p>Croatian Minister of Culture Mrs. Nina Obuljen Kor\u017einek said on Sunday that she was saddened by the vandal act of burning Ko\u017eari\u0107\u2019s \u201cHaystack\u201d art installation at Rijeka\u2019s Korzo and went on to remind everyone of the importance of respecting the work of others, even when we don\u2019t understand it properly.<\/p>\n<blockquote><p>\u201cI was saddened by the act of vandalism in which an art installation, the work of one of Croatia&#8217;s greatest contemporary artists, academician Ivan Ko\u017eari\u0107, was set on fire at Rijeka&#8217;s Korzo. It is important to respect the original work of others and diverse creative expressions, even if we sometimes do not understand them,\u201d the Minister of Culture posted on her Twitter profile.<\/p><\/blockquote>\n<p>Rijeka\u2019s Mayor, Vojko Obersnel joined her in the condemnation of this act.<\/p>\n<blockquote><p>\u201cI condemn the destruction of Ko\u017eari\u0107\u2019s art installation, which also put the safety of nearby property in jeopardy,\u201d Mayor Obersnel posted on his Facebook profile.<\/p>\n<p>\u201cDespite the fact that audience reactions form an integral part of Ko\u017eari\u0107&#8217;s work, this is an extremely destructive event. Let us all ask ourselves, what such an incident does to Rijeka, our city, which has always been open to, and ready to engage in constructive dialogue, as opposed to trampling on and burning something that is not liked or understood by some. I appeal to that silent majority of the citizens of Rijeka not to keep their silence, but to openly and verbally oppose destruction and vandal behaviour. I hope and believe that the police will track down and punish the offender. I furthermore hope and believe that a river of common sense will defeat the incoherent, destructive savages,\u201d Obersnel concluded.<\/p><\/blockquote>\n<p>Emina Vi\u0161ni\u0107, CEO of RIJEKA 2020 also shared her views on the burning of Ko\u017eari\u0107\u2019s installation in a statement to the local daily newspaper Novi list.<\/p>\n<blockquote><p>\u201cIt is sad how the power of destruction and misunderstanding ruined this art installation. The key question we need to ask ourselves is, to what extent is our society as a whole ready to tolerate such utterly aggressive behaviour towards any single thing. This act of burning Ko\u017eari\u0107\u2019s work of art could have potentially caused harm to people and damaged buildings in the vicinity of the installation in the immediate centre of the city. I therefore believe the police will take strong action. Debating and discussing an art installation is one thing, its utter destruction is quite another. The misunderstanding or lack of familiarity with artistic language can hardly be an excuse for the utter destruction of an art installation. This is why I condemn this act and I believe that it is also condemned by anyone who, in a variety of ways, took part in discussions on this temporary sculpture, regardless of their stance on its installation. The discussions triggered by this installation were interesting and witty, even critical, but now the object of the discussions is utterly destroyed,\u201d Vi\u0161ni\u0107 concluded.<\/p><\/blockquote>\n<p>Ko\u017eari\u0107\u2019s \u201ctemporary sculpture\u201d was made out of hay bales and it was installed in the Square of the 128<sup>th<\/sup> Brigade of the Croatian Army by the Museum of Modern and Contemporary Art with the support of the Ko\u017eari\u0107 family and the city\u2019s utility company, whose employees built the stack.<\/p>\n<p>It is a rehash of Ko\u017eari\u0107\u2019s installation, first installed in Dubrovnik in front of the Rector\u2019s Palace, as part of the \u201cIsland\u201d (Otok) exhibition in 1996.<\/p>\n<p>The work of art was announced in Rijeka as the first in a series of art installations in the public space under the \u201cPocket Turned Out\u201d (Izvrnuti d\u017eep) project, implemented by artists and curators who aim to transform and personalize urban areas by integrating art into the everyday routine, with an added emphasis on the issues of hospitality and tolerance.<\/p>\n","protected":false},"excerpt":{"rendered":"<p>The temporary sculpture by Ivan Ko\u017eari\u0107, \u201cThe Haystack\u201d, installed on Thursday, 9 January in Rijeka city centre, was set on fire on Saturday, 11 January at 10 pm, but the fire was quenched an hour later thanks to the quick reaction of the firefighters. No one was hurt in the fire, no surrounding buildings were damaged, and a criminal investigation is underway.<\/p>\n","protected":false},"author":72,"featured_media":46638,"comment_status":"closed","ping_status":"closed","sticky":false,"template":"","format":"standard","meta":{"_acf_changed":false,"footnotes":""},"categories":[2731,3680],"tags":[],"class_list":["post-47544","post","type-post","status-publish","format-standard","has-post-thumbnail","hentry","category-news","category-times-of-power"],"acf":[],"yoast_head":"<!-- This site is optimized with the Yoast SEO plugin v26.8 - https:\/\/yoast.com\/product\/yoast-seo-wordpress\/ -->\n<title>Ko\u017eari\u0107\u2019s Installation Set On Fire - Culture Minister, Mayor and Heads of the Rijeka 2020 Project Condemn Act of Vandalism &#8226; Rijeka 2020<\/title>\n<meta name=\"robots\" content=\"index, follow, max-snippet:-1, max-image-preview:large, max-video-preview:-1\" \/>\n<link rel=\"canonical\" href=\"https:\/\/ri2020.eu\/en\/kozarics-installation-set-on-fire-culture-minister-mayor-and-heads-of-the-rijeka-2020-project-condemn-act-of-vandalism\/\" \/>\n<meta property=\"og:locale\" content=\"en_US\" \/>\n<meta property=\"og:type\" content=\"article\" \/>\n<meta property=\"og:title\" content=\"Ko\u017eari\u0107\u2019s Installation Set On Fire - Culture Minister, Mayor and Heads of the Rijeka 2020 Project Condemn Act of Vandalism &#8226; Rijeka 2020\" \/>\n<meta property=\"og:description\" content=\"The temporary sculpture by Ivan Ko\u017eari\u0107, \u201cThe Haystack\u201d, installed on Thursday, 9 January in Rijeka city centre, was set on fire on Saturday, 11 January at 10 pm, but the fire was quenched an hour later thanks to the quick reaction of the firefighters. No one was hurt in the fire, no surrounding buildings were damaged, and a criminal investigation is underway.\" \/>\n<meta property=\"og:url\" content=\"https:\/\/ri2020.eu\/en\/kozarics-installation-set-on-fire-culture-minister-mayor-and-heads-of-the-rijeka-2020-project-condemn-act-of-vandalism\/\" \/>\n<meta property=\"og:site_name\" content=\"Rijeka 2020\" \/>\n<meta property=\"article:publisher\" content=\"https:\/\/www.facebook.com\/rijeka2020\" \/>\n<meta property=\"article:published_time\" content=\"2020-01-13T09:54:15+00:00\" \/>\n<meta property=\"article:modified_time\" content=\"2020-01-22T13:01:16+00:00\" \/>\n<meta property=\"og:image\" content=\"https:\/\/rijeka2020.eu\/wp-content\/uploads\/2020\/01\/sijeno-gori2.jpg\" \/>\n\t<meta property=\"og:image:width\" content=\"2048\" \/>\n\t<meta property=\"og:image:height\" content=\"1536\" \/>\n\t<meta property=\"og:image:type\" content=\"image\/jpeg\" \/>\n<meta name=\"author\" content=\"Rijeka 2020\" \/>\n<meta name=\"twitter:card\" content=\"summary_large_image\" \/>\n<meta name=\"twitter:creator\" content=\"@Rijeka2020\" \/>\n<meta name=\"twitter:site\" content=\"@Rijeka2020\" \/>\n<meta name=\"twitter:label1\" content=\"Written by\" \/>\n\t<meta name=\"twitter:data1\" content=\"Rijeka 2020\" \/>\n\t<meta name=\"twitter:label2\" content=\"Est. reading time\" \/>\n\t<meta name=\"twitter:data2\" content=\"5 minutes\" \/>\n<script type=\"application\/ld+json\" class=\"yoast-schema-graph\">{\"@context\":\"https:\/\/schema.org\",\"@graph\":[{\"@type\":\"Article\",\"@id\":\"https:\/\/ri2020.eu\/en\/kozarics-installation-set-on-fire-culture-minister-mayor-and-heads-of-the-rijeka-2020-project-condemn-act-of-vandalism\/#article\",\"isPartOf\":{\"@id\":\"https:\/\/ri2020.eu\/en\/kozarics-installation-set-on-fire-culture-minister-mayor-and-heads-of-the-rijeka-2020-project-condemn-act-of-vandalism\/\"},\"author\":{\"name\":\"Rijeka 2020\",\"@id\":\"https:\/\/rijeka2020.eu\/en\/#\/schema\/person\/9c12d91df8c45bc534f625d9c81f403d\"},\"headline\":\"Ko\u017eari\u0107\u2019s Installation Set On Fire &#8211; Culture Minister, Mayor and Heads of the Rijeka 2020 Project Condemn Act of Vandalism\",\"datePublished\":\"2020-01-13T09:54:15+00:00\",\"dateModified\":\"2020-01-22T13:01:16+00:00\",\"mainEntityOfPage\":{\"@id\":\"https:\/\/ri2020.eu\/en\/kozarics-installation-set-on-fire-culture-minister-mayor-and-heads-of-the-rijeka-2020-project-condemn-act-of-vandalism\/\"},\"wordCount\":1077,\"publisher\":{\"@id\":\"https:\/\/rijeka2020.eu\/en\/#organization\"},\"image\":{\"@id\":\"https:\/\/ri2020.eu\/en\/kozarics-installation-set-on-fire-culture-minister-mayor-and-heads-of-the-rijeka-2020-project-condemn-act-of-vandalism\/#primaryimage\"},\"thumbnailUrl\":\"https:\/\/ri2020.eu\/wp-content\/uploads\/2020\/01\/sijeno-gori2.jpg\",\"articleSection\":[\"News\",\"Times of Power\"],\"inLanguage\":\"en-US\"},{\"@type\":\"WebPage\",\"@id\":\"https:\/\/ri2020.eu\/en\/kozarics-installation-set-on-fire-culture-minister-mayor-and-heads-of-the-rijeka-2020-project-condemn-act-of-vandalism\/\",\"url\":\"https:\/\/ri2020.eu\/en\/kozarics-installation-set-on-fire-culture-minister-mayor-and-heads-of-the-rijeka-2020-project-condemn-act-of-vandalism\/\",\"name\":\"Ko\u017eari\u0107\u2019s Installation Set On Fire - Culture Minister, Mayor and Heads of the Rijeka 2020 Project Condemn Act of Vandalism &#8226; Rijeka 2020\",\"isPartOf\":{\"@id\":\"https:\/\/rijeka2020.eu\/en\/#website\"},\"primaryImageOfPage\":{\"@id\":\"https:\/\/ri2020.eu\/en\/kozarics-installation-set-on-fire-culture-minister-mayor-and-heads-of-the-rijeka-2020-project-condemn-act-of-vandalism\/#primaryimage\"},\"image\":{\"@id\":\"https:\/\/ri2020.eu\/en\/kozarics-installation-set-on-fire-culture-minister-mayor-and-heads-of-the-rijeka-2020-project-condemn-act-of-vandalism\/#primaryimage\"},\"thumbnailUrl\":\"https:\/\/ri2020.eu\/wp-content\/uploads\/2020\/01\/sijeno-gori2.jpg\",\"datePublished\":\"2020-01-13T09:54:15+00:00\",\"dateModified\":\"2020-01-22T13:01:16+00:00\",\"breadcrumb\":{\"@id\":\"https:\/\/ri2020.eu\/en\/kozarics-installation-set-on-fire-culture-minister-mayor-and-heads-of-the-rijeka-2020-project-condemn-act-of-vandalism\/#breadcrumb\"},\"inLanguage\":\"en-US\",\"potentialAction\":[{\"@type\":\"ReadAction\",\"target\":[\"https:\/\/ri2020.eu\/en\/kozarics-installation-set-on-fire-culture-minister-mayor-and-heads-of-the-rijeka-2020-project-condemn-act-of-vandalism\/\"]}]},{\"@type\":\"ImageObject\",\"inLanguage\":\"en-US\",\"@id\":\"https:\/\/ri2020.eu\/en\/kozarics-installation-set-on-fire-culture-minister-mayor-and-heads-of-the-rijeka-2020-project-condemn-act-of-vandalism\/#primaryimage\",\"url\":\"https:\/\/ri2020.eu\/wp-content\/uploads\/2020\/01\/sijeno-gori2.jpg\",\"contentUrl\":\"https:\/\/ri2020.eu\/wp-content\/uploads\/2020\/01\/sijeno-gori2.jpg\",\"width\":2048,\"height\":1536},{\"@type\":\"BreadcrumbList\",\"@id\":\"https:\/\/ri2020.eu\/en\/kozarics-installation-set-on-fire-culture-minister-mayor-and-heads-of-the-rijeka-2020-project-condemn-act-of-vandalism\/#breadcrumb\",\"itemListElement\":[{\"@type\":\"ListItem\",\"position\":1,\"name\":\"Home\",\"item\":\"https:\/\/rijeka2020.eu\/en\/\"},{\"@type\":\"ListItem\",\"position\":2,\"name\":\"Ko\u017eari\u0107\u2019s Installation Set On Fire &#8211; Culture Minister, Mayor and Heads of the Rijeka 2020 Project Condemn Act of Vandalism\"}]},{\"@type\":\"WebSite\",\"@id\":\"https:\/\/rijeka2020.eu\/en\/#website\",\"url\":\"https:\/\/rijeka2020.eu\/en\/\",\"name\":\"Rijeka 2020\",\"description\":\"Europska prijestolnica kulture\",\"publisher\":{\"@id\":\"https:\/\/rijeka2020.eu\/en\/#organization\"},\"potentialAction\":[{\"@type\":\"SearchAction\",\"target\":{\"@type\":\"EntryPoint\",\"urlTemplate\":\"https:\/\/rijeka2020.eu\/en\/?s={search_term_string}\"},\"query-input\":{\"@type\":\"PropertyValueSpecification\",\"valueRequired\":true,\"valueName\":\"search_term_string\"}}],\"inLanguage\":\"en-US\"},{\"@type\":\"Organization\",\"@id\":\"https:\/\/rijeka2020.eu\/en\/#organization\",\"name\":\"Rijeka 2020 d.o.o.\",\"url\":\"https:\/\/rijeka2020.eu\/en\/\",\"logo\":{\"@type\":\"ImageObject\",\"inLanguage\":\"en-US\",\"@id\":\"https:\/\/rijeka2020.eu\/en\/#\/schema\/logo\/image\/\",\"url\":\"https:\/\/rijeka2020.eu\/wp-content\/uploads\/2018\/07\/Ri2020-logo.png\",\"contentUrl\":\"https:\/\/rijeka2020.eu\/wp-content\/uploads\/2018\/07\/Ri2020-logo.png\",\"width\":407,\"height\":175,\"caption\":\"Rijeka 2020 d.o.o.\"},\"image\":{\"@id\":\"https:\/\/rijeka2020.eu\/en\/#\/schema\/logo\/image\/\"},\"sameAs\":[\"https:\/\/www.facebook.com\/rijeka2020\",\"https:\/\/x.com\/Rijeka2020\",\"https:\/\/www.instagram.com\/rijeka2020\/\",\"https:\/\/www.youtube.com\/user\/riepk2020\"]},{\"@type\":\"Person\",\"@id\":\"https:\/\/rijeka2020.eu\/en\/#\/schema\/person\/9c12d91df8c45bc534f625d9c81f403d\",\"name\":\"Rijeka 2020\",\"url\":\"https:\/\/ri2020.eu\/en\/author\/lsm\/\"}]}<\/script>\n<!-- \/ Yoast SEO plugin. -->","yoast_head_json":{"title":"Ko\u017eari\u0107\u2019s Installation Set On Fire - Culture Minister, Mayor and Heads of the Rijeka 2020 Project Condemn Act of Vandalism &#8226; Rijeka 2020","robots":{"index":"index","follow":"follow","max-snippet":"max-snippet:-1","max-image-preview":"max-image-preview:large","max-video-preview":"max-video-preview:-1"},"canonical":"https:\/\/ri2020.eu\/en\/kozarics-installation-set-on-fire-culture-minister-mayor-and-heads-of-the-rijeka-2020-project-condemn-act-of-vandalism\/","og_locale":"en_US","og_type":"article","og_title":"Ko\u017eari\u0107\u2019s Installation Set On Fire - Culture Minister, Mayor and Heads of the Rijeka 2020 Project Condemn Act of Vandalism &#8226; Rijeka 2020","og_description":"The temporary sculpture by Ivan Ko\u017eari\u0107, \u201cThe Haystack\u201d, installed on Thursday, 9 January in Rijeka city centre, was set on fire on Saturday, 11 January at 10 pm, but the fire was quenched an hour later thanks to the quick reaction of the firefighters. No one was hurt in the fire, no surrounding buildings were damaged, and a criminal investigation is underway.","og_url":"https:\/\/ri2020.eu\/en\/kozarics-installation-set-on-fire-culture-minister-mayor-and-heads-of-the-rijeka-2020-project-condemn-act-of-vandalism\/","og_site_name":"Rijeka 2020","article_publisher":"https:\/\/www.facebook.com\/rijeka2020","article_published_time":"2020-01-13T09:54:15+00:00","article_modified_time":"2020-01-22T13:01:16+00:00","og_image":[{"width":2048,"height":1536,"url":"https:\/\/rijeka2020.eu\/wp-content\/uploads\/2020\/01\/sijeno-gori2.jpg","type":"image\/jpeg"}],"author":"Rijeka 2020","twitter_card":"summary_large_image","twitter_creator":"@Rijeka2020","twitter_site":"@Rijeka2020","twitter_misc":{"Written by":"Rijeka 2020","Est. reading time":"5 minutes"},"schema":{"@context":"https:\/\/schema.org","@graph":[{"@type":"Article","@id":"https:\/\/ri2020.eu\/en\/kozarics-installation-set-on-fire-culture-minister-mayor-and-heads-of-the-rijeka-2020-project-condemn-act-of-vandalism\/#article","isPartOf":{"@id":"https:\/\/ri2020.eu\/en\/kozarics-installation-set-on-fire-culture-minister-mayor-and-heads-of-the-rijeka-2020-project-condemn-act-of-vandalism\/"},"author":{"name":"Rijeka 2020","@id":"https:\/\/rijeka2020.eu\/en\/#\/schema\/person\/9c12d91df8c45bc534f625d9c81f403d"},"headline":"Ko\u017eari\u0107\u2019s Installation Set On Fire &#8211; Culture Minister, Mayor and Heads of the Rijeka 2020 Project Condemn Act of Vandalism","datePublished":"2020-01-13T09:54:15+00:00","dateModified":"2020-01-22T13:01:16+00:00","mainEntityOfPage":{"@id":"https:\/\/ri2020.eu\/en\/kozarics-installation-set-on-fire-culture-minister-mayor-and-heads-of-the-rijeka-2020-project-condemn-act-of-vandalism\/"},"wordCount":1077,"publisher":{"@id":"https:\/\/rijeka2020.eu\/en\/#organization"},"image":{"@id":"https:\/\/ri2020.eu\/en\/kozarics-installation-set-on-fire-culture-minister-mayor-and-heads-of-the-rijeka-2020-project-condemn-act-of-vandalism\/#primaryimage"},"thumbnailUrl":"https:\/\/ri2020.eu\/wp-content\/uploads\/2020\/01\/sijeno-gori2.jpg","articleSection":["News","Times of Power"],"inLanguage":"en-US"},{"@type":"WebPage","@id":"https:\/\/ri2020.eu\/en\/kozarics-installation-set-on-fire-culture-minister-mayor-and-heads-of-the-rijeka-2020-project-condemn-act-of-vandalism\/","url":"https:\/\/ri2020.eu\/en\/kozarics-installation-set-on-fire-culture-minister-mayor-and-heads-of-the-rijeka-2020-project-condemn-act-of-vandalism\/","name":"Ko\u017eari\u0107\u2019s Installation Set On Fire - Culture Minister, Mayor and Heads of the Rijeka 2020 Project Condemn Act of Vandalism &#8226; Rijeka 2020","isPartOf":{"@id":"https:\/\/rijeka2020.eu\/en\/#website"},"primaryImageOfPage":{"@id":"https:\/\/ri2020.eu\/en\/kozarics-installation-set-on-fire-culture-minister-mayor-and-heads-of-the-rijeka-2020-project-condemn-act-of-vandalism\/#primaryimage"},"image":{"@id":"https:\/\/ri2020.eu\/en\/kozarics-installation-set-on-fire-culture-minister-mayor-and-heads-of-the-rijeka-2020-project-condemn-act-of-vandalism\/#primaryimage"},"thumbnailUrl":"https:\/\/ri2020.eu\/wp-content\/uploads\/2020\/01\/sijeno-gori2.jpg","datePublished":"2020-01-13T09:54:15+00:00","dateModified":"2020-01-22T13:01:16+00:00","breadcrumb":{"@id":"https:\/\/ri2020.eu\/en\/kozarics-installation-set-on-fire-culture-minister-mayor-and-heads-of-the-rijeka-2020-project-condemn-act-of-vandalism\/#breadcrumb"},"inLanguage":"en-US","potentialAction":[{"@type":"ReadAction","target":["https:\/\/ri2020.eu\/en\/kozarics-installation-set-on-fire-culture-minister-mayor-and-heads-of-the-rijeka-2020-project-condemn-act-of-vandalism\/"]}]},{"@type":"ImageObject","inLanguage":"en-US","@id":"https:\/\/ri2020.eu\/en\/kozarics-installation-set-on-fire-culture-minister-mayor-and-heads-of-the-rijeka-2020-project-condemn-act-of-vandalism\/#primaryimage","url":"https:\/\/ri2020.eu\/wp-content\/uploads\/2020\/01\/sijeno-gori2.jpg","contentUrl":"https:\/\/ri2020.eu\/wp-content\/uploads\/2020\/01\/sijeno-gori2.jpg","width":2048,"height":1536},{"@type":"BreadcrumbList","@id":"https:\/\/ri2020.eu\/en\/kozarics-installation-set-on-fire-culture-minister-mayor-and-heads-of-the-rijeka-2020-project-condemn-act-of-vandalism\/#breadcrumb","itemListElement":[{"@type":"ListItem","position":1,"name":"Home","item":"https:\/\/rijeka2020.eu\/en\/"},{"@type":"ListItem","position":2,"name":"Ko\u017eari\u0107\u2019s Installation Set On Fire &#8211; Culture Minister, Mayor and Heads of the Rijeka 2020 Project Condemn Act of Vandalism"}]},{"@type":"WebSite","@id":"https:\/\/rijeka2020.eu\/en\/#website","url":"https:\/\/rijeka2020.eu\/en\/","name":"Rijeka 2020","description":"Europska prijestolnica kulture","publisher":{"@id":"https:\/\/rijeka2020.eu\/en\/#organization"},"potentialAction":[{"@type":"SearchAction","target":{"@type":"EntryPoint","urlTemplate":"https:\/\/rijeka2020.eu\/en\/?s={search_term_string}"},"query-input":{"@type":"PropertyValueSpecification","valueRequired":true,"valueName":"search_term_string"}}],"inLanguage":"en-US"},{"@type":"Organization","@id":"https:\/\/rijeka2020.eu\/en\/#organization","name":"Rijeka 2020 d.o.o.","url":"https:\/\/rijeka2020.eu\/en\/","logo":{"@type":"ImageObject","inLanguage":"en-US","@id":"https:\/\/rijeka2020.eu\/en\/#\/schema\/logo\/image\/","url":"https:\/\/rijeka2020.eu\/wp-content\/uploads\/2018\/07\/Ri2020-logo.png","contentUrl":"https:\/\/rijeka2020.eu\/wp-content\/uploads\/2018\/07\/Ri2020-logo.png","width":407,"height":175,"caption":"Rijeka 2020 d.o.o."},"image":{"@id":"https:\/\/rijeka2020.eu\/en\/#\/schema\/logo\/image\/"},"sameAs":["https:\/\/www.facebook.com\/rijeka2020","https:\/\/x.com\/Rijeka2020","https:\/\/www.instagram.com\/rijeka2020\/","https:\/\/www.youtube.com\/user\/riepk2020"]},{"@type":"Person","@id":"https:\/\/rijeka2020.eu\/en\/#\/schema\/person\/9c12d91df8c45bc534f625d9c81f403d","name":"Rijeka 2020","url":"https:\/\/ri2020.eu\/en\/author\/lsm\/"}]}},"_links":{"self":[{"href":"https:\/\/ri2020.eu\/en\/wp-json\/wp\/v2\/posts\/47544","targetHints":{"allow":["GET"]}}],"collection":[{"href":"https:\/\/ri2020.eu\/en\/wp-json\/wp\/v2\/posts"}],"about":[{"href":"https:\/\/ri2020.eu\/en\/wp-json\/wp\/v2\/types\/post"}],"author":[{"embeddable":true,"href":"https:\/\/ri2020.eu\/en\/wp-json\/wp\/v2\/users\/72"}],"replies":[{"embeddable":true,"href":"https:\/\/ri2020.eu\/en\/wp-json\/wp\/v2\/comments?post=47544"}],"version-history":[{"count":2,"href":"https:\/\/ri2020.eu\/en\/wp-json\/wp\/v2\/posts\/47544\/revisions"}],"predecessor-version":[{"id":47546,"href":"https:\/\/ri2020.eu\/en\/wp-json\/wp\/v2\/posts\/47544\/revisions\/47546"}],"wp:featuredmedia":[{"embeddable":true,"href":"https:\/\/ri2020.eu\/en\/wp-json\/wp\/v2\/media\/46638"}],"wp:attachment":[{"href":"https:\/\/ri2020.eu\/en\/wp-json\/wp\/v2\/media?parent=47544"}],"wp:term":[{"taxonomy":"category","embeddable":true,"href":"https:\/\/ri2020.eu\/en\/wp-json\/wp\/v2\/categories?post=47544"},{"taxonomy":"post_tag","embeddable":true,"href":"https:\/\/ri2020.eu\/en\/wp-json\/wp\/v2\/tags?post=47544"}],"curies":[{"name":"wp","href":"https:\/\/api.w.org\/{rel}","templated":true}]}}