{"id":47483,"date":"2020-01-08T15:03:14","date_gmt":"2020-01-08T14:03:14","guid":{"rendered":"https:\/\/rijeka2020.eu\/na-korzu-postavljena-zvucna-instalacija-koja-govori-o-polozaju-umjetnika-u-drustvu\/"},"modified":"2020-01-20T15:45:32","modified_gmt":"2020-01-20T14:45:32","slug":"sound-installation-at-korzo-problematises-plight-of-artists-in-society","status":"publish","type":"post","link":"https:\/\/ri2020.eu\/en\/sound-installation-at-korzo-problematises-plight-of-artists-in-society\/","title":{"rendered":"Sound Installation at Korzo Problematises Plight of Artists in Society"},"content":{"rendered":"<p>The sound installation directed by Marin Lukanovi\u0107 came into being as part of the Diversity Mixer EU project, which is implemented jointly by RIJEKA 2020 and the Academy of Applied Arts of the University of Rijeka, in cooperation with the Croatian Business Council for Sustainable Development.<\/p>\n<p>The research phase of the project, implemented during last year by Sanja Bojani\u0107, Marin Lukanovi\u0107, Kristina Stojanovi\u0107 \u010cehaji\u0107, Kristina Smoljanovi\u0107 and Marko Luka Zub\u010di\u0107, will be presented in a publication entitled \u201cTime and Risk Produce Quality\u201d.<\/p>\n<p>The installation, having sprang up from interviews with twenty cultural and creative workers from Rijeka and Primorje-Gorski Kotar County, singles out some of the most interesting thoughts and considerations on the plight of artists in our society, the attitudes towards work, educational policies in the creative domain, the precariat, the valorisation of work, the attitude of the audiences towards culture, landing jobs through pulling strings, and similar topics.<\/p>\n<blockquote><p>\u201cWhat we have learned from the research is that cultural workers, those belonging to the younger generation in particular, increasingly have to face precarious forms of work. The system of education and training is underdeveloped and not providing sufficient room for them to pursue their development, but the research has also helped us gain a better insight into some self-critical concepts such as passivity, dependence and an overall unwillingness to take risks\u201d<\/p><\/blockquote>\n<p>, said Sanja Bojani\u0107, Head of the Diversity Mixer project.<\/p>\n<p>Notwithstanding the fact that the project was aimed at exploring some of the more serious issues permeating culture and the cultural industries, the authors wanted to share one particular segment of the research findings with our citizens, and to do so in a rather unconventional fashion, which resulted in the materialisation and ultimately the realisation of the idea of setting up a sound installation at Korzo, the lifeline of Rijeka, and a sort of a living room of its citizens.<\/p>\n<blockquote><p>\u201cOne of the ideas was to familiarise our citizens with culture and to bring them closer together by meeting them where they are, rather than inviting them into the confined space of a gallery or institution. This is how culture gets to mingle with the citizens in their everyday life, which was actually the main point of this whole endeavour, and I firmly believe that this idea is also woven into the European Capital of Culture project in its entirety\u201d<\/p><\/blockquote>\n<p>, Marin Lukanovi\u0107 pointed out.<\/p>\n<p>This opens up a whole new avenue of meanings and considerations on the cultural production system and working in culture. In this great year of culture, nested within the Rijeka 2020 &#8211; European Capital of Culture project, this installation is a representation of a self-reflective perspective, which is as critical towards the system as it is towards the CCI workers themselves.<\/p>\n<p>The anonymised interview excerpts used in this installation are read out by young actors \u2013 graduates of Rijeka\u2019s Academy of Applied Arts, Sara Bla\u017ei\u0107, Jurica Mar\u010dec, Anja Sabol and Deni Sankovi\u0107 \u2013 who have themselves only recently begun to tread the precarious waters of the world of art, which imbues the statements with an added whiff of authenticity.<\/p>\n<p>&nbsp;<\/p>\n<!--[if lt IE 9]><script>document.createElement('audio');<\/script><![endif]-->\n<audio class=\"wp-audio-shortcode\" id=\"audio-47483-1\" preload=\"none\" style=\"width: 100%;\" controls=\"controls\"><source type=\"audio\/mpeg\" src=\"https:\/\/rijeka2020.eu\/wp-content\/uploads\/2020\/01\/Zvu\u010dna-instalacija-\u0160to-vi-ho\u0107ete-dobit-pare-ili-dat-ideje_.mp3?_=1\" \/><a href=\"https:\/\/rijeka2020.eu\/wp-content\/uploads\/2020\/01\/Zvu\u010dna-instalacija-\u0160to-vi-ho\u0107ete-dobit-pare-ili-dat-ideje_.mp3\">https:\/\/rijeka2020.eu\/wp-content\/uploads\/2020\/01\/Zvu\u010dna-instalacija-\u0160to-vi-ho\u0107ete-dobit-pare-ili-dat-ideje_.mp3<\/a><\/audio>\n<p>&nbsp;<\/p>\n<p>Sara Bla\u017ei\u0107 and Deni Sankovi\u0107 pointed out that the texts they had read out resonated with them and they both agreed that the crux of the matter is perfectly encapsulated in the title of the sound installation \u201c\u0160to vi ho\u0107ete, dobit pare ili dat ideje?\u201d (\u201cWhat is it y\u2019all want anyway, to get some quid or to come up with ideas?\u201d)<\/p>\n<blockquote><p>\u201cSince we both graduated from the Academy about a year ago, thus far we have encountered a number of the difficulties that culture workers have to face in the labour market. We felt as if all these texts were written by ourselves and our colleagues. Speaking out on this issue is of vital importance, and setting up the sound installation in the immediate city centre is a commendable step forward towards salvaging culture from the margins of society and putting it front and centre, both physically and in terms of consideration\u201d<\/p><\/blockquote>\n<p>, said Bla\u017ei\u0107 and Sankovi\u0107 in unison, who in spite of all the odds remain optimistic regarding this issue.<\/p>\n<p>The Cooperation between RIJEKA 2020 and the University of Rijeka in the \u201cDiversity Mixer \u2013 Policies and Practices in the Cultural and Creative Industries\u201d project under its Kitchen of Diversity flagship begun in 2018, and according to the words of Lela Vujani\u0107, Programme Manager of the Kitchen of Diversity flagship, this research was used as a sort of a litmus test of the true factual conditions in the field.<\/p>\n<blockquote><p>\u201cA Diversity Mixer conference was held during last year, with the participation of international, national and local experts in the field of culture, and this year will see a continuation of our efforts to give concrete expression to this project. Our main objectives are centred around fostering diversity and putting a curb on inequalities in the cultural and creative industries. Our further plans include the organisation of workshops in a variety of cultural institutions and organisations, which will hopefully serve as a catalyst for fostering diversity, which must be one of our main strong points\u201d<\/p><\/blockquote>\n<p>, concluded Vujani\u0107.<\/p>\n<p>The publication \u201cTime and Risk Produce Quality\u201d will be presented in Opatija, at a conference organised by the University of Rijeka, which will be taking place from 10 to 13 March of this year.<\/p>\n","protected":false},"excerpt":{"rendered":"<p>The sound installation\u2019s catchy title is \u201c\u0160to vi ho\u0107ete, dobit pare ili dat ideje?\u201d (\u201cWhat is it y\u2019all want anyway, to get some quid or to come up with ideas?\u201d). It can be heard from 8 to 15 January 2020 from the loudspeakers installed at the Rijeka Korzo from 10 am to 1 pm and from 5 pm to 8 pm.  Considerations and thoughts on the plight of artists in our society will be heard from the loudspeakers at the times specified above.<\/p>\n","protected":false},"author":72,"featured_media":46057,"comment_status":"closed","ping_status":"closed","sticky":false,"template":"","format":"standard","meta":{"_acf_changed":false,"footnotes":""},"categories":[3784,2731],"tags":[],"class_list":["post-47483","post","type-post","status-publish","format-standard","has-post-thumbnail","hentry","category-diversity-mixer","category-news"],"acf":[],"yoast_head":"<!-- This site is optimized with the Yoast SEO plugin v26.8 - https:\/\/yoast.com\/product\/yoast-seo-wordpress\/ -->\n<title>Sound Installation at Korzo Problematises Plight of Artists in Society &#8226; Rijeka 2020<\/title>\n<meta name=\"robots\" content=\"index, follow, max-snippet:-1, max-image-preview:large, max-video-preview:-1\" \/>\n<link rel=\"canonical\" href=\"https:\/\/ri2020.eu\/en\/sound-installation-at-korzo-problematises-plight-of-artists-in-society\/\" \/>\n<meta property=\"og:locale\" content=\"en_US\" \/>\n<meta property=\"og:type\" content=\"article\" \/>\n<meta property=\"og:title\" content=\"Sound Installation at Korzo Problematises Plight of Artists in Society &#8226; Rijeka 2020\" \/>\n<meta property=\"og:description\" content=\"The sound installation\u2019s catchy title is \u201c\u0160to vi ho\u0107ete, dobit pare ili dat ideje?\u201d (\u201cWhat is it y\u2019all want anyway, to get some quid or to come up with ideas?\u201d). It can be heard from 8 to 15 January 2020 from the loudspeakers installed at the Rijeka Korzo from 10 am to 1 pm and from 5 pm to 8 pm. Considerations and thoughts on the plight of artists in our society will be heard from the loudspeakers at the times specified above.\" \/>\n<meta property=\"og:url\" content=\"https:\/\/ri2020.eu\/en\/sound-installation-at-korzo-problematises-plight-of-artists-in-society\/\" \/>\n<meta property=\"og:site_name\" content=\"Rijeka 2020\" \/>\n<meta property=\"article:publisher\" content=\"https:\/\/www.facebook.com\/rijeka2020\" \/>\n<meta property=\"article:published_time\" content=\"2020-01-08T14:03:14+00:00\" \/>\n<meta property=\"article:modified_time\" content=\"2020-01-20T14:45:32+00:00\" \/>\n<meta property=\"og:image\" content=\"https:\/\/ri2020.eu\/wp-content\/uploads\/2020\/01\/Zvucna-instalacija-\u0160to-vi-ho\u0107ete-dobit-pare-ili-dat-ideju3.jpg\" \/>\n\t<meta property=\"og:image:width\" content=\"1800\" \/>\n\t<meta property=\"og:image:height\" content=\"1200\" \/>\n\t<meta property=\"og:image:type\" content=\"image\/jpeg\" \/>\n<meta name=\"author\" content=\"Rijeka 2020\" \/>\n<meta name=\"twitter:card\" content=\"summary_large_image\" \/>\n<meta name=\"twitter:creator\" content=\"@Rijeka2020\" \/>\n<meta name=\"twitter:site\" content=\"@Rijeka2020\" \/>\n<meta name=\"twitter:label1\" content=\"Written by\" \/>\n\t<meta name=\"twitter:data1\" content=\"Rijeka 2020\" \/>\n\t<meta name=\"twitter:label2\" content=\"Est. reading time\" \/>\n\t<meta name=\"twitter:data2\" content=\"4 minutes\" \/>\n<script type=\"application\/ld+json\" class=\"yoast-schema-graph\">{\"@context\":\"https:\/\/schema.org\",\"@graph\":[{\"@type\":\"Article\",\"@id\":\"https:\/\/ri2020.eu\/en\/sound-installation-at-korzo-problematises-plight-of-artists-in-society\/#article\",\"isPartOf\":{\"@id\":\"https:\/\/ri2020.eu\/en\/sound-installation-at-korzo-problematises-plight-of-artists-in-society\/\"},\"author\":{\"name\":\"Rijeka 2020\",\"@id\":\"https:\/\/ri2020.eu\/en\/#\/schema\/person\/9c12d91df8c45bc534f625d9c81f403d\"},\"headline\":\"Sound Installation at Korzo Problematises Plight of Artists in Society\",\"datePublished\":\"2020-01-08T14:03:14+00:00\",\"dateModified\":\"2020-01-20T14:45:32+00:00\",\"mainEntityOfPage\":{\"@id\":\"https:\/\/ri2020.eu\/en\/sound-installation-at-korzo-problematises-plight-of-artists-in-society\/\"},\"wordCount\":908,\"publisher\":{\"@id\":\"https:\/\/ri2020.eu\/en\/#organization\"},\"image\":{\"@id\":\"https:\/\/ri2020.eu\/en\/sound-installation-at-korzo-problematises-plight-of-artists-in-society\/#primaryimage\"},\"thumbnailUrl\":\"https:\/\/ri2020.eu\/wp-content\/uploads\/2020\/01\/Zvucna-instalacija-\u0160to-vi-ho\u0107ete-dobit-pare-ili-dat-ideju3.jpg\",\"articleSection\":[\"Diversity Mixer\",\"News\"],\"inLanguage\":\"en-US\"},{\"@type\":\"WebPage\",\"@id\":\"https:\/\/ri2020.eu\/en\/sound-installation-at-korzo-problematises-plight-of-artists-in-society\/\",\"url\":\"https:\/\/ri2020.eu\/en\/sound-installation-at-korzo-problematises-plight-of-artists-in-society\/\",\"name\":\"Sound Installation at Korzo Problematises Plight of Artists in Society &#8226; Rijeka 2020\",\"isPartOf\":{\"@id\":\"https:\/\/ri2020.eu\/en\/#website\"},\"primaryImageOfPage\":{\"@id\":\"https:\/\/ri2020.eu\/en\/sound-installation-at-korzo-problematises-plight-of-artists-in-society\/#primaryimage\"},\"image\":{\"@id\":\"https:\/\/ri2020.eu\/en\/sound-installation-at-korzo-problematises-plight-of-artists-in-society\/#primaryimage\"},\"thumbnailUrl\":\"https:\/\/ri2020.eu\/wp-content\/uploads\/2020\/01\/Zvucna-instalacija-\u0160to-vi-ho\u0107ete-dobit-pare-ili-dat-ideju3.jpg\",\"datePublished\":\"2020-01-08T14:03:14+00:00\",\"dateModified\":\"2020-01-20T14:45:32+00:00\",\"breadcrumb\":{\"@id\":\"https:\/\/ri2020.eu\/en\/sound-installation-at-korzo-problematises-plight-of-artists-in-society\/#breadcrumb\"},\"inLanguage\":\"en-US\",\"potentialAction\":[{\"@type\":\"ReadAction\",\"target\":[\"https:\/\/ri2020.eu\/en\/sound-installation-at-korzo-problematises-plight-of-artists-in-society\/\"]}]},{\"@type\":\"ImageObject\",\"inLanguage\":\"en-US\",\"@id\":\"https:\/\/ri2020.eu\/en\/sound-installation-at-korzo-problematises-plight-of-artists-in-society\/#primaryimage\",\"url\":\"https:\/\/ri2020.eu\/wp-content\/uploads\/2020\/01\/Zvucna-instalacija-\u0160to-vi-ho\u0107ete-dobit-pare-ili-dat-ideju3.jpg\",\"contentUrl\":\"https:\/\/ri2020.eu\/wp-content\/uploads\/2020\/01\/Zvucna-instalacija-\u0160to-vi-ho\u0107ete-dobit-pare-ili-dat-ideju3.jpg\",\"width\":1800,\"height\":1200},{\"@type\":\"BreadcrumbList\",\"@id\":\"https:\/\/ri2020.eu\/en\/sound-installation-at-korzo-problematises-plight-of-artists-in-society\/#breadcrumb\",\"itemListElement\":[{\"@type\":\"ListItem\",\"position\":1,\"name\":\"Home\",\"item\":\"https:\/\/ri2020.eu\/en\/\"},{\"@type\":\"ListItem\",\"position\":2,\"name\":\"Sound Installation at Korzo Problematises Plight of Artists in Society\"}]},{\"@type\":\"WebSite\",\"@id\":\"https:\/\/ri2020.eu\/en\/#website\",\"url\":\"https:\/\/ri2020.eu\/en\/\",\"name\":\"Rijeka 2020\",\"description\":\"Europska prijestolnica kulture\",\"publisher\":{\"@id\":\"https:\/\/ri2020.eu\/en\/#organization\"},\"potentialAction\":[{\"@type\":\"SearchAction\",\"target\":{\"@type\":\"EntryPoint\",\"urlTemplate\":\"https:\/\/ri2020.eu\/en\/?s={search_term_string}\"},\"query-input\":{\"@type\":\"PropertyValueSpecification\",\"valueRequired\":true,\"valueName\":\"search_term_string\"}}],\"inLanguage\":\"en-US\"},{\"@type\":\"Organization\",\"@id\":\"https:\/\/ri2020.eu\/en\/#organization\",\"name\":\"Rijeka 2020 d.o.o.\",\"url\":\"https:\/\/ri2020.eu\/en\/\",\"logo\":{\"@type\":\"ImageObject\",\"inLanguage\":\"en-US\",\"@id\":\"https:\/\/ri2020.eu\/en\/#\/schema\/logo\/image\/\",\"url\":\"https:\/\/rijeka2020.eu\/wp-content\/uploads\/2018\/07\/Ri2020-logo.png\",\"contentUrl\":\"https:\/\/rijeka2020.eu\/wp-content\/uploads\/2018\/07\/Ri2020-logo.png\",\"width\":407,\"height\":175,\"caption\":\"Rijeka 2020 d.o.o.\"},\"image\":{\"@id\":\"https:\/\/ri2020.eu\/en\/#\/schema\/logo\/image\/\"},\"sameAs\":[\"https:\/\/www.facebook.com\/rijeka2020\",\"https:\/\/x.com\/Rijeka2020\",\"https:\/\/www.instagram.com\/rijeka2020\/\",\"https:\/\/www.youtube.com\/user\/riepk2020\"]},{\"@type\":\"Person\",\"@id\":\"https:\/\/ri2020.eu\/en\/#\/schema\/person\/9c12d91df8c45bc534f625d9c81f403d\",\"name\":\"Rijeka 2020\",\"url\":\"https:\/\/ri2020.eu\/en\/author\/lsm\/\"}]}<\/script>\n<!-- \/ Yoast SEO plugin. -->","yoast_head_json":{"title":"Sound Installation at Korzo Problematises Plight of Artists in Society &#8226; Rijeka 2020","robots":{"index":"index","follow":"follow","max-snippet":"max-snippet:-1","max-image-preview":"max-image-preview:large","max-video-preview":"max-video-preview:-1"},"canonical":"https:\/\/ri2020.eu\/en\/sound-installation-at-korzo-problematises-plight-of-artists-in-society\/","og_locale":"en_US","og_type":"article","og_title":"Sound Installation at Korzo Problematises Plight of Artists in Society &#8226; Rijeka 2020","og_description":"The sound installation\u2019s catchy title is \u201c\u0160to vi ho\u0107ete, dobit pare ili dat ideje?\u201d (\u201cWhat is it y\u2019all want anyway, to get some quid or to come up with ideas?\u201d). It can be heard from 8 to 15 January 2020 from the loudspeakers installed at the Rijeka Korzo from 10 am to 1 pm and from 5 pm to 8 pm. Considerations and thoughts on the plight of artists in our society will be heard from the loudspeakers at the times specified above.","og_url":"https:\/\/ri2020.eu\/en\/sound-installation-at-korzo-problematises-plight-of-artists-in-society\/","og_site_name":"Rijeka 2020","article_publisher":"https:\/\/www.facebook.com\/rijeka2020","article_published_time":"2020-01-08T14:03:14+00:00","article_modified_time":"2020-01-20T14:45:32+00:00","og_image":[{"width":1800,"height":1200,"url":"https:\/\/ri2020.eu\/wp-content\/uploads\/2020\/01\/Zvucna-instalacija-\u0160to-vi-ho\u0107ete-dobit-pare-ili-dat-ideju3.jpg","type":"image\/jpeg"}],"author":"Rijeka 2020","twitter_card":"summary_large_image","twitter_creator":"@Rijeka2020","twitter_site":"@Rijeka2020","twitter_misc":{"Written by":"Rijeka 2020","Est. reading time":"4 minutes"},"schema":{"@context":"https:\/\/schema.org","@graph":[{"@type":"Article","@id":"https:\/\/ri2020.eu\/en\/sound-installation-at-korzo-problematises-plight-of-artists-in-society\/#article","isPartOf":{"@id":"https:\/\/ri2020.eu\/en\/sound-installation-at-korzo-problematises-plight-of-artists-in-society\/"},"author":{"name":"Rijeka 2020","@id":"https:\/\/ri2020.eu\/en\/#\/schema\/person\/9c12d91df8c45bc534f625d9c81f403d"},"headline":"Sound Installation at Korzo Problematises Plight of Artists in Society","datePublished":"2020-01-08T14:03:14+00:00","dateModified":"2020-01-20T14:45:32+00:00","mainEntityOfPage":{"@id":"https:\/\/ri2020.eu\/en\/sound-installation-at-korzo-problematises-plight-of-artists-in-society\/"},"wordCount":908,"publisher":{"@id":"https:\/\/ri2020.eu\/en\/#organization"},"image":{"@id":"https:\/\/ri2020.eu\/en\/sound-installation-at-korzo-problematises-plight-of-artists-in-society\/#primaryimage"},"thumbnailUrl":"https:\/\/ri2020.eu\/wp-content\/uploads\/2020\/01\/Zvucna-instalacija-\u0160to-vi-ho\u0107ete-dobit-pare-ili-dat-ideju3.jpg","articleSection":["Diversity Mixer","News"],"inLanguage":"en-US"},{"@type":"WebPage","@id":"https:\/\/ri2020.eu\/en\/sound-installation-at-korzo-problematises-plight-of-artists-in-society\/","url":"https:\/\/ri2020.eu\/en\/sound-installation-at-korzo-problematises-plight-of-artists-in-society\/","name":"Sound Installation at Korzo Problematises Plight of Artists in Society &#8226; Rijeka 2020","isPartOf":{"@id":"https:\/\/ri2020.eu\/en\/#website"},"primaryImageOfPage":{"@id":"https:\/\/ri2020.eu\/en\/sound-installation-at-korzo-problematises-plight-of-artists-in-society\/#primaryimage"},"image":{"@id":"https:\/\/ri2020.eu\/en\/sound-installation-at-korzo-problematises-plight-of-artists-in-society\/#primaryimage"},"thumbnailUrl":"https:\/\/ri2020.eu\/wp-content\/uploads\/2020\/01\/Zvucna-instalacija-\u0160to-vi-ho\u0107ete-dobit-pare-ili-dat-ideju3.jpg","datePublished":"2020-01-08T14:03:14+00:00","dateModified":"2020-01-20T14:45:32+00:00","breadcrumb":{"@id":"https:\/\/ri2020.eu\/en\/sound-installation-at-korzo-problematises-plight-of-artists-in-society\/#breadcrumb"},"inLanguage":"en-US","potentialAction":[{"@type":"ReadAction","target":["https:\/\/ri2020.eu\/en\/sound-installation-at-korzo-problematises-plight-of-artists-in-society\/"]}]},{"@type":"ImageObject","inLanguage":"en-US","@id":"https:\/\/ri2020.eu\/en\/sound-installation-at-korzo-problematises-plight-of-artists-in-society\/#primaryimage","url":"https:\/\/ri2020.eu\/wp-content\/uploads\/2020\/01\/Zvucna-instalacija-\u0160to-vi-ho\u0107ete-dobit-pare-ili-dat-ideju3.jpg","contentUrl":"https:\/\/ri2020.eu\/wp-content\/uploads\/2020\/01\/Zvucna-instalacija-\u0160to-vi-ho\u0107ete-dobit-pare-ili-dat-ideju3.jpg","width":1800,"height":1200},{"@type":"BreadcrumbList","@id":"https:\/\/ri2020.eu\/en\/sound-installation-at-korzo-problematises-plight-of-artists-in-society\/#breadcrumb","itemListElement":[{"@type":"ListItem","position":1,"name":"Home","item":"https:\/\/ri2020.eu\/en\/"},{"@type":"ListItem","position":2,"name":"Sound Installation at Korzo Problematises Plight of Artists in Society"}]},{"@type":"WebSite","@id":"https:\/\/ri2020.eu\/en\/#website","url":"https:\/\/ri2020.eu\/en\/","name":"Rijeka 2020","description":"Europska prijestolnica kulture","publisher":{"@id":"https:\/\/ri2020.eu\/en\/#organization"},"potentialAction":[{"@type":"SearchAction","target":{"@type":"EntryPoint","urlTemplate":"https:\/\/ri2020.eu\/en\/?s={search_term_string}"},"query-input":{"@type":"PropertyValueSpecification","valueRequired":true,"valueName":"search_term_string"}}],"inLanguage":"en-US"},{"@type":"Organization","@id":"https:\/\/ri2020.eu\/en\/#organization","name":"Rijeka 2020 d.o.o.","url":"https:\/\/ri2020.eu\/en\/","logo":{"@type":"ImageObject","inLanguage":"en-US","@id":"https:\/\/ri2020.eu\/en\/#\/schema\/logo\/image\/","url":"https:\/\/rijeka2020.eu\/wp-content\/uploads\/2018\/07\/Ri2020-logo.png","contentUrl":"https:\/\/rijeka2020.eu\/wp-content\/uploads\/2018\/07\/Ri2020-logo.png","width":407,"height":175,"caption":"Rijeka 2020 d.o.o."},"image":{"@id":"https:\/\/ri2020.eu\/en\/#\/schema\/logo\/image\/"},"sameAs":["https:\/\/www.facebook.com\/rijeka2020","https:\/\/x.com\/Rijeka2020","https:\/\/www.instagram.com\/rijeka2020\/","https:\/\/www.youtube.com\/user\/riepk2020"]},{"@type":"Person","@id":"https:\/\/ri2020.eu\/en\/#\/schema\/person\/9c12d91df8c45bc534f625d9c81f403d","name":"Rijeka 2020","url":"https:\/\/ri2020.eu\/en\/author\/lsm\/"}]}},"_links":{"self":[{"href":"https:\/\/ri2020.eu\/en\/wp-json\/wp\/v2\/posts\/47483","targetHints":{"allow":["GET"]}}],"collection":[{"href":"https:\/\/ri2020.eu\/en\/wp-json\/wp\/v2\/posts"}],"about":[{"href":"https:\/\/ri2020.eu\/en\/wp-json\/wp\/v2\/types\/post"}],"author":[{"embeddable":true,"href":"https:\/\/ri2020.eu\/en\/wp-json\/wp\/v2\/users\/72"}],"replies":[{"embeddable":true,"href":"https:\/\/ri2020.eu\/en\/wp-json\/wp\/v2\/comments?post=47483"}],"version-history":[{"count":2,"href":"https:\/\/ri2020.eu\/en\/wp-json\/wp\/v2\/posts\/47483\/revisions"}],"predecessor-version":[{"id":47485,"href":"https:\/\/ri2020.eu\/en\/wp-json\/wp\/v2\/posts\/47483\/revisions\/47485"}],"wp:featuredmedia":[{"embeddable":true,"href":"https:\/\/ri2020.eu\/en\/wp-json\/wp\/v2\/media\/46057"}],"wp:attachment":[{"href":"https:\/\/ri2020.eu\/en\/wp-json\/wp\/v2\/media?parent=47483"}],"wp:term":[{"taxonomy":"category","embeddable":true,"href":"https:\/\/ri2020.eu\/en\/wp-json\/wp\/v2\/categories?post=47483"},{"taxonomy":"post_tag","embeddable":true,"href":"https:\/\/ri2020.eu\/en\/wp-json\/wp\/v2\/tags?post=47483"}],"curies":[{"name":"wp","href":"https:\/\/api.w.org\/{rel}","templated":true}]}}