{"id":47474,"date":"2020-01-09T15:42:28","date_gmt":"2020-01-09T14:42:28","guid":{"rendered":"https:\/\/rijeka2020.eu\/postavljen-stog-sijena-akademika-ivana-kozarica\/"},"modified":"2020-01-20T15:16:26","modified_gmt":"2020-01-20T14:16:26","slug":"the-haystack-by-academician-ivan-kozaric-is-installed","status":"publish","type":"post","link":"https:\/\/ri2020.eu\/en\/the-haystack-by-academician-ivan-kozaric-is-installed\/","title":{"rendered":"\u201cThe Haystack\u201d by academician Ivan Ko\u017eari\u0107 is installed"},"content":{"rendered":"<p><strong>A temporary hay sculpture entitled \u201cThe Haystack\u201d by academician Ivan Ko\u017eari\u0107, one of Croatia\u2019s most renowned sculptors, was installed in the Square of the 128th Brigade of the Croatian Army. Until the beginning of February, it will be symbolically marking the beginning of the harvest of cultural events in Rijeka\u2019s year as the European Capital of Culture. The installation of the sculpture was organised by the Museum of Modern and Contemporary Art, with the support of the Ko\u017eari\u0107 family and Komunalno dru\u0161tvo \u010cisto\u0107a, as part of the European Capital of Culture\u2019s Times of Power flagship.<\/strong><\/p>\n<p><img loading=\"lazy\" decoding=\"async\" class=\"alignnone size-full wp-image-46391\" src=\"https:\/\/rijeka2020.eu\/wp-content\/uploads\/2020\/01\/Izvrnuti-d\u017eep_-Stog-sijena-Ivana-Ko\u017eari\u0107a_Slaven-Tolj-i-Barbara-Ko\u017eari\u0107.jpg\" alt=\"\" width=\"2048\" height=\"1365\" srcset=\"https:\/\/ri2020.eu\/wp-content\/uploads\/2020\/01\/Izvrnuti-d\u017eep_-Stog-sijena-Ivana-Ko\u017eari\u0107a_Slaven-Tolj-i-Barbara-Ko\u017eari\u0107.jpg 2048w, https:\/\/ri2020.eu\/wp-content\/uploads\/2020\/01\/Izvrnuti-d\u017eep_-Stog-sijena-Ivana-Ko\u017eari\u0107a_Slaven-Tolj-i-Barbara-Ko\u017eari\u0107-640x427.jpg 640w, https:\/\/ri2020.eu\/wp-content\/uploads\/2020\/01\/Izvrnuti-d\u017eep_-Stog-sijena-Ivana-Ko\u017eari\u0107a_Slaven-Tolj-i-Barbara-Ko\u017eari\u0107-1024x683.jpg 1024w, https:\/\/ri2020.eu\/wp-content\/uploads\/2020\/01\/Izvrnuti-d\u017eep_-Stog-sijena-Ivana-Ko\u017eari\u0107a_Slaven-Tolj-i-Barbara-Ko\u017eari\u0107-768x512.jpg 768w, https:\/\/ri2020.eu\/wp-content\/uploads\/2020\/01\/Izvrnuti-d\u017eep_-Stog-sijena-Ivana-Ko\u017eari\u0107a_Slaven-Tolj-i-Barbara-Ko\u017eari\u0107-1536x1024.jpg 1536w, https:\/\/ri2020.eu\/wp-content\/uploads\/2020\/01\/Izvrnuti-d\u017eep_-Stog-sijena-Ivana-Ko\u017eari\u0107a_Slaven-Tolj-i-Barbara-Ko\u017eari\u0107-250x167.jpg 250w, https:\/\/ri2020.eu\/wp-content\/uploads\/2020\/01\/Izvrnuti-d\u017eep_-Stog-sijena-Ivana-Ko\u017eari\u0107a_Slaven-Tolj-i-Barbara-Ko\u017eari\u0107-420x280.jpg 420w\" sizes=\"auto, (max-width: 2048px) 100vw, 2048px\" \/><\/p>\n<p>The work of art was announced as the first in a series of art installations in the public space under the Pocket Turned Out project, implemented by artists and curators who aim to transform and personalize urban areas by integrating art into the everyday routine, with an added emphasis on the issues of hospitality and tolerance.<\/p>\n<p>Displaced from its natural environment and usual gathering season, hay stacked around a central pole appears as an astonishing totem in the public space, <strong>as a hint of rurality alongside the main symbol of urbanity \u2013 Rijeka\u2019s Korzo.<\/strong><\/p>\n<p><img loading=\"lazy\" decoding=\"async\" class=\"alignnone size-full wp-image-46397\" src=\"https:\/\/rijeka2020.eu\/wp-content\/uploads\/2020\/01\/Stog-sijena-Ivana-Ko\u017eari\u0107a.jpg\" alt=\"\" width=\"2048\" height=\"1365\" srcset=\"https:\/\/ri2020.eu\/wp-content\/uploads\/2020\/01\/Stog-sijena-Ivana-Ko\u017eari\u0107a.jpg 2048w, https:\/\/ri2020.eu\/wp-content\/uploads\/2020\/01\/Stog-sijena-Ivana-Ko\u017eari\u0107a-640x427.jpg 640w, https:\/\/ri2020.eu\/wp-content\/uploads\/2020\/01\/Stog-sijena-Ivana-Ko\u017eari\u0107a-1024x683.jpg 1024w, https:\/\/ri2020.eu\/wp-content\/uploads\/2020\/01\/Stog-sijena-Ivana-Ko\u017eari\u0107a-768x512.jpg 768w, https:\/\/ri2020.eu\/wp-content\/uploads\/2020\/01\/Stog-sijena-Ivana-Ko\u017eari\u0107a-1536x1024.jpg 1536w, https:\/\/ri2020.eu\/wp-content\/uploads\/2020\/01\/Stog-sijena-Ivana-Ko\u017eari\u0107a-250x167.jpg 250w, https:\/\/ri2020.eu\/wp-content\/uploads\/2020\/01\/Stog-sijena-Ivana-Ko\u017eari\u0107a-420x280.jpg 420w\" sizes=\"auto, (max-width: 2048px) 100vw, 2048px\" \/><\/p>\n<p>Still, Rijeka is not the first city to host Ko\u017eari\u0107\u2019s \u201cHaystack\u201d.<\/p>\n<blockquote><p>\u201cThe sculpture was first installed in Dubrovnik in 1996 in front of the Rector\u2019s Palace, and once again in 2001, and then in 2005 in the Art Pavilion in Zagreb. The sculpture, with its unusual choice of material and being installed in urban areas, never failed to elicit reactions from the citizens\u201d<\/p><\/blockquote>\n<p>, explained Barbara Ko\u017eari\u0107 Paji\u0107, the grandniece of Ivan Ko\u017eari\u0107. Due to his advanced age (99), the academician was unable to attend the installation of the sculpture, but according to the words of Barbara Ko\u017eari\u0107 Paji\u0107, he is very pleased that his sculpture was installed in Rijeka.<\/p>\n<p>Hay is a material that has been used for years to help people survive the winter, and this displacement from its natural environment into urban areas where it arguably does not belong is bound to spark interest among our citizens. When it comes to the meaning of the sculpture, it is subject to the interpretation of each individual beholder.<\/p>\n<p><img loading=\"lazy\" decoding=\"async\" class=\"alignnone size-full wp-image-46403\" src=\"https:\/\/rijeka2020.eu\/wp-content\/uploads\/2020\/01\/Stog-sijena-Ivana-Ko\u017eari\u0107a_2.jpg\" alt=\"\" width=\"2048\" height=\"1365\" srcset=\"https:\/\/ri2020.eu\/wp-content\/uploads\/2020\/01\/Stog-sijena-Ivana-Ko\u017eari\u0107a_2.jpg 2048w, https:\/\/ri2020.eu\/wp-content\/uploads\/2020\/01\/Stog-sijena-Ivana-Ko\u017eari\u0107a_2-640x427.jpg 640w, https:\/\/ri2020.eu\/wp-content\/uploads\/2020\/01\/Stog-sijena-Ivana-Ko\u017eari\u0107a_2-1024x683.jpg 1024w, https:\/\/ri2020.eu\/wp-content\/uploads\/2020\/01\/Stog-sijena-Ivana-Ko\u017eari\u0107a_2-768x512.jpg 768w, https:\/\/ri2020.eu\/wp-content\/uploads\/2020\/01\/Stog-sijena-Ivana-Ko\u017eari\u0107a_2-1536x1024.jpg 1536w, https:\/\/ri2020.eu\/wp-content\/uploads\/2020\/01\/Stog-sijena-Ivana-Ko\u017eari\u0107a_2-250x167.jpg 250w, https:\/\/ri2020.eu\/wp-content\/uploads\/2020\/01\/Stog-sijena-Ivana-Ko\u017eari\u0107a_2-420x280.jpg 420w\" sizes=\"auto, (max-width: 2048px) 100vw, 2048px\" \/><\/p>\n<blockquote><p>\u201cIf we are interested in meaning in its broadest sense, the fact that Ko\u017eari\u0107 has always valued the concepts of place and time in his works needs to be taken into account. And the moment of this artistic placement in Rijeka, happening just days shy of the European Capital of Culture project opening ceremony, symbolically marks the beginning of the harvest of culture events ahead of us in 2020\u201d<\/p><\/blockquote>\n<p>, Kora Girin, Curator of the Museum of Modern and Contemporary Art pointed out.<\/p>\n<p>If people are intrigued by it, the sculpture will fulfil its purpose. Devoid of any controversies and political connotations, it does manage to spark interest among our citizens, eliciting their reactions in an attempt to come up with their own interpretations of its meaning. In this period of the carnival, immediately following the advent season, in midwinter, Ko\u017eari\u0107 introduces the texture and smell of hay into the public space, its decaying and transient nature confirming his unmistakable sense of space and the play of city points and symbols.<\/p>\n<p><img loading=\"lazy\" decoding=\"async\" class=\"alignnone size-full wp-image-46400\" src=\"https:\/\/rijeka2020.eu\/wp-content\/uploads\/2020\/01\/Stog-sijena-Ivana-Ko\u017eari\u0107a_1.jpg\" alt=\"\" width=\"2048\" height=\"1365\" srcset=\"https:\/\/ri2020.eu\/wp-content\/uploads\/2020\/01\/Stog-sijena-Ivana-Ko\u017eari\u0107a_1.jpg 2048w, https:\/\/ri2020.eu\/wp-content\/uploads\/2020\/01\/Stog-sijena-Ivana-Ko\u017eari\u0107a_1-640x427.jpg 640w, https:\/\/ri2020.eu\/wp-content\/uploads\/2020\/01\/Stog-sijena-Ivana-Ko\u017eari\u0107a_1-1024x683.jpg 1024w, https:\/\/ri2020.eu\/wp-content\/uploads\/2020\/01\/Stog-sijena-Ivana-Ko\u017eari\u0107a_1-768x512.jpg 768w, https:\/\/ri2020.eu\/wp-content\/uploads\/2020\/01\/Stog-sijena-Ivana-Ko\u017eari\u0107a_1-1536x1024.jpg 1536w, https:\/\/ri2020.eu\/wp-content\/uploads\/2020\/01\/Stog-sijena-Ivana-Ko\u017eari\u0107a_1-250x167.jpg 250w, https:\/\/ri2020.eu\/wp-content\/uploads\/2020\/01\/Stog-sijena-Ivana-Ko\u017eari\u0107a_1-420x280.jpg 420w\" sizes=\"auto, (max-width: 2048px) 100vw, 2048px\" \/><\/p>\n<p>The minimalism and conciseness of expression coupled with the unassuming material and simple form is Ko\u017eari\u0107\u2019s longstanding recipe for conveying a visual and multi-layered artistic message in its full glory. <strong>Since the reactions of passers-by form an integral part of Ko\u017eari\u0107\u2019s work, it remains to be seen how the people of Rijeka will accept this unusual guest<\/strong> that is to stay in the city until 3rd February of this year.<\/p>\n<p><img loading=\"lazy\" decoding=\"async\" class=\"alignnone size-full wp-image-46406\" src=\"https:\/\/rijeka2020.eu\/wp-content\/uploads\/2020\/01\/Stog-sijena-Ivana-Ko\u017eari\u0107a_3.jpg\" alt=\"\" width=\"2048\" height=\"1365\" srcset=\"https:\/\/ri2020.eu\/wp-content\/uploads\/2020\/01\/Stog-sijena-Ivana-Ko\u017eari\u0107a_3.jpg 2048w, https:\/\/ri2020.eu\/wp-content\/uploads\/2020\/01\/Stog-sijena-Ivana-Ko\u017eari\u0107a_3-640x427.jpg 640w, https:\/\/ri2020.eu\/wp-content\/uploads\/2020\/01\/Stog-sijena-Ivana-Ko\u017eari\u0107a_3-1024x683.jpg 1024w, https:\/\/ri2020.eu\/wp-content\/uploads\/2020\/01\/Stog-sijena-Ivana-Ko\u017eari\u0107a_3-768x512.jpg 768w, https:\/\/ri2020.eu\/wp-content\/uploads\/2020\/01\/Stog-sijena-Ivana-Ko\u017eari\u0107a_3-1536x1024.jpg 1536w, https:\/\/ri2020.eu\/wp-content\/uploads\/2020\/01\/Stog-sijena-Ivana-Ko\u017eari\u0107a_3-250x167.jpg 250w, https:\/\/ri2020.eu\/wp-content\/uploads\/2020\/01\/Stog-sijena-Ivana-Ko\u017eari\u0107a_3-420x280.jpg 420w\" sizes=\"auto, (max-width: 2048px) 100vw, 2048px\" \/><\/p>\n<p><strong>Ivan Ko\u017eari\u0107<\/strong> (Petrinja, 10 June 1921) graduated in 1949 from the Academy of Fine Arts in Zagreb, where he worked as a freelance artist. During 1959 and 1960 he spent a few months in Paris and, upon his return to Croatia, his ever-present disaffection toward the ebbs and flows of tradition, coupled with his relentless tendency towards developing a new artistic sensibility, brought him closer to the Gorgona Art Group.<\/p>\n<p>He exhibited in many important international exhibitions, such as the Biennials of Venice and S\u00e3o Paulo. <strong>His works can be found in many private collections and museums, both at home and abroad, while many of his sculptures have become permanent outdoor art installations. Among them are \u201cThe Walker\u201d (Hoda\u010d) at Rijeka\u2019s Korzo, the monument to A.G. Mato\u0161 in Zagreb\u2019s Strossmayer Promenade or his \u201cGrounded Sun\u201d (Prizemljeno sunce) in Zagreb\u2019s Bogovi\u0107eva street.<\/strong><\/p>\n<p>Even though his basic vocation is that of a sculptor, his work includes public monuments, ready-mades, elements of performance, installations, conceptual proclamations, textual works, drawings and paintings. They are all connected through his sense of humour, ranging from subtle irony and the absurd to mockery and carnivalism.<\/p>\n","protected":false},"excerpt":{"rendered":"<p>This temporary sculpture will remain on display in the Square of the 128th Brigade of the Croatian Army from 8 January to 3 February.<\/p>\n","protected":false},"author":72,"featured_media":46401,"comment_status":"closed","ping_status":"closed","sticky":false,"template":"","format":"standard","meta":{"_acf_changed":false,"footnotes":""},"categories":[2731,3680],"tags":[],"class_list":["post-47474","post","type-post","status-publish","format-standard","has-post-thumbnail","hentry","category-news","category-times-of-power"],"acf":[],"yoast_head":"<!-- This site is optimized with the Yoast SEO plugin v26.8 - https:\/\/yoast.com\/product\/yoast-seo-wordpress\/ -->\n<title>\u201cThe Haystack\u201d by academician Ivan Ko\u017eari\u0107 is installed &#8226; Rijeka 2020<\/title>\n<meta name=\"robots\" content=\"index, follow, max-snippet:-1, max-image-preview:large, max-video-preview:-1\" \/>\n<link rel=\"canonical\" href=\"https:\/\/ri2020.eu\/en\/the-haystack-by-academician-ivan-kozaric-is-installed\/\" \/>\n<meta property=\"og:locale\" content=\"en_US\" \/>\n<meta property=\"og:type\" content=\"article\" \/>\n<meta property=\"og:title\" content=\"\u201cThe Haystack\u201d by academician Ivan Ko\u017eari\u0107 is installed &#8226; Rijeka 2020\" \/>\n<meta property=\"og:description\" content=\"This temporary sculpture will remain on display in the Square of the 128th Brigade of the Croatian Army from 8 January to 3 February.\" \/>\n<meta property=\"og:url\" content=\"https:\/\/ri2020.eu\/en\/the-haystack-by-academician-ivan-kozaric-is-installed\/\" \/>\n<meta property=\"og:site_name\" content=\"Rijeka 2020\" \/>\n<meta property=\"article:publisher\" content=\"https:\/\/www.facebook.com\/rijeka2020\" \/>\n<meta property=\"article:published_time\" content=\"2020-01-09T14:42:28+00:00\" \/>\n<meta property=\"article:modified_time\" content=\"2020-01-20T14:16:26+00:00\" \/>\n<meta property=\"og:image\" content=\"https:\/\/ri2020.eu\/wp-content\/uploads\/2020\/01\/Stog-sijena-Ivana-Ko\u017eari\u0107a_1.jpg\" \/>\n\t<meta property=\"og:image:width\" content=\"2048\" \/>\n\t<meta property=\"og:image:height\" content=\"1365\" \/>\n\t<meta property=\"og:image:type\" content=\"image\/jpeg\" \/>\n<meta name=\"author\" content=\"Rijeka 2020\" \/>\n<meta name=\"twitter:card\" content=\"summary_large_image\" \/>\n<meta name=\"twitter:creator\" content=\"@Rijeka2020\" \/>\n<meta name=\"twitter:site\" content=\"@Rijeka2020\" \/>\n<meta name=\"twitter:label1\" content=\"Written by\" \/>\n\t<meta name=\"twitter:data1\" content=\"Rijeka 2020\" \/>\n\t<meta name=\"twitter:label2\" content=\"Est. reading time\" \/>\n\t<meta name=\"twitter:data2\" content=\"4 minutes\" \/>\n<script type=\"application\/ld+json\" class=\"yoast-schema-graph\">{\"@context\":\"https:\/\/schema.org\",\"@graph\":[{\"@type\":\"Article\",\"@id\":\"https:\/\/ri2020.eu\/en\/the-haystack-by-academician-ivan-kozaric-is-installed\/#article\",\"isPartOf\":{\"@id\":\"https:\/\/ri2020.eu\/en\/the-haystack-by-academician-ivan-kozaric-is-installed\/\"},\"author\":{\"name\":\"Rijeka 2020\",\"@id\":\"https:\/\/ri2020.eu\/en\/#\/schema\/person\/9c12d91df8c45bc534f625d9c81f403d\"},\"headline\":\"\u201cThe Haystack\u201d by academician Ivan Ko\u017eari\u0107 is installed\",\"datePublished\":\"2020-01-09T14:42:28+00:00\",\"dateModified\":\"2020-01-20T14:16:26+00:00\",\"mainEntityOfPage\":{\"@id\":\"https:\/\/ri2020.eu\/en\/the-haystack-by-academician-ivan-kozaric-is-installed\/\"},\"wordCount\":810,\"publisher\":{\"@id\":\"https:\/\/ri2020.eu\/en\/#organization\"},\"image\":{\"@id\":\"https:\/\/ri2020.eu\/en\/the-haystack-by-academician-ivan-kozaric-is-installed\/#primaryimage\"},\"thumbnailUrl\":\"https:\/\/ri2020.eu\/wp-content\/uploads\/2020\/01\/Stog-sijena-Ivana-Ko\u017eari\u0107a_1.jpg\",\"articleSection\":[\"News\",\"Times of Power\"],\"inLanguage\":\"en-US\"},{\"@type\":\"WebPage\",\"@id\":\"https:\/\/ri2020.eu\/en\/the-haystack-by-academician-ivan-kozaric-is-installed\/\",\"url\":\"https:\/\/ri2020.eu\/en\/the-haystack-by-academician-ivan-kozaric-is-installed\/\",\"name\":\"\u201cThe Haystack\u201d by academician Ivan Ko\u017eari\u0107 is installed &#8226; Rijeka 2020\",\"isPartOf\":{\"@id\":\"https:\/\/ri2020.eu\/en\/#website\"},\"primaryImageOfPage\":{\"@id\":\"https:\/\/ri2020.eu\/en\/the-haystack-by-academician-ivan-kozaric-is-installed\/#primaryimage\"},\"image\":{\"@id\":\"https:\/\/ri2020.eu\/en\/the-haystack-by-academician-ivan-kozaric-is-installed\/#primaryimage\"},\"thumbnailUrl\":\"https:\/\/ri2020.eu\/wp-content\/uploads\/2020\/01\/Stog-sijena-Ivana-Ko\u017eari\u0107a_1.jpg\",\"datePublished\":\"2020-01-09T14:42:28+00:00\",\"dateModified\":\"2020-01-20T14:16:26+00:00\",\"breadcrumb\":{\"@id\":\"https:\/\/ri2020.eu\/en\/the-haystack-by-academician-ivan-kozaric-is-installed\/#breadcrumb\"},\"inLanguage\":\"en-US\",\"potentialAction\":[{\"@type\":\"ReadAction\",\"target\":[\"https:\/\/ri2020.eu\/en\/the-haystack-by-academician-ivan-kozaric-is-installed\/\"]}]},{\"@type\":\"ImageObject\",\"inLanguage\":\"en-US\",\"@id\":\"https:\/\/ri2020.eu\/en\/the-haystack-by-academician-ivan-kozaric-is-installed\/#primaryimage\",\"url\":\"https:\/\/ri2020.eu\/wp-content\/uploads\/2020\/01\/Stog-sijena-Ivana-Ko\u017eari\u0107a_1.jpg\",\"contentUrl\":\"https:\/\/ri2020.eu\/wp-content\/uploads\/2020\/01\/Stog-sijena-Ivana-Ko\u017eari\u0107a_1.jpg\",\"width\":2048,\"height\":1365},{\"@type\":\"BreadcrumbList\",\"@id\":\"https:\/\/ri2020.eu\/en\/the-haystack-by-academician-ivan-kozaric-is-installed\/#breadcrumb\",\"itemListElement\":[{\"@type\":\"ListItem\",\"position\":1,\"name\":\"Home\",\"item\":\"https:\/\/ri2020.eu\/en\/\"},{\"@type\":\"ListItem\",\"position\":2,\"name\":\"\u201cThe Haystack\u201d by academician Ivan Ko\u017eari\u0107 is installed\"}]},{\"@type\":\"WebSite\",\"@id\":\"https:\/\/ri2020.eu\/en\/#website\",\"url\":\"https:\/\/ri2020.eu\/en\/\",\"name\":\"Rijeka 2020\",\"description\":\"Europska prijestolnica kulture\",\"publisher\":{\"@id\":\"https:\/\/ri2020.eu\/en\/#organization\"},\"potentialAction\":[{\"@type\":\"SearchAction\",\"target\":{\"@type\":\"EntryPoint\",\"urlTemplate\":\"https:\/\/ri2020.eu\/en\/?s={search_term_string}\"},\"query-input\":{\"@type\":\"PropertyValueSpecification\",\"valueRequired\":true,\"valueName\":\"search_term_string\"}}],\"inLanguage\":\"en-US\"},{\"@type\":\"Organization\",\"@id\":\"https:\/\/ri2020.eu\/en\/#organization\",\"name\":\"Rijeka 2020 d.o.o.\",\"url\":\"https:\/\/ri2020.eu\/en\/\",\"logo\":{\"@type\":\"ImageObject\",\"inLanguage\":\"en-US\",\"@id\":\"https:\/\/ri2020.eu\/en\/#\/schema\/logo\/image\/\",\"url\":\"https:\/\/rijeka2020.eu\/wp-content\/uploads\/2018\/07\/Ri2020-logo.png\",\"contentUrl\":\"https:\/\/rijeka2020.eu\/wp-content\/uploads\/2018\/07\/Ri2020-logo.png\",\"width\":407,\"height\":175,\"caption\":\"Rijeka 2020 d.o.o.\"},\"image\":{\"@id\":\"https:\/\/ri2020.eu\/en\/#\/schema\/logo\/image\/\"},\"sameAs\":[\"https:\/\/www.facebook.com\/rijeka2020\",\"https:\/\/x.com\/Rijeka2020\",\"https:\/\/www.instagram.com\/rijeka2020\/\",\"https:\/\/www.youtube.com\/user\/riepk2020\"]},{\"@type\":\"Person\",\"@id\":\"https:\/\/ri2020.eu\/en\/#\/schema\/person\/9c12d91df8c45bc534f625d9c81f403d\",\"name\":\"Rijeka 2020\",\"url\":\"https:\/\/ri2020.eu\/en\/author\/lsm\/\"}]}<\/script>\n<!-- \/ Yoast SEO plugin. -->","yoast_head_json":{"title":"\u201cThe Haystack\u201d by academician Ivan Ko\u017eari\u0107 is installed &#8226; Rijeka 2020","robots":{"index":"index","follow":"follow","max-snippet":"max-snippet:-1","max-image-preview":"max-image-preview:large","max-video-preview":"max-video-preview:-1"},"canonical":"https:\/\/ri2020.eu\/en\/the-haystack-by-academician-ivan-kozaric-is-installed\/","og_locale":"en_US","og_type":"article","og_title":"\u201cThe Haystack\u201d by academician Ivan Ko\u017eari\u0107 is installed &#8226; Rijeka 2020","og_description":"This temporary sculpture will remain on display in the Square of the 128th Brigade of the Croatian Army from 8 January to 3 February.","og_url":"https:\/\/ri2020.eu\/en\/the-haystack-by-academician-ivan-kozaric-is-installed\/","og_site_name":"Rijeka 2020","article_publisher":"https:\/\/www.facebook.com\/rijeka2020","article_published_time":"2020-01-09T14:42:28+00:00","article_modified_time":"2020-01-20T14:16:26+00:00","og_image":[{"width":2048,"height":1365,"url":"https:\/\/ri2020.eu\/wp-content\/uploads\/2020\/01\/Stog-sijena-Ivana-Ko\u017eari\u0107a_1.jpg","type":"image\/jpeg"}],"author":"Rijeka 2020","twitter_card":"summary_large_image","twitter_creator":"@Rijeka2020","twitter_site":"@Rijeka2020","twitter_misc":{"Written by":"Rijeka 2020","Est. reading time":"4 minutes"},"schema":{"@context":"https:\/\/schema.org","@graph":[{"@type":"Article","@id":"https:\/\/ri2020.eu\/en\/the-haystack-by-academician-ivan-kozaric-is-installed\/#article","isPartOf":{"@id":"https:\/\/ri2020.eu\/en\/the-haystack-by-academician-ivan-kozaric-is-installed\/"},"author":{"name":"Rijeka 2020","@id":"https:\/\/ri2020.eu\/en\/#\/schema\/person\/9c12d91df8c45bc534f625d9c81f403d"},"headline":"\u201cThe Haystack\u201d by academician Ivan Ko\u017eari\u0107 is installed","datePublished":"2020-01-09T14:42:28+00:00","dateModified":"2020-01-20T14:16:26+00:00","mainEntityOfPage":{"@id":"https:\/\/ri2020.eu\/en\/the-haystack-by-academician-ivan-kozaric-is-installed\/"},"wordCount":810,"publisher":{"@id":"https:\/\/ri2020.eu\/en\/#organization"},"image":{"@id":"https:\/\/ri2020.eu\/en\/the-haystack-by-academician-ivan-kozaric-is-installed\/#primaryimage"},"thumbnailUrl":"https:\/\/ri2020.eu\/wp-content\/uploads\/2020\/01\/Stog-sijena-Ivana-Ko\u017eari\u0107a_1.jpg","articleSection":["News","Times of Power"],"inLanguage":"en-US"},{"@type":"WebPage","@id":"https:\/\/ri2020.eu\/en\/the-haystack-by-academician-ivan-kozaric-is-installed\/","url":"https:\/\/ri2020.eu\/en\/the-haystack-by-academician-ivan-kozaric-is-installed\/","name":"\u201cThe Haystack\u201d by academician Ivan Ko\u017eari\u0107 is installed &#8226; Rijeka 2020","isPartOf":{"@id":"https:\/\/ri2020.eu\/en\/#website"},"primaryImageOfPage":{"@id":"https:\/\/ri2020.eu\/en\/the-haystack-by-academician-ivan-kozaric-is-installed\/#primaryimage"},"image":{"@id":"https:\/\/ri2020.eu\/en\/the-haystack-by-academician-ivan-kozaric-is-installed\/#primaryimage"},"thumbnailUrl":"https:\/\/ri2020.eu\/wp-content\/uploads\/2020\/01\/Stog-sijena-Ivana-Ko\u017eari\u0107a_1.jpg","datePublished":"2020-01-09T14:42:28+00:00","dateModified":"2020-01-20T14:16:26+00:00","breadcrumb":{"@id":"https:\/\/ri2020.eu\/en\/the-haystack-by-academician-ivan-kozaric-is-installed\/#breadcrumb"},"inLanguage":"en-US","potentialAction":[{"@type":"ReadAction","target":["https:\/\/ri2020.eu\/en\/the-haystack-by-academician-ivan-kozaric-is-installed\/"]}]},{"@type":"ImageObject","inLanguage":"en-US","@id":"https:\/\/ri2020.eu\/en\/the-haystack-by-academician-ivan-kozaric-is-installed\/#primaryimage","url":"https:\/\/ri2020.eu\/wp-content\/uploads\/2020\/01\/Stog-sijena-Ivana-Ko\u017eari\u0107a_1.jpg","contentUrl":"https:\/\/ri2020.eu\/wp-content\/uploads\/2020\/01\/Stog-sijena-Ivana-Ko\u017eari\u0107a_1.jpg","width":2048,"height":1365},{"@type":"BreadcrumbList","@id":"https:\/\/ri2020.eu\/en\/the-haystack-by-academician-ivan-kozaric-is-installed\/#breadcrumb","itemListElement":[{"@type":"ListItem","position":1,"name":"Home","item":"https:\/\/ri2020.eu\/en\/"},{"@type":"ListItem","position":2,"name":"\u201cThe Haystack\u201d by academician Ivan Ko\u017eari\u0107 is installed"}]},{"@type":"WebSite","@id":"https:\/\/ri2020.eu\/en\/#website","url":"https:\/\/ri2020.eu\/en\/","name":"Rijeka 2020","description":"Europska prijestolnica kulture","publisher":{"@id":"https:\/\/ri2020.eu\/en\/#organization"},"potentialAction":[{"@type":"SearchAction","target":{"@type":"EntryPoint","urlTemplate":"https:\/\/ri2020.eu\/en\/?s={search_term_string}"},"query-input":{"@type":"PropertyValueSpecification","valueRequired":true,"valueName":"search_term_string"}}],"inLanguage":"en-US"},{"@type":"Organization","@id":"https:\/\/ri2020.eu\/en\/#organization","name":"Rijeka 2020 d.o.o.","url":"https:\/\/ri2020.eu\/en\/","logo":{"@type":"ImageObject","inLanguage":"en-US","@id":"https:\/\/ri2020.eu\/en\/#\/schema\/logo\/image\/","url":"https:\/\/rijeka2020.eu\/wp-content\/uploads\/2018\/07\/Ri2020-logo.png","contentUrl":"https:\/\/rijeka2020.eu\/wp-content\/uploads\/2018\/07\/Ri2020-logo.png","width":407,"height":175,"caption":"Rijeka 2020 d.o.o."},"image":{"@id":"https:\/\/ri2020.eu\/en\/#\/schema\/logo\/image\/"},"sameAs":["https:\/\/www.facebook.com\/rijeka2020","https:\/\/x.com\/Rijeka2020","https:\/\/www.instagram.com\/rijeka2020\/","https:\/\/www.youtube.com\/user\/riepk2020"]},{"@type":"Person","@id":"https:\/\/ri2020.eu\/en\/#\/schema\/person\/9c12d91df8c45bc534f625d9c81f403d","name":"Rijeka 2020","url":"https:\/\/ri2020.eu\/en\/author\/lsm\/"}]}},"_links":{"self":[{"href":"https:\/\/ri2020.eu\/en\/wp-json\/wp\/v2\/posts\/47474","targetHints":{"allow":["GET"]}}],"collection":[{"href":"https:\/\/ri2020.eu\/en\/wp-json\/wp\/v2\/posts"}],"about":[{"href":"https:\/\/ri2020.eu\/en\/wp-json\/wp\/v2\/types\/post"}],"author":[{"embeddable":true,"href":"https:\/\/ri2020.eu\/en\/wp-json\/wp\/v2\/users\/72"}],"replies":[{"embeddable":true,"href":"https:\/\/ri2020.eu\/en\/wp-json\/wp\/v2\/comments?post=47474"}],"version-history":[{"count":2,"href":"https:\/\/ri2020.eu\/en\/wp-json\/wp\/v2\/posts\/47474\/revisions"}],"predecessor-version":[{"id":47476,"href":"https:\/\/ri2020.eu\/en\/wp-json\/wp\/v2\/posts\/47474\/revisions\/47476"}],"wp:featuredmedia":[{"embeddable":true,"href":"https:\/\/ri2020.eu\/en\/wp-json\/wp\/v2\/media\/46401"}],"wp:attachment":[{"href":"https:\/\/ri2020.eu\/en\/wp-json\/wp\/v2\/media?parent=47474"}],"wp:term":[{"taxonomy":"category","embeddable":true,"href":"https:\/\/ri2020.eu\/en\/wp-json\/wp\/v2\/categories?post=47474"},{"taxonomy":"post_tag","embeddable":true,"href":"https:\/\/ri2020.eu\/en\/wp-json\/wp\/v2\/tags?post=47474"}],"curies":[{"name":"wp","href":"https:\/\/api.w.org\/{rel}","templated":true}]}}