{"id":47240,"date":"2020-01-13T11:55:44","date_gmt":"2020-01-13T10:55:44","guid":{"rendered":"https:\/\/rijeka2020.eu\/galway-i-rijeka-preuzeli-titulu-europske-prijestolnice-kulture-na-svecanosti-u-plovdivu\/"},"modified":"2020-01-17T09:37:09","modified_gmt":"2020-01-17T08:37:09","slug":"galway-and-rijeka-inaugurated-as-european-capitals-of-culture-at-plovdiv-handover-ceremony","status":"publish","type":"post","link":"https:\/\/ri2020.eu\/en\/galway-and-rijeka-inaugurated-as-european-capitals-of-culture-at-plovdiv-handover-ceremony\/","title":{"rendered":"Galway and Rijeka Inaugurated as European Capitals of Culture at Plovdiv Handover Ceremony"},"content":{"rendered":"<p>Members of a Delegation of Rijeka 2020 European Capital of Culture and the City of Rijeka &#8211; Nikola Ivani\u0161, Rijeka Deputy Mayor, Maja Bo\u0161kovi\u0107, Senior Associate for Protocol and Public Relations, and Dorian Celcer, Partnerships and Protocol Manager at Rijeka 2020 &#8211; visited the Bulgarian city of Plovdiv, the 2019 European Capital of Culture, from 11 to 13 January, where they were present at the European Capital of Culture title handover ceremony held at the Boris Hristov House of Culture.<\/p>\n<p><img loading=\"lazy\" decoding=\"async\" class=\"alignnone wp-image-46654 size-full\" src=\"https:\/\/rijeka2020.eu\/wp-content\/uploads\/2020\/01\/Nikola-Ivani\u0161-zamjenik-gradona\u010delnika-Rijeke-preuzima-titulu.jpg\" alt=\"\" width=\"2048\" height=\"1365\" srcset=\"https:\/\/ri2020.eu\/wp-content\/uploads\/2020\/01\/Nikola-Ivani\u0161-zamjenik-gradona\u010delnika-Rijeke-preuzima-titulu.jpg 2048w, https:\/\/ri2020.eu\/wp-content\/uploads\/2020\/01\/Nikola-Ivani\u0161-zamjenik-gradona\u010delnika-Rijeke-preuzima-titulu-640x427.jpg 640w, https:\/\/ri2020.eu\/wp-content\/uploads\/2020\/01\/Nikola-Ivani\u0161-zamjenik-gradona\u010delnika-Rijeke-preuzima-titulu-1024x683.jpg 1024w, https:\/\/ri2020.eu\/wp-content\/uploads\/2020\/01\/Nikola-Ivani\u0161-zamjenik-gradona\u010delnika-Rijeke-preuzima-titulu-768x512.jpg 768w, https:\/\/ri2020.eu\/wp-content\/uploads\/2020\/01\/Nikola-Ivani\u0161-zamjenik-gradona\u010delnika-Rijeke-preuzima-titulu-1536x1024.jpg 1536w, https:\/\/ri2020.eu\/wp-content\/uploads\/2020\/01\/Nikola-Ivani\u0161-zamjenik-gradona\u010delnika-Rijeke-preuzima-titulu-250x167.jpg 250w, https:\/\/ri2020.eu\/wp-content\/uploads\/2020\/01\/Nikola-Ivani\u0161-zamjenik-gradona\u010delnika-Rijeke-preuzima-titulu-420x280.jpg 420w\" sizes=\"auto, (max-width: 2048px) 100vw, 2048px\" \/><\/p>\n<p>The Deputy Mayors of Rijeka and Galway, Nikola Ivani\u0161 and Donal Lyons, took the stage to claim the title of European Capital of Culture, which Rijeka and Galway will bear during 2020. The event was attended by the Minister of Culture of the Republic of Bulgaria, Mr. Boil Banov, the Mayor of the City of Plovdiv, Mr. Zdravko Dimitrov, and by representatives of the Plovdiv 2019 Foundation.<\/p>\n<p><img loading=\"lazy\" decoding=\"async\" class=\"alignnone wp-image-46657 size-full\" src=\"https:\/\/rijeka2020.eu\/wp-content\/uploads\/2020\/01\/sve\u010dana-primopredaja-4.jpg\" alt=\"\" width=\"1837\" height=\"1225\" srcset=\"https:\/\/ri2020.eu\/wp-content\/uploads\/2020\/01\/sve\u010dana-primopredaja-4.jpg 1837w, https:\/\/ri2020.eu\/wp-content\/uploads\/2020\/01\/sve\u010dana-primopredaja-4-640x427.jpg 640w, https:\/\/ri2020.eu\/wp-content\/uploads\/2020\/01\/sve\u010dana-primopredaja-4-1024x683.jpg 1024w, https:\/\/ri2020.eu\/wp-content\/uploads\/2020\/01\/sve\u010dana-primopredaja-4-768x512.jpg 768w, https:\/\/ri2020.eu\/wp-content\/uploads\/2020\/01\/sve\u010dana-primopredaja-4-1536x1024.jpg 1536w, https:\/\/ri2020.eu\/wp-content\/uploads\/2020\/01\/sve\u010dana-primopredaja-4-250x167.jpg 250w, https:\/\/ri2020.eu\/wp-content\/uploads\/2020\/01\/sve\u010dana-primopredaja-4-420x280.jpg 420w\" sizes=\"auto, (max-width: 1837px) 100vw, 1837px\" \/><\/p>\n<p>The programme of the handover ceremony consisted of performances by young musicians from Plovdiv and the State Opera of Plovdiv\u2019s Chamber Orchestra, accompanied by Liya Petrova on a 1690 Italian violin by Matteo Goffriller. Recordings of hundreds of cultural events that took place during 2019 as part of the Plovdiv &#8211; European Capital of Culture were shown during the ceremony.<\/p>\n<p><img loading=\"lazy\" decoding=\"async\" class=\"alignnone wp-image-46660 size-full\" src=\"https:\/\/rijeka2020.eu\/wp-content\/uploads\/2020\/01\/sve\u010dana-primopredaja-2.jpg\" alt=\"\" width=\"2048\" height=\"1365\" srcset=\"https:\/\/ri2020.eu\/wp-content\/uploads\/2020\/01\/sve\u010dana-primopredaja-2.jpg 2048w, https:\/\/ri2020.eu\/wp-content\/uploads\/2020\/01\/sve\u010dana-primopredaja-2-640x427.jpg 640w, https:\/\/ri2020.eu\/wp-content\/uploads\/2020\/01\/sve\u010dana-primopredaja-2-1024x683.jpg 1024w, https:\/\/ri2020.eu\/wp-content\/uploads\/2020\/01\/sve\u010dana-primopredaja-2-768x512.jpg 768w, https:\/\/ri2020.eu\/wp-content\/uploads\/2020\/01\/sve\u010dana-primopredaja-2-1536x1024.jpg 1536w, https:\/\/ri2020.eu\/wp-content\/uploads\/2020\/01\/sve\u010dana-primopredaja-2-250x167.jpg 250w, https:\/\/ri2020.eu\/wp-content\/uploads\/2020\/01\/sve\u010dana-primopredaja-2-420x280.jpg 420w\" sizes=\"auto, (max-width: 2048px) 100vw, 2048px\" \/><\/p>\n","protected":false},"excerpt":{"rendered":"<p>A ceremony took place at the Boris Hristov House of Culture in Plovdiv, where the title of European Capital of Culture was handed over to the Irish city of Galway and the Croatian city of Rijeka.<\/p>\n","protected":false},"author":72,"featured_media":46652,"comment_status":"closed","ping_status":"closed","sticky":false,"template":"","format":"standard","meta":{"_acf_changed":false,"footnotes":""},"categories":[4313,2731],"tags":[],"class_list":["post-47240","post","type-post","status-publish","format-standard","has-post-thumbnail","hentry","category-cultural-diplomacy","category-news"],"acf":[],"yoast_head":"<!-- This site is optimized with the Yoast SEO plugin v26.8 - https:\/\/yoast.com\/product\/yoast-seo-wordpress\/ -->\n<title>Galway and Rijeka Inaugurated as European Capitals of Culture at Plovdiv Handover Ceremony &#8226; Rijeka 2020<\/title>\n<meta name=\"robots\" content=\"index, follow, max-snippet:-1, max-image-preview:large, max-video-preview:-1\" \/>\n<link rel=\"canonical\" href=\"https:\/\/ri2020.eu\/en\/galway-and-rijeka-inaugurated-as-european-capitals-of-culture-at-plovdiv-handover-ceremony\/\" \/>\n<meta property=\"og:locale\" content=\"en_US\" \/>\n<meta property=\"og:type\" content=\"article\" \/>\n<meta property=\"og:title\" content=\"Galway and Rijeka Inaugurated as European Capitals of Culture at Plovdiv Handover Ceremony &#8226; Rijeka 2020\" \/>\n<meta property=\"og:description\" content=\"A ceremony took place at the Boris Hristov House of Culture in Plovdiv, where the title of European Capital of Culture was handed over to the Irish city of Galway and the Croatian city of Rijeka.\" \/>\n<meta property=\"og:url\" content=\"https:\/\/ri2020.eu\/en\/galway-and-rijeka-inaugurated-as-european-capitals-of-culture-at-plovdiv-handover-ceremony\/\" \/>\n<meta property=\"og:site_name\" content=\"Rijeka 2020\" \/>\n<meta property=\"article:publisher\" content=\"https:\/\/www.facebook.com\/rijeka2020\" \/>\n<meta property=\"article:published_time\" content=\"2020-01-13T10:55:44+00:00\" \/>\n<meta property=\"article:modified_time\" content=\"2020-01-17T08:37:09+00:00\" \/>\n<meta property=\"og:image\" content=\"https:\/\/ri2020.eu\/wp-content\/uploads\/2020\/01\/sve\u010dana-primopredaja.jpg\" \/>\n\t<meta property=\"og:image:width\" content=\"1800\" \/>\n\t<meta property=\"og:image:height\" content=\"1201\" \/>\n\t<meta property=\"og:image:type\" content=\"image\/jpeg\" \/>\n<meta name=\"author\" content=\"Rijeka 2020\" \/>\n<meta name=\"twitter:card\" content=\"summary_large_image\" \/>\n<meta name=\"twitter:creator\" content=\"@Rijeka2020\" \/>\n<meta name=\"twitter:site\" content=\"@Rijeka2020\" \/>\n<meta name=\"twitter:label1\" content=\"Written by\" \/>\n\t<meta name=\"twitter:data1\" content=\"Rijeka 2020\" \/>\n\t<meta name=\"twitter:label2\" content=\"Est. reading time\" \/>\n\t<meta name=\"twitter:data2\" content=\"1 minute\" \/>\n<script type=\"application\/ld+json\" class=\"yoast-schema-graph\">{\"@context\":\"https:\/\/schema.org\",\"@graph\":[{\"@type\":\"Article\",\"@id\":\"https:\/\/ri2020.eu\/en\/galway-and-rijeka-inaugurated-as-european-capitals-of-culture-at-plovdiv-handover-ceremony\/#article\",\"isPartOf\":{\"@id\":\"https:\/\/ri2020.eu\/en\/galway-and-rijeka-inaugurated-as-european-capitals-of-culture-at-plovdiv-handover-ceremony\/\"},\"author\":{\"name\":\"Rijeka 2020\",\"@id\":\"https:\/\/ri2020.eu\/en\/#\/schema\/person\/9c12d91df8c45bc534f625d9c81f403d\"},\"headline\":\"Galway and Rijeka Inaugurated as European Capitals of Culture at Plovdiv Handover Ceremony\",\"datePublished\":\"2020-01-13T10:55:44+00:00\",\"dateModified\":\"2020-01-17T08:37:09+00:00\",\"mainEntityOfPage\":{\"@id\":\"https:\/\/ri2020.eu\/en\/galway-and-rijeka-inaugurated-as-european-capitals-of-culture-at-plovdiv-handover-ceremony\/\"},\"wordCount\":213,\"publisher\":{\"@id\":\"https:\/\/ri2020.eu\/en\/#organization\"},\"image\":{\"@id\":\"https:\/\/ri2020.eu\/en\/galway-and-rijeka-inaugurated-as-european-capitals-of-culture-at-plovdiv-handover-ceremony\/#primaryimage\"},\"thumbnailUrl\":\"https:\/\/ri2020.eu\/wp-content\/uploads\/2020\/01\/sve\u010dana-primopredaja.jpg\",\"articleSection\":[\"Cultural Diplomacy\",\"News\"],\"inLanguage\":\"en-US\"},{\"@type\":\"WebPage\",\"@id\":\"https:\/\/ri2020.eu\/en\/galway-and-rijeka-inaugurated-as-european-capitals-of-culture-at-plovdiv-handover-ceremony\/\",\"url\":\"https:\/\/ri2020.eu\/en\/galway-and-rijeka-inaugurated-as-european-capitals-of-culture-at-plovdiv-handover-ceremony\/\",\"name\":\"Galway and Rijeka Inaugurated as European Capitals of Culture at Plovdiv Handover Ceremony &#8226; Rijeka 2020\",\"isPartOf\":{\"@id\":\"https:\/\/ri2020.eu\/en\/#website\"},\"primaryImageOfPage\":{\"@id\":\"https:\/\/ri2020.eu\/en\/galway-and-rijeka-inaugurated-as-european-capitals-of-culture-at-plovdiv-handover-ceremony\/#primaryimage\"},\"image\":{\"@id\":\"https:\/\/ri2020.eu\/en\/galway-and-rijeka-inaugurated-as-european-capitals-of-culture-at-plovdiv-handover-ceremony\/#primaryimage\"},\"thumbnailUrl\":\"https:\/\/ri2020.eu\/wp-content\/uploads\/2020\/01\/sve\u010dana-primopredaja.jpg\",\"datePublished\":\"2020-01-13T10:55:44+00:00\",\"dateModified\":\"2020-01-17T08:37:09+00:00\",\"breadcrumb\":{\"@id\":\"https:\/\/ri2020.eu\/en\/galway-and-rijeka-inaugurated-as-european-capitals-of-culture-at-plovdiv-handover-ceremony\/#breadcrumb\"},\"inLanguage\":\"en-US\",\"potentialAction\":[{\"@type\":\"ReadAction\",\"target\":[\"https:\/\/ri2020.eu\/en\/galway-and-rijeka-inaugurated-as-european-capitals-of-culture-at-plovdiv-handover-ceremony\/\"]}]},{\"@type\":\"ImageObject\",\"inLanguage\":\"en-US\",\"@id\":\"https:\/\/ri2020.eu\/en\/galway-and-rijeka-inaugurated-as-european-capitals-of-culture-at-plovdiv-handover-ceremony\/#primaryimage\",\"url\":\"https:\/\/ri2020.eu\/wp-content\/uploads\/2020\/01\/sve\u010dana-primopredaja.jpg\",\"contentUrl\":\"https:\/\/ri2020.eu\/wp-content\/uploads\/2020\/01\/sve\u010dana-primopredaja.jpg\",\"width\":1800,\"height\":1201},{\"@type\":\"BreadcrumbList\",\"@id\":\"https:\/\/ri2020.eu\/en\/galway-and-rijeka-inaugurated-as-european-capitals-of-culture-at-plovdiv-handover-ceremony\/#breadcrumb\",\"itemListElement\":[{\"@type\":\"ListItem\",\"position\":1,\"name\":\"Home\",\"item\":\"https:\/\/ri2020.eu\/en\/\"},{\"@type\":\"ListItem\",\"position\":2,\"name\":\"Galway and Rijeka Inaugurated as European Capitals of Culture at Plovdiv Handover Ceremony\"}]},{\"@type\":\"WebSite\",\"@id\":\"https:\/\/ri2020.eu\/en\/#website\",\"url\":\"https:\/\/ri2020.eu\/en\/\",\"name\":\"Rijeka 2020\",\"description\":\"Europska prijestolnica kulture\",\"publisher\":{\"@id\":\"https:\/\/ri2020.eu\/en\/#organization\"},\"potentialAction\":[{\"@type\":\"SearchAction\",\"target\":{\"@type\":\"EntryPoint\",\"urlTemplate\":\"https:\/\/ri2020.eu\/en\/?s={search_term_string}\"},\"query-input\":{\"@type\":\"PropertyValueSpecification\",\"valueRequired\":true,\"valueName\":\"search_term_string\"}}],\"inLanguage\":\"en-US\"},{\"@type\":\"Organization\",\"@id\":\"https:\/\/ri2020.eu\/en\/#organization\",\"name\":\"Rijeka 2020 d.o.o.\",\"url\":\"https:\/\/ri2020.eu\/en\/\",\"logo\":{\"@type\":\"ImageObject\",\"inLanguage\":\"en-US\",\"@id\":\"https:\/\/ri2020.eu\/en\/#\/schema\/logo\/image\/\",\"url\":\"https:\/\/rijeka2020.eu\/wp-content\/uploads\/2018\/07\/Ri2020-logo.png\",\"contentUrl\":\"https:\/\/rijeka2020.eu\/wp-content\/uploads\/2018\/07\/Ri2020-logo.png\",\"width\":407,\"height\":175,\"caption\":\"Rijeka 2020 d.o.o.\"},\"image\":{\"@id\":\"https:\/\/ri2020.eu\/en\/#\/schema\/logo\/image\/\"},\"sameAs\":[\"https:\/\/www.facebook.com\/rijeka2020\",\"https:\/\/x.com\/Rijeka2020\",\"https:\/\/www.instagram.com\/rijeka2020\/\",\"https:\/\/www.youtube.com\/user\/riepk2020\"]},{\"@type\":\"Person\",\"@id\":\"https:\/\/ri2020.eu\/en\/#\/schema\/person\/9c12d91df8c45bc534f625d9c81f403d\",\"name\":\"Rijeka 2020\",\"url\":\"https:\/\/ri2020.eu\/en\/author\/lsm\/\"}]}<\/script>\n<!-- \/ Yoast SEO plugin. -->","yoast_head_json":{"title":"Galway and Rijeka Inaugurated as European Capitals of Culture at Plovdiv Handover Ceremony &#8226; Rijeka 2020","robots":{"index":"index","follow":"follow","max-snippet":"max-snippet:-1","max-image-preview":"max-image-preview:large","max-video-preview":"max-video-preview:-1"},"canonical":"https:\/\/ri2020.eu\/en\/galway-and-rijeka-inaugurated-as-european-capitals-of-culture-at-plovdiv-handover-ceremony\/","og_locale":"en_US","og_type":"article","og_title":"Galway and Rijeka Inaugurated as European Capitals of Culture at Plovdiv Handover Ceremony &#8226; Rijeka 2020","og_description":"A ceremony took place at the Boris Hristov House of Culture in Plovdiv, where the title of European Capital of Culture was handed over to the Irish city of Galway and the Croatian city of Rijeka.","og_url":"https:\/\/ri2020.eu\/en\/galway-and-rijeka-inaugurated-as-european-capitals-of-culture-at-plovdiv-handover-ceremony\/","og_site_name":"Rijeka 2020","article_publisher":"https:\/\/www.facebook.com\/rijeka2020","article_published_time":"2020-01-13T10:55:44+00:00","article_modified_time":"2020-01-17T08:37:09+00:00","og_image":[{"width":1800,"height":1201,"url":"https:\/\/ri2020.eu\/wp-content\/uploads\/2020\/01\/sve\u010dana-primopredaja.jpg","type":"image\/jpeg"}],"author":"Rijeka 2020","twitter_card":"summary_large_image","twitter_creator":"@Rijeka2020","twitter_site":"@Rijeka2020","twitter_misc":{"Written by":"Rijeka 2020","Est. reading time":"1 minute"},"schema":{"@context":"https:\/\/schema.org","@graph":[{"@type":"Article","@id":"https:\/\/ri2020.eu\/en\/galway-and-rijeka-inaugurated-as-european-capitals-of-culture-at-plovdiv-handover-ceremony\/#article","isPartOf":{"@id":"https:\/\/ri2020.eu\/en\/galway-and-rijeka-inaugurated-as-european-capitals-of-culture-at-plovdiv-handover-ceremony\/"},"author":{"name":"Rijeka 2020","@id":"https:\/\/ri2020.eu\/en\/#\/schema\/person\/9c12d91df8c45bc534f625d9c81f403d"},"headline":"Galway and Rijeka Inaugurated as European Capitals of Culture at Plovdiv Handover Ceremony","datePublished":"2020-01-13T10:55:44+00:00","dateModified":"2020-01-17T08:37:09+00:00","mainEntityOfPage":{"@id":"https:\/\/ri2020.eu\/en\/galway-and-rijeka-inaugurated-as-european-capitals-of-culture-at-plovdiv-handover-ceremony\/"},"wordCount":213,"publisher":{"@id":"https:\/\/ri2020.eu\/en\/#organization"},"image":{"@id":"https:\/\/ri2020.eu\/en\/galway-and-rijeka-inaugurated-as-european-capitals-of-culture-at-plovdiv-handover-ceremony\/#primaryimage"},"thumbnailUrl":"https:\/\/ri2020.eu\/wp-content\/uploads\/2020\/01\/sve\u010dana-primopredaja.jpg","articleSection":["Cultural Diplomacy","News"],"inLanguage":"en-US"},{"@type":"WebPage","@id":"https:\/\/ri2020.eu\/en\/galway-and-rijeka-inaugurated-as-european-capitals-of-culture-at-plovdiv-handover-ceremony\/","url":"https:\/\/ri2020.eu\/en\/galway-and-rijeka-inaugurated-as-european-capitals-of-culture-at-plovdiv-handover-ceremony\/","name":"Galway and Rijeka Inaugurated as European Capitals of Culture at Plovdiv Handover Ceremony &#8226; Rijeka 2020","isPartOf":{"@id":"https:\/\/ri2020.eu\/en\/#website"},"primaryImageOfPage":{"@id":"https:\/\/ri2020.eu\/en\/galway-and-rijeka-inaugurated-as-european-capitals-of-culture-at-plovdiv-handover-ceremony\/#primaryimage"},"image":{"@id":"https:\/\/ri2020.eu\/en\/galway-and-rijeka-inaugurated-as-european-capitals-of-culture-at-plovdiv-handover-ceremony\/#primaryimage"},"thumbnailUrl":"https:\/\/ri2020.eu\/wp-content\/uploads\/2020\/01\/sve\u010dana-primopredaja.jpg","datePublished":"2020-01-13T10:55:44+00:00","dateModified":"2020-01-17T08:37:09+00:00","breadcrumb":{"@id":"https:\/\/ri2020.eu\/en\/galway-and-rijeka-inaugurated-as-european-capitals-of-culture-at-plovdiv-handover-ceremony\/#breadcrumb"},"inLanguage":"en-US","potentialAction":[{"@type":"ReadAction","target":["https:\/\/ri2020.eu\/en\/galway-and-rijeka-inaugurated-as-european-capitals-of-culture-at-plovdiv-handover-ceremony\/"]}]},{"@type":"ImageObject","inLanguage":"en-US","@id":"https:\/\/ri2020.eu\/en\/galway-and-rijeka-inaugurated-as-european-capitals-of-culture-at-plovdiv-handover-ceremony\/#primaryimage","url":"https:\/\/ri2020.eu\/wp-content\/uploads\/2020\/01\/sve\u010dana-primopredaja.jpg","contentUrl":"https:\/\/ri2020.eu\/wp-content\/uploads\/2020\/01\/sve\u010dana-primopredaja.jpg","width":1800,"height":1201},{"@type":"BreadcrumbList","@id":"https:\/\/ri2020.eu\/en\/galway-and-rijeka-inaugurated-as-european-capitals-of-culture-at-plovdiv-handover-ceremony\/#breadcrumb","itemListElement":[{"@type":"ListItem","position":1,"name":"Home","item":"https:\/\/ri2020.eu\/en\/"},{"@type":"ListItem","position":2,"name":"Galway and Rijeka Inaugurated as European Capitals of Culture at Plovdiv Handover Ceremony"}]},{"@type":"WebSite","@id":"https:\/\/ri2020.eu\/en\/#website","url":"https:\/\/ri2020.eu\/en\/","name":"Rijeka 2020","description":"Europska prijestolnica kulture","publisher":{"@id":"https:\/\/ri2020.eu\/en\/#organization"},"potentialAction":[{"@type":"SearchAction","target":{"@type":"EntryPoint","urlTemplate":"https:\/\/ri2020.eu\/en\/?s={search_term_string}"},"query-input":{"@type":"PropertyValueSpecification","valueRequired":true,"valueName":"search_term_string"}}],"inLanguage":"en-US"},{"@type":"Organization","@id":"https:\/\/ri2020.eu\/en\/#organization","name":"Rijeka 2020 d.o.o.","url":"https:\/\/ri2020.eu\/en\/","logo":{"@type":"ImageObject","inLanguage":"en-US","@id":"https:\/\/ri2020.eu\/en\/#\/schema\/logo\/image\/","url":"https:\/\/rijeka2020.eu\/wp-content\/uploads\/2018\/07\/Ri2020-logo.png","contentUrl":"https:\/\/rijeka2020.eu\/wp-content\/uploads\/2018\/07\/Ri2020-logo.png","width":407,"height":175,"caption":"Rijeka 2020 d.o.o."},"image":{"@id":"https:\/\/ri2020.eu\/en\/#\/schema\/logo\/image\/"},"sameAs":["https:\/\/www.facebook.com\/rijeka2020","https:\/\/x.com\/Rijeka2020","https:\/\/www.instagram.com\/rijeka2020\/","https:\/\/www.youtube.com\/user\/riepk2020"]},{"@type":"Person","@id":"https:\/\/ri2020.eu\/en\/#\/schema\/person\/9c12d91df8c45bc534f625d9c81f403d","name":"Rijeka 2020","url":"https:\/\/ri2020.eu\/en\/author\/lsm\/"}]}},"_links":{"self":[{"href":"https:\/\/ri2020.eu\/en\/wp-json\/wp\/v2\/posts\/47240","targetHints":{"allow":["GET"]}}],"collection":[{"href":"https:\/\/ri2020.eu\/en\/wp-json\/wp\/v2\/posts"}],"about":[{"href":"https:\/\/ri2020.eu\/en\/wp-json\/wp\/v2\/types\/post"}],"author":[{"embeddable":true,"href":"https:\/\/ri2020.eu\/en\/wp-json\/wp\/v2\/users\/72"}],"replies":[{"embeddable":true,"href":"https:\/\/ri2020.eu\/en\/wp-json\/wp\/v2\/comments?post=47240"}],"version-history":[{"count":2,"href":"https:\/\/ri2020.eu\/en\/wp-json\/wp\/v2\/posts\/47240\/revisions"}],"predecessor-version":[{"id":47242,"href":"https:\/\/ri2020.eu\/en\/wp-json\/wp\/v2\/posts\/47240\/revisions\/47242"}],"wp:featuredmedia":[{"embeddable":true,"href":"https:\/\/ri2020.eu\/en\/wp-json\/wp\/v2\/media\/46652"}],"wp:attachment":[{"href":"https:\/\/ri2020.eu\/en\/wp-json\/wp\/v2\/media?parent=47240"}],"wp:term":[{"taxonomy":"category","embeddable":true,"href":"https:\/\/ri2020.eu\/en\/wp-json\/wp\/v2\/categories?post=47240"},{"taxonomy":"post_tag","embeddable":true,"href":"https:\/\/ri2020.eu\/en\/wp-json\/wp\/v2\/tags?post=47240"}],"curies":[{"name":"wp","href":"https:\/\/api.w.org\/{rel}","templated":true}]}}