{"id":45179,"date":"2019-12-02T22:15:16","date_gmt":"2019-12-02T21:15:16","guid":{"rendered":"https:\/\/rijeka2020.eu\/rijeka-povezala-hrvatsku-i-egipat-ovog-vikenda\/"},"modified":"2019-12-19T00:25:08","modified_gmt":"2019-12-18T23:25:08","slug":"rijeka-povezala-hrvatsku-i-egipat-ovog-vikenda","status":"publish","type":"post","link":"https:\/\/ri2020.eu\/en\/rijeka-povezala-hrvatsku-i-egipat-ovog-vikenda\/","title":{"rendered":"Rijeka Connects Croatia and Egypt This Weekend"},"content":{"rendered":"<p>The programme began with a literary talk with the Egyptian author\u00a0<strong>Mansoura Ez-Eldin<\/strong>,\u00a0which was moderated by\u00a0<strong>Tea Tuli\u0107<\/strong>.<\/p>\n<blockquote><p>\u201cWriting is my way of expressing myself and of understanding the world around me. Even though my writing touches upon the political situation in my country, and I have even been writing about the Egyptian revolution, I do not like being described as a political activist or feminist &#8211; I am first and foremost a writer,\u201d<\/p><\/blockquote>\n<p><strong>Ez-Eldin<\/strong>\u00a0<strong>pointed out<\/strong><em>.<\/em><\/p>\n<p><img loading=\"lazy\" decoding=\"async\" class=\"alignnone size-full wp-image-44578\" src=\"https:\/\/rijeka2020.eu\/wp-content\/uploads\/2019\/12\/1T0A2189.jpg\" alt=\"\" width=\"2000\" height=\"1333\" srcset=\"https:\/\/ri2020.eu\/wp-content\/uploads\/2019\/12\/1T0A2189.jpg 2000w, https:\/\/ri2020.eu\/wp-content\/uploads\/2019\/12\/1T0A2189-640x427.jpg 640w, https:\/\/ri2020.eu\/wp-content\/uploads\/2019\/12\/1T0A2189-1024x682.jpg 1024w, https:\/\/ri2020.eu\/wp-content\/uploads\/2019\/12\/1T0A2189-768x512.jpg 768w, https:\/\/ri2020.eu\/wp-content\/uploads\/2019\/12\/1T0A2189-1536x1024.jpg 1536w, https:\/\/ri2020.eu\/wp-content\/uploads\/2019\/12\/1T0A2189-250x167.jpg 250w, https:\/\/ri2020.eu\/wp-content\/uploads\/2019\/12\/1T0A2189-420x280.jpg 420w\" sizes=\"auto, (max-width: 2000px) 100vw, 2000px\" \/><\/p>\n<p>She added that we all live in a world full of walls and barriers, and that we need to start building bridges that will bring us closer together, and her view of writing as exactly that &#8211; as a bridge towards the people, towards the readers.<\/p>\n<blockquote><p>\u201cI believe we are all very much alike, regardless of which part of the world we come from and I refuse to accept the idea that we should be looking at each other through the prism of Otherness,\u201d<\/p><\/blockquote>\n<p>Ez Eldin said.<\/p>\n<p>The Minority Literatures Revue is a literary festival showcasing the work of young generations of writers whose works have not yet been translated into Croatian and published in Croatia, but who are established, well-known and award-winning authors in their home countries.<\/p>\n<blockquote><p>\u201cThe Minority Literatures Revue showcases the so-called small languages and small literatures that are having a hard time finding their way to the global readers market, including the Croatian market, and this is one of the reasons why this programme fits in so well with our flagship,\u201d<\/p><\/blockquote>\n<p>said\u00a0<strong>Lela Vujani\u0107, Head of the Kitchen of Diversity flagship of the European Capital of Culture project.<\/strong><\/p>\n<p><img loading=\"lazy\" decoding=\"async\" class=\"alignnone size-full wp-image-44581\" src=\"https:\/\/rijeka2020.eu\/wp-content\/uploads\/2019\/12\/1T0A2195.jpg\" alt=\"\" width=\"2000\" height=\"1333\" srcset=\"https:\/\/ri2020.eu\/wp-content\/uploads\/2019\/12\/1T0A2195.jpg 2000w, https:\/\/ri2020.eu\/wp-content\/uploads\/2019\/12\/1T0A2195-640x427.jpg 640w, https:\/\/ri2020.eu\/wp-content\/uploads\/2019\/12\/1T0A2195-1024x682.jpg 1024w, https:\/\/ri2020.eu\/wp-content\/uploads\/2019\/12\/1T0A2195-768x512.jpg 768w, https:\/\/ri2020.eu\/wp-content\/uploads\/2019\/12\/1T0A2195-1536x1024.jpg 1536w, https:\/\/ri2020.eu\/wp-content\/uploads\/2019\/12\/1T0A2195-250x167.jpg 250w, https:\/\/ri2020.eu\/wp-content\/uploads\/2019\/12\/1T0A2195-420x280.jpg 420w\" sizes=\"auto, (max-width: 2000px) 100vw, 2000px\" \/><\/p>\n<blockquote><p>\u201cThe focus of the 2017 edition of the festival was the literature of the United States of Levant, while last year we dealt with the literature of the Maghreb countries. All these countries went through a variety of political upheavals and conflicts, both in modern times and historically. What connects them all to Rijeka is precisely this historical component given the fact that Rijeka has been governed by six different countries over the past 100 years or so. The Minority Literatures Revue has a great programme in store for you once again in 2020. We will be dealing with the Arabic Mediterranean viewed, of course, through the prism of literature, but also of activism,\u201d<\/p><\/blockquote>\n<p>Vujani\u0107 explained.<\/p>\n<p>As part of the festival taking place in\u00a0<strong>Zagreb, Rijeka and Dubrovnik<\/strong>, we witnessed the publication of\u00a0<strong>an anthology of contemporary Egyptian literature, entitled<\/strong>\u00a0<em>Our Trumpets Have Caused Silence<\/em>. The selection of authors was done by Zeina G. Halabi, Assistant Professor at the Arabic Language and Literature department of the American University of Beirut.<\/p>\n<p><img loading=\"lazy\" decoding=\"async\" class=\"alignnone size-full wp-image-44584\" src=\"https:\/\/rijeka2020.eu\/wp-content\/uploads\/2019\/12\/1T0A2277.jpg\" alt=\"\" width=\"2000\" height=\"1333\" srcset=\"https:\/\/ri2020.eu\/wp-content\/uploads\/2019\/12\/1T0A2277.jpg 2000w, https:\/\/ri2020.eu\/wp-content\/uploads\/2019\/12\/1T0A2277-640x427.jpg 640w, https:\/\/ri2020.eu\/wp-content\/uploads\/2019\/12\/1T0A2277-1024x682.jpg 1024w, https:\/\/ri2020.eu\/wp-content\/uploads\/2019\/12\/1T0A2277-768x512.jpg 768w, https:\/\/ri2020.eu\/wp-content\/uploads\/2019\/12\/1T0A2277-1536x1024.jpg 1536w, https:\/\/ri2020.eu\/wp-content\/uploads\/2019\/12\/1T0A2277-250x167.jpg 250w, https:\/\/ri2020.eu\/wp-content\/uploads\/2019\/12\/1T0A2277-420x280.jpg 420w\" sizes=\"auto, (max-width: 2000px) 100vw, 2000px\" \/><\/p>\n<p>The literary talk with Mansoura Ez-Eldin at the Mini Art Cinema was followed by\u00a0<strong>a screening of\u00a0<\/strong><em><strong>Fallen Angels\u2019 Paradise<\/strong><\/em><strong>,\u00a0a film selected by the film curator Ahmed Refaata.<\/strong><\/p>\n<p>The Minority Literature Revue \u2013 Egypt is supported by the Ministry of Culture of the Republic of Croatia, City of Zagreb \u2013 City Office for Culture, the Kultura Nova Foundation, the National Foundation for Civil Society Development, the Kitchen of Diversity flagship of Rijeka 2020 ECoC and the Creative Europe fund and is organised in cooperation with the Human Rights Film Festival, Art Kino Croatia in Rijeka, Lazareti \u2013 Creative Neighbourhood of Dubrovnik, the \u017divi Atelje Gallery, the Mijo Mirkovi\u0107 Secondary School of Economics in Rijeka, the Antun Gustav Mato\u0161 Grammar School in Samobor, the Classical Gymnasium in Zagreb, the Dubrovnik Secondary School of Tourism and Hospitality and the Cultural Information Centre (KIC) in Zagreb.<\/p>\n","protected":false},"excerpt":{"rendered":"<p>As part of the Kitchen of Diversity flagship of the European Capital of Culture project, a festival entitled Minority Literatures Revue was held at the Mini Art Cinema, which this year showcased the literature of Egypt. The event was organised by the Kulturtreger Association \/ Booksa Book Club from Zagreb.<\/p>\n","protected":false},"author":72,"featured_media":44575,"comment_status":"closed","ping_status":"closed","sticky":false,"template":"","format":"standard","meta":{"_acf_changed":false,"footnotes":""},"categories":[2959,2731],"tags":[],"class_list":["post-45179","post","type-post","status-publish","format-standard","has-post-thumbnail","hentry","category-kitchen-of-diversity","category-news"],"acf":[],"yoast_head":"<!-- This site is optimized with the Yoast SEO plugin v26.8 - https:\/\/yoast.com\/product\/yoast-seo-wordpress\/ -->\n<title>Rijeka Connects Croatia and Egypt This Weekend &#8226; Rijeka 2020<\/title>\n<meta name=\"robots\" content=\"index, follow, max-snippet:-1, max-image-preview:large, max-video-preview:-1\" \/>\n<link rel=\"canonical\" href=\"https:\/\/ri2020.eu\/en\/rijeka-povezala-hrvatsku-i-egipat-ovog-vikenda\/\" \/>\n<meta property=\"og:locale\" content=\"en_US\" \/>\n<meta property=\"og:type\" content=\"article\" \/>\n<meta property=\"og:title\" content=\"Rijeka Connects Croatia and Egypt This Weekend &#8226; Rijeka 2020\" \/>\n<meta property=\"og:description\" content=\"As part of the Kitchen of Diversity flagship of the European Capital of Culture project, a festival entitled Minority Literatures Revue was held at the Mini Art Cinema, which this year showcased the literature of Egypt. The event was organised by the Kulturtreger Association \/ Booksa Book Club from Zagreb.\" \/>\n<meta property=\"og:url\" content=\"https:\/\/ri2020.eu\/en\/rijeka-povezala-hrvatsku-i-egipat-ovog-vikenda\/\" \/>\n<meta property=\"og:site_name\" content=\"Rijeka 2020\" \/>\n<meta property=\"article:publisher\" content=\"https:\/\/www.facebook.com\/rijeka2020\" \/>\n<meta property=\"article:published_time\" content=\"2019-12-02T21:15:16+00:00\" \/>\n<meta property=\"article:modified_time\" content=\"2019-12-18T23:25:08+00:00\" \/>\n<meta property=\"og:image\" content=\"https:\/\/ri2020.eu\/wp-content\/uploads\/2019\/12\/1T0A2263-694x450-1.jpg\" \/>\n\t<meta property=\"og:image:width\" content=\"694\" \/>\n\t<meta property=\"og:image:height\" content=\"450\" \/>\n\t<meta property=\"og:image:type\" content=\"image\/jpeg\" \/>\n<meta name=\"author\" content=\"Rijeka 2020\" \/>\n<meta name=\"twitter:card\" content=\"summary_large_image\" \/>\n<meta name=\"twitter:creator\" content=\"@Rijeka2020\" \/>\n<meta name=\"twitter:site\" content=\"@Rijeka2020\" \/>\n<meta name=\"twitter:label1\" content=\"Written by\" \/>\n\t<meta name=\"twitter:data1\" content=\"Rijeka 2020\" \/>\n\t<meta name=\"twitter:label2\" content=\"Est. reading time\" \/>\n\t<meta name=\"twitter:data2\" content=\"3 minutes\" \/>\n<script type=\"application\/ld+json\" class=\"yoast-schema-graph\">{\"@context\":\"https:\/\/schema.org\",\"@graph\":[{\"@type\":\"Article\",\"@id\":\"https:\/\/ri2020.eu\/en\/rijeka-povezala-hrvatsku-i-egipat-ovog-vikenda\/#article\",\"isPartOf\":{\"@id\":\"https:\/\/ri2020.eu\/en\/rijeka-povezala-hrvatsku-i-egipat-ovog-vikenda\/\"},\"author\":{\"name\":\"Rijeka 2020\",\"@id\":\"https:\/\/ri2020.eu\/en\/#\/schema\/person\/9c12d91df8c45bc534f625d9c81f403d\"},\"headline\":\"Rijeka Connects Croatia and Egypt This Weekend\",\"datePublished\":\"2019-12-02T21:15:16+00:00\",\"dateModified\":\"2019-12-18T23:25:08+00:00\",\"mainEntityOfPage\":{\"@id\":\"https:\/\/ri2020.eu\/en\/rijeka-povezala-hrvatsku-i-egipat-ovog-vikenda\/\"},\"wordCount\":584,\"publisher\":{\"@id\":\"https:\/\/ri2020.eu\/en\/#organization\"},\"image\":{\"@id\":\"https:\/\/ri2020.eu\/en\/rijeka-povezala-hrvatsku-i-egipat-ovog-vikenda\/#primaryimage\"},\"thumbnailUrl\":\"https:\/\/ri2020.eu\/wp-content\/uploads\/2019\/12\/1T0A2263-694x450-1.jpg\",\"articleSection\":[\"Kitchen of Diversity\",\"News\"],\"inLanguage\":\"en-US\"},{\"@type\":\"WebPage\",\"@id\":\"https:\/\/ri2020.eu\/en\/rijeka-povezala-hrvatsku-i-egipat-ovog-vikenda\/\",\"url\":\"https:\/\/ri2020.eu\/en\/rijeka-povezala-hrvatsku-i-egipat-ovog-vikenda\/\",\"name\":\"Rijeka Connects Croatia and Egypt This Weekend &#8226; Rijeka 2020\",\"isPartOf\":{\"@id\":\"https:\/\/ri2020.eu\/en\/#website\"},\"primaryImageOfPage\":{\"@id\":\"https:\/\/ri2020.eu\/en\/rijeka-povezala-hrvatsku-i-egipat-ovog-vikenda\/#primaryimage\"},\"image\":{\"@id\":\"https:\/\/ri2020.eu\/en\/rijeka-povezala-hrvatsku-i-egipat-ovog-vikenda\/#primaryimage\"},\"thumbnailUrl\":\"https:\/\/ri2020.eu\/wp-content\/uploads\/2019\/12\/1T0A2263-694x450-1.jpg\",\"datePublished\":\"2019-12-02T21:15:16+00:00\",\"dateModified\":\"2019-12-18T23:25:08+00:00\",\"breadcrumb\":{\"@id\":\"https:\/\/ri2020.eu\/en\/rijeka-povezala-hrvatsku-i-egipat-ovog-vikenda\/#breadcrumb\"},\"inLanguage\":\"en-US\",\"potentialAction\":[{\"@type\":\"ReadAction\",\"target\":[\"https:\/\/ri2020.eu\/en\/rijeka-povezala-hrvatsku-i-egipat-ovog-vikenda\/\"]}]},{\"@type\":\"ImageObject\",\"inLanguage\":\"en-US\",\"@id\":\"https:\/\/ri2020.eu\/en\/rijeka-povezala-hrvatsku-i-egipat-ovog-vikenda\/#primaryimage\",\"url\":\"https:\/\/ri2020.eu\/wp-content\/uploads\/2019\/12\/1T0A2263-694x450-1.jpg\",\"contentUrl\":\"https:\/\/ri2020.eu\/wp-content\/uploads\/2019\/12\/1T0A2263-694x450-1.jpg\",\"width\":694,\"height\":450},{\"@type\":\"BreadcrumbList\",\"@id\":\"https:\/\/ri2020.eu\/en\/rijeka-povezala-hrvatsku-i-egipat-ovog-vikenda\/#breadcrumb\",\"itemListElement\":[{\"@type\":\"ListItem\",\"position\":1,\"name\":\"Home\",\"item\":\"https:\/\/ri2020.eu\/en\/\"},{\"@type\":\"ListItem\",\"position\":2,\"name\":\"Rijeka Connects Croatia and Egypt This Weekend\"}]},{\"@type\":\"WebSite\",\"@id\":\"https:\/\/ri2020.eu\/en\/#website\",\"url\":\"https:\/\/ri2020.eu\/en\/\",\"name\":\"Rijeka 2020\",\"description\":\"Europska prijestolnica kulture\",\"publisher\":{\"@id\":\"https:\/\/ri2020.eu\/en\/#organization\"},\"potentialAction\":[{\"@type\":\"SearchAction\",\"target\":{\"@type\":\"EntryPoint\",\"urlTemplate\":\"https:\/\/ri2020.eu\/en\/?s={search_term_string}\"},\"query-input\":{\"@type\":\"PropertyValueSpecification\",\"valueRequired\":true,\"valueName\":\"search_term_string\"}}],\"inLanguage\":\"en-US\"},{\"@type\":\"Organization\",\"@id\":\"https:\/\/ri2020.eu\/en\/#organization\",\"name\":\"Rijeka 2020 d.o.o.\",\"url\":\"https:\/\/ri2020.eu\/en\/\",\"logo\":{\"@type\":\"ImageObject\",\"inLanguage\":\"en-US\",\"@id\":\"https:\/\/ri2020.eu\/en\/#\/schema\/logo\/image\/\",\"url\":\"https:\/\/rijeka2020.eu\/wp-content\/uploads\/2018\/07\/Ri2020-logo.png\",\"contentUrl\":\"https:\/\/rijeka2020.eu\/wp-content\/uploads\/2018\/07\/Ri2020-logo.png\",\"width\":407,\"height\":175,\"caption\":\"Rijeka 2020 d.o.o.\"},\"image\":{\"@id\":\"https:\/\/ri2020.eu\/en\/#\/schema\/logo\/image\/\"},\"sameAs\":[\"https:\/\/www.facebook.com\/rijeka2020\",\"https:\/\/x.com\/Rijeka2020\",\"https:\/\/www.instagram.com\/rijeka2020\/\",\"https:\/\/www.youtube.com\/user\/riepk2020\"]},{\"@type\":\"Person\",\"@id\":\"https:\/\/ri2020.eu\/en\/#\/schema\/person\/9c12d91df8c45bc534f625d9c81f403d\",\"name\":\"Rijeka 2020\",\"url\":\"https:\/\/ri2020.eu\/en\/author\/lsm\/\"}]}<\/script>\n<!-- \/ Yoast SEO plugin. -->","yoast_head_json":{"title":"Rijeka Connects Croatia and Egypt This Weekend &#8226; Rijeka 2020","robots":{"index":"index","follow":"follow","max-snippet":"max-snippet:-1","max-image-preview":"max-image-preview:large","max-video-preview":"max-video-preview:-1"},"canonical":"https:\/\/ri2020.eu\/en\/rijeka-povezala-hrvatsku-i-egipat-ovog-vikenda\/","og_locale":"en_US","og_type":"article","og_title":"Rijeka Connects Croatia and Egypt This Weekend &#8226; Rijeka 2020","og_description":"As part of the Kitchen of Diversity flagship of the European Capital of Culture project, a festival entitled Minority Literatures Revue was held at the Mini Art Cinema, which this year showcased the literature of Egypt. The event was organised by the Kulturtreger Association \/ Booksa Book Club from Zagreb.","og_url":"https:\/\/ri2020.eu\/en\/rijeka-povezala-hrvatsku-i-egipat-ovog-vikenda\/","og_site_name":"Rijeka 2020","article_publisher":"https:\/\/www.facebook.com\/rijeka2020","article_published_time":"2019-12-02T21:15:16+00:00","article_modified_time":"2019-12-18T23:25:08+00:00","og_image":[{"width":694,"height":450,"url":"https:\/\/ri2020.eu\/wp-content\/uploads\/2019\/12\/1T0A2263-694x450-1.jpg","type":"image\/jpeg"}],"author":"Rijeka 2020","twitter_card":"summary_large_image","twitter_creator":"@Rijeka2020","twitter_site":"@Rijeka2020","twitter_misc":{"Written by":"Rijeka 2020","Est. reading time":"3 minutes"},"schema":{"@context":"https:\/\/schema.org","@graph":[{"@type":"Article","@id":"https:\/\/ri2020.eu\/en\/rijeka-povezala-hrvatsku-i-egipat-ovog-vikenda\/#article","isPartOf":{"@id":"https:\/\/ri2020.eu\/en\/rijeka-povezala-hrvatsku-i-egipat-ovog-vikenda\/"},"author":{"name":"Rijeka 2020","@id":"https:\/\/ri2020.eu\/en\/#\/schema\/person\/9c12d91df8c45bc534f625d9c81f403d"},"headline":"Rijeka Connects Croatia and Egypt This Weekend","datePublished":"2019-12-02T21:15:16+00:00","dateModified":"2019-12-18T23:25:08+00:00","mainEntityOfPage":{"@id":"https:\/\/ri2020.eu\/en\/rijeka-povezala-hrvatsku-i-egipat-ovog-vikenda\/"},"wordCount":584,"publisher":{"@id":"https:\/\/ri2020.eu\/en\/#organization"},"image":{"@id":"https:\/\/ri2020.eu\/en\/rijeka-povezala-hrvatsku-i-egipat-ovog-vikenda\/#primaryimage"},"thumbnailUrl":"https:\/\/ri2020.eu\/wp-content\/uploads\/2019\/12\/1T0A2263-694x450-1.jpg","articleSection":["Kitchen of Diversity","News"],"inLanguage":"en-US"},{"@type":"WebPage","@id":"https:\/\/ri2020.eu\/en\/rijeka-povezala-hrvatsku-i-egipat-ovog-vikenda\/","url":"https:\/\/ri2020.eu\/en\/rijeka-povezala-hrvatsku-i-egipat-ovog-vikenda\/","name":"Rijeka Connects Croatia and Egypt This Weekend &#8226; Rijeka 2020","isPartOf":{"@id":"https:\/\/ri2020.eu\/en\/#website"},"primaryImageOfPage":{"@id":"https:\/\/ri2020.eu\/en\/rijeka-povezala-hrvatsku-i-egipat-ovog-vikenda\/#primaryimage"},"image":{"@id":"https:\/\/ri2020.eu\/en\/rijeka-povezala-hrvatsku-i-egipat-ovog-vikenda\/#primaryimage"},"thumbnailUrl":"https:\/\/ri2020.eu\/wp-content\/uploads\/2019\/12\/1T0A2263-694x450-1.jpg","datePublished":"2019-12-02T21:15:16+00:00","dateModified":"2019-12-18T23:25:08+00:00","breadcrumb":{"@id":"https:\/\/ri2020.eu\/en\/rijeka-povezala-hrvatsku-i-egipat-ovog-vikenda\/#breadcrumb"},"inLanguage":"en-US","potentialAction":[{"@type":"ReadAction","target":["https:\/\/ri2020.eu\/en\/rijeka-povezala-hrvatsku-i-egipat-ovog-vikenda\/"]}]},{"@type":"ImageObject","inLanguage":"en-US","@id":"https:\/\/ri2020.eu\/en\/rijeka-povezala-hrvatsku-i-egipat-ovog-vikenda\/#primaryimage","url":"https:\/\/ri2020.eu\/wp-content\/uploads\/2019\/12\/1T0A2263-694x450-1.jpg","contentUrl":"https:\/\/ri2020.eu\/wp-content\/uploads\/2019\/12\/1T0A2263-694x450-1.jpg","width":694,"height":450},{"@type":"BreadcrumbList","@id":"https:\/\/ri2020.eu\/en\/rijeka-povezala-hrvatsku-i-egipat-ovog-vikenda\/#breadcrumb","itemListElement":[{"@type":"ListItem","position":1,"name":"Home","item":"https:\/\/ri2020.eu\/en\/"},{"@type":"ListItem","position":2,"name":"Rijeka Connects Croatia and Egypt This Weekend"}]},{"@type":"WebSite","@id":"https:\/\/ri2020.eu\/en\/#website","url":"https:\/\/ri2020.eu\/en\/","name":"Rijeka 2020","description":"Europska prijestolnica kulture","publisher":{"@id":"https:\/\/ri2020.eu\/en\/#organization"},"potentialAction":[{"@type":"SearchAction","target":{"@type":"EntryPoint","urlTemplate":"https:\/\/ri2020.eu\/en\/?s={search_term_string}"},"query-input":{"@type":"PropertyValueSpecification","valueRequired":true,"valueName":"search_term_string"}}],"inLanguage":"en-US"},{"@type":"Organization","@id":"https:\/\/ri2020.eu\/en\/#organization","name":"Rijeka 2020 d.o.o.","url":"https:\/\/ri2020.eu\/en\/","logo":{"@type":"ImageObject","inLanguage":"en-US","@id":"https:\/\/ri2020.eu\/en\/#\/schema\/logo\/image\/","url":"https:\/\/rijeka2020.eu\/wp-content\/uploads\/2018\/07\/Ri2020-logo.png","contentUrl":"https:\/\/rijeka2020.eu\/wp-content\/uploads\/2018\/07\/Ri2020-logo.png","width":407,"height":175,"caption":"Rijeka 2020 d.o.o."},"image":{"@id":"https:\/\/ri2020.eu\/en\/#\/schema\/logo\/image\/"},"sameAs":["https:\/\/www.facebook.com\/rijeka2020","https:\/\/x.com\/Rijeka2020","https:\/\/www.instagram.com\/rijeka2020\/","https:\/\/www.youtube.com\/user\/riepk2020"]},{"@type":"Person","@id":"https:\/\/ri2020.eu\/en\/#\/schema\/person\/9c12d91df8c45bc534f625d9c81f403d","name":"Rijeka 2020","url":"https:\/\/ri2020.eu\/en\/author\/lsm\/"}]}},"_links":{"self":[{"href":"https:\/\/ri2020.eu\/en\/wp-json\/wp\/v2\/posts\/45179","targetHints":{"allow":["GET"]}}],"collection":[{"href":"https:\/\/ri2020.eu\/en\/wp-json\/wp\/v2\/posts"}],"about":[{"href":"https:\/\/ri2020.eu\/en\/wp-json\/wp\/v2\/types\/post"}],"author":[{"embeddable":true,"href":"https:\/\/ri2020.eu\/en\/wp-json\/wp\/v2\/users\/72"}],"replies":[{"embeddable":true,"href":"https:\/\/ri2020.eu\/en\/wp-json\/wp\/v2\/comments?post=45179"}],"version-history":[{"count":2,"href":"https:\/\/ri2020.eu\/en\/wp-json\/wp\/v2\/posts\/45179\/revisions"}],"predecessor-version":[{"id":45181,"href":"https:\/\/ri2020.eu\/en\/wp-json\/wp\/v2\/posts\/45179\/revisions\/45181"}],"wp:featuredmedia":[{"embeddable":true,"href":"https:\/\/ri2020.eu\/en\/wp-json\/wp\/v2\/media\/44575"}],"wp:attachment":[{"href":"https:\/\/ri2020.eu\/en\/wp-json\/wp\/v2\/media?parent=45179"}],"wp:term":[{"taxonomy":"category","embeddable":true,"href":"https:\/\/ri2020.eu\/en\/wp-json\/wp\/v2\/categories?post=45179"},{"taxonomy":"post_tag","embeddable":true,"href":"https:\/\/ri2020.eu\/en\/wp-json\/wp\/v2\/tags?post=45179"}],"curies":[{"name":"wp","href":"https:\/\/api.w.org\/{rel}","templated":true}]}}