{"id":45177,"date":"2019-11-28T18:54:11","date_gmt":"2019-11-28T17:54:11","guid":{"rendered":"https:\/\/rijeka2020.eu\/europska-komisija-objavila-pozitivno-zavrsno-izvjesce-monitoringa-rijeke-2020-europske-prijestolnice-kulture\/"},"modified":"2019-12-19T00:22:01","modified_gmt":"2019-12-18T23:22:01","slug":"the-european-commission-issues-a-positive-final-monitoring-report-for-the-rijeka-2020-european-capital-of-culture-project","status":"publish","type":"post","link":"https:\/\/ri2020.eu\/en\/the-european-commission-issues-a-positive-final-monitoring-report-for-the-rijeka-2020-european-capital-of-culture-project\/","title":{"rendered":"The European Commission Issues a Positive Final Monitoring Report for the Rijeka 2020 \u2013 European Capital of Culture Project"},"content":{"rendered":"<p><strong>After Rijeka won the European Commission Melina Mercouri award of \u20ac1.5 million for the successful implementation of the European Capital of Culture project so far, the third and final report of the monitoring process carried out by the EU expert panel was published today on the official EC website. The report grants Rijeka&#8217;s project a positive final rating and it primarily deals with the project&#8217;s legacy.<\/strong><\/p>\n<p><strong>Rijeka&#8217;s delegation, consisting of representatives of the City of Rijeka and of the RIJEKA 2020 project, travelled to the Irish city of Galway in October for a meeting and a presentation before a panel of experts tasked with monitoring the implementation of the European Capital of Culture project,<\/strong>\u00a0which was followed by the Commission&#8217;s decision to grant the Melina Mercouri Award to Rijeka. Along with Rijeka, the same process was undergone by the city of Galway, which is Ireland\u2019s European Capital of Culture for 2020. As is well known, both cities have won this significant financial award for the successful implementation of the project, and the panel of experts has now issued the final report on the monitoring process.<\/p>\n<p><strong>In its third monitoring report, the Commission commends the efforts of RIJEKA 2020 thus far, as well as the plans regarding the implementation of the programmes and the strategic approach to the topics of the project&#8217;s legacy<\/strong>. The report also states that\u00a0<strong>Rijeka&#8217;s ECoC project can serve as a positive example of the impact the European Capital of Culture title can have on the overall cultural development of the title holder<\/strong>, and it also indicates that\u00a0<strong>Rijeka is making full use of this project in the creation of a new identity of the city that has culture deeply ingrained in its DNA<\/strong>. The city of Rijeka&#8217;s strong support for the project was also rated positively by the Commission, and it congratulated the organisers on the successful and efficient utilisation of the European financial resources in the renovation of the city&#8217;s cultural infrastructure.<\/p>\n<p><strong>The organisers&#8217; approach to communications and marketing was rated as professional and well thought out, and the Commission also commended the visual identity and overall branding of the project.<\/strong>\u00a0Further communication of the general messages of the ECoC project to the domestic and European general public, done in an even clearer fashion, could help achieve an even greater degree of coherence of the programmes and of the specific messages that Rijeka wants to send out.<\/p>\n<p>Apart from that, the Commission commended all the teamwork that is being put into the project, as well as the team itself, who never fail to find a positive way of dealing with all the challenges they are faced with. The Commission pointed out that the perseverance of the team members will be of crucial importance in the upcoming phase of the programme implementation.<\/p>\n<p><strong>The fact that next year will be the year of Croatia\u2019s EU Presidency and Rijeka\u2019s European Capital of Culture year is seen by the EC expert group as a major opportunity to increase the visibility of Rijeka, the ECoC project, and culture in general at the European scale.<\/strong>\u00a0In that sense, the Commission commended the support provided by the Croatian Ministry of Foreign and European Affairs for this project, and Rijeka\u2019s team has already confirmed that the collaboration on this matter is already underway in a series of announced events and conferences, but also in the sense of planned meetings that are yet to take place before the official ECoC opening ceremony, such as the Council of Ministers of Culture of the South East Europe Meeting.<\/p>\n<p><strong>The Commission ends the report with acknowledgements of the RIJEKA 2020 company and of all the partners involved in the European Capital of Culture project for their devotion, and also expresses a firm belief in the successful implementation of the programme<\/strong>.<\/p>\n<p><em>The Members of the expert panel tasked with the monitoring of the Rijeka 2020 European Capital of Culture project implementation were Sylvia Amann, Cristina Farinha and Agnieszka Wlazel appointed by the European Parliament, Paulina Florjanowicz, Dessislava Gavrilova and Pierre Sauvageot, appointed by the Council of the EU, Beatriz Garcia, Ji\u0159\u00ed Such\u00e1nek and Suzana \u017dili\u010d Fi\u0161er appointed by the European Commission and Alin Adrian Nica, emissary of the European Committee of the Regions.<\/em><\/p>\n<p><em>The officials representing Rijeka were: Vojko Obersnel, Mayor of Rijeka, Ivan \u0160arar, Head of Rijeka\u2019s Department of Culture, Emina Vi\u0161ni\u0107, CEO of RIJEKA 2020, Slaven Tolj, Artistic Director of the project, Irena Kregar \u0160egota, Partnership and Communications Director, Iva Grego, Operations Director, and Dra\u017een Nikoli\u0107, Brand Management Consultant.<\/em><\/p>\n","protected":false},"excerpt":{"rendered":"<p>The third and final, positive monitoring report was issued by the European Commission after Rijeka&#8217;s ECoC team showcased the project and programme for 2020 before an EU panel of experts.<\/p>\n","protected":false},"author":72,"featured_media":32849,"comment_status":"closed","ping_status":"closed","sticky":false,"template":"","format":"standard","meta":{"_acf_changed":false,"footnotes":""},"categories":[4313,2731],"tags":[],"class_list":["post-45177","post","type-post","status-publish","format-standard","has-post-thumbnail","hentry","category-cultural-diplomacy","category-news"],"acf":[],"yoast_head":"<!-- This site is optimized with the Yoast SEO plugin v26.8 - https:\/\/yoast.com\/product\/yoast-seo-wordpress\/ -->\n<title>The European Commission Issues a Positive Final Monitoring Report for the Rijeka 2020 \u2013 European Capital of Culture Project &#8226; Rijeka 2020<\/title>\n<meta name=\"robots\" content=\"index, follow, max-snippet:-1, max-image-preview:large, max-video-preview:-1\" \/>\n<link rel=\"canonical\" href=\"https:\/\/ri2020.eu\/en\/the-european-commission-issues-a-positive-final-monitoring-report-for-the-rijeka-2020-european-capital-of-culture-project\/\" \/>\n<meta property=\"og:locale\" content=\"en_US\" \/>\n<meta property=\"og:type\" content=\"article\" \/>\n<meta property=\"og:title\" content=\"The European Commission Issues a Positive Final Monitoring Report for the Rijeka 2020 \u2013 European Capital of Culture Project &#8226; Rijeka 2020\" \/>\n<meta property=\"og:description\" content=\"The third and final, positive monitoring report was issued by the European Commission after Rijeka&#039;s ECoC team showcased the project and programme for 2020 before an EU panel of experts.\" \/>\n<meta property=\"og:url\" content=\"https:\/\/ri2020.eu\/en\/the-european-commission-issues-a-positive-final-monitoring-report-for-the-rijeka-2020-european-capital-of-culture-project\/\" \/>\n<meta property=\"og:site_name\" content=\"Rijeka 2020\" \/>\n<meta property=\"article:publisher\" content=\"https:\/\/www.facebook.com\/rijeka2020\" \/>\n<meta property=\"article:published_time\" content=\"2019-11-28T17:54:11+00:00\" \/>\n<meta property=\"article:modified_time\" content=\"2019-12-18T23:22:01+00:00\" \/>\n<meta property=\"og:image\" content=\"https:\/\/ri2020.eu\/wp-content\/uploads\/2019\/10\/Rije\u010dki-tim-i-tim-grada-Galwaya-s-predstavnicima-stru\u010dnog-panela.jpg\" \/>\n\t<meta property=\"og:image:width\" content=\"2048\" \/>\n\t<meta property=\"og:image:height\" content=\"1272\" \/>\n\t<meta property=\"og:image:type\" content=\"image\/jpeg\" \/>\n<meta name=\"author\" content=\"Rijeka 2020\" \/>\n<meta name=\"twitter:card\" content=\"summary_large_image\" \/>\n<meta name=\"twitter:creator\" content=\"@Rijeka2020\" \/>\n<meta name=\"twitter:site\" content=\"@Rijeka2020\" \/>\n<meta name=\"twitter:label1\" content=\"Written by\" \/>\n\t<meta name=\"twitter:data1\" content=\"Rijeka 2020\" \/>\n\t<meta name=\"twitter:label2\" content=\"Est. reading time\" \/>\n\t<meta name=\"twitter:data2\" content=\"4 minutes\" \/>\n<script type=\"application\/ld+json\" class=\"yoast-schema-graph\">{\"@context\":\"https:\/\/schema.org\",\"@graph\":[{\"@type\":\"Article\",\"@id\":\"https:\/\/ri2020.eu\/en\/the-european-commission-issues-a-positive-final-monitoring-report-for-the-rijeka-2020-european-capital-of-culture-project\/#article\",\"isPartOf\":{\"@id\":\"https:\/\/ri2020.eu\/en\/the-european-commission-issues-a-positive-final-monitoring-report-for-the-rijeka-2020-european-capital-of-culture-project\/\"},\"author\":{\"name\":\"Rijeka 2020\",\"@id\":\"https:\/\/ri2020.eu\/en\/#\/schema\/person\/9c12d91df8c45bc534f625d9c81f403d\"},\"headline\":\"The European Commission Issues a Positive Final Monitoring Report for the Rijeka 2020 \u2013 European Capital of Culture Project\",\"datePublished\":\"2019-11-28T17:54:11+00:00\",\"dateModified\":\"2019-12-18T23:22:01+00:00\",\"mainEntityOfPage\":{\"@id\":\"https:\/\/ri2020.eu\/en\/the-european-commission-issues-a-positive-final-monitoring-report-for-the-rijeka-2020-european-capital-of-culture-project\/\"},\"wordCount\":780,\"publisher\":{\"@id\":\"https:\/\/ri2020.eu\/en\/#organization\"},\"image\":{\"@id\":\"https:\/\/ri2020.eu\/en\/the-european-commission-issues-a-positive-final-monitoring-report-for-the-rijeka-2020-european-capital-of-culture-project\/#primaryimage\"},\"thumbnailUrl\":\"https:\/\/ri2020.eu\/wp-content\/uploads\/2019\/10\/Rije\u010dki-tim-i-tim-grada-Galwaya-s-predstavnicima-stru\u010dnog-panela.jpg\",\"articleSection\":[\"Cultural Diplomacy\",\"News\"],\"inLanguage\":\"en-US\"},{\"@type\":\"WebPage\",\"@id\":\"https:\/\/ri2020.eu\/en\/the-european-commission-issues-a-positive-final-monitoring-report-for-the-rijeka-2020-european-capital-of-culture-project\/\",\"url\":\"https:\/\/ri2020.eu\/en\/the-european-commission-issues-a-positive-final-monitoring-report-for-the-rijeka-2020-european-capital-of-culture-project\/\",\"name\":\"The European Commission Issues a Positive Final Monitoring Report for the Rijeka 2020 \u2013 European Capital of Culture Project &#8226; Rijeka 2020\",\"isPartOf\":{\"@id\":\"https:\/\/ri2020.eu\/en\/#website\"},\"primaryImageOfPage\":{\"@id\":\"https:\/\/ri2020.eu\/en\/the-european-commission-issues-a-positive-final-monitoring-report-for-the-rijeka-2020-european-capital-of-culture-project\/#primaryimage\"},\"image\":{\"@id\":\"https:\/\/ri2020.eu\/en\/the-european-commission-issues-a-positive-final-monitoring-report-for-the-rijeka-2020-european-capital-of-culture-project\/#primaryimage\"},\"thumbnailUrl\":\"https:\/\/ri2020.eu\/wp-content\/uploads\/2019\/10\/Rije\u010dki-tim-i-tim-grada-Galwaya-s-predstavnicima-stru\u010dnog-panela.jpg\",\"datePublished\":\"2019-11-28T17:54:11+00:00\",\"dateModified\":\"2019-12-18T23:22:01+00:00\",\"breadcrumb\":{\"@id\":\"https:\/\/ri2020.eu\/en\/the-european-commission-issues-a-positive-final-monitoring-report-for-the-rijeka-2020-european-capital-of-culture-project\/#breadcrumb\"},\"inLanguage\":\"en-US\",\"potentialAction\":[{\"@type\":\"ReadAction\",\"target\":[\"https:\/\/ri2020.eu\/en\/the-european-commission-issues-a-positive-final-monitoring-report-for-the-rijeka-2020-european-capital-of-culture-project\/\"]}]},{\"@type\":\"ImageObject\",\"inLanguage\":\"en-US\",\"@id\":\"https:\/\/ri2020.eu\/en\/the-european-commission-issues-a-positive-final-monitoring-report-for-the-rijeka-2020-european-capital-of-culture-project\/#primaryimage\",\"url\":\"https:\/\/ri2020.eu\/wp-content\/uploads\/2019\/10\/Rije\u010dki-tim-i-tim-grada-Galwaya-s-predstavnicima-stru\u010dnog-panela.jpg\",\"contentUrl\":\"https:\/\/ri2020.eu\/wp-content\/uploads\/2019\/10\/Rije\u010dki-tim-i-tim-grada-Galwaya-s-predstavnicima-stru\u010dnog-panela.jpg\",\"width\":2048,\"height\":1272},{\"@type\":\"BreadcrumbList\",\"@id\":\"https:\/\/ri2020.eu\/en\/the-european-commission-issues-a-positive-final-monitoring-report-for-the-rijeka-2020-european-capital-of-culture-project\/#breadcrumb\",\"itemListElement\":[{\"@type\":\"ListItem\",\"position\":1,\"name\":\"Home\",\"item\":\"https:\/\/ri2020.eu\/en\/\"},{\"@type\":\"ListItem\",\"position\":2,\"name\":\"The European Commission Issues a Positive Final Monitoring Report for the Rijeka 2020 \u2013 European Capital of Culture Project\"}]},{\"@type\":\"WebSite\",\"@id\":\"https:\/\/ri2020.eu\/en\/#website\",\"url\":\"https:\/\/ri2020.eu\/en\/\",\"name\":\"Rijeka 2020\",\"description\":\"Europska prijestolnica kulture\",\"publisher\":{\"@id\":\"https:\/\/ri2020.eu\/en\/#organization\"},\"potentialAction\":[{\"@type\":\"SearchAction\",\"target\":{\"@type\":\"EntryPoint\",\"urlTemplate\":\"https:\/\/ri2020.eu\/en\/?s={search_term_string}\"},\"query-input\":{\"@type\":\"PropertyValueSpecification\",\"valueRequired\":true,\"valueName\":\"search_term_string\"}}],\"inLanguage\":\"en-US\"},{\"@type\":\"Organization\",\"@id\":\"https:\/\/ri2020.eu\/en\/#organization\",\"name\":\"Rijeka 2020 d.o.o.\",\"url\":\"https:\/\/ri2020.eu\/en\/\",\"logo\":{\"@type\":\"ImageObject\",\"inLanguage\":\"en-US\",\"@id\":\"https:\/\/ri2020.eu\/en\/#\/schema\/logo\/image\/\",\"url\":\"https:\/\/rijeka2020.eu\/wp-content\/uploads\/2018\/07\/Ri2020-logo.png\",\"contentUrl\":\"https:\/\/rijeka2020.eu\/wp-content\/uploads\/2018\/07\/Ri2020-logo.png\",\"width\":407,\"height\":175,\"caption\":\"Rijeka 2020 d.o.o.\"},\"image\":{\"@id\":\"https:\/\/ri2020.eu\/en\/#\/schema\/logo\/image\/\"},\"sameAs\":[\"https:\/\/www.facebook.com\/rijeka2020\",\"https:\/\/x.com\/Rijeka2020\",\"https:\/\/www.instagram.com\/rijeka2020\/\",\"https:\/\/www.youtube.com\/user\/riepk2020\"]},{\"@type\":\"Person\",\"@id\":\"https:\/\/ri2020.eu\/en\/#\/schema\/person\/9c12d91df8c45bc534f625d9c81f403d\",\"name\":\"Rijeka 2020\",\"url\":\"https:\/\/ri2020.eu\/en\/author\/lsm\/\"}]}<\/script>\n<!-- \/ Yoast SEO plugin. -->","yoast_head_json":{"title":"The European Commission Issues a Positive Final Monitoring Report for the Rijeka 2020 \u2013 European Capital of Culture Project &#8226; Rijeka 2020","robots":{"index":"index","follow":"follow","max-snippet":"max-snippet:-1","max-image-preview":"max-image-preview:large","max-video-preview":"max-video-preview:-1"},"canonical":"https:\/\/ri2020.eu\/en\/the-european-commission-issues-a-positive-final-monitoring-report-for-the-rijeka-2020-european-capital-of-culture-project\/","og_locale":"en_US","og_type":"article","og_title":"The European Commission Issues a Positive Final Monitoring Report for the Rijeka 2020 \u2013 European Capital of Culture Project &#8226; Rijeka 2020","og_description":"The third and final, positive monitoring report was issued by the European Commission after Rijeka's ECoC team showcased the project and programme for 2020 before an EU panel of experts.","og_url":"https:\/\/ri2020.eu\/en\/the-european-commission-issues-a-positive-final-monitoring-report-for-the-rijeka-2020-european-capital-of-culture-project\/","og_site_name":"Rijeka 2020","article_publisher":"https:\/\/www.facebook.com\/rijeka2020","article_published_time":"2019-11-28T17:54:11+00:00","article_modified_time":"2019-12-18T23:22:01+00:00","og_image":[{"width":2048,"height":1272,"url":"https:\/\/ri2020.eu\/wp-content\/uploads\/2019\/10\/Rije\u010dki-tim-i-tim-grada-Galwaya-s-predstavnicima-stru\u010dnog-panela.jpg","type":"image\/jpeg"}],"author":"Rijeka 2020","twitter_card":"summary_large_image","twitter_creator":"@Rijeka2020","twitter_site":"@Rijeka2020","twitter_misc":{"Written by":"Rijeka 2020","Est. reading time":"4 minutes"},"schema":{"@context":"https:\/\/schema.org","@graph":[{"@type":"Article","@id":"https:\/\/ri2020.eu\/en\/the-european-commission-issues-a-positive-final-monitoring-report-for-the-rijeka-2020-european-capital-of-culture-project\/#article","isPartOf":{"@id":"https:\/\/ri2020.eu\/en\/the-european-commission-issues-a-positive-final-monitoring-report-for-the-rijeka-2020-european-capital-of-culture-project\/"},"author":{"name":"Rijeka 2020","@id":"https:\/\/ri2020.eu\/en\/#\/schema\/person\/9c12d91df8c45bc534f625d9c81f403d"},"headline":"The European Commission Issues a Positive Final Monitoring Report for the Rijeka 2020 \u2013 European Capital of Culture Project","datePublished":"2019-11-28T17:54:11+00:00","dateModified":"2019-12-18T23:22:01+00:00","mainEntityOfPage":{"@id":"https:\/\/ri2020.eu\/en\/the-european-commission-issues-a-positive-final-monitoring-report-for-the-rijeka-2020-european-capital-of-culture-project\/"},"wordCount":780,"publisher":{"@id":"https:\/\/ri2020.eu\/en\/#organization"},"image":{"@id":"https:\/\/ri2020.eu\/en\/the-european-commission-issues-a-positive-final-monitoring-report-for-the-rijeka-2020-european-capital-of-culture-project\/#primaryimage"},"thumbnailUrl":"https:\/\/ri2020.eu\/wp-content\/uploads\/2019\/10\/Rije\u010dki-tim-i-tim-grada-Galwaya-s-predstavnicima-stru\u010dnog-panela.jpg","articleSection":["Cultural Diplomacy","News"],"inLanguage":"en-US"},{"@type":"WebPage","@id":"https:\/\/ri2020.eu\/en\/the-european-commission-issues-a-positive-final-monitoring-report-for-the-rijeka-2020-european-capital-of-culture-project\/","url":"https:\/\/ri2020.eu\/en\/the-european-commission-issues-a-positive-final-monitoring-report-for-the-rijeka-2020-european-capital-of-culture-project\/","name":"The European Commission Issues a Positive Final Monitoring Report for the Rijeka 2020 \u2013 European Capital of Culture Project &#8226; Rijeka 2020","isPartOf":{"@id":"https:\/\/ri2020.eu\/en\/#website"},"primaryImageOfPage":{"@id":"https:\/\/ri2020.eu\/en\/the-european-commission-issues-a-positive-final-monitoring-report-for-the-rijeka-2020-european-capital-of-culture-project\/#primaryimage"},"image":{"@id":"https:\/\/ri2020.eu\/en\/the-european-commission-issues-a-positive-final-monitoring-report-for-the-rijeka-2020-european-capital-of-culture-project\/#primaryimage"},"thumbnailUrl":"https:\/\/ri2020.eu\/wp-content\/uploads\/2019\/10\/Rije\u010dki-tim-i-tim-grada-Galwaya-s-predstavnicima-stru\u010dnog-panela.jpg","datePublished":"2019-11-28T17:54:11+00:00","dateModified":"2019-12-18T23:22:01+00:00","breadcrumb":{"@id":"https:\/\/ri2020.eu\/en\/the-european-commission-issues-a-positive-final-monitoring-report-for-the-rijeka-2020-european-capital-of-culture-project\/#breadcrumb"},"inLanguage":"en-US","potentialAction":[{"@type":"ReadAction","target":["https:\/\/ri2020.eu\/en\/the-european-commission-issues-a-positive-final-monitoring-report-for-the-rijeka-2020-european-capital-of-culture-project\/"]}]},{"@type":"ImageObject","inLanguage":"en-US","@id":"https:\/\/ri2020.eu\/en\/the-european-commission-issues-a-positive-final-monitoring-report-for-the-rijeka-2020-european-capital-of-culture-project\/#primaryimage","url":"https:\/\/ri2020.eu\/wp-content\/uploads\/2019\/10\/Rije\u010dki-tim-i-tim-grada-Galwaya-s-predstavnicima-stru\u010dnog-panela.jpg","contentUrl":"https:\/\/ri2020.eu\/wp-content\/uploads\/2019\/10\/Rije\u010dki-tim-i-tim-grada-Galwaya-s-predstavnicima-stru\u010dnog-panela.jpg","width":2048,"height":1272},{"@type":"BreadcrumbList","@id":"https:\/\/ri2020.eu\/en\/the-european-commission-issues-a-positive-final-monitoring-report-for-the-rijeka-2020-european-capital-of-culture-project\/#breadcrumb","itemListElement":[{"@type":"ListItem","position":1,"name":"Home","item":"https:\/\/ri2020.eu\/en\/"},{"@type":"ListItem","position":2,"name":"The European Commission Issues a Positive Final Monitoring Report for the Rijeka 2020 \u2013 European Capital of Culture Project"}]},{"@type":"WebSite","@id":"https:\/\/ri2020.eu\/en\/#website","url":"https:\/\/ri2020.eu\/en\/","name":"Rijeka 2020","description":"Europska prijestolnica kulture","publisher":{"@id":"https:\/\/ri2020.eu\/en\/#organization"},"potentialAction":[{"@type":"SearchAction","target":{"@type":"EntryPoint","urlTemplate":"https:\/\/ri2020.eu\/en\/?s={search_term_string}"},"query-input":{"@type":"PropertyValueSpecification","valueRequired":true,"valueName":"search_term_string"}}],"inLanguage":"en-US"},{"@type":"Organization","@id":"https:\/\/ri2020.eu\/en\/#organization","name":"Rijeka 2020 d.o.o.","url":"https:\/\/ri2020.eu\/en\/","logo":{"@type":"ImageObject","inLanguage":"en-US","@id":"https:\/\/ri2020.eu\/en\/#\/schema\/logo\/image\/","url":"https:\/\/rijeka2020.eu\/wp-content\/uploads\/2018\/07\/Ri2020-logo.png","contentUrl":"https:\/\/rijeka2020.eu\/wp-content\/uploads\/2018\/07\/Ri2020-logo.png","width":407,"height":175,"caption":"Rijeka 2020 d.o.o."},"image":{"@id":"https:\/\/ri2020.eu\/en\/#\/schema\/logo\/image\/"},"sameAs":["https:\/\/www.facebook.com\/rijeka2020","https:\/\/x.com\/Rijeka2020","https:\/\/www.instagram.com\/rijeka2020\/","https:\/\/www.youtube.com\/user\/riepk2020"]},{"@type":"Person","@id":"https:\/\/ri2020.eu\/en\/#\/schema\/person\/9c12d91df8c45bc534f625d9c81f403d","name":"Rijeka 2020","url":"https:\/\/ri2020.eu\/en\/author\/lsm\/"}]}},"_links":{"self":[{"href":"https:\/\/ri2020.eu\/en\/wp-json\/wp\/v2\/posts\/45177","targetHints":{"allow":["GET"]}}],"collection":[{"href":"https:\/\/ri2020.eu\/en\/wp-json\/wp\/v2\/posts"}],"about":[{"href":"https:\/\/ri2020.eu\/en\/wp-json\/wp\/v2\/types\/post"}],"author":[{"embeddable":true,"href":"https:\/\/ri2020.eu\/en\/wp-json\/wp\/v2\/users\/72"}],"replies":[{"embeddable":true,"href":"https:\/\/ri2020.eu\/en\/wp-json\/wp\/v2\/comments?post=45177"}],"version-history":[{"count":1,"href":"https:\/\/ri2020.eu\/en\/wp-json\/wp\/v2\/posts\/45177\/revisions"}],"predecessor-version":[{"id":45178,"href":"https:\/\/ri2020.eu\/en\/wp-json\/wp\/v2\/posts\/45177\/revisions\/45178"}],"wp:featuredmedia":[{"embeddable":true,"href":"https:\/\/ri2020.eu\/en\/wp-json\/wp\/v2\/media\/32849"}],"wp:attachment":[{"href":"https:\/\/ri2020.eu\/en\/wp-json\/wp\/v2\/media?parent=45177"}],"wp:term":[{"taxonomy":"category","embeddable":true,"href":"https:\/\/ri2020.eu\/en\/wp-json\/wp\/v2\/categories?post=45177"},{"taxonomy":"post_tag","embeddable":true,"href":"https:\/\/ri2020.eu\/en\/wp-json\/wp\/v2\/tags?post=45177"}],"curies":[{"name":"wp","href":"https:\/\/api.w.org\/{rel}","templated":true}]}}