{"id":44285,"date":"2019-12-04T22:56:10","date_gmt":"2019-12-04T21:56:10","guid":{"rendered":"https:\/\/staging.rijeka2020.eu\/?p=44285"},"modified":"2019-12-12T22:57:38","modified_gmt":"2019-12-12T21:57:38","slug":"towards-the-european-capital-of-culture-with-the-rijeka-my-city-concert","status":"publish","type":"post","link":"https:\/\/ri2020.eu\/en\/towards-the-european-capital-of-culture-with-the-rijeka-my-city-concert\/","title":{"rendered":"Towards the European Capital of Culture with the \u201cRijeka, My City\u201d concert"},"content":{"rendered":"<p><strong>Rijeka \u2013 European Capital of Culture and Novi list are organising the <em>Rijeka, My City<\/em><\/strong><strong>concert, a musical get-together with the citizens, at 128th Brigade HV Square on Monday, 16 December at 7 p.m., featuring performances by the Rijeka supergroup Ri-Val, Let 3, Turisti, Nord and Gerila.<\/strong><\/p>\n<p><img loading=\"lazy\" decoding=\"async\" class=\"alignnone size-full wp-image-34229\" src=\"https:\/\/rijeka2020.eu\/wp-content\/uploads\/2019\/12\/Najava-koncerta-Rijeka-moj-grad_Vava-Vi%C5%A1ni%C4%87-Boban-%C5%A0tigli%C4%87.jpg\" alt=\"\" width=\"2048\" height=\"1365\" \/><br \/>\n<em>Vlado Simcich Vava, Emina Vi\u0161ni\u0107 and Ines Boban \u0160tigli\u0107<\/em><\/p>\n<p>With 2020, a very important year for Rijeka, drawing close<strong>, Ri-Val from Rijeka got back together after 22 years<\/strong>\u00a0to sing\u00a0<strong><em>Moj grad (My City)<\/em><\/strong>, a beautiful love-letter to Rijeka. The song features the\u00a0<strong>trademark Rijeka rock sound<\/strong>and celebrates Rijeka as a city that is\u00a0<strong>free and open-minded<\/strong>, values that a majority of the residents feel and espouse and this is exactly the kind of Rijeka that will be presented to Europe via the European Capital of Culture project with the slogan\u00a0<strong>Port of Diversity<\/strong>.<\/p>\n<p><strong>Concert attendees will get a sneak preview of the <em>Moj grad <\/em>video, while most of the culture and arts programme that will take place in Rijeka throughout next year will also be presented.<\/strong><\/p>\n<p><img loading=\"lazy\" decoding=\"async\" class=\"alignnone size-full wp-image-34139\" src=\"https:\/\/rijeka2020.eu\/wp-content\/uploads\/2019\/12\/Face-event-cover.jpg\" alt=\"Koncert Rijeka moj grad\" width=\"1920\" height=\"1080\" \/><\/p>\n<p><strong>Rijeka sends out the message of a free and open-minded city<\/strong><\/p>\n<blockquote><p>&#8220;At the <em>Rijeka, My City<\/em>concert, one can expect a big Rijeka rock party, with Ri-Val their sharing their explosive energy and emotions with everyone. The song speaks of the heart and soul of a city and the emotion it possesses, it speaks about the way of life in Rijeka and sends out a clear message that we live in a city where everyone is welcome\u201c<\/p><\/blockquote>\n<p>,<strong>Emina Vi\u0161ni\u0107, Director of TD RIJEKA 2020 d.o.o., pointed out.<\/strong><\/p>\n<p>The person who deserves the most credit for the reunion of Ri-Val after a staggering 22 years is <strong>Vlado Simcich Vava, who wrote the song <em>Moj grad<\/em><\/strong>.<\/p>\n<blockquote><p>&#8220;I have to admit that all it took was a single phone call to all the participants in this project, after which everyone was on board without a moment&#8217;s hesitation. This song was inspired by my own feelings for the city where I was born and that played an important role in shaping my identity. The song deals with a city that I like to think is not limited by hatred or any kind of intolerance. The European Capital of Culture project is a once-in-a-lifetime occurrence and I, for one, can say that I&#8217;m happy to belong to a generation that will see it happen.\u201d<\/p><\/blockquote>\n<p>For over 30 years, Ri-Val has borne witness to the unity of the Rijeka rock scene, and in moments that are important for the city and the region. A video directed by Radislav Jovanov Gonzo and shot at various locations around Rijeka, such as the former building of Exportdrvo, the Maritime and History Museum of the Croatian Littoral, on the roof of the former Ivex factory building at Delta, as well as other recognisable locations in downtown Rijeka, will premiere at the upcoming concert.<\/p>\n<p><img loading=\"lazy\" decoding=\"async\" class=\"alignnone size-full wp-image-34237\" src=\"https:\/\/rijeka2020.eu\/wp-content\/uploads\/2019\/12\/RiVal_snimanje-spota_01.jpg\" alt=\"\" width=\"2000\" height=\"1333\" \/><\/p>\n<p><strong>The song<em>\u00a0Moj grad<\/em>\u00a0is performed by a symbolic number of 20 singers<\/strong>: Zoran Badurina (<em>Jonathan<\/em>), Sandro Bastian\u010di\u0107 (<em>En Face<\/em>), Luka Ben\u010di\u0107 (<em>My Buddy Moose<\/em>), Stane Grdakovi\u0107 (<em>The Siids<\/em>), Valter Kocijan\u010di\u0107 (ex-<em>Paraf<\/em>), Edi Kralji\u0107 (<em>Denis&amp;Denis<\/em>), Davor Lukas (<em>Fit<\/em>), Ivona Mari\u010di\u0107 Kukuljan (<em>E.N.I.<\/em>), Ivanka Mazurkijevi\u0107 (<em>Mr<\/em>.<em>Lee &amp; Ivanesky)<\/em>, Iva Mo\u010dibob (<em>Turisti<\/em>), Marina Perazi\u0107 (<em>Denis&amp;Denis<\/em>), Zoran Prodanovi\u0107 Prlja (<em>Let 3<\/em>), Mihael Prosen (ex-<em>Father<\/em>,\u00a0<em>NORD<\/em>), Marko Rogi\u0107 (<em>White on White<\/em>), Leo Rumora (ex-<em>Ogledala<\/em>,\u00a0<em>Fiumens<\/em>), Dean \u0160kaljac (ex-<em>Grad<\/em>,\u00a0<em>Gerila<\/em>), Boris \u0160tok, Darko Terlevi\u0107 (<em>The Siids<\/em>), Elena Tome\u010dek Zdjelar (<em>E.N.I.<\/em>) and Nikolina Tomljanovi\u0107 (<em>E.N.I.<\/em>).\u00a0 The instrumental parts were provided by Vlado Simcich Vava (ex-<em>Laufer<\/em>,\u00a0<em>Turisti<\/em>), Damir Martinovi\u0107 Mrle (ex-<em>Termiti<\/em>,\u00a0<em>Let 3<\/em>,\u00a0<em>Mr<\/em>. <em>Lee &amp; Ivanesky<\/em>) Bobo Gruji\u010di\u0107 (<em>Turisti<\/em>,\u00a0<em>Kojoti<\/em>), Darko Terlevi\u0107 (<em>The Siids<\/em>), Vladimir Tomi\u0107 Mosk (<em>Moskva<\/em>) and the producer Matej Zec (<em>Let 3<\/em>).<\/p>\n<p><strong>Joining Ri-Val<\/strong>\u00a0at the concert performance are other bands from Rijeka, such as\u00a0<strong>Let 3, Turisti, Nord and Gerila<\/strong>, some of whose members also play in Ri-Val.<\/p>\n<p><strong>An extensive culture and arts programme is ready for 2020<\/strong><\/p>\n<p><strong>At the get-together on 16 December<\/strong>, visitors will be shown a\u00a0<em>short<\/em><strong>video animation that will present the most important parts of the European Capital of Culture 2020 programmes,<\/strong>\u00a0which will feature more than 600 events. It should also be noted that\u00a0<strong>buildings and facilities<\/strong><strong>dedicated to culture<\/strong><strong>are being built and renovated in Rijeka.<\/strong><\/p>\n<p>Highlights of next year&#8217;s extensive programme include gala concert performances by two present-day opera divas,\u00a0<strong>Elina Garan\u010da and Karita Mattila, <\/strong>and the exhibitions\u00a0<strong><em>With a Collection<\/em>by David Maljkovi\u0107 and Unknown Klimt: Love, Death and Ecstasy\u201d.<\/strong>The Kitchen of Diversity flagship has, among other things, the following events in store for next year &#8211;\u00a0the <strong>Porto Etno World Music and Gastro Festival<\/strong>\u00a0and the\u00a0<strong>Short Story and Hay Festivals<\/strong>. Next year, children will again be able to enjoy the well-established\u00a0<strong>Tobogan Festival<\/strong>, while the Children&#8217;s House flagship will undoubtedly delight both kids and grown-ups with the first ever large-scale exhibition dedicated to\u00a0<strong>Professor Balthazar<\/strong>. The large-scale international group <strong>exhibition \u201cThe Sea Is Glowing\u201d, <\/strong>which deals with invisible economies associated with the sea, and the series of accompanying exhibitions, will gather some of the most relevant experts in the philosophy of work and future technologies in Rijeka. The ECoC programme also brings a\u00a0<strong>robot opera, a robot concert and large unusual mechanical installations <\/strong>to Rijeka. All seven European Capital of Culture flagships have prepared a plethora of interesting programmes, which offer something for everyone.<\/p>\n<p>The\u00a0<em>Rijeka, My City <\/em>concert\u00a0is part of the\u00a0<strong>Rijeka Advent<\/strong>\u00a0event in December, which is organised by the\u00a0<strong>Rijeka Tourist Board<\/strong>\u00a0and held in the centre of Rijeka this year.<\/p>\n<blockquote><p>&#8220;It is my great pleasure to be included in the unique story that is the <em>Rijeka, My City<\/em>concert and I believe that events like these best showcase the true colours of Rijeka, the type of energy that flows through this city and the strong sense of unity among various organisations gathered around valuable projects, such as the European Capital of Culture. As partners of this project, we are looking forward to 2020 and everything it brings to culture. I would also like to take this opportunity to congratulate Novi List, our newspapers, on their 120th anniversary\u201d<\/p><\/blockquote>\n<p>,<strong>Ines Boban \u0160tigli\u0107 <\/strong>said outside the Rijeka Tourist Board building.<\/p>\n<p><strong>Novi List celebrates its 120th anniversary in 2020<\/strong><\/p>\n<p>Novi List was founded on 2 January 1900 by the Croatian journalist, publicist and politician Frano Supilo. As the founder and Editor-in-Chief of Novi List, Supilo emerged as a reformer of Croatian journalism and paved the way for modern newspapers in Croatia with Novi List. Towards the celebration of this milestone 120th anniversary and the year in which Rijeka becomes the European Capital of Culture, Novi list and RIJEKA 2020, will organise this large-scale rock concert in Rijeka in order to celebrate the upcoming year of culture and the landmark 120th anniversary of the most read newspapers in the city.<\/p>\n<p>It will be a celebration that Rijeka deserves, staged in the downtown area and bringing Novi List together with its readers and RIJEKA 2020 together with its fellow townspeople, the residents of the European Capital of Culture!<\/p>\n","protected":false},"excerpt":{"rendered":"<p>2020, the year when Rijeka will become the European Capital of Culture, is just around the corner, so RIJEKA 2020 decided to take the opportunity and cooperate with Novi List, which is celebrating its milestone 120th anniversary, in inviting all the citizens of Rijeka and everyone from the rest of Croatia who might be interested in attending a musical get-together in the centre of Rijeka in December.<\/p>\n","protected":false},"author":72,"featured_media":44432,"comment_status":"closed","ping_status":"closed","sticky":false,"template":"","format":"standard","meta":{"_acf_changed":false,"footnotes":""},"categories":[2731],"tags":[],"class_list":["post-44285","post","type-post","status-publish","format-standard","has-post-thumbnail","hentry","category-news"],"acf":[],"yoast_head":"<!-- This site is optimized with the Yoast SEO plugin v26.8 - https:\/\/yoast.com\/product\/yoast-seo-wordpress\/ -->\n<title>Towards the European Capital of Culture with the \u201cRijeka, My City\u201d concert &#8226; Rijeka 2020<\/title>\n<meta name=\"robots\" content=\"index, follow, max-snippet:-1, max-image-preview:large, max-video-preview:-1\" \/>\n<link rel=\"canonical\" href=\"https:\/\/ri2020.eu\/en\/towards-the-european-capital-of-culture-with-the-rijeka-my-city-concert\/\" \/>\n<meta property=\"og:locale\" content=\"en_US\" \/>\n<meta property=\"og:type\" content=\"article\" \/>\n<meta property=\"og:title\" content=\"Towards the European Capital of Culture with the \u201cRijeka, My City\u201d concert &#8226; Rijeka 2020\" \/>\n<meta property=\"og:description\" content=\"2020, the year when Rijeka will become the European Capital of Culture, is just around the corner, so RIJEKA 2020 decided to take the opportunity and cooperate with Novi List, which is celebrating its milestone 120th anniversary, in inviting all the citizens of Rijeka and everyone from the rest of Croatia who might be interested in attending a musical get-together in the centre of Rijeka in December.\" \/>\n<meta property=\"og:url\" content=\"https:\/\/ri2020.eu\/en\/towards-the-european-capital-of-culture-with-the-rijeka-my-city-concert\/\" \/>\n<meta property=\"og:site_name\" content=\"Rijeka 2020\" \/>\n<meta property=\"article:publisher\" content=\"https:\/\/www.facebook.com\/rijeka2020\" \/>\n<meta property=\"article:published_time\" content=\"2019-12-04T21:56:10+00:00\" \/>\n<meta property=\"article:modified_time\" content=\"2019-12-12T21:57:38+00:00\" \/>\n<meta property=\"og:image\" content=\"https:\/\/rijeka2020.eu\/wp-content\/uploads\/2019\/12\/RiVal_Moj-grad_03-1.jpg\" \/>\n\t<meta property=\"og:image:width\" content=\"2000\" \/>\n\t<meta property=\"og:image:height\" content=\"1333\" \/>\n\t<meta property=\"og:image:type\" content=\"image\/jpeg\" \/>\n<meta name=\"author\" content=\"Rijeka 2020\" \/>\n<meta name=\"twitter:card\" content=\"summary_large_image\" \/>\n<meta name=\"twitter:creator\" content=\"@Rijeka2020\" \/>\n<meta name=\"twitter:site\" content=\"@Rijeka2020\" \/>\n<meta name=\"twitter:label1\" content=\"Written by\" \/>\n\t<meta name=\"twitter:data1\" content=\"Rijeka 2020\" \/>\n\t<meta name=\"twitter:label2\" content=\"Est. reading time\" \/>\n\t<meta name=\"twitter:data2\" content=\"6 minutes\" \/>\n<script type=\"application\/ld+json\" class=\"yoast-schema-graph\">{\"@context\":\"https:\/\/schema.org\",\"@graph\":[{\"@type\":\"Article\",\"@id\":\"https:\/\/ri2020.eu\/en\/towards-the-european-capital-of-culture-with-the-rijeka-my-city-concert\/#article\",\"isPartOf\":{\"@id\":\"https:\/\/ri2020.eu\/en\/towards-the-european-capital-of-culture-with-the-rijeka-my-city-concert\/\"},\"author\":{\"name\":\"Rijeka 2020\",\"@id\":\"https:\/\/rijeka2020.eu\/en\/#\/schema\/person\/9c12d91df8c45bc534f625d9c81f403d\"},\"headline\":\"Towards the European Capital of Culture with the \u201cRijeka, My City\u201d concert\",\"datePublished\":\"2019-12-04T21:56:10+00:00\",\"dateModified\":\"2019-12-12T21:57:38+00:00\",\"mainEntityOfPage\":{\"@id\":\"https:\/\/ri2020.eu\/en\/towards-the-european-capital-of-culture-with-the-rijeka-my-city-concert\/\"},\"wordCount\":1177,\"publisher\":{\"@id\":\"https:\/\/rijeka2020.eu\/en\/#organization\"},\"image\":{\"@id\":\"https:\/\/ri2020.eu\/en\/towards-the-european-capital-of-culture-with-the-rijeka-my-city-concert\/#primaryimage\"},\"thumbnailUrl\":\"https:\/\/ri2020.eu\/wp-content\/uploads\/2019\/12\/RiVal_Moj-grad_03-1.jpg\",\"articleSection\":[\"News\"],\"inLanguage\":\"en-US\"},{\"@type\":\"WebPage\",\"@id\":\"https:\/\/ri2020.eu\/en\/towards-the-european-capital-of-culture-with-the-rijeka-my-city-concert\/\",\"url\":\"https:\/\/ri2020.eu\/en\/towards-the-european-capital-of-culture-with-the-rijeka-my-city-concert\/\",\"name\":\"Towards the European Capital of Culture with the \u201cRijeka, My City\u201d concert &#8226; Rijeka 2020\",\"isPartOf\":{\"@id\":\"https:\/\/rijeka2020.eu\/en\/#website\"},\"primaryImageOfPage\":{\"@id\":\"https:\/\/ri2020.eu\/en\/towards-the-european-capital-of-culture-with-the-rijeka-my-city-concert\/#primaryimage\"},\"image\":{\"@id\":\"https:\/\/ri2020.eu\/en\/towards-the-european-capital-of-culture-with-the-rijeka-my-city-concert\/#primaryimage\"},\"thumbnailUrl\":\"https:\/\/ri2020.eu\/wp-content\/uploads\/2019\/12\/RiVal_Moj-grad_03-1.jpg\",\"datePublished\":\"2019-12-04T21:56:10+00:00\",\"dateModified\":\"2019-12-12T21:57:38+00:00\",\"breadcrumb\":{\"@id\":\"https:\/\/ri2020.eu\/en\/towards-the-european-capital-of-culture-with-the-rijeka-my-city-concert\/#breadcrumb\"},\"inLanguage\":\"en-US\",\"potentialAction\":[{\"@type\":\"ReadAction\",\"target\":[\"https:\/\/ri2020.eu\/en\/towards-the-european-capital-of-culture-with-the-rijeka-my-city-concert\/\"]}]},{\"@type\":\"ImageObject\",\"inLanguage\":\"en-US\",\"@id\":\"https:\/\/ri2020.eu\/en\/towards-the-european-capital-of-culture-with-the-rijeka-my-city-concert\/#primaryimage\",\"url\":\"https:\/\/ri2020.eu\/wp-content\/uploads\/2019\/12\/RiVal_Moj-grad_03-1.jpg\",\"contentUrl\":\"https:\/\/ri2020.eu\/wp-content\/uploads\/2019\/12\/RiVal_Moj-grad_03-1.jpg\",\"width\":2000,\"height\":1333},{\"@type\":\"BreadcrumbList\",\"@id\":\"https:\/\/ri2020.eu\/en\/towards-the-european-capital-of-culture-with-the-rijeka-my-city-concert\/#breadcrumb\",\"itemListElement\":[{\"@type\":\"ListItem\",\"position\":1,\"name\":\"Home\",\"item\":\"https:\/\/rijeka2020.eu\/en\/\"},{\"@type\":\"ListItem\",\"position\":2,\"name\":\"Towards the European Capital of Culture with the \u201cRijeka, My City\u201d concert\"}]},{\"@type\":\"WebSite\",\"@id\":\"https:\/\/rijeka2020.eu\/en\/#website\",\"url\":\"https:\/\/rijeka2020.eu\/en\/\",\"name\":\"Rijeka 2020\",\"description\":\"Europska prijestolnica kulture\",\"publisher\":{\"@id\":\"https:\/\/rijeka2020.eu\/en\/#organization\"},\"potentialAction\":[{\"@type\":\"SearchAction\",\"target\":{\"@type\":\"EntryPoint\",\"urlTemplate\":\"https:\/\/rijeka2020.eu\/en\/?s={search_term_string}\"},\"query-input\":{\"@type\":\"PropertyValueSpecification\",\"valueRequired\":true,\"valueName\":\"search_term_string\"}}],\"inLanguage\":\"en-US\"},{\"@type\":\"Organization\",\"@id\":\"https:\/\/rijeka2020.eu\/en\/#organization\",\"name\":\"Rijeka 2020 d.o.o.\",\"url\":\"https:\/\/rijeka2020.eu\/en\/\",\"logo\":{\"@type\":\"ImageObject\",\"inLanguage\":\"en-US\",\"@id\":\"https:\/\/rijeka2020.eu\/en\/#\/schema\/logo\/image\/\",\"url\":\"https:\/\/rijeka2020.eu\/wp-content\/uploads\/2018\/07\/Ri2020-logo.png\",\"contentUrl\":\"https:\/\/rijeka2020.eu\/wp-content\/uploads\/2018\/07\/Ri2020-logo.png\",\"width\":407,\"height\":175,\"caption\":\"Rijeka 2020 d.o.o.\"},\"image\":{\"@id\":\"https:\/\/rijeka2020.eu\/en\/#\/schema\/logo\/image\/\"},\"sameAs\":[\"https:\/\/www.facebook.com\/rijeka2020\",\"https:\/\/x.com\/Rijeka2020\",\"https:\/\/www.instagram.com\/rijeka2020\/\",\"https:\/\/www.youtube.com\/user\/riepk2020\"]},{\"@type\":\"Person\",\"@id\":\"https:\/\/rijeka2020.eu\/en\/#\/schema\/person\/9c12d91df8c45bc534f625d9c81f403d\",\"name\":\"Rijeka 2020\",\"url\":\"https:\/\/ri2020.eu\/en\/author\/lsm\/\"}]}<\/script>\n<!-- \/ Yoast SEO plugin. -->","yoast_head_json":{"title":"Towards the European Capital of Culture with the \u201cRijeka, My City\u201d concert &#8226; Rijeka 2020","robots":{"index":"index","follow":"follow","max-snippet":"max-snippet:-1","max-image-preview":"max-image-preview:large","max-video-preview":"max-video-preview:-1"},"canonical":"https:\/\/ri2020.eu\/en\/towards-the-european-capital-of-culture-with-the-rijeka-my-city-concert\/","og_locale":"en_US","og_type":"article","og_title":"Towards the European Capital of Culture with the \u201cRijeka, My City\u201d concert &#8226; Rijeka 2020","og_description":"2020, the year when Rijeka will become the European Capital of Culture, is just around the corner, so RIJEKA 2020 decided to take the opportunity and cooperate with Novi List, which is celebrating its milestone 120th anniversary, in inviting all the citizens of Rijeka and everyone from the rest of Croatia who might be interested in attending a musical get-together in the centre of Rijeka in December.","og_url":"https:\/\/ri2020.eu\/en\/towards-the-european-capital-of-culture-with-the-rijeka-my-city-concert\/","og_site_name":"Rijeka 2020","article_publisher":"https:\/\/www.facebook.com\/rijeka2020","article_published_time":"2019-12-04T21:56:10+00:00","article_modified_time":"2019-12-12T21:57:38+00:00","og_image":[{"width":2000,"height":1333,"url":"https:\/\/rijeka2020.eu\/wp-content\/uploads\/2019\/12\/RiVal_Moj-grad_03-1.jpg","type":"image\/jpeg"}],"author":"Rijeka 2020","twitter_card":"summary_large_image","twitter_creator":"@Rijeka2020","twitter_site":"@Rijeka2020","twitter_misc":{"Written by":"Rijeka 2020","Est. reading time":"6 minutes"},"schema":{"@context":"https:\/\/schema.org","@graph":[{"@type":"Article","@id":"https:\/\/ri2020.eu\/en\/towards-the-european-capital-of-culture-with-the-rijeka-my-city-concert\/#article","isPartOf":{"@id":"https:\/\/ri2020.eu\/en\/towards-the-european-capital-of-culture-with-the-rijeka-my-city-concert\/"},"author":{"name":"Rijeka 2020","@id":"https:\/\/rijeka2020.eu\/en\/#\/schema\/person\/9c12d91df8c45bc534f625d9c81f403d"},"headline":"Towards the European Capital of Culture with the \u201cRijeka, My City\u201d concert","datePublished":"2019-12-04T21:56:10+00:00","dateModified":"2019-12-12T21:57:38+00:00","mainEntityOfPage":{"@id":"https:\/\/ri2020.eu\/en\/towards-the-european-capital-of-culture-with-the-rijeka-my-city-concert\/"},"wordCount":1177,"publisher":{"@id":"https:\/\/rijeka2020.eu\/en\/#organization"},"image":{"@id":"https:\/\/ri2020.eu\/en\/towards-the-european-capital-of-culture-with-the-rijeka-my-city-concert\/#primaryimage"},"thumbnailUrl":"https:\/\/ri2020.eu\/wp-content\/uploads\/2019\/12\/RiVal_Moj-grad_03-1.jpg","articleSection":["News"],"inLanguage":"en-US"},{"@type":"WebPage","@id":"https:\/\/ri2020.eu\/en\/towards-the-european-capital-of-culture-with-the-rijeka-my-city-concert\/","url":"https:\/\/ri2020.eu\/en\/towards-the-european-capital-of-culture-with-the-rijeka-my-city-concert\/","name":"Towards the European Capital of Culture with the \u201cRijeka, My City\u201d concert &#8226; Rijeka 2020","isPartOf":{"@id":"https:\/\/rijeka2020.eu\/en\/#website"},"primaryImageOfPage":{"@id":"https:\/\/ri2020.eu\/en\/towards-the-european-capital-of-culture-with-the-rijeka-my-city-concert\/#primaryimage"},"image":{"@id":"https:\/\/ri2020.eu\/en\/towards-the-european-capital-of-culture-with-the-rijeka-my-city-concert\/#primaryimage"},"thumbnailUrl":"https:\/\/ri2020.eu\/wp-content\/uploads\/2019\/12\/RiVal_Moj-grad_03-1.jpg","datePublished":"2019-12-04T21:56:10+00:00","dateModified":"2019-12-12T21:57:38+00:00","breadcrumb":{"@id":"https:\/\/ri2020.eu\/en\/towards-the-european-capital-of-culture-with-the-rijeka-my-city-concert\/#breadcrumb"},"inLanguage":"en-US","potentialAction":[{"@type":"ReadAction","target":["https:\/\/ri2020.eu\/en\/towards-the-european-capital-of-culture-with-the-rijeka-my-city-concert\/"]}]},{"@type":"ImageObject","inLanguage":"en-US","@id":"https:\/\/ri2020.eu\/en\/towards-the-european-capital-of-culture-with-the-rijeka-my-city-concert\/#primaryimage","url":"https:\/\/ri2020.eu\/wp-content\/uploads\/2019\/12\/RiVal_Moj-grad_03-1.jpg","contentUrl":"https:\/\/ri2020.eu\/wp-content\/uploads\/2019\/12\/RiVal_Moj-grad_03-1.jpg","width":2000,"height":1333},{"@type":"BreadcrumbList","@id":"https:\/\/ri2020.eu\/en\/towards-the-european-capital-of-culture-with-the-rijeka-my-city-concert\/#breadcrumb","itemListElement":[{"@type":"ListItem","position":1,"name":"Home","item":"https:\/\/rijeka2020.eu\/en\/"},{"@type":"ListItem","position":2,"name":"Towards the European Capital of Culture with the \u201cRijeka, My City\u201d concert"}]},{"@type":"WebSite","@id":"https:\/\/rijeka2020.eu\/en\/#website","url":"https:\/\/rijeka2020.eu\/en\/","name":"Rijeka 2020","description":"Europska prijestolnica kulture","publisher":{"@id":"https:\/\/rijeka2020.eu\/en\/#organization"},"potentialAction":[{"@type":"SearchAction","target":{"@type":"EntryPoint","urlTemplate":"https:\/\/rijeka2020.eu\/en\/?s={search_term_string}"},"query-input":{"@type":"PropertyValueSpecification","valueRequired":true,"valueName":"search_term_string"}}],"inLanguage":"en-US"},{"@type":"Organization","@id":"https:\/\/rijeka2020.eu\/en\/#organization","name":"Rijeka 2020 d.o.o.","url":"https:\/\/rijeka2020.eu\/en\/","logo":{"@type":"ImageObject","inLanguage":"en-US","@id":"https:\/\/rijeka2020.eu\/en\/#\/schema\/logo\/image\/","url":"https:\/\/rijeka2020.eu\/wp-content\/uploads\/2018\/07\/Ri2020-logo.png","contentUrl":"https:\/\/rijeka2020.eu\/wp-content\/uploads\/2018\/07\/Ri2020-logo.png","width":407,"height":175,"caption":"Rijeka 2020 d.o.o."},"image":{"@id":"https:\/\/rijeka2020.eu\/en\/#\/schema\/logo\/image\/"},"sameAs":["https:\/\/www.facebook.com\/rijeka2020","https:\/\/x.com\/Rijeka2020","https:\/\/www.instagram.com\/rijeka2020\/","https:\/\/www.youtube.com\/user\/riepk2020"]},{"@type":"Person","@id":"https:\/\/rijeka2020.eu\/en\/#\/schema\/person\/9c12d91df8c45bc534f625d9c81f403d","name":"Rijeka 2020","url":"https:\/\/ri2020.eu\/en\/author\/lsm\/"}]}},"_links":{"self":[{"href":"https:\/\/ri2020.eu\/en\/wp-json\/wp\/v2\/posts\/44285","targetHints":{"allow":["GET"]}}],"collection":[{"href":"https:\/\/ri2020.eu\/en\/wp-json\/wp\/v2\/posts"}],"about":[{"href":"https:\/\/ri2020.eu\/en\/wp-json\/wp\/v2\/types\/post"}],"author":[{"embeddable":true,"href":"https:\/\/ri2020.eu\/en\/wp-json\/wp\/v2\/users\/72"}],"replies":[{"embeddable":true,"href":"https:\/\/ri2020.eu\/en\/wp-json\/wp\/v2\/comments?post=44285"}],"version-history":[{"count":1,"href":"https:\/\/ri2020.eu\/en\/wp-json\/wp\/v2\/posts\/44285\/revisions"}],"predecessor-version":[{"id":44286,"href":"https:\/\/ri2020.eu\/en\/wp-json\/wp\/v2\/posts\/44285\/revisions\/44286"}],"wp:featuredmedia":[{"embeddable":true,"href":"https:\/\/ri2020.eu\/en\/wp-json\/wp\/v2\/media\/44432"}],"wp:attachment":[{"href":"https:\/\/ri2020.eu\/en\/wp-json\/wp\/v2\/media?parent=44285"}],"wp:term":[{"taxonomy":"category","embeddable":true,"href":"https:\/\/ri2020.eu\/en\/wp-json\/wp\/v2\/categories?post=44285"},{"taxonomy":"post_tag","embeddable":true,"href":"https:\/\/ri2020.eu\/en\/wp-json\/wp\/v2\/tags?post=44285"}],"curies":[{"name":"wp","href":"https:\/\/api.w.org\/{rel}","templated":true}]}}