{"id":4060,"date":"2016-03-23T11:29:12","date_gmt":"2016-03-23T10:29:12","guid":{"rendered":"http:\/\/www.rijeka2020.eu\/?p=4060"},"modified":"2020-02-20T12:31:54","modified_gmt":"2020-02-20T11:31:54","slug":"ecoc-title-announcement-and-live-stream","status":"publish","type":"post","link":"https:\/\/ri2020.eu\/en\/ecoc-title-announcement-and-live-stream\/","title":{"rendered":"ECOC title announcement and live stream"},"content":{"rendered":"<h1 style=\"text-align: justify;\">Decision on the Croatian city to host the European Capital of Culture tomorrow with live stream of the announcement<\/h1>\n<p style=\"text-align: justify;\"><!--more--><\/p>\n<p style=\"text-align: justify;\"><img loading=\"lazy\" decoding=\"async\" class=\"aligncenter size-full wp-image-4059\" src=\"https:\/\/rijeka2020.eu\/wp-content\/uploads\/2016\/03\/ri2020_2-e1458728208499.jpg\" alt=\"ri2020_2\" width=\"1900\" height=\"1149\" \/><\/p>\n<p style=\"text-align: justify;\">Tomorrow, on Thrusday, 24 March, we will know which Croatian city wil host the title of the\u00a0<strong>European Capital of Culture 2020<\/strong>. Shortlisted cities, all hoping to win the title, are <a href=\"http:\/\/dubrovnik2020.hr\/en\/\" target=\"_blank\" rel=\"noopener noreferrer\">Dubrovnik<\/a>, <a href=\"http:\/\/osijek-culture.eu\/en_UK\/european-city-of-culture-2020\" target=\"_blank\" rel=\"noopener noreferrer\">Osijek<\/a>, <a href=\"http:\/\/www.pula2020.eu\/en\/\" target=\"_blank\" rel=\"noopener noreferrer\">Pula <\/a>and Rijeka.<\/p>\n<p style=\"text-align: justify;\">At 17:15, Museum Mimara in Zagreb will host the press conference announcing the winner of the competition. Rijeka made an effort to arrange the <a href=\"http:\/\/www.youtube.com\/user\/riepk2020\/live\" target=\"_blank\" rel=\"noopener noreferrer\">live stream in HD through our official Rijeka 2020 YouTube channel<\/a>. Also, feel free to join us in Mali Salon where we&#8217;ll nervously be waiting for the final decision.<\/p>\n<p style=\"text-align: justify;\">Today and tomorrow cities have the last chance to present their bids to the evaluation panel and convince them they are the ones that deserve this title. We are scheduled to have our presentation tomorrow at 11:45 and answer all the questions of the Panel. Members of our team attending are Vojko Obersnel,\u00a0Ivan \u0160arar, Irena Kregar \u0160egota, Chris Torch, Vuk ?osi?, Tanja Kal?i?, Slaven Tolj and Slobodanka Mi\u0161kovi?.<\/p>\n","protected":false},"excerpt":{"rendered":"<p>Decision on the Croatian city to host the European Capital of Culture tomorrow with live stream of the announcement<\/p>\n","protected":false},"author":72,"featured_media":4059,"comment_status":"closed","ping_status":"open","sticky":false,"template":"","format":"standard","meta":{"_acf_changed":false,"footnotes":""},"categories":[2731],"tags":[],"class_list":["post-4060","post","type-post","status-publish","format-standard","has-post-thumbnail","hentry","category-news"],"acf":[],"yoast_head":"<!-- This site is optimized with the Yoast SEO plugin v26.8 - https:\/\/yoast.com\/product\/yoast-seo-wordpress\/ -->\n<title>ECOC title announcement and live stream &#8226; Rijeka 2020<\/title>\n<meta name=\"robots\" content=\"index, follow, max-snippet:-1, max-image-preview:large, max-video-preview:-1\" \/>\n<link rel=\"canonical\" href=\"https:\/\/ri2020.eu\/en\/ecoc-title-announcement-and-live-stream\/\" \/>\n<meta property=\"og:locale\" content=\"en_US\" \/>\n<meta property=\"og:type\" content=\"article\" \/>\n<meta property=\"og:title\" content=\"ECOC title announcement and live stream &#8226; Rijeka 2020\" \/>\n<meta property=\"og:description\" content=\"Decision on the Croatian city to host the European Capital of Culture tomorrow with live stream of the announcement\" \/>\n<meta property=\"og:url\" content=\"https:\/\/ri2020.eu\/en\/ecoc-title-announcement-and-live-stream\/\" \/>\n<meta property=\"og:site_name\" content=\"Rijeka 2020\" \/>\n<meta property=\"article:publisher\" content=\"https:\/\/www.facebook.com\/rijeka2020\" \/>\n<meta property=\"article:published_time\" content=\"2016-03-23T10:29:12+00:00\" \/>\n<meta property=\"article:modified_time\" content=\"2020-02-20T11:31:54+00:00\" \/>\n<meta property=\"og:image\" content=\"https:\/\/ri2020.eu\/wp-content\/uploads\/2019\/02\/Rijeka2020-image.png\" \/>\n\t<meta property=\"og:image:width\" content=\"865\" \/>\n\t<meta property=\"og:image:height\" content=\"865\" \/>\n\t<meta property=\"og:image:type\" content=\"image\/png\" \/>\n<meta name=\"author\" content=\"Rijeka 2020\" \/>\n<meta name=\"twitter:card\" content=\"summary_large_image\" \/>\n<meta name=\"twitter:creator\" content=\"@Rijeka2020\" \/>\n<meta name=\"twitter:site\" content=\"@Rijeka2020\" \/>\n<meta name=\"twitter:label1\" content=\"Written by\" \/>\n\t<meta name=\"twitter:data1\" content=\"Rijeka 2020\" \/>\n\t<meta name=\"twitter:label2\" content=\"Est. reading time\" \/>\n\t<meta name=\"twitter:data2\" content=\"1 minute\" \/>\n<script type=\"application\/ld+json\" class=\"yoast-schema-graph\">{\"@context\":\"https:\/\/schema.org\",\"@graph\":[{\"@type\":\"Article\",\"@id\":\"https:\/\/ri2020.eu\/en\/ecoc-title-announcement-and-live-stream\/#article\",\"isPartOf\":{\"@id\":\"https:\/\/ri2020.eu\/en\/ecoc-title-announcement-and-live-stream\/\"},\"author\":{\"name\":\"Rijeka 2020\",\"@id\":\"https:\/\/rijeka2020.eu\/en\/#\/schema\/person\/9c12d91df8c45bc534f625d9c81f403d\"},\"headline\":\"ECOC title announcement and live stream\",\"datePublished\":\"2016-03-23T10:29:12+00:00\",\"dateModified\":\"2020-02-20T11:31:54+00:00\",\"mainEntityOfPage\":{\"@id\":\"https:\/\/ri2020.eu\/en\/ecoc-title-announcement-and-live-stream\/\"},\"wordCount\":181,\"publisher\":{\"@id\":\"https:\/\/rijeka2020.eu\/en\/#organization\"},\"image\":{\"@id\":\"https:\/\/ri2020.eu\/en\/ecoc-title-announcement-and-live-stream\/#primaryimage\"},\"thumbnailUrl\":\"\",\"articleSection\":[\"News\"],\"inLanguage\":\"en-US\"},{\"@type\":\"WebPage\",\"@id\":\"https:\/\/ri2020.eu\/en\/ecoc-title-announcement-and-live-stream\/\",\"url\":\"https:\/\/ri2020.eu\/en\/ecoc-title-announcement-and-live-stream\/\",\"name\":\"ECOC title announcement and live stream &#8226; Rijeka 2020\",\"isPartOf\":{\"@id\":\"https:\/\/rijeka2020.eu\/en\/#website\"},\"primaryImageOfPage\":{\"@id\":\"https:\/\/ri2020.eu\/en\/ecoc-title-announcement-and-live-stream\/#primaryimage\"},\"image\":{\"@id\":\"https:\/\/ri2020.eu\/en\/ecoc-title-announcement-and-live-stream\/#primaryimage\"},\"thumbnailUrl\":\"\",\"datePublished\":\"2016-03-23T10:29:12+00:00\",\"dateModified\":\"2020-02-20T11:31:54+00:00\",\"breadcrumb\":{\"@id\":\"https:\/\/ri2020.eu\/en\/ecoc-title-announcement-and-live-stream\/#breadcrumb\"},\"inLanguage\":\"en-US\",\"potentialAction\":[{\"@type\":\"ReadAction\",\"target\":[\"https:\/\/ri2020.eu\/en\/ecoc-title-announcement-and-live-stream\/\"]}]},{\"@type\":\"ImageObject\",\"inLanguage\":\"en-US\",\"@id\":\"https:\/\/ri2020.eu\/en\/ecoc-title-announcement-and-live-stream\/#primaryimage\",\"url\":\"\",\"contentUrl\":\"\"},{\"@type\":\"BreadcrumbList\",\"@id\":\"https:\/\/ri2020.eu\/en\/ecoc-title-announcement-and-live-stream\/#breadcrumb\",\"itemListElement\":[{\"@type\":\"ListItem\",\"position\":1,\"name\":\"Home\",\"item\":\"https:\/\/rijeka2020.eu\/en\/\"},{\"@type\":\"ListItem\",\"position\":2,\"name\":\"ECOC title announcement and live stream\"}]},{\"@type\":\"WebSite\",\"@id\":\"https:\/\/rijeka2020.eu\/en\/#website\",\"url\":\"https:\/\/rijeka2020.eu\/en\/\",\"name\":\"Rijeka 2020\",\"description\":\"Europska prijestolnica kulture\",\"publisher\":{\"@id\":\"https:\/\/rijeka2020.eu\/en\/#organization\"},\"potentialAction\":[{\"@type\":\"SearchAction\",\"target\":{\"@type\":\"EntryPoint\",\"urlTemplate\":\"https:\/\/rijeka2020.eu\/en\/?s={search_term_string}\"},\"query-input\":{\"@type\":\"PropertyValueSpecification\",\"valueRequired\":true,\"valueName\":\"search_term_string\"}}],\"inLanguage\":\"en-US\"},{\"@type\":\"Organization\",\"@id\":\"https:\/\/rijeka2020.eu\/en\/#organization\",\"name\":\"Rijeka 2020 d.o.o.\",\"url\":\"https:\/\/rijeka2020.eu\/en\/\",\"logo\":{\"@type\":\"ImageObject\",\"inLanguage\":\"en-US\",\"@id\":\"https:\/\/rijeka2020.eu\/en\/#\/schema\/logo\/image\/\",\"url\":\"https:\/\/rijeka2020.eu\/wp-content\/uploads\/2018\/07\/Ri2020-logo.png\",\"contentUrl\":\"https:\/\/rijeka2020.eu\/wp-content\/uploads\/2018\/07\/Ri2020-logo.png\",\"width\":407,\"height\":175,\"caption\":\"Rijeka 2020 d.o.o.\"},\"image\":{\"@id\":\"https:\/\/rijeka2020.eu\/en\/#\/schema\/logo\/image\/\"},\"sameAs\":[\"https:\/\/www.facebook.com\/rijeka2020\",\"https:\/\/x.com\/Rijeka2020\",\"https:\/\/www.instagram.com\/rijeka2020\/\",\"https:\/\/www.youtube.com\/user\/riepk2020\"]},{\"@type\":\"Person\",\"@id\":\"https:\/\/rijeka2020.eu\/en\/#\/schema\/person\/9c12d91df8c45bc534f625d9c81f403d\",\"name\":\"Rijeka 2020\",\"url\":\"https:\/\/ri2020.eu\/en\/author\/lsm\/\"}]}<\/script>\n<!-- \/ Yoast SEO plugin. -->","yoast_head_json":{"title":"ECOC title announcement and live stream &#8226; Rijeka 2020","robots":{"index":"index","follow":"follow","max-snippet":"max-snippet:-1","max-image-preview":"max-image-preview:large","max-video-preview":"max-video-preview:-1"},"canonical":"https:\/\/ri2020.eu\/en\/ecoc-title-announcement-and-live-stream\/","og_locale":"en_US","og_type":"article","og_title":"ECOC title announcement and live stream &#8226; Rijeka 2020","og_description":"Decision on the Croatian city to host the European Capital of Culture tomorrow with live stream of the announcement","og_url":"https:\/\/ri2020.eu\/en\/ecoc-title-announcement-and-live-stream\/","og_site_name":"Rijeka 2020","article_publisher":"https:\/\/www.facebook.com\/rijeka2020","article_published_time":"2016-03-23T10:29:12+00:00","article_modified_time":"2020-02-20T11:31:54+00:00","og_image":[{"width":865,"height":865,"url":"https:\/\/ri2020.eu\/wp-content\/uploads\/2019\/02\/Rijeka2020-image.png","type":"image\/png"}],"author":"Rijeka 2020","twitter_card":"summary_large_image","twitter_creator":"@Rijeka2020","twitter_site":"@Rijeka2020","twitter_misc":{"Written by":"Rijeka 2020","Est. reading time":"1 minute"},"schema":{"@context":"https:\/\/schema.org","@graph":[{"@type":"Article","@id":"https:\/\/ri2020.eu\/en\/ecoc-title-announcement-and-live-stream\/#article","isPartOf":{"@id":"https:\/\/ri2020.eu\/en\/ecoc-title-announcement-and-live-stream\/"},"author":{"name":"Rijeka 2020","@id":"https:\/\/rijeka2020.eu\/en\/#\/schema\/person\/9c12d91df8c45bc534f625d9c81f403d"},"headline":"ECOC title announcement and live stream","datePublished":"2016-03-23T10:29:12+00:00","dateModified":"2020-02-20T11:31:54+00:00","mainEntityOfPage":{"@id":"https:\/\/ri2020.eu\/en\/ecoc-title-announcement-and-live-stream\/"},"wordCount":181,"publisher":{"@id":"https:\/\/rijeka2020.eu\/en\/#organization"},"image":{"@id":"https:\/\/ri2020.eu\/en\/ecoc-title-announcement-and-live-stream\/#primaryimage"},"thumbnailUrl":"","articleSection":["News"],"inLanguage":"en-US"},{"@type":"WebPage","@id":"https:\/\/ri2020.eu\/en\/ecoc-title-announcement-and-live-stream\/","url":"https:\/\/ri2020.eu\/en\/ecoc-title-announcement-and-live-stream\/","name":"ECOC title announcement and live stream &#8226; Rijeka 2020","isPartOf":{"@id":"https:\/\/rijeka2020.eu\/en\/#website"},"primaryImageOfPage":{"@id":"https:\/\/ri2020.eu\/en\/ecoc-title-announcement-and-live-stream\/#primaryimage"},"image":{"@id":"https:\/\/ri2020.eu\/en\/ecoc-title-announcement-and-live-stream\/#primaryimage"},"thumbnailUrl":"","datePublished":"2016-03-23T10:29:12+00:00","dateModified":"2020-02-20T11:31:54+00:00","breadcrumb":{"@id":"https:\/\/ri2020.eu\/en\/ecoc-title-announcement-and-live-stream\/#breadcrumb"},"inLanguage":"en-US","potentialAction":[{"@type":"ReadAction","target":["https:\/\/ri2020.eu\/en\/ecoc-title-announcement-and-live-stream\/"]}]},{"@type":"ImageObject","inLanguage":"en-US","@id":"https:\/\/ri2020.eu\/en\/ecoc-title-announcement-and-live-stream\/#primaryimage","url":"","contentUrl":""},{"@type":"BreadcrumbList","@id":"https:\/\/ri2020.eu\/en\/ecoc-title-announcement-and-live-stream\/#breadcrumb","itemListElement":[{"@type":"ListItem","position":1,"name":"Home","item":"https:\/\/rijeka2020.eu\/en\/"},{"@type":"ListItem","position":2,"name":"ECOC title announcement and live stream"}]},{"@type":"WebSite","@id":"https:\/\/rijeka2020.eu\/en\/#website","url":"https:\/\/rijeka2020.eu\/en\/","name":"Rijeka 2020","description":"Europska prijestolnica kulture","publisher":{"@id":"https:\/\/rijeka2020.eu\/en\/#organization"},"potentialAction":[{"@type":"SearchAction","target":{"@type":"EntryPoint","urlTemplate":"https:\/\/rijeka2020.eu\/en\/?s={search_term_string}"},"query-input":{"@type":"PropertyValueSpecification","valueRequired":true,"valueName":"search_term_string"}}],"inLanguage":"en-US"},{"@type":"Organization","@id":"https:\/\/rijeka2020.eu\/en\/#organization","name":"Rijeka 2020 d.o.o.","url":"https:\/\/rijeka2020.eu\/en\/","logo":{"@type":"ImageObject","inLanguage":"en-US","@id":"https:\/\/rijeka2020.eu\/en\/#\/schema\/logo\/image\/","url":"https:\/\/rijeka2020.eu\/wp-content\/uploads\/2018\/07\/Ri2020-logo.png","contentUrl":"https:\/\/rijeka2020.eu\/wp-content\/uploads\/2018\/07\/Ri2020-logo.png","width":407,"height":175,"caption":"Rijeka 2020 d.o.o."},"image":{"@id":"https:\/\/rijeka2020.eu\/en\/#\/schema\/logo\/image\/"},"sameAs":["https:\/\/www.facebook.com\/rijeka2020","https:\/\/x.com\/Rijeka2020","https:\/\/www.instagram.com\/rijeka2020\/","https:\/\/www.youtube.com\/user\/riepk2020"]},{"@type":"Person","@id":"https:\/\/rijeka2020.eu\/en\/#\/schema\/person\/9c12d91df8c45bc534f625d9c81f403d","name":"Rijeka 2020","url":"https:\/\/ri2020.eu\/en\/author\/lsm\/"}]}},"_links":{"self":[{"href":"https:\/\/ri2020.eu\/en\/wp-json\/wp\/v2\/posts\/4060","targetHints":{"allow":["GET"]}}],"collection":[{"href":"https:\/\/ri2020.eu\/en\/wp-json\/wp\/v2\/posts"}],"about":[{"href":"https:\/\/ri2020.eu\/en\/wp-json\/wp\/v2\/types\/post"}],"author":[{"embeddable":true,"href":"https:\/\/ri2020.eu\/en\/wp-json\/wp\/v2\/users\/72"}],"replies":[{"embeddable":true,"href":"https:\/\/ri2020.eu\/en\/wp-json\/wp\/v2\/comments?post=4060"}],"version-history":[{"count":1,"href":"https:\/\/ri2020.eu\/en\/wp-json\/wp\/v2\/posts\/4060\/revisions"}],"predecessor-version":[{"id":50283,"href":"https:\/\/ri2020.eu\/en\/wp-json\/wp\/v2\/posts\/4060\/revisions\/50283"}],"wp:featuredmedia":[{"embeddable":true,"href":"https:\/\/ri2020.eu\/en\/wp-json\/"}],"wp:attachment":[{"href":"https:\/\/ri2020.eu\/en\/wp-json\/wp\/v2\/media?parent=4060"}],"wp:term":[{"taxonomy":"category","embeddable":true,"href":"https:\/\/ri2020.eu\/en\/wp-json\/wp\/v2\/categories?post=4060"},{"taxonomy":"post_tag","embeddable":true,"href":"https:\/\/ri2020.eu\/en\/wp-json\/wp\/v2\/tags?post=4060"}],"curies":[{"name":"wp","href":"https:\/\/api.w.org\/{rel}","templated":true}]}}