{"id":3432,"date":"2016-01-22T13:09:42","date_gmt":"2016-01-22T10:56:16","guid":{"rendered":"http:\/\/www.rijeka2020.eu\/?p=3432"},"modified":"2020-02-20T12:34:15","modified_gmt":"2020-02-20T11:34:15","slug":"behind-the-scenes-hotel-bencic","status":"publish","type":"post","link":"https:\/\/ri2020.eu\/en\/behind-the-scenes-hotel-bencic\/","title":{"rendered":"Behind the Scenes: Hotel Ben\u010di\u0107"},"content":{"rendered":"<p style=\"text-align: justify;\">Grupa studenata zavr\u0161ne godine zagreba\u010dkog arhitektonskog fakulteta u Ben\u010di\u0107u predstavila je svoje radove na temu Hotel Ben\u010di\u0107, pod vodstvom profesora Idisa Turata. <!--more-->Tim smo povodom razgovarali sa studenticom Ivom Rado\u0161evi\u0107 o projektu na kojem su radili, a koji je izravno vezan za rije\u010dku kandidaturu za Europsku prijestolnice kulture 2020. godine.<\/p>\n<blockquote>\n<p style=\"text-align: justify;\"><img loading=\"lazy\" decoding=\"async\" class=\"alignright wp-image-3433 size-medium\" src=\"http:\/\/www.rijeka2020.eu\/wp-content\/uploads\/2016\/01\/20160120_140525-300x300.jpg\" alt=\"\" width=\"300\" height=\"300\" \/>Dok smo radili radove, svi smo se postavili kao da je Rijeka ve\u0107 dobila titulu Europske prijestolnice kulture. Rijeka je zapravo jedina i mo\u017ee dobiti jer jedina ima priliku iskoristiti potencijal koji nudi titula. Ovdje je sve u manjem mjerilu i pomaknuto. Stvari se do\u017eivljavaju na druga\u010diji na\u010din i nema te pretencioznosti kao u Zagrebu ili Dubrovniku. EPK je privilegija, a svaka privilegija nosi sa sobom neke obaveze. Zato je dobro dobiti tu privilegiju da se suo\u010dimo sa tim obavezama, one postoje i ina\u010de, ali ih u ovom trenutku onda zaista treba i po\u0161tovati. Pula i Dubrovnik ve\u0107 su privilegirani razvijenim turizmom i mogu ispuniti svoje obaveze te njima EPK nije toliko ni potreban kao \u0161to je Rijeci. Ja \u0107u u toj Rijeci jednoga dana \u017eivjeti.<\/p>\n<\/blockquote>\n<p>[foogallery id=&#8221;3435&#8243;]<\/p>\n","protected":false},"excerpt":{"rendered":"<p>Grupa studenata zavr\u0161ne godine zagreba\u010dkog arhitektonskog fakulteta u Ben\u010di\u0107u predstavila je svoje radove na temu Hotel Ben\u010di\u0107, pod vodstvom profesora Idisa Turata.<\/p>\n","protected":false},"author":72,"featured_media":3445,"comment_status":"closed","ping_status":"open","sticky":false,"template":"","format":"standard","meta":{"_acf_changed":false,"footnotes":""},"categories":[2731],"tags":[],"class_list":["post-3432","post","type-post","status-publish","format-standard","has-post-thumbnail","hentry","category-news"],"acf":[],"yoast_head":"<!-- This site is optimized with the Yoast SEO plugin v26.8 - https:\/\/yoast.com\/product\/yoast-seo-wordpress\/ -->\n<title>Behind the Scenes: Hotel Ben\u010di\u0107 &#8226; Rijeka 2020<\/title>\n<meta name=\"robots\" content=\"index, follow, max-snippet:-1, max-image-preview:large, max-video-preview:-1\" \/>\n<link rel=\"canonical\" href=\"https:\/\/ri2020.eu\/en\/behind-the-scenes-hotel-bencic\/\" \/>\n<meta property=\"og:locale\" content=\"en_US\" \/>\n<meta property=\"og:type\" content=\"article\" \/>\n<meta property=\"og:title\" content=\"Behind the Scenes: Hotel Ben\u010di\u0107 &#8226; Rijeka 2020\" \/>\n<meta property=\"og:description\" content=\"Grupa studenata zavr\u0161ne godine zagreba\u010dkog arhitektonskog fakulteta u Ben\u010di\u0107u predstavila je svoje radove na temu Hotel Ben\u010di\u0107, pod vodstvom profesora Idisa Turata.\" \/>\n<meta property=\"og:url\" content=\"https:\/\/ri2020.eu\/en\/behind-the-scenes-hotel-bencic\/\" \/>\n<meta property=\"og:site_name\" content=\"Rijeka 2020\" \/>\n<meta property=\"article:publisher\" content=\"https:\/\/www.facebook.com\/rijeka2020\" \/>\n<meta property=\"article:published_time\" content=\"2016-01-22T10:56:16+00:00\" \/>\n<meta property=\"article:modified_time\" content=\"2020-02-20T11:34:15+00:00\" \/>\n<meta property=\"og:image\" content=\"https:\/\/ri2020.eu\/wp-content\/uploads\/2016\/01\/bencic.jpg\" \/>\n\t<meta property=\"og:image:width\" content=\"960\" \/>\n\t<meta property=\"og:image:height\" content=\"616\" \/>\n\t<meta property=\"og:image:type\" content=\"image\/jpeg\" \/>\n<meta name=\"author\" content=\"Rijeka 2020\" \/>\n<meta name=\"twitter:card\" content=\"summary_large_image\" \/>\n<meta name=\"twitter:creator\" content=\"@Rijeka2020\" \/>\n<meta name=\"twitter:site\" content=\"@Rijeka2020\" \/>\n<meta name=\"twitter:label1\" content=\"Written by\" \/>\n\t<meta name=\"twitter:data1\" content=\"Rijeka 2020\" \/>\n\t<meta name=\"twitter:label2\" content=\"Est. reading time\" \/>\n\t<meta name=\"twitter:data2\" content=\"1 minute\" \/>\n<script type=\"application\/ld+json\" class=\"yoast-schema-graph\">{\"@context\":\"https:\/\/schema.org\",\"@graph\":[{\"@type\":\"Article\",\"@id\":\"https:\/\/ri2020.eu\/en\/behind-the-scenes-hotel-bencic\/#article\",\"isPartOf\":{\"@id\":\"https:\/\/ri2020.eu\/en\/behind-the-scenes-hotel-bencic\/\"},\"author\":{\"name\":\"Rijeka 2020\",\"@id\":\"https:\/\/ri2020.eu\/en\/#\/schema\/person\/9c12d91df8c45bc534f625d9c81f403d\"},\"headline\":\"Behind the Scenes: Hotel Ben\u010di\u0107\",\"datePublished\":\"2016-01-22T10:56:16+00:00\",\"dateModified\":\"2020-02-20T11:34:15+00:00\",\"mainEntityOfPage\":{\"@id\":\"https:\/\/ri2020.eu\/en\/behind-the-scenes-hotel-bencic\/\"},\"wordCount\":197,\"publisher\":{\"@id\":\"https:\/\/ri2020.eu\/en\/#organization\"},\"image\":{\"@id\":\"https:\/\/ri2020.eu\/en\/behind-the-scenes-hotel-bencic\/#primaryimage\"},\"thumbnailUrl\":\"https:\/\/ri2020.eu\/wp-content\/uploads\/2016\/01\/bencic.jpg\",\"articleSection\":[\"News\"],\"inLanguage\":\"en-US\"},{\"@type\":\"WebPage\",\"@id\":\"https:\/\/ri2020.eu\/en\/behind-the-scenes-hotel-bencic\/\",\"url\":\"https:\/\/ri2020.eu\/en\/behind-the-scenes-hotel-bencic\/\",\"name\":\"Behind the Scenes: Hotel Ben\u010di\u0107 &#8226; Rijeka 2020\",\"isPartOf\":{\"@id\":\"https:\/\/ri2020.eu\/en\/#website\"},\"primaryImageOfPage\":{\"@id\":\"https:\/\/ri2020.eu\/en\/behind-the-scenes-hotel-bencic\/#primaryimage\"},\"image\":{\"@id\":\"https:\/\/ri2020.eu\/en\/behind-the-scenes-hotel-bencic\/#primaryimage\"},\"thumbnailUrl\":\"https:\/\/ri2020.eu\/wp-content\/uploads\/2016\/01\/bencic.jpg\",\"datePublished\":\"2016-01-22T10:56:16+00:00\",\"dateModified\":\"2020-02-20T11:34:15+00:00\",\"breadcrumb\":{\"@id\":\"https:\/\/ri2020.eu\/en\/behind-the-scenes-hotel-bencic\/#breadcrumb\"},\"inLanguage\":\"en-US\",\"potentialAction\":[{\"@type\":\"ReadAction\",\"target\":[\"https:\/\/ri2020.eu\/en\/behind-the-scenes-hotel-bencic\/\"]}]},{\"@type\":\"ImageObject\",\"inLanguage\":\"en-US\",\"@id\":\"https:\/\/ri2020.eu\/en\/behind-the-scenes-hotel-bencic\/#primaryimage\",\"url\":\"https:\/\/ri2020.eu\/wp-content\/uploads\/2016\/01\/bencic.jpg\",\"contentUrl\":\"https:\/\/ri2020.eu\/wp-content\/uploads\/2016\/01\/bencic.jpg\",\"width\":960,\"height\":616},{\"@type\":\"BreadcrumbList\",\"@id\":\"https:\/\/ri2020.eu\/en\/behind-the-scenes-hotel-bencic\/#breadcrumb\",\"itemListElement\":[{\"@type\":\"ListItem\",\"position\":1,\"name\":\"Home\",\"item\":\"https:\/\/ri2020.eu\/en\/\"},{\"@type\":\"ListItem\",\"position\":2,\"name\":\"Behind the Scenes: Hotel Ben\u010di\u0107\"}]},{\"@type\":\"WebSite\",\"@id\":\"https:\/\/ri2020.eu\/en\/#website\",\"url\":\"https:\/\/ri2020.eu\/en\/\",\"name\":\"Rijeka 2020\",\"description\":\"Europska prijestolnica kulture\",\"publisher\":{\"@id\":\"https:\/\/ri2020.eu\/en\/#organization\"},\"potentialAction\":[{\"@type\":\"SearchAction\",\"target\":{\"@type\":\"EntryPoint\",\"urlTemplate\":\"https:\/\/ri2020.eu\/en\/?s={search_term_string}\"},\"query-input\":{\"@type\":\"PropertyValueSpecification\",\"valueRequired\":true,\"valueName\":\"search_term_string\"}}],\"inLanguage\":\"en-US\"},{\"@type\":\"Organization\",\"@id\":\"https:\/\/ri2020.eu\/en\/#organization\",\"name\":\"Rijeka 2020 d.o.o.\",\"url\":\"https:\/\/ri2020.eu\/en\/\",\"logo\":{\"@type\":\"ImageObject\",\"inLanguage\":\"en-US\",\"@id\":\"https:\/\/ri2020.eu\/en\/#\/schema\/logo\/image\/\",\"url\":\"https:\/\/rijeka2020.eu\/wp-content\/uploads\/2018\/07\/Ri2020-logo.png\",\"contentUrl\":\"https:\/\/rijeka2020.eu\/wp-content\/uploads\/2018\/07\/Ri2020-logo.png\",\"width\":407,\"height\":175,\"caption\":\"Rijeka 2020 d.o.o.\"},\"image\":{\"@id\":\"https:\/\/ri2020.eu\/en\/#\/schema\/logo\/image\/\"},\"sameAs\":[\"https:\/\/www.facebook.com\/rijeka2020\",\"https:\/\/x.com\/Rijeka2020\",\"https:\/\/www.instagram.com\/rijeka2020\/\",\"https:\/\/www.youtube.com\/user\/riepk2020\"]},{\"@type\":\"Person\",\"@id\":\"https:\/\/ri2020.eu\/en\/#\/schema\/person\/9c12d91df8c45bc534f625d9c81f403d\",\"name\":\"Rijeka 2020\",\"url\":\"https:\/\/ri2020.eu\/en\/author\/lsm\/\"}]}<\/script>\n<!-- \/ Yoast SEO plugin. -->","yoast_head_json":{"title":"Behind the Scenes: Hotel Ben\u010di\u0107 &#8226; Rijeka 2020","robots":{"index":"index","follow":"follow","max-snippet":"max-snippet:-1","max-image-preview":"max-image-preview:large","max-video-preview":"max-video-preview:-1"},"canonical":"https:\/\/ri2020.eu\/en\/behind-the-scenes-hotel-bencic\/","og_locale":"en_US","og_type":"article","og_title":"Behind the Scenes: Hotel Ben\u010di\u0107 &#8226; Rijeka 2020","og_description":"Grupa studenata zavr\u0161ne godine zagreba\u010dkog arhitektonskog fakulteta u Ben\u010di\u0107u predstavila je svoje radove na temu Hotel Ben\u010di\u0107, pod vodstvom profesora Idisa Turata.","og_url":"https:\/\/ri2020.eu\/en\/behind-the-scenes-hotel-bencic\/","og_site_name":"Rijeka 2020","article_publisher":"https:\/\/www.facebook.com\/rijeka2020","article_published_time":"2016-01-22T10:56:16+00:00","article_modified_time":"2020-02-20T11:34:15+00:00","og_image":[{"width":960,"height":616,"url":"https:\/\/ri2020.eu\/wp-content\/uploads\/2016\/01\/bencic.jpg","type":"image\/jpeg"}],"author":"Rijeka 2020","twitter_card":"summary_large_image","twitter_creator":"@Rijeka2020","twitter_site":"@Rijeka2020","twitter_misc":{"Written by":"Rijeka 2020","Est. reading time":"1 minute"},"schema":{"@context":"https:\/\/schema.org","@graph":[{"@type":"Article","@id":"https:\/\/ri2020.eu\/en\/behind-the-scenes-hotel-bencic\/#article","isPartOf":{"@id":"https:\/\/ri2020.eu\/en\/behind-the-scenes-hotel-bencic\/"},"author":{"name":"Rijeka 2020","@id":"https:\/\/ri2020.eu\/en\/#\/schema\/person\/9c12d91df8c45bc534f625d9c81f403d"},"headline":"Behind the Scenes: Hotel Ben\u010di\u0107","datePublished":"2016-01-22T10:56:16+00:00","dateModified":"2020-02-20T11:34:15+00:00","mainEntityOfPage":{"@id":"https:\/\/ri2020.eu\/en\/behind-the-scenes-hotel-bencic\/"},"wordCount":197,"publisher":{"@id":"https:\/\/ri2020.eu\/en\/#organization"},"image":{"@id":"https:\/\/ri2020.eu\/en\/behind-the-scenes-hotel-bencic\/#primaryimage"},"thumbnailUrl":"https:\/\/ri2020.eu\/wp-content\/uploads\/2016\/01\/bencic.jpg","articleSection":["News"],"inLanguage":"en-US"},{"@type":"WebPage","@id":"https:\/\/ri2020.eu\/en\/behind-the-scenes-hotel-bencic\/","url":"https:\/\/ri2020.eu\/en\/behind-the-scenes-hotel-bencic\/","name":"Behind the Scenes: Hotel Ben\u010di\u0107 &#8226; Rijeka 2020","isPartOf":{"@id":"https:\/\/ri2020.eu\/en\/#website"},"primaryImageOfPage":{"@id":"https:\/\/ri2020.eu\/en\/behind-the-scenes-hotel-bencic\/#primaryimage"},"image":{"@id":"https:\/\/ri2020.eu\/en\/behind-the-scenes-hotel-bencic\/#primaryimage"},"thumbnailUrl":"https:\/\/ri2020.eu\/wp-content\/uploads\/2016\/01\/bencic.jpg","datePublished":"2016-01-22T10:56:16+00:00","dateModified":"2020-02-20T11:34:15+00:00","breadcrumb":{"@id":"https:\/\/ri2020.eu\/en\/behind-the-scenes-hotel-bencic\/#breadcrumb"},"inLanguage":"en-US","potentialAction":[{"@type":"ReadAction","target":["https:\/\/ri2020.eu\/en\/behind-the-scenes-hotel-bencic\/"]}]},{"@type":"ImageObject","inLanguage":"en-US","@id":"https:\/\/ri2020.eu\/en\/behind-the-scenes-hotel-bencic\/#primaryimage","url":"https:\/\/ri2020.eu\/wp-content\/uploads\/2016\/01\/bencic.jpg","contentUrl":"https:\/\/ri2020.eu\/wp-content\/uploads\/2016\/01\/bencic.jpg","width":960,"height":616},{"@type":"BreadcrumbList","@id":"https:\/\/ri2020.eu\/en\/behind-the-scenes-hotel-bencic\/#breadcrumb","itemListElement":[{"@type":"ListItem","position":1,"name":"Home","item":"https:\/\/ri2020.eu\/en\/"},{"@type":"ListItem","position":2,"name":"Behind the Scenes: Hotel Ben\u010di\u0107"}]},{"@type":"WebSite","@id":"https:\/\/ri2020.eu\/en\/#website","url":"https:\/\/ri2020.eu\/en\/","name":"Rijeka 2020","description":"Europska prijestolnica kulture","publisher":{"@id":"https:\/\/ri2020.eu\/en\/#organization"},"potentialAction":[{"@type":"SearchAction","target":{"@type":"EntryPoint","urlTemplate":"https:\/\/ri2020.eu\/en\/?s={search_term_string}"},"query-input":{"@type":"PropertyValueSpecification","valueRequired":true,"valueName":"search_term_string"}}],"inLanguage":"en-US"},{"@type":"Organization","@id":"https:\/\/ri2020.eu\/en\/#organization","name":"Rijeka 2020 d.o.o.","url":"https:\/\/ri2020.eu\/en\/","logo":{"@type":"ImageObject","inLanguage":"en-US","@id":"https:\/\/ri2020.eu\/en\/#\/schema\/logo\/image\/","url":"https:\/\/rijeka2020.eu\/wp-content\/uploads\/2018\/07\/Ri2020-logo.png","contentUrl":"https:\/\/rijeka2020.eu\/wp-content\/uploads\/2018\/07\/Ri2020-logo.png","width":407,"height":175,"caption":"Rijeka 2020 d.o.o."},"image":{"@id":"https:\/\/ri2020.eu\/en\/#\/schema\/logo\/image\/"},"sameAs":["https:\/\/www.facebook.com\/rijeka2020","https:\/\/x.com\/Rijeka2020","https:\/\/www.instagram.com\/rijeka2020\/","https:\/\/www.youtube.com\/user\/riepk2020"]},{"@type":"Person","@id":"https:\/\/ri2020.eu\/en\/#\/schema\/person\/9c12d91df8c45bc534f625d9c81f403d","name":"Rijeka 2020","url":"https:\/\/ri2020.eu\/en\/author\/lsm\/"}]}},"_links":{"self":[{"href":"https:\/\/ri2020.eu\/en\/wp-json\/wp\/v2\/posts\/3432","targetHints":{"allow":["GET"]}}],"collection":[{"href":"https:\/\/ri2020.eu\/en\/wp-json\/wp\/v2\/posts"}],"about":[{"href":"https:\/\/ri2020.eu\/en\/wp-json\/wp\/v2\/types\/post"}],"author":[{"embeddable":true,"href":"https:\/\/ri2020.eu\/en\/wp-json\/wp\/v2\/users\/72"}],"replies":[{"embeddable":true,"href":"https:\/\/ri2020.eu\/en\/wp-json\/wp\/v2\/comments?post=3432"}],"version-history":[{"count":1,"href":"https:\/\/ri2020.eu\/en\/wp-json\/wp\/v2\/posts\/3432\/revisions"}],"predecessor-version":[{"id":50298,"href":"https:\/\/ri2020.eu\/en\/wp-json\/wp\/v2\/posts\/3432\/revisions\/50298"}],"wp:featuredmedia":[{"embeddable":true,"href":"https:\/\/ri2020.eu\/en\/wp-json\/wp\/v2\/media\/3445"}],"wp:attachment":[{"href":"https:\/\/ri2020.eu\/en\/wp-json\/wp\/v2\/media?parent=3432"}],"wp:term":[{"taxonomy":"category","embeddable":true,"href":"https:\/\/ri2020.eu\/en\/wp-json\/wp\/v2\/categories?post=3432"},{"taxonomy":"post_tag","embeddable":true,"href":"https:\/\/ri2020.eu\/en\/wp-json\/wp\/v2\/tags?post=3432"}],"curies":[{"name":"wp","href":"https:\/\/api.w.org\/{rel}","templated":true}]}}