{"id":33502,"date":"2019-10-25T16:01:30","date_gmt":"2019-10-25T14:01:30","guid":{"rendered":"https:\/\/rijeka2020.eu\/?p=33502"},"modified":"2019-11-05T16:02:54","modified_gmt":"2019-11-05T15:02:54","slug":"foreign-media-on-a-two-day-visit-to-rijeka-european-capital-culture-2020","status":"publish","type":"post","link":"https:\/\/ri2020.eu\/en\/foreign-media-on-a-two-day-visit-to-rijeka-european-capital-culture-2020\/","title":{"rendered":"Foreign media on a two-day visit to Rijeka \u2013 European Capital Culture 2020"},"content":{"rendered":"<p><strong>Ten German cultural reporters arrived in Rijeka for a two-day visit that will kick off a series of activities organised by the German Cultural Forum for Central and Eastern Europe that are aiming to cover and document the programme taking place next year in Rijeka, when the city will hold the title of the European Capital of Culture<\/strong>.<\/p>\n<p>The following reporters have arrived in Rijeka:\u00a0<strong>Alena Wagnerov\u00e1-K\u00f6hler<\/strong>\u00a0(Neue Z\u00fcrcher Zeitung, Kulturzeitschrift Liter\u00e1rn\u00ed noviny),\u00a0<strong>Cord Aschenbrenner<\/strong>\u00a0(S\u00fcddeutsche Zeitung),\u00a0<strong>Achim Engelberg<\/strong>\u00a0(Neue Z\u00fcrcher Zeitung, Der Freitag, Bl\u00e4tter f\u00fcr deutsche und internationale Politik),\u00a0<strong>Sigrid Hoff<\/strong>\u00a0(RBB Kulturradio),\u00a0<strong>Eva Steinlein<\/strong>\u00a0(NDR Kultur, Tagesschau),\u00a0<strong>Ilka Desgranges<\/strong>\u00a0(Saarbr\u00fccker Zeitung),\u00a0<strong>Hubert Wolf<\/strong>\u00a0(Westdeutsche Allgemeine Zeitung),\u00a0<strong>Conrad Lay<\/strong>\u00a0(Deutschlandfunk),\u00a0<strong>Ute B\u00fcsing<\/strong>\u00a0(RBB Inforadio\/Kultur),\u00a0<strong>Hanns-Christoph Koch<\/strong>\u00a0(3sat Kulturzeit) and\u00a0<strong>Gregor Mayer<\/strong>\u00a0(Deutsche Presse-Agentur).<\/p>\n<p><strong>Yesterday, on 24 October,<\/strong>\u00a0Prof. Angela Ili\u0107 from the Institute for German Culture and History of South-East Europe at the Ludwig-Maximilian University in Munich, took the reporters on a <strong>tour of the city,<\/strong>\u00a0<strong>as well as the State Archives and the university library and<\/strong>\u00a0arranged a meeting with Dr. Petra \u017dagar-\u0160o\u0161tari\u0107, Chair of the Department of German Language and Literature at the Faculty of Humanities and Social Sciences, library consultant Lea Lazzarich, as well as Prof. Boris Duda\u0161, PhD, Student Council president Marko Berberovi\u0107 and other students.<\/p>\n<p><strong>The reporters met Ivan \u0160arar, Head of the Department of Culture of the City of Rijeka, today, followed by a meeting with the RIJEKA 2020 team, which will present the projects.<\/strong>\u00a0The German reporters will visit the pupils and professors at the Andrija Mohorovi\u010di\u0107 Grammar School, as well as the Rijeka City Museum, where they will be welcomed by the Director Dr. Ervin Dubrovi\u0107 and Prof. Irvin Luke\u017ei\u0107, PhD.<\/p>\n<p>This study visit by the German reporters is the first in a range of activities organised in Rijeka by the German Cultural Forum for Central and Eastern Europe. <strong>From May to October 2020,<\/strong>\u00a0<strong>a literary residency programme will be held for a German writer or reporter, who will cover the events of the ECoC project and write about the city over a period of six months.<\/strong>\u00a0<strong>During this period, the selected writer\/reporter will actively participate in the city&#8217;s cultural life and deal with the common aspects of culture and history in his or her texts.<\/strong>\u00a0The German Cultural Forum for Central and Eastern Europe wants to use the residencies as a platform for promoting intercultural dialogue and introducing the public at large to the joint cultural heritage of the Germans and their neighbours, especially in areas formerly (or still) inhabited by Germans.<\/p>\n<p><strong>In June and July of 2020, a film crew shooting a documentary on the residency, Rijeka and the ECoC programme will join the selected writer\/reporter<\/strong>, while the\u00a0<strong>premiere of the documentary is slated for late 2020 in Rijeka and Berlin.<\/strong><\/p>\n","protected":false},"excerpt":{"rendered":"<p>Ten German reporters have been staying in Rijeka since yesterday on a visit introducing a year-long programme whose aim is to cover the events of the Rijeka &#8211; European Capital of Culture 2020 project.<\/p>\n","protected":false},"author":72,"featured_media":33126,"comment_status":"closed","ping_status":"closed","sticky":false,"template":"","format":"standard","meta":{"_acf_changed":false,"footnotes":""},"categories":[2731],"tags":[4169],"class_list":["post-33502","post","type-post","status-publish","format-standard","has-post-thumbnail","hentry","category-news","tag-rijeka-2020-en-3-en"],"acf":[],"yoast_head":"<!-- This site is optimized with the Yoast SEO plugin v26.8 - https:\/\/yoast.com\/product\/yoast-seo-wordpress\/ -->\n<title>Foreign media on a two-day visit to Rijeka \u2013 European Capital Culture 2020 &#8226; Rijeka 2020<\/title>\n<meta name=\"robots\" content=\"index, follow, max-snippet:-1, max-image-preview:large, max-video-preview:-1\" \/>\n<link rel=\"canonical\" href=\"https:\/\/ri2020.eu\/en\/foreign-media-on-a-two-day-visit-to-rijeka-european-capital-culture-2020\/\" \/>\n<meta property=\"og:locale\" content=\"en_US\" \/>\n<meta property=\"og:type\" content=\"article\" \/>\n<meta property=\"og:title\" content=\"Foreign media on a two-day visit to Rijeka \u2013 European Capital Culture 2020 &#8226; Rijeka 2020\" \/>\n<meta property=\"og:description\" content=\"Ten German reporters have been staying in Rijeka since yesterday on a visit introducing a year-long programme whose aim is to cover the events of the Rijeka - European Capital of Culture 2020 project.\" \/>\n<meta property=\"og:url\" content=\"https:\/\/ri2020.eu\/en\/foreign-media-on-a-two-day-visit-to-rijeka-european-capital-culture-2020\/\" \/>\n<meta property=\"og:site_name\" content=\"Rijeka 2020\" \/>\n<meta property=\"article:publisher\" content=\"https:\/\/www.facebook.com\/rijeka2020\" \/>\n<meta property=\"article:published_time\" content=\"2019-10-25T14:01:30+00:00\" \/>\n<meta property=\"article:modified_time\" content=\"2019-11-05T15:02:54+00:00\" \/>\n<meta property=\"og:image\" content=\"https:\/\/ri2020.eu\/wp-content\/uploads\/2019\/10\/pro\u010delnik-Ivan-\u0160arar-i-njema\u010dki-novinari.jpg\" \/>\n\t<meta property=\"og:image:width\" content=\"2449\" \/>\n\t<meta property=\"og:image:height\" content=\"1632\" \/>\n\t<meta property=\"og:image:type\" content=\"image\/jpeg\" \/>\n<meta name=\"author\" content=\"Rijeka 2020\" \/>\n<meta name=\"twitter:card\" content=\"summary_large_image\" \/>\n<meta name=\"twitter:creator\" content=\"@Rijeka2020\" \/>\n<meta name=\"twitter:site\" content=\"@Rijeka2020\" \/>\n<meta name=\"twitter:label1\" content=\"Written by\" \/>\n\t<meta name=\"twitter:data1\" content=\"Rijeka 2020\" \/>\n\t<meta name=\"twitter:label2\" content=\"Est. reading time\" \/>\n\t<meta name=\"twitter:data2\" content=\"2 minutes\" \/>\n<script type=\"application\/ld+json\" class=\"yoast-schema-graph\">{\"@context\":\"https:\/\/schema.org\",\"@graph\":[{\"@type\":\"Article\",\"@id\":\"https:\/\/ri2020.eu\/en\/foreign-media-on-a-two-day-visit-to-rijeka-european-capital-culture-2020\/#article\",\"isPartOf\":{\"@id\":\"https:\/\/ri2020.eu\/en\/foreign-media-on-a-two-day-visit-to-rijeka-european-capital-culture-2020\/\"},\"author\":{\"name\":\"Rijeka 2020\",\"@id\":\"https:\/\/ri2020.eu\/en\/#\/schema\/person\/9c12d91df8c45bc534f625d9c81f403d\"},\"headline\":\"Foreign media on a two-day visit to Rijeka \u2013 European Capital Culture 2020\",\"datePublished\":\"2019-10-25T14:01:30+00:00\",\"dateModified\":\"2019-11-05T15:02:54+00:00\",\"mainEntityOfPage\":{\"@id\":\"https:\/\/ri2020.eu\/en\/foreign-media-on-a-two-day-visit-to-rijeka-european-capital-culture-2020\/\"},\"wordCount\":486,\"publisher\":{\"@id\":\"https:\/\/ri2020.eu\/en\/#organization\"},\"image\":{\"@id\":\"https:\/\/ri2020.eu\/en\/foreign-media-on-a-two-day-visit-to-rijeka-european-capital-culture-2020\/#primaryimage\"},\"thumbnailUrl\":\"https:\/\/ri2020.eu\/wp-content\/uploads\/2019\/10\/pro\u010delnik-Ivan-\u0160arar-i-njema\u010dki-novinari.jpg\",\"keywords\":[\"Rijeka 2020\"],\"articleSection\":[\"News\"],\"inLanguage\":\"en-US\"},{\"@type\":\"WebPage\",\"@id\":\"https:\/\/ri2020.eu\/en\/foreign-media-on-a-two-day-visit-to-rijeka-european-capital-culture-2020\/\",\"url\":\"https:\/\/ri2020.eu\/en\/foreign-media-on-a-two-day-visit-to-rijeka-european-capital-culture-2020\/\",\"name\":\"Foreign media on a two-day visit to Rijeka \u2013 European Capital Culture 2020 &#8226; Rijeka 2020\",\"isPartOf\":{\"@id\":\"https:\/\/ri2020.eu\/en\/#website\"},\"primaryImageOfPage\":{\"@id\":\"https:\/\/ri2020.eu\/en\/foreign-media-on-a-two-day-visit-to-rijeka-european-capital-culture-2020\/#primaryimage\"},\"image\":{\"@id\":\"https:\/\/ri2020.eu\/en\/foreign-media-on-a-two-day-visit-to-rijeka-european-capital-culture-2020\/#primaryimage\"},\"thumbnailUrl\":\"https:\/\/ri2020.eu\/wp-content\/uploads\/2019\/10\/pro\u010delnik-Ivan-\u0160arar-i-njema\u010dki-novinari.jpg\",\"datePublished\":\"2019-10-25T14:01:30+00:00\",\"dateModified\":\"2019-11-05T15:02:54+00:00\",\"breadcrumb\":{\"@id\":\"https:\/\/ri2020.eu\/en\/foreign-media-on-a-two-day-visit-to-rijeka-european-capital-culture-2020\/#breadcrumb\"},\"inLanguage\":\"en-US\",\"potentialAction\":[{\"@type\":\"ReadAction\",\"target\":[\"https:\/\/ri2020.eu\/en\/foreign-media-on-a-two-day-visit-to-rijeka-european-capital-culture-2020\/\"]}]},{\"@type\":\"ImageObject\",\"inLanguage\":\"en-US\",\"@id\":\"https:\/\/ri2020.eu\/en\/foreign-media-on-a-two-day-visit-to-rijeka-european-capital-culture-2020\/#primaryimage\",\"url\":\"https:\/\/ri2020.eu\/wp-content\/uploads\/2019\/10\/pro\u010delnik-Ivan-\u0160arar-i-njema\u010dki-novinari.jpg\",\"contentUrl\":\"https:\/\/ri2020.eu\/wp-content\/uploads\/2019\/10\/pro\u010delnik-Ivan-\u0160arar-i-njema\u010dki-novinari.jpg\",\"width\":2449,\"height\":1632},{\"@type\":\"BreadcrumbList\",\"@id\":\"https:\/\/ri2020.eu\/en\/foreign-media-on-a-two-day-visit-to-rijeka-european-capital-culture-2020\/#breadcrumb\",\"itemListElement\":[{\"@type\":\"ListItem\",\"position\":1,\"name\":\"Home\",\"item\":\"https:\/\/ri2020.eu\/en\/\"},{\"@type\":\"ListItem\",\"position\":2,\"name\":\"Foreign media on a two-day visit to Rijeka \u2013 European Capital Culture 2020\"}]},{\"@type\":\"WebSite\",\"@id\":\"https:\/\/ri2020.eu\/en\/#website\",\"url\":\"https:\/\/ri2020.eu\/en\/\",\"name\":\"Rijeka 2020\",\"description\":\"Europska prijestolnica kulture\",\"publisher\":{\"@id\":\"https:\/\/ri2020.eu\/en\/#organization\"},\"potentialAction\":[{\"@type\":\"SearchAction\",\"target\":{\"@type\":\"EntryPoint\",\"urlTemplate\":\"https:\/\/ri2020.eu\/en\/?s={search_term_string}\"},\"query-input\":{\"@type\":\"PropertyValueSpecification\",\"valueRequired\":true,\"valueName\":\"search_term_string\"}}],\"inLanguage\":\"en-US\"},{\"@type\":\"Organization\",\"@id\":\"https:\/\/ri2020.eu\/en\/#organization\",\"name\":\"Rijeka 2020 d.o.o.\",\"url\":\"https:\/\/ri2020.eu\/en\/\",\"logo\":{\"@type\":\"ImageObject\",\"inLanguage\":\"en-US\",\"@id\":\"https:\/\/ri2020.eu\/en\/#\/schema\/logo\/image\/\",\"url\":\"https:\/\/rijeka2020.eu\/wp-content\/uploads\/2018\/07\/Ri2020-logo.png\",\"contentUrl\":\"https:\/\/rijeka2020.eu\/wp-content\/uploads\/2018\/07\/Ri2020-logo.png\",\"width\":407,\"height\":175,\"caption\":\"Rijeka 2020 d.o.o.\"},\"image\":{\"@id\":\"https:\/\/ri2020.eu\/en\/#\/schema\/logo\/image\/\"},\"sameAs\":[\"https:\/\/www.facebook.com\/rijeka2020\",\"https:\/\/x.com\/Rijeka2020\",\"https:\/\/www.instagram.com\/rijeka2020\/\",\"https:\/\/www.youtube.com\/user\/riepk2020\"]},{\"@type\":\"Person\",\"@id\":\"https:\/\/ri2020.eu\/en\/#\/schema\/person\/9c12d91df8c45bc534f625d9c81f403d\",\"name\":\"Rijeka 2020\",\"url\":\"https:\/\/ri2020.eu\/en\/author\/lsm\/\"}]}<\/script>\n<!-- \/ Yoast SEO plugin. -->","yoast_head_json":{"title":"Foreign media on a two-day visit to Rijeka \u2013 European Capital Culture 2020 &#8226; Rijeka 2020","robots":{"index":"index","follow":"follow","max-snippet":"max-snippet:-1","max-image-preview":"max-image-preview:large","max-video-preview":"max-video-preview:-1"},"canonical":"https:\/\/ri2020.eu\/en\/foreign-media-on-a-two-day-visit-to-rijeka-european-capital-culture-2020\/","og_locale":"en_US","og_type":"article","og_title":"Foreign media on a two-day visit to Rijeka \u2013 European Capital Culture 2020 &#8226; Rijeka 2020","og_description":"Ten German reporters have been staying in Rijeka since yesterday on a visit introducing a year-long programme whose aim is to cover the events of the Rijeka - European Capital of Culture 2020 project.","og_url":"https:\/\/ri2020.eu\/en\/foreign-media-on-a-two-day-visit-to-rijeka-european-capital-culture-2020\/","og_site_name":"Rijeka 2020","article_publisher":"https:\/\/www.facebook.com\/rijeka2020","article_published_time":"2019-10-25T14:01:30+00:00","article_modified_time":"2019-11-05T15:02:54+00:00","og_image":[{"width":2449,"height":1632,"url":"https:\/\/ri2020.eu\/wp-content\/uploads\/2019\/10\/pro\u010delnik-Ivan-\u0160arar-i-njema\u010dki-novinari.jpg","type":"image\/jpeg"}],"author":"Rijeka 2020","twitter_card":"summary_large_image","twitter_creator":"@Rijeka2020","twitter_site":"@Rijeka2020","twitter_misc":{"Written by":"Rijeka 2020","Est. reading time":"2 minutes"},"schema":{"@context":"https:\/\/schema.org","@graph":[{"@type":"Article","@id":"https:\/\/ri2020.eu\/en\/foreign-media-on-a-two-day-visit-to-rijeka-european-capital-culture-2020\/#article","isPartOf":{"@id":"https:\/\/ri2020.eu\/en\/foreign-media-on-a-two-day-visit-to-rijeka-european-capital-culture-2020\/"},"author":{"name":"Rijeka 2020","@id":"https:\/\/ri2020.eu\/en\/#\/schema\/person\/9c12d91df8c45bc534f625d9c81f403d"},"headline":"Foreign media on a two-day visit to Rijeka \u2013 European Capital Culture 2020","datePublished":"2019-10-25T14:01:30+00:00","dateModified":"2019-11-05T15:02:54+00:00","mainEntityOfPage":{"@id":"https:\/\/ri2020.eu\/en\/foreign-media-on-a-two-day-visit-to-rijeka-european-capital-culture-2020\/"},"wordCount":486,"publisher":{"@id":"https:\/\/ri2020.eu\/en\/#organization"},"image":{"@id":"https:\/\/ri2020.eu\/en\/foreign-media-on-a-two-day-visit-to-rijeka-european-capital-culture-2020\/#primaryimage"},"thumbnailUrl":"https:\/\/ri2020.eu\/wp-content\/uploads\/2019\/10\/pro\u010delnik-Ivan-\u0160arar-i-njema\u010dki-novinari.jpg","keywords":["Rijeka 2020"],"articleSection":["News"],"inLanguage":"en-US"},{"@type":"WebPage","@id":"https:\/\/ri2020.eu\/en\/foreign-media-on-a-two-day-visit-to-rijeka-european-capital-culture-2020\/","url":"https:\/\/ri2020.eu\/en\/foreign-media-on-a-two-day-visit-to-rijeka-european-capital-culture-2020\/","name":"Foreign media on a two-day visit to Rijeka \u2013 European Capital Culture 2020 &#8226; Rijeka 2020","isPartOf":{"@id":"https:\/\/ri2020.eu\/en\/#website"},"primaryImageOfPage":{"@id":"https:\/\/ri2020.eu\/en\/foreign-media-on-a-two-day-visit-to-rijeka-european-capital-culture-2020\/#primaryimage"},"image":{"@id":"https:\/\/ri2020.eu\/en\/foreign-media-on-a-two-day-visit-to-rijeka-european-capital-culture-2020\/#primaryimage"},"thumbnailUrl":"https:\/\/ri2020.eu\/wp-content\/uploads\/2019\/10\/pro\u010delnik-Ivan-\u0160arar-i-njema\u010dki-novinari.jpg","datePublished":"2019-10-25T14:01:30+00:00","dateModified":"2019-11-05T15:02:54+00:00","breadcrumb":{"@id":"https:\/\/ri2020.eu\/en\/foreign-media-on-a-two-day-visit-to-rijeka-european-capital-culture-2020\/#breadcrumb"},"inLanguage":"en-US","potentialAction":[{"@type":"ReadAction","target":["https:\/\/ri2020.eu\/en\/foreign-media-on-a-two-day-visit-to-rijeka-european-capital-culture-2020\/"]}]},{"@type":"ImageObject","inLanguage":"en-US","@id":"https:\/\/ri2020.eu\/en\/foreign-media-on-a-two-day-visit-to-rijeka-european-capital-culture-2020\/#primaryimage","url":"https:\/\/ri2020.eu\/wp-content\/uploads\/2019\/10\/pro\u010delnik-Ivan-\u0160arar-i-njema\u010dki-novinari.jpg","contentUrl":"https:\/\/ri2020.eu\/wp-content\/uploads\/2019\/10\/pro\u010delnik-Ivan-\u0160arar-i-njema\u010dki-novinari.jpg","width":2449,"height":1632},{"@type":"BreadcrumbList","@id":"https:\/\/ri2020.eu\/en\/foreign-media-on-a-two-day-visit-to-rijeka-european-capital-culture-2020\/#breadcrumb","itemListElement":[{"@type":"ListItem","position":1,"name":"Home","item":"https:\/\/ri2020.eu\/en\/"},{"@type":"ListItem","position":2,"name":"Foreign media on a two-day visit to Rijeka \u2013 European Capital Culture 2020"}]},{"@type":"WebSite","@id":"https:\/\/ri2020.eu\/en\/#website","url":"https:\/\/ri2020.eu\/en\/","name":"Rijeka 2020","description":"Europska prijestolnica kulture","publisher":{"@id":"https:\/\/ri2020.eu\/en\/#organization"},"potentialAction":[{"@type":"SearchAction","target":{"@type":"EntryPoint","urlTemplate":"https:\/\/ri2020.eu\/en\/?s={search_term_string}"},"query-input":{"@type":"PropertyValueSpecification","valueRequired":true,"valueName":"search_term_string"}}],"inLanguage":"en-US"},{"@type":"Organization","@id":"https:\/\/ri2020.eu\/en\/#organization","name":"Rijeka 2020 d.o.o.","url":"https:\/\/ri2020.eu\/en\/","logo":{"@type":"ImageObject","inLanguage":"en-US","@id":"https:\/\/ri2020.eu\/en\/#\/schema\/logo\/image\/","url":"https:\/\/rijeka2020.eu\/wp-content\/uploads\/2018\/07\/Ri2020-logo.png","contentUrl":"https:\/\/rijeka2020.eu\/wp-content\/uploads\/2018\/07\/Ri2020-logo.png","width":407,"height":175,"caption":"Rijeka 2020 d.o.o."},"image":{"@id":"https:\/\/ri2020.eu\/en\/#\/schema\/logo\/image\/"},"sameAs":["https:\/\/www.facebook.com\/rijeka2020","https:\/\/x.com\/Rijeka2020","https:\/\/www.instagram.com\/rijeka2020\/","https:\/\/www.youtube.com\/user\/riepk2020"]},{"@type":"Person","@id":"https:\/\/ri2020.eu\/en\/#\/schema\/person\/9c12d91df8c45bc534f625d9c81f403d","name":"Rijeka 2020","url":"https:\/\/ri2020.eu\/en\/author\/lsm\/"}]}},"_links":{"self":[{"href":"https:\/\/ri2020.eu\/en\/wp-json\/wp\/v2\/posts\/33502","targetHints":{"allow":["GET"]}}],"collection":[{"href":"https:\/\/ri2020.eu\/en\/wp-json\/wp\/v2\/posts"}],"about":[{"href":"https:\/\/ri2020.eu\/en\/wp-json\/wp\/v2\/types\/post"}],"author":[{"embeddable":true,"href":"https:\/\/ri2020.eu\/en\/wp-json\/wp\/v2\/users\/72"}],"replies":[{"embeddable":true,"href":"https:\/\/ri2020.eu\/en\/wp-json\/wp\/v2\/comments?post=33502"}],"version-history":[{"count":0,"href":"https:\/\/ri2020.eu\/en\/wp-json\/wp\/v2\/posts\/33502\/revisions"}],"wp:featuredmedia":[{"embeddable":true,"href":"https:\/\/ri2020.eu\/en\/wp-json\/wp\/v2\/media\/33126"}],"wp:attachment":[{"href":"https:\/\/ri2020.eu\/en\/wp-json\/wp\/v2\/media?parent=33502"}],"wp:term":[{"taxonomy":"category","embeddable":true,"href":"https:\/\/ri2020.eu\/en\/wp-json\/wp\/v2\/categories?post=33502"},{"taxonomy":"post_tag","embeddable":true,"href":"https:\/\/ri2020.eu\/en\/wp-json\/wp\/v2\/tags?post=33502"}],"curies":[{"name":"wp","href":"https:\/\/api.w.org\/{rel}","templated":true}]}}