{"id":33500,"date":"2019-10-29T15:57:12","date_gmt":"2019-10-29T14:57:12","guid":{"rendered":"https:\/\/rijeka2020.eu\/?p=33500"},"modified":"2019-11-05T15:59:09","modified_gmt":"2019-11-05T14:59:09","slug":"sandra-uskokovic-presents-her-book-anamnesis","status":"publish","type":"post","link":"https:\/\/ri2020.eu\/en\/sandra-uskokovic-presents-her-book-anamnesis\/","title":{"rendered":"Sandra Uskokovi\u0107 presents her book Anamnesis"},"content":{"rendered":"<p>The book promotion was <strong>included in the pre-programme of the large-scale international exhibition The 90s: Scars,<\/strong> which will open in <strong>May of next year<\/strong> at the museum as part of the <strong>Seasons of Power flagship of the Rijeka 2020 \u2013 European Capital of Culture programme.<\/strong><\/p>\n<p>The book is divided into nine chapters that cover theoretical, research and practical approaches to documenting and transforming the public space and the city through various art formats, including the examination of the manner in which our perception and participation in the urban environment is altered by the interaction of art practices and projects dealing with the public space.<\/p>\n<p>Uskokovi\u0107 writes about the works of <strong>Tomislav Gotovac, Sanja Ivekovi\u0107, Zlatko Kopljar, Sini\u0161a Labrovi\u0107, Slaven Tolj, Igor Grubi\u0107, Baca\u010d Sjenki, Petar Grimani, Zoran Pavli\u0107, Sandra Sterla, Kugla glumi\u0161te etc.<\/strong><\/p>\n<blockquote><p>\u201e<strong>Anamnesis<\/strong> is a term that addresses something that is forgotten, lost but stored in one&#8217;s memory, though it also has a different meaning that actually transforms its subject, or in other words, it is a way to create something new from something that is old and forgotten. I tried to pinpoint the state of today&#8217;s society via anamnesis. The present public space also encompasses the media and political space, which is all-permeating and not necessarily connected to a physical space or location. Today, we frequently communicate in the social network space, but with little dialogue and room for discussion and debate, as opposed to its ostensible role, so this was an additional motive to open this discussion within the discourse of public space\u201c<\/p><\/blockquote>\n<p>, Sandra Uskokovi\u0107 commented on her book.<\/p>\n<p>In addition to the author, the book was discussed by <strong>Daniela Urem, <\/strong>president of the Creative Cultural Alliance association; <strong>Boris Bakal, <\/strong>multimedia artist and co-founder of the creative platform Baca\u010di sjenki (Shadowcasters) and performance art theorist, visual artist and dramaturge <strong>Andrej Mir\u010dev<\/strong>.<\/p>\n<p><img loading=\"lazy\" decoding=\"async\" class=\"alignnone size-full wp-image-33144\" src=\"https:\/\/rijeka2020.eu\/wp-content\/uploads\/2019\/10\/00-ANAMNESIS-korice-plast.jpg\" alt=\"\" width=\"2048\" height=\"776\" srcset=\"https:\/\/ri2020.eu\/wp-content\/uploads\/2019\/10\/00-ANAMNESIS-korice-plast.jpg 2048w, https:\/\/ri2020.eu\/wp-content\/uploads\/2019\/10\/00-ANAMNESIS-korice-plast-255x97.jpg 255w, https:\/\/ri2020.eu\/wp-content\/uploads\/2019\/10\/00-ANAMNESIS-korice-plast-768x291.jpg 768w, https:\/\/ri2020.eu\/wp-content\/uploads\/2019\/10\/00-ANAMNESIS-korice-plast-1024x388.jpg 1024w, https:\/\/ri2020.eu\/wp-content\/uploads\/2019\/10\/00-ANAMNESIS-korice-plast-250x95.jpg 250w, https:\/\/ri2020.eu\/wp-content\/uploads\/2019\/10\/00-ANAMNESIS-korice-plast-420x159.jpg 420w\" sizes=\"auto, (max-width: 2048px) 100vw, 2048px\" \/><\/p>\n<p><em><strong>Sandra Uskokovic\u0301<\/strong><\/em><em> was born in Dubrovnik in 1971. She graduated from the Faculty of Humanities and Social Sciences in Zagreb with a degree in Art History. She was also an ICCROM (Rome, 2003) and UNESCO (Paris, 2005 \u2013 2006) researcher and fellow. Sandra earned her Master of Arts from George Washington University in 2004 and her PhD in Art History from the Faculty of Humanities and Social Sciences at the University of Zagreb in 2010. She is an associate professor at the Department of Arts and Restoration of the University of Dubrovnik. Sandra combines her interests in art and literature by writing articles and reviews for a plethora of Croatian and international journals. She has attended numerous international expert conferences and symposiums in the USA, Asia and Europe and is the recipient of prestigious art awards\/fellowships, including: Getty Institute (New York), Samuel H. Kress, Graham Foundation (Chicago).\u00a0 She has had two books, a doctoral thesis and her latest book Anamnesis: Dialogues of Art in Public Spaces published by Antibarbarus d.o.o. (Zagreb), Ex Libris (Zagreb) and UPI2M Books (Zagreb, 2018), respectively. The field of her research includes art criticism, the theory and history of architecture, cultural studies, visual culture and contemporary art practices.<\/em><\/p>\n","protected":false},"excerpt":{"rendered":"<p>The Museum of Modern and Contemporary Art in Rijeka hosted the promotion of Sandra Uskokovi\u0107&#8217;s book Anamnesis: Dialogues of Art in Public Spaces in which the author presents works by Croatian artists from the 1990s to the present day that explore the way we perceive, imagine, experience and shape the public space.<\/p>\n","protected":false},"author":72,"featured_media":33102,"comment_status":"closed","ping_status":"closed","sticky":false,"template":"","format":"standard","meta":{"_acf_changed":false,"footnotes":""},"categories":[2731,3680],"tags":[],"class_list":["post-33500","post","type-post","status-publish","format-standard","has-post-thumbnail","hentry","category-news","category-times-of-power"],"acf":[],"yoast_head":"<!-- This site is optimized with the Yoast SEO plugin v26.8 - https:\/\/yoast.com\/product\/yoast-seo-wordpress\/ -->\n<title>Sandra Uskokovi\u0107 presents her book Anamnesis &#8226; Rijeka 2020<\/title>\n<meta name=\"robots\" content=\"index, follow, max-snippet:-1, max-image-preview:large, max-video-preview:-1\" \/>\n<link rel=\"canonical\" href=\"https:\/\/ri2020.eu\/en\/sandra-uskokovic-presents-her-book-anamnesis\/\" \/>\n<meta property=\"og:locale\" content=\"en_US\" \/>\n<meta property=\"og:type\" content=\"article\" \/>\n<meta property=\"og:title\" content=\"Sandra Uskokovi\u0107 presents her book Anamnesis &#8226; Rijeka 2020\" \/>\n<meta property=\"og:description\" content=\"The Museum of Modern and Contemporary Art in Rijeka hosted the promotion of Sandra Uskokovi\u0107&#039;s book Anamnesis: Dialogues of Art in Public Spaces in which the author presents works by Croatian artists from the 1990s to the present day that explore the way we perceive, imagine, experience and shape the public space.\" \/>\n<meta property=\"og:url\" content=\"https:\/\/ri2020.eu\/en\/sandra-uskokovic-presents-her-book-anamnesis\/\" \/>\n<meta property=\"og:site_name\" content=\"Rijeka 2020\" \/>\n<meta property=\"article:publisher\" content=\"https:\/\/www.facebook.com\/rijeka2020\" \/>\n<meta property=\"article:published_time\" content=\"2019-10-29T14:57:12+00:00\" \/>\n<meta property=\"article:modified_time\" content=\"2019-11-05T14:59:09+00:00\" \/>\n<meta property=\"og:image\" content=\"https:\/\/ri2020.eu\/wp-content\/uploads\/2019\/10\/72774398_1328779430629797_882625288385593344_o.jpg\" \/>\n\t<meta property=\"og:image:width\" content=\"2048\" \/>\n\t<meta property=\"og:image:height\" content=\"1618\" \/>\n\t<meta property=\"og:image:type\" content=\"image\/jpeg\" \/>\n<meta name=\"author\" content=\"Rijeka 2020\" \/>\n<meta name=\"twitter:card\" content=\"summary_large_image\" \/>\n<meta name=\"twitter:creator\" content=\"@Rijeka2020\" \/>\n<meta name=\"twitter:site\" content=\"@Rijeka2020\" \/>\n<meta name=\"twitter:label1\" content=\"Written by\" \/>\n\t<meta name=\"twitter:data1\" content=\"Rijeka 2020\" \/>\n\t<meta name=\"twitter:label2\" content=\"Est. reading time\" \/>\n\t<meta name=\"twitter:data2\" content=\"3 minutes\" \/>\n<script type=\"application\/ld+json\" class=\"yoast-schema-graph\">{\"@context\":\"https:\/\/schema.org\",\"@graph\":[{\"@type\":\"Article\",\"@id\":\"https:\/\/ri2020.eu\/en\/sandra-uskokovic-presents-her-book-anamnesis\/#article\",\"isPartOf\":{\"@id\":\"https:\/\/ri2020.eu\/en\/sandra-uskokovic-presents-her-book-anamnesis\/\"},\"author\":{\"name\":\"Rijeka 2020\",\"@id\":\"https:\/\/ri2020.eu\/en\/#\/schema\/person\/9c12d91df8c45bc534f625d9c81f403d\"},\"headline\":\"Sandra Uskokovi\u0107 presents her book Anamnesis\",\"datePublished\":\"2019-10-29T14:57:12+00:00\",\"dateModified\":\"2019-11-05T14:59:09+00:00\",\"mainEntityOfPage\":{\"@id\":\"https:\/\/ri2020.eu\/en\/sandra-uskokovic-presents-her-book-anamnesis\/\"},\"wordCount\":512,\"publisher\":{\"@id\":\"https:\/\/ri2020.eu\/en\/#organization\"},\"image\":{\"@id\":\"https:\/\/ri2020.eu\/en\/sandra-uskokovic-presents-her-book-anamnesis\/#primaryimage\"},\"thumbnailUrl\":\"https:\/\/ri2020.eu\/wp-content\/uploads\/2019\/10\/72774398_1328779430629797_882625288385593344_o.jpg\",\"articleSection\":[\"News\",\"Times of Power\"],\"inLanguage\":\"en-US\"},{\"@type\":\"WebPage\",\"@id\":\"https:\/\/ri2020.eu\/en\/sandra-uskokovic-presents-her-book-anamnesis\/\",\"url\":\"https:\/\/ri2020.eu\/en\/sandra-uskokovic-presents-her-book-anamnesis\/\",\"name\":\"Sandra Uskokovi\u0107 presents her book Anamnesis &#8226; Rijeka 2020\",\"isPartOf\":{\"@id\":\"https:\/\/ri2020.eu\/en\/#website\"},\"primaryImageOfPage\":{\"@id\":\"https:\/\/ri2020.eu\/en\/sandra-uskokovic-presents-her-book-anamnesis\/#primaryimage\"},\"image\":{\"@id\":\"https:\/\/ri2020.eu\/en\/sandra-uskokovic-presents-her-book-anamnesis\/#primaryimage\"},\"thumbnailUrl\":\"https:\/\/ri2020.eu\/wp-content\/uploads\/2019\/10\/72774398_1328779430629797_882625288385593344_o.jpg\",\"datePublished\":\"2019-10-29T14:57:12+00:00\",\"dateModified\":\"2019-11-05T14:59:09+00:00\",\"breadcrumb\":{\"@id\":\"https:\/\/ri2020.eu\/en\/sandra-uskokovic-presents-her-book-anamnesis\/#breadcrumb\"},\"inLanguage\":\"en-US\",\"potentialAction\":[{\"@type\":\"ReadAction\",\"target\":[\"https:\/\/ri2020.eu\/en\/sandra-uskokovic-presents-her-book-anamnesis\/\"]}]},{\"@type\":\"ImageObject\",\"inLanguage\":\"en-US\",\"@id\":\"https:\/\/ri2020.eu\/en\/sandra-uskokovic-presents-her-book-anamnesis\/#primaryimage\",\"url\":\"https:\/\/ri2020.eu\/wp-content\/uploads\/2019\/10\/72774398_1328779430629797_882625288385593344_o.jpg\",\"contentUrl\":\"https:\/\/ri2020.eu\/wp-content\/uploads\/2019\/10\/72774398_1328779430629797_882625288385593344_o.jpg\",\"width\":2048,\"height\":1618},{\"@type\":\"BreadcrumbList\",\"@id\":\"https:\/\/ri2020.eu\/en\/sandra-uskokovic-presents-her-book-anamnesis\/#breadcrumb\",\"itemListElement\":[{\"@type\":\"ListItem\",\"position\":1,\"name\":\"Home\",\"item\":\"https:\/\/ri2020.eu\/en\/\"},{\"@type\":\"ListItem\",\"position\":2,\"name\":\"Sandra Uskokovi\u0107 presents her book Anamnesis\"}]},{\"@type\":\"WebSite\",\"@id\":\"https:\/\/ri2020.eu\/en\/#website\",\"url\":\"https:\/\/ri2020.eu\/en\/\",\"name\":\"Rijeka 2020\",\"description\":\"Europska prijestolnica kulture\",\"publisher\":{\"@id\":\"https:\/\/ri2020.eu\/en\/#organization\"},\"potentialAction\":[{\"@type\":\"SearchAction\",\"target\":{\"@type\":\"EntryPoint\",\"urlTemplate\":\"https:\/\/ri2020.eu\/en\/?s={search_term_string}\"},\"query-input\":{\"@type\":\"PropertyValueSpecification\",\"valueRequired\":true,\"valueName\":\"search_term_string\"}}],\"inLanguage\":\"en-US\"},{\"@type\":\"Organization\",\"@id\":\"https:\/\/ri2020.eu\/en\/#organization\",\"name\":\"Rijeka 2020 d.o.o.\",\"url\":\"https:\/\/ri2020.eu\/en\/\",\"logo\":{\"@type\":\"ImageObject\",\"inLanguage\":\"en-US\",\"@id\":\"https:\/\/ri2020.eu\/en\/#\/schema\/logo\/image\/\",\"url\":\"https:\/\/rijeka2020.eu\/wp-content\/uploads\/2018\/07\/Ri2020-logo.png\",\"contentUrl\":\"https:\/\/rijeka2020.eu\/wp-content\/uploads\/2018\/07\/Ri2020-logo.png\",\"width\":407,\"height\":175,\"caption\":\"Rijeka 2020 d.o.o.\"},\"image\":{\"@id\":\"https:\/\/ri2020.eu\/en\/#\/schema\/logo\/image\/\"},\"sameAs\":[\"https:\/\/www.facebook.com\/rijeka2020\",\"https:\/\/x.com\/Rijeka2020\",\"https:\/\/www.instagram.com\/rijeka2020\/\",\"https:\/\/www.youtube.com\/user\/riepk2020\"]},{\"@type\":\"Person\",\"@id\":\"https:\/\/ri2020.eu\/en\/#\/schema\/person\/9c12d91df8c45bc534f625d9c81f403d\",\"name\":\"Rijeka 2020\",\"url\":\"https:\/\/ri2020.eu\/en\/author\/lsm\/\"}]}<\/script>\n<!-- \/ Yoast SEO plugin. -->","yoast_head_json":{"title":"Sandra Uskokovi\u0107 presents her book Anamnesis &#8226; Rijeka 2020","robots":{"index":"index","follow":"follow","max-snippet":"max-snippet:-1","max-image-preview":"max-image-preview:large","max-video-preview":"max-video-preview:-1"},"canonical":"https:\/\/ri2020.eu\/en\/sandra-uskokovic-presents-her-book-anamnesis\/","og_locale":"en_US","og_type":"article","og_title":"Sandra Uskokovi\u0107 presents her book Anamnesis &#8226; Rijeka 2020","og_description":"The Museum of Modern and Contemporary Art in Rijeka hosted the promotion of Sandra Uskokovi\u0107's book Anamnesis: Dialogues of Art in Public Spaces in which the author presents works by Croatian artists from the 1990s to the present day that explore the way we perceive, imagine, experience and shape the public space.","og_url":"https:\/\/ri2020.eu\/en\/sandra-uskokovic-presents-her-book-anamnesis\/","og_site_name":"Rijeka 2020","article_publisher":"https:\/\/www.facebook.com\/rijeka2020","article_published_time":"2019-10-29T14:57:12+00:00","article_modified_time":"2019-11-05T14:59:09+00:00","og_image":[{"width":2048,"height":1618,"url":"https:\/\/ri2020.eu\/wp-content\/uploads\/2019\/10\/72774398_1328779430629797_882625288385593344_o.jpg","type":"image\/jpeg"}],"author":"Rijeka 2020","twitter_card":"summary_large_image","twitter_creator":"@Rijeka2020","twitter_site":"@Rijeka2020","twitter_misc":{"Written by":"Rijeka 2020","Est. reading time":"3 minutes"},"schema":{"@context":"https:\/\/schema.org","@graph":[{"@type":"Article","@id":"https:\/\/ri2020.eu\/en\/sandra-uskokovic-presents-her-book-anamnesis\/#article","isPartOf":{"@id":"https:\/\/ri2020.eu\/en\/sandra-uskokovic-presents-her-book-anamnesis\/"},"author":{"name":"Rijeka 2020","@id":"https:\/\/ri2020.eu\/en\/#\/schema\/person\/9c12d91df8c45bc534f625d9c81f403d"},"headline":"Sandra Uskokovi\u0107 presents her book Anamnesis","datePublished":"2019-10-29T14:57:12+00:00","dateModified":"2019-11-05T14:59:09+00:00","mainEntityOfPage":{"@id":"https:\/\/ri2020.eu\/en\/sandra-uskokovic-presents-her-book-anamnesis\/"},"wordCount":512,"publisher":{"@id":"https:\/\/ri2020.eu\/en\/#organization"},"image":{"@id":"https:\/\/ri2020.eu\/en\/sandra-uskokovic-presents-her-book-anamnesis\/#primaryimage"},"thumbnailUrl":"https:\/\/ri2020.eu\/wp-content\/uploads\/2019\/10\/72774398_1328779430629797_882625288385593344_o.jpg","articleSection":["News","Times of Power"],"inLanguage":"en-US"},{"@type":"WebPage","@id":"https:\/\/ri2020.eu\/en\/sandra-uskokovic-presents-her-book-anamnesis\/","url":"https:\/\/ri2020.eu\/en\/sandra-uskokovic-presents-her-book-anamnesis\/","name":"Sandra Uskokovi\u0107 presents her book Anamnesis &#8226; Rijeka 2020","isPartOf":{"@id":"https:\/\/ri2020.eu\/en\/#website"},"primaryImageOfPage":{"@id":"https:\/\/ri2020.eu\/en\/sandra-uskokovic-presents-her-book-anamnesis\/#primaryimage"},"image":{"@id":"https:\/\/ri2020.eu\/en\/sandra-uskokovic-presents-her-book-anamnesis\/#primaryimage"},"thumbnailUrl":"https:\/\/ri2020.eu\/wp-content\/uploads\/2019\/10\/72774398_1328779430629797_882625288385593344_o.jpg","datePublished":"2019-10-29T14:57:12+00:00","dateModified":"2019-11-05T14:59:09+00:00","breadcrumb":{"@id":"https:\/\/ri2020.eu\/en\/sandra-uskokovic-presents-her-book-anamnesis\/#breadcrumb"},"inLanguage":"en-US","potentialAction":[{"@type":"ReadAction","target":["https:\/\/ri2020.eu\/en\/sandra-uskokovic-presents-her-book-anamnesis\/"]}]},{"@type":"ImageObject","inLanguage":"en-US","@id":"https:\/\/ri2020.eu\/en\/sandra-uskokovic-presents-her-book-anamnesis\/#primaryimage","url":"https:\/\/ri2020.eu\/wp-content\/uploads\/2019\/10\/72774398_1328779430629797_882625288385593344_o.jpg","contentUrl":"https:\/\/ri2020.eu\/wp-content\/uploads\/2019\/10\/72774398_1328779430629797_882625288385593344_o.jpg","width":2048,"height":1618},{"@type":"BreadcrumbList","@id":"https:\/\/ri2020.eu\/en\/sandra-uskokovic-presents-her-book-anamnesis\/#breadcrumb","itemListElement":[{"@type":"ListItem","position":1,"name":"Home","item":"https:\/\/ri2020.eu\/en\/"},{"@type":"ListItem","position":2,"name":"Sandra Uskokovi\u0107 presents her book Anamnesis"}]},{"@type":"WebSite","@id":"https:\/\/ri2020.eu\/en\/#website","url":"https:\/\/ri2020.eu\/en\/","name":"Rijeka 2020","description":"Europska prijestolnica kulture","publisher":{"@id":"https:\/\/ri2020.eu\/en\/#organization"},"potentialAction":[{"@type":"SearchAction","target":{"@type":"EntryPoint","urlTemplate":"https:\/\/ri2020.eu\/en\/?s={search_term_string}"},"query-input":{"@type":"PropertyValueSpecification","valueRequired":true,"valueName":"search_term_string"}}],"inLanguage":"en-US"},{"@type":"Organization","@id":"https:\/\/ri2020.eu\/en\/#organization","name":"Rijeka 2020 d.o.o.","url":"https:\/\/ri2020.eu\/en\/","logo":{"@type":"ImageObject","inLanguage":"en-US","@id":"https:\/\/ri2020.eu\/en\/#\/schema\/logo\/image\/","url":"https:\/\/rijeka2020.eu\/wp-content\/uploads\/2018\/07\/Ri2020-logo.png","contentUrl":"https:\/\/rijeka2020.eu\/wp-content\/uploads\/2018\/07\/Ri2020-logo.png","width":407,"height":175,"caption":"Rijeka 2020 d.o.o."},"image":{"@id":"https:\/\/ri2020.eu\/en\/#\/schema\/logo\/image\/"},"sameAs":["https:\/\/www.facebook.com\/rijeka2020","https:\/\/x.com\/Rijeka2020","https:\/\/www.instagram.com\/rijeka2020\/","https:\/\/www.youtube.com\/user\/riepk2020"]},{"@type":"Person","@id":"https:\/\/ri2020.eu\/en\/#\/schema\/person\/9c12d91df8c45bc534f625d9c81f403d","name":"Rijeka 2020","url":"https:\/\/ri2020.eu\/en\/author\/lsm\/"}]}},"_links":{"self":[{"href":"https:\/\/ri2020.eu\/en\/wp-json\/wp\/v2\/posts\/33500","targetHints":{"allow":["GET"]}}],"collection":[{"href":"https:\/\/ri2020.eu\/en\/wp-json\/wp\/v2\/posts"}],"about":[{"href":"https:\/\/ri2020.eu\/en\/wp-json\/wp\/v2\/types\/post"}],"author":[{"embeddable":true,"href":"https:\/\/ri2020.eu\/en\/wp-json\/wp\/v2\/users\/72"}],"replies":[{"embeddable":true,"href":"https:\/\/ri2020.eu\/en\/wp-json\/wp\/v2\/comments?post=33500"}],"version-history":[{"count":0,"href":"https:\/\/ri2020.eu\/en\/wp-json\/wp\/v2\/posts\/33500\/revisions"}],"wp:featuredmedia":[{"embeddable":true,"href":"https:\/\/ri2020.eu\/en\/wp-json\/wp\/v2\/media\/33102"}],"wp:attachment":[{"href":"https:\/\/ri2020.eu\/en\/wp-json\/wp\/v2\/media?parent=33500"}],"wp:term":[{"taxonomy":"category","embeddable":true,"href":"https:\/\/ri2020.eu\/en\/wp-json\/wp\/v2\/categories?post=33500"},{"taxonomy":"post_tag","embeddable":true,"href":"https:\/\/ri2020.eu\/en\/wp-json\/wp\/v2\/tags?post=33500"}],"curies":[{"name":"wp","href":"https:\/\/api.w.org\/{rel}","templated":true}]}}