{"id":33498,"date":"2019-10-25T15:56:06","date_gmt":"2019-10-25T13:56:06","guid":{"rendered":"https:\/\/rijeka2020.eu\/?p=33498"},"modified":"2020-02-20T12:19:03","modified_gmt":"2020-02-20T11:19:03","slug":"rijeka-and-galway-european-capitals-of-culture-2020-presented-in-rome","status":"publish","type":"post","link":"https:\/\/ri2020.eu\/en\/rijeka-and-galway-european-capitals-of-culture-2020-presented-in-rome\/","title":{"rendered":"Rijeka and Galway \u2013 European Capitals of Culture 2020 presented in Rome"},"content":{"rendered":"<p><strong>After Paris and Ljubljana, the series of international presentations of the ECoC project in Rijeka resumes today in Rome.\u00a0<\/strong>The cultural programme of the ECoC project, as well as Rijeka as a cultural tourism destination, will be presented in Rome. Presented alongside Rijeka is Galway, a city that will also hold the title of European Capital of Culture next year.<\/p>\n<p><strong>Vojko Obersnel, Mayor of Rijeka, and Irena Kregar \u0160egota, Partnership and Communications Director of Rijeka 2020, travelled to Rome for the occasion. They will present the 2020 programme in Rijeka to around 100 reporters, members of the diplomatic corps and the interested public.\u00a0<\/strong>In the conference hall of Spazio Europa, the building that houses the representations of the European Commission and the European Parliament in Rome, representatives of Rijeka\u00a0<strong>will announce over 600 events in 2020 that will be organised in cooperation with 250 cultural institutions and organisations from 40 countries in Europe and the rest of the world<\/strong>.<\/p>\n<p>As part of the presentation in Rome, the eye-catching promotional films \u201cPort of Diversity\u201d by the Filmerija production company that portrays Rijeka as a \u201cport of diversity\u201d and a meeting place of diversity, and the tourism film \u201cI Miss You\u201d by Baldu\u010di Film, which recently premiered in Rijeka.<\/p>\n<p><strong>During the visit to Rome, Irena Kregar \u0160egota will give a lecture today on the tourism potentials of the European Capital of Culture <\/strong><strong>and the building of the cultural and tourism image of the city<\/strong>\u00a0to postgraduate students of tourism at the<strong> Roma Tre University<\/strong>.<\/p>\n<p>During the Irish portion of the ECoC programme presentation, Chiara Popplewell from the Embassy of Ireland and Marilyn Gaughan-Reddan, Director of the Galway 2020 Cultural Programme, will address the audience.<\/p>\n<p>The Festival of Diplomacy has been held in Rome since 2009, and since there are 137 accredited embassies in Italy, as well as 78 in the Holy See and 73 in San Marino, in addition to the large international community residing here, Rome is considered a hub for diplomatic affairs. This year&#8217;s Festival deals with three topical issues: management challenges, the approach to innovations and sustainable development.<\/p>\n<p><em>The Embassies of Croatia and Ireland are co-organisers of the joint Rijeka and Galway presentation at the Festival of Diplomacy in Rome, with support from the European Commission Representation in Rome.<\/em><\/p>\n","protected":false},"excerpt":{"rendered":"<p>Rijeka and Galway, the cities that will hold the title of European Capital of Culture in 2020, will be presented at the 10th Festival of Diplomacy in Rome on Thursday, 24 October.<\/p>\n","protected":false},"author":72,"featured_media":33117,"comment_status":"closed","ping_status":"closed","sticky":false,"template":"","format":"standard","meta":{"_acf_changed":false,"footnotes":""},"categories":[4313,2731],"tags":[],"class_list":["post-33498","post","type-post","status-publish","format-standard","has-post-thumbnail","hentry","category-cultural-diplomacy","category-news"],"acf":[],"yoast_head":"<!-- This site is optimized with the Yoast SEO plugin v26.8 - https:\/\/yoast.com\/product\/yoast-seo-wordpress\/ -->\n<title>Rijeka and Galway \u2013 European Capitals of Culture 2020 presented in Rome &#8226; Rijeka 2020<\/title>\n<meta name=\"robots\" content=\"index, follow, max-snippet:-1, max-image-preview:large, max-video-preview:-1\" \/>\n<link rel=\"canonical\" href=\"https:\/\/ri2020.eu\/en\/rijeka-and-galway-european-capitals-of-culture-2020-presented-in-rome\/\" \/>\n<meta property=\"og:locale\" content=\"en_US\" \/>\n<meta property=\"og:type\" content=\"article\" \/>\n<meta property=\"og:title\" content=\"Rijeka and Galway \u2013 European Capitals of Culture 2020 presented in Rome &#8226; Rijeka 2020\" \/>\n<meta property=\"og:description\" content=\"Rijeka and Galway, the cities that will hold the title of European Capital of Culture in 2020, will be presented at the 10th Festival of Diplomacy in Rome on Thursday, 24 October.\" \/>\n<meta property=\"og:url\" content=\"https:\/\/ri2020.eu\/en\/rijeka-and-galway-european-capitals-of-culture-2020-presented-in-rome\/\" \/>\n<meta property=\"og:site_name\" content=\"Rijeka 2020\" \/>\n<meta property=\"article:publisher\" content=\"https:\/\/www.facebook.com\/rijeka2020\" \/>\n<meta property=\"article:published_time\" content=\"2019-10-25T13:56:06+00:00\" \/>\n<meta property=\"article:modified_time\" content=\"2020-02-20T11:19:03+00:00\" \/>\n<meta property=\"og:image\" content=\"https:\/\/ri2020.eu\/wp-content\/uploads\/2019\/10\/Damir-Grubi\u0161a_Jasen-Mesi\u0107_Irena-Kregar-\u0160egota_Vojko-Obersnel_Petar-\u0160karpa.jpg\" \/>\n\t<meta property=\"og:image:width\" content=\"2048\" \/>\n\t<meta property=\"og:image:height\" content=\"1678\" \/>\n\t<meta property=\"og:image:type\" content=\"image\/jpeg\" \/>\n<meta name=\"author\" content=\"Rijeka 2020\" \/>\n<meta name=\"twitter:card\" content=\"summary_large_image\" \/>\n<meta name=\"twitter:creator\" content=\"@Rijeka2020\" \/>\n<meta name=\"twitter:site\" content=\"@Rijeka2020\" \/>\n<meta name=\"twitter:label1\" content=\"Written by\" \/>\n\t<meta name=\"twitter:data1\" content=\"Rijeka 2020\" \/>\n\t<meta name=\"twitter:label2\" content=\"Est. reading time\" \/>\n\t<meta name=\"twitter:data2\" content=\"2 minutes\" \/>\n<script type=\"application\/ld+json\" class=\"yoast-schema-graph\">{\"@context\":\"https:\/\/schema.org\",\"@graph\":[{\"@type\":\"Article\",\"@id\":\"https:\/\/ri2020.eu\/en\/rijeka-and-galway-european-capitals-of-culture-2020-presented-in-rome\/#article\",\"isPartOf\":{\"@id\":\"https:\/\/ri2020.eu\/en\/rijeka-and-galway-european-capitals-of-culture-2020-presented-in-rome\/\"},\"author\":{\"name\":\"Rijeka 2020\",\"@id\":\"https:\/\/ri2020.eu\/en\/#\/schema\/person\/9c12d91df8c45bc534f625d9c81f403d\"},\"headline\":\"Rijeka and Galway \u2013 European Capitals of Culture 2020 presented in Rome\",\"datePublished\":\"2019-10-25T13:56:06+00:00\",\"dateModified\":\"2020-02-20T11:19:03+00:00\",\"mainEntityOfPage\":{\"@id\":\"https:\/\/ri2020.eu\/en\/rijeka-and-galway-european-capitals-of-culture-2020-presented-in-rome\/\"},\"wordCount\":380,\"publisher\":{\"@id\":\"https:\/\/ri2020.eu\/en\/#organization\"},\"image\":{\"@id\":\"https:\/\/ri2020.eu\/en\/rijeka-and-galway-european-capitals-of-culture-2020-presented-in-rome\/#primaryimage\"},\"thumbnailUrl\":\"https:\/\/ri2020.eu\/wp-content\/uploads\/2019\/10\/Damir-Grubi\u0161a_Jasen-Mesi\u0107_Irena-Kregar-\u0160egota_Vojko-Obersnel_Petar-\u0160karpa.jpg\",\"articleSection\":[\"Cultural Diplomacy\",\"News\"],\"inLanguage\":\"en-US\"},{\"@type\":\"WebPage\",\"@id\":\"https:\/\/ri2020.eu\/en\/rijeka-and-galway-european-capitals-of-culture-2020-presented-in-rome\/\",\"url\":\"https:\/\/ri2020.eu\/en\/rijeka-and-galway-european-capitals-of-culture-2020-presented-in-rome\/\",\"name\":\"Rijeka and Galway \u2013 European Capitals of Culture 2020 presented in Rome &#8226; Rijeka 2020\",\"isPartOf\":{\"@id\":\"https:\/\/ri2020.eu\/en\/#website\"},\"primaryImageOfPage\":{\"@id\":\"https:\/\/ri2020.eu\/en\/rijeka-and-galway-european-capitals-of-culture-2020-presented-in-rome\/#primaryimage\"},\"image\":{\"@id\":\"https:\/\/ri2020.eu\/en\/rijeka-and-galway-european-capitals-of-culture-2020-presented-in-rome\/#primaryimage\"},\"thumbnailUrl\":\"https:\/\/ri2020.eu\/wp-content\/uploads\/2019\/10\/Damir-Grubi\u0161a_Jasen-Mesi\u0107_Irena-Kregar-\u0160egota_Vojko-Obersnel_Petar-\u0160karpa.jpg\",\"datePublished\":\"2019-10-25T13:56:06+00:00\",\"dateModified\":\"2020-02-20T11:19:03+00:00\",\"breadcrumb\":{\"@id\":\"https:\/\/ri2020.eu\/en\/rijeka-and-galway-european-capitals-of-culture-2020-presented-in-rome\/#breadcrumb\"},\"inLanguage\":\"en-US\",\"potentialAction\":[{\"@type\":\"ReadAction\",\"target\":[\"https:\/\/ri2020.eu\/en\/rijeka-and-galway-european-capitals-of-culture-2020-presented-in-rome\/\"]}]},{\"@type\":\"ImageObject\",\"inLanguage\":\"en-US\",\"@id\":\"https:\/\/ri2020.eu\/en\/rijeka-and-galway-european-capitals-of-culture-2020-presented-in-rome\/#primaryimage\",\"url\":\"https:\/\/ri2020.eu\/wp-content\/uploads\/2019\/10\/Damir-Grubi\u0161a_Jasen-Mesi\u0107_Irena-Kregar-\u0160egota_Vojko-Obersnel_Petar-\u0160karpa.jpg\",\"contentUrl\":\"https:\/\/ri2020.eu\/wp-content\/uploads\/2019\/10\/Damir-Grubi\u0161a_Jasen-Mesi\u0107_Irena-Kregar-\u0160egota_Vojko-Obersnel_Petar-\u0160karpa.jpg\",\"width\":2048,\"height\":1678},{\"@type\":\"BreadcrumbList\",\"@id\":\"https:\/\/ri2020.eu\/en\/rijeka-and-galway-european-capitals-of-culture-2020-presented-in-rome\/#breadcrumb\",\"itemListElement\":[{\"@type\":\"ListItem\",\"position\":1,\"name\":\"Home\",\"item\":\"https:\/\/ri2020.eu\/en\/\"},{\"@type\":\"ListItem\",\"position\":2,\"name\":\"Rijeka and Galway \u2013 European Capitals of Culture 2020 presented in Rome\"}]},{\"@type\":\"WebSite\",\"@id\":\"https:\/\/ri2020.eu\/en\/#website\",\"url\":\"https:\/\/ri2020.eu\/en\/\",\"name\":\"Rijeka 2020\",\"description\":\"Europska prijestolnica kulture\",\"publisher\":{\"@id\":\"https:\/\/ri2020.eu\/en\/#organization\"},\"potentialAction\":[{\"@type\":\"SearchAction\",\"target\":{\"@type\":\"EntryPoint\",\"urlTemplate\":\"https:\/\/ri2020.eu\/en\/?s={search_term_string}\"},\"query-input\":{\"@type\":\"PropertyValueSpecification\",\"valueRequired\":true,\"valueName\":\"search_term_string\"}}],\"inLanguage\":\"en-US\"},{\"@type\":\"Organization\",\"@id\":\"https:\/\/ri2020.eu\/en\/#organization\",\"name\":\"Rijeka 2020 d.o.o.\",\"url\":\"https:\/\/ri2020.eu\/en\/\",\"logo\":{\"@type\":\"ImageObject\",\"inLanguage\":\"en-US\",\"@id\":\"https:\/\/ri2020.eu\/en\/#\/schema\/logo\/image\/\",\"url\":\"https:\/\/rijeka2020.eu\/wp-content\/uploads\/2018\/07\/Ri2020-logo.png\",\"contentUrl\":\"https:\/\/rijeka2020.eu\/wp-content\/uploads\/2018\/07\/Ri2020-logo.png\",\"width\":407,\"height\":175,\"caption\":\"Rijeka 2020 d.o.o.\"},\"image\":{\"@id\":\"https:\/\/ri2020.eu\/en\/#\/schema\/logo\/image\/\"},\"sameAs\":[\"https:\/\/www.facebook.com\/rijeka2020\",\"https:\/\/x.com\/Rijeka2020\",\"https:\/\/www.instagram.com\/rijeka2020\/\",\"https:\/\/www.youtube.com\/user\/riepk2020\"]},{\"@type\":\"Person\",\"@id\":\"https:\/\/ri2020.eu\/en\/#\/schema\/person\/9c12d91df8c45bc534f625d9c81f403d\",\"name\":\"Rijeka 2020\",\"url\":\"https:\/\/ri2020.eu\/en\/author\/lsm\/\"}]}<\/script>\n<!-- \/ Yoast SEO plugin. -->","yoast_head_json":{"title":"Rijeka and Galway \u2013 European Capitals of Culture 2020 presented in Rome &#8226; Rijeka 2020","robots":{"index":"index","follow":"follow","max-snippet":"max-snippet:-1","max-image-preview":"max-image-preview:large","max-video-preview":"max-video-preview:-1"},"canonical":"https:\/\/ri2020.eu\/en\/rijeka-and-galway-european-capitals-of-culture-2020-presented-in-rome\/","og_locale":"en_US","og_type":"article","og_title":"Rijeka and Galway \u2013 European Capitals of Culture 2020 presented in Rome &#8226; Rijeka 2020","og_description":"Rijeka and Galway, the cities that will hold the title of European Capital of Culture in 2020, will be presented at the 10th Festival of Diplomacy in Rome on Thursday, 24 October.","og_url":"https:\/\/ri2020.eu\/en\/rijeka-and-galway-european-capitals-of-culture-2020-presented-in-rome\/","og_site_name":"Rijeka 2020","article_publisher":"https:\/\/www.facebook.com\/rijeka2020","article_published_time":"2019-10-25T13:56:06+00:00","article_modified_time":"2020-02-20T11:19:03+00:00","og_image":[{"width":2048,"height":1678,"url":"https:\/\/ri2020.eu\/wp-content\/uploads\/2019\/10\/Damir-Grubi\u0161a_Jasen-Mesi\u0107_Irena-Kregar-\u0160egota_Vojko-Obersnel_Petar-\u0160karpa.jpg","type":"image\/jpeg"}],"author":"Rijeka 2020","twitter_card":"summary_large_image","twitter_creator":"@Rijeka2020","twitter_site":"@Rijeka2020","twitter_misc":{"Written by":"Rijeka 2020","Est. reading time":"2 minutes"},"schema":{"@context":"https:\/\/schema.org","@graph":[{"@type":"Article","@id":"https:\/\/ri2020.eu\/en\/rijeka-and-galway-european-capitals-of-culture-2020-presented-in-rome\/#article","isPartOf":{"@id":"https:\/\/ri2020.eu\/en\/rijeka-and-galway-european-capitals-of-culture-2020-presented-in-rome\/"},"author":{"name":"Rijeka 2020","@id":"https:\/\/ri2020.eu\/en\/#\/schema\/person\/9c12d91df8c45bc534f625d9c81f403d"},"headline":"Rijeka and Galway \u2013 European Capitals of Culture 2020 presented in Rome","datePublished":"2019-10-25T13:56:06+00:00","dateModified":"2020-02-20T11:19:03+00:00","mainEntityOfPage":{"@id":"https:\/\/ri2020.eu\/en\/rijeka-and-galway-european-capitals-of-culture-2020-presented-in-rome\/"},"wordCount":380,"publisher":{"@id":"https:\/\/ri2020.eu\/en\/#organization"},"image":{"@id":"https:\/\/ri2020.eu\/en\/rijeka-and-galway-european-capitals-of-culture-2020-presented-in-rome\/#primaryimage"},"thumbnailUrl":"https:\/\/ri2020.eu\/wp-content\/uploads\/2019\/10\/Damir-Grubi\u0161a_Jasen-Mesi\u0107_Irena-Kregar-\u0160egota_Vojko-Obersnel_Petar-\u0160karpa.jpg","articleSection":["Cultural Diplomacy","News"],"inLanguage":"en-US"},{"@type":"WebPage","@id":"https:\/\/ri2020.eu\/en\/rijeka-and-galway-european-capitals-of-culture-2020-presented-in-rome\/","url":"https:\/\/ri2020.eu\/en\/rijeka-and-galway-european-capitals-of-culture-2020-presented-in-rome\/","name":"Rijeka and Galway \u2013 European Capitals of Culture 2020 presented in Rome &#8226; Rijeka 2020","isPartOf":{"@id":"https:\/\/ri2020.eu\/en\/#website"},"primaryImageOfPage":{"@id":"https:\/\/ri2020.eu\/en\/rijeka-and-galway-european-capitals-of-culture-2020-presented-in-rome\/#primaryimage"},"image":{"@id":"https:\/\/ri2020.eu\/en\/rijeka-and-galway-european-capitals-of-culture-2020-presented-in-rome\/#primaryimage"},"thumbnailUrl":"https:\/\/ri2020.eu\/wp-content\/uploads\/2019\/10\/Damir-Grubi\u0161a_Jasen-Mesi\u0107_Irena-Kregar-\u0160egota_Vojko-Obersnel_Petar-\u0160karpa.jpg","datePublished":"2019-10-25T13:56:06+00:00","dateModified":"2020-02-20T11:19:03+00:00","breadcrumb":{"@id":"https:\/\/ri2020.eu\/en\/rijeka-and-galway-european-capitals-of-culture-2020-presented-in-rome\/#breadcrumb"},"inLanguage":"en-US","potentialAction":[{"@type":"ReadAction","target":["https:\/\/ri2020.eu\/en\/rijeka-and-galway-european-capitals-of-culture-2020-presented-in-rome\/"]}]},{"@type":"ImageObject","inLanguage":"en-US","@id":"https:\/\/ri2020.eu\/en\/rijeka-and-galway-european-capitals-of-culture-2020-presented-in-rome\/#primaryimage","url":"https:\/\/ri2020.eu\/wp-content\/uploads\/2019\/10\/Damir-Grubi\u0161a_Jasen-Mesi\u0107_Irena-Kregar-\u0160egota_Vojko-Obersnel_Petar-\u0160karpa.jpg","contentUrl":"https:\/\/ri2020.eu\/wp-content\/uploads\/2019\/10\/Damir-Grubi\u0161a_Jasen-Mesi\u0107_Irena-Kregar-\u0160egota_Vojko-Obersnel_Petar-\u0160karpa.jpg","width":2048,"height":1678},{"@type":"BreadcrumbList","@id":"https:\/\/ri2020.eu\/en\/rijeka-and-galway-european-capitals-of-culture-2020-presented-in-rome\/#breadcrumb","itemListElement":[{"@type":"ListItem","position":1,"name":"Home","item":"https:\/\/ri2020.eu\/en\/"},{"@type":"ListItem","position":2,"name":"Rijeka and Galway \u2013 European Capitals of Culture 2020 presented in Rome"}]},{"@type":"WebSite","@id":"https:\/\/ri2020.eu\/en\/#website","url":"https:\/\/ri2020.eu\/en\/","name":"Rijeka 2020","description":"Europska prijestolnica kulture","publisher":{"@id":"https:\/\/ri2020.eu\/en\/#organization"},"potentialAction":[{"@type":"SearchAction","target":{"@type":"EntryPoint","urlTemplate":"https:\/\/ri2020.eu\/en\/?s={search_term_string}"},"query-input":{"@type":"PropertyValueSpecification","valueRequired":true,"valueName":"search_term_string"}}],"inLanguage":"en-US"},{"@type":"Organization","@id":"https:\/\/ri2020.eu\/en\/#organization","name":"Rijeka 2020 d.o.o.","url":"https:\/\/ri2020.eu\/en\/","logo":{"@type":"ImageObject","inLanguage":"en-US","@id":"https:\/\/ri2020.eu\/en\/#\/schema\/logo\/image\/","url":"https:\/\/rijeka2020.eu\/wp-content\/uploads\/2018\/07\/Ri2020-logo.png","contentUrl":"https:\/\/rijeka2020.eu\/wp-content\/uploads\/2018\/07\/Ri2020-logo.png","width":407,"height":175,"caption":"Rijeka 2020 d.o.o."},"image":{"@id":"https:\/\/ri2020.eu\/en\/#\/schema\/logo\/image\/"},"sameAs":["https:\/\/www.facebook.com\/rijeka2020","https:\/\/x.com\/Rijeka2020","https:\/\/www.instagram.com\/rijeka2020\/","https:\/\/www.youtube.com\/user\/riepk2020"]},{"@type":"Person","@id":"https:\/\/ri2020.eu\/en\/#\/schema\/person\/9c12d91df8c45bc534f625d9c81f403d","name":"Rijeka 2020","url":"https:\/\/ri2020.eu\/en\/author\/lsm\/"}]}},"_links":{"self":[{"href":"https:\/\/ri2020.eu\/en\/wp-json\/wp\/v2\/posts\/33498","targetHints":{"allow":["GET"]}}],"collection":[{"href":"https:\/\/ri2020.eu\/en\/wp-json\/wp\/v2\/posts"}],"about":[{"href":"https:\/\/ri2020.eu\/en\/wp-json\/wp\/v2\/types\/post"}],"author":[{"embeddable":true,"href":"https:\/\/ri2020.eu\/en\/wp-json\/wp\/v2\/users\/72"}],"replies":[{"embeddable":true,"href":"https:\/\/ri2020.eu\/en\/wp-json\/wp\/v2\/comments?post=33498"}],"version-history":[{"count":1,"href":"https:\/\/ri2020.eu\/en\/wp-json\/wp\/v2\/posts\/33498\/revisions"}],"predecessor-version":[{"id":50240,"href":"https:\/\/ri2020.eu\/en\/wp-json\/wp\/v2\/posts\/33498\/revisions\/50240"}],"wp:featuredmedia":[{"embeddable":true,"href":"https:\/\/ri2020.eu\/en\/wp-json\/wp\/v2\/media\/33117"}],"wp:attachment":[{"href":"https:\/\/ri2020.eu\/en\/wp-json\/wp\/v2\/media?parent=33498"}],"wp:term":[{"taxonomy":"category","embeddable":true,"href":"https:\/\/ri2020.eu\/en\/wp-json\/wp\/v2\/categories?post=33498"},{"taxonomy":"post_tag","embeddable":true,"href":"https:\/\/ri2020.eu\/en\/wp-json\/wp\/v2\/tags?post=33498"}],"curies":[{"name":"wp","href":"https:\/\/api.w.org\/{rel}","templated":true}]}}