{"id":33496,"date":"2019-10-22T15:53:53","date_gmt":"2019-10-22T13:53:53","guid":{"rendered":"https:\/\/rijeka2020.eu\/?p=33496"},"modified":"2020-02-20T12:19:10","modified_gmt":"2020-02-20T11:19:10","slug":"day-long-presentation-of-rijeka-european-capital-of-culture-in-ljubljana","status":"publish","type":"post","link":"https:\/\/ri2020.eu\/en\/day-long-presentation-of-rijeka-european-capital-of-culture-in-ljubljana\/","title":{"rendered":"Day-long presentation of Rijeka \u2013 European Capital of Culture in Ljubljana"},"content":{"rendered":"<p><strong>The eventful day-long programme that introduced Rijeka to Ljubljana consisted of an array of activities that took place at several locations in downtown Ljubljana.<\/strong>\u00a0The morning part of the programme at the triple Bridge on Stritar Street began with welcome speeches given by Metka Bradeti\u0107, Director of the Croatian National Tourist Board Representative Office in Slovenia, and Petar \u0160karpa, Director of the Rijeka Tourist Board.<\/p>\n<p><img loading=\"lazy\" decoding=\"async\" class=\"alignnone size-full wp-image-33013\" src=\"https:\/\/rijeka2020.eu\/wp-content\/uploads\/2019\/10\/Photo-22-10-2019-11-10-04.jpg\" alt=\"\" width=\"2048\" height=\"1536\" srcset=\"https:\/\/ri2020.eu\/wp-content\/uploads\/2019\/10\/Photo-22-10-2019-11-10-04.jpg 2048w, https:\/\/ri2020.eu\/wp-content\/uploads\/2019\/10\/Photo-22-10-2019-11-10-04-220x165.jpg 220w, https:\/\/ri2020.eu\/wp-content\/uploads\/2019\/10\/Photo-22-10-2019-11-10-04-768x576.jpg 768w, https:\/\/ri2020.eu\/wp-content\/uploads\/2019\/10\/Photo-22-10-2019-11-10-04-1024x768.jpg 1024w, https:\/\/ri2020.eu\/wp-content\/uploads\/2019\/10\/Photo-22-10-2019-11-10-04-250x188.jpg 250w, https:\/\/ri2020.eu\/wp-content\/uploads\/2019\/10\/Photo-22-10-2019-11-10-04-420x315.jpg 420w\" sizes=\"auto, (max-width: 2048px) 100vw, 2048px\" \/><\/p>\n<p>The musical portion of the programme included\u00a0<strong>performances by Klapa Nevera from Rijeka<\/strong>\u00a0and the prominent\u00a0<strong>rock musician Boris \u0160tok<\/strong>. Eye-catching\u00a0<strong>promotional films by the Rijeka Tourist Board\u00a0<\/strong>and\u00a0<strong>Rijeka 2020 \u2013 European Capital of Culture<\/strong> were shown to the attendees, while the K2K dance troupe from Rijeka performed a\u00a0<strong>flash mob along with ECoC volunteers<\/strong>.<\/p>\n<p><img loading=\"lazy\" decoding=\"async\" class=\"alignnone size-full wp-image-32999\" src=\"https:\/\/rijeka2020.eu\/wp-content\/uploads\/2019\/10\/Rijeka-u-Ljubljani-5.jpg\" alt=\"\" width=\"2048\" height=\"1536\" srcset=\"https:\/\/ri2020.eu\/wp-content\/uploads\/2019\/10\/Rijeka-u-Ljubljani-5.jpg 2048w, https:\/\/ri2020.eu\/wp-content\/uploads\/2019\/10\/Rijeka-u-Ljubljani-5-220x165.jpg 220w, https:\/\/ri2020.eu\/wp-content\/uploads\/2019\/10\/Rijeka-u-Ljubljani-5-768x576.jpg 768w, https:\/\/ri2020.eu\/wp-content\/uploads\/2019\/10\/Rijeka-u-Ljubljani-5-1024x768.jpg 1024w, https:\/\/ri2020.eu\/wp-content\/uploads\/2019\/10\/Rijeka-u-Ljubljani-5-250x188.jpg 250w, https:\/\/ri2020.eu\/wp-content\/uploads\/2019\/10\/Rijeka-u-Ljubljani-5-420x315.jpg 420w\" sizes=\"auto, (max-width: 2048px) 100vw, 2048px\" \/><\/p>\n<p><strong>Lanterna Culture and Arts Society<\/strong>\u00a0<strong>showcased the customs of the Rijeka region<\/strong>\u00a0<strong>with a performance of traditional songs and dances<\/strong>, while one of the most famous traditions in Rijeka,\u00a0<strong>the Rijeka Carnival,<\/strong>\u00a0was presented to the residents of Ljubljana with a parade that included the carnival groups Siti i pijani, Dra\u0161ke ma\u0161kare and the Grobnik Bell-Ringers led by the Master, Queen and Mor\u010di\u0107i.<\/p>\n<p><img loading=\"lazy\" decoding=\"async\" class=\"alignnone size-full wp-image-33011\" src=\"https:\/\/rijeka2020.eu\/wp-content\/uploads\/2019\/10\/Photo-22-10-2019-10-56-59.jpg\" alt=\"\" width=\"2048\" height=\"1536\" srcset=\"https:\/\/ri2020.eu\/wp-content\/uploads\/2019\/10\/Photo-22-10-2019-10-56-59.jpg 2048w, https:\/\/ri2020.eu\/wp-content\/uploads\/2019\/10\/Photo-22-10-2019-10-56-59-220x165.jpg 220w, https:\/\/ri2020.eu\/wp-content\/uploads\/2019\/10\/Photo-22-10-2019-10-56-59-768x576.jpg 768w, https:\/\/ri2020.eu\/wp-content\/uploads\/2019\/10\/Photo-22-10-2019-10-56-59-1024x768.jpg 1024w, https:\/\/ri2020.eu\/wp-content\/uploads\/2019\/10\/Photo-22-10-2019-10-56-59-250x188.jpg 250w, https:\/\/ri2020.eu\/wp-content\/uploads\/2019\/10\/Photo-22-10-2019-10-56-59-420x315.jpg 420w\" sizes=\"auto, (max-width: 2048px) 100vw, 2048px\" \/><\/p>\n<p><strong>The presentation of Rijeka&#8217;s tourism and culinary offer, the Rijeka Ring and Kvarner, and the photo exhibition of events and attractions in Rijeka<\/strong>\u00a0took place at Gallusovo Nabre\u017eje.<\/p>\n<p><strong>The highlight of the afternoon part of the presentation was the reception of the delegation from Rijeka with the Mayor of Ljubljana at City Hall, where they signed an agreement on cultural cooperation between the two cities<\/strong>, during which\u00a0<strong>the Lungomare Art exhibition was held in the atrium of<\/strong>\u00a0<strong>City Hall<\/strong>\u00a0with the aim of informing the visitors about a new culture and tourism route in Kvarner comprising permanent sculptures by European and world-renowned artists. The sculptures will be placed at 10 locations around Kvarner in order to form a new culture and tourism route as part of the European Capital of Culture programme. A public roundtable discussion on the strengthening of cooperation between LGBT communities was held on the ground floor of City Hall.<\/p>\n<p><img loading=\"lazy\" decoding=\"async\" class=\"alignnone size-full wp-image-33061\" src=\"https:\/\/rijeka2020.eu\/wp-content\/uploads\/2019\/10\/008A7688.jpg\" alt=\"\" width=\"1920\" height=\"1280\" srcset=\"https:\/\/ri2020.eu\/wp-content\/uploads\/2019\/10\/008A7688.jpg 1920w, https:\/\/ri2020.eu\/wp-content\/uploads\/2019\/10\/008A7688-248x165.jpg 248w, https:\/\/ri2020.eu\/wp-content\/uploads\/2019\/10\/008A7688-768x512.jpg 768w, https:\/\/ri2020.eu\/wp-content\/uploads\/2019\/10\/008A7688-1024x683.jpg 1024w, https:\/\/ri2020.eu\/wp-content\/uploads\/2019\/10\/008A7688-250x167.jpg 250w, https:\/\/ri2020.eu\/wp-content\/uploads\/2019\/10\/008A7688-420x280.jpg 420w\" sizes=\"auto, (max-width: 1920px) 100vw, 1920px\" \/><\/p>\n<p><strong>In addition to the presentation of the Rijeka 2020 \u2013 European Capital of Culture cultural programme at Kino \u0160i\u0161ka, the visit of the Rijeka delegation and the presentation of the city in Ljubljana was capped off with a performance by the band Jonathan,<\/strong>\u00a0which spent several weeks on a successful tour of the USA this spring.<\/p>\n<p><img loading=\"lazy\" decoding=\"async\" class=\"alignnone size-full wp-image-33067\" src=\"https:\/\/rijeka2020.eu\/wp-content\/uploads\/2019\/10\/008A8300.jpg\" alt=\"\" width=\"1920\" height=\"1280\" srcset=\"https:\/\/ri2020.eu\/wp-content\/uploads\/2019\/10\/008A8300.jpg 1920w, https:\/\/ri2020.eu\/wp-content\/uploads\/2019\/10\/008A8300-248x165.jpg 248w, https:\/\/ri2020.eu\/wp-content\/uploads\/2019\/10\/008A8300-768x512.jpg 768w, https:\/\/ri2020.eu\/wp-content\/uploads\/2019\/10\/008A8300-1024x683.jpg 1024w, https:\/\/ri2020.eu\/wp-content\/uploads\/2019\/10\/008A8300-250x167.jpg 250w, https:\/\/ri2020.eu\/wp-content\/uploads\/2019\/10\/008A8300-420x280.jpg 420w\" sizes=\"auto, (max-width: 1920px) 100vw, 1920px\" \/><\/p>\n<p>&nbsp;<\/p>\n<p><em>Photo: Stephany Stefan &amp; Rijeka 2020<\/em><\/p>\n<p>&nbsp;<\/p>\n","protected":false},"excerpt":{"rendered":"<p>The presentation of the City of Rijeka and its cultural programme for next year, when it will hold the title of European Capital of Culture 2020, was held on Tuesday, 22 October, in Ljubljana. As the first Croatian city to hold this coveted title, the ECoC project in Rijeka is based on the motto \u201cPort of Diversity\u201d, which best exemplifies the spirit of Rijeka as an open-minded, tolerant and multicultural city.<\/p>\n","protected":false},"author":72,"featured_media":33009,"comment_status":"closed","ping_status":"closed","sticky":false,"template":"","format":"standard","meta":{"_acf_changed":false,"footnotes":""},"categories":[4313,2731],"tags":[],"class_list":["post-33496","post","type-post","status-publish","format-standard","has-post-thumbnail","hentry","category-cultural-diplomacy","category-news"],"acf":[],"yoast_head":"<!-- This site is optimized with the Yoast SEO plugin v26.8 - https:\/\/yoast.com\/product\/yoast-seo-wordpress\/ -->\n<title>Day-long presentation of Rijeka \u2013 European Capital of Culture in Ljubljana &#8226; Rijeka 2020<\/title>\n<meta name=\"robots\" content=\"index, follow, max-snippet:-1, max-image-preview:large, max-video-preview:-1\" \/>\n<link rel=\"canonical\" href=\"https:\/\/ri2020.eu\/en\/day-long-presentation-of-rijeka-european-capital-of-culture-in-ljubljana\/\" \/>\n<meta property=\"og:locale\" content=\"en_US\" \/>\n<meta property=\"og:type\" content=\"article\" \/>\n<meta property=\"og:title\" content=\"Day-long presentation of Rijeka \u2013 European Capital of Culture in Ljubljana &#8226; Rijeka 2020\" \/>\n<meta property=\"og:description\" content=\"The presentation of the City of Rijeka and its cultural programme for next year, when it will hold the title of European Capital of Culture 2020, was held on Tuesday, 22 October, in Ljubljana. As the first Croatian city to hold this coveted title, the ECoC project in Rijeka is based on the motto \u201cPort of Diversity\u201d, which best exemplifies the spirit of Rijeka as an open-minded, tolerant and multicultural city.\" \/>\n<meta property=\"og:url\" content=\"https:\/\/ri2020.eu\/en\/day-long-presentation-of-rijeka-european-capital-of-culture-in-ljubljana\/\" \/>\n<meta property=\"og:site_name\" content=\"Rijeka 2020\" \/>\n<meta property=\"article:publisher\" content=\"https:\/\/www.facebook.com\/rijeka2020\" \/>\n<meta property=\"article:published_time\" content=\"2019-10-22T13:53:53+00:00\" \/>\n<meta property=\"article:modified_time\" content=\"2020-02-20T11:19:10+00:00\" \/>\n<meta property=\"og:image\" content=\"https:\/\/rijeka2020.eu\/wp-content\/uploads\/2019\/10\/Photo-22-10-2019-10-49-00.jpg\" \/>\n\t<meta property=\"og:image:width\" content=\"2048\" \/>\n\t<meta property=\"og:image:height\" content=\"1717\" \/>\n\t<meta property=\"og:image:type\" content=\"image\/jpeg\" \/>\n<meta name=\"author\" content=\"Rijeka 2020\" \/>\n<meta name=\"twitter:card\" content=\"summary_large_image\" \/>\n<meta name=\"twitter:creator\" content=\"@Rijeka2020\" \/>\n<meta name=\"twitter:site\" content=\"@Rijeka2020\" \/>\n<meta name=\"twitter:label1\" content=\"Written by\" \/>\n\t<meta name=\"twitter:data1\" content=\"Rijeka 2020\" \/>\n\t<meta name=\"twitter:label2\" content=\"Est. reading time\" \/>\n\t<meta name=\"twitter:data2\" content=\"2 minutes\" \/>\n<script type=\"application\/ld+json\" class=\"yoast-schema-graph\">{\"@context\":\"https:\/\/schema.org\",\"@graph\":[{\"@type\":\"Article\",\"@id\":\"https:\/\/ri2020.eu\/en\/day-long-presentation-of-rijeka-european-capital-of-culture-in-ljubljana\/#article\",\"isPartOf\":{\"@id\":\"https:\/\/ri2020.eu\/en\/day-long-presentation-of-rijeka-european-capital-of-culture-in-ljubljana\/\"},\"author\":{\"name\":\"Rijeka 2020\",\"@id\":\"https:\/\/rijeka2020.eu\/en\/#\/schema\/person\/9c12d91df8c45bc534f625d9c81f403d\"},\"headline\":\"Day-long presentation of Rijeka \u2013 European Capital of Culture in Ljubljana\",\"datePublished\":\"2019-10-22T13:53:53+00:00\",\"dateModified\":\"2020-02-20T11:19:10+00:00\",\"mainEntityOfPage\":{\"@id\":\"https:\/\/ri2020.eu\/en\/day-long-presentation-of-rijeka-european-capital-of-culture-in-ljubljana\/\"},\"wordCount\":413,\"publisher\":{\"@id\":\"https:\/\/rijeka2020.eu\/en\/#organization\"},\"image\":{\"@id\":\"https:\/\/ri2020.eu\/en\/day-long-presentation-of-rijeka-european-capital-of-culture-in-ljubljana\/#primaryimage\"},\"thumbnailUrl\":\"https:\/\/ri2020.eu\/wp-content\/uploads\/2019\/10\/Photo-22-10-2019-10-49-00.jpg\",\"articleSection\":[\"Cultural Diplomacy\",\"News\"],\"inLanguage\":\"en-US\"},{\"@type\":\"WebPage\",\"@id\":\"https:\/\/ri2020.eu\/en\/day-long-presentation-of-rijeka-european-capital-of-culture-in-ljubljana\/\",\"url\":\"https:\/\/ri2020.eu\/en\/day-long-presentation-of-rijeka-european-capital-of-culture-in-ljubljana\/\",\"name\":\"Day-long presentation of Rijeka \u2013 European Capital of Culture in Ljubljana &#8226; Rijeka 2020\",\"isPartOf\":{\"@id\":\"https:\/\/rijeka2020.eu\/en\/#website\"},\"primaryImageOfPage\":{\"@id\":\"https:\/\/ri2020.eu\/en\/day-long-presentation-of-rijeka-european-capital-of-culture-in-ljubljana\/#primaryimage\"},\"image\":{\"@id\":\"https:\/\/ri2020.eu\/en\/day-long-presentation-of-rijeka-european-capital-of-culture-in-ljubljana\/#primaryimage\"},\"thumbnailUrl\":\"https:\/\/ri2020.eu\/wp-content\/uploads\/2019\/10\/Photo-22-10-2019-10-49-00.jpg\",\"datePublished\":\"2019-10-22T13:53:53+00:00\",\"dateModified\":\"2020-02-20T11:19:10+00:00\",\"breadcrumb\":{\"@id\":\"https:\/\/ri2020.eu\/en\/day-long-presentation-of-rijeka-european-capital-of-culture-in-ljubljana\/#breadcrumb\"},\"inLanguage\":\"en-US\",\"potentialAction\":[{\"@type\":\"ReadAction\",\"target\":[\"https:\/\/ri2020.eu\/en\/day-long-presentation-of-rijeka-european-capital-of-culture-in-ljubljana\/\"]}]},{\"@type\":\"ImageObject\",\"inLanguage\":\"en-US\",\"@id\":\"https:\/\/ri2020.eu\/en\/day-long-presentation-of-rijeka-european-capital-of-culture-in-ljubljana\/#primaryimage\",\"url\":\"https:\/\/ri2020.eu\/wp-content\/uploads\/2019\/10\/Photo-22-10-2019-10-49-00.jpg\",\"contentUrl\":\"https:\/\/ri2020.eu\/wp-content\/uploads\/2019\/10\/Photo-22-10-2019-10-49-00.jpg\",\"width\":2048,\"height\":1717},{\"@type\":\"BreadcrumbList\",\"@id\":\"https:\/\/ri2020.eu\/en\/day-long-presentation-of-rijeka-european-capital-of-culture-in-ljubljana\/#breadcrumb\",\"itemListElement\":[{\"@type\":\"ListItem\",\"position\":1,\"name\":\"Home\",\"item\":\"https:\/\/rijeka2020.eu\/en\/\"},{\"@type\":\"ListItem\",\"position\":2,\"name\":\"Day-long presentation of Rijeka \u2013 European Capital of Culture in Ljubljana\"}]},{\"@type\":\"WebSite\",\"@id\":\"https:\/\/rijeka2020.eu\/en\/#website\",\"url\":\"https:\/\/rijeka2020.eu\/en\/\",\"name\":\"Rijeka 2020\",\"description\":\"Europska prijestolnica kulture\",\"publisher\":{\"@id\":\"https:\/\/rijeka2020.eu\/en\/#organization\"},\"potentialAction\":[{\"@type\":\"SearchAction\",\"target\":{\"@type\":\"EntryPoint\",\"urlTemplate\":\"https:\/\/rijeka2020.eu\/en\/?s={search_term_string}\"},\"query-input\":{\"@type\":\"PropertyValueSpecification\",\"valueRequired\":true,\"valueName\":\"search_term_string\"}}],\"inLanguage\":\"en-US\"},{\"@type\":\"Organization\",\"@id\":\"https:\/\/rijeka2020.eu\/en\/#organization\",\"name\":\"Rijeka 2020 d.o.o.\",\"url\":\"https:\/\/rijeka2020.eu\/en\/\",\"logo\":{\"@type\":\"ImageObject\",\"inLanguage\":\"en-US\",\"@id\":\"https:\/\/rijeka2020.eu\/en\/#\/schema\/logo\/image\/\",\"url\":\"https:\/\/rijeka2020.eu\/wp-content\/uploads\/2018\/07\/Ri2020-logo.png\",\"contentUrl\":\"https:\/\/rijeka2020.eu\/wp-content\/uploads\/2018\/07\/Ri2020-logo.png\",\"width\":407,\"height\":175,\"caption\":\"Rijeka 2020 d.o.o.\"},\"image\":{\"@id\":\"https:\/\/rijeka2020.eu\/en\/#\/schema\/logo\/image\/\"},\"sameAs\":[\"https:\/\/www.facebook.com\/rijeka2020\",\"https:\/\/x.com\/Rijeka2020\",\"https:\/\/www.instagram.com\/rijeka2020\/\",\"https:\/\/www.youtube.com\/user\/riepk2020\"]},{\"@type\":\"Person\",\"@id\":\"https:\/\/rijeka2020.eu\/en\/#\/schema\/person\/9c12d91df8c45bc534f625d9c81f403d\",\"name\":\"Rijeka 2020\",\"url\":\"https:\/\/ri2020.eu\/en\/author\/lsm\/\"}]}<\/script>\n<!-- \/ Yoast SEO plugin. -->","yoast_head_json":{"title":"Day-long presentation of Rijeka \u2013 European Capital of Culture in Ljubljana &#8226; Rijeka 2020","robots":{"index":"index","follow":"follow","max-snippet":"max-snippet:-1","max-image-preview":"max-image-preview:large","max-video-preview":"max-video-preview:-1"},"canonical":"https:\/\/ri2020.eu\/en\/day-long-presentation-of-rijeka-european-capital-of-culture-in-ljubljana\/","og_locale":"en_US","og_type":"article","og_title":"Day-long presentation of Rijeka \u2013 European Capital of Culture in Ljubljana &#8226; Rijeka 2020","og_description":"The presentation of the City of Rijeka and its cultural programme for next year, when it will hold the title of European Capital of Culture 2020, was held on Tuesday, 22 October, in Ljubljana. As the first Croatian city to hold this coveted title, the ECoC project in Rijeka is based on the motto \u201cPort of Diversity\u201d, which best exemplifies the spirit of Rijeka as an open-minded, tolerant and multicultural city.","og_url":"https:\/\/ri2020.eu\/en\/day-long-presentation-of-rijeka-european-capital-of-culture-in-ljubljana\/","og_site_name":"Rijeka 2020","article_publisher":"https:\/\/www.facebook.com\/rijeka2020","article_published_time":"2019-10-22T13:53:53+00:00","article_modified_time":"2020-02-20T11:19:10+00:00","og_image":[{"width":2048,"height":1717,"url":"https:\/\/rijeka2020.eu\/wp-content\/uploads\/2019\/10\/Photo-22-10-2019-10-49-00.jpg","type":"image\/jpeg"}],"author":"Rijeka 2020","twitter_card":"summary_large_image","twitter_creator":"@Rijeka2020","twitter_site":"@Rijeka2020","twitter_misc":{"Written by":"Rijeka 2020","Est. reading time":"2 minutes"},"schema":{"@context":"https:\/\/schema.org","@graph":[{"@type":"Article","@id":"https:\/\/ri2020.eu\/en\/day-long-presentation-of-rijeka-european-capital-of-culture-in-ljubljana\/#article","isPartOf":{"@id":"https:\/\/ri2020.eu\/en\/day-long-presentation-of-rijeka-european-capital-of-culture-in-ljubljana\/"},"author":{"name":"Rijeka 2020","@id":"https:\/\/rijeka2020.eu\/en\/#\/schema\/person\/9c12d91df8c45bc534f625d9c81f403d"},"headline":"Day-long presentation of Rijeka \u2013 European Capital of Culture in Ljubljana","datePublished":"2019-10-22T13:53:53+00:00","dateModified":"2020-02-20T11:19:10+00:00","mainEntityOfPage":{"@id":"https:\/\/ri2020.eu\/en\/day-long-presentation-of-rijeka-european-capital-of-culture-in-ljubljana\/"},"wordCount":413,"publisher":{"@id":"https:\/\/rijeka2020.eu\/en\/#organization"},"image":{"@id":"https:\/\/ri2020.eu\/en\/day-long-presentation-of-rijeka-european-capital-of-culture-in-ljubljana\/#primaryimage"},"thumbnailUrl":"https:\/\/ri2020.eu\/wp-content\/uploads\/2019\/10\/Photo-22-10-2019-10-49-00.jpg","articleSection":["Cultural Diplomacy","News"],"inLanguage":"en-US"},{"@type":"WebPage","@id":"https:\/\/ri2020.eu\/en\/day-long-presentation-of-rijeka-european-capital-of-culture-in-ljubljana\/","url":"https:\/\/ri2020.eu\/en\/day-long-presentation-of-rijeka-european-capital-of-culture-in-ljubljana\/","name":"Day-long presentation of Rijeka \u2013 European Capital of Culture in Ljubljana &#8226; Rijeka 2020","isPartOf":{"@id":"https:\/\/rijeka2020.eu\/en\/#website"},"primaryImageOfPage":{"@id":"https:\/\/ri2020.eu\/en\/day-long-presentation-of-rijeka-european-capital-of-culture-in-ljubljana\/#primaryimage"},"image":{"@id":"https:\/\/ri2020.eu\/en\/day-long-presentation-of-rijeka-european-capital-of-culture-in-ljubljana\/#primaryimage"},"thumbnailUrl":"https:\/\/ri2020.eu\/wp-content\/uploads\/2019\/10\/Photo-22-10-2019-10-49-00.jpg","datePublished":"2019-10-22T13:53:53+00:00","dateModified":"2020-02-20T11:19:10+00:00","breadcrumb":{"@id":"https:\/\/ri2020.eu\/en\/day-long-presentation-of-rijeka-european-capital-of-culture-in-ljubljana\/#breadcrumb"},"inLanguage":"en-US","potentialAction":[{"@type":"ReadAction","target":["https:\/\/ri2020.eu\/en\/day-long-presentation-of-rijeka-european-capital-of-culture-in-ljubljana\/"]}]},{"@type":"ImageObject","inLanguage":"en-US","@id":"https:\/\/ri2020.eu\/en\/day-long-presentation-of-rijeka-european-capital-of-culture-in-ljubljana\/#primaryimage","url":"https:\/\/ri2020.eu\/wp-content\/uploads\/2019\/10\/Photo-22-10-2019-10-49-00.jpg","contentUrl":"https:\/\/ri2020.eu\/wp-content\/uploads\/2019\/10\/Photo-22-10-2019-10-49-00.jpg","width":2048,"height":1717},{"@type":"BreadcrumbList","@id":"https:\/\/ri2020.eu\/en\/day-long-presentation-of-rijeka-european-capital-of-culture-in-ljubljana\/#breadcrumb","itemListElement":[{"@type":"ListItem","position":1,"name":"Home","item":"https:\/\/rijeka2020.eu\/en\/"},{"@type":"ListItem","position":2,"name":"Day-long presentation of Rijeka \u2013 European Capital of Culture in Ljubljana"}]},{"@type":"WebSite","@id":"https:\/\/rijeka2020.eu\/en\/#website","url":"https:\/\/rijeka2020.eu\/en\/","name":"Rijeka 2020","description":"Europska prijestolnica kulture","publisher":{"@id":"https:\/\/rijeka2020.eu\/en\/#organization"},"potentialAction":[{"@type":"SearchAction","target":{"@type":"EntryPoint","urlTemplate":"https:\/\/rijeka2020.eu\/en\/?s={search_term_string}"},"query-input":{"@type":"PropertyValueSpecification","valueRequired":true,"valueName":"search_term_string"}}],"inLanguage":"en-US"},{"@type":"Organization","@id":"https:\/\/rijeka2020.eu\/en\/#organization","name":"Rijeka 2020 d.o.o.","url":"https:\/\/rijeka2020.eu\/en\/","logo":{"@type":"ImageObject","inLanguage":"en-US","@id":"https:\/\/rijeka2020.eu\/en\/#\/schema\/logo\/image\/","url":"https:\/\/rijeka2020.eu\/wp-content\/uploads\/2018\/07\/Ri2020-logo.png","contentUrl":"https:\/\/rijeka2020.eu\/wp-content\/uploads\/2018\/07\/Ri2020-logo.png","width":407,"height":175,"caption":"Rijeka 2020 d.o.o."},"image":{"@id":"https:\/\/rijeka2020.eu\/en\/#\/schema\/logo\/image\/"},"sameAs":["https:\/\/www.facebook.com\/rijeka2020","https:\/\/x.com\/Rijeka2020","https:\/\/www.instagram.com\/rijeka2020\/","https:\/\/www.youtube.com\/user\/riepk2020"]},{"@type":"Person","@id":"https:\/\/rijeka2020.eu\/en\/#\/schema\/person\/9c12d91df8c45bc534f625d9c81f403d","name":"Rijeka 2020","url":"https:\/\/ri2020.eu\/en\/author\/lsm\/"}]}},"_links":{"self":[{"href":"https:\/\/ri2020.eu\/en\/wp-json\/wp\/v2\/posts\/33496","targetHints":{"allow":["GET"]}}],"collection":[{"href":"https:\/\/ri2020.eu\/en\/wp-json\/wp\/v2\/posts"}],"about":[{"href":"https:\/\/ri2020.eu\/en\/wp-json\/wp\/v2\/types\/post"}],"author":[{"embeddable":true,"href":"https:\/\/ri2020.eu\/en\/wp-json\/wp\/v2\/users\/72"}],"replies":[{"embeddable":true,"href":"https:\/\/ri2020.eu\/en\/wp-json\/wp\/v2\/comments?post=33496"}],"version-history":[{"count":1,"href":"https:\/\/ri2020.eu\/en\/wp-json\/wp\/v2\/posts\/33496\/revisions"}],"predecessor-version":[{"id":50241,"href":"https:\/\/ri2020.eu\/en\/wp-json\/wp\/v2\/posts\/33496\/revisions\/50241"}],"wp:featuredmedia":[{"embeddable":true,"href":"https:\/\/ri2020.eu\/en\/wp-json\/wp\/v2\/media\/33009"}],"wp:attachment":[{"href":"https:\/\/ri2020.eu\/en\/wp-json\/wp\/v2\/media?parent=33496"}],"wp:term":[{"taxonomy":"category","embeddable":true,"href":"https:\/\/ri2020.eu\/en\/wp-json\/wp\/v2\/categories?post=33496"},{"taxonomy":"post_tag","embeddable":true,"href":"https:\/\/ri2020.eu\/en\/wp-json\/wp\/v2\/tags?post=33496"}],"curies":[{"name":"wp","href":"https:\/\/api.w.org\/{rel}","templated":true}]}}