{"id":33473,"date":"2019-11-04T17:21:28","date_gmt":"2019-11-04T16:21:28","guid":{"rendered":"https:\/\/rijeka2020.eu\/?p=33473"},"modified":"2019-11-04T17:21:28","modified_gmt":"2019-11-04T16:21:28","slug":"rijeka-2020-european-capital-of-culture-programme-presentation-ceremony-held","status":"publish","type":"post","link":"https:\/\/ri2020.eu\/en\/rijeka-2020-european-capital-of-culture-programme-presentation-ceremony-held\/","title":{"rendered":"Rijeka 2020 \u2013 European capital of culture programme presentation ceremony held"},"content":{"rendered":"<p>The ceremony and gathering were held in order to promote the first edition of the programme booklet, which includes the bulk of the programme scheduled for 2020 in Rijeka.<\/p>\n<p>The 2020 programme was also presented to the guests with an animated video that highlights the central and most important parts: from the opening ceremony on 1 February 2020 to the large-scale exhibitions With a Collection by David Maljkovi\u0107, Love Death Ecstasy by Klimt, The Motion Picture is Alive by Nan Hoover, The Sea Is Glowing, the first exhibition on Professor Balthazar, which should take place at the Exportdrvo building, and numerous other historical exhibitions.<\/p>\n<p><img loading=\"lazy\" decoding=\"async\" class=\"alignnone size-full wp-image-33335\" src=\"https:\/\/rijeka2020.eu\/wp-content\/uploads\/2019\/10\/Sve\u010dano-predstavljanje-programa-1.jpg\" alt=\"\" width=\"2000\" height=\"1333\" srcset=\"https:\/\/ri2020.eu\/wp-content\/uploads\/2019\/10\/Sve\u010dano-predstavljanje-programa-1.jpg 2000w, https:\/\/ri2020.eu\/wp-content\/uploads\/2019\/10\/Sve\u010dano-predstavljanje-programa-1-248x165.jpg 248w, https:\/\/ri2020.eu\/wp-content\/uploads\/2019\/10\/Sve\u010dano-predstavljanje-programa-1-768x512.jpg 768w, https:\/\/ri2020.eu\/wp-content\/uploads\/2019\/10\/Sve\u010dano-predstavljanje-programa-1-1024x682.jpg 1024w, https:\/\/ri2020.eu\/wp-content\/uploads\/2019\/10\/Sve\u010dano-predstavljanje-programa-1-250x167.jpg 250w, https:\/\/ri2020.eu\/wp-content\/uploads\/2019\/10\/Sve\u010dano-predstavljanje-programa-1-420x280.jpg 420w\" sizes=\"auto, (max-width: 2000px) 100vw, 2000px\" \/><\/p>\n<p>Also announced are gala concert performances by opera stars coming to Rijeka in 2020 &#8211; Karita Mattila and Elina Garan\u010da &#8211; as well as a plethora of opera, ballet and theatre programmes, including the Needcompany Festival, which features three different plays staged by this European theatre group, the BadCo trilogy and many other shows. Special emphasis is placed on urban interventions in the public space that will provide Rijeka with a temporary pool at Delta, a children&#8217;s playground next to the ship Uragan (Hurricane), as well as plenty of other beautifications of public spaces and the installation of 11 permanent sculptures across Kvarner. Also highlighted are festivals that will take place in Rijeka and its surroundings in 2020 and the children&#8217;s programme, which is brimming with theatre plays.<\/p>\n<p>The evening programme presentation brought together a host of esteemed guests, with speeches given by Mayor Vojko Obersnel, Ivan \u0160arar, Head of the Department of Culture of the City of Rijeka, Zlatko Komadina, Prefect of Primorje-Gorski Kotar County, Snje\u017eana Priji\u0107 Samar\u017eija, Chancellor of the University of Rijeka and the emissary of the Minister of Culture &#8211; State Secretary Ivica Polji\u010dak. Emina Vi\u0161ni\u0107 and Irena Kregar \u0160egota thanked everyone involved in the ECoC project, strategic partners, cultural institutions and organisations, project teams and all the citizens of Rijeka on behalf of the RIJEKA 2020 company, which was founded with the aim of implementing the European Capital of Culture project.<\/p>\n<p><img loading=\"lazy\" decoding=\"async\" class=\"alignnone size-full wp-image-33340\" src=\"https:\/\/rijeka2020.eu\/wp-content\/uploads\/2019\/10\/Sve\u010dano-predstavljanje-programa-2.jpg\" alt=\"\" width=\"2000\" height=\"1333\" srcset=\"https:\/\/ri2020.eu\/wp-content\/uploads\/2019\/10\/Sve\u010dano-predstavljanje-programa-2.jpg 2000w, https:\/\/ri2020.eu\/wp-content\/uploads\/2019\/10\/Sve\u010dano-predstavljanje-programa-2-248x165.jpg 248w, https:\/\/ri2020.eu\/wp-content\/uploads\/2019\/10\/Sve\u010dano-predstavljanje-programa-2-768x512.jpg 768w, https:\/\/ri2020.eu\/wp-content\/uploads\/2019\/10\/Sve\u010dano-predstavljanje-programa-2-1024x682.jpg 1024w, https:\/\/ri2020.eu\/wp-content\/uploads\/2019\/10\/Sve\u010dano-predstavljanje-programa-2-250x167.jpg 250w, https:\/\/ri2020.eu\/wp-content\/uploads\/2019\/10\/Sve\u010dano-predstavljanje-programa-2-420x280.jpg 420w\" sizes=\"auto, (max-width: 2000px) 100vw, 2000px\" \/><\/p>\n<p>Foreign ambassadors in the Republic of Croatia, representatives of cities, towns, municipalities and ministries of Croatia, board members of large companies and media companies and a number of reporters also attended the ceremony.<\/p>\n<blockquote><p>&#8220;Rijeka is a city that is open to everyone because of the people that live in it. Courage and solidarity are still held in high value here and I am glad that we have been given the opportunity to acts as ambassadors of Croatia before the European cultural public. I am certain that we will shed a positive light on our city, region and country in the upcoming year and send out messages that imbue the wealth of European diversity with openness, acceptance, freedom, courage and especially persistence. We are faced with an onerous task, which is also a great honour that warrants an even greater responsibility, but we are ready\u201c<\/p><\/blockquote>\n<p>, said Mayor of Rijeka Vojko Obersnel and welcomed everyone to Rijeka &#8211; the Port of Diversity.<\/p>\n<p><img loading=\"lazy\" decoding=\"async\" class=\"alignnone size-full wp-image-33419\" src=\"https:\/\/rijeka2020.eu\/wp-content\/uploads\/2019\/10\/1T0A7429.jpg\" alt=\"\" width=\"2000\" height=\"1333\" srcset=\"https:\/\/ri2020.eu\/wp-content\/uploads\/2019\/10\/1T0A7429.jpg 2000w, https:\/\/ri2020.eu\/wp-content\/uploads\/2019\/10\/1T0A7429-248x165.jpg 248w, https:\/\/ri2020.eu\/wp-content\/uploads\/2019\/10\/1T0A7429-768x512.jpg 768w, https:\/\/ri2020.eu\/wp-content\/uploads\/2019\/10\/1T0A7429-1024x682.jpg 1024w, https:\/\/ri2020.eu\/wp-content\/uploads\/2019\/10\/1T0A7429-250x167.jpg 250w, https:\/\/ri2020.eu\/wp-content\/uploads\/2019\/10\/1T0A7429-420x280.jpg 420w\" sizes=\"auto, (max-width: 2000px) 100vw, 2000px\" \/><\/p>\n<p>The surprise musical guests of the evening made many people dance and also touched them. The band Ri-Val from Rijeka, consisting of protagonists from the Rijeka rock scene, premiered their new song Moj grad (My City), which is dedicated to Rijeka and was written in the period leading up to an immensely important year for Rijeka. In addition to an extensive programme that will make Rijeka one of the most interesting European cultural destinations in 2020, an array of project patrons and media sponsors, including the Austrian company Styria, have made significant contributions to the entire project and its visibility.<\/p>\n","protected":false},"excerpt":{"rendered":"<p>The Rijeka &#8211; European Capital of Culture 2020 programme presentation ceremony and a meet-and-greet with sponsors and reporters took place in the evening of Wednesday, 30 October, at Exportdrvo in Rijeka, which is slated to become an important venue for exhibitions and other events as part of the extensive ECoC culture and arts offer next year.<\/p>\n","protected":false},"author":72,"featured_media":33358,"comment_status":"closed","ping_status":"closed","sticky":false,"template":"","format":"standard","meta":{"_acf_changed":false,"footnotes":""},"categories":[2731],"tags":[],"class_list":["post-33473","post","type-post","status-publish","format-standard","has-post-thumbnail","hentry","category-news"],"acf":[],"yoast_head":"<!-- This site is optimized with the Yoast SEO plugin v26.8 - https:\/\/yoast.com\/product\/yoast-seo-wordpress\/ -->\n<title>Rijeka 2020 \u2013 European capital of culture programme presentation ceremony held &#8226; Rijeka 2020<\/title>\n<meta name=\"robots\" content=\"index, follow, max-snippet:-1, max-image-preview:large, max-video-preview:-1\" \/>\n<link rel=\"canonical\" href=\"https:\/\/ri2020.eu\/en\/rijeka-2020-european-capital-of-culture-programme-presentation-ceremony-held\/\" \/>\n<meta property=\"og:locale\" content=\"en_US\" \/>\n<meta property=\"og:type\" content=\"article\" \/>\n<meta property=\"og:title\" content=\"Rijeka 2020 \u2013 European capital of culture programme presentation ceremony held &#8226; Rijeka 2020\" \/>\n<meta property=\"og:description\" content=\"The Rijeka - European Capital of Culture 2020 programme presentation ceremony and a meet-and-greet with sponsors and reporters took place in the evening of Wednesday, 30 October, at Exportdrvo in Rijeka, which is slated to become an important venue for exhibitions and other events as part of the extensive ECoC culture and arts offer next year.\" \/>\n<meta property=\"og:url\" content=\"https:\/\/ri2020.eu\/en\/rijeka-2020-european-capital-of-culture-programme-presentation-ceremony-held\/\" \/>\n<meta property=\"og:site_name\" content=\"Rijeka 2020\" \/>\n<meta property=\"article:publisher\" content=\"https:\/\/www.facebook.com\/rijeka2020\" \/>\n<meta property=\"article:published_time\" content=\"2019-11-04T16:21:28+00:00\" \/>\n<meta property=\"og:image\" content=\"https:\/\/ri2020.eu\/wp-content\/uploads\/2019\/10\/RI2020-PR-001.jpg\" \/>\n\t<meta property=\"og:image:width\" content=\"2000\" \/>\n\t<meta property=\"og:image:height\" content=\"1333\" \/>\n\t<meta property=\"og:image:type\" content=\"image\/jpeg\" \/>\n<meta name=\"author\" content=\"Rijeka 2020\" \/>\n<meta name=\"twitter:card\" content=\"summary_large_image\" \/>\n<meta name=\"twitter:creator\" content=\"@Rijeka2020\" \/>\n<meta name=\"twitter:site\" content=\"@Rijeka2020\" \/>\n<meta name=\"twitter:label1\" content=\"Written by\" \/>\n\t<meta name=\"twitter:data1\" content=\"Rijeka 2020\" \/>\n\t<meta name=\"twitter:label2\" content=\"Est. reading time\" \/>\n\t<meta name=\"twitter:data2\" content=\"3 minutes\" \/>\n<script type=\"application\/ld+json\" class=\"yoast-schema-graph\">{\"@context\":\"https:\/\/schema.org\",\"@graph\":[{\"@type\":\"Article\",\"@id\":\"https:\/\/ri2020.eu\/en\/rijeka-2020-european-capital-of-culture-programme-presentation-ceremony-held\/#article\",\"isPartOf\":{\"@id\":\"https:\/\/ri2020.eu\/en\/rijeka-2020-european-capital-of-culture-programme-presentation-ceremony-held\/\"},\"author\":{\"name\":\"Rijeka 2020\",\"@id\":\"https:\/\/ri2020.eu\/en\/#\/schema\/person\/9c12d91df8c45bc534f625d9c81f403d\"},\"headline\":\"Rijeka 2020 \u2013 European capital of culture programme presentation ceremony held\",\"datePublished\":\"2019-11-04T16:21:28+00:00\",\"mainEntityOfPage\":{\"@id\":\"https:\/\/ri2020.eu\/en\/rijeka-2020-european-capital-of-culture-programme-presentation-ceremony-held\/\"},\"wordCount\":607,\"publisher\":{\"@id\":\"https:\/\/ri2020.eu\/en\/#organization\"},\"image\":{\"@id\":\"https:\/\/ri2020.eu\/en\/rijeka-2020-european-capital-of-culture-programme-presentation-ceremony-held\/#primaryimage\"},\"thumbnailUrl\":\"https:\/\/ri2020.eu\/wp-content\/uploads\/2019\/10\/RI2020-PR-001.jpg\",\"articleSection\":[\"News\"],\"inLanguage\":\"en-US\"},{\"@type\":\"WebPage\",\"@id\":\"https:\/\/ri2020.eu\/en\/rijeka-2020-european-capital-of-culture-programme-presentation-ceremony-held\/\",\"url\":\"https:\/\/ri2020.eu\/en\/rijeka-2020-european-capital-of-culture-programme-presentation-ceremony-held\/\",\"name\":\"Rijeka 2020 \u2013 European capital of culture programme presentation ceremony held &#8226; Rijeka 2020\",\"isPartOf\":{\"@id\":\"https:\/\/ri2020.eu\/en\/#website\"},\"primaryImageOfPage\":{\"@id\":\"https:\/\/ri2020.eu\/en\/rijeka-2020-european-capital-of-culture-programme-presentation-ceremony-held\/#primaryimage\"},\"image\":{\"@id\":\"https:\/\/ri2020.eu\/en\/rijeka-2020-european-capital-of-culture-programme-presentation-ceremony-held\/#primaryimage\"},\"thumbnailUrl\":\"https:\/\/ri2020.eu\/wp-content\/uploads\/2019\/10\/RI2020-PR-001.jpg\",\"datePublished\":\"2019-11-04T16:21:28+00:00\",\"breadcrumb\":{\"@id\":\"https:\/\/ri2020.eu\/en\/rijeka-2020-european-capital-of-culture-programme-presentation-ceremony-held\/#breadcrumb\"},\"inLanguage\":\"en-US\",\"potentialAction\":[{\"@type\":\"ReadAction\",\"target\":[\"https:\/\/ri2020.eu\/en\/rijeka-2020-european-capital-of-culture-programme-presentation-ceremony-held\/\"]}]},{\"@type\":\"ImageObject\",\"inLanguage\":\"en-US\",\"@id\":\"https:\/\/ri2020.eu\/en\/rijeka-2020-european-capital-of-culture-programme-presentation-ceremony-held\/#primaryimage\",\"url\":\"https:\/\/ri2020.eu\/wp-content\/uploads\/2019\/10\/RI2020-PR-001.jpg\",\"contentUrl\":\"https:\/\/ri2020.eu\/wp-content\/uploads\/2019\/10\/RI2020-PR-001.jpg\",\"width\":2000,\"height\":1333},{\"@type\":\"BreadcrumbList\",\"@id\":\"https:\/\/ri2020.eu\/en\/rijeka-2020-european-capital-of-culture-programme-presentation-ceremony-held\/#breadcrumb\",\"itemListElement\":[{\"@type\":\"ListItem\",\"position\":1,\"name\":\"Home\",\"item\":\"https:\/\/ri2020.eu\/en\/\"},{\"@type\":\"ListItem\",\"position\":2,\"name\":\"Rijeka 2020 \u2013 European capital of culture programme presentation ceremony held\"}]},{\"@type\":\"WebSite\",\"@id\":\"https:\/\/ri2020.eu\/en\/#website\",\"url\":\"https:\/\/ri2020.eu\/en\/\",\"name\":\"Rijeka 2020\",\"description\":\"Europska prijestolnica kulture\",\"publisher\":{\"@id\":\"https:\/\/ri2020.eu\/en\/#organization\"},\"potentialAction\":[{\"@type\":\"SearchAction\",\"target\":{\"@type\":\"EntryPoint\",\"urlTemplate\":\"https:\/\/ri2020.eu\/en\/?s={search_term_string}\"},\"query-input\":{\"@type\":\"PropertyValueSpecification\",\"valueRequired\":true,\"valueName\":\"search_term_string\"}}],\"inLanguage\":\"en-US\"},{\"@type\":\"Organization\",\"@id\":\"https:\/\/ri2020.eu\/en\/#organization\",\"name\":\"Rijeka 2020 d.o.o.\",\"url\":\"https:\/\/ri2020.eu\/en\/\",\"logo\":{\"@type\":\"ImageObject\",\"inLanguage\":\"en-US\",\"@id\":\"https:\/\/ri2020.eu\/en\/#\/schema\/logo\/image\/\",\"url\":\"https:\/\/rijeka2020.eu\/wp-content\/uploads\/2018\/07\/Ri2020-logo.png\",\"contentUrl\":\"https:\/\/rijeka2020.eu\/wp-content\/uploads\/2018\/07\/Ri2020-logo.png\",\"width\":407,\"height\":175,\"caption\":\"Rijeka 2020 d.o.o.\"},\"image\":{\"@id\":\"https:\/\/ri2020.eu\/en\/#\/schema\/logo\/image\/\"},\"sameAs\":[\"https:\/\/www.facebook.com\/rijeka2020\",\"https:\/\/x.com\/Rijeka2020\",\"https:\/\/www.instagram.com\/rijeka2020\/\",\"https:\/\/www.youtube.com\/user\/riepk2020\"]},{\"@type\":\"Person\",\"@id\":\"https:\/\/ri2020.eu\/en\/#\/schema\/person\/9c12d91df8c45bc534f625d9c81f403d\",\"name\":\"Rijeka 2020\",\"url\":\"https:\/\/ri2020.eu\/en\/author\/lsm\/\"}]}<\/script>\n<!-- \/ Yoast SEO plugin. -->","yoast_head_json":{"title":"Rijeka 2020 \u2013 European capital of culture programme presentation ceremony held &#8226; Rijeka 2020","robots":{"index":"index","follow":"follow","max-snippet":"max-snippet:-1","max-image-preview":"max-image-preview:large","max-video-preview":"max-video-preview:-1"},"canonical":"https:\/\/ri2020.eu\/en\/rijeka-2020-european-capital-of-culture-programme-presentation-ceremony-held\/","og_locale":"en_US","og_type":"article","og_title":"Rijeka 2020 \u2013 European capital of culture programme presentation ceremony held &#8226; Rijeka 2020","og_description":"The Rijeka - European Capital of Culture 2020 programme presentation ceremony and a meet-and-greet with sponsors and reporters took place in the evening of Wednesday, 30 October, at Exportdrvo in Rijeka, which is slated to become an important venue for exhibitions and other events as part of the extensive ECoC culture and arts offer next year.","og_url":"https:\/\/ri2020.eu\/en\/rijeka-2020-european-capital-of-culture-programme-presentation-ceremony-held\/","og_site_name":"Rijeka 2020","article_publisher":"https:\/\/www.facebook.com\/rijeka2020","article_published_time":"2019-11-04T16:21:28+00:00","og_image":[{"width":2000,"height":1333,"url":"https:\/\/ri2020.eu\/wp-content\/uploads\/2019\/10\/RI2020-PR-001.jpg","type":"image\/jpeg"}],"author":"Rijeka 2020","twitter_card":"summary_large_image","twitter_creator":"@Rijeka2020","twitter_site":"@Rijeka2020","twitter_misc":{"Written by":"Rijeka 2020","Est. reading time":"3 minutes"},"schema":{"@context":"https:\/\/schema.org","@graph":[{"@type":"Article","@id":"https:\/\/ri2020.eu\/en\/rijeka-2020-european-capital-of-culture-programme-presentation-ceremony-held\/#article","isPartOf":{"@id":"https:\/\/ri2020.eu\/en\/rijeka-2020-european-capital-of-culture-programme-presentation-ceremony-held\/"},"author":{"name":"Rijeka 2020","@id":"https:\/\/ri2020.eu\/en\/#\/schema\/person\/9c12d91df8c45bc534f625d9c81f403d"},"headline":"Rijeka 2020 \u2013 European capital of culture programme presentation ceremony held","datePublished":"2019-11-04T16:21:28+00:00","mainEntityOfPage":{"@id":"https:\/\/ri2020.eu\/en\/rijeka-2020-european-capital-of-culture-programme-presentation-ceremony-held\/"},"wordCount":607,"publisher":{"@id":"https:\/\/ri2020.eu\/en\/#organization"},"image":{"@id":"https:\/\/ri2020.eu\/en\/rijeka-2020-european-capital-of-culture-programme-presentation-ceremony-held\/#primaryimage"},"thumbnailUrl":"https:\/\/ri2020.eu\/wp-content\/uploads\/2019\/10\/RI2020-PR-001.jpg","articleSection":["News"],"inLanguage":"en-US"},{"@type":"WebPage","@id":"https:\/\/ri2020.eu\/en\/rijeka-2020-european-capital-of-culture-programme-presentation-ceremony-held\/","url":"https:\/\/ri2020.eu\/en\/rijeka-2020-european-capital-of-culture-programme-presentation-ceremony-held\/","name":"Rijeka 2020 \u2013 European capital of culture programme presentation ceremony held &#8226; Rijeka 2020","isPartOf":{"@id":"https:\/\/ri2020.eu\/en\/#website"},"primaryImageOfPage":{"@id":"https:\/\/ri2020.eu\/en\/rijeka-2020-european-capital-of-culture-programme-presentation-ceremony-held\/#primaryimage"},"image":{"@id":"https:\/\/ri2020.eu\/en\/rijeka-2020-european-capital-of-culture-programme-presentation-ceremony-held\/#primaryimage"},"thumbnailUrl":"https:\/\/ri2020.eu\/wp-content\/uploads\/2019\/10\/RI2020-PR-001.jpg","datePublished":"2019-11-04T16:21:28+00:00","breadcrumb":{"@id":"https:\/\/ri2020.eu\/en\/rijeka-2020-european-capital-of-culture-programme-presentation-ceremony-held\/#breadcrumb"},"inLanguage":"en-US","potentialAction":[{"@type":"ReadAction","target":["https:\/\/ri2020.eu\/en\/rijeka-2020-european-capital-of-culture-programme-presentation-ceremony-held\/"]}]},{"@type":"ImageObject","inLanguage":"en-US","@id":"https:\/\/ri2020.eu\/en\/rijeka-2020-european-capital-of-culture-programme-presentation-ceremony-held\/#primaryimage","url":"https:\/\/ri2020.eu\/wp-content\/uploads\/2019\/10\/RI2020-PR-001.jpg","contentUrl":"https:\/\/ri2020.eu\/wp-content\/uploads\/2019\/10\/RI2020-PR-001.jpg","width":2000,"height":1333},{"@type":"BreadcrumbList","@id":"https:\/\/ri2020.eu\/en\/rijeka-2020-european-capital-of-culture-programme-presentation-ceremony-held\/#breadcrumb","itemListElement":[{"@type":"ListItem","position":1,"name":"Home","item":"https:\/\/ri2020.eu\/en\/"},{"@type":"ListItem","position":2,"name":"Rijeka 2020 \u2013 European capital of culture programme presentation ceremony held"}]},{"@type":"WebSite","@id":"https:\/\/ri2020.eu\/en\/#website","url":"https:\/\/ri2020.eu\/en\/","name":"Rijeka 2020","description":"Europska prijestolnica kulture","publisher":{"@id":"https:\/\/ri2020.eu\/en\/#organization"},"potentialAction":[{"@type":"SearchAction","target":{"@type":"EntryPoint","urlTemplate":"https:\/\/ri2020.eu\/en\/?s={search_term_string}"},"query-input":{"@type":"PropertyValueSpecification","valueRequired":true,"valueName":"search_term_string"}}],"inLanguage":"en-US"},{"@type":"Organization","@id":"https:\/\/ri2020.eu\/en\/#organization","name":"Rijeka 2020 d.o.o.","url":"https:\/\/ri2020.eu\/en\/","logo":{"@type":"ImageObject","inLanguage":"en-US","@id":"https:\/\/ri2020.eu\/en\/#\/schema\/logo\/image\/","url":"https:\/\/rijeka2020.eu\/wp-content\/uploads\/2018\/07\/Ri2020-logo.png","contentUrl":"https:\/\/rijeka2020.eu\/wp-content\/uploads\/2018\/07\/Ri2020-logo.png","width":407,"height":175,"caption":"Rijeka 2020 d.o.o."},"image":{"@id":"https:\/\/ri2020.eu\/en\/#\/schema\/logo\/image\/"},"sameAs":["https:\/\/www.facebook.com\/rijeka2020","https:\/\/x.com\/Rijeka2020","https:\/\/www.instagram.com\/rijeka2020\/","https:\/\/www.youtube.com\/user\/riepk2020"]},{"@type":"Person","@id":"https:\/\/ri2020.eu\/en\/#\/schema\/person\/9c12d91df8c45bc534f625d9c81f403d","name":"Rijeka 2020","url":"https:\/\/ri2020.eu\/en\/author\/lsm\/"}]}},"_links":{"self":[{"href":"https:\/\/ri2020.eu\/en\/wp-json\/wp\/v2\/posts\/33473","targetHints":{"allow":["GET"]}}],"collection":[{"href":"https:\/\/ri2020.eu\/en\/wp-json\/wp\/v2\/posts"}],"about":[{"href":"https:\/\/ri2020.eu\/en\/wp-json\/wp\/v2\/types\/post"}],"author":[{"embeddable":true,"href":"https:\/\/ri2020.eu\/en\/wp-json\/wp\/v2\/users\/72"}],"replies":[{"embeddable":true,"href":"https:\/\/ri2020.eu\/en\/wp-json\/wp\/v2\/comments?post=33473"}],"version-history":[{"count":0,"href":"https:\/\/ri2020.eu\/en\/wp-json\/wp\/v2\/posts\/33473\/revisions"}],"wp:featuredmedia":[{"embeddable":true,"href":"https:\/\/ri2020.eu\/en\/wp-json\/wp\/v2\/media\/33358"}],"wp:attachment":[{"href":"https:\/\/ri2020.eu\/en\/wp-json\/wp\/v2\/media?parent=33473"}],"wp:term":[{"taxonomy":"category","embeddable":true,"href":"https:\/\/ri2020.eu\/en\/wp-json\/wp\/v2\/categories?post=33473"},{"taxonomy":"post_tag","embeddable":true,"href":"https:\/\/ri2020.eu\/en\/wp-json\/wp\/v2\/tags?post=33473"}],"curies":[{"name":"wp","href":"https:\/\/api.w.org\/{rel}","templated":true}]}}