{"id":33294,"date":"2019-10-21T12:00:33","date_gmt":"2019-10-21T10:00:33","guid":{"rendered":"https:\/\/rijeka2020.eu\/?p=33294"},"modified":"2019-10-29T12:49:56","modified_gmt":"2019-10-29T11:49:56","slug":"recognising-the-absence-2019-presentation-of-artwork-in-the-public-space-of-lipa","status":"publish","type":"post","link":"https:\/\/ri2020.eu\/en\/recognising-the-absence-2019-presentation-of-artwork-in-the-public-space-of-lipa\/","title":{"rendered":"\u201cRecognising the Absence 2019.\u201d \u2013 Presentation of Artwork in the Public Space of Lipa"},"content":{"rendered":"<p><strong>Nikolina Radi\u0107 \u0160tivi\u0107<\/strong>, Director of the Maritime and History Museum of the Croatian Littoral Rijeka,\u00a0<strong>Vana Govi\u0107<\/strong>, senior curator,\u00a0<strong>Lela Vujani\u0107<\/strong>, Head of the Kitchen of Diversity flagship of Rijeka 2020, and\u00a0<strong>Sonja \u0160i\u0161i\u0107<\/strong>, Head of the Department of Culture, Sport and Technical Culture of Primorje-Gorski Kotar County addressed the audience on the occasion.<\/p>\n<p><img loading=\"lazy\" decoding=\"async\" class=\"alignnone size-full wp-image-32936\" src=\"https:\/\/rijeka2020.eu\/wp-content\/uploads\/2019\/10\/otvorenje-1.jpg\" alt=\"lipa\" width=\"1506\" height=\"1128\" srcset=\"https:\/\/ri2020.eu\/wp-content\/uploads\/2019\/10\/otvorenje-1.jpg 1506w, https:\/\/ri2020.eu\/wp-content\/uploads\/2019\/10\/otvorenje-1-220x165.jpg 220w, https:\/\/ri2020.eu\/wp-content\/uploads\/2019\/10\/otvorenje-1-768x575.jpg 768w, https:\/\/ri2020.eu\/wp-content\/uploads\/2019\/10\/otvorenje-1-1024x767.jpg 1024w, https:\/\/ri2020.eu\/wp-content\/uploads\/2019\/10\/otvorenje-1-250x187.jpg 250w, https:\/\/ri2020.eu\/wp-content\/uploads\/2019\/10\/otvorenje-1-420x315.jpg 420w\" sizes=\"auto, (max-width: 1506px) 100vw, 1506px\" \/><\/p>\n<p>It was pointed out that the Memorial Centre Lipa Remembers has since its inception been dedicated to\u00a0<strong>preserving the memory of the 269 slain residents of Lipa<\/strong>, permanently reminding visitors of the devastating consequences of war and of the violation of basic human rights. The \u201cRecognising the Absence\u201d programme deals with the culture of Lipa\u2019s remembrance from the perspective of modern art, and it does so for the third year in a row. This year\u2019s public call resulted in 11 proposals of works of art, three of which were chosen for realisation by the jury. Introductory welcoming remarks to the audience and the presentation of the programme were followed by a sightseeing walk around Lipa. The authors themselves were the tour guides, showcasing their artwork.<\/p>\n<p><img loading=\"lazy\" decoding=\"async\" class=\"alignnone size-full wp-image-32938\" src=\"https:\/\/rijeka2020.eu\/wp-content\/uploads\/2019\/10\/Put-ti\u0161ine_rad-Diane-Sokolic.jpg\" alt=\"\" width=\"1500\" height=\"1601\" srcset=\"https:\/\/ri2020.eu\/wp-content\/uploads\/2019\/10\/Put-ti\u0161ine_rad-Diane-Sokolic.jpg 1500w, https:\/\/ri2020.eu\/wp-content\/uploads\/2019\/10\/Put-ti\u0161ine_rad-Diane-Sokolic-155x165.jpg 155w, https:\/\/ri2020.eu\/wp-content\/uploads\/2019\/10\/Put-ti\u0161ine_rad-Diane-Sokolic-768x820.jpg 768w, https:\/\/ri2020.eu\/wp-content\/uploads\/2019\/10\/Put-ti\u0161ine_rad-Diane-Sokolic-959x1024.jpg 959w, https:\/\/ri2020.eu\/wp-content\/uploads\/2019\/10\/Put-ti\u0161ine_rad-Diane-Sokolic-234x250.jpg 234w, https:\/\/ri2020.eu\/wp-content\/uploads\/2019\/10\/Put-ti\u0161ine_rad-Diane-Sokolic-420x448.jpg 420w\" sizes=\"auto, (max-width: 1500px) 100vw, 1500px\" \/><\/p>\n<p>The work entitled\u00a0<strong>The Path of Silence<\/strong>\u00a0by\u00a0<strong>Diana Sokoli\u0107<\/strong>\u00a0is an example of landscape art, inviting the visitor to take a walk of remembrance through Lipa. The visitors were taken for a walk down a stone path where each pair of stones laid represents a pair of feet, and each space between them represents a human step, thus evoking the presence of the slain residents of Lipa. Stone by stone. Step by step. Repeated 269 times.<\/p>\n<p><img loading=\"lazy\" decoding=\"async\" class=\"alignnone size-full wp-image-32940\" src=\"https:\/\/rijeka2020.eu\/wp-content\/uploads\/2019\/10\/Se-domisli\u0161-se-spameti\u0161_-rad-Josipa-Pine-Ivan\u010di\u0107a.jpg\" alt=\"\" width=\"2048\" height=\"1626\" srcset=\"https:\/\/ri2020.eu\/wp-content\/uploads\/2019\/10\/Se-domisli\u0161-se-spameti\u0161_-rad-Josipa-Pine-Ivan\u010di\u0107a.jpg 2048w, https:\/\/ri2020.eu\/wp-content\/uploads\/2019\/10\/Se-domisli\u0161-se-spameti\u0161_-rad-Josipa-Pine-Ivan\u010di\u0107a-208x165.jpg 208w, https:\/\/ri2020.eu\/wp-content\/uploads\/2019\/10\/Se-domisli\u0161-se-spameti\u0161_-rad-Josipa-Pine-Ivan\u010di\u0107a-768x610.jpg 768w, https:\/\/ri2020.eu\/wp-content\/uploads\/2019\/10\/Se-domisli\u0161-se-spameti\u0161_-rad-Josipa-Pine-Ivan\u010di\u0107a-1024x813.jpg 1024w, https:\/\/ri2020.eu\/wp-content\/uploads\/2019\/10\/Se-domisli\u0161-se-spameti\u0161_-rad-Josipa-Pine-Ivan\u010di\u0107a-250x198.jpg 250w, https:\/\/ri2020.eu\/wp-content\/uploads\/2019\/10\/Se-domisli\u0161-se-spameti\u0161_-rad-Josipa-Pine-Ivan\u010di\u0107a-420x333.jpg 420w\" sizes=\"auto, (max-width: 2048px) 100vw, 2048px\" \/><\/p>\n<p>The work\u00a0<strong>Do you Remember<\/strong>\u00a0by\u00a0<strong>Josip Pino Ivan\u010di\u0107<\/strong>\u00a0approaches the landscape from a different perspective. Instead of inscribing the meanings into the landscape, he uses symbols &#8211; those elements of nature whose meanings have been assigned long ago. His work is a landscape assemblage where various materials and forms blend into a unique visual art syntax of remembrance.<\/p>\n<p><img loading=\"lazy\" decoding=\"async\" class=\"alignnone size-full wp-image-32942\" src=\"https:\/\/rijeka2020.eu\/wp-content\/uploads\/2019\/10\/Jedna-iskra-je-dovoljna_rad-Bojana-Ko\u0161ti\u0107a-1.jpg\" alt=\"\" width=\"2048\" height=\"1367\" srcset=\"https:\/\/ri2020.eu\/wp-content\/uploads\/2019\/10\/Jedna-iskra-je-dovoljna_rad-Bojana-Ko\u0161ti\u0107a-1.jpg 2048w, https:\/\/ri2020.eu\/wp-content\/uploads\/2019\/10\/Jedna-iskra-je-dovoljna_rad-Bojana-Ko\u0161ti\u0107a-1-247x165.jpg 247w, https:\/\/ri2020.eu\/wp-content\/uploads\/2019\/10\/Jedna-iskra-je-dovoljna_rad-Bojana-Ko\u0161ti\u0107a-1-768x513.jpg 768w, https:\/\/ri2020.eu\/wp-content\/uploads\/2019\/10\/Jedna-iskra-je-dovoljna_rad-Bojana-Ko\u0161ti\u0107a-1-1024x684.jpg 1024w, https:\/\/ri2020.eu\/wp-content\/uploads\/2019\/10\/Jedna-iskra-je-dovoljna_rad-Bojana-Ko\u0161ti\u0107a-1-250x167.jpg 250w, https:\/\/ri2020.eu\/wp-content\/uploads\/2019\/10\/Jedna-iskra-je-dovoljna_rad-Bojana-Ko\u0161ti\u0107a-1-420x280.jpg 420w\" sizes=\"auto, (max-width: 2048px) 100vw, 2048px\" \/><\/p>\n<p>The work\u00a0<strong>One Spark is Enough<\/strong>\u00a0by\u00a0<strong>Bojan Ko\u0161ti\u0107<\/strong>\u00a0is a series of graffiti art pieces painted with a photoluminescent paint that glows in the dark in the public spaces of Lipa. The thoughts of an artist that absorb light during the day so as to emit it during the night serve as a reminder of our ability to utilise the bright and happy moments in life to encourage us in our efforts to overcome the hardships of life. It is also a reminder of all the surviving residents of Lipa, who have found the strength to rebuild the settlement and move on with their lives.<\/p>\n<p><img loading=\"lazy\" decoding=\"async\" class=\"alignnone size-full wp-image-32944\" src=\"https:\/\/rijeka2020.eu\/wp-content\/uploads\/2019\/10\/otvorenje-2.jpg\" alt=\"lipa\" width=\"1506\" height=\"1128\" srcset=\"https:\/\/ri2020.eu\/wp-content\/uploads\/2019\/10\/otvorenje-2.jpg 1506w, https:\/\/ri2020.eu\/wp-content\/uploads\/2019\/10\/otvorenje-2-220x165.jpg 220w, https:\/\/ri2020.eu\/wp-content\/uploads\/2019\/10\/otvorenje-2-768x575.jpg 768w, https:\/\/ri2020.eu\/wp-content\/uploads\/2019\/10\/otvorenje-2-1024x767.jpg 1024w, https:\/\/ri2020.eu\/wp-content\/uploads\/2019\/10\/otvorenje-2-250x187.jpg 250w, https:\/\/ri2020.eu\/wp-content\/uploads\/2019\/10\/otvorenje-2-420x315.jpg 420w\" sizes=\"auto, (max-width: 1506px) 100vw, 1506px\" \/><\/p>\n<p>The artwork will be on display in the public spaces of Lipa\u00a0<strong>until 18 November\u00a02019.<\/strong><\/p>\n<p>Submissions were considered by the four-member jury: Nemanja Cvijanovi\u0107, artist and programme coordinator in the Rijeka 2020 \u2013 European Capital of Culture project; Ksenija Orelj, curator of Rijeka\u2019s Museum of Modern and Contemporary Art; Biserka Dumbovi\u0107-Bilu\u0161i\u0107, head of Conservation Department in Rijeka; Vana Govi\u0107, curator of the Memorial Centre Lipa Remembers.<\/p>\n","protected":false},"excerpt":{"rendered":"<p>A presentation of artwork by Diana Sokoli\u0107, Josip Pino Ivan\u010di\u0107, and Bojan Ko\u0161ti\u0107 was held on Friday in front of the Memorial Centre Lipa Remembers. The works were presented under the \u201cPresenting the Absence 2019.\u201d programme which is being implemented within the Seasons of Power flagship of the European Capital of Culture project.<\/p>\n","protected":false},"author":72,"featured_media":32940,"comment_status":"closed","ping_status":"closed","sticky":false,"template":"","format":"standard","meta":{"_acf_changed":false,"footnotes":""},"categories":[2731,3680],"tags":[],"class_list":["post-33294","post","type-post","status-publish","format-standard","has-post-thumbnail","hentry","category-news","category-times-of-power"],"acf":[],"yoast_head":"<!-- This site is optimized with the Yoast SEO plugin v26.8 - https:\/\/yoast.com\/product\/yoast-seo-wordpress\/ -->\n<title>\u201cRecognising the Absence 2019.\u201d \u2013 Presentation of Artwork in the Public Space of Lipa &#8226; Rijeka 2020<\/title>\n<meta name=\"robots\" content=\"index, follow, max-snippet:-1, max-image-preview:large, max-video-preview:-1\" \/>\n<link rel=\"canonical\" href=\"https:\/\/ri2020.eu\/en\/recognising-the-absence-2019-presentation-of-artwork-in-the-public-space-of-lipa\/\" \/>\n<meta property=\"og:locale\" content=\"en_US\" \/>\n<meta property=\"og:type\" content=\"article\" \/>\n<meta property=\"og:title\" content=\"\u201cRecognising the Absence 2019.\u201d \u2013 Presentation of Artwork in the Public Space of Lipa &#8226; Rijeka 2020\" \/>\n<meta property=\"og:description\" content=\"A presentation of artwork by Diana Sokoli\u0107, Josip Pino Ivan\u010di\u0107, and Bojan Ko\u0161ti\u0107 was held on Friday in front of the Memorial Centre Lipa Remembers. The works were presented under the \u201cPresenting the Absence 2019.\u201d programme which is being implemented within the Seasons of Power flagship of the European Capital of Culture project.\" \/>\n<meta property=\"og:url\" content=\"https:\/\/ri2020.eu\/en\/recognising-the-absence-2019-presentation-of-artwork-in-the-public-space-of-lipa\/\" \/>\n<meta property=\"og:site_name\" content=\"Rijeka 2020\" \/>\n<meta property=\"article:publisher\" content=\"https:\/\/www.facebook.com\/rijeka2020\" \/>\n<meta property=\"article:published_time\" content=\"2019-10-21T10:00:33+00:00\" \/>\n<meta property=\"article:modified_time\" content=\"2019-10-29T11:49:56+00:00\" \/>\n<meta property=\"og:image\" content=\"https:\/\/ri2020.eu\/wp-content\/uploads\/2019\/10\/Se-domisli\u0161-se-spameti\u0161_-rad-Josipa-Pine-Ivan\u010di\u0107a.jpg\" \/>\n\t<meta property=\"og:image:width\" content=\"2048\" \/>\n\t<meta property=\"og:image:height\" content=\"1626\" \/>\n\t<meta property=\"og:image:type\" content=\"image\/jpeg\" \/>\n<meta name=\"author\" content=\"Rijeka 2020\" \/>\n<meta name=\"twitter:card\" content=\"summary_large_image\" \/>\n<meta name=\"twitter:creator\" content=\"@Rijeka2020\" \/>\n<meta name=\"twitter:site\" content=\"@Rijeka2020\" \/>\n<meta name=\"twitter:label1\" content=\"Written by\" \/>\n\t<meta name=\"twitter:data1\" content=\"Rijeka 2020\" \/>\n\t<meta name=\"twitter:label2\" content=\"Est. reading time\" \/>\n\t<meta name=\"twitter:data2\" content=\"2 minutes\" \/>\n<script type=\"application\/ld+json\" class=\"yoast-schema-graph\">{\"@context\":\"https:\/\/schema.org\",\"@graph\":[{\"@type\":\"Article\",\"@id\":\"https:\/\/ri2020.eu\/en\/recognising-the-absence-2019-presentation-of-artwork-in-the-public-space-of-lipa\/#article\",\"isPartOf\":{\"@id\":\"https:\/\/ri2020.eu\/en\/recognising-the-absence-2019-presentation-of-artwork-in-the-public-space-of-lipa\/\"},\"author\":{\"name\":\"Rijeka 2020\",\"@id\":\"https:\/\/ri2020.eu\/en\/#\/schema\/person\/9c12d91df8c45bc534f625d9c81f403d\"},\"headline\":\"\u201cRecognising the Absence 2019.\u201d \u2013 Presentation of Artwork in the Public Space of Lipa\",\"datePublished\":\"2019-10-21T10:00:33+00:00\",\"dateModified\":\"2019-10-29T11:49:56+00:00\",\"mainEntityOfPage\":{\"@id\":\"https:\/\/ri2020.eu\/en\/recognising-the-absence-2019-presentation-of-artwork-in-the-public-space-of-lipa\/\"},\"wordCount\":500,\"publisher\":{\"@id\":\"https:\/\/ri2020.eu\/en\/#organization\"},\"image\":{\"@id\":\"https:\/\/ri2020.eu\/en\/recognising-the-absence-2019-presentation-of-artwork-in-the-public-space-of-lipa\/#primaryimage\"},\"thumbnailUrl\":\"https:\/\/ri2020.eu\/wp-content\/uploads\/2019\/10\/Se-domisli\u0161-se-spameti\u0161_-rad-Josipa-Pine-Ivan\u010di\u0107a.jpg\",\"articleSection\":[\"News\",\"Times of Power\"],\"inLanguage\":\"en-US\"},{\"@type\":\"WebPage\",\"@id\":\"https:\/\/ri2020.eu\/en\/recognising-the-absence-2019-presentation-of-artwork-in-the-public-space-of-lipa\/\",\"url\":\"https:\/\/ri2020.eu\/en\/recognising-the-absence-2019-presentation-of-artwork-in-the-public-space-of-lipa\/\",\"name\":\"\u201cRecognising the Absence 2019.\u201d \u2013 Presentation of Artwork in the Public Space of Lipa &#8226; Rijeka 2020\",\"isPartOf\":{\"@id\":\"https:\/\/ri2020.eu\/en\/#website\"},\"primaryImageOfPage\":{\"@id\":\"https:\/\/ri2020.eu\/en\/recognising-the-absence-2019-presentation-of-artwork-in-the-public-space-of-lipa\/#primaryimage\"},\"image\":{\"@id\":\"https:\/\/ri2020.eu\/en\/recognising-the-absence-2019-presentation-of-artwork-in-the-public-space-of-lipa\/#primaryimage\"},\"thumbnailUrl\":\"https:\/\/ri2020.eu\/wp-content\/uploads\/2019\/10\/Se-domisli\u0161-se-spameti\u0161_-rad-Josipa-Pine-Ivan\u010di\u0107a.jpg\",\"datePublished\":\"2019-10-21T10:00:33+00:00\",\"dateModified\":\"2019-10-29T11:49:56+00:00\",\"breadcrumb\":{\"@id\":\"https:\/\/ri2020.eu\/en\/recognising-the-absence-2019-presentation-of-artwork-in-the-public-space-of-lipa\/#breadcrumb\"},\"inLanguage\":\"en-US\",\"potentialAction\":[{\"@type\":\"ReadAction\",\"target\":[\"https:\/\/ri2020.eu\/en\/recognising-the-absence-2019-presentation-of-artwork-in-the-public-space-of-lipa\/\"]}]},{\"@type\":\"ImageObject\",\"inLanguage\":\"en-US\",\"@id\":\"https:\/\/ri2020.eu\/en\/recognising-the-absence-2019-presentation-of-artwork-in-the-public-space-of-lipa\/#primaryimage\",\"url\":\"https:\/\/ri2020.eu\/wp-content\/uploads\/2019\/10\/Se-domisli\u0161-se-spameti\u0161_-rad-Josipa-Pine-Ivan\u010di\u0107a.jpg\",\"contentUrl\":\"https:\/\/ri2020.eu\/wp-content\/uploads\/2019\/10\/Se-domisli\u0161-se-spameti\u0161_-rad-Josipa-Pine-Ivan\u010di\u0107a.jpg\",\"width\":2048,\"height\":1626},{\"@type\":\"BreadcrumbList\",\"@id\":\"https:\/\/ri2020.eu\/en\/recognising-the-absence-2019-presentation-of-artwork-in-the-public-space-of-lipa\/#breadcrumb\",\"itemListElement\":[{\"@type\":\"ListItem\",\"position\":1,\"name\":\"Home\",\"item\":\"https:\/\/ri2020.eu\/en\/\"},{\"@type\":\"ListItem\",\"position\":2,\"name\":\"\u201cRecognising the Absence 2019.\u201d \u2013 Presentation of Artwork in the Public Space of Lipa\"}]},{\"@type\":\"WebSite\",\"@id\":\"https:\/\/ri2020.eu\/en\/#website\",\"url\":\"https:\/\/ri2020.eu\/en\/\",\"name\":\"Rijeka 2020\",\"description\":\"Europska prijestolnica kulture\",\"publisher\":{\"@id\":\"https:\/\/ri2020.eu\/en\/#organization\"},\"potentialAction\":[{\"@type\":\"SearchAction\",\"target\":{\"@type\":\"EntryPoint\",\"urlTemplate\":\"https:\/\/ri2020.eu\/en\/?s={search_term_string}\"},\"query-input\":{\"@type\":\"PropertyValueSpecification\",\"valueRequired\":true,\"valueName\":\"search_term_string\"}}],\"inLanguage\":\"en-US\"},{\"@type\":\"Organization\",\"@id\":\"https:\/\/ri2020.eu\/en\/#organization\",\"name\":\"Rijeka 2020 d.o.o.\",\"url\":\"https:\/\/ri2020.eu\/en\/\",\"logo\":{\"@type\":\"ImageObject\",\"inLanguage\":\"en-US\",\"@id\":\"https:\/\/ri2020.eu\/en\/#\/schema\/logo\/image\/\",\"url\":\"https:\/\/rijeka2020.eu\/wp-content\/uploads\/2018\/07\/Ri2020-logo.png\",\"contentUrl\":\"https:\/\/rijeka2020.eu\/wp-content\/uploads\/2018\/07\/Ri2020-logo.png\",\"width\":407,\"height\":175,\"caption\":\"Rijeka 2020 d.o.o.\"},\"image\":{\"@id\":\"https:\/\/ri2020.eu\/en\/#\/schema\/logo\/image\/\"},\"sameAs\":[\"https:\/\/www.facebook.com\/rijeka2020\",\"https:\/\/x.com\/Rijeka2020\",\"https:\/\/www.instagram.com\/rijeka2020\/\",\"https:\/\/www.youtube.com\/user\/riepk2020\"]},{\"@type\":\"Person\",\"@id\":\"https:\/\/ri2020.eu\/en\/#\/schema\/person\/9c12d91df8c45bc534f625d9c81f403d\",\"name\":\"Rijeka 2020\",\"url\":\"https:\/\/ri2020.eu\/en\/author\/lsm\/\"}]}<\/script>\n<!-- \/ Yoast SEO plugin. -->","yoast_head_json":{"title":"\u201cRecognising the Absence 2019.\u201d \u2013 Presentation of Artwork in the Public Space of Lipa &#8226; Rijeka 2020","robots":{"index":"index","follow":"follow","max-snippet":"max-snippet:-1","max-image-preview":"max-image-preview:large","max-video-preview":"max-video-preview:-1"},"canonical":"https:\/\/ri2020.eu\/en\/recognising-the-absence-2019-presentation-of-artwork-in-the-public-space-of-lipa\/","og_locale":"en_US","og_type":"article","og_title":"\u201cRecognising the Absence 2019.\u201d \u2013 Presentation of Artwork in the Public Space of Lipa &#8226; Rijeka 2020","og_description":"A presentation of artwork by Diana Sokoli\u0107, Josip Pino Ivan\u010di\u0107, and Bojan Ko\u0161ti\u0107 was held on Friday in front of the Memorial Centre Lipa Remembers. The works were presented under the \u201cPresenting the Absence 2019.\u201d programme which is being implemented within the Seasons of Power flagship of the European Capital of Culture project.","og_url":"https:\/\/ri2020.eu\/en\/recognising-the-absence-2019-presentation-of-artwork-in-the-public-space-of-lipa\/","og_site_name":"Rijeka 2020","article_publisher":"https:\/\/www.facebook.com\/rijeka2020","article_published_time":"2019-10-21T10:00:33+00:00","article_modified_time":"2019-10-29T11:49:56+00:00","og_image":[{"width":2048,"height":1626,"url":"https:\/\/ri2020.eu\/wp-content\/uploads\/2019\/10\/Se-domisli\u0161-se-spameti\u0161_-rad-Josipa-Pine-Ivan\u010di\u0107a.jpg","type":"image\/jpeg"}],"author":"Rijeka 2020","twitter_card":"summary_large_image","twitter_creator":"@Rijeka2020","twitter_site":"@Rijeka2020","twitter_misc":{"Written by":"Rijeka 2020","Est. reading time":"2 minutes"},"schema":{"@context":"https:\/\/schema.org","@graph":[{"@type":"Article","@id":"https:\/\/ri2020.eu\/en\/recognising-the-absence-2019-presentation-of-artwork-in-the-public-space-of-lipa\/#article","isPartOf":{"@id":"https:\/\/ri2020.eu\/en\/recognising-the-absence-2019-presentation-of-artwork-in-the-public-space-of-lipa\/"},"author":{"name":"Rijeka 2020","@id":"https:\/\/ri2020.eu\/en\/#\/schema\/person\/9c12d91df8c45bc534f625d9c81f403d"},"headline":"\u201cRecognising the Absence 2019.\u201d \u2013 Presentation of Artwork in the Public Space of Lipa","datePublished":"2019-10-21T10:00:33+00:00","dateModified":"2019-10-29T11:49:56+00:00","mainEntityOfPage":{"@id":"https:\/\/ri2020.eu\/en\/recognising-the-absence-2019-presentation-of-artwork-in-the-public-space-of-lipa\/"},"wordCount":500,"publisher":{"@id":"https:\/\/ri2020.eu\/en\/#organization"},"image":{"@id":"https:\/\/ri2020.eu\/en\/recognising-the-absence-2019-presentation-of-artwork-in-the-public-space-of-lipa\/#primaryimage"},"thumbnailUrl":"https:\/\/ri2020.eu\/wp-content\/uploads\/2019\/10\/Se-domisli\u0161-se-spameti\u0161_-rad-Josipa-Pine-Ivan\u010di\u0107a.jpg","articleSection":["News","Times of Power"],"inLanguage":"en-US"},{"@type":"WebPage","@id":"https:\/\/ri2020.eu\/en\/recognising-the-absence-2019-presentation-of-artwork-in-the-public-space-of-lipa\/","url":"https:\/\/ri2020.eu\/en\/recognising-the-absence-2019-presentation-of-artwork-in-the-public-space-of-lipa\/","name":"\u201cRecognising the Absence 2019.\u201d \u2013 Presentation of Artwork in the Public Space of Lipa &#8226; Rijeka 2020","isPartOf":{"@id":"https:\/\/ri2020.eu\/en\/#website"},"primaryImageOfPage":{"@id":"https:\/\/ri2020.eu\/en\/recognising-the-absence-2019-presentation-of-artwork-in-the-public-space-of-lipa\/#primaryimage"},"image":{"@id":"https:\/\/ri2020.eu\/en\/recognising-the-absence-2019-presentation-of-artwork-in-the-public-space-of-lipa\/#primaryimage"},"thumbnailUrl":"https:\/\/ri2020.eu\/wp-content\/uploads\/2019\/10\/Se-domisli\u0161-se-spameti\u0161_-rad-Josipa-Pine-Ivan\u010di\u0107a.jpg","datePublished":"2019-10-21T10:00:33+00:00","dateModified":"2019-10-29T11:49:56+00:00","breadcrumb":{"@id":"https:\/\/ri2020.eu\/en\/recognising-the-absence-2019-presentation-of-artwork-in-the-public-space-of-lipa\/#breadcrumb"},"inLanguage":"en-US","potentialAction":[{"@type":"ReadAction","target":["https:\/\/ri2020.eu\/en\/recognising-the-absence-2019-presentation-of-artwork-in-the-public-space-of-lipa\/"]}]},{"@type":"ImageObject","inLanguage":"en-US","@id":"https:\/\/ri2020.eu\/en\/recognising-the-absence-2019-presentation-of-artwork-in-the-public-space-of-lipa\/#primaryimage","url":"https:\/\/ri2020.eu\/wp-content\/uploads\/2019\/10\/Se-domisli\u0161-se-spameti\u0161_-rad-Josipa-Pine-Ivan\u010di\u0107a.jpg","contentUrl":"https:\/\/ri2020.eu\/wp-content\/uploads\/2019\/10\/Se-domisli\u0161-se-spameti\u0161_-rad-Josipa-Pine-Ivan\u010di\u0107a.jpg","width":2048,"height":1626},{"@type":"BreadcrumbList","@id":"https:\/\/ri2020.eu\/en\/recognising-the-absence-2019-presentation-of-artwork-in-the-public-space-of-lipa\/#breadcrumb","itemListElement":[{"@type":"ListItem","position":1,"name":"Home","item":"https:\/\/ri2020.eu\/en\/"},{"@type":"ListItem","position":2,"name":"\u201cRecognising the Absence 2019.\u201d \u2013 Presentation of Artwork in the Public Space of Lipa"}]},{"@type":"WebSite","@id":"https:\/\/ri2020.eu\/en\/#website","url":"https:\/\/ri2020.eu\/en\/","name":"Rijeka 2020","description":"Europska prijestolnica kulture","publisher":{"@id":"https:\/\/ri2020.eu\/en\/#organization"},"potentialAction":[{"@type":"SearchAction","target":{"@type":"EntryPoint","urlTemplate":"https:\/\/ri2020.eu\/en\/?s={search_term_string}"},"query-input":{"@type":"PropertyValueSpecification","valueRequired":true,"valueName":"search_term_string"}}],"inLanguage":"en-US"},{"@type":"Organization","@id":"https:\/\/ri2020.eu\/en\/#organization","name":"Rijeka 2020 d.o.o.","url":"https:\/\/ri2020.eu\/en\/","logo":{"@type":"ImageObject","inLanguage":"en-US","@id":"https:\/\/ri2020.eu\/en\/#\/schema\/logo\/image\/","url":"https:\/\/rijeka2020.eu\/wp-content\/uploads\/2018\/07\/Ri2020-logo.png","contentUrl":"https:\/\/rijeka2020.eu\/wp-content\/uploads\/2018\/07\/Ri2020-logo.png","width":407,"height":175,"caption":"Rijeka 2020 d.o.o."},"image":{"@id":"https:\/\/ri2020.eu\/en\/#\/schema\/logo\/image\/"},"sameAs":["https:\/\/www.facebook.com\/rijeka2020","https:\/\/x.com\/Rijeka2020","https:\/\/www.instagram.com\/rijeka2020\/","https:\/\/www.youtube.com\/user\/riepk2020"]},{"@type":"Person","@id":"https:\/\/ri2020.eu\/en\/#\/schema\/person\/9c12d91df8c45bc534f625d9c81f403d","name":"Rijeka 2020","url":"https:\/\/ri2020.eu\/en\/author\/lsm\/"}]}},"_links":{"self":[{"href":"https:\/\/ri2020.eu\/en\/wp-json\/wp\/v2\/posts\/33294","targetHints":{"allow":["GET"]}}],"collection":[{"href":"https:\/\/ri2020.eu\/en\/wp-json\/wp\/v2\/posts"}],"about":[{"href":"https:\/\/ri2020.eu\/en\/wp-json\/wp\/v2\/types\/post"}],"author":[{"embeddable":true,"href":"https:\/\/ri2020.eu\/en\/wp-json\/wp\/v2\/users\/72"}],"replies":[{"embeddable":true,"href":"https:\/\/ri2020.eu\/en\/wp-json\/wp\/v2\/comments?post=33294"}],"version-history":[{"count":0,"href":"https:\/\/ri2020.eu\/en\/wp-json\/wp\/v2\/posts\/33294\/revisions"}],"wp:featuredmedia":[{"embeddable":true,"href":"https:\/\/ri2020.eu\/en\/wp-json\/wp\/v2\/media\/32940"}],"wp:attachment":[{"href":"https:\/\/ri2020.eu\/en\/wp-json\/wp\/v2\/media?parent=33294"}],"wp:term":[{"taxonomy":"category","embeddable":true,"href":"https:\/\/ri2020.eu\/en\/wp-json\/wp\/v2\/categories?post=33294"},{"taxonomy":"post_tag","embeddable":true,"href":"https:\/\/ri2020.eu\/en\/wp-json\/wp\/v2\/tags?post=33294"}],"curies":[{"name":"wp","href":"https:\/\/api.w.org\/{rel}","templated":true}]}}