{"id":33166,"date":"2019-10-22T14:06:05","date_gmt":"2019-10-22T12:06:05","guid":{"rendered":"https:\/\/rijeka2020.eu\/?p=33166"},"modified":"2019-10-29T12:55:38","modified_gmt":"2019-10-29T11:55:38","slug":"delegates-from-45-european-capitals-of-culture-meet-in-rijeka","status":"publish","type":"post","link":"https:\/\/ri2020.eu\/en\/delegates-from-45-european-capitals-of-culture-meet-in-rijeka\/","title":{"rendered":"More than 45 Delegates from European Capitals of Culture Meet in Rijeka"},"content":{"rendered":"<p><strong>Delegates from former and future ECoC cities, more than 45 of them, are staying in the City of Rijeka to attend a Meeting of the Network of ECoC cities<\/strong>. Along with the host, Rijeka 2020, an impressive list of ECoC delegates from the former capitals of culture will be at the meeting:\u00a0<strong>Liverpool 2008, Stavanger 2008, P\u00e9cs 2010, Turku 2011, Maribor 2012, Guimar\u00e3es 2012, Marseille 2013, Pilsen 2015, Mons 2015, Wroclaw 2016, San Sebasti\u00e1n 2016, Aarhus 2017, Leeuwarden 2018, Valletta 2018<\/strong>; and from the cities that bear the title this year \u2013\u00a0<strong>Plovdiv 2019 and Matera 2019<\/strong>. The list also includes delegates from\u00a0<strong>Novi Sad 2021, Timisoara 2021, Esch-sur-Alzette 2022, Kaunas 2022, Veszpr\u00e9m 2023, Tartu 2024, Bod\u00f8 2024<\/strong>\u00a0and of course,\u00a0<strong>Galway,<\/strong>\u00a0who will, together with Rijeka, bear the title of the European Capital of Culture in 2020.<\/p>\n<p><img loading=\"lazy\" decoding=\"async\" class=\"alignnone size-full wp-image-33172\" src=\"https:\/\/rijeka2020.eu\/wp-content\/uploads\/2019\/10\/1T0A2284.jpg\" alt=\"\" width=\"2000\" height=\"1333\" srcset=\"https:\/\/ri2020.eu\/wp-content\/uploads\/2019\/10\/1T0A2284.jpg 2000w, https:\/\/ri2020.eu\/wp-content\/uploads\/2019\/10\/1T0A2284-248x165.jpg 248w, https:\/\/ri2020.eu\/wp-content\/uploads\/2019\/10\/1T0A2284-768x512.jpg 768w, https:\/\/ri2020.eu\/wp-content\/uploads\/2019\/10\/1T0A2284-1024x682.jpg 1024w, https:\/\/ri2020.eu\/wp-content\/uploads\/2019\/10\/1T0A2284-250x167.jpg 250w, https:\/\/ri2020.eu\/wp-content\/uploads\/2019\/10\/1T0A2284-420x280.jpg 420w\" sizes=\"auto, (max-width: 2000px) 100vw, 2000px\" \/><\/p>\n<p>The goal of this two-day meeting is to share the knowledge and experiences among the cities brought together by this significant title, but it is also a chance to talk about the challenges they are facing in the process.<\/p>\n<blockquote><p>\u201cThis informal network brings together ECoC cities who share their experiences and examples of good practice, and it is also very important in that it facilitates the networking of everyone involved. This is also an excellent opportunity for Rijeka to promote its ECoC programme, and to show our guests how we were preparing for the project which promotes the values also deeply ingrained in Rijeka itself &#8211; openness, tolerance and solidarity\u201d<\/p><\/blockquote>\n<p><strong>,\u00a0<\/strong>said on the occasion<strong>\u00a0Irena Kregar \u0160egota, Partnership and Communications Director of Rijeka 2020.<\/strong><\/p>\n<p><img loading=\"lazy\" decoding=\"async\" class=\"alignnone size-full wp-image-33174\" src=\"https:\/\/rijeka2020.eu\/wp-content\/uploads\/2019\/10\/1T0A2744.jpg\" alt=\"\" width=\"2000\" height=\"1333\" srcset=\"https:\/\/ri2020.eu\/wp-content\/uploads\/2019\/10\/1T0A2744.jpg 2000w, https:\/\/ri2020.eu\/wp-content\/uploads\/2019\/10\/1T0A2744-248x165.jpg 248w, https:\/\/ri2020.eu\/wp-content\/uploads\/2019\/10\/1T0A2744-768x512.jpg 768w, https:\/\/ri2020.eu\/wp-content\/uploads\/2019\/10\/1T0A2744-1024x682.jpg 1024w, https:\/\/ri2020.eu\/wp-content\/uploads\/2019\/10\/1T0A2744-250x167.jpg 250w, https:\/\/ri2020.eu\/wp-content\/uploads\/2019\/10\/1T0A2744-420x280.jpg 420w\" sizes=\"auto, (max-width: 2000px) 100vw, 2000px\" \/><\/p>\n<p>On their first day in Rijeka, the delegates will learn about all the details of Rijeka\u2019s ECoC programme, and they will also attend the \u201cD\u2019 Annunzio\u2019s Martyr\u201d exhibition at the Maritime and History Museum of the Croatian Littoral. As part of a larger, ongoing exhibition, Borders \u2013 Between Order and Chaos, D\u2019 Annunzio\u2019s Martyr marked the centennial of D\u2019Annunzio\u2019s occupation of Rijeka and sent a clear message that speaks against any and all forms of both historical and contemporary fascism. We are also planning to take our guests on a tour of the Ben\u010di\u0107 Complex, which will be the future home of the art neighbourhood, and a visit to the \u201cWe\u2019re not like them\u201d exhibition, dealing with migrations and with the concepts of the foreign and the others.<\/p>\n<p><img loading=\"lazy\" decoding=\"async\" class=\"alignnone size-full wp-image-33176\" src=\"https:\/\/rijeka2020.eu\/wp-content\/uploads\/2019\/10\/1T0A2611.jpg\" alt=\"\" width=\"2000\" height=\"1333\" srcset=\"https:\/\/ri2020.eu\/wp-content\/uploads\/2019\/10\/1T0A2611.jpg 2000w, https:\/\/ri2020.eu\/wp-content\/uploads\/2019\/10\/1T0A2611-248x165.jpg 248w, https:\/\/ri2020.eu\/wp-content\/uploads\/2019\/10\/1T0A2611-768x512.jpg 768w, https:\/\/ri2020.eu\/wp-content\/uploads\/2019\/10\/1T0A2611-1024x682.jpg 1024w, https:\/\/ri2020.eu\/wp-content\/uploads\/2019\/10\/1T0A2611-250x167.jpg 250w, https:\/\/ri2020.eu\/wp-content\/uploads\/2019\/10\/1T0A2611-420x280.jpg 420w\" sizes=\"auto, (max-width: 2000px) 100vw, 2000px\" \/><\/p>\n<p>On Wednesday, 23 October, the delegates will go on a tour of the 10 Lungomare Art flagship locations throughout the Kvarner region, where 11 permanent works of art will be installed. All of the works deal with certain specifics of the location in which they are installed, with the guiding principle being to concentrate on the aspect that is important to the local community and that links the past to the present to some extent. In this manner, facilitated by the Lungomare Art flagship of the European Capital of Culture project, contemporary art leaves the museums and meets local communities, thus creating a brand new cultural-artistic tourist route. The second day of the meeting was envisioned as a day of workshops on the topic of strengthening the capacity of the ECoC cities and the creation of lasting, sustainable collaborative projects, while the delegates of the network will also visit the CNT Ivan pl. Zajc.<\/p>\n<p>&nbsp;<\/p>\n<p><em>Photo: Tanja Kanazir<\/em><\/p>\n<p>&nbsp;<\/p>\n<p>&nbsp;<\/p>\n","protected":false},"excerpt":{"rendered":"<p>On 22 and 23 October, Rijeka will welcome the heads of projects from the cities that were, or that are yet to become European Capitals of Culture. The meeting of the Network of ECoC cities takes place twice a year in the cities that will bear this coveted title next year, so after the meeting in the Irish city of Galway held in the spring of this year, this current meeting takes place in Rijeka on Tuesday and Wednesday.<\/p>\n","protected":false},"author":72,"featured_media":33170,"comment_status":"closed","ping_status":"closed","sticky":false,"template":"","format":"standard","meta":{"_acf_changed":false,"footnotes":""},"categories":[2731],"tags":[],"class_list":["post-33166","post","type-post","status-publish","format-standard","has-post-thumbnail","hentry","category-news"],"acf":[],"yoast_head":"<!-- This site is optimized with the Yoast SEO plugin v26.8 - https:\/\/yoast.com\/product\/yoast-seo-wordpress\/ -->\n<title>More than 45 Delegates from European Capitals of Culture Meet in Rijeka &#8226; Rijeka 2020<\/title>\n<meta name=\"robots\" content=\"index, follow, max-snippet:-1, max-image-preview:large, max-video-preview:-1\" \/>\n<link rel=\"canonical\" href=\"https:\/\/ri2020.eu\/en\/delegates-from-45-european-capitals-of-culture-meet-in-rijeka\/\" \/>\n<meta property=\"og:locale\" content=\"en_US\" \/>\n<meta property=\"og:type\" content=\"article\" \/>\n<meta property=\"og:title\" content=\"More than 45 Delegates from European Capitals of Culture Meet in Rijeka &#8226; Rijeka 2020\" \/>\n<meta property=\"og:description\" content=\"On 22 and 23 October, Rijeka will welcome the heads of projects from the cities that were, or that are yet to become European Capitals of Culture. The meeting of the Network of ECoC cities takes place twice a year in the cities that will bear this coveted title next year, so after the meeting in the Irish city of Galway held in the spring of this year, this current meeting takes place in Rijeka on Tuesday and Wednesday.\" \/>\n<meta property=\"og:url\" content=\"https:\/\/ri2020.eu\/en\/delegates-from-45-european-capitals-of-culture-meet-in-rijeka\/\" \/>\n<meta property=\"og:site_name\" content=\"Rijeka 2020\" \/>\n<meta property=\"article:publisher\" content=\"https:\/\/www.facebook.com\/rijeka2020\" \/>\n<meta property=\"article:published_time\" content=\"2019-10-22T12:06:05+00:00\" \/>\n<meta property=\"article:modified_time\" content=\"2019-10-29T11:55:38+00:00\" \/>\n<meta property=\"og:image\" content=\"https:\/\/rijeka2020.eu\/wp-content\/uploads\/2019\/10\/1T0A2572-1024x682.jpg\" \/>\n\t<meta property=\"og:image:width\" content=\"1024\" \/>\n\t<meta property=\"og:image:height\" content=\"682\" \/>\n\t<meta property=\"og:image:type\" content=\"image\/jpeg\" \/>\n<meta name=\"author\" content=\"Rijeka 2020\" \/>\n<meta name=\"twitter:card\" content=\"summary_large_image\" \/>\n<meta name=\"twitter:creator\" content=\"@Rijeka2020\" \/>\n<meta name=\"twitter:site\" content=\"@Rijeka2020\" \/>\n<meta name=\"twitter:label1\" content=\"Written by\" \/>\n\t<meta name=\"twitter:data1\" content=\"Rijeka 2020\" \/>\n\t<meta name=\"twitter:label2\" content=\"Est. reading time\" \/>\n\t<meta name=\"twitter:data2\" content=\"3 minutes\" \/>\n<script type=\"application\/ld+json\" class=\"yoast-schema-graph\">{\"@context\":\"https:\/\/schema.org\",\"@graph\":[{\"@type\":\"Article\",\"@id\":\"https:\/\/ri2020.eu\/en\/delegates-from-45-european-capitals-of-culture-meet-in-rijeka\/#article\",\"isPartOf\":{\"@id\":\"https:\/\/ri2020.eu\/en\/delegates-from-45-european-capitals-of-culture-meet-in-rijeka\/\"},\"author\":{\"name\":\"Rijeka 2020\",\"@id\":\"https:\/\/rijeka2020.eu\/en\/#\/schema\/person\/9c12d91df8c45bc534f625d9c81f403d\"},\"headline\":\"More than 45 Delegates from European Capitals of Culture Meet in Rijeka\",\"datePublished\":\"2019-10-22T12:06:05+00:00\",\"dateModified\":\"2019-10-29T11:55:38+00:00\",\"mainEntityOfPage\":{\"@id\":\"https:\/\/ri2020.eu\/en\/delegates-from-45-european-capitals-of-culture-meet-in-rijeka\/\"},\"wordCount\":540,\"publisher\":{\"@id\":\"https:\/\/rijeka2020.eu\/en\/#organization\"},\"image\":{\"@id\":\"https:\/\/ri2020.eu\/en\/delegates-from-45-european-capitals-of-culture-meet-in-rijeka\/#primaryimage\"},\"thumbnailUrl\":\"https:\/\/ri2020.eu\/wp-content\/uploads\/2019\/10\/1T0A2572.jpg\",\"articleSection\":[\"News\"],\"inLanguage\":\"en-US\"},{\"@type\":\"WebPage\",\"@id\":\"https:\/\/ri2020.eu\/en\/delegates-from-45-european-capitals-of-culture-meet-in-rijeka\/\",\"url\":\"https:\/\/ri2020.eu\/en\/delegates-from-45-european-capitals-of-culture-meet-in-rijeka\/\",\"name\":\"More than 45 Delegates from European Capitals of Culture Meet in Rijeka &#8226; Rijeka 2020\",\"isPartOf\":{\"@id\":\"https:\/\/rijeka2020.eu\/en\/#website\"},\"primaryImageOfPage\":{\"@id\":\"https:\/\/ri2020.eu\/en\/delegates-from-45-european-capitals-of-culture-meet-in-rijeka\/#primaryimage\"},\"image\":{\"@id\":\"https:\/\/ri2020.eu\/en\/delegates-from-45-european-capitals-of-culture-meet-in-rijeka\/#primaryimage\"},\"thumbnailUrl\":\"https:\/\/ri2020.eu\/wp-content\/uploads\/2019\/10\/1T0A2572.jpg\",\"datePublished\":\"2019-10-22T12:06:05+00:00\",\"dateModified\":\"2019-10-29T11:55:38+00:00\",\"breadcrumb\":{\"@id\":\"https:\/\/ri2020.eu\/en\/delegates-from-45-european-capitals-of-culture-meet-in-rijeka\/#breadcrumb\"},\"inLanguage\":\"en-US\",\"potentialAction\":[{\"@type\":\"ReadAction\",\"target\":[\"https:\/\/ri2020.eu\/en\/delegates-from-45-european-capitals-of-culture-meet-in-rijeka\/\"]}]},{\"@type\":\"ImageObject\",\"inLanguage\":\"en-US\",\"@id\":\"https:\/\/ri2020.eu\/en\/delegates-from-45-european-capitals-of-culture-meet-in-rijeka\/#primaryimage\",\"url\":\"https:\/\/ri2020.eu\/wp-content\/uploads\/2019\/10\/1T0A2572.jpg\",\"contentUrl\":\"https:\/\/ri2020.eu\/wp-content\/uploads\/2019\/10\/1T0A2572.jpg\",\"width\":2000,\"height\":1333},{\"@type\":\"BreadcrumbList\",\"@id\":\"https:\/\/ri2020.eu\/en\/delegates-from-45-european-capitals-of-culture-meet-in-rijeka\/#breadcrumb\",\"itemListElement\":[{\"@type\":\"ListItem\",\"position\":1,\"name\":\"Home\",\"item\":\"https:\/\/rijeka2020.eu\/en\/\"},{\"@type\":\"ListItem\",\"position\":2,\"name\":\"More than 45 Delegates from European Capitals of Culture Meet in Rijeka\"}]},{\"@type\":\"WebSite\",\"@id\":\"https:\/\/rijeka2020.eu\/en\/#website\",\"url\":\"https:\/\/rijeka2020.eu\/en\/\",\"name\":\"Rijeka 2020\",\"description\":\"Europska prijestolnica kulture\",\"publisher\":{\"@id\":\"https:\/\/rijeka2020.eu\/en\/#organization\"},\"potentialAction\":[{\"@type\":\"SearchAction\",\"target\":{\"@type\":\"EntryPoint\",\"urlTemplate\":\"https:\/\/rijeka2020.eu\/en\/?s={search_term_string}\"},\"query-input\":{\"@type\":\"PropertyValueSpecification\",\"valueRequired\":true,\"valueName\":\"search_term_string\"}}],\"inLanguage\":\"en-US\"},{\"@type\":\"Organization\",\"@id\":\"https:\/\/rijeka2020.eu\/en\/#organization\",\"name\":\"Rijeka 2020 d.o.o.\",\"url\":\"https:\/\/rijeka2020.eu\/en\/\",\"logo\":{\"@type\":\"ImageObject\",\"inLanguage\":\"en-US\",\"@id\":\"https:\/\/rijeka2020.eu\/en\/#\/schema\/logo\/image\/\",\"url\":\"https:\/\/rijeka2020.eu\/wp-content\/uploads\/2018\/07\/Ri2020-logo.png\",\"contentUrl\":\"https:\/\/rijeka2020.eu\/wp-content\/uploads\/2018\/07\/Ri2020-logo.png\",\"width\":407,\"height\":175,\"caption\":\"Rijeka 2020 d.o.o.\"},\"image\":{\"@id\":\"https:\/\/rijeka2020.eu\/en\/#\/schema\/logo\/image\/\"},\"sameAs\":[\"https:\/\/www.facebook.com\/rijeka2020\",\"https:\/\/x.com\/Rijeka2020\",\"https:\/\/www.instagram.com\/rijeka2020\/\",\"https:\/\/www.youtube.com\/user\/riepk2020\"]},{\"@type\":\"Person\",\"@id\":\"https:\/\/rijeka2020.eu\/en\/#\/schema\/person\/9c12d91df8c45bc534f625d9c81f403d\",\"name\":\"Rijeka 2020\",\"url\":\"https:\/\/ri2020.eu\/en\/author\/lsm\/\"}]}<\/script>\n<!-- \/ Yoast SEO plugin. -->","yoast_head_json":{"title":"More than 45 Delegates from European Capitals of Culture Meet in Rijeka &#8226; Rijeka 2020","robots":{"index":"index","follow":"follow","max-snippet":"max-snippet:-1","max-image-preview":"max-image-preview:large","max-video-preview":"max-video-preview:-1"},"canonical":"https:\/\/ri2020.eu\/en\/delegates-from-45-european-capitals-of-culture-meet-in-rijeka\/","og_locale":"en_US","og_type":"article","og_title":"More than 45 Delegates from European Capitals of Culture Meet in Rijeka &#8226; Rijeka 2020","og_description":"On 22 and 23 October, Rijeka will welcome the heads of projects from the cities that were, or that are yet to become European Capitals of Culture. The meeting of the Network of ECoC cities takes place twice a year in the cities that will bear this coveted title next year, so after the meeting in the Irish city of Galway held in the spring of this year, this current meeting takes place in Rijeka on Tuesday and Wednesday.","og_url":"https:\/\/ri2020.eu\/en\/delegates-from-45-european-capitals-of-culture-meet-in-rijeka\/","og_site_name":"Rijeka 2020","article_publisher":"https:\/\/www.facebook.com\/rijeka2020","article_published_time":"2019-10-22T12:06:05+00:00","article_modified_time":"2019-10-29T11:55:38+00:00","og_image":[{"width":1024,"height":682,"url":"https:\/\/rijeka2020.eu\/wp-content\/uploads\/2019\/10\/1T0A2572-1024x682.jpg","type":"image\/jpeg"}],"author":"Rijeka 2020","twitter_card":"summary_large_image","twitter_creator":"@Rijeka2020","twitter_site":"@Rijeka2020","twitter_misc":{"Written by":"Rijeka 2020","Est. reading time":"3 minutes"},"schema":{"@context":"https:\/\/schema.org","@graph":[{"@type":"Article","@id":"https:\/\/ri2020.eu\/en\/delegates-from-45-european-capitals-of-culture-meet-in-rijeka\/#article","isPartOf":{"@id":"https:\/\/ri2020.eu\/en\/delegates-from-45-european-capitals-of-culture-meet-in-rijeka\/"},"author":{"name":"Rijeka 2020","@id":"https:\/\/rijeka2020.eu\/en\/#\/schema\/person\/9c12d91df8c45bc534f625d9c81f403d"},"headline":"More than 45 Delegates from European Capitals of Culture Meet in Rijeka","datePublished":"2019-10-22T12:06:05+00:00","dateModified":"2019-10-29T11:55:38+00:00","mainEntityOfPage":{"@id":"https:\/\/ri2020.eu\/en\/delegates-from-45-european-capitals-of-culture-meet-in-rijeka\/"},"wordCount":540,"publisher":{"@id":"https:\/\/rijeka2020.eu\/en\/#organization"},"image":{"@id":"https:\/\/ri2020.eu\/en\/delegates-from-45-european-capitals-of-culture-meet-in-rijeka\/#primaryimage"},"thumbnailUrl":"https:\/\/ri2020.eu\/wp-content\/uploads\/2019\/10\/1T0A2572.jpg","articleSection":["News"],"inLanguage":"en-US"},{"@type":"WebPage","@id":"https:\/\/ri2020.eu\/en\/delegates-from-45-european-capitals-of-culture-meet-in-rijeka\/","url":"https:\/\/ri2020.eu\/en\/delegates-from-45-european-capitals-of-culture-meet-in-rijeka\/","name":"More than 45 Delegates from European Capitals of Culture Meet in Rijeka &#8226; Rijeka 2020","isPartOf":{"@id":"https:\/\/rijeka2020.eu\/en\/#website"},"primaryImageOfPage":{"@id":"https:\/\/ri2020.eu\/en\/delegates-from-45-european-capitals-of-culture-meet-in-rijeka\/#primaryimage"},"image":{"@id":"https:\/\/ri2020.eu\/en\/delegates-from-45-european-capitals-of-culture-meet-in-rijeka\/#primaryimage"},"thumbnailUrl":"https:\/\/ri2020.eu\/wp-content\/uploads\/2019\/10\/1T0A2572.jpg","datePublished":"2019-10-22T12:06:05+00:00","dateModified":"2019-10-29T11:55:38+00:00","breadcrumb":{"@id":"https:\/\/ri2020.eu\/en\/delegates-from-45-european-capitals-of-culture-meet-in-rijeka\/#breadcrumb"},"inLanguage":"en-US","potentialAction":[{"@type":"ReadAction","target":["https:\/\/ri2020.eu\/en\/delegates-from-45-european-capitals-of-culture-meet-in-rijeka\/"]}]},{"@type":"ImageObject","inLanguage":"en-US","@id":"https:\/\/ri2020.eu\/en\/delegates-from-45-european-capitals-of-culture-meet-in-rijeka\/#primaryimage","url":"https:\/\/ri2020.eu\/wp-content\/uploads\/2019\/10\/1T0A2572.jpg","contentUrl":"https:\/\/ri2020.eu\/wp-content\/uploads\/2019\/10\/1T0A2572.jpg","width":2000,"height":1333},{"@type":"BreadcrumbList","@id":"https:\/\/ri2020.eu\/en\/delegates-from-45-european-capitals-of-culture-meet-in-rijeka\/#breadcrumb","itemListElement":[{"@type":"ListItem","position":1,"name":"Home","item":"https:\/\/rijeka2020.eu\/en\/"},{"@type":"ListItem","position":2,"name":"More than 45 Delegates from European Capitals of Culture Meet in Rijeka"}]},{"@type":"WebSite","@id":"https:\/\/rijeka2020.eu\/en\/#website","url":"https:\/\/rijeka2020.eu\/en\/","name":"Rijeka 2020","description":"Europska prijestolnica kulture","publisher":{"@id":"https:\/\/rijeka2020.eu\/en\/#organization"},"potentialAction":[{"@type":"SearchAction","target":{"@type":"EntryPoint","urlTemplate":"https:\/\/rijeka2020.eu\/en\/?s={search_term_string}"},"query-input":{"@type":"PropertyValueSpecification","valueRequired":true,"valueName":"search_term_string"}}],"inLanguage":"en-US"},{"@type":"Organization","@id":"https:\/\/rijeka2020.eu\/en\/#organization","name":"Rijeka 2020 d.o.o.","url":"https:\/\/rijeka2020.eu\/en\/","logo":{"@type":"ImageObject","inLanguage":"en-US","@id":"https:\/\/rijeka2020.eu\/en\/#\/schema\/logo\/image\/","url":"https:\/\/rijeka2020.eu\/wp-content\/uploads\/2018\/07\/Ri2020-logo.png","contentUrl":"https:\/\/rijeka2020.eu\/wp-content\/uploads\/2018\/07\/Ri2020-logo.png","width":407,"height":175,"caption":"Rijeka 2020 d.o.o."},"image":{"@id":"https:\/\/rijeka2020.eu\/en\/#\/schema\/logo\/image\/"},"sameAs":["https:\/\/www.facebook.com\/rijeka2020","https:\/\/x.com\/Rijeka2020","https:\/\/www.instagram.com\/rijeka2020\/","https:\/\/www.youtube.com\/user\/riepk2020"]},{"@type":"Person","@id":"https:\/\/rijeka2020.eu\/en\/#\/schema\/person\/9c12d91df8c45bc534f625d9c81f403d","name":"Rijeka 2020","url":"https:\/\/ri2020.eu\/en\/author\/lsm\/"}]}},"_links":{"self":[{"href":"https:\/\/ri2020.eu\/en\/wp-json\/wp\/v2\/posts\/33166","targetHints":{"allow":["GET"]}}],"collection":[{"href":"https:\/\/ri2020.eu\/en\/wp-json\/wp\/v2\/posts"}],"about":[{"href":"https:\/\/ri2020.eu\/en\/wp-json\/wp\/v2\/types\/post"}],"author":[{"embeddable":true,"href":"https:\/\/ri2020.eu\/en\/wp-json\/wp\/v2\/users\/72"}],"replies":[{"embeddable":true,"href":"https:\/\/ri2020.eu\/en\/wp-json\/wp\/v2\/comments?post=33166"}],"version-history":[{"count":0,"href":"https:\/\/ri2020.eu\/en\/wp-json\/wp\/v2\/posts\/33166\/revisions"}],"wp:featuredmedia":[{"embeddable":true,"href":"https:\/\/ri2020.eu\/en\/wp-json\/wp\/v2\/media\/33170"}],"wp:attachment":[{"href":"https:\/\/ri2020.eu\/en\/wp-json\/wp\/v2\/media?parent=33166"}],"wp:term":[{"taxonomy":"category","embeddable":true,"href":"https:\/\/ri2020.eu\/en\/wp-json\/wp\/v2\/categories?post=33166"},{"taxonomy":"post_tag","embeddable":true,"href":"https:\/\/ri2020.eu\/en\/wp-json\/wp\/v2\/tags?post=33166"}],"curies":[{"name":"wp","href":"https:\/\/api.w.org\/{rel}","templated":true}]}}