{"id":33159,"date":"2019-10-17T13:52:35","date_gmt":"2019-10-17T11:52:35","guid":{"rendered":"https:\/\/rijeka2020.eu\/?p=33159"},"modified":"2019-10-28T13:53:07","modified_gmt":"2019-10-28T12:53:07","slug":"seasons-of-power-the-complex-and-complicated-curve-of-life-that-carries-rijekas-messages-to-europe","status":"publish","type":"post","link":"https:\/\/ri2020.eu\/en\/seasons-of-power-the-complex-and-complicated-curve-of-life-that-carries-rijekas-messages-to-europe\/","title":{"rendered":"Seasons of Power \u2013 The Complex and Complicated Curve of Life that Carries Rijeka\u2019s messages to Europe"},"content":{"rendered":"<blockquote><p>This isn\u2019t a flagship; it is the complex and complicated curve of life<\/p><\/blockquote>\n<p>&#8211; said Ivan \u0160arar, Head of the City of Rijeka Department of Culture in his introductory remarks at today\u2019s announcement of a series of exhibitions, plays and artistic actions that will take place during 2020 under the unique Seasons of Power flagship of Rijeka\u2019s European Capital of Culture programme.<\/p>\n<p>As was pointed out, the core of this programme is raising the issue of the city\u2019s self-conceptualisation. It has to do with asking the questions on how much Rijeka was built up or torn down by the powers that be, and to what extent the underlying emotions are suppressed or exaggerated.<\/p>\n<blockquote><p>A city at the crossroads of civilisations, a rare part of the world which has always been a colonised spot on the map of Europe. Even this moment in history, or modernity, is the first one where Rijeka is developing locally, from within. But, no matter how hostile the past epochs may have been towards the local population, today we are putting the physical and infrastructural heritage of these epochs to great use. The fact of the matter is that, throughout history, all the rulers of our city have been instrumental in building some part of the city for us all to enjoy today.<\/p><\/blockquote>\n<p><em>\u2013\u00a0<\/em>Thus the context and the framework of the Seasons of Power flagship were outlined by Mr. \u0160arar, who pointed out that it is a powerful strand of the ECoC programme, bringing the focus of attention to historical and contemporary topics of power, and dealing as much with the destructive as the creative power of both individuals and systems.<\/p>\n<p><strong>Emina Vi\u0161ni\u0107, the CEO of Rijeka 2020<\/strong>, explained that this programme strand represents the city\u2019s strong message to Europe that Rijeka indeed does have much to offer.<\/p>\n<blockquote><p>Today we are all witnesses of the resurgence of some issues that we thought belonged to the past, such as the issue of borders, the relations towards minorities of any kind, interpersonal relations, etc. We will do our best to try to shed more light on all the issues being dealt with under this particular flagship. The answers and the messages we are sending out to Europe can be found in this programme.<\/p><\/blockquote>\n<p>\u2013 Vi\u0161ni\u0107 pointed out.<\/p>\n<p>After she thanked the numerous partners involved, the head of the ECoC project reminded everyone of the programmes that will be taking place in 2020, such as the\u00a0<strong>Needcompany Festival<\/strong>\u00a0which will feature one of the world\u2019s leading ensembles staging three prominent plays, along with an impressive audio-visual installation entitled\u00a0<strong>Anachronic Bath House<\/strong>\u00a0by one of the world\u2019s most prominent composers of contemporary music\u00a0<strong>Heiner Goebbels<\/strong>. Vi\u0161ni\u0107 mentioned\u00a0<strong>some of the many establishments and organisations involved in the programme-related activities, for example, the Art Cinema who will host a film festival which follows the themes of the Seasons of Power flagship of Rijeka 2020, or the University of Rijeka\u2019s Faculty of Humanities and Social Sciences who will host two large-scale conferences named The Time Capsules<\/strong>.<\/p>\n<p><img loading=\"lazy\" decoding=\"async\" class=\"alignnone size-full wp-image-32878\" src=\"https:\/\/rijeka2020.eu\/wp-content\/uploads\/2019\/10\/Doba-Mo\u0107i-press-konferencija.jpg\" alt=\"\" width=\"2048\" height=\"1365\" srcset=\"https:\/\/ri2020.eu\/wp-content\/uploads\/2019\/10\/Doba-Mo\u0107i-press-konferencija.jpg 2048w, https:\/\/ri2020.eu\/wp-content\/uploads\/2019\/10\/Doba-Mo\u0107i-press-konferencija-248x165.jpg 248w, https:\/\/ri2020.eu\/wp-content\/uploads\/2019\/10\/Doba-Mo\u0107i-press-konferencija-768x512.jpg 768w, https:\/\/ri2020.eu\/wp-content\/uploads\/2019\/10\/Doba-Mo\u0107i-press-konferencija-1024x683.jpg 1024w, https:\/\/ri2020.eu\/wp-content\/uploads\/2019\/10\/Doba-Mo\u0107i-press-konferencija-250x167.jpg 250w, https:\/\/ri2020.eu\/wp-content\/uploads\/2019\/10\/Doba-Mo\u0107i-press-konferencija-420x280.jpg 420w\" sizes=\"auto, (max-width: 2048px) 100vw, 2048px\" \/><\/p>\n<p><strong>Marin Bla\u017eevi\u0107, the Artistic Director of CNT Ivan pl. Zajc<\/strong>\u00a0answering the question, \u201cwhat does Rijeka have to say to Europe?\u201d, singled out a play which is a reinterpretation of the legendary play entitled\u00a0<strong>Practicing Life (Vje\u017ebanje \u017eivota)<\/strong>\u00a0which in fact talks about power relations and borders. He pointed out that the reinterpreted play talks about the social, historical and cultural complexities of Rijeka, while in its original format it influenced the transitional history of the city. It is a legendary play that will be performed again for the second time after 30 years of absence from our stage.<\/p>\n<p>Bla\u017eevi\u0107 also mentioned the ballet\u00a0<strong>Burning Water by Andonis Foniadakis<\/strong>\u00a0that deals with influences of power within the environmental sphere, the staging of the opera\u00a0<strong>Tristan &amp; Isolde directed by Anne Bogart<\/strong>, and the play\u00a0<strong>We Will Both Fly Away if I Tell You What Happened, directed by Janez Jan\u0161a\u00a0<\/strong>about the Artistic Director of the Ballet of the Slovene National Theatre who became an arms dealer.<\/p>\n<p>The topic of borders was also the centrepiece of a presentation by\u00a0<strong>Nikolina Radi\u0107 \u0160tivi\u0107, Director of the Maritime and History Museum of the Croatian Littoral<\/strong>\u00a0who pointed out that the Seasons of Power flagship is de facto already underway, because September 12 saw the opening of the\u00a0<strong>D\u2019Annunzio\u2019s Martyr<\/strong> exhibition. She also announced another exhibition\u00a0<strong>Violins Above Borders \/ Stradivari in Rijeka \u2013 Kresnik and Cremona<\/strong>\u00a0which opens on 6 December. In Kresnik\u2019s honour and thanks to the help of the Consulate General of the Italian Republic to the Republic of Croatia in Rijeka, the exhibition will, among other things, showcase 11 Kresnik\u2019s violins, as well as those built by Stradivari. In her final remarks, Radi\u0107 \u0160tivi\u0107 also announced a large exhibition entitled\u00a0<strong>Borders \u2013 Between Order and Chaos\u00a0<\/strong>that awaits us in June of 2020.<\/p>\n<p><strong>Ervin Dubrovi\u0107, Director of Rijeka City Museum<\/strong>\u00a0presented the future permanent exhibition at\u00a0<strong>the Sugar Refinery Palace<\/strong>\u00a0which will be dealing with the history of the city in the 18<sup>th<\/sup>, 19<sup>th<\/sup> and 20<sup>th <\/sup>century when the city\u2019s economic power was on the rise. Dubrovi\u0107 also spoke on the future exhibition on the ship\u00a0<strong>Galeb<\/strong>\u00a0which will thematise the concept of power through the lens of expanding a small country\u2019s impact on a global scale.<\/p>\n<blockquote><p>The exhibition on Galeb will not be raising the question of Tito as a hero or a criminal but will portray him as a man who made a small federalized country, which also included Croatia, an important and recognised factor in the global arena.<\/p><\/blockquote>\n<p>\u2013 Dubrovi\u0107 said.<\/p>\n<p><strong>Ivo Matuli\u0107, Acting Director of the Museum of Modern and Contemporary Art\u00a0<\/strong>\u00a0spoke on the programmes being implemented within the Seasons of Power flagship and organised by MMCA, such as the large exhibition\u00a0<strong>The 90s: Scars<\/strong>\u00a0which deals with fine arts in a specific time and place: the \u201890s in the countries of Eastern Europe. He also announced\u00a0<strong>the 3<sup>rd<\/sup> Industrial Art Biennial<\/strong>\u00a0as well as numerous other artistic interventions ahead of us. Among the numerous programmes, one more event worth singling out is a retrospective exhibition by Sanja Ivekovi\u0107, one of the most important artists in Croatia and the region. The exhibition Documents 1977 &#8211; 2019 opens in January of 2021, and it will feature her works dating from the 1970s until today. Matuli\u0107 also reminded us that, within a preliminary programme, the MMCA has already showcased the works of\u00a0<strong>Tomislav Gotovac, Goran Trbuljak and Vlado Martek<\/strong>, while an exhibition by\u00a0<strong>Goran Petrcol<\/strong> is also in the works.<\/p>\n<p>The Seasons of Power flagship represents<strong>\u00a0not only a mirror of Rijeka, but also a mirror of Europe within the context of its many power relations.<\/strong>\u00a0This flagship is probably the one encompassing the most programmes because it uses numerous and varied performances to introduce the audience to the topic of the Seasons of Power:\u00a0<strong>from historical and art exhibitions, through world-class theatrical, dance and opera performances to artistic interventions and conferences<\/strong>.<\/p>\n<blockquote><p>We have ahead of us the great undertaking of implementing this demanding project.<\/p><\/blockquote>\n<p>&#8211; said\u00a0<strong>Emina Vi\u0161ni\u0107<\/strong>,\u00a0<strong>the CEO of Rijeka 2020<\/strong>, while also taking the opportunity to publicly congratulate everyone involved in the project on winning the\u00a0<strong>Melina Mercouri award<\/strong>\u00a0worth \u20ac1.5 million, which was granted to Rijeka by the\u00a0<strong>European Commission\u2019s expert panel monitoring the implementation of the ECoC project<\/strong>.<\/p>\n","protected":false},"excerpt":{"rendered":"<p>Already in the preparatory stages of the candidature for the title of the European Capital of Culture, The Seasons of Power flagship has proven to be one of the most powerful programme strands. Complex and challenging as it is, it is already causing contention, touching upon topics such as Tito\u2019s ship Galeb, or the D\u2019Annunzio\u2019s Martyr exhibition.<\/p>\n","protected":false},"author":72,"featured_media":32878,"comment_status":"closed","ping_status":"closed","sticky":false,"template":"","format":"standard","meta":{"_acf_changed":false,"footnotes":""},"categories":[2731],"tags":[],"class_list":["post-33159","post","type-post","status-publish","format-standard","has-post-thumbnail","hentry","category-news"],"acf":[],"yoast_head":"<!-- This site is optimized with the Yoast SEO plugin v26.8 - https:\/\/yoast.com\/product\/yoast-seo-wordpress\/ -->\n<title>Seasons of Power \u2013 The Complex and Complicated Curve of Life that Carries Rijeka\u2019s messages to Europe &#8226; Rijeka 2020<\/title>\n<meta name=\"robots\" content=\"index, follow, max-snippet:-1, max-image-preview:large, max-video-preview:-1\" \/>\n<link rel=\"canonical\" href=\"https:\/\/ri2020.eu\/en\/seasons-of-power-the-complex-and-complicated-curve-of-life-that-carries-rijekas-messages-to-europe\/\" \/>\n<meta property=\"og:locale\" content=\"en_US\" \/>\n<meta property=\"og:type\" content=\"article\" \/>\n<meta property=\"og:title\" content=\"Seasons of Power \u2013 The Complex and Complicated Curve of Life that Carries Rijeka\u2019s messages to Europe &#8226; Rijeka 2020\" \/>\n<meta property=\"og:description\" content=\"Already in the preparatory stages of the candidature for the title of the European Capital of Culture, The Seasons of Power flagship has proven to be one of the most powerful programme strands. Complex and challenging as it is, it is already causing contention, touching upon topics such as Tito\u2019s ship Galeb, or the D\u2019Annunzio\u2019s Martyr exhibition.\" \/>\n<meta property=\"og:url\" content=\"https:\/\/ri2020.eu\/en\/seasons-of-power-the-complex-and-complicated-curve-of-life-that-carries-rijekas-messages-to-europe\/\" \/>\n<meta property=\"og:site_name\" content=\"Rijeka 2020\" \/>\n<meta property=\"article:publisher\" content=\"https:\/\/www.facebook.com\/rijeka2020\" \/>\n<meta property=\"article:published_time\" content=\"2019-10-17T11:52:35+00:00\" \/>\n<meta property=\"article:modified_time\" content=\"2019-10-28T12:53:07+00:00\" \/>\n<meta property=\"og:image\" content=\"https:\/\/rijeka2020.eu\/wp-content\/uploads\/2019\/10\/Doba-Mo\u0107i-press-konferencija.jpg\" \/>\n\t<meta property=\"og:image:width\" content=\"2048\" \/>\n\t<meta property=\"og:image:height\" content=\"1365\" \/>\n\t<meta property=\"og:image:type\" content=\"image\/jpeg\" \/>\n<meta name=\"author\" content=\"Rijeka 2020\" \/>\n<meta name=\"twitter:card\" content=\"summary_large_image\" \/>\n<meta name=\"twitter:creator\" content=\"@Rijeka2020\" \/>\n<meta name=\"twitter:site\" content=\"@Rijeka2020\" \/>\n<meta name=\"twitter:label1\" content=\"Written by\" \/>\n\t<meta name=\"twitter:data1\" content=\"Rijeka 2020\" \/>\n\t<meta name=\"twitter:label2\" content=\"Est. reading time\" \/>\n\t<meta name=\"twitter:data2\" content=\"6 minutes\" \/>\n<script type=\"application\/ld+json\" class=\"yoast-schema-graph\">{\"@context\":\"https:\/\/schema.org\",\"@graph\":[{\"@type\":\"Article\",\"@id\":\"https:\/\/ri2020.eu\/en\/seasons-of-power-the-complex-and-complicated-curve-of-life-that-carries-rijekas-messages-to-europe\/#article\",\"isPartOf\":{\"@id\":\"https:\/\/ri2020.eu\/en\/seasons-of-power-the-complex-and-complicated-curve-of-life-that-carries-rijekas-messages-to-europe\/\"},\"author\":{\"name\":\"Rijeka 2020\",\"@id\":\"https:\/\/rijeka2020.eu\/en\/#\/schema\/person\/9c12d91df8c45bc534f625d9c81f403d\"},\"headline\":\"Seasons of Power \u2013 The Complex and Complicated Curve of Life that Carries Rijeka\u2019s messages to Europe\",\"datePublished\":\"2019-10-17T11:52:35+00:00\",\"dateModified\":\"2019-10-28T12:53:07+00:00\",\"mainEntityOfPage\":{\"@id\":\"https:\/\/ri2020.eu\/en\/seasons-of-power-the-complex-and-complicated-curve-of-life-that-carries-rijekas-messages-to-europe\/\"},\"wordCount\":1242,\"publisher\":{\"@id\":\"https:\/\/rijeka2020.eu\/en\/#organization\"},\"image\":{\"@id\":\"https:\/\/ri2020.eu\/en\/seasons-of-power-the-complex-and-complicated-curve-of-life-that-carries-rijekas-messages-to-europe\/#primaryimage\"},\"thumbnailUrl\":\"https:\/\/ri2020.eu\/wp-content\/uploads\/2019\/10\/Doba-Mo\u0107i-press-konferencija.jpg\",\"articleSection\":[\"News\"],\"inLanguage\":\"en-US\"},{\"@type\":\"WebPage\",\"@id\":\"https:\/\/ri2020.eu\/en\/seasons-of-power-the-complex-and-complicated-curve-of-life-that-carries-rijekas-messages-to-europe\/\",\"url\":\"https:\/\/ri2020.eu\/en\/seasons-of-power-the-complex-and-complicated-curve-of-life-that-carries-rijekas-messages-to-europe\/\",\"name\":\"Seasons of Power \u2013 The Complex and Complicated Curve of Life that Carries Rijeka\u2019s messages to Europe &#8226; Rijeka 2020\",\"isPartOf\":{\"@id\":\"https:\/\/rijeka2020.eu\/en\/#website\"},\"primaryImageOfPage\":{\"@id\":\"https:\/\/ri2020.eu\/en\/seasons-of-power-the-complex-and-complicated-curve-of-life-that-carries-rijekas-messages-to-europe\/#primaryimage\"},\"image\":{\"@id\":\"https:\/\/ri2020.eu\/en\/seasons-of-power-the-complex-and-complicated-curve-of-life-that-carries-rijekas-messages-to-europe\/#primaryimage\"},\"thumbnailUrl\":\"https:\/\/ri2020.eu\/wp-content\/uploads\/2019\/10\/Doba-Mo\u0107i-press-konferencija.jpg\",\"datePublished\":\"2019-10-17T11:52:35+00:00\",\"dateModified\":\"2019-10-28T12:53:07+00:00\",\"breadcrumb\":{\"@id\":\"https:\/\/ri2020.eu\/en\/seasons-of-power-the-complex-and-complicated-curve-of-life-that-carries-rijekas-messages-to-europe\/#breadcrumb\"},\"inLanguage\":\"en-US\",\"potentialAction\":[{\"@type\":\"ReadAction\",\"target\":[\"https:\/\/ri2020.eu\/en\/seasons-of-power-the-complex-and-complicated-curve-of-life-that-carries-rijekas-messages-to-europe\/\"]}]},{\"@type\":\"ImageObject\",\"inLanguage\":\"en-US\",\"@id\":\"https:\/\/ri2020.eu\/en\/seasons-of-power-the-complex-and-complicated-curve-of-life-that-carries-rijekas-messages-to-europe\/#primaryimage\",\"url\":\"https:\/\/ri2020.eu\/wp-content\/uploads\/2019\/10\/Doba-Mo\u0107i-press-konferencija.jpg\",\"contentUrl\":\"https:\/\/ri2020.eu\/wp-content\/uploads\/2019\/10\/Doba-Mo\u0107i-press-konferencija.jpg\",\"width\":2048,\"height\":1365},{\"@type\":\"BreadcrumbList\",\"@id\":\"https:\/\/ri2020.eu\/en\/seasons-of-power-the-complex-and-complicated-curve-of-life-that-carries-rijekas-messages-to-europe\/#breadcrumb\",\"itemListElement\":[{\"@type\":\"ListItem\",\"position\":1,\"name\":\"Home\",\"item\":\"https:\/\/rijeka2020.eu\/en\/\"},{\"@type\":\"ListItem\",\"position\":2,\"name\":\"Seasons of Power \u2013 The Complex and Complicated Curve of Life that Carries Rijeka\u2019s messages to Europe\"}]},{\"@type\":\"WebSite\",\"@id\":\"https:\/\/rijeka2020.eu\/en\/#website\",\"url\":\"https:\/\/rijeka2020.eu\/en\/\",\"name\":\"Rijeka 2020\",\"description\":\"Europska prijestolnica kulture\",\"publisher\":{\"@id\":\"https:\/\/rijeka2020.eu\/en\/#organization\"},\"potentialAction\":[{\"@type\":\"SearchAction\",\"target\":{\"@type\":\"EntryPoint\",\"urlTemplate\":\"https:\/\/rijeka2020.eu\/en\/?s={search_term_string}\"},\"query-input\":{\"@type\":\"PropertyValueSpecification\",\"valueRequired\":true,\"valueName\":\"search_term_string\"}}],\"inLanguage\":\"en-US\"},{\"@type\":\"Organization\",\"@id\":\"https:\/\/rijeka2020.eu\/en\/#organization\",\"name\":\"Rijeka 2020 d.o.o.\",\"url\":\"https:\/\/rijeka2020.eu\/en\/\",\"logo\":{\"@type\":\"ImageObject\",\"inLanguage\":\"en-US\",\"@id\":\"https:\/\/rijeka2020.eu\/en\/#\/schema\/logo\/image\/\",\"url\":\"https:\/\/rijeka2020.eu\/wp-content\/uploads\/2018\/07\/Ri2020-logo.png\",\"contentUrl\":\"https:\/\/rijeka2020.eu\/wp-content\/uploads\/2018\/07\/Ri2020-logo.png\",\"width\":407,\"height\":175,\"caption\":\"Rijeka 2020 d.o.o.\"},\"image\":{\"@id\":\"https:\/\/rijeka2020.eu\/en\/#\/schema\/logo\/image\/\"},\"sameAs\":[\"https:\/\/www.facebook.com\/rijeka2020\",\"https:\/\/x.com\/Rijeka2020\",\"https:\/\/www.instagram.com\/rijeka2020\/\",\"https:\/\/www.youtube.com\/user\/riepk2020\"]},{\"@type\":\"Person\",\"@id\":\"https:\/\/rijeka2020.eu\/en\/#\/schema\/person\/9c12d91df8c45bc534f625d9c81f403d\",\"name\":\"Rijeka 2020\",\"url\":\"https:\/\/ri2020.eu\/en\/author\/lsm\/\"}]}<\/script>\n<!-- \/ Yoast SEO plugin. -->","yoast_head_json":{"title":"Seasons of Power \u2013 The Complex and Complicated Curve of Life that Carries Rijeka\u2019s messages to Europe &#8226; Rijeka 2020","robots":{"index":"index","follow":"follow","max-snippet":"max-snippet:-1","max-image-preview":"max-image-preview:large","max-video-preview":"max-video-preview:-1"},"canonical":"https:\/\/ri2020.eu\/en\/seasons-of-power-the-complex-and-complicated-curve-of-life-that-carries-rijekas-messages-to-europe\/","og_locale":"en_US","og_type":"article","og_title":"Seasons of Power \u2013 The Complex and Complicated Curve of Life that Carries Rijeka\u2019s messages to Europe &#8226; Rijeka 2020","og_description":"Already in the preparatory stages of the candidature for the title of the European Capital of Culture, The Seasons of Power flagship has proven to be one of the most powerful programme strands. Complex and challenging as it is, it is already causing contention, touching upon topics such as Tito\u2019s ship Galeb, or the D\u2019Annunzio\u2019s Martyr exhibition.","og_url":"https:\/\/ri2020.eu\/en\/seasons-of-power-the-complex-and-complicated-curve-of-life-that-carries-rijekas-messages-to-europe\/","og_site_name":"Rijeka 2020","article_publisher":"https:\/\/www.facebook.com\/rijeka2020","article_published_time":"2019-10-17T11:52:35+00:00","article_modified_time":"2019-10-28T12:53:07+00:00","og_image":[{"width":2048,"height":1365,"url":"https:\/\/rijeka2020.eu\/wp-content\/uploads\/2019\/10\/Doba-Mo\u0107i-press-konferencija.jpg","type":"image\/jpeg"}],"author":"Rijeka 2020","twitter_card":"summary_large_image","twitter_creator":"@Rijeka2020","twitter_site":"@Rijeka2020","twitter_misc":{"Written by":"Rijeka 2020","Est. reading time":"6 minutes"},"schema":{"@context":"https:\/\/schema.org","@graph":[{"@type":"Article","@id":"https:\/\/ri2020.eu\/en\/seasons-of-power-the-complex-and-complicated-curve-of-life-that-carries-rijekas-messages-to-europe\/#article","isPartOf":{"@id":"https:\/\/ri2020.eu\/en\/seasons-of-power-the-complex-and-complicated-curve-of-life-that-carries-rijekas-messages-to-europe\/"},"author":{"name":"Rijeka 2020","@id":"https:\/\/rijeka2020.eu\/en\/#\/schema\/person\/9c12d91df8c45bc534f625d9c81f403d"},"headline":"Seasons of Power \u2013 The Complex and Complicated Curve of Life that Carries Rijeka\u2019s messages to Europe","datePublished":"2019-10-17T11:52:35+00:00","dateModified":"2019-10-28T12:53:07+00:00","mainEntityOfPage":{"@id":"https:\/\/ri2020.eu\/en\/seasons-of-power-the-complex-and-complicated-curve-of-life-that-carries-rijekas-messages-to-europe\/"},"wordCount":1242,"publisher":{"@id":"https:\/\/rijeka2020.eu\/en\/#organization"},"image":{"@id":"https:\/\/ri2020.eu\/en\/seasons-of-power-the-complex-and-complicated-curve-of-life-that-carries-rijekas-messages-to-europe\/#primaryimage"},"thumbnailUrl":"https:\/\/ri2020.eu\/wp-content\/uploads\/2019\/10\/Doba-Mo\u0107i-press-konferencija.jpg","articleSection":["News"],"inLanguage":"en-US"},{"@type":"WebPage","@id":"https:\/\/ri2020.eu\/en\/seasons-of-power-the-complex-and-complicated-curve-of-life-that-carries-rijekas-messages-to-europe\/","url":"https:\/\/ri2020.eu\/en\/seasons-of-power-the-complex-and-complicated-curve-of-life-that-carries-rijekas-messages-to-europe\/","name":"Seasons of Power \u2013 The Complex and Complicated Curve of Life that Carries Rijeka\u2019s messages to Europe &#8226; Rijeka 2020","isPartOf":{"@id":"https:\/\/rijeka2020.eu\/en\/#website"},"primaryImageOfPage":{"@id":"https:\/\/ri2020.eu\/en\/seasons-of-power-the-complex-and-complicated-curve-of-life-that-carries-rijekas-messages-to-europe\/#primaryimage"},"image":{"@id":"https:\/\/ri2020.eu\/en\/seasons-of-power-the-complex-and-complicated-curve-of-life-that-carries-rijekas-messages-to-europe\/#primaryimage"},"thumbnailUrl":"https:\/\/ri2020.eu\/wp-content\/uploads\/2019\/10\/Doba-Mo\u0107i-press-konferencija.jpg","datePublished":"2019-10-17T11:52:35+00:00","dateModified":"2019-10-28T12:53:07+00:00","breadcrumb":{"@id":"https:\/\/ri2020.eu\/en\/seasons-of-power-the-complex-and-complicated-curve-of-life-that-carries-rijekas-messages-to-europe\/#breadcrumb"},"inLanguage":"en-US","potentialAction":[{"@type":"ReadAction","target":["https:\/\/ri2020.eu\/en\/seasons-of-power-the-complex-and-complicated-curve-of-life-that-carries-rijekas-messages-to-europe\/"]}]},{"@type":"ImageObject","inLanguage":"en-US","@id":"https:\/\/ri2020.eu\/en\/seasons-of-power-the-complex-and-complicated-curve-of-life-that-carries-rijekas-messages-to-europe\/#primaryimage","url":"https:\/\/ri2020.eu\/wp-content\/uploads\/2019\/10\/Doba-Mo\u0107i-press-konferencija.jpg","contentUrl":"https:\/\/ri2020.eu\/wp-content\/uploads\/2019\/10\/Doba-Mo\u0107i-press-konferencija.jpg","width":2048,"height":1365},{"@type":"BreadcrumbList","@id":"https:\/\/ri2020.eu\/en\/seasons-of-power-the-complex-and-complicated-curve-of-life-that-carries-rijekas-messages-to-europe\/#breadcrumb","itemListElement":[{"@type":"ListItem","position":1,"name":"Home","item":"https:\/\/rijeka2020.eu\/en\/"},{"@type":"ListItem","position":2,"name":"Seasons of Power \u2013 The Complex and Complicated Curve of Life that Carries Rijeka\u2019s messages to Europe"}]},{"@type":"WebSite","@id":"https:\/\/rijeka2020.eu\/en\/#website","url":"https:\/\/rijeka2020.eu\/en\/","name":"Rijeka 2020","description":"Europska prijestolnica kulture","publisher":{"@id":"https:\/\/rijeka2020.eu\/en\/#organization"},"potentialAction":[{"@type":"SearchAction","target":{"@type":"EntryPoint","urlTemplate":"https:\/\/rijeka2020.eu\/en\/?s={search_term_string}"},"query-input":{"@type":"PropertyValueSpecification","valueRequired":true,"valueName":"search_term_string"}}],"inLanguage":"en-US"},{"@type":"Organization","@id":"https:\/\/rijeka2020.eu\/en\/#organization","name":"Rijeka 2020 d.o.o.","url":"https:\/\/rijeka2020.eu\/en\/","logo":{"@type":"ImageObject","inLanguage":"en-US","@id":"https:\/\/rijeka2020.eu\/en\/#\/schema\/logo\/image\/","url":"https:\/\/rijeka2020.eu\/wp-content\/uploads\/2018\/07\/Ri2020-logo.png","contentUrl":"https:\/\/rijeka2020.eu\/wp-content\/uploads\/2018\/07\/Ri2020-logo.png","width":407,"height":175,"caption":"Rijeka 2020 d.o.o."},"image":{"@id":"https:\/\/rijeka2020.eu\/en\/#\/schema\/logo\/image\/"},"sameAs":["https:\/\/www.facebook.com\/rijeka2020","https:\/\/x.com\/Rijeka2020","https:\/\/www.instagram.com\/rijeka2020\/","https:\/\/www.youtube.com\/user\/riepk2020"]},{"@type":"Person","@id":"https:\/\/rijeka2020.eu\/en\/#\/schema\/person\/9c12d91df8c45bc534f625d9c81f403d","name":"Rijeka 2020","url":"https:\/\/ri2020.eu\/en\/author\/lsm\/"}]}},"_links":{"self":[{"href":"https:\/\/ri2020.eu\/en\/wp-json\/wp\/v2\/posts\/33159","targetHints":{"allow":["GET"]}}],"collection":[{"href":"https:\/\/ri2020.eu\/en\/wp-json\/wp\/v2\/posts"}],"about":[{"href":"https:\/\/ri2020.eu\/en\/wp-json\/wp\/v2\/types\/post"}],"author":[{"embeddable":true,"href":"https:\/\/ri2020.eu\/en\/wp-json\/wp\/v2\/users\/72"}],"replies":[{"embeddable":true,"href":"https:\/\/ri2020.eu\/en\/wp-json\/wp\/v2\/comments?post=33159"}],"version-history":[{"count":0,"href":"https:\/\/ri2020.eu\/en\/wp-json\/wp\/v2\/posts\/33159\/revisions"}],"wp:featuredmedia":[{"embeddable":true,"href":"https:\/\/ri2020.eu\/en\/wp-json\/wp\/v2\/media\/32878"}],"wp:attachment":[{"href":"https:\/\/ri2020.eu\/en\/wp-json\/wp\/v2\/media?parent=33159"}],"wp:term":[{"taxonomy":"category","embeddable":true,"href":"https:\/\/ri2020.eu\/en\/wp-json\/wp\/v2\/categories?post=33159"},{"taxonomy":"post_tag","embeddable":true,"href":"https:\/\/ri2020.eu\/en\/wp-json\/wp\/v2\/tags?post=33159"}],"curies":[{"name":"wp","href":"https:\/\/api.w.org\/{rel}","templated":true}]}}