{"id":33084,"date":"2019-10-15T15:57:23","date_gmt":"2019-10-15T13:57:23","guid":{"rendered":"https:\/\/rijeka2020.eu\/?p=33084"},"modified":"2019-10-23T15:58:05","modified_gmt":"2019-10-23T13:58:05","slug":"rijeka-wins-the-european-commission-award-of-e1-5-million-for-the-successful-implementation-of-the-european-capital-of-culture-project-so-far","status":"publish","type":"post","link":"https:\/\/ri2020.eu\/en\/rijeka-wins-the-european-commission-award-of-e1-5-million-for-the-successful-implementation-of-the-european-capital-of-culture-project-so-far\/","title":{"rendered":"Rijeka wins the European Commission award of \u20ac1.5 million for the successful implementation of the European Capital of Culture project so far"},"content":{"rendered":"<p><strong>The decision to grant this project an award worth 1.5 million euros was made in Galway after a meeting and the third monitoring of the implementation of the Rijeka 2020 \u2013 European Capital of Culture project.<\/strong>\u00a0The presentation of the project and programme being prepared for next year was held today in the afternoon hours by the Rijeka 2020 team before a 10-member panel of experts monitoring the implementation of the project, and representatives of the European Commission. The presentation was followed by a two-hour Q&amp;A session where representatives of the Rijeka 2020 team answered the questions of the expert panel members. Galway, the city carrying the title of the European Capital of Culture 2020 along with Rijeka, went through the same process in the morning hours of the same day.<\/p>\n<p><img loading=\"lazy\" decoding=\"async\" class=\"alignnone size-full wp-image-32849\" src=\"https:\/\/rijeka2020.eu\/wp-content\/uploads\/2019\/10\/Rije\u010dki-tim-i-tim-grada-Galwaya-s-predstavnicima-stru\u010dnog-panela.jpg\" alt=\"\" width=\"2048\" height=\"1272\" srcset=\"https:\/\/ri2020.eu\/wp-content\/uploads\/2019\/10\/Rije\u010dki-tim-i-tim-grada-Galwaya-s-predstavnicima-stru\u010dnog-panela.jpg 2048w, https:\/\/ri2020.eu\/wp-content\/uploads\/2019\/10\/Rije\u010dki-tim-i-tim-grada-Galwaya-s-predstavnicima-stru\u010dnog-panela-255x158.jpg 255w, https:\/\/ri2020.eu\/wp-content\/uploads\/2019\/10\/Rije\u010dki-tim-i-tim-grada-Galwaya-s-predstavnicima-stru\u010dnog-panela-768x477.jpg 768w, https:\/\/ri2020.eu\/wp-content\/uploads\/2019\/10\/Rije\u010dki-tim-i-tim-grada-Galwaya-s-predstavnicima-stru\u010dnog-panela-1024x636.jpg 1024w, https:\/\/ri2020.eu\/wp-content\/uploads\/2019\/10\/Rije\u010dki-tim-i-tim-grada-Galwaya-s-predstavnicima-stru\u010dnog-panela-250x155.jpg 250w, https:\/\/ri2020.eu\/wp-content\/uploads\/2019\/10\/Rije\u010dki-tim-i-tim-grada-Galwaya-s-predstavnicima-stru\u010dnog-panela-420x261.jpg 420w\" sizes=\"auto, (max-width: 2048px) 100vw, 2048px\" \/><br \/>\n<em>The Rijeka and Galway teams with the expert panel representatives.<\/em><\/p>\n<p>After the presentations and after getting fully acquainted with the implementation of the Rijeka and Galway projects so far, the expert panel held a standalone session and reached\u00a0<strong>the decision and recommendation to grant Rijeka 2020 the Melina Mercouri award of 1.5 million euros<\/strong>.<\/p>\n<p>It is a valuable financial award, which also carries the message of success in the work carried out so far on the development of the Rijeka 2020 <strong>\u2013<\/strong> European Capital of Culture project. This award\u00a0<strong>means that Rijeka<\/strong>\u00a0<strong>fulfilled all the high criteria set by the expert panel and that by seriously managing the project, up to the year of the ECoC title, it accomplished all the tasks that were set before it.<\/strong><\/p>\n<p><strong>The award is an overall recognition<\/strong>\u00a0not only to the immediate Rijeka 2020 team whose representatives successfully presented the development of this project yesterday, but also\u00a0<strong>to all the partners involved, all the establishments, associations, institutions and individuals, all the citizens who are heavily involved in this project<\/strong>\u00a0and who make this award our common success.<\/p>\n<p>The award was named after <strong>Melina Mercouri<\/strong>, who advocated in 1985 for better mutual familiarity between European citizens, and for them to exchange and discuss culture. Understanding Europe as a place with a shared cultural past as well as future, she argued that the whole of Europe should be united, and that culture carries the strongest potential for peace.<\/p>\n<p><img loading=\"lazy\" decoding=\"async\" class=\"alignnone size-full wp-image-32847\" src=\"https:\/\/rijeka2020.eu\/wp-content\/uploads\/2019\/10\/Rije\u010dki-tim-u-Galwayu-01.jpg\" alt=\"\" width=\"2048\" height=\"1363\" srcset=\"https:\/\/ri2020.eu\/wp-content\/uploads\/2019\/10\/Rije\u010dki-tim-u-Galwayu-01.jpg 2048w, https:\/\/ri2020.eu\/wp-content\/uploads\/2019\/10\/Rije\u010dki-tim-u-Galwayu-01-248x165.jpg 248w, https:\/\/ri2020.eu\/wp-content\/uploads\/2019\/10\/Rije\u010dki-tim-u-Galwayu-01-768x511.jpg 768w, https:\/\/ri2020.eu\/wp-content\/uploads\/2019\/10\/Rije\u010dki-tim-u-Galwayu-01-1024x682.jpg 1024w, https:\/\/ri2020.eu\/wp-content\/uploads\/2019\/10\/Rije\u010dki-tim-u-Galwayu-01-250x166.jpg 250w, https:\/\/ri2020.eu\/wp-content\/uploads\/2019\/10\/Rije\u010dki-tim-u-Galwayu-01-420x280.jpg 420w\" sizes=\"auto, (max-width: 2048px) 100vw, 2048px\" \/><\/p>\n<p>It is with these values that\u00a0<strong>the European Capital of Culture project was established to connect European citizens and raise awareness of the fact that together they belong to one and the same European cultural circle<\/strong>. With the same values in mind, the Rijeka 2020 team held a presentation of the European Capital of Culture project, which has been in the works in Rijeka for the last three years, and whose rich cultural and art programme will be realised during 2020. The Croatian delegation in Galway at the presentation showcasing the project and its progress so far included: Vojko Obersnel, Mayor of Rijeka, Ivan \u0160arar, Head of Rijeka\u2019s Department of Culture, Emina Vi\u0161ni\u0107, CEO of Rijeka 2020, a company established to implement the project, Slaven Tolj, Artistic Director of the project, Irena Kregar \u0160egota, Partnership and Communications Director at Rijeka 2020, Iva Grego, Operations Director, and Dra\u017een Nikoli\u0107, Brand Management Consultant.\u00a0 Croatia\u2019s Ministry of Culture representative, Ms. Anera Stopfer was also present in Galway.<\/p>\n<p>In addition to the cultural and artistic programme for 2020\u00a0<strong>the topics of the project&#8217;s legacy were particularly emphasized in the presentation and talks<\/strong>. It remains as a lasting value in cultural objects under renovation and construction in Rijeka, but also in the stimulated activities of citizens who are strongly involved in the project in several ways, among other things, through a vibrant educational programme. This programme, which has been extensively underway in the preceding period, represents a lasting value in the sense of the knowledge and skills gained, which already form the basis of future successful cultural projects in Rijeka. These topics were also discussed in the context of the future strategy, that is to say, of the strategic guidelines for further development of culture in Rijeka. Namely, the European Capital of Culture project aims to influence the incorporation of culture into the long-term development of cities, which is why the topics of the ECoC project&#8217;s heritage are of vital importance. In this matter, Rijeka has achieved some valuable results, and that fact was recognised at the meetings in Galway.<\/p>\n<p>In one of the first statements coming from Galway, the Mayor of Rijeka\u00a0<strong>Vojko Obersnel<\/strong>\u00a0said that he felt very proud, and that the award granted to Rijeka was a huge success.<\/p>\n<blockquote><p><em>\u201cThis proves that the people involved in this project have put their heart into it, all the while maintaining a high level of professionalism. I congratulate the entire team, all the institutions, establishments, associations, but also, all the citizens involved in this project on winning this award. This is a recognition for all of us.\u201d<\/em>\u00a0\u2013 said Obersnel in his statement from Galway.<\/p><\/blockquote>\n<p>The CEO of Rijeka 2020, a company established to implement the project,\u00a0<strong>Emina Vi\u0161ni\u0107<\/strong>\u00a0pointed out that the Melina Mercouri award is a major and important financial endorsement that the project is being successfully managed and developed.<\/p>\n<blockquote><p>But more than that\u00a0<em>\u201dThis award at the symbolic level is a confirmation that Rijeka is and that Croatia is in harmony with European cultural values, that we carry and transmit the values of the European cultural circle, that with this project we write new messages for the future and that we truly belong to it as citizens of Europe\u201d &#8211;\u00a0<\/em>Emina Vi\u0161ni\u0107 said.<\/p><\/blockquote>\n<p><em>\u00a0<\/em>Some members of Rijeka\u2019s ECoC team will be making their way back home from Galway tomorrow afternoon; while Rijeka\u2019s Mayor Vojko Obersnel and Irena Kregar \u0160egota, Rijeka 2020 Partnership and Communications Director will leave for Paris, where a presentation press conference of the Rijeka 2020 &#8211; European Capital of Culture project and programme will take place at the Croatian Embassy. Filip Vu\u010dak, ambassador of the Republic of Croatia to France, and Danijela Mihali\u0107 \u0110urica, head of the Croatian Tourist Board&#8217;s French office will be hosts to Rijeka\u2019s delegation and to the French journalists in Paris.<\/p>\n","protected":false},"excerpt":{"rendered":"<p>The Melina Mercouri Award, named after the Greek Minister of Culture, who is considered the most responsible for founding the European Capital of Culture project, was won by Rijeka upon the recommendation of a European Commission expert panel assessing the seriousness and success of the project.<\/p>\n","protected":false},"author":72,"featured_media":32849,"comment_status":"closed","ping_status":"closed","sticky":false,"template":"","format":"standard","meta":{"_acf_changed":false,"footnotes":""},"categories":[2731],"tags":[],"class_list":["post-33084","post","type-post","status-publish","format-standard","has-post-thumbnail","hentry","category-news"],"acf":[],"yoast_head":"<!-- This site is optimized with the Yoast SEO plugin v26.8 - https:\/\/yoast.com\/product\/yoast-seo-wordpress\/ -->\n<title>Rijeka wins the European Commission award of \u20ac1.5 million for the successful implementation of the European Capital of Culture project so far &#8226; Rijeka 2020<\/title>\n<meta name=\"robots\" content=\"index, follow, max-snippet:-1, max-image-preview:large, max-video-preview:-1\" \/>\n<link rel=\"canonical\" href=\"https:\/\/ri2020.eu\/en\/rijeka-wins-the-european-commission-award-of-e1-5-million-for-the-successful-implementation-of-the-european-capital-of-culture-project-so-far\/\" \/>\n<meta property=\"og:locale\" content=\"en_US\" \/>\n<meta property=\"og:type\" content=\"article\" \/>\n<meta property=\"og:title\" content=\"Rijeka wins the European Commission award of \u20ac1.5 million for the successful implementation of the European Capital of Culture project so far &#8226; Rijeka 2020\" \/>\n<meta property=\"og:description\" content=\"The Melina Mercouri Award, named after the Greek Minister of Culture, who is considered the most responsible for founding the European Capital of Culture project, was won by Rijeka upon the recommendation of a European Commission expert panel assessing the seriousness and success of the project.\" \/>\n<meta property=\"og:url\" content=\"https:\/\/ri2020.eu\/en\/rijeka-wins-the-european-commission-award-of-e1-5-million-for-the-successful-implementation-of-the-european-capital-of-culture-project-so-far\/\" \/>\n<meta property=\"og:site_name\" content=\"Rijeka 2020\" \/>\n<meta property=\"article:publisher\" content=\"https:\/\/www.facebook.com\/rijeka2020\" \/>\n<meta property=\"article:published_time\" content=\"2019-10-15T13:57:23+00:00\" \/>\n<meta property=\"article:modified_time\" content=\"2019-10-23T13:58:05+00:00\" \/>\n<meta property=\"og:image\" content=\"https:\/\/ri2020.eu\/wp-content\/uploads\/2019\/10\/Rije\u010dki-tim-i-tim-grada-Galwaya-s-predstavnicima-stru\u010dnog-panela.jpg\" \/>\n\t<meta property=\"og:image:width\" content=\"2048\" \/>\n\t<meta property=\"og:image:height\" content=\"1272\" \/>\n\t<meta property=\"og:image:type\" content=\"image\/jpeg\" \/>\n<meta name=\"author\" content=\"Rijeka 2020\" \/>\n<meta name=\"twitter:card\" content=\"summary_large_image\" \/>\n<meta name=\"twitter:creator\" content=\"@Rijeka2020\" \/>\n<meta name=\"twitter:site\" content=\"@Rijeka2020\" \/>\n<meta name=\"twitter:label1\" content=\"Written by\" \/>\n\t<meta name=\"twitter:data1\" content=\"Rijeka 2020\" \/>\n\t<meta name=\"twitter:label2\" content=\"Est. reading time\" \/>\n\t<meta name=\"twitter:data2\" content=\"5 minutes\" \/>\n<script type=\"application\/ld+json\" class=\"yoast-schema-graph\">{\"@context\":\"https:\/\/schema.org\",\"@graph\":[{\"@type\":\"Article\",\"@id\":\"https:\/\/ri2020.eu\/en\/rijeka-wins-the-european-commission-award-of-e1-5-million-for-the-successful-implementation-of-the-european-capital-of-culture-project-so-far\/#article\",\"isPartOf\":{\"@id\":\"https:\/\/ri2020.eu\/en\/rijeka-wins-the-european-commission-award-of-e1-5-million-for-the-successful-implementation-of-the-european-capital-of-culture-project-so-far\/\"},\"author\":{\"name\":\"Rijeka 2020\",\"@id\":\"https:\/\/ri2020.eu\/en\/#\/schema\/person\/9c12d91df8c45bc534f625d9c81f403d\"},\"headline\":\"Rijeka wins the European Commission award of \u20ac1.5 million for the successful implementation of the European Capital of Culture project so far\",\"datePublished\":\"2019-10-15T13:57:23+00:00\",\"dateModified\":\"2019-10-23T13:58:05+00:00\",\"mainEntityOfPage\":{\"@id\":\"https:\/\/ri2020.eu\/en\/rijeka-wins-the-european-commission-award-of-e1-5-million-for-the-successful-implementation-of-the-european-capital-of-culture-project-so-far\/\"},\"wordCount\":1024,\"publisher\":{\"@id\":\"https:\/\/ri2020.eu\/en\/#organization\"},\"image\":{\"@id\":\"https:\/\/ri2020.eu\/en\/rijeka-wins-the-european-commission-award-of-e1-5-million-for-the-successful-implementation-of-the-european-capital-of-culture-project-so-far\/#primaryimage\"},\"thumbnailUrl\":\"https:\/\/ri2020.eu\/wp-content\/uploads\/2019\/10\/Rije\u010dki-tim-i-tim-grada-Galwaya-s-predstavnicima-stru\u010dnog-panela.jpg\",\"articleSection\":[\"News\"],\"inLanguage\":\"en-US\"},{\"@type\":\"WebPage\",\"@id\":\"https:\/\/ri2020.eu\/en\/rijeka-wins-the-european-commission-award-of-e1-5-million-for-the-successful-implementation-of-the-european-capital-of-culture-project-so-far\/\",\"url\":\"https:\/\/ri2020.eu\/en\/rijeka-wins-the-european-commission-award-of-e1-5-million-for-the-successful-implementation-of-the-european-capital-of-culture-project-so-far\/\",\"name\":\"Rijeka wins the European Commission award of \u20ac1.5 million for the successful implementation of the European Capital of Culture project so far &#8226; Rijeka 2020\",\"isPartOf\":{\"@id\":\"https:\/\/ri2020.eu\/en\/#website\"},\"primaryImageOfPage\":{\"@id\":\"https:\/\/ri2020.eu\/en\/rijeka-wins-the-european-commission-award-of-e1-5-million-for-the-successful-implementation-of-the-european-capital-of-culture-project-so-far\/#primaryimage\"},\"image\":{\"@id\":\"https:\/\/ri2020.eu\/en\/rijeka-wins-the-european-commission-award-of-e1-5-million-for-the-successful-implementation-of-the-european-capital-of-culture-project-so-far\/#primaryimage\"},\"thumbnailUrl\":\"https:\/\/ri2020.eu\/wp-content\/uploads\/2019\/10\/Rije\u010dki-tim-i-tim-grada-Galwaya-s-predstavnicima-stru\u010dnog-panela.jpg\",\"datePublished\":\"2019-10-15T13:57:23+00:00\",\"dateModified\":\"2019-10-23T13:58:05+00:00\",\"breadcrumb\":{\"@id\":\"https:\/\/ri2020.eu\/en\/rijeka-wins-the-european-commission-award-of-e1-5-million-for-the-successful-implementation-of-the-european-capital-of-culture-project-so-far\/#breadcrumb\"},\"inLanguage\":\"en-US\",\"potentialAction\":[{\"@type\":\"ReadAction\",\"target\":[\"https:\/\/ri2020.eu\/en\/rijeka-wins-the-european-commission-award-of-e1-5-million-for-the-successful-implementation-of-the-european-capital-of-culture-project-so-far\/\"]}]},{\"@type\":\"ImageObject\",\"inLanguage\":\"en-US\",\"@id\":\"https:\/\/ri2020.eu\/en\/rijeka-wins-the-european-commission-award-of-e1-5-million-for-the-successful-implementation-of-the-european-capital-of-culture-project-so-far\/#primaryimage\",\"url\":\"https:\/\/ri2020.eu\/wp-content\/uploads\/2019\/10\/Rije\u010dki-tim-i-tim-grada-Galwaya-s-predstavnicima-stru\u010dnog-panela.jpg\",\"contentUrl\":\"https:\/\/ri2020.eu\/wp-content\/uploads\/2019\/10\/Rije\u010dki-tim-i-tim-grada-Galwaya-s-predstavnicima-stru\u010dnog-panela.jpg\",\"width\":2048,\"height\":1272},{\"@type\":\"BreadcrumbList\",\"@id\":\"https:\/\/ri2020.eu\/en\/rijeka-wins-the-european-commission-award-of-e1-5-million-for-the-successful-implementation-of-the-european-capital-of-culture-project-so-far\/#breadcrumb\",\"itemListElement\":[{\"@type\":\"ListItem\",\"position\":1,\"name\":\"Home\",\"item\":\"https:\/\/ri2020.eu\/en\/\"},{\"@type\":\"ListItem\",\"position\":2,\"name\":\"Rijeka wins the European Commission award of \u20ac1.5 million for the successful implementation of the European Capital of Culture project so far\"}]},{\"@type\":\"WebSite\",\"@id\":\"https:\/\/ri2020.eu\/en\/#website\",\"url\":\"https:\/\/ri2020.eu\/en\/\",\"name\":\"Rijeka 2020\",\"description\":\"Europska prijestolnica kulture\",\"publisher\":{\"@id\":\"https:\/\/ri2020.eu\/en\/#organization\"},\"potentialAction\":[{\"@type\":\"SearchAction\",\"target\":{\"@type\":\"EntryPoint\",\"urlTemplate\":\"https:\/\/ri2020.eu\/en\/?s={search_term_string}\"},\"query-input\":{\"@type\":\"PropertyValueSpecification\",\"valueRequired\":true,\"valueName\":\"search_term_string\"}}],\"inLanguage\":\"en-US\"},{\"@type\":\"Organization\",\"@id\":\"https:\/\/ri2020.eu\/en\/#organization\",\"name\":\"Rijeka 2020 d.o.o.\",\"url\":\"https:\/\/ri2020.eu\/en\/\",\"logo\":{\"@type\":\"ImageObject\",\"inLanguage\":\"en-US\",\"@id\":\"https:\/\/ri2020.eu\/en\/#\/schema\/logo\/image\/\",\"url\":\"https:\/\/rijeka2020.eu\/wp-content\/uploads\/2018\/07\/Ri2020-logo.png\",\"contentUrl\":\"https:\/\/rijeka2020.eu\/wp-content\/uploads\/2018\/07\/Ri2020-logo.png\",\"width\":407,\"height\":175,\"caption\":\"Rijeka 2020 d.o.o.\"},\"image\":{\"@id\":\"https:\/\/ri2020.eu\/en\/#\/schema\/logo\/image\/\"},\"sameAs\":[\"https:\/\/www.facebook.com\/rijeka2020\",\"https:\/\/x.com\/Rijeka2020\",\"https:\/\/www.instagram.com\/rijeka2020\/\",\"https:\/\/www.youtube.com\/user\/riepk2020\"]},{\"@type\":\"Person\",\"@id\":\"https:\/\/ri2020.eu\/en\/#\/schema\/person\/9c12d91df8c45bc534f625d9c81f403d\",\"name\":\"Rijeka 2020\",\"url\":\"https:\/\/ri2020.eu\/en\/author\/lsm\/\"}]}<\/script>\n<!-- \/ Yoast SEO plugin. -->","yoast_head_json":{"title":"Rijeka wins the European Commission award of \u20ac1.5 million for the successful implementation of the European Capital of Culture project so far &#8226; Rijeka 2020","robots":{"index":"index","follow":"follow","max-snippet":"max-snippet:-1","max-image-preview":"max-image-preview:large","max-video-preview":"max-video-preview:-1"},"canonical":"https:\/\/ri2020.eu\/en\/rijeka-wins-the-european-commission-award-of-e1-5-million-for-the-successful-implementation-of-the-european-capital-of-culture-project-so-far\/","og_locale":"en_US","og_type":"article","og_title":"Rijeka wins the European Commission award of \u20ac1.5 million for the successful implementation of the European Capital of Culture project so far &#8226; Rijeka 2020","og_description":"The Melina Mercouri Award, named after the Greek Minister of Culture, who is considered the most responsible for founding the European Capital of Culture project, was won by Rijeka upon the recommendation of a European Commission expert panel assessing the seriousness and success of the project.","og_url":"https:\/\/ri2020.eu\/en\/rijeka-wins-the-european-commission-award-of-e1-5-million-for-the-successful-implementation-of-the-european-capital-of-culture-project-so-far\/","og_site_name":"Rijeka 2020","article_publisher":"https:\/\/www.facebook.com\/rijeka2020","article_published_time":"2019-10-15T13:57:23+00:00","article_modified_time":"2019-10-23T13:58:05+00:00","og_image":[{"width":2048,"height":1272,"url":"https:\/\/ri2020.eu\/wp-content\/uploads\/2019\/10\/Rije\u010dki-tim-i-tim-grada-Galwaya-s-predstavnicima-stru\u010dnog-panela.jpg","type":"image\/jpeg"}],"author":"Rijeka 2020","twitter_card":"summary_large_image","twitter_creator":"@Rijeka2020","twitter_site":"@Rijeka2020","twitter_misc":{"Written by":"Rijeka 2020","Est. reading time":"5 minutes"},"schema":{"@context":"https:\/\/schema.org","@graph":[{"@type":"Article","@id":"https:\/\/ri2020.eu\/en\/rijeka-wins-the-european-commission-award-of-e1-5-million-for-the-successful-implementation-of-the-european-capital-of-culture-project-so-far\/#article","isPartOf":{"@id":"https:\/\/ri2020.eu\/en\/rijeka-wins-the-european-commission-award-of-e1-5-million-for-the-successful-implementation-of-the-european-capital-of-culture-project-so-far\/"},"author":{"name":"Rijeka 2020","@id":"https:\/\/ri2020.eu\/en\/#\/schema\/person\/9c12d91df8c45bc534f625d9c81f403d"},"headline":"Rijeka wins the European Commission award of \u20ac1.5 million for the successful implementation of the European Capital of Culture project so far","datePublished":"2019-10-15T13:57:23+00:00","dateModified":"2019-10-23T13:58:05+00:00","mainEntityOfPage":{"@id":"https:\/\/ri2020.eu\/en\/rijeka-wins-the-european-commission-award-of-e1-5-million-for-the-successful-implementation-of-the-european-capital-of-culture-project-so-far\/"},"wordCount":1024,"publisher":{"@id":"https:\/\/ri2020.eu\/en\/#organization"},"image":{"@id":"https:\/\/ri2020.eu\/en\/rijeka-wins-the-european-commission-award-of-e1-5-million-for-the-successful-implementation-of-the-european-capital-of-culture-project-so-far\/#primaryimage"},"thumbnailUrl":"https:\/\/ri2020.eu\/wp-content\/uploads\/2019\/10\/Rije\u010dki-tim-i-tim-grada-Galwaya-s-predstavnicima-stru\u010dnog-panela.jpg","articleSection":["News"],"inLanguage":"en-US"},{"@type":"WebPage","@id":"https:\/\/ri2020.eu\/en\/rijeka-wins-the-european-commission-award-of-e1-5-million-for-the-successful-implementation-of-the-european-capital-of-culture-project-so-far\/","url":"https:\/\/ri2020.eu\/en\/rijeka-wins-the-european-commission-award-of-e1-5-million-for-the-successful-implementation-of-the-european-capital-of-culture-project-so-far\/","name":"Rijeka wins the European Commission award of \u20ac1.5 million for the successful implementation of the European Capital of Culture project so far &#8226; Rijeka 2020","isPartOf":{"@id":"https:\/\/ri2020.eu\/en\/#website"},"primaryImageOfPage":{"@id":"https:\/\/ri2020.eu\/en\/rijeka-wins-the-european-commission-award-of-e1-5-million-for-the-successful-implementation-of-the-european-capital-of-culture-project-so-far\/#primaryimage"},"image":{"@id":"https:\/\/ri2020.eu\/en\/rijeka-wins-the-european-commission-award-of-e1-5-million-for-the-successful-implementation-of-the-european-capital-of-culture-project-so-far\/#primaryimage"},"thumbnailUrl":"https:\/\/ri2020.eu\/wp-content\/uploads\/2019\/10\/Rije\u010dki-tim-i-tim-grada-Galwaya-s-predstavnicima-stru\u010dnog-panela.jpg","datePublished":"2019-10-15T13:57:23+00:00","dateModified":"2019-10-23T13:58:05+00:00","breadcrumb":{"@id":"https:\/\/ri2020.eu\/en\/rijeka-wins-the-european-commission-award-of-e1-5-million-for-the-successful-implementation-of-the-european-capital-of-culture-project-so-far\/#breadcrumb"},"inLanguage":"en-US","potentialAction":[{"@type":"ReadAction","target":["https:\/\/ri2020.eu\/en\/rijeka-wins-the-european-commission-award-of-e1-5-million-for-the-successful-implementation-of-the-european-capital-of-culture-project-so-far\/"]}]},{"@type":"ImageObject","inLanguage":"en-US","@id":"https:\/\/ri2020.eu\/en\/rijeka-wins-the-european-commission-award-of-e1-5-million-for-the-successful-implementation-of-the-european-capital-of-culture-project-so-far\/#primaryimage","url":"https:\/\/ri2020.eu\/wp-content\/uploads\/2019\/10\/Rije\u010dki-tim-i-tim-grada-Galwaya-s-predstavnicima-stru\u010dnog-panela.jpg","contentUrl":"https:\/\/ri2020.eu\/wp-content\/uploads\/2019\/10\/Rije\u010dki-tim-i-tim-grada-Galwaya-s-predstavnicima-stru\u010dnog-panela.jpg","width":2048,"height":1272},{"@type":"BreadcrumbList","@id":"https:\/\/ri2020.eu\/en\/rijeka-wins-the-european-commission-award-of-e1-5-million-for-the-successful-implementation-of-the-european-capital-of-culture-project-so-far\/#breadcrumb","itemListElement":[{"@type":"ListItem","position":1,"name":"Home","item":"https:\/\/ri2020.eu\/en\/"},{"@type":"ListItem","position":2,"name":"Rijeka wins the European Commission award of \u20ac1.5 million for the successful implementation of the European Capital of Culture project so far"}]},{"@type":"WebSite","@id":"https:\/\/ri2020.eu\/en\/#website","url":"https:\/\/ri2020.eu\/en\/","name":"Rijeka 2020","description":"Europska prijestolnica kulture","publisher":{"@id":"https:\/\/ri2020.eu\/en\/#organization"},"potentialAction":[{"@type":"SearchAction","target":{"@type":"EntryPoint","urlTemplate":"https:\/\/ri2020.eu\/en\/?s={search_term_string}"},"query-input":{"@type":"PropertyValueSpecification","valueRequired":true,"valueName":"search_term_string"}}],"inLanguage":"en-US"},{"@type":"Organization","@id":"https:\/\/ri2020.eu\/en\/#organization","name":"Rijeka 2020 d.o.o.","url":"https:\/\/ri2020.eu\/en\/","logo":{"@type":"ImageObject","inLanguage":"en-US","@id":"https:\/\/ri2020.eu\/en\/#\/schema\/logo\/image\/","url":"https:\/\/rijeka2020.eu\/wp-content\/uploads\/2018\/07\/Ri2020-logo.png","contentUrl":"https:\/\/rijeka2020.eu\/wp-content\/uploads\/2018\/07\/Ri2020-logo.png","width":407,"height":175,"caption":"Rijeka 2020 d.o.o."},"image":{"@id":"https:\/\/ri2020.eu\/en\/#\/schema\/logo\/image\/"},"sameAs":["https:\/\/www.facebook.com\/rijeka2020","https:\/\/x.com\/Rijeka2020","https:\/\/www.instagram.com\/rijeka2020\/","https:\/\/www.youtube.com\/user\/riepk2020"]},{"@type":"Person","@id":"https:\/\/ri2020.eu\/en\/#\/schema\/person\/9c12d91df8c45bc534f625d9c81f403d","name":"Rijeka 2020","url":"https:\/\/ri2020.eu\/en\/author\/lsm\/"}]}},"_links":{"self":[{"href":"https:\/\/ri2020.eu\/en\/wp-json\/wp\/v2\/posts\/33084","targetHints":{"allow":["GET"]}}],"collection":[{"href":"https:\/\/ri2020.eu\/en\/wp-json\/wp\/v2\/posts"}],"about":[{"href":"https:\/\/ri2020.eu\/en\/wp-json\/wp\/v2\/types\/post"}],"author":[{"embeddable":true,"href":"https:\/\/ri2020.eu\/en\/wp-json\/wp\/v2\/users\/72"}],"replies":[{"embeddable":true,"href":"https:\/\/ri2020.eu\/en\/wp-json\/wp\/v2\/comments?post=33084"}],"version-history":[{"count":0,"href":"https:\/\/ri2020.eu\/en\/wp-json\/wp\/v2\/posts\/33084\/revisions"}],"wp:featuredmedia":[{"embeddable":true,"href":"https:\/\/ri2020.eu\/en\/wp-json\/wp\/v2\/media\/32849"}],"wp:attachment":[{"href":"https:\/\/ri2020.eu\/en\/wp-json\/wp\/v2\/media?parent=33084"}],"wp:term":[{"taxonomy":"category","embeddable":true,"href":"https:\/\/ri2020.eu\/en\/wp-json\/wp\/v2\/categories?post=33084"},{"taxonomy":"post_tag","embeddable":true,"href":"https:\/\/ri2020.eu\/en\/wp-json\/wp\/v2\/tags?post=33084"}],"curies":[{"name":"wp","href":"https:\/\/api.w.org\/{rel}","templated":true}]}}