{"id":33054,"date":"2019-10-14T09:00:13","date_gmt":"2019-10-14T07:00:13","guid":{"rendered":"https:\/\/rijeka2020.eu\/?p=33054"},"modified":"2019-10-23T09:18:29","modified_gmt":"2019-10-23T07:18:29","slug":"rihub-hosts-an-exhibition-of-items-made-out-of-waste-by-members-of-the-roma-community","status":"publish","type":"post","link":"https:\/\/ri2020.eu\/en\/rihub-hosts-an-exhibition-of-items-made-out-of-waste-by-members-of-the-roma-community\/","title":{"rendered":"RiHub Hosts an Exhibition of Items Made out of Waste by Members of the Roma Community"},"content":{"rendered":"<p><strong>The RoUm project is being implemented within the Rijeka 2020 &#8211; European Capital of Culture project, as part of the Kitchen of Diversity flagship, which deals with the topics of minorities, migrations and activism<\/strong>. It should, therefore, come as no surprise that this unusual exhibition found its home within this particular ECoC programme strand.<\/p>\n<p><img loading=\"lazy\" decoding=\"async\" class=\"alignnone size-full wp-image-32677\" src=\"https:\/\/rijeka2020.eu\/wp-content\/uploads\/2019\/10\/IMG_3108.jpg\" alt=\"\" width=\"2048\" height=\"1365\" srcset=\"https:\/\/ri2020.eu\/wp-content\/uploads\/2019\/10\/IMG_3108.jpg 2048w, https:\/\/ri2020.eu\/wp-content\/uploads\/2019\/10\/IMG_3108-248x165.jpg 248w, https:\/\/ri2020.eu\/wp-content\/uploads\/2019\/10\/IMG_3108-768x512.jpg 768w, https:\/\/ri2020.eu\/wp-content\/uploads\/2019\/10\/IMG_3108-1024x683.jpg 1024w, https:\/\/ri2020.eu\/wp-content\/uploads\/2019\/10\/IMG_3108-250x167.jpg 250w, https:\/\/ri2020.eu\/wp-content\/uploads\/2019\/10\/IMG_3108-420x280.jpg 420w\" sizes=\"auto, (max-width: 2048px) 100vw, 2048px\" \/><\/p>\n<p>Having taken place from 11<sup>th<\/sup> through 13<sup>th<\/sup> of October at RiHub\u2019s ground floor and recently in the open space of RiUse, \u201cThe Discarded\u201d showcased more than thirty items which used to be metal, electronic or wooden waste. The members of the Roma community in cooperation with non-Roma artists and designers converted these waste items into &#8211; art.<\/p>\n<p>The exhibits gradually came into existence during the last year and a half at workshops held in Rijeka and, in actual fact, \u201cThe Discarded\u201d is a story of how these items were given a new lease on life. Apart from having been converted into uniquely designed artistic items, each of them also features a short description explaining what the item used to be and who made it. This particular approach to work ethics enables the RoUm project to raise environmental awareness, contribute to social inclusion, preserve old crafts, develop the love of art and design, and advocate for the values put forth by its host flagship, the Kitchen of Diversity: unity, solidarity and mutual acknowledgement.<\/p>\n<p><strong>The project leader, Tamara Puhovski pointed out that the workshops and the exhibition serve as an introduction to what awaits us next year, when under the European Capital of Culture project, Rijeka will host a several-day event entitled RoUm up Days<\/strong>:<\/p>\n<blockquote><p>\u201cAs part of the European Capital of Culture project, the RoUm project is increasingly gaining visibility, which in fact was our primary goal. We are very pleased with the development of this story, and we are currently working on promoting last year\u2019s Roma attendees of our workshops into mentors. Additional wind to our sails has to be the initiative of our colleagues in the Bulgarian city of Plovdiv &#8211; this year\u2019s European Capital of Culture, who started their own RoUm Plovdiv, modelled on our Croatian project.\u201d<\/p><\/blockquote>\n<p>The Croatian RoUm project was devised by Tamara Puhovski, Jagoda Novak, Sini\u0161a Senad Musi\u0107 and Milan Mitrovi\u0107.<\/p>\n<p><img loading=\"lazy\" decoding=\"async\" class=\"alignnone size-full wp-image-32679\" src=\"https:\/\/rijeka2020.eu\/wp-content\/uploads\/2019\/10\/IMG_3144.jpg\" alt=\"\" width=\"2048\" height=\"1365\" srcset=\"https:\/\/ri2020.eu\/wp-content\/uploads\/2019\/10\/IMG_3144.jpg 2048w, https:\/\/ri2020.eu\/wp-content\/uploads\/2019\/10\/IMG_3144-248x165.jpg 248w, https:\/\/ri2020.eu\/wp-content\/uploads\/2019\/10\/IMG_3144-768x512.jpg 768w, https:\/\/ri2020.eu\/wp-content\/uploads\/2019\/10\/IMG_3144-1024x683.jpg 1024w, https:\/\/ri2020.eu\/wp-content\/uploads\/2019\/10\/IMG_3144-250x167.jpg 250w, https:\/\/ri2020.eu\/wp-content\/uploads\/2019\/10\/IMG_3144-420x280.jpg 420w\" sizes=\"auto, (max-width: 2048px) 100vw, 2048px\" \/><\/p>\n<p>A special attraction of the exhibition were children\u2019s playrooms which took place on Saturday. Through interactive education and play, led by our organisers, our youngest visitors learned what is waste, can it stop being waste, and how to convert and reuse it. Through playful activities, stories were devised about the exhibits &#8211; how they came to be, what else could they have become, but the activities also included conversations with the children about the Roma community, their tradition and lifestyle.<\/p>\n<p>After Rijeka, the exhibition travels to Labin, where visitors will be able to experience it in the premises of the Labin Art Express association (Rudarska 1), on the 14<sup>th<\/sup> and 15<sup>th<\/sup> of October. The exhibition\u2019s mini tour ends in Zagreb at the beginning of November, in partnership with the Radiona (Makerspace) association.<\/p>\n<p><em>Apart from being a constituent part of the ECoC programme, the RoUm project is also being implemented in cooperation with Rijeka\u2019s Federation of Associations Molekula under the Clubture platform. The contributors to the Clubture-HR programme, exchange and cooperation are the Ministry of Culture of the Republic of Croatia, the City of Zagreb &#8211; City office for culture, the \u201cKultura nova\u201d Foundation and the National Foundation for Civil Society Development via the Centres of Knowledge project.<\/em><\/p>\n","protected":false},"excerpt":{"rendered":"<p>An exhibition entitled \u201cThe Discarded\u201d was held under the RoUm project which brings together artists and members of the Roma community who work together on converting waste into uniquely designed artistic items.<\/p>\n","protected":false},"author":72,"featured_media":32713,"comment_status":"closed","ping_status":"closed","sticky":false,"template":"","format":"standard","meta":{"_acf_changed":false,"footnotes":""},"categories":[2959,2731],"tags":[],"class_list":["post-33054","post","type-post","status-publish","format-standard","has-post-thumbnail","hentry","category-kitchen-of-diversity","category-news"],"acf":[],"yoast_head":"<!-- This site is optimized with the Yoast SEO plugin v26.8 - https:\/\/yoast.com\/product\/yoast-seo-wordpress\/ -->\n<title>RiHub Hosts an Exhibition of Items Made out of Waste by Members of the Roma Community &#8226; Rijeka 2020<\/title>\n<meta name=\"robots\" content=\"index, follow, max-snippet:-1, max-image-preview:large, max-video-preview:-1\" \/>\n<link rel=\"canonical\" href=\"https:\/\/ri2020.eu\/en\/rihub-hosts-an-exhibition-of-items-made-out-of-waste-by-members-of-the-roma-community\/\" \/>\n<meta property=\"og:locale\" content=\"en_US\" \/>\n<meta property=\"og:type\" content=\"article\" \/>\n<meta property=\"og:title\" content=\"RiHub Hosts an Exhibition of Items Made out of Waste by Members of the Roma Community &#8226; Rijeka 2020\" \/>\n<meta property=\"og:description\" content=\"An exhibition entitled \u201cThe Discarded\u201d was held under the RoUm project which brings together artists and members of the Roma community who work together on converting waste into uniquely designed artistic items.\" \/>\n<meta property=\"og:url\" content=\"https:\/\/ri2020.eu\/en\/rihub-hosts-an-exhibition-of-items-made-out-of-waste-by-members-of-the-roma-community\/\" \/>\n<meta property=\"og:site_name\" content=\"Rijeka 2020\" \/>\n<meta property=\"article:publisher\" content=\"https:\/\/www.facebook.com\/rijeka2020\" \/>\n<meta property=\"article:published_time\" content=\"2019-10-14T07:00:13+00:00\" \/>\n<meta property=\"article:modified_time\" content=\"2019-10-23T07:18:29+00:00\" \/>\n<meta property=\"og:image\" content=\"https:\/\/ri2020.eu\/wp-content\/uploads\/2019\/10\/IMG_3103.jpg\" \/>\n\t<meta property=\"og:image:width\" content=\"2048\" \/>\n\t<meta property=\"og:image:height\" content=\"1365\" \/>\n\t<meta property=\"og:image:type\" content=\"image\/jpeg\" \/>\n<meta name=\"author\" content=\"Rijeka 2020\" \/>\n<meta name=\"twitter:card\" content=\"summary_large_image\" \/>\n<meta name=\"twitter:creator\" content=\"@Rijeka2020\" \/>\n<meta name=\"twitter:site\" content=\"@Rijeka2020\" \/>\n<meta name=\"twitter:label1\" content=\"Written by\" \/>\n\t<meta name=\"twitter:data1\" content=\"Rijeka 2020\" \/>\n\t<meta name=\"twitter:label2\" content=\"Est. reading time\" \/>\n\t<meta name=\"twitter:data2\" content=\"3 minutes\" \/>\n<script type=\"application\/ld+json\" class=\"yoast-schema-graph\">{\"@context\":\"https:\/\/schema.org\",\"@graph\":[{\"@type\":\"Article\",\"@id\":\"https:\/\/ri2020.eu\/en\/rihub-hosts-an-exhibition-of-items-made-out-of-waste-by-members-of-the-roma-community\/#article\",\"isPartOf\":{\"@id\":\"https:\/\/ri2020.eu\/en\/rihub-hosts-an-exhibition-of-items-made-out-of-waste-by-members-of-the-roma-community\/\"},\"author\":{\"name\":\"Rijeka 2020\",\"@id\":\"https:\/\/ri2020.eu\/en\/#\/schema\/person\/9c12d91df8c45bc534f625d9c81f403d\"},\"headline\":\"RiHub Hosts an Exhibition of Items Made out of Waste by Members of the Roma Community\",\"datePublished\":\"2019-10-14T07:00:13+00:00\",\"dateModified\":\"2019-10-23T07:18:29+00:00\",\"mainEntityOfPage\":{\"@id\":\"https:\/\/ri2020.eu\/en\/rihub-hosts-an-exhibition-of-items-made-out-of-waste-by-members-of-the-roma-community\/\"},\"wordCount\":598,\"publisher\":{\"@id\":\"https:\/\/ri2020.eu\/en\/#organization\"},\"image\":{\"@id\":\"https:\/\/ri2020.eu\/en\/rihub-hosts-an-exhibition-of-items-made-out-of-waste-by-members-of-the-roma-community\/#primaryimage\"},\"thumbnailUrl\":\"https:\/\/ri2020.eu\/wp-content\/uploads\/2019\/10\/IMG_3103.jpg\",\"articleSection\":[\"Kitchen of Diversity\",\"News\"],\"inLanguage\":\"en-US\"},{\"@type\":\"WebPage\",\"@id\":\"https:\/\/ri2020.eu\/en\/rihub-hosts-an-exhibition-of-items-made-out-of-waste-by-members-of-the-roma-community\/\",\"url\":\"https:\/\/ri2020.eu\/en\/rihub-hosts-an-exhibition-of-items-made-out-of-waste-by-members-of-the-roma-community\/\",\"name\":\"RiHub Hosts an Exhibition of Items Made out of Waste by Members of the Roma Community &#8226; Rijeka 2020\",\"isPartOf\":{\"@id\":\"https:\/\/ri2020.eu\/en\/#website\"},\"primaryImageOfPage\":{\"@id\":\"https:\/\/ri2020.eu\/en\/rihub-hosts-an-exhibition-of-items-made-out-of-waste-by-members-of-the-roma-community\/#primaryimage\"},\"image\":{\"@id\":\"https:\/\/ri2020.eu\/en\/rihub-hosts-an-exhibition-of-items-made-out-of-waste-by-members-of-the-roma-community\/#primaryimage\"},\"thumbnailUrl\":\"https:\/\/ri2020.eu\/wp-content\/uploads\/2019\/10\/IMG_3103.jpg\",\"datePublished\":\"2019-10-14T07:00:13+00:00\",\"dateModified\":\"2019-10-23T07:18:29+00:00\",\"breadcrumb\":{\"@id\":\"https:\/\/ri2020.eu\/en\/rihub-hosts-an-exhibition-of-items-made-out-of-waste-by-members-of-the-roma-community\/#breadcrumb\"},\"inLanguage\":\"en-US\",\"potentialAction\":[{\"@type\":\"ReadAction\",\"target\":[\"https:\/\/ri2020.eu\/en\/rihub-hosts-an-exhibition-of-items-made-out-of-waste-by-members-of-the-roma-community\/\"]}]},{\"@type\":\"ImageObject\",\"inLanguage\":\"en-US\",\"@id\":\"https:\/\/ri2020.eu\/en\/rihub-hosts-an-exhibition-of-items-made-out-of-waste-by-members-of-the-roma-community\/#primaryimage\",\"url\":\"https:\/\/ri2020.eu\/wp-content\/uploads\/2019\/10\/IMG_3103.jpg\",\"contentUrl\":\"https:\/\/ri2020.eu\/wp-content\/uploads\/2019\/10\/IMG_3103.jpg\",\"width\":2048,\"height\":1365},{\"@type\":\"BreadcrumbList\",\"@id\":\"https:\/\/ri2020.eu\/en\/rihub-hosts-an-exhibition-of-items-made-out-of-waste-by-members-of-the-roma-community\/#breadcrumb\",\"itemListElement\":[{\"@type\":\"ListItem\",\"position\":1,\"name\":\"Home\",\"item\":\"https:\/\/ri2020.eu\/en\/\"},{\"@type\":\"ListItem\",\"position\":2,\"name\":\"RiHub Hosts an Exhibition of Items Made out of Waste by Members of the Roma Community\"}]},{\"@type\":\"WebSite\",\"@id\":\"https:\/\/ri2020.eu\/en\/#website\",\"url\":\"https:\/\/ri2020.eu\/en\/\",\"name\":\"Rijeka 2020\",\"description\":\"Europska prijestolnica kulture\",\"publisher\":{\"@id\":\"https:\/\/ri2020.eu\/en\/#organization\"},\"potentialAction\":[{\"@type\":\"SearchAction\",\"target\":{\"@type\":\"EntryPoint\",\"urlTemplate\":\"https:\/\/ri2020.eu\/en\/?s={search_term_string}\"},\"query-input\":{\"@type\":\"PropertyValueSpecification\",\"valueRequired\":true,\"valueName\":\"search_term_string\"}}],\"inLanguage\":\"en-US\"},{\"@type\":\"Organization\",\"@id\":\"https:\/\/ri2020.eu\/en\/#organization\",\"name\":\"Rijeka 2020 d.o.o.\",\"url\":\"https:\/\/ri2020.eu\/en\/\",\"logo\":{\"@type\":\"ImageObject\",\"inLanguage\":\"en-US\",\"@id\":\"https:\/\/ri2020.eu\/en\/#\/schema\/logo\/image\/\",\"url\":\"https:\/\/rijeka2020.eu\/wp-content\/uploads\/2018\/07\/Ri2020-logo.png\",\"contentUrl\":\"https:\/\/rijeka2020.eu\/wp-content\/uploads\/2018\/07\/Ri2020-logo.png\",\"width\":407,\"height\":175,\"caption\":\"Rijeka 2020 d.o.o.\"},\"image\":{\"@id\":\"https:\/\/ri2020.eu\/en\/#\/schema\/logo\/image\/\"},\"sameAs\":[\"https:\/\/www.facebook.com\/rijeka2020\",\"https:\/\/x.com\/Rijeka2020\",\"https:\/\/www.instagram.com\/rijeka2020\/\",\"https:\/\/www.youtube.com\/user\/riepk2020\"]},{\"@type\":\"Person\",\"@id\":\"https:\/\/ri2020.eu\/en\/#\/schema\/person\/9c12d91df8c45bc534f625d9c81f403d\",\"name\":\"Rijeka 2020\",\"url\":\"https:\/\/ri2020.eu\/en\/author\/lsm\/\"}]}<\/script>\n<!-- \/ Yoast SEO plugin. -->","yoast_head_json":{"title":"RiHub Hosts an Exhibition of Items Made out of Waste by Members of the Roma Community &#8226; Rijeka 2020","robots":{"index":"index","follow":"follow","max-snippet":"max-snippet:-1","max-image-preview":"max-image-preview:large","max-video-preview":"max-video-preview:-1"},"canonical":"https:\/\/ri2020.eu\/en\/rihub-hosts-an-exhibition-of-items-made-out-of-waste-by-members-of-the-roma-community\/","og_locale":"en_US","og_type":"article","og_title":"RiHub Hosts an Exhibition of Items Made out of Waste by Members of the Roma Community &#8226; Rijeka 2020","og_description":"An exhibition entitled \u201cThe Discarded\u201d was held under the RoUm project which brings together artists and members of the Roma community who work together on converting waste into uniquely designed artistic items.","og_url":"https:\/\/ri2020.eu\/en\/rihub-hosts-an-exhibition-of-items-made-out-of-waste-by-members-of-the-roma-community\/","og_site_name":"Rijeka 2020","article_publisher":"https:\/\/www.facebook.com\/rijeka2020","article_published_time":"2019-10-14T07:00:13+00:00","article_modified_time":"2019-10-23T07:18:29+00:00","og_image":[{"width":2048,"height":1365,"url":"https:\/\/ri2020.eu\/wp-content\/uploads\/2019\/10\/IMG_3103.jpg","type":"image\/jpeg"}],"author":"Rijeka 2020","twitter_card":"summary_large_image","twitter_creator":"@Rijeka2020","twitter_site":"@Rijeka2020","twitter_misc":{"Written by":"Rijeka 2020","Est. reading time":"3 minutes"},"schema":{"@context":"https:\/\/schema.org","@graph":[{"@type":"Article","@id":"https:\/\/ri2020.eu\/en\/rihub-hosts-an-exhibition-of-items-made-out-of-waste-by-members-of-the-roma-community\/#article","isPartOf":{"@id":"https:\/\/ri2020.eu\/en\/rihub-hosts-an-exhibition-of-items-made-out-of-waste-by-members-of-the-roma-community\/"},"author":{"name":"Rijeka 2020","@id":"https:\/\/ri2020.eu\/en\/#\/schema\/person\/9c12d91df8c45bc534f625d9c81f403d"},"headline":"RiHub Hosts an Exhibition of Items Made out of Waste by Members of the Roma Community","datePublished":"2019-10-14T07:00:13+00:00","dateModified":"2019-10-23T07:18:29+00:00","mainEntityOfPage":{"@id":"https:\/\/ri2020.eu\/en\/rihub-hosts-an-exhibition-of-items-made-out-of-waste-by-members-of-the-roma-community\/"},"wordCount":598,"publisher":{"@id":"https:\/\/ri2020.eu\/en\/#organization"},"image":{"@id":"https:\/\/ri2020.eu\/en\/rihub-hosts-an-exhibition-of-items-made-out-of-waste-by-members-of-the-roma-community\/#primaryimage"},"thumbnailUrl":"https:\/\/ri2020.eu\/wp-content\/uploads\/2019\/10\/IMG_3103.jpg","articleSection":["Kitchen of Diversity","News"],"inLanguage":"en-US"},{"@type":"WebPage","@id":"https:\/\/ri2020.eu\/en\/rihub-hosts-an-exhibition-of-items-made-out-of-waste-by-members-of-the-roma-community\/","url":"https:\/\/ri2020.eu\/en\/rihub-hosts-an-exhibition-of-items-made-out-of-waste-by-members-of-the-roma-community\/","name":"RiHub Hosts an Exhibition of Items Made out of Waste by Members of the Roma Community &#8226; Rijeka 2020","isPartOf":{"@id":"https:\/\/ri2020.eu\/en\/#website"},"primaryImageOfPage":{"@id":"https:\/\/ri2020.eu\/en\/rihub-hosts-an-exhibition-of-items-made-out-of-waste-by-members-of-the-roma-community\/#primaryimage"},"image":{"@id":"https:\/\/ri2020.eu\/en\/rihub-hosts-an-exhibition-of-items-made-out-of-waste-by-members-of-the-roma-community\/#primaryimage"},"thumbnailUrl":"https:\/\/ri2020.eu\/wp-content\/uploads\/2019\/10\/IMG_3103.jpg","datePublished":"2019-10-14T07:00:13+00:00","dateModified":"2019-10-23T07:18:29+00:00","breadcrumb":{"@id":"https:\/\/ri2020.eu\/en\/rihub-hosts-an-exhibition-of-items-made-out-of-waste-by-members-of-the-roma-community\/#breadcrumb"},"inLanguage":"en-US","potentialAction":[{"@type":"ReadAction","target":["https:\/\/ri2020.eu\/en\/rihub-hosts-an-exhibition-of-items-made-out-of-waste-by-members-of-the-roma-community\/"]}]},{"@type":"ImageObject","inLanguage":"en-US","@id":"https:\/\/ri2020.eu\/en\/rihub-hosts-an-exhibition-of-items-made-out-of-waste-by-members-of-the-roma-community\/#primaryimage","url":"https:\/\/ri2020.eu\/wp-content\/uploads\/2019\/10\/IMG_3103.jpg","contentUrl":"https:\/\/ri2020.eu\/wp-content\/uploads\/2019\/10\/IMG_3103.jpg","width":2048,"height":1365},{"@type":"BreadcrumbList","@id":"https:\/\/ri2020.eu\/en\/rihub-hosts-an-exhibition-of-items-made-out-of-waste-by-members-of-the-roma-community\/#breadcrumb","itemListElement":[{"@type":"ListItem","position":1,"name":"Home","item":"https:\/\/ri2020.eu\/en\/"},{"@type":"ListItem","position":2,"name":"RiHub Hosts an Exhibition of Items Made out of Waste by Members of the Roma Community"}]},{"@type":"WebSite","@id":"https:\/\/ri2020.eu\/en\/#website","url":"https:\/\/ri2020.eu\/en\/","name":"Rijeka 2020","description":"Europska prijestolnica kulture","publisher":{"@id":"https:\/\/ri2020.eu\/en\/#organization"},"potentialAction":[{"@type":"SearchAction","target":{"@type":"EntryPoint","urlTemplate":"https:\/\/ri2020.eu\/en\/?s={search_term_string}"},"query-input":{"@type":"PropertyValueSpecification","valueRequired":true,"valueName":"search_term_string"}}],"inLanguage":"en-US"},{"@type":"Organization","@id":"https:\/\/ri2020.eu\/en\/#organization","name":"Rijeka 2020 d.o.o.","url":"https:\/\/ri2020.eu\/en\/","logo":{"@type":"ImageObject","inLanguage":"en-US","@id":"https:\/\/ri2020.eu\/en\/#\/schema\/logo\/image\/","url":"https:\/\/rijeka2020.eu\/wp-content\/uploads\/2018\/07\/Ri2020-logo.png","contentUrl":"https:\/\/rijeka2020.eu\/wp-content\/uploads\/2018\/07\/Ri2020-logo.png","width":407,"height":175,"caption":"Rijeka 2020 d.o.o."},"image":{"@id":"https:\/\/ri2020.eu\/en\/#\/schema\/logo\/image\/"},"sameAs":["https:\/\/www.facebook.com\/rijeka2020","https:\/\/x.com\/Rijeka2020","https:\/\/www.instagram.com\/rijeka2020\/","https:\/\/www.youtube.com\/user\/riepk2020"]},{"@type":"Person","@id":"https:\/\/ri2020.eu\/en\/#\/schema\/person\/9c12d91df8c45bc534f625d9c81f403d","name":"Rijeka 2020","url":"https:\/\/ri2020.eu\/en\/author\/lsm\/"}]}},"_links":{"self":[{"href":"https:\/\/ri2020.eu\/en\/wp-json\/wp\/v2\/posts\/33054","targetHints":{"allow":["GET"]}}],"collection":[{"href":"https:\/\/ri2020.eu\/en\/wp-json\/wp\/v2\/posts"}],"about":[{"href":"https:\/\/ri2020.eu\/en\/wp-json\/wp\/v2\/types\/post"}],"author":[{"embeddable":true,"href":"https:\/\/ri2020.eu\/en\/wp-json\/wp\/v2\/users\/72"}],"replies":[{"embeddable":true,"href":"https:\/\/ri2020.eu\/en\/wp-json\/wp\/v2\/comments?post=33054"}],"version-history":[{"count":0,"href":"https:\/\/ri2020.eu\/en\/wp-json\/wp\/v2\/posts\/33054\/revisions"}],"wp:featuredmedia":[{"embeddable":true,"href":"https:\/\/ri2020.eu\/en\/wp-json\/wp\/v2\/media\/32713"}],"wp:attachment":[{"href":"https:\/\/ri2020.eu\/en\/wp-json\/wp\/v2\/media?parent=33054"}],"wp:term":[{"taxonomy":"category","embeddable":true,"href":"https:\/\/ri2020.eu\/en\/wp-json\/wp\/v2\/categories?post=33054"},{"taxonomy":"post_tag","embeddable":true,"href":"https:\/\/ri2020.eu\/en\/wp-json\/wp\/v2\/tags?post=33054"}],"curies":[{"name":"wp","href":"https:\/\/api.w.org\/{rel}","templated":true}]}}