{"id":32896,"date":"2019-10-14T10:27:39","date_gmt":"2019-10-14T08:27:39","guid":{"rendered":"https:\/\/rijeka2020.eu\/?p=32896"},"modified":"2019-10-18T10:29:15","modified_gmt":"2019-10-18T08:29:15","slug":"authorial-boras-a-collection-of-short-stories-announced-at-the-rijeka-fish-market","status":"publish","type":"post","link":"https:\/\/ri2020.eu\/en\/authorial-boras-a-collection-of-short-stories-announced-at-the-rijeka-fish-market\/","title":{"rendered":"Authorial Boras, a collection of short stories announced at the Rijeka Fish Market"},"content":{"rendered":"<p>Authorial Boras (Autorske bure) is a collection of short stories written by renowned authors from Croatia and the region, who spent a month of Springtime 2018 in various locations of Kvarner writing sixteen short stories that became part of a collection of short stories published by Rijeka 2020 and V.B.Z., designed by Studio Sonda and edited by Kruno Lokotar.<\/p>\n<p><img loading=\"lazy\" decoding=\"async\" class=\"alignnone size-full wp-image-32536\" src=\"https:\/\/rijeka2020.eu\/wp-content\/uploads\/2019\/10\/1T0A0452.jpg\" alt=\"ribarnica\" width=\"2000\" height=\"1333\" srcset=\"https:\/\/ri2020.eu\/wp-content\/uploads\/2019\/10\/1T0A0452.jpg 2000w, https:\/\/ri2020.eu\/wp-content\/uploads\/2019\/10\/1T0A0452-248x165.jpg 248w, https:\/\/ri2020.eu\/wp-content\/uploads\/2019\/10\/1T0A0452-768x512.jpg 768w, https:\/\/ri2020.eu\/wp-content\/uploads\/2019\/10\/1T0A0452-1024x682.jpg 1024w, https:\/\/ri2020.eu\/wp-content\/uploads\/2019\/10\/1T0A0452-250x167.jpg 250w, https:\/\/ri2020.eu\/wp-content\/uploads\/2019\/10\/1T0A0452-420x280.jpg 420w\" sizes=\"auto, (max-width: 2000px) 100vw, 2000px\" \/><\/p>\n<p>\u201cWelcome to the Fishscale Cathedral\u201d<\/p>\n<p>, was the opening line of Rijeka\u2019s Mayor\u00a0<strong>Vojko Obersnel<\/strong>\u00a0at the event, borrowing the title of one of the stories, by Faruk \u0160ehi\u0107 who drew his writing inspiration exactly from the Rijeka fish market.<\/p>\n<p>\u201cThe day officially marking the beginning of the Rijeka 2020 &#8211; European Capital of Culture project is racing towards us, and we are in for a treat of more than 600 programmes for all of us to enjoy, so I believe the fish market will get to host a few more events like this one.\u201d, Obersnel said.<\/p>\n<p><img loading=\"lazy\" decoding=\"async\" class=\"alignnone size-full wp-image-32539\" src=\"https:\/\/rijeka2020.eu\/wp-content\/uploads\/2019\/10\/1T0A0420.jpg\" alt=\"emina ribarnica\" width=\"2000\" height=\"1333\" srcset=\"https:\/\/ri2020.eu\/wp-content\/uploads\/2019\/10\/1T0A0420.jpg 2000w, https:\/\/ri2020.eu\/wp-content\/uploads\/2019\/10\/1T0A0420-248x165.jpg 248w, https:\/\/ri2020.eu\/wp-content\/uploads\/2019\/10\/1T0A0420-768x512.jpg 768w, https:\/\/ri2020.eu\/wp-content\/uploads\/2019\/10\/1T0A0420-1024x682.jpg 1024w, https:\/\/ri2020.eu\/wp-content\/uploads\/2019\/10\/1T0A0420-250x167.jpg 250w, https:\/\/ri2020.eu\/wp-content\/uploads\/2019\/10\/1T0A0420-420x280.jpg 420w\" sizes=\"auto, (max-width: 2000px) 100vw, 2000px\" \/><\/p>\n<p>The CEO of Rijeka 2020\u00a0<strong>Emina Vi\u0161ni\u0107<\/strong>\u00a0said that the fact that this collection of short stories was created by top authors, and that the stories were influenced by the communities the authors resided in, and by their conversations with locals serves as an indicator that the ECoC project wants to become deeply ingrained into the community.<\/p>\n<p>\u201cThis collection is a lasting legacy of the project, as are the sculptures that will be installed throughout Kvarner under the Lungomare Art flagship, which will be announced in the near future.\u201d, Vi\u0161ni\u0107 said.<\/p>\n<p>Visitors were also welcomed by\u00a0<strong>Sonja \u0160i\u0161i\u0107<\/strong>, Head of the Department of Culture, Sport and Technical Culture of Primorje-Gorski Kotar County, who pointed out her belief that the cultural and natural riches of our region, along with its tradition and practices that the authors encountered at their respective locations were a great source of inspiration for them. She also said that the authors\u2019 works now remain a permanent legacy to these small communities, who can leverage the stories as a means of their further promotion.<\/p>\n<p><img loading=\"lazy\" decoding=\"async\" class=\"alignnone size-full wp-image-32542\" src=\"https:\/\/rijeka2020.eu\/wp-content\/uploads\/2019\/10\/1T0A0470.jpg\" alt=\"lokotar\" width=\"2000\" height=\"1333\" srcset=\"https:\/\/ri2020.eu\/wp-content\/uploads\/2019\/10\/1T0A0470.jpg 2000w, https:\/\/ri2020.eu\/wp-content\/uploads\/2019\/10\/1T0A0470-248x165.jpg 248w, https:\/\/ri2020.eu\/wp-content\/uploads\/2019\/10\/1T0A0470-768x512.jpg 768w, https:\/\/ri2020.eu\/wp-content\/uploads\/2019\/10\/1T0A0470-1024x682.jpg 1024w, https:\/\/ri2020.eu\/wp-content\/uploads\/2019\/10\/1T0A0470-250x167.jpg 250w, https:\/\/ri2020.eu\/wp-content\/uploads\/2019\/10\/1T0A0470-420x280.jpg 420w\" sizes=\"auto, (max-width: 2000px) 100vw, 2000px\" \/><\/p>\n<p>The editor of Authorial Boras\u00a0<strong>Kruno Lokotar<\/strong>\u00a0expressed his conviction that this project has been an enriching experience for all the participating authors, as well as for all the communities where they resided.<\/p>\n<p>\u201cThe new perspective, gained by all the local communities involved in this project, guarantees that they will never be the same again. This project was, among other things, our opportunity to showcase the heterogenous nature of our Port of Diversity, so I want to thank everyone who took part in it\u201d, Lokotar concluded.<\/p>\n<p>The announcement of Authorial Boras attracted many visitors who could not hide their amazement, particularly at the new look of the fish market.<\/p>\n<p><img loading=\"lazy\" decoding=\"async\" class=\"alignnone size-full wp-image-32544\" src=\"https:\/\/rijeka2020.eu\/wp-content\/uploads\/2019\/10\/1T0A0670.jpg\" alt=\"ribarnica\" width=\"2000\" height=\"1333\" srcset=\"https:\/\/ri2020.eu\/wp-content\/uploads\/2019\/10\/1T0A0670.jpg 2000w, https:\/\/ri2020.eu\/wp-content\/uploads\/2019\/10\/1T0A0670-248x165.jpg 248w, https:\/\/ri2020.eu\/wp-content\/uploads\/2019\/10\/1T0A0670-768x512.jpg 768w, https:\/\/ri2020.eu\/wp-content\/uploads\/2019\/10\/1T0A0670-1024x682.jpg 1024w, https:\/\/ri2020.eu\/wp-content\/uploads\/2019\/10\/1T0A0670-250x167.jpg 250w, https:\/\/ri2020.eu\/wp-content\/uploads\/2019\/10\/1T0A0670-420x280.jpg 420w\" sizes=\"auto, (max-width: 2000px) 100vw, 2000px\" \/><\/p>\n<p>Fragments of the short prosaic texts from the collection were read by\u00a0<strong>students of the Acting and Media Studies department of the Academy of Applied Arts in Rijeka<\/strong>, followed by a performance by the\u00a0<strong>Marinada<\/strong> band, while the visual identity of the fish market in the form of video projections was the work of\u00a0<strong>VJ OBLIK 3<\/strong>\u00a0(Damjan \u0160por\u010di\u0107).<\/p>\n<p>Authorial Boras came to be thanks to the participation of authors of the region, writing in \u201cBHSC\u201d languages: Bosnian, Croatian, Serbian and Montenegrin, while the programme selector was \u017deljka Horvat \u010ce\u010d.<\/p>\n<p><img loading=\"lazy\" decoding=\"async\" class=\"alignnone size-full wp-image-32546\" src=\"https:\/\/rijeka2020.eu\/wp-content\/uploads\/2019\/10\/1T0A0780.jpg\" alt=\"ribarnica\" width=\"1333\" height=\"2000\" srcset=\"https:\/\/ri2020.eu\/wp-content\/uploads\/2019\/10\/1T0A0780.jpg 1333w, https:\/\/ri2020.eu\/wp-content\/uploads\/2019\/10\/1T0A0780-110x165.jpg 110w, https:\/\/ri2020.eu\/wp-content\/uploads\/2019\/10\/1T0A0780-768x1152.jpg 768w, https:\/\/ri2020.eu\/wp-content\/uploads\/2019\/10\/1T0A0780-682x1024.jpg 682w, https:\/\/ri2020.eu\/wp-content\/uploads\/2019\/10\/1T0A0780-167x250.jpg 167w, https:\/\/ri2020.eu\/wp-content\/uploads\/2019\/10\/1T0A0780-420x630.jpg 420w\" sizes=\"auto, (max-width: 1333px) 100vw, 1333px\" \/><\/p>\n<p>The Rijeka fish market inspired Faruk \u0160ehi\u0107 to write a story entitled \u201cThe Fishscale Cathedral\u201d (Katedrala od riblje krlju\u0161ti), Dorta Jagi\u0107 created \u201cThe Secret of the Black Notebook\u201d (Tajna crnog notesa) in Volosko, and Milena Benini devised her \u201cForest Above the Sea\u201d (\u0160uma ponad mora) in Mo\u0161\u0107eni\u010dka Draga. Vladimir Arsentijevi\u0107 used Rijeka\u2019s beaches as a source of inspiration for his story \u201cSpirits of a Place\u201d (Duhovi mjesta), Lejla Kalamuji\u0107 wrote her \u201cOverhaul of Human Destinies\u201d (Remont ljudskih sudbina) in Kostrena, Nora Verde created her story \u201cThe Shark\u201d (Ajkula) in Bakar, while a bit further down the coastline, in Crikvenica Robert Peri\u0161i\u0107 wrote his story \u201cSay Hi to Car!\u201d (Pozdravi Cara!).<\/p>\n<p>Enver Krivac went to Zebar which inspired his story \u201cIn the Ford\u201d (U Fordu), Edo Popovi\u0107 used Ba\u0161ka as a source of inspiration for his \u201cApril in Ba\u0161ka Valley\u201d (April u Ba\u0161\u0107anskoj dolini), while Asja Baki\u0107 spent her time in the neighbouring island of Rab, more precisely in Lopar which inspired her story \u201cThe Season\u201d (Sezona). Damir Karaka\u0161 was also a temporary resident of an island, the town of Cres inspired his story The Sea (More), while Tea Tuli\u0107 wrote her \u201cLady of \u010cikat\u201d (Dama iz \u010cikata) in Mali Lo\u0161inj.<\/p>\n<p>Another story comes from Bekim Serjanovi\u0107, who wrote his \u201cMiss Misery\u201d during his residence on the island of Susak. Olja Savi\u010devi\u0107 Ivan\u010devi\u0107 wrote her story \u201cTramuntana\u201d during her residence in Filozi\u0107i (on the island of Cres), Zoran \u017dmiri\u0107 wrote his \u201cFlicker of Blue\u201d (Titraj plave boje) in Lovran, while Opatija\u2019s promenade \u201cLungomare\u201d inspired Josip Novakovi\u0107 to write his \u201cFlavour of the Sea\u201d (Okus mora).<\/p>\n<p>At the promotion visitors were able to purchase Authorial Boras in two editions, the hardcover deluxe one, and the softcover edition. Starting from this week the collection of short stories will also be available for purchase in bookstores.<\/p>\n<p>&nbsp;<\/p>\n<p>?\u00a0<em>Tanja Kanazir<\/em><\/p>\n","protected":false},"excerpt":{"rendered":"<p>A collection of short stories entitled Authorial Boras which originated within the Lungomare Art flagship of RIJEKA 2020 &#8211; European Capital of Culture was announced this Saturday at the Rijeka fish market. A location many residents are more than familiar with has on this occasion taken on a whole new look, serving as an excellent backdrop of a well-attended literary evening.<\/p>\n","protected":false},"author":72,"featured_media":32534,"comment_status":"closed","ping_status":"closed","sticky":false,"template":"","format":"standard","meta":{"_acf_changed":false,"footnotes":""},"categories":[3297,3296,2731],"tags":[],"class_list":["post-32896","post","type-post","status-publish","format-standard","has-post-thumbnail","hentry","category-authorial-boras","category-lungomare-art","category-news"],"acf":[],"yoast_head":"<!-- This site is optimized with the Yoast SEO plugin v26.8 - https:\/\/yoast.com\/product\/yoast-seo-wordpress\/ -->\n<title>Authorial Boras, a collection of short stories announced at the Rijeka Fish Market &#8226; Rijeka 2020<\/title>\n<meta name=\"robots\" content=\"index, follow, max-snippet:-1, max-image-preview:large, max-video-preview:-1\" \/>\n<link rel=\"canonical\" href=\"https:\/\/ri2020.eu\/en\/authorial-boras-a-collection-of-short-stories-announced-at-the-rijeka-fish-market\/\" \/>\n<meta property=\"og:locale\" content=\"en_US\" \/>\n<meta property=\"og:type\" content=\"article\" \/>\n<meta property=\"og:title\" content=\"Authorial Boras, a collection of short stories announced at the Rijeka Fish Market &#8226; Rijeka 2020\" \/>\n<meta property=\"og:description\" content=\"A collection of short stories entitled Authorial Boras which originated within the Lungomare Art flagship of RIJEKA 2020 - European Capital of Culture was announced this Saturday at the Rijeka fish market. A location many residents are more than familiar with has on this occasion taken on a whole new look, serving as an excellent backdrop of a well-attended literary evening.\" \/>\n<meta property=\"og:url\" content=\"https:\/\/ri2020.eu\/en\/authorial-boras-a-collection-of-short-stories-announced-at-the-rijeka-fish-market\/\" \/>\n<meta property=\"og:site_name\" content=\"Rijeka 2020\" \/>\n<meta property=\"article:publisher\" content=\"https:\/\/www.facebook.com\/rijeka2020\" \/>\n<meta property=\"article:published_time\" content=\"2019-10-14T08:27:39+00:00\" \/>\n<meta property=\"article:modified_time\" content=\"2019-10-18T08:29:15+00:00\" \/>\n<meta property=\"og:image\" content=\"https:\/\/ri2020.eu\/wp-content\/uploads\/2019\/10\/1T0A0860.jpg\" \/>\n\t<meta property=\"og:image:width\" content=\"2000\" \/>\n\t<meta property=\"og:image:height\" content=\"1333\" \/>\n\t<meta property=\"og:image:type\" content=\"image\/jpeg\" \/>\n<meta name=\"author\" content=\"Rijeka 2020\" \/>\n<meta name=\"twitter:card\" content=\"summary_large_image\" \/>\n<meta name=\"twitter:creator\" content=\"@Rijeka2020\" \/>\n<meta name=\"twitter:site\" content=\"@Rijeka2020\" \/>\n<meta name=\"twitter:label1\" content=\"Written by\" \/>\n\t<meta name=\"twitter:data1\" content=\"Rijeka 2020\" \/>\n\t<meta name=\"twitter:label2\" content=\"Est. reading time\" \/>\n\t<meta name=\"twitter:data2\" content=\"4 minutes\" \/>\n<script type=\"application\/ld+json\" class=\"yoast-schema-graph\">{\"@context\":\"https:\/\/schema.org\",\"@graph\":[{\"@type\":\"Article\",\"@id\":\"https:\/\/ri2020.eu\/en\/authorial-boras-a-collection-of-short-stories-announced-at-the-rijeka-fish-market\/#article\",\"isPartOf\":{\"@id\":\"https:\/\/ri2020.eu\/en\/authorial-boras-a-collection-of-short-stories-announced-at-the-rijeka-fish-market\/\"},\"author\":{\"name\":\"Rijeka 2020\",\"@id\":\"https:\/\/ri2020.eu\/en\/#\/schema\/person\/9c12d91df8c45bc534f625d9c81f403d\"},\"headline\":\"Authorial Boras, a collection of short stories announced at the Rijeka Fish Market\",\"datePublished\":\"2019-10-14T08:27:39+00:00\",\"dateModified\":\"2019-10-18T08:29:15+00:00\",\"mainEntityOfPage\":{\"@id\":\"https:\/\/ri2020.eu\/en\/authorial-boras-a-collection-of-short-stories-announced-at-the-rijeka-fish-market\/\"},\"wordCount\":862,\"publisher\":{\"@id\":\"https:\/\/ri2020.eu\/en\/#organization\"},\"image\":{\"@id\":\"https:\/\/ri2020.eu\/en\/authorial-boras-a-collection-of-short-stories-announced-at-the-rijeka-fish-market\/#primaryimage\"},\"thumbnailUrl\":\"https:\/\/ri2020.eu\/wp-content\/uploads\/2019\/10\/1T0A0860.jpg\",\"articleSection\":[\"Authorial Boras\",\"Lungomare Art\",\"News\"],\"inLanguage\":\"en-US\"},{\"@type\":\"WebPage\",\"@id\":\"https:\/\/ri2020.eu\/en\/authorial-boras-a-collection-of-short-stories-announced-at-the-rijeka-fish-market\/\",\"url\":\"https:\/\/ri2020.eu\/en\/authorial-boras-a-collection-of-short-stories-announced-at-the-rijeka-fish-market\/\",\"name\":\"Authorial Boras, a collection of short stories announced at the Rijeka Fish Market &#8226; Rijeka 2020\",\"isPartOf\":{\"@id\":\"https:\/\/ri2020.eu\/en\/#website\"},\"primaryImageOfPage\":{\"@id\":\"https:\/\/ri2020.eu\/en\/authorial-boras-a-collection-of-short-stories-announced-at-the-rijeka-fish-market\/#primaryimage\"},\"image\":{\"@id\":\"https:\/\/ri2020.eu\/en\/authorial-boras-a-collection-of-short-stories-announced-at-the-rijeka-fish-market\/#primaryimage\"},\"thumbnailUrl\":\"https:\/\/ri2020.eu\/wp-content\/uploads\/2019\/10\/1T0A0860.jpg\",\"datePublished\":\"2019-10-14T08:27:39+00:00\",\"dateModified\":\"2019-10-18T08:29:15+00:00\",\"breadcrumb\":{\"@id\":\"https:\/\/ri2020.eu\/en\/authorial-boras-a-collection-of-short-stories-announced-at-the-rijeka-fish-market\/#breadcrumb\"},\"inLanguage\":\"en-US\",\"potentialAction\":[{\"@type\":\"ReadAction\",\"target\":[\"https:\/\/ri2020.eu\/en\/authorial-boras-a-collection-of-short-stories-announced-at-the-rijeka-fish-market\/\"]}]},{\"@type\":\"ImageObject\",\"inLanguage\":\"en-US\",\"@id\":\"https:\/\/ri2020.eu\/en\/authorial-boras-a-collection-of-short-stories-announced-at-the-rijeka-fish-market\/#primaryimage\",\"url\":\"https:\/\/ri2020.eu\/wp-content\/uploads\/2019\/10\/1T0A0860.jpg\",\"contentUrl\":\"https:\/\/ri2020.eu\/wp-content\/uploads\/2019\/10\/1T0A0860.jpg\",\"width\":2000,\"height\":1333,\"caption\":\"ribarnica\"},{\"@type\":\"BreadcrumbList\",\"@id\":\"https:\/\/ri2020.eu\/en\/authorial-boras-a-collection-of-short-stories-announced-at-the-rijeka-fish-market\/#breadcrumb\",\"itemListElement\":[{\"@type\":\"ListItem\",\"position\":1,\"name\":\"Home\",\"item\":\"https:\/\/ri2020.eu\/en\/\"},{\"@type\":\"ListItem\",\"position\":2,\"name\":\"Authorial Boras, a collection of short stories announced at the Rijeka Fish Market\"}]},{\"@type\":\"WebSite\",\"@id\":\"https:\/\/ri2020.eu\/en\/#website\",\"url\":\"https:\/\/ri2020.eu\/en\/\",\"name\":\"Rijeka 2020\",\"description\":\"Europska prijestolnica kulture\",\"publisher\":{\"@id\":\"https:\/\/ri2020.eu\/en\/#organization\"},\"potentialAction\":[{\"@type\":\"SearchAction\",\"target\":{\"@type\":\"EntryPoint\",\"urlTemplate\":\"https:\/\/ri2020.eu\/en\/?s={search_term_string}\"},\"query-input\":{\"@type\":\"PropertyValueSpecification\",\"valueRequired\":true,\"valueName\":\"search_term_string\"}}],\"inLanguage\":\"en-US\"},{\"@type\":\"Organization\",\"@id\":\"https:\/\/ri2020.eu\/en\/#organization\",\"name\":\"Rijeka 2020 d.o.o.\",\"url\":\"https:\/\/ri2020.eu\/en\/\",\"logo\":{\"@type\":\"ImageObject\",\"inLanguage\":\"en-US\",\"@id\":\"https:\/\/ri2020.eu\/en\/#\/schema\/logo\/image\/\",\"url\":\"https:\/\/rijeka2020.eu\/wp-content\/uploads\/2018\/07\/Ri2020-logo.png\",\"contentUrl\":\"https:\/\/rijeka2020.eu\/wp-content\/uploads\/2018\/07\/Ri2020-logo.png\",\"width\":407,\"height\":175,\"caption\":\"Rijeka 2020 d.o.o.\"},\"image\":{\"@id\":\"https:\/\/ri2020.eu\/en\/#\/schema\/logo\/image\/\"},\"sameAs\":[\"https:\/\/www.facebook.com\/rijeka2020\",\"https:\/\/x.com\/Rijeka2020\",\"https:\/\/www.instagram.com\/rijeka2020\/\",\"https:\/\/www.youtube.com\/user\/riepk2020\"]},{\"@type\":\"Person\",\"@id\":\"https:\/\/ri2020.eu\/en\/#\/schema\/person\/9c12d91df8c45bc534f625d9c81f403d\",\"name\":\"Rijeka 2020\",\"url\":\"https:\/\/ri2020.eu\/en\/author\/lsm\/\"}]}<\/script>\n<!-- \/ Yoast SEO plugin. -->","yoast_head_json":{"title":"Authorial Boras, a collection of short stories announced at the Rijeka Fish Market &#8226; Rijeka 2020","robots":{"index":"index","follow":"follow","max-snippet":"max-snippet:-1","max-image-preview":"max-image-preview:large","max-video-preview":"max-video-preview:-1"},"canonical":"https:\/\/ri2020.eu\/en\/authorial-boras-a-collection-of-short-stories-announced-at-the-rijeka-fish-market\/","og_locale":"en_US","og_type":"article","og_title":"Authorial Boras, a collection of short stories announced at the Rijeka Fish Market &#8226; Rijeka 2020","og_description":"A collection of short stories entitled Authorial Boras which originated within the Lungomare Art flagship of RIJEKA 2020 - European Capital of Culture was announced this Saturday at the Rijeka fish market. A location many residents are more than familiar with has on this occasion taken on a whole new look, serving as an excellent backdrop of a well-attended literary evening.","og_url":"https:\/\/ri2020.eu\/en\/authorial-boras-a-collection-of-short-stories-announced-at-the-rijeka-fish-market\/","og_site_name":"Rijeka 2020","article_publisher":"https:\/\/www.facebook.com\/rijeka2020","article_published_time":"2019-10-14T08:27:39+00:00","article_modified_time":"2019-10-18T08:29:15+00:00","og_image":[{"width":2000,"height":1333,"url":"https:\/\/ri2020.eu\/wp-content\/uploads\/2019\/10\/1T0A0860.jpg","type":"image\/jpeg"}],"author":"Rijeka 2020","twitter_card":"summary_large_image","twitter_creator":"@Rijeka2020","twitter_site":"@Rijeka2020","twitter_misc":{"Written by":"Rijeka 2020","Est. reading time":"4 minutes"},"schema":{"@context":"https:\/\/schema.org","@graph":[{"@type":"Article","@id":"https:\/\/ri2020.eu\/en\/authorial-boras-a-collection-of-short-stories-announced-at-the-rijeka-fish-market\/#article","isPartOf":{"@id":"https:\/\/ri2020.eu\/en\/authorial-boras-a-collection-of-short-stories-announced-at-the-rijeka-fish-market\/"},"author":{"name":"Rijeka 2020","@id":"https:\/\/ri2020.eu\/en\/#\/schema\/person\/9c12d91df8c45bc534f625d9c81f403d"},"headline":"Authorial Boras, a collection of short stories announced at the Rijeka Fish Market","datePublished":"2019-10-14T08:27:39+00:00","dateModified":"2019-10-18T08:29:15+00:00","mainEntityOfPage":{"@id":"https:\/\/ri2020.eu\/en\/authorial-boras-a-collection-of-short-stories-announced-at-the-rijeka-fish-market\/"},"wordCount":862,"publisher":{"@id":"https:\/\/ri2020.eu\/en\/#organization"},"image":{"@id":"https:\/\/ri2020.eu\/en\/authorial-boras-a-collection-of-short-stories-announced-at-the-rijeka-fish-market\/#primaryimage"},"thumbnailUrl":"https:\/\/ri2020.eu\/wp-content\/uploads\/2019\/10\/1T0A0860.jpg","articleSection":["Authorial Boras","Lungomare Art","News"],"inLanguage":"en-US"},{"@type":"WebPage","@id":"https:\/\/ri2020.eu\/en\/authorial-boras-a-collection-of-short-stories-announced-at-the-rijeka-fish-market\/","url":"https:\/\/ri2020.eu\/en\/authorial-boras-a-collection-of-short-stories-announced-at-the-rijeka-fish-market\/","name":"Authorial Boras, a collection of short stories announced at the Rijeka Fish Market &#8226; Rijeka 2020","isPartOf":{"@id":"https:\/\/ri2020.eu\/en\/#website"},"primaryImageOfPage":{"@id":"https:\/\/ri2020.eu\/en\/authorial-boras-a-collection-of-short-stories-announced-at-the-rijeka-fish-market\/#primaryimage"},"image":{"@id":"https:\/\/ri2020.eu\/en\/authorial-boras-a-collection-of-short-stories-announced-at-the-rijeka-fish-market\/#primaryimage"},"thumbnailUrl":"https:\/\/ri2020.eu\/wp-content\/uploads\/2019\/10\/1T0A0860.jpg","datePublished":"2019-10-14T08:27:39+00:00","dateModified":"2019-10-18T08:29:15+00:00","breadcrumb":{"@id":"https:\/\/ri2020.eu\/en\/authorial-boras-a-collection-of-short-stories-announced-at-the-rijeka-fish-market\/#breadcrumb"},"inLanguage":"en-US","potentialAction":[{"@type":"ReadAction","target":["https:\/\/ri2020.eu\/en\/authorial-boras-a-collection-of-short-stories-announced-at-the-rijeka-fish-market\/"]}]},{"@type":"ImageObject","inLanguage":"en-US","@id":"https:\/\/ri2020.eu\/en\/authorial-boras-a-collection-of-short-stories-announced-at-the-rijeka-fish-market\/#primaryimage","url":"https:\/\/ri2020.eu\/wp-content\/uploads\/2019\/10\/1T0A0860.jpg","contentUrl":"https:\/\/ri2020.eu\/wp-content\/uploads\/2019\/10\/1T0A0860.jpg","width":2000,"height":1333,"caption":"ribarnica"},{"@type":"BreadcrumbList","@id":"https:\/\/ri2020.eu\/en\/authorial-boras-a-collection-of-short-stories-announced-at-the-rijeka-fish-market\/#breadcrumb","itemListElement":[{"@type":"ListItem","position":1,"name":"Home","item":"https:\/\/ri2020.eu\/en\/"},{"@type":"ListItem","position":2,"name":"Authorial Boras, a collection of short stories announced at the Rijeka Fish Market"}]},{"@type":"WebSite","@id":"https:\/\/ri2020.eu\/en\/#website","url":"https:\/\/ri2020.eu\/en\/","name":"Rijeka 2020","description":"Europska prijestolnica kulture","publisher":{"@id":"https:\/\/ri2020.eu\/en\/#organization"},"potentialAction":[{"@type":"SearchAction","target":{"@type":"EntryPoint","urlTemplate":"https:\/\/ri2020.eu\/en\/?s={search_term_string}"},"query-input":{"@type":"PropertyValueSpecification","valueRequired":true,"valueName":"search_term_string"}}],"inLanguage":"en-US"},{"@type":"Organization","@id":"https:\/\/ri2020.eu\/en\/#organization","name":"Rijeka 2020 d.o.o.","url":"https:\/\/ri2020.eu\/en\/","logo":{"@type":"ImageObject","inLanguage":"en-US","@id":"https:\/\/ri2020.eu\/en\/#\/schema\/logo\/image\/","url":"https:\/\/rijeka2020.eu\/wp-content\/uploads\/2018\/07\/Ri2020-logo.png","contentUrl":"https:\/\/rijeka2020.eu\/wp-content\/uploads\/2018\/07\/Ri2020-logo.png","width":407,"height":175,"caption":"Rijeka 2020 d.o.o."},"image":{"@id":"https:\/\/ri2020.eu\/en\/#\/schema\/logo\/image\/"},"sameAs":["https:\/\/www.facebook.com\/rijeka2020","https:\/\/x.com\/Rijeka2020","https:\/\/www.instagram.com\/rijeka2020\/","https:\/\/www.youtube.com\/user\/riepk2020"]},{"@type":"Person","@id":"https:\/\/ri2020.eu\/en\/#\/schema\/person\/9c12d91df8c45bc534f625d9c81f403d","name":"Rijeka 2020","url":"https:\/\/ri2020.eu\/en\/author\/lsm\/"}]}},"_links":{"self":[{"href":"https:\/\/ri2020.eu\/en\/wp-json\/wp\/v2\/posts\/32896","targetHints":{"allow":["GET"]}}],"collection":[{"href":"https:\/\/ri2020.eu\/en\/wp-json\/wp\/v2\/posts"}],"about":[{"href":"https:\/\/ri2020.eu\/en\/wp-json\/wp\/v2\/types\/post"}],"author":[{"embeddable":true,"href":"https:\/\/ri2020.eu\/en\/wp-json\/wp\/v2\/users\/72"}],"replies":[{"embeddable":true,"href":"https:\/\/ri2020.eu\/en\/wp-json\/wp\/v2\/comments?post=32896"}],"version-history":[{"count":0,"href":"https:\/\/ri2020.eu\/en\/wp-json\/wp\/v2\/posts\/32896\/revisions"}],"wp:featuredmedia":[{"embeddable":true,"href":"https:\/\/ri2020.eu\/en\/wp-json\/wp\/v2\/media\/32534"}],"wp:attachment":[{"href":"https:\/\/ri2020.eu\/en\/wp-json\/wp\/v2\/media?parent=32896"}],"wp:term":[{"taxonomy":"category","embeddable":true,"href":"https:\/\/ri2020.eu\/en\/wp-json\/wp\/v2\/categories?post=32896"},{"taxonomy":"post_tag","embeddable":true,"href":"https:\/\/ri2020.eu\/en\/wp-json\/wp\/v2\/tags?post=32896"}],"curies":[{"name":"wp","href":"https:\/\/api.w.org\/{rel}","templated":true}]}}