{"id":32787,"date":"2019-10-04T16:30:50","date_gmt":"2019-10-04T14:30:50","guid":{"rendered":"https:\/\/rijeka2020.eu\/?p=32787"},"modified":"2019-10-15T16:37:58","modified_gmt":"2019-10-15T14:37:58","slug":"hay-festival-representatives-visit-rijeka","status":"publish","type":"post","link":"https:\/\/ri2020.eu\/en\/hay-festival-representatives-visit-rijeka\/","title":{"rendered":"Hay Festival representatives visit Rijeka"},"content":{"rendered":"<p>This was announced at the working meeting between the representatives of Rijeka 2020, the City of Rijeka and the Hay Festival, one of the most prestigious literary festivals in the world.<\/p>\n<p>The main topic discussed at the meeting was the three-day programme\u00a0<strong>Europe 28 \u2013 Visions for the Future,<\/strong>\u00a0which will be held in 2020 as part of the\u00a0<strong>Festival of the European Short Story<\/strong>. The festival, which is organised by the Croatian Writers&#8217; Association, will take place from <strong>31 May to 6 June<\/strong>\u00a0<strong>as part of the Kitchen of Diversity flagship of Rijeka 2020<\/strong>.<\/p>\n<p>The programme content was elaborated on by the Director of Promotions Christopher Bone, the festival&#8217;s International Coordinator Izara Garcia, the Head and the Coordinator of the Kitchen of Diversity flagship Lela Vujani\u0107 and Nemanja Cvijanovi\u0107, respectively, as well as the Head of the City of Rijeka Department of Culture Ivan \u0160arar.<\/p>\n<p>The Hay Festival, which was founded in Wales in 1987, brings together readers and writers from all over the world in an attempt to provide an international platform for the promotion of women. It was initiated by Wom@rts and the European Union via the Creative Europe programme. The Wom@rts project centres on the participation of women in building European cultural heritage and making diversity a global value of civilisation. It is an initiative that aims to dismantle gender inequality and pursues the presence of women in culture, while expanding the range of campaigns dealing with mobility, knowledge, funds, training and event organisation.<\/p>\n<p>So far, more than five million people worldwide have attended the Hay Festival programmes, which, in line with the festival motto &#8220;Imagine the World&#8221;, make positive changes in the lives of people, including those visiting Rijeka next year.<\/p>\n","protected":false},"excerpt":{"rendered":"<p>Next year, 28 women authors, artists and scholars from 28 European countries will visit Rijeka to share their vision for the future of Europe with the attendees over the course of three days. In addition to being featured in the anthology, their short stories will be presented at discussions, readings and performances in Rijeka.<\/p>\n","protected":false},"author":72,"featured_media":32420,"comment_status":"closed","ping_status":"closed","sticky":false,"template":"","format":"standard","meta":{"_acf_changed":false,"footnotes":""},"categories":[2959,2731],"tags":[],"class_list":["post-32787","post","type-post","status-publish","format-standard","has-post-thumbnail","hentry","category-kitchen-of-diversity","category-news"],"acf":[],"yoast_head":"<!-- This site is optimized with the Yoast SEO plugin v26.8 - https:\/\/yoast.com\/product\/yoast-seo-wordpress\/ -->\n<title>Hay Festival representatives visit Rijeka &#8226; Rijeka 2020<\/title>\n<meta name=\"robots\" content=\"index, follow, max-snippet:-1, max-image-preview:large, max-video-preview:-1\" \/>\n<link rel=\"canonical\" href=\"https:\/\/ri2020.eu\/en\/hay-festival-representatives-visit-rijeka\/\" \/>\n<meta property=\"og:locale\" content=\"en_US\" \/>\n<meta property=\"og:type\" content=\"article\" \/>\n<meta property=\"og:title\" content=\"Hay Festival representatives visit Rijeka &#8226; Rijeka 2020\" \/>\n<meta property=\"og:description\" content=\"Next year, 28 women authors, artists and scholars from 28 European countries will visit Rijeka to share their vision for the future of Europe with the attendees over the course of three days. In addition to being featured in the anthology, their short stories will be presented at discussions, readings and performances in Rijeka.\" \/>\n<meta property=\"og:url\" content=\"https:\/\/ri2020.eu\/en\/hay-festival-representatives-visit-rijeka\/\" \/>\n<meta property=\"og:site_name\" content=\"Rijeka 2020\" \/>\n<meta property=\"article:publisher\" content=\"https:\/\/www.facebook.com\/rijeka2020\" \/>\n<meta property=\"article:published_time\" content=\"2019-10-04T14:30:50+00:00\" \/>\n<meta property=\"article:modified_time\" content=\"2019-10-15T14:37:58+00:00\" \/>\n<meta property=\"og:image\" content=\"https:\/\/rijeka2020.eu\/wp-content\/uploads\/2019\/10\/Projekt-Hay-Festival-2.jpg\" \/>\n\t<meta property=\"og:image:width\" content=\"1920\" \/>\n\t<meta property=\"og:image:height\" content=\"1280\" \/>\n\t<meta property=\"og:image:type\" content=\"image\/jpeg\" \/>\n<meta name=\"author\" content=\"Rijeka 2020\" \/>\n<meta name=\"twitter:card\" content=\"summary_large_image\" \/>\n<meta name=\"twitter:creator\" content=\"@Rijeka2020\" \/>\n<meta name=\"twitter:site\" content=\"@Rijeka2020\" \/>\n<meta name=\"twitter:label1\" content=\"Written by\" \/>\n\t<meta name=\"twitter:data1\" content=\"Rijeka 2020\" \/>\n\t<meta name=\"twitter:label2\" content=\"Est. reading time\" \/>\n\t<meta name=\"twitter:data2\" content=\"1 minute\" \/>\n<script type=\"application\/ld+json\" class=\"yoast-schema-graph\">{\"@context\":\"https:\/\/schema.org\",\"@graph\":[{\"@type\":\"Article\",\"@id\":\"https:\/\/ri2020.eu\/en\/hay-festival-representatives-visit-rijeka\/#article\",\"isPartOf\":{\"@id\":\"https:\/\/ri2020.eu\/en\/hay-festival-representatives-visit-rijeka\/\"},\"author\":{\"name\":\"Rijeka 2020\",\"@id\":\"https:\/\/rijeka2020.eu\/en\/#\/schema\/person\/9c12d91df8c45bc534f625d9c81f403d\"},\"headline\":\"Hay Festival representatives visit Rijeka\",\"datePublished\":\"2019-10-04T14:30:50+00:00\",\"dateModified\":\"2019-10-15T14:37:58+00:00\",\"mainEntityOfPage\":{\"@id\":\"https:\/\/ri2020.eu\/en\/hay-festival-representatives-visit-rijeka\/\"},\"wordCount\":286,\"publisher\":{\"@id\":\"https:\/\/rijeka2020.eu\/en\/#organization\"},\"image\":{\"@id\":\"https:\/\/ri2020.eu\/en\/hay-festival-representatives-visit-rijeka\/#primaryimage\"},\"thumbnailUrl\":\"https:\/\/ri2020.eu\/wp-content\/uploads\/2019\/10\/Projekt-Hay-Festival-2.jpg\",\"articleSection\":[\"Kitchen of Diversity\",\"News\"],\"inLanguage\":\"en-US\"},{\"@type\":\"WebPage\",\"@id\":\"https:\/\/ri2020.eu\/en\/hay-festival-representatives-visit-rijeka\/\",\"url\":\"https:\/\/ri2020.eu\/en\/hay-festival-representatives-visit-rijeka\/\",\"name\":\"Hay Festival representatives visit Rijeka &#8226; Rijeka 2020\",\"isPartOf\":{\"@id\":\"https:\/\/rijeka2020.eu\/en\/#website\"},\"primaryImageOfPage\":{\"@id\":\"https:\/\/ri2020.eu\/en\/hay-festival-representatives-visit-rijeka\/#primaryimage\"},\"image\":{\"@id\":\"https:\/\/ri2020.eu\/en\/hay-festival-representatives-visit-rijeka\/#primaryimage\"},\"thumbnailUrl\":\"https:\/\/ri2020.eu\/wp-content\/uploads\/2019\/10\/Projekt-Hay-Festival-2.jpg\",\"datePublished\":\"2019-10-04T14:30:50+00:00\",\"dateModified\":\"2019-10-15T14:37:58+00:00\",\"breadcrumb\":{\"@id\":\"https:\/\/ri2020.eu\/en\/hay-festival-representatives-visit-rijeka\/#breadcrumb\"},\"inLanguage\":\"en-US\",\"potentialAction\":[{\"@type\":\"ReadAction\",\"target\":[\"https:\/\/ri2020.eu\/en\/hay-festival-representatives-visit-rijeka\/\"]}]},{\"@type\":\"ImageObject\",\"inLanguage\":\"en-US\",\"@id\":\"https:\/\/ri2020.eu\/en\/hay-festival-representatives-visit-rijeka\/#primaryimage\",\"url\":\"https:\/\/ri2020.eu\/wp-content\/uploads\/2019\/10\/Projekt-Hay-Festival-2.jpg\",\"contentUrl\":\"https:\/\/ri2020.eu\/wp-content\/uploads\/2019\/10\/Projekt-Hay-Festival-2.jpg\",\"width\":1920,\"height\":1280},{\"@type\":\"BreadcrumbList\",\"@id\":\"https:\/\/ri2020.eu\/en\/hay-festival-representatives-visit-rijeka\/#breadcrumb\",\"itemListElement\":[{\"@type\":\"ListItem\",\"position\":1,\"name\":\"Home\",\"item\":\"https:\/\/rijeka2020.eu\/en\/\"},{\"@type\":\"ListItem\",\"position\":2,\"name\":\"Hay Festival representatives visit Rijeka\"}]},{\"@type\":\"WebSite\",\"@id\":\"https:\/\/rijeka2020.eu\/en\/#website\",\"url\":\"https:\/\/rijeka2020.eu\/en\/\",\"name\":\"Rijeka 2020\",\"description\":\"Europska prijestolnica kulture\",\"publisher\":{\"@id\":\"https:\/\/rijeka2020.eu\/en\/#organization\"},\"potentialAction\":[{\"@type\":\"SearchAction\",\"target\":{\"@type\":\"EntryPoint\",\"urlTemplate\":\"https:\/\/rijeka2020.eu\/en\/?s={search_term_string}\"},\"query-input\":{\"@type\":\"PropertyValueSpecification\",\"valueRequired\":true,\"valueName\":\"search_term_string\"}}],\"inLanguage\":\"en-US\"},{\"@type\":\"Organization\",\"@id\":\"https:\/\/rijeka2020.eu\/en\/#organization\",\"name\":\"Rijeka 2020 d.o.o.\",\"url\":\"https:\/\/rijeka2020.eu\/en\/\",\"logo\":{\"@type\":\"ImageObject\",\"inLanguage\":\"en-US\",\"@id\":\"https:\/\/rijeka2020.eu\/en\/#\/schema\/logo\/image\/\",\"url\":\"https:\/\/rijeka2020.eu\/wp-content\/uploads\/2018\/07\/Ri2020-logo.png\",\"contentUrl\":\"https:\/\/rijeka2020.eu\/wp-content\/uploads\/2018\/07\/Ri2020-logo.png\",\"width\":407,\"height\":175,\"caption\":\"Rijeka 2020 d.o.o.\"},\"image\":{\"@id\":\"https:\/\/rijeka2020.eu\/en\/#\/schema\/logo\/image\/\"},\"sameAs\":[\"https:\/\/www.facebook.com\/rijeka2020\",\"https:\/\/x.com\/Rijeka2020\",\"https:\/\/www.instagram.com\/rijeka2020\/\",\"https:\/\/www.youtube.com\/user\/riepk2020\"]},{\"@type\":\"Person\",\"@id\":\"https:\/\/rijeka2020.eu\/en\/#\/schema\/person\/9c12d91df8c45bc534f625d9c81f403d\",\"name\":\"Rijeka 2020\",\"url\":\"https:\/\/ri2020.eu\/en\/author\/lsm\/\"}]}<\/script>\n<!-- \/ Yoast SEO plugin. -->","yoast_head_json":{"title":"Hay Festival representatives visit Rijeka &#8226; Rijeka 2020","robots":{"index":"index","follow":"follow","max-snippet":"max-snippet:-1","max-image-preview":"max-image-preview:large","max-video-preview":"max-video-preview:-1"},"canonical":"https:\/\/ri2020.eu\/en\/hay-festival-representatives-visit-rijeka\/","og_locale":"en_US","og_type":"article","og_title":"Hay Festival representatives visit Rijeka &#8226; Rijeka 2020","og_description":"Next year, 28 women authors, artists and scholars from 28 European countries will visit Rijeka to share their vision for the future of Europe with the attendees over the course of three days. In addition to being featured in the anthology, their short stories will be presented at discussions, readings and performances in Rijeka.","og_url":"https:\/\/ri2020.eu\/en\/hay-festival-representatives-visit-rijeka\/","og_site_name":"Rijeka 2020","article_publisher":"https:\/\/www.facebook.com\/rijeka2020","article_published_time":"2019-10-04T14:30:50+00:00","article_modified_time":"2019-10-15T14:37:58+00:00","og_image":[{"width":1920,"height":1280,"url":"https:\/\/rijeka2020.eu\/wp-content\/uploads\/2019\/10\/Projekt-Hay-Festival-2.jpg","type":"image\/jpeg"}],"author":"Rijeka 2020","twitter_card":"summary_large_image","twitter_creator":"@Rijeka2020","twitter_site":"@Rijeka2020","twitter_misc":{"Written by":"Rijeka 2020","Est. reading time":"1 minute"},"schema":{"@context":"https:\/\/schema.org","@graph":[{"@type":"Article","@id":"https:\/\/ri2020.eu\/en\/hay-festival-representatives-visit-rijeka\/#article","isPartOf":{"@id":"https:\/\/ri2020.eu\/en\/hay-festival-representatives-visit-rijeka\/"},"author":{"name":"Rijeka 2020","@id":"https:\/\/rijeka2020.eu\/en\/#\/schema\/person\/9c12d91df8c45bc534f625d9c81f403d"},"headline":"Hay Festival representatives visit Rijeka","datePublished":"2019-10-04T14:30:50+00:00","dateModified":"2019-10-15T14:37:58+00:00","mainEntityOfPage":{"@id":"https:\/\/ri2020.eu\/en\/hay-festival-representatives-visit-rijeka\/"},"wordCount":286,"publisher":{"@id":"https:\/\/rijeka2020.eu\/en\/#organization"},"image":{"@id":"https:\/\/ri2020.eu\/en\/hay-festival-representatives-visit-rijeka\/#primaryimage"},"thumbnailUrl":"https:\/\/ri2020.eu\/wp-content\/uploads\/2019\/10\/Projekt-Hay-Festival-2.jpg","articleSection":["Kitchen of Diversity","News"],"inLanguage":"en-US"},{"@type":"WebPage","@id":"https:\/\/ri2020.eu\/en\/hay-festival-representatives-visit-rijeka\/","url":"https:\/\/ri2020.eu\/en\/hay-festival-representatives-visit-rijeka\/","name":"Hay Festival representatives visit Rijeka &#8226; Rijeka 2020","isPartOf":{"@id":"https:\/\/rijeka2020.eu\/en\/#website"},"primaryImageOfPage":{"@id":"https:\/\/ri2020.eu\/en\/hay-festival-representatives-visit-rijeka\/#primaryimage"},"image":{"@id":"https:\/\/ri2020.eu\/en\/hay-festival-representatives-visit-rijeka\/#primaryimage"},"thumbnailUrl":"https:\/\/ri2020.eu\/wp-content\/uploads\/2019\/10\/Projekt-Hay-Festival-2.jpg","datePublished":"2019-10-04T14:30:50+00:00","dateModified":"2019-10-15T14:37:58+00:00","breadcrumb":{"@id":"https:\/\/ri2020.eu\/en\/hay-festival-representatives-visit-rijeka\/#breadcrumb"},"inLanguage":"en-US","potentialAction":[{"@type":"ReadAction","target":["https:\/\/ri2020.eu\/en\/hay-festival-representatives-visit-rijeka\/"]}]},{"@type":"ImageObject","inLanguage":"en-US","@id":"https:\/\/ri2020.eu\/en\/hay-festival-representatives-visit-rijeka\/#primaryimage","url":"https:\/\/ri2020.eu\/wp-content\/uploads\/2019\/10\/Projekt-Hay-Festival-2.jpg","contentUrl":"https:\/\/ri2020.eu\/wp-content\/uploads\/2019\/10\/Projekt-Hay-Festival-2.jpg","width":1920,"height":1280},{"@type":"BreadcrumbList","@id":"https:\/\/ri2020.eu\/en\/hay-festival-representatives-visit-rijeka\/#breadcrumb","itemListElement":[{"@type":"ListItem","position":1,"name":"Home","item":"https:\/\/rijeka2020.eu\/en\/"},{"@type":"ListItem","position":2,"name":"Hay Festival representatives visit Rijeka"}]},{"@type":"WebSite","@id":"https:\/\/rijeka2020.eu\/en\/#website","url":"https:\/\/rijeka2020.eu\/en\/","name":"Rijeka 2020","description":"Europska prijestolnica kulture","publisher":{"@id":"https:\/\/rijeka2020.eu\/en\/#organization"},"potentialAction":[{"@type":"SearchAction","target":{"@type":"EntryPoint","urlTemplate":"https:\/\/rijeka2020.eu\/en\/?s={search_term_string}"},"query-input":{"@type":"PropertyValueSpecification","valueRequired":true,"valueName":"search_term_string"}}],"inLanguage":"en-US"},{"@type":"Organization","@id":"https:\/\/rijeka2020.eu\/en\/#organization","name":"Rijeka 2020 d.o.o.","url":"https:\/\/rijeka2020.eu\/en\/","logo":{"@type":"ImageObject","inLanguage":"en-US","@id":"https:\/\/rijeka2020.eu\/en\/#\/schema\/logo\/image\/","url":"https:\/\/rijeka2020.eu\/wp-content\/uploads\/2018\/07\/Ri2020-logo.png","contentUrl":"https:\/\/rijeka2020.eu\/wp-content\/uploads\/2018\/07\/Ri2020-logo.png","width":407,"height":175,"caption":"Rijeka 2020 d.o.o."},"image":{"@id":"https:\/\/rijeka2020.eu\/en\/#\/schema\/logo\/image\/"},"sameAs":["https:\/\/www.facebook.com\/rijeka2020","https:\/\/x.com\/Rijeka2020","https:\/\/www.instagram.com\/rijeka2020\/","https:\/\/www.youtube.com\/user\/riepk2020"]},{"@type":"Person","@id":"https:\/\/rijeka2020.eu\/en\/#\/schema\/person\/9c12d91df8c45bc534f625d9c81f403d","name":"Rijeka 2020","url":"https:\/\/ri2020.eu\/en\/author\/lsm\/"}]}},"_links":{"self":[{"href":"https:\/\/ri2020.eu\/en\/wp-json\/wp\/v2\/posts\/32787","targetHints":{"allow":["GET"]}}],"collection":[{"href":"https:\/\/ri2020.eu\/en\/wp-json\/wp\/v2\/posts"}],"about":[{"href":"https:\/\/ri2020.eu\/en\/wp-json\/wp\/v2\/types\/post"}],"author":[{"embeddable":true,"href":"https:\/\/ri2020.eu\/en\/wp-json\/wp\/v2\/users\/72"}],"replies":[{"embeddable":true,"href":"https:\/\/ri2020.eu\/en\/wp-json\/wp\/v2\/comments?post=32787"}],"version-history":[{"count":0,"href":"https:\/\/ri2020.eu\/en\/wp-json\/wp\/v2\/posts\/32787\/revisions"}],"wp:featuredmedia":[{"embeddable":true,"href":"https:\/\/ri2020.eu\/en\/wp-json\/wp\/v2\/media\/32420"}],"wp:attachment":[{"href":"https:\/\/ri2020.eu\/en\/wp-json\/wp\/v2\/media?parent=32787"}],"wp:term":[{"taxonomy":"category","embeddable":true,"href":"https:\/\/ri2020.eu\/en\/wp-json\/wp\/v2\/categories?post=32787"},{"taxonomy":"post_tag","embeddable":true,"href":"https:\/\/ri2020.eu\/en\/wp-json\/wp\/v2\/tags?post=32787"}],"curies":[{"name":"wp","href":"https:\/\/api.w.org\/{rel}","templated":true}]}}