{"id":32481,"date":"2019-09-19T15:37:49","date_gmt":"2019-09-19T13:37:49","guid":{"rendered":"https:\/\/rijeka2020.eu\/?p=32481"},"modified":"2019-10-09T15:43:53","modified_gmt":"2019-10-09T13:43:53","slug":"announcement-of-the-childrens-programme-taking-place-as-part-of-the-european-capital-of-culture-in-rijeka-2020","status":"publish","type":"post","link":"https:\/\/ri2020.eu\/en\/announcement-of-the-childrens-programme-taking-place-as-part-of-the-european-capital-of-culture-in-rijeka-2020\/","title":{"rendered":"Announcement of the children&#8217;s programme taking place as part of the  European capital of culture in Rijeka, 2020"},"content":{"rendered":"<p>The 2020 children&#8217;s programme, which is incorporated into the Children&#8217;s House flagship, was announced to the public today, while reporters also visited the construction site of the eponymous structure, which is receiving its finishing touches at the former Rikard Ben\u010di\u0107 factory complex. Rijeka further continues with the announcements of the extensive cultural programme that will be taking place in Rijeka during 2020 \u2013 announcements that will continue until the end of September and well into October of this year.<\/p>\n<p>The Children&#8217;s House flagship, which is a part of the ECoC Rijeka 2020 project, was announced by Emina Vi\u0161ni\u0107, the director of the company founded with the purpose of implementing the ECoC programme, by pointing out the core idea and motto of the children&#8217;s programme &#8211; &#8220;with them, not just for them&#8221;, which indicates the method and approach to devising the concept of the children-oriented events that will be held in Rijeka in 2020.<\/p>\n<p><strong>A creative environment for the creators of a better and brighter future world<\/strong><\/p>\n<p>The values behind the Children&#8217;s House flagship suggest that children growing up in a creative environment could become the leaders and creators of a better and brighter future world. In this context, the aforementioned portion of the ECoC programme emphasises the imagination and fantasy that spark creativity in children.<\/p>\n<p>Some of the programmes taking place in 2020 have been taking shape and growing for the past three years, such as the Tobogan children&#8217;s festival, while others have been surprising both children and adults, such as the first large-scale exhibition dedicated to the beloved character that is professor Balthazar.<\/p>\n<p>The head of the children&#8217;s programme of the European Capital of Culture project, Jelena Mili\u0107, paid special attention to the Tobogan Festival, which will, following three years of preparations, be enhanced with spectacular outdoor events, workshops, plays, concerts, street performances, games, movie screenings, videogames, dance events, art interventions and other content aimed at children.<\/p>\n<blockquote><p><em>Besides Tobogan, I would also like to draw attention to the programme segment honouring the legacy of the legendary Professor Balthazar, with the large-scale interactive exhibition dedicated to him at Exportdrvo as the centrepiece of the event. It should also be noted that this is the first exhibition dedicated to this popular character, who undoubtedly has a special place in our hearts <\/em>\u2013 Mili\u0107 said<em>.<\/em><\/p><\/blockquote>\n<p><strong>Non-violence, tolerance and diversity in Rijeka&#8217;s Balthazartown<\/strong><\/p>\n<p>As the European Capital of Culture, Rijeka will bring Balthazar to the city because the panorama of this city supposedly served as inspiration for creating Balthazartown. Also connected with Balthazar are the artistic decoration of the Ship Uragan (Hurricane) and Gr\u010devo beach, which will be transplanted to Balthazartown, while the popular professor will visit numerous neighbourhoods in Rijeka in a special way via the Visiting Professor programme.<\/p>\n<blockquote><p><em>Zlatko Bourek, the artist behind Balthazartown, was inspired by the architecture and atmosphere of a hard-working port city. Balthazar provides creative solutions to the problems of his fellow townspeople and advocates non-violence, tolerance, diversity, friendship and altruism. And these are values that overlap with the values of this portion of the Children&#8217;s House and the ECoC project, which is why such a large programme segment is dedicated to Professor Balthazar and the values and aesthetics espoused by this animated film <\/em>\u2013 Mili\u0107 stressed.<\/p><\/blockquote>\n<p><strong>Puppet horror &#8211; Scaredy-Cats, youth puppet play &#8211; Children of the Port<\/strong><\/p>\n<p>Magdalena Lupi Alvir, Director of the Rijeka City Puppet Theatre, announced a portion of the 2020 programme prepared by the puppet theatre that is bound to pique the interest of the public with its high-quality content.<\/p>\n<p>She noted that the Rijeka City Puppet Theatre is celebrating its 60th anniversary next year, with a focus on debuts and premieres. Among a plethora of plays, she singled out Bombiniera Variete! by the world-renowned Slovene director Matija Solce, which will provide a crash course in the history of puppetry in Rijeka. Lupi Alvir also pointed out the play Oh la la!, which was created in collaboration with esteemed Slovene and French authors.<\/p>\n<p>Slobodanka Mi\u0161kovi\u0107, the director of Art-Kino, announced the projects Media Literacy Days and Travelling Film Workshops, which aim to encourage young people about making films and to further educate filmmakers and those interested in the medium of film and the craft of filmmaking.<\/p>\n<p>Ivo Matuli\u0107, Acting Director of the Museum of Modern and Contemporary Art, pointed out that the museum will participate in the Children&#8217;s House programme by bringing to Rijeka the Danish artist Karoline H. Larsen and the Portuguese artist Pedro Campiche, who, much like Professor Balthazar, helps his fellow townspeople by providing imaginative and creative solutions. In this case, he will paint murals at the children&#8217;s playground.<\/p>\n<p><strong>A week becomes a month brimming with children&#8217;s books<\/strong><\/p>\n<p>A combination of book games and quizzes, promotions of books and their authors &#8211; writers, illustrators and translators, as well as storytelling, reading, talks, workshops that provide a full story experience, readers&#8217; discussions, painting, reading research, visual experiences and exhibitions will be included in the children&#8217;s programme organised by the Rijeka City Library.<\/p>\n<blockquote><p><em>The City Library will participate in the 2020 children&#8217;s programme with the Month of Quality Children&#8217;s Literature programme, which is the biggest celebration of reading from a young age<\/em> \u2013 Niko Cvjetkovi\u0107, Director of the Rijeka City Library, pointed out.<\/p><\/blockquote>\n<p>The recent Week will become a Month of Quality Children&#8217;s Literature, thus marking the relocation of Stribor Children&#8217;s Department to the new Children&#8217;s House building in the Ben\u010di\u0107 art neighbourhood.<\/p>\n<p><strong>Construction of the lower two floors of the first Children&#8217;s House has been completed<\/strong><\/p>\n<p>The social values championed by the children&#8217;s programme of the European Capital of Culture 2020 project have been woven into the design concept of the Children&#8217;s House, whose construction is coming along nicely.<\/p>\n<p>Construction work on the Children&#8217;s House commenced in March of this year. Sofar, in addition to preparatory works, the demolition of the non-load-bearing partition walls and the construction of the former Brick Building, concrete paving has been laid on the ground and first floors of the new Children&#8217;s House. The elevator shafts have been built, all the window panes have been installed, and the structure of the auditorium, which will be located in the screening area of the house, has been built. Carpentry works, preparatory works for the concrete mezzanine on the third floor and the roof frame, along with the partial renovation of the fa\u00e7ade, are currently in progress. This will be followed by installation and finishing works.<\/p>\n<blockquote><p><em>All the children&#8217;s programmes and activities will be jointly organised at the prospective Children&#8217;s House in Rijeka by the city&#8217;s cultural institutions <\/em><em>\u2013 Art Kino, the Rijeka City Library, the Rijeka City Puppet Theatre and the Museum of Modern and Contemporary Art in cooperation with their partners<\/em> \u2013 emphasised Marko Filipovi\u0107, Deputy mayor of Rijeka, also stated that the civil engineering works will be carried out by the company ING \u2013 GRAD from Zagreb in an HRK 42 million investment co-financed by EU funds.<\/p><\/blockquote>\n<p>Ivan \u0160arar, Head of the City of Rijeka Department of Culture, took the reporters on a tour of the ground and first floors of the soon-to-be Children&#8217;s House, which will be aimed at children between the ages of 0 and 12. The atrium of the Children&#8217;s House is supposed to double as a living room; a multi-purpose hall with 110 seats, several working spaces and a film and music studio will be located on the first and second floors, while the third floor will house the Stribor children\u2019s department of the city library. A storytelling theatre will be situated in a small amphitheatre on the roof of the Children&#8217;s House.<\/p>\n<p><img loading=\"lazy\" decoding=\"async\" class=\"alignnone size-full wp-image-32023\" src=\"https:\/\/rijeka2020.eu\/wp-content\/uploads\/2019\/09\/Dje\u010dja-ku\u0107a-press-i-obilazak-5.jpg\" alt=\"\" width=\"2048\" height=\"1365\" srcset=\"https:\/\/ri2020.eu\/wp-content\/uploads\/2019\/09\/Dje\u010dja-ku\u0107a-press-i-obilazak-5.jpg 2048w, https:\/\/ri2020.eu\/wp-content\/uploads\/2019\/09\/Dje\u010dja-ku\u0107a-press-i-obilazak-5-248x165.jpg 248w, https:\/\/ri2020.eu\/wp-content\/uploads\/2019\/09\/Dje\u010dja-ku\u0107a-press-i-obilazak-5-768x512.jpg 768w, https:\/\/ri2020.eu\/wp-content\/uploads\/2019\/09\/Dje\u010dja-ku\u0107a-press-i-obilazak-5-1024x683.jpg 1024w, https:\/\/ri2020.eu\/wp-content\/uploads\/2019\/09\/Dje\u010dja-ku\u0107a-press-i-obilazak-5-250x167.jpg 250w, https:\/\/ri2020.eu\/wp-content\/uploads\/2019\/09\/Dje\u010dja-ku\u0107a-press-i-obilazak-5-420x280.jpg 420w\" sizes=\"auto, (max-width: 2048px) 100vw, 2048px\" \/><\/p>\n<p>The reconstruction and construction of the Children&#8217;s House and the prospective library is an integral part of the Revitalisation of the Ben\u010di\u0107 \u2013 Cigleni Complex and the T-Shaped Facility project, the total value of which is estimated at HRK 162,123,324.61. The project was financed by the EU Regional Development Fund with operating grants in the amount of HRK 68.2 million, which were approved following a public call by the Ministry of Regional Development and EU Funds. The project is financed by the Operational Programme Competitiveness and Cohesion 2014-2020.<\/p>\n","protected":false},"excerpt":{"rendered":"<p>Rijeka will be the first city in Croatia to receive a Children&#8217;s House, the namesake of the children-oriented cultural programme that will take place in Rijeka in 2020 when the city will hold the title of European Capital of Culture.<\/p>\n","protected":false},"author":72,"featured_media":32021,"comment_status":"closed","ping_status":"closed","sticky":false,"template":"","format":"standard","meta":{"_acf_changed":false,"footnotes":""},"categories":[3055,2731],"tags":[],"class_list":["post-32481","post","type-post","status-publish","format-standard","has-post-thumbnail","hentry","category-childrens-house","category-news"],"acf":[],"yoast_head":"<!-- This site is optimized with the Yoast SEO plugin v26.8 - https:\/\/yoast.com\/product\/yoast-seo-wordpress\/ -->\n<title>Announcement of the children&#039;s programme taking place as part of the European capital of culture in Rijeka, 2020 &#8226; Rijeka 2020<\/title>\n<meta name=\"robots\" content=\"index, follow, max-snippet:-1, max-image-preview:large, max-video-preview:-1\" \/>\n<link rel=\"canonical\" href=\"https:\/\/ri2020.eu\/en\/announcement-of-the-childrens-programme-taking-place-as-part-of-the-european-capital-of-culture-in-rijeka-2020\/\" \/>\n<meta property=\"og:locale\" content=\"en_US\" \/>\n<meta property=\"og:type\" content=\"article\" \/>\n<meta property=\"og:title\" content=\"Announcement of the children&#039;s programme taking place as part of the European capital of culture in Rijeka, 2020 &#8226; Rijeka 2020\" \/>\n<meta property=\"og:description\" content=\"Rijeka will be the first city in Croatia to receive a Children&#039;s House, the namesake of the children-oriented cultural programme that will take place in Rijeka in 2020 when the city will hold the title of European Capital of Culture.\" \/>\n<meta property=\"og:url\" content=\"https:\/\/ri2020.eu\/en\/announcement-of-the-childrens-programme-taking-place-as-part-of-the-european-capital-of-culture-in-rijeka-2020\/\" \/>\n<meta property=\"og:site_name\" content=\"Rijeka 2020\" \/>\n<meta property=\"article:publisher\" content=\"https:\/\/www.facebook.com\/rijeka2020\" \/>\n<meta property=\"article:published_time\" content=\"2019-09-19T13:37:49+00:00\" \/>\n<meta property=\"article:modified_time\" content=\"2019-10-09T13:43:53+00:00\" \/>\n<meta property=\"og:image\" content=\"https:\/\/ri2020.eu\/wp-content\/uploads\/2019\/09\/Dje\u010dja-ku\u0107a-press-i-obilazak-3.jpg\" \/>\n\t<meta property=\"og:image:width\" content=\"2048\" \/>\n\t<meta property=\"og:image:height\" content=\"1365\" \/>\n\t<meta property=\"og:image:type\" content=\"image\/jpeg\" \/>\n<meta name=\"author\" content=\"Rijeka 2020\" \/>\n<meta name=\"twitter:card\" content=\"summary_large_image\" \/>\n<meta name=\"twitter:creator\" content=\"@Rijeka2020\" \/>\n<meta name=\"twitter:site\" content=\"@Rijeka2020\" \/>\n<meta name=\"twitter:label1\" content=\"Written by\" \/>\n\t<meta name=\"twitter:data1\" content=\"Rijeka 2020\" \/>\n\t<meta name=\"twitter:label2\" content=\"Est. reading time\" \/>\n\t<meta name=\"twitter:data2\" content=\"7 minutes\" \/>\n<script type=\"application\/ld+json\" class=\"yoast-schema-graph\">{\"@context\":\"https:\/\/schema.org\",\"@graph\":[{\"@type\":\"Article\",\"@id\":\"https:\/\/ri2020.eu\/en\/announcement-of-the-childrens-programme-taking-place-as-part-of-the-european-capital-of-culture-in-rijeka-2020\/#article\",\"isPartOf\":{\"@id\":\"https:\/\/ri2020.eu\/en\/announcement-of-the-childrens-programme-taking-place-as-part-of-the-european-capital-of-culture-in-rijeka-2020\/\"},\"author\":{\"name\":\"Rijeka 2020\",\"@id\":\"https:\/\/ri2020.eu\/en\/#\/schema\/person\/9c12d91df8c45bc534f625d9c81f403d\"},\"headline\":\"Announcement of the children&#8217;s programme taking place as part of the European capital of culture in Rijeka, 2020\",\"datePublished\":\"2019-09-19T13:37:49+00:00\",\"dateModified\":\"2019-10-09T13:43:53+00:00\",\"mainEntityOfPage\":{\"@id\":\"https:\/\/ri2020.eu\/en\/announcement-of-the-childrens-programme-taking-place-as-part-of-the-european-capital-of-culture-in-rijeka-2020\/\"},\"wordCount\":1384,\"publisher\":{\"@id\":\"https:\/\/ri2020.eu\/en\/#organization\"},\"image\":{\"@id\":\"https:\/\/ri2020.eu\/en\/announcement-of-the-childrens-programme-taking-place-as-part-of-the-european-capital-of-culture-in-rijeka-2020\/#primaryimage\"},\"thumbnailUrl\":\"https:\/\/ri2020.eu\/wp-content\/uploads\/2019\/09\/Dje\u010dja-ku\u0107a-press-i-obilazak-3.jpg\",\"articleSection\":[\"Children's House\",\"News\"],\"inLanguage\":\"en-US\"},{\"@type\":\"WebPage\",\"@id\":\"https:\/\/ri2020.eu\/en\/announcement-of-the-childrens-programme-taking-place-as-part-of-the-european-capital-of-culture-in-rijeka-2020\/\",\"url\":\"https:\/\/ri2020.eu\/en\/announcement-of-the-childrens-programme-taking-place-as-part-of-the-european-capital-of-culture-in-rijeka-2020\/\",\"name\":\"Announcement of the children's programme taking place as part of the European capital of culture in Rijeka, 2020 &#8226; Rijeka 2020\",\"isPartOf\":{\"@id\":\"https:\/\/ri2020.eu\/en\/#website\"},\"primaryImageOfPage\":{\"@id\":\"https:\/\/ri2020.eu\/en\/announcement-of-the-childrens-programme-taking-place-as-part-of-the-european-capital-of-culture-in-rijeka-2020\/#primaryimage\"},\"image\":{\"@id\":\"https:\/\/ri2020.eu\/en\/announcement-of-the-childrens-programme-taking-place-as-part-of-the-european-capital-of-culture-in-rijeka-2020\/#primaryimage\"},\"thumbnailUrl\":\"https:\/\/ri2020.eu\/wp-content\/uploads\/2019\/09\/Dje\u010dja-ku\u0107a-press-i-obilazak-3.jpg\",\"datePublished\":\"2019-09-19T13:37:49+00:00\",\"dateModified\":\"2019-10-09T13:43:53+00:00\",\"breadcrumb\":{\"@id\":\"https:\/\/ri2020.eu\/en\/announcement-of-the-childrens-programme-taking-place-as-part-of-the-european-capital-of-culture-in-rijeka-2020\/#breadcrumb\"},\"inLanguage\":\"en-US\",\"potentialAction\":[{\"@type\":\"ReadAction\",\"target\":[\"https:\/\/ri2020.eu\/en\/announcement-of-the-childrens-programme-taking-place-as-part-of-the-european-capital-of-culture-in-rijeka-2020\/\"]}]},{\"@type\":\"ImageObject\",\"inLanguage\":\"en-US\",\"@id\":\"https:\/\/ri2020.eu\/en\/announcement-of-the-childrens-programme-taking-place-as-part-of-the-european-capital-of-culture-in-rijeka-2020\/#primaryimage\",\"url\":\"https:\/\/ri2020.eu\/wp-content\/uploads\/2019\/09\/Dje\u010dja-ku\u0107a-press-i-obilazak-3.jpg\",\"contentUrl\":\"https:\/\/ri2020.eu\/wp-content\/uploads\/2019\/09\/Dje\u010dja-ku\u0107a-press-i-obilazak-3.jpg\",\"width\":2048,\"height\":1365,\"caption\":\"Dje\u010dja ku\u0107a\"},{\"@type\":\"BreadcrumbList\",\"@id\":\"https:\/\/ri2020.eu\/en\/announcement-of-the-childrens-programme-taking-place-as-part-of-the-european-capital-of-culture-in-rijeka-2020\/#breadcrumb\",\"itemListElement\":[{\"@type\":\"ListItem\",\"position\":1,\"name\":\"Home\",\"item\":\"https:\/\/ri2020.eu\/en\/\"},{\"@type\":\"ListItem\",\"position\":2,\"name\":\"Announcement of the children&#8217;s programme taking place as part of the European capital of culture in Rijeka, 2020\"}]},{\"@type\":\"WebSite\",\"@id\":\"https:\/\/ri2020.eu\/en\/#website\",\"url\":\"https:\/\/ri2020.eu\/en\/\",\"name\":\"Rijeka 2020\",\"description\":\"Europska prijestolnica kulture\",\"publisher\":{\"@id\":\"https:\/\/ri2020.eu\/en\/#organization\"},\"potentialAction\":[{\"@type\":\"SearchAction\",\"target\":{\"@type\":\"EntryPoint\",\"urlTemplate\":\"https:\/\/ri2020.eu\/en\/?s={search_term_string}\"},\"query-input\":{\"@type\":\"PropertyValueSpecification\",\"valueRequired\":true,\"valueName\":\"search_term_string\"}}],\"inLanguage\":\"en-US\"},{\"@type\":\"Organization\",\"@id\":\"https:\/\/ri2020.eu\/en\/#organization\",\"name\":\"Rijeka 2020 d.o.o.\",\"url\":\"https:\/\/ri2020.eu\/en\/\",\"logo\":{\"@type\":\"ImageObject\",\"inLanguage\":\"en-US\",\"@id\":\"https:\/\/ri2020.eu\/en\/#\/schema\/logo\/image\/\",\"url\":\"https:\/\/rijeka2020.eu\/wp-content\/uploads\/2018\/07\/Ri2020-logo.png\",\"contentUrl\":\"https:\/\/rijeka2020.eu\/wp-content\/uploads\/2018\/07\/Ri2020-logo.png\",\"width\":407,\"height\":175,\"caption\":\"Rijeka 2020 d.o.o.\"},\"image\":{\"@id\":\"https:\/\/ri2020.eu\/en\/#\/schema\/logo\/image\/\"},\"sameAs\":[\"https:\/\/www.facebook.com\/rijeka2020\",\"https:\/\/x.com\/Rijeka2020\",\"https:\/\/www.instagram.com\/rijeka2020\/\",\"https:\/\/www.youtube.com\/user\/riepk2020\"]},{\"@type\":\"Person\",\"@id\":\"https:\/\/ri2020.eu\/en\/#\/schema\/person\/9c12d91df8c45bc534f625d9c81f403d\",\"name\":\"Rijeka 2020\",\"url\":\"https:\/\/ri2020.eu\/en\/author\/lsm\/\"}]}<\/script>\n<!-- \/ Yoast SEO plugin. -->","yoast_head_json":{"title":"Announcement of the children's programme taking place as part of the European capital of culture in Rijeka, 2020 &#8226; Rijeka 2020","robots":{"index":"index","follow":"follow","max-snippet":"max-snippet:-1","max-image-preview":"max-image-preview:large","max-video-preview":"max-video-preview:-1"},"canonical":"https:\/\/ri2020.eu\/en\/announcement-of-the-childrens-programme-taking-place-as-part-of-the-european-capital-of-culture-in-rijeka-2020\/","og_locale":"en_US","og_type":"article","og_title":"Announcement of the children's programme taking place as part of the European capital of culture in Rijeka, 2020 &#8226; Rijeka 2020","og_description":"Rijeka will be the first city in Croatia to receive a Children's House, the namesake of the children-oriented cultural programme that will take place in Rijeka in 2020 when the city will hold the title of European Capital of Culture.","og_url":"https:\/\/ri2020.eu\/en\/announcement-of-the-childrens-programme-taking-place-as-part-of-the-european-capital-of-culture-in-rijeka-2020\/","og_site_name":"Rijeka 2020","article_publisher":"https:\/\/www.facebook.com\/rijeka2020","article_published_time":"2019-09-19T13:37:49+00:00","article_modified_time":"2019-10-09T13:43:53+00:00","og_image":[{"width":2048,"height":1365,"url":"https:\/\/ri2020.eu\/wp-content\/uploads\/2019\/09\/Dje\u010dja-ku\u0107a-press-i-obilazak-3.jpg","type":"image\/jpeg"}],"author":"Rijeka 2020","twitter_card":"summary_large_image","twitter_creator":"@Rijeka2020","twitter_site":"@Rijeka2020","twitter_misc":{"Written by":"Rijeka 2020","Est. reading time":"7 minutes"},"schema":{"@context":"https:\/\/schema.org","@graph":[{"@type":"Article","@id":"https:\/\/ri2020.eu\/en\/announcement-of-the-childrens-programme-taking-place-as-part-of-the-european-capital-of-culture-in-rijeka-2020\/#article","isPartOf":{"@id":"https:\/\/ri2020.eu\/en\/announcement-of-the-childrens-programme-taking-place-as-part-of-the-european-capital-of-culture-in-rijeka-2020\/"},"author":{"name":"Rijeka 2020","@id":"https:\/\/ri2020.eu\/en\/#\/schema\/person\/9c12d91df8c45bc534f625d9c81f403d"},"headline":"Announcement of the children&#8217;s programme taking place as part of the European capital of culture in Rijeka, 2020","datePublished":"2019-09-19T13:37:49+00:00","dateModified":"2019-10-09T13:43:53+00:00","mainEntityOfPage":{"@id":"https:\/\/ri2020.eu\/en\/announcement-of-the-childrens-programme-taking-place-as-part-of-the-european-capital-of-culture-in-rijeka-2020\/"},"wordCount":1384,"publisher":{"@id":"https:\/\/ri2020.eu\/en\/#organization"},"image":{"@id":"https:\/\/ri2020.eu\/en\/announcement-of-the-childrens-programme-taking-place-as-part-of-the-european-capital-of-culture-in-rijeka-2020\/#primaryimage"},"thumbnailUrl":"https:\/\/ri2020.eu\/wp-content\/uploads\/2019\/09\/Dje\u010dja-ku\u0107a-press-i-obilazak-3.jpg","articleSection":["Children's House","News"],"inLanguage":"en-US"},{"@type":"WebPage","@id":"https:\/\/ri2020.eu\/en\/announcement-of-the-childrens-programme-taking-place-as-part-of-the-european-capital-of-culture-in-rijeka-2020\/","url":"https:\/\/ri2020.eu\/en\/announcement-of-the-childrens-programme-taking-place-as-part-of-the-european-capital-of-culture-in-rijeka-2020\/","name":"Announcement of the children's programme taking place as part of the European capital of culture in Rijeka, 2020 &#8226; Rijeka 2020","isPartOf":{"@id":"https:\/\/ri2020.eu\/en\/#website"},"primaryImageOfPage":{"@id":"https:\/\/ri2020.eu\/en\/announcement-of-the-childrens-programme-taking-place-as-part-of-the-european-capital-of-culture-in-rijeka-2020\/#primaryimage"},"image":{"@id":"https:\/\/ri2020.eu\/en\/announcement-of-the-childrens-programme-taking-place-as-part-of-the-european-capital-of-culture-in-rijeka-2020\/#primaryimage"},"thumbnailUrl":"https:\/\/ri2020.eu\/wp-content\/uploads\/2019\/09\/Dje\u010dja-ku\u0107a-press-i-obilazak-3.jpg","datePublished":"2019-09-19T13:37:49+00:00","dateModified":"2019-10-09T13:43:53+00:00","breadcrumb":{"@id":"https:\/\/ri2020.eu\/en\/announcement-of-the-childrens-programme-taking-place-as-part-of-the-european-capital-of-culture-in-rijeka-2020\/#breadcrumb"},"inLanguage":"en-US","potentialAction":[{"@type":"ReadAction","target":["https:\/\/ri2020.eu\/en\/announcement-of-the-childrens-programme-taking-place-as-part-of-the-european-capital-of-culture-in-rijeka-2020\/"]}]},{"@type":"ImageObject","inLanguage":"en-US","@id":"https:\/\/ri2020.eu\/en\/announcement-of-the-childrens-programme-taking-place-as-part-of-the-european-capital-of-culture-in-rijeka-2020\/#primaryimage","url":"https:\/\/ri2020.eu\/wp-content\/uploads\/2019\/09\/Dje\u010dja-ku\u0107a-press-i-obilazak-3.jpg","contentUrl":"https:\/\/ri2020.eu\/wp-content\/uploads\/2019\/09\/Dje\u010dja-ku\u0107a-press-i-obilazak-3.jpg","width":2048,"height":1365,"caption":"Dje\u010dja ku\u0107a"},{"@type":"BreadcrumbList","@id":"https:\/\/ri2020.eu\/en\/announcement-of-the-childrens-programme-taking-place-as-part-of-the-european-capital-of-culture-in-rijeka-2020\/#breadcrumb","itemListElement":[{"@type":"ListItem","position":1,"name":"Home","item":"https:\/\/ri2020.eu\/en\/"},{"@type":"ListItem","position":2,"name":"Announcement of the children&#8217;s programme taking place as part of the European capital of culture in Rijeka, 2020"}]},{"@type":"WebSite","@id":"https:\/\/ri2020.eu\/en\/#website","url":"https:\/\/ri2020.eu\/en\/","name":"Rijeka 2020","description":"Europska prijestolnica kulture","publisher":{"@id":"https:\/\/ri2020.eu\/en\/#organization"},"potentialAction":[{"@type":"SearchAction","target":{"@type":"EntryPoint","urlTemplate":"https:\/\/ri2020.eu\/en\/?s={search_term_string}"},"query-input":{"@type":"PropertyValueSpecification","valueRequired":true,"valueName":"search_term_string"}}],"inLanguage":"en-US"},{"@type":"Organization","@id":"https:\/\/ri2020.eu\/en\/#organization","name":"Rijeka 2020 d.o.o.","url":"https:\/\/ri2020.eu\/en\/","logo":{"@type":"ImageObject","inLanguage":"en-US","@id":"https:\/\/ri2020.eu\/en\/#\/schema\/logo\/image\/","url":"https:\/\/rijeka2020.eu\/wp-content\/uploads\/2018\/07\/Ri2020-logo.png","contentUrl":"https:\/\/rijeka2020.eu\/wp-content\/uploads\/2018\/07\/Ri2020-logo.png","width":407,"height":175,"caption":"Rijeka 2020 d.o.o."},"image":{"@id":"https:\/\/ri2020.eu\/en\/#\/schema\/logo\/image\/"},"sameAs":["https:\/\/www.facebook.com\/rijeka2020","https:\/\/x.com\/Rijeka2020","https:\/\/www.instagram.com\/rijeka2020\/","https:\/\/www.youtube.com\/user\/riepk2020"]},{"@type":"Person","@id":"https:\/\/ri2020.eu\/en\/#\/schema\/person\/9c12d91df8c45bc534f625d9c81f403d","name":"Rijeka 2020","url":"https:\/\/ri2020.eu\/en\/author\/lsm\/"}]}},"_links":{"self":[{"href":"https:\/\/ri2020.eu\/en\/wp-json\/wp\/v2\/posts\/32481","targetHints":{"allow":["GET"]}}],"collection":[{"href":"https:\/\/ri2020.eu\/en\/wp-json\/wp\/v2\/posts"}],"about":[{"href":"https:\/\/ri2020.eu\/en\/wp-json\/wp\/v2\/types\/post"}],"author":[{"embeddable":true,"href":"https:\/\/ri2020.eu\/en\/wp-json\/wp\/v2\/users\/72"}],"replies":[{"embeddable":true,"href":"https:\/\/ri2020.eu\/en\/wp-json\/wp\/v2\/comments?post=32481"}],"version-history":[{"count":0,"href":"https:\/\/ri2020.eu\/en\/wp-json\/wp\/v2\/posts\/32481\/revisions"}],"wp:featuredmedia":[{"embeddable":true,"href":"https:\/\/ri2020.eu\/en\/wp-json\/wp\/v2\/media\/32021"}],"wp:attachment":[{"href":"https:\/\/ri2020.eu\/en\/wp-json\/wp\/v2\/media?parent=32481"}],"wp:term":[{"taxonomy":"category","embeddable":true,"href":"https:\/\/ri2020.eu\/en\/wp-json\/wp\/v2\/categories?post=32481"},{"taxonomy":"post_tag","embeddable":true,"href":"https:\/\/ri2020.eu\/en\/wp-json\/wp\/v2\/tags?post=32481"}],"curies":[{"name":"wp","href":"https:\/\/api.w.org\/{rel}","templated":true}]}}