{"id":32353,"date":"2019-09-10T17:12:42","date_gmt":"2019-09-10T15:12:42","guid":{"rendered":"https:\/\/rijeka2020.eu\/?p=32353"},"modified":"2019-10-02T17:13:23","modified_gmt":"2019-10-02T15:13:23","slug":"rijeka-begins-the-introduction-of-the-eventful-cultural-programme-for-2020","status":"publish","type":"post","link":"https:\/\/ri2020.eu\/en\/rijeka-begins-the-introduction-of-the-eventful-cultural-programme-for-2020\/","title":{"rendered":"Rijeka begins the introduction of the eventful cultural programme for 2020"},"content":{"rendered":"<p>Events that will take place in Rijeka and Primorje-Gorski Kotar County in 2020 as part of the <em>27 Neighbourhoods <\/em><a href=\"https:\/\/rijeka2020.eu\/program\/27-susjedstava\/\"><em>flagship,<\/em><\/a> which has a distinct regional and European flavour, were introduced today.<\/p>\n<p><strong>Cultural mobilisation of residents and the local population across Primorje-Gorski Kotar County<\/strong><\/p>\n<p>The name of the flagship itself \u2013 27 Neighbourhoods \u2013 is a symbolic reference to the 27 countries of the European Union that form the European neighbourhood of Croatia<strong>.<\/strong>\u00a0\u00a0Also involved in Rijeka&#8217;s European Capital of Culture programme are the residents and local population of 27 cities, towns, municipalities and villages in Primorje-Gorski Kotar County, which are connected with the same number of local areas and organisations from the European Union via the Capital of Culture project.<br \/>\nThis is a case of a hitherto unseen cultural mobilisation. However, it should also be noted that the Capital of Culture project is essentially a conduit for connecting European citizens by introducing and learning more about the cultural diversity of countries that make up the total wealth of Europe.<\/p>\n<p><strong>Interconnections and collaboration networks guarantee future European socialisation<\/strong><\/p>\n<p>As emphasised several times at today&#8217;s introduction of the implementing programme, in addition to the\u00a0<strong>Neighbourhood Festival,<\/strong>\u00a0which will be held in the wider area of Gorski Kotar, as well as in Rijeka and numerous other coastal towns and municipalities, the value of this portion of the European Capital of Culture programme is reflected in the interconnection of European citizens by creating collaboration networks as a guarantee of future cultural activities that will continue even after 2020.<\/p>\n<p><strong>Neighbourhood festivals in the mountains and at sea &#8211; from spectacular bell-ringers to nanotechnology<\/strong><\/p>\n<p>Neighbourhood festivals offer a plethora of cultural and art programmes that provide a fascinating and alluring platform for smaller communities to convey their everyday life, as well as issues that are common in urban and rural areas of Gorski Kotar, the islands, coast, cities, towns and villages.<\/p>\n<p>Bell-ringers, the most famous paraders of cattle-themed carnival magic in Croatia, will ring in the Neighbourhood festivals in February of 2020. The Grobnik &#8220;dondola\u0161i&#8221; and various other bell-ringing groups from all over Europe will come together in the\u00a0<em>Bell-Ringer&#8217;s Symphony<\/em>\u00a0in the neighbourhood of<strong>\u00a0\u010cavle<\/strong>, a small municipality outside Rijeka, while the\u00a0<em>Bell-Ringer&#8217;s Festival<\/em>\u00a0in the neighbourhood of<strong>\u00a0Matulji,<\/strong>\u00a0also located near Rijeka, will present the magical ritual of carnival customs and the valuable initiative for the opening of a school for obtaining knowledge rooted in traditional customs. \u00a0The <strong><em>Campus for All<\/em><\/strong>\u00a0programme,\u00a0<em>which encompasses<\/em> 19 year-round projects implemented by professors and students from the University of Rijeka, such as\u00a0<em>Smart STEM Workshops or Inspirations from the Nano World<\/em>\u00a0etc., will be held throughout the year at the university <strong>campus<\/strong>, which will connect with Trieste, another 2020 European Capital of Culture, at an international conference in March of 2020.<\/p>\n<p><strong>The secrets of Lujzijana and testimonies by sailors on archaeological bicycle trails to the Mrkopalj Winter Museum in April<\/strong><\/p>\n<p><strong>In April, <\/strong><strong>Delnice<\/strong> will tell the story of a road that lost its purpose. With the\u00a0<em>Luizijana Magic Tour<\/em> show, the <em>Trafik art collective<\/em>\u00a0brings a world premiere inspired by road movies.<br \/>\n<strong>Kostrena<\/strong>,\u00a0<strong>one of the wealthiest municipalities<\/strong> in the Rijeka region, will tell a unique story via audio recordings and an interesting exhibition of the recollections of sailors from Kostrena and their families by looking back at transitional moments, property issues and the foundation of the Sailor&#8217;s House. \u00a0Guided by the idea of an open-air museum, in the neighbourhood,\u00a0<strong>they systemise<\/strong>\u00a0the archaeological heritage of<strong> Rab Island <\/strong>by connecting it with walking and cycling trails. The opening ceremony and the unveiling of the Rab Open-Air Archaeological Museum will be accompanied by the\u00a0<em>Rab Archaeological (T)races 2020 race<\/em>. In <strong>Mrkopalj\u00a0in Gorski Kotar,<\/strong>\u00a0the <em>Winter Museum<\/em>\u00a0<em>will be presented<\/em>\u00a0by telling stories and collecting myths and legends. An international peace conference will also be held\u00a0<em>in Mrkopalj<\/em>\u00a0in April of 2020 as a continuation of the Peace School tradition.<\/p>\n<p><strong>From Saint George\u2019s Day to the link-up with the International Space Station in Rijeka and music, dancing and gastronomy on Krk Island<\/strong><\/p>\n<p>The programme of<strong>\u00a0Pehlin,\u00a0<\/strong>a neighbourhood in west Rijeka, will begin in May with <em>Saint George&#8217;s Day<\/em>, a traditional festivity celebrated by the Roma community of Pehlin, and end with the\u00a0<em>May Festivity<\/em>\u00a0celebrated by the Czech national minority with concerts, exhibitions, events and gastronomy as a way to spread the values of knowing and understanding each other better.<br \/>\nAlso in Rijeka, in\u00a0<strong>Turni\u0107 \u2013 Mlaka,<\/strong>\u00a0a twinned neighbourhood connected by the urban life of modernist and socialist industrial heritage, in addition to an array of cultural programmes, there will be a 5-minute link-up with NASA&#8217;s International Space Station (ISS)! \u00a0The programme in <strong>Malinska\u00a0<\/strong>on Krk Island evokes flavours, sounds, scents and colours with an international food industry conference, jazz concerts and the planting of new trees.<br \/>\nTaking place in late May, in the town of<strong>\u00a0Krk,<\/strong>\u00a0is \u010cAgaj 2020 \u2013 a new, unusual and entertaining dance festival will take place, where the young and old, locals and foreigners, professionals and amateurs will be dancing in the streets, shops, on the beaches and in every nook and cranny on Krk Island.<\/p>\n<p><strong>June in Brod na Kupi, \u0160kurinje in Rijeka, Lovran and Vrbnik on Krk Island<\/strong><\/p>\n<p>The<strong>\u00a0Brod na Kupi<\/strong>\u00a0programme is spearheaded by a strong and seasoned institution \u2013 the Rijeka Natural History Museum, while the June\u00a0<em>Evenings at Zrinski Castle<\/em>\u00a0in Brod na Kupi brings concerts, shows, lectures on popular science, exhibitions and film screenings. The\u00a0<em>\u0160kurinje \u2013 Culture with a View<\/em>\u00a0programme in the Rijeka neighbourhood of<strong>\u00a0\u0160kurinje<\/strong>\u00a0explores historical processes and the future of this part of the city. The programme includes the creative and artistic engagement of neighbours, the implementation of educational programmes on urban &#8220;green&#8221; topics, the establishment of green libraries in the hallways of buildings in \u0160kurinje and several other topics. The natural elements of the sea and the mountains on one side and the historic centre of Vienna on the other are blended together in the <strong>Lovran <\/strong>neighbourhood culture and arts<strong>\u00a0programme<\/strong>, which centres on the revival of the historic centre and topics that deal with the aspect of drinking water. \u00a0The Lovran neighbourhood festival will end with a traditional sailboat race and a dance event for all ages. In\u00a0<strong>Vrbnik\u00a0<\/strong>on Krk Island, traditional folk dances will be fused with contemporary musical genres and the programme will also include gastronomy and language by offering a narrative on the necessity of preserving the unique Croatian Glagolitic script.<\/p>\n<p><strong>Accordion Mundial, kite-flying at the Wind Celebration, lanterns and lights in Novi Vinodolski, artist in the woods\u00a0<\/strong><\/p>\n<p>The settlement of<strong>\u00a0Gomirje<\/strong> in Gorski Kotar, the location of the westernmost monastery of the Serbian Orthodox Church, will host the <em>Gomirje Accordion Mundial<\/em>\u00a0<em>international accordion festival,<\/em>\u00a0thus placing the tiny village on the wider European and global music map.\u00a0<em>The Wind Celebration<\/em>\u00a0is a festival of unity and kite-flying in\u00a0<strong>Unije<\/strong> that wants to remind us of the importance of humans and nature living in harmony.\u00a0<em>The Novi Vinodolski Summer Rumpus<\/em>\u00a0in<strong>\u00a0Novi Vinodolski\u00a0<\/strong>begins in late July with the <em>Wonderland<\/em>\u00a0<em>programme<\/em>\u00a0during which hundreds of boats will set sail for Sv. Marin Island, accompanied by music, lights and the release of lanterns. The\u00a0<em>Okolotorno<\/em> event, which includes exciting walks through the lit-up and decorated streets of the old town will also take place. The\u00a0<em>Kuti Happy Village<\/em>\u00a0programme in<strong>\u00a0Kuti<\/strong>\u00a0stimulates the creation of content for children and youth. The first Croatian Reading Room of the Kuti village was established in 1936 in Kuti. Once a happy village, today it only has 30 inhabitants and as many as 9,000 books!\u00a0 In 2020, it will host artists, authors and illustrators of children&#8217;s literature, who will create new works that will be staged in the woods, while the idea of the happy village will spread throughout the Municipality of Brod Moravice and its 38 villages.<\/p>\n<p><strong>From plays of light, adventures and walks to simulations of dams breaking and flooding Rijeka<\/strong><\/p>\n<p>On<strong>\u00a0Cres,\u00a0<\/strong>the exhibition\u00a0<em>People Make the Island<\/em> will be held in late August and enhanced with &#8220;klapa&#8221; songs\u00a0<em>rendered the old way<\/em>. Hanging clothes on &#8220;tiramole&#8221; (clotheslines) as part of the\u00a0<em>Our Daily Laundry<\/em>\u00a0programme will result in creating signposts for visitors, while the main event \u2013\u00a0<em>Light in the Corner<\/em>\u00a0\u2013 will feature a playful performance by the Svetlobna Gverila art collective from Ljubljana. The programme of the<strong>\u00a0Praputnjak\u00a0<\/strong>neighbourhood in the vicinity of Rijeka is aimed at people interested in adventure, socialising and games. Praputnjak will host exhibitions, walks, dry-stone wall and &#8220;po\u010divalo&#8221; (memorial stone) placing workshops, poetry and song. The<strong>\u00a0Jelenje<\/strong>\u00a0neighbourhood programme initiates the topic of water management and the campaign for cleaning up the Rje\u010dina riverbed, while a 3D video simulation of the dam breaking and flooding the Delta in the Rijeka area will be shown in cooperation with the Faculty of Engineering at the University of Rijeka.<\/p>\n<p><strong>October in the neighbourhoods centres on the fight against apartmentisation, depopulation and for the Chakavian dialect and a clean environment \u00a0<\/strong><\/p>\n<p><strong>The Crikvenica<\/strong>\u00a0programmes centre on an old village atop Kotor hill, which is one of the few locations that have not been affected by apartmentisation. And they wish to keep it that way.\u00a0<strong>The Fu\u017eine<\/strong>\u00a0programme deals with the issue of the depopulation of Gorski Kotar by offering a narrative on the closing of schools due to a lack of pupils, while the<strong>\u00a0Kastav<\/strong>\u00a0neighbourhood deals with the topic of endangered languages and the language rights of minorities, since today there are less than 1000 speakers of the Kastav Chakavian dialect.\u00a0 The\u00a0<em>Bordering Neighbourhood<\/em>\u00a0programme of the<strong>\u00a0Drenova\u00a0<\/strong>neighbourhood in Rijeka was inspired by the idea of exploiting the potentials of the settlement that might become the driving force behind the development of various content aimed at spending quality free time.\u00a0<strong>As part of the<\/strong> 27 Neighbourhood flagship, <strong>Opatija<\/strong> raises the issue of an environmental future without waste in tourism.<\/p>\n<p><strong>Cinema network in exotic locations and Vitamin D<\/strong><\/p>\n<p>Apart from the Neighbourhood Festival, the <em>Cinema Network in Exotic Locations<\/em> programme will take place all year round\u00a0<em>in the small towns and villages in Gorski Kotar, as well as the coast and islands,<\/em> during which documentaries will be shown, while the <em>Vitamin D<\/em>\u00a0<em>programme<\/em>\u00a0will include the artists participating in residential programmes visiting locations across Primorje-Gorski Kotar County, socialising and cooperating with locals and the residents of small towns and villages.<\/p>\n<p>All the details of the programme prepared by the residents and locals of Primorje-Gorski Kotar County as part of the European Capital of Culture project, to which they are inviting their Croatian and European neighbours, are impossible to enumerate in a single news report. And this is exactly why these programmes need to be experienced. \u00a0Such a comprehensive and well-organised engagement of the population in creating and participating in cultural content has never been achieved before.\u00a0 And herein lies the immeasurable value of this Rijeka 2020 \u2013 European Capital of Culture flagship.<\/p>\n<p>&nbsp;<\/p>\n<p><em><strong>A sense of being European is neither dictated by administrative state borders nor the elimination of borders<\/strong><\/em><\/p>\n<p>The<strong> Mayor of Rijeka,\u00a0Vojko Obersnel,<\/strong>\u00a0talked about the <em>27 Neighbourhoods<\/em> flagship, a part of the European Capital of Culture programme, at today&#8217;s press conference, which marked the beginning of the introduction of flagships included in this large-scale cultural project undertaken by Rijeka, Croatia and Europe. He said that including culture in the long-term development of cities and smaller towns and villages is only possible if their residents find, sense and detect an opportunity for personal growth and responsible civic engagement in these cultural programmes and projects.<\/p>\n<blockquote><p>Once the wheel of creativity is set in motion, it will be difficult to stop it. And it is my personal opinion that this is the greatest value of this flagship &#8211; Obersnel stated.<\/p><\/blockquote>\n<p><strong>Marina Medari\u0107, Deputy Prefect of Primorje-Gorski Kotar County<\/strong>, pointed out the cooperation established by the residents of specific small towns and villages, as well as their cooperation with European partner organisations and civic associations and also noted how, in that context, the projects enable the development of valuable and good interpersonal relations, the sharing of experiences and create an atmosphere of enjoying and learning from diversity.<\/p>\n<blockquote><p>Those are precisely the values that are embedded in the foundation of the European Capital of Culture project and the abundance of diversity features prominently and is best exemplified here in our very own Primorje \u2013 Gorski Kotar County,\u00a0Medari\u0107 stressed.<\/p><\/blockquote>\n<p><strong>Sonja \u0160i\u0161i\u0107, Head of the Primorje &#8211; Gorski Kotar County Department for Culture, Sport and Technological Culture<\/strong>, pointed out the specific dimension of growth, which is not only noticeable in culture, but also within the context of the social engagement of the county&#8217;s residents in resolving certain important issues.<\/p>\n<p><strong>Emina Vi\u0161ni\u0107,<\/strong> <strong>Director of the Rijeka 2020 company<\/strong>, which was founded with the aim of implementing the\u00a0<strong>European Capital of Culture projects,<\/strong>\u00a0reminded us that the ECoC project brings high culture, renowned artists, exhibitions, shows and concerts that constitute a first-rate cultural offer, while explaining how this flagship was purposefully used to introduce the 2020 programmes because it brings permanent value to Rijeka and Primorje &#8211; Gorski Kotar County in the form of motivated and active residents who are aware that culture can initiate the development of their small towns and villages and make them recognisable on a grand scale.<\/p>\n<blockquote><p>The established European cooperation and communication with our European neighbours provide the residents of Rijeka and the county with a European cultural passport. A sense of being European or sharing the European cultural and historical heritage is neither dictated by administrative state agreements and borders nor by the elimination of borders. On the contrary, it is achieved by having a deep understanding that we can share an array of common issues, challenges and problems with the residents of other European countries, as well as find ways to solve to them, Vi\u0161ni\u0107 elaborated.<\/p><\/blockquote>\n<p>The aspects of the work that has been put into the development of the Neighbourhood Festival and the emotions of the residents from all over Primorje-Gorski Kotar that are involved in the European Capital of Culture project, as well as the central topics with which they are preoccupied, were discussed by <strong>Branka Cvjeti\u010danin, Head of the 27 Neighbourhoods flagship.<\/strong><\/p>\n","protected":false},"excerpt":{"rendered":"<p>The programme will be introduced to the media and the public in succession over September and October and divided into seven themed flagships, with each providing an array of separate programmes and projects.<\/p>\n","protected":false},"author":72,"featured_media":31719,"comment_status":"closed","ping_status":"closed","sticky":false,"template":"","format":"standard","meta":{"_acf_changed":false,"footnotes":""},"categories":[2978,2731],"tags":[4169],"class_list":["post-32353","post","type-post","status-publish","format-standard","has-post-thumbnail","hentry","category-27-neighbourhoods","category-news","tag-rijeka-2020-en-3-en"],"acf":[],"yoast_head":"<!-- This site is optimized with the Yoast SEO plugin v26.8 - https:\/\/yoast.com\/product\/yoast-seo-wordpress\/ -->\n<title>Rijeka begins the introduction of the eventful cultural programme for 2020 &#8226; Rijeka 2020<\/title>\n<meta name=\"robots\" content=\"index, follow, max-snippet:-1, max-image-preview:large, max-video-preview:-1\" \/>\n<link rel=\"canonical\" href=\"https:\/\/ri2020.eu\/en\/rijeka-begins-the-introduction-of-the-eventful-cultural-programme-for-2020\/\" \/>\n<meta property=\"og:locale\" content=\"en_US\" \/>\n<meta property=\"og:type\" content=\"article\" \/>\n<meta property=\"og:title\" content=\"Rijeka begins the introduction of the eventful cultural programme for 2020 &#8226; Rijeka 2020\" \/>\n<meta property=\"og:description\" content=\"The programme will be introduced to the media and the public in succession over September and October and divided into seven themed flagships, with each providing an array of separate programmes and projects.\" \/>\n<meta property=\"og:url\" content=\"https:\/\/ri2020.eu\/en\/rijeka-begins-the-introduction-of-the-eventful-cultural-programme-for-2020\/\" \/>\n<meta property=\"og:site_name\" content=\"Rijeka 2020\" \/>\n<meta property=\"article:publisher\" content=\"https:\/\/www.facebook.com\/rijeka2020\" \/>\n<meta property=\"article:published_time\" content=\"2019-09-10T15:12:42+00:00\" \/>\n<meta property=\"article:modified_time\" content=\"2019-10-02T15:13:23+00:00\" \/>\n<meta property=\"og:image\" content=\"https:\/\/ri2020.eu\/wp-content\/uploads\/2019\/09\/press-najava-27-susjedstava.jpg\" \/>\n\t<meta property=\"og:image:width\" content=\"2048\" \/>\n\t<meta property=\"og:image:height\" content=\"1366\" \/>\n\t<meta property=\"og:image:type\" content=\"image\/jpeg\" \/>\n<meta name=\"author\" content=\"Rijeka 2020\" \/>\n<meta name=\"twitter:card\" content=\"summary_large_image\" \/>\n<meta name=\"twitter:creator\" content=\"@Rijeka2020\" \/>\n<meta name=\"twitter:site\" content=\"@Rijeka2020\" \/>\n<meta name=\"twitter:label1\" content=\"Written by\" \/>\n\t<meta name=\"twitter:data1\" content=\"Rijeka 2020\" \/>\n\t<meta name=\"twitter:label2\" content=\"Est. reading time\" \/>\n\t<meta name=\"twitter:data2\" content=\"12 minutes\" \/>\n<script type=\"application\/ld+json\" class=\"yoast-schema-graph\">{\"@context\":\"https:\/\/schema.org\",\"@graph\":[{\"@type\":\"Article\",\"@id\":\"https:\/\/ri2020.eu\/en\/rijeka-begins-the-introduction-of-the-eventful-cultural-programme-for-2020\/#article\",\"isPartOf\":{\"@id\":\"https:\/\/ri2020.eu\/en\/rijeka-begins-the-introduction-of-the-eventful-cultural-programme-for-2020\/\"},\"author\":{\"name\":\"Rijeka 2020\",\"@id\":\"https:\/\/ri2020.eu\/en\/#\/schema\/person\/9c12d91df8c45bc534f625d9c81f403d\"},\"headline\":\"Rijeka begins the introduction of the eventful cultural programme for 2020\",\"datePublished\":\"2019-09-10T15:12:42+00:00\",\"dateModified\":\"2019-10-02T15:13:23+00:00\",\"mainEntityOfPage\":{\"@id\":\"https:\/\/ri2020.eu\/en\/rijeka-begins-the-introduction-of-the-eventful-cultural-programme-for-2020\/\"},\"wordCount\":2362,\"publisher\":{\"@id\":\"https:\/\/ri2020.eu\/en\/#organization\"},\"image\":{\"@id\":\"https:\/\/ri2020.eu\/en\/rijeka-begins-the-introduction-of-the-eventful-cultural-programme-for-2020\/#primaryimage\"},\"thumbnailUrl\":\"https:\/\/ri2020.eu\/wp-content\/uploads\/2019\/09\/press-najava-27-susjedstava.jpg\",\"keywords\":[\"Rijeka 2020\"],\"articleSection\":[\"27 Neighbourhoods\",\"News\"],\"inLanguage\":\"en-US\"},{\"@type\":\"WebPage\",\"@id\":\"https:\/\/ri2020.eu\/en\/rijeka-begins-the-introduction-of-the-eventful-cultural-programme-for-2020\/\",\"url\":\"https:\/\/ri2020.eu\/en\/rijeka-begins-the-introduction-of-the-eventful-cultural-programme-for-2020\/\",\"name\":\"Rijeka begins the introduction of the eventful cultural programme for 2020 &#8226; Rijeka 2020\",\"isPartOf\":{\"@id\":\"https:\/\/ri2020.eu\/en\/#website\"},\"primaryImageOfPage\":{\"@id\":\"https:\/\/ri2020.eu\/en\/rijeka-begins-the-introduction-of-the-eventful-cultural-programme-for-2020\/#primaryimage\"},\"image\":{\"@id\":\"https:\/\/ri2020.eu\/en\/rijeka-begins-the-introduction-of-the-eventful-cultural-programme-for-2020\/#primaryimage\"},\"thumbnailUrl\":\"https:\/\/ri2020.eu\/wp-content\/uploads\/2019\/09\/press-najava-27-susjedstava.jpg\",\"datePublished\":\"2019-09-10T15:12:42+00:00\",\"dateModified\":\"2019-10-02T15:13:23+00:00\",\"breadcrumb\":{\"@id\":\"https:\/\/ri2020.eu\/en\/rijeka-begins-the-introduction-of-the-eventful-cultural-programme-for-2020\/#breadcrumb\"},\"inLanguage\":\"en-US\",\"potentialAction\":[{\"@type\":\"ReadAction\",\"target\":[\"https:\/\/ri2020.eu\/en\/rijeka-begins-the-introduction-of-the-eventful-cultural-programme-for-2020\/\"]}]},{\"@type\":\"ImageObject\",\"inLanguage\":\"en-US\",\"@id\":\"https:\/\/ri2020.eu\/en\/rijeka-begins-the-introduction-of-the-eventful-cultural-programme-for-2020\/#primaryimage\",\"url\":\"https:\/\/ri2020.eu\/wp-content\/uploads\/2019\/09\/press-najava-27-susjedstava.jpg\",\"contentUrl\":\"https:\/\/ri2020.eu\/wp-content\/uploads\/2019\/09\/press-najava-27-susjedstava.jpg\",\"width\":2048,\"height\":1366,\"caption\":\"27 susjedstava\"},{\"@type\":\"BreadcrumbList\",\"@id\":\"https:\/\/ri2020.eu\/en\/rijeka-begins-the-introduction-of-the-eventful-cultural-programme-for-2020\/#breadcrumb\",\"itemListElement\":[{\"@type\":\"ListItem\",\"position\":1,\"name\":\"Home\",\"item\":\"https:\/\/ri2020.eu\/en\/\"},{\"@type\":\"ListItem\",\"position\":2,\"name\":\"Rijeka begins the introduction of the eventful cultural programme for 2020\"}]},{\"@type\":\"WebSite\",\"@id\":\"https:\/\/ri2020.eu\/en\/#website\",\"url\":\"https:\/\/ri2020.eu\/en\/\",\"name\":\"Rijeka 2020\",\"description\":\"Europska prijestolnica kulture\",\"publisher\":{\"@id\":\"https:\/\/ri2020.eu\/en\/#organization\"},\"potentialAction\":[{\"@type\":\"SearchAction\",\"target\":{\"@type\":\"EntryPoint\",\"urlTemplate\":\"https:\/\/ri2020.eu\/en\/?s={search_term_string}\"},\"query-input\":{\"@type\":\"PropertyValueSpecification\",\"valueRequired\":true,\"valueName\":\"search_term_string\"}}],\"inLanguage\":\"en-US\"},{\"@type\":\"Organization\",\"@id\":\"https:\/\/ri2020.eu\/en\/#organization\",\"name\":\"Rijeka 2020 d.o.o.\",\"url\":\"https:\/\/ri2020.eu\/en\/\",\"logo\":{\"@type\":\"ImageObject\",\"inLanguage\":\"en-US\",\"@id\":\"https:\/\/ri2020.eu\/en\/#\/schema\/logo\/image\/\",\"url\":\"https:\/\/rijeka2020.eu\/wp-content\/uploads\/2018\/07\/Ri2020-logo.png\",\"contentUrl\":\"https:\/\/rijeka2020.eu\/wp-content\/uploads\/2018\/07\/Ri2020-logo.png\",\"width\":407,\"height\":175,\"caption\":\"Rijeka 2020 d.o.o.\"},\"image\":{\"@id\":\"https:\/\/ri2020.eu\/en\/#\/schema\/logo\/image\/\"},\"sameAs\":[\"https:\/\/www.facebook.com\/rijeka2020\",\"https:\/\/x.com\/Rijeka2020\",\"https:\/\/www.instagram.com\/rijeka2020\/\",\"https:\/\/www.youtube.com\/user\/riepk2020\"]},{\"@type\":\"Person\",\"@id\":\"https:\/\/ri2020.eu\/en\/#\/schema\/person\/9c12d91df8c45bc534f625d9c81f403d\",\"name\":\"Rijeka 2020\",\"url\":\"https:\/\/ri2020.eu\/en\/author\/lsm\/\"}]}<\/script>\n<!-- \/ Yoast SEO plugin. -->","yoast_head_json":{"title":"Rijeka begins the introduction of the eventful cultural programme for 2020 &#8226; Rijeka 2020","robots":{"index":"index","follow":"follow","max-snippet":"max-snippet:-1","max-image-preview":"max-image-preview:large","max-video-preview":"max-video-preview:-1"},"canonical":"https:\/\/ri2020.eu\/en\/rijeka-begins-the-introduction-of-the-eventful-cultural-programme-for-2020\/","og_locale":"en_US","og_type":"article","og_title":"Rijeka begins the introduction of the eventful cultural programme for 2020 &#8226; Rijeka 2020","og_description":"The programme will be introduced to the media and the public in succession over September and October and divided into seven themed flagships, with each providing an array of separate programmes and projects.","og_url":"https:\/\/ri2020.eu\/en\/rijeka-begins-the-introduction-of-the-eventful-cultural-programme-for-2020\/","og_site_name":"Rijeka 2020","article_publisher":"https:\/\/www.facebook.com\/rijeka2020","article_published_time":"2019-09-10T15:12:42+00:00","article_modified_time":"2019-10-02T15:13:23+00:00","og_image":[{"width":2048,"height":1366,"url":"https:\/\/ri2020.eu\/wp-content\/uploads\/2019\/09\/press-najava-27-susjedstava.jpg","type":"image\/jpeg"}],"author":"Rijeka 2020","twitter_card":"summary_large_image","twitter_creator":"@Rijeka2020","twitter_site":"@Rijeka2020","twitter_misc":{"Written by":"Rijeka 2020","Est. reading time":"12 minutes"},"schema":{"@context":"https:\/\/schema.org","@graph":[{"@type":"Article","@id":"https:\/\/ri2020.eu\/en\/rijeka-begins-the-introduction-of-the-eventful-cultural-programme-for-2020\/#article","isPartOf":{"@id":"https:\/\/ri2020.eu\/en\/rijeka-begins-the-introduction-of-the-eventful-cultural-programme-for-2020\/"},"author":{"name":"Rijeka 2020","@id":"https:\/\/ri2020.eu\/en\/#\/schema\/person\/9c12d91df8c45bc534f625d9c81f403d"},"headline":"Rijeka begins the introduction of the eventful cultural programme for 2020","datePublished":"2019-09-10T15:12:42+00:00","dateModified":"2019-10-02T15:13:23+00:00","mainEntityOfPage":{"@id":"https:\/\/ri2020.eu\/en\/rijeka-begins-the-introduction-of-the-eventful-cultural-programme-for-2020\/"},"wordCount":2362,"publisher":{"@id":"https:\/\/ri2020.eu\/en\/#organization"},"image":{"@id":"https:\/\/ri2020.eu\/en\/rijeka-begins-the-introduction-of-the-eventful-cultural-programme-for-2020\/#primaryimage"},"thumbnailUrl":"https:\/\/ri2020.eu\/wp-content\/uploads\/2019\/09\/press-najava-27-susjedstava.jpg","keywords":["Rijeka 2020"],"articleSection":["27 Neighbourhoods","News"],"inLanguage":"en-US"},{"@type":"WebPage","@id":"https:\/\/ri2020.eu\/en\/rijeka-begins-the-introduction-of-the-eventful-cultural-programme-for-2020\/","url":"https:\/\/ri2020.eu\/en\/rijeka-begins-the-introduction-of-the-eventful-cultural-programme-for-2020\/","name":"Rijeka begins the introduction of the eventful cultural programme for 2020 &#8226; Rijeka 2020","isPartOf":{"@id":"https:\/\/ri2020.eu\/en\/#website"},"primaryImageOfPage":{"@id":"https:\/\/ri2020.eu\/en\/rijeka-begins-the-introduction-of-the-eventful-cultural-programme-for-2020\/#primaryimage"},"image":{"@id":"https:\/\/ri2020.eu\/en\/rijeka-begins-the-introduction-of-the-eventful-cultural-programme-for-2020\/#primaryimage"},"thumbnailUrl":"https:\/\/ri2020.eu\/wp-content\/uploads\/2019\/09\/press-najava-27-susjedstava.jpg","datePublished":"2019-09-10T15:12:42+00:00","dateModified":"2019-10-02T15:13:23+00:00","breadcrumb":{"@id":"https:\/\/ri2020.eu\/en\/rijeka-begins-the-introduction-of-the-eventful-cultural-programme-for-2020\/#breadcrumb"},"inLanguage":"en-US","potentialAction":[{"@type":"ReadAction","target":["https:\/\/ri2020.eu\/en\/rijeka-begins-the-introduction-of-the-eventful-cultural-programme-for-2020\/"]}]},{"@type":"ImageObject","inLanguage":"en-US","@id":"https:\/\/ri2020.eu\/en\/rijeka-begins-the-introduction-of-the-eventful-cultural-programme-for-2020\/#primaryimage","url":"https:\/\/ri2020.eu\/wp-content\/uploads\/2019\/09\/press-najava-27-susjedstava.jpg","contentUrl":"https:\/\/ri2020.eu\/wp-content\/uploads\/2019\/09\/press-najava-27-susjedstava.jpg","width":2048,"height":1366,"caption":"27 susjedstava"},{"@type":"BreadcrumbList","@id":"https:\/\/ri2020.eu\/en\/rijeka-begins-the-introduction-of-the-eventful-cultural-programme-for-2020\/#breadcrumb","itemListElement":[{"@type":"ListItem","position":1,"name":"Home","item":"https:\/\/ri2020.eu\/en\/"},{"@type":"ListItem","position":2,"name":"Rijeka begins the introduction of the eventful cultural programme for 2020"}]},{"@type":"WebSite","@id":"https:\/\/ri2020.eu\/en\/#website","url":"https:\/\/ri2020.eu\/en\/","name":"Rijeka 2020","description":"Europska prijestolnica kulture","publisher":{"@id":"https:\/\/ri2020.eu\/en\/#organization"},"potentialAction":[{"@type":"SearchAction","target":{"@type":"EntryPoint","urlTemplate":"https:\/\/ri2020.eu\/en\/?s={search_term_string}"},"query-input":{"@type":"PropertyValueSpecification","valueRequired":true,"valueName":"search_term_string"}}],"inLanguage":"en-US"},{"@type":"Organization","@id":"https:\/\/ri2020.eu\/en\/#organization","name":"Rijeka 2020 d.o.o.","url":"https:\/\/ri2020.eu\/en\/","logo":{"@type":"ImageObject","inLanguage":"en-US","@id":"https:\/\/ri2020.eu\/en\/#\/schema\/logo\/image\/","url":"https:\/\/rijeka2020.eu\/wp-content\/uploads\/2018\/07\/Ri2020-logo.png","contentUrl":"https:\/\/rijeka2020.eu\/wp-content\/uploads\/2018\/07\/Ri2020-logo.png","width":407,"height":175,"caption":"Rijeka 2020 d.o.o."},"image":{"@id":"https:\/\/ri2020.eu\/en\/#\/schema\/logo\/image\/"},"sameAs":["https:\/\/www.facebook.com\/rijeka2020","https:\/\/x.com\/Rijeka2020","https:\/\/www.instagram.com\/rijeka2020\/","https:\/\/www.youtube.com\/user\/riepk2020"]},{"@type":"Person","@id":"https:\/\/ri2020.eu\/en\/#\/schema\/person\/9c12d91df8c45bc534f625d9c81f403d","name":"Rijeka 2020","url":"https:\/\/ri2020.eu\/en\/author\/lsm\/"}]}},"_links":{"self":[{"href":"https:\/\/ri2020.eu\/en\/wp-json\/wp\/v2\/posts\/32353","targetHints":{"allow":["GET"]}}],"collection":[{"href":"https:\/\/ri2020.eu\/en\/wp-json\/wp\/v2\/posts"}],"about":[{"href":"https:\/\/ri2020.eu\/en\/wp-json\/wp\/v2\/types\/post"}],"author":[{"embeddable":true,"href":"https:\/\/ri2020.eu\/en\/wp-json\/wp\/v2\/users\/72"}],"replies":[{"embeddable":true,"href":"https:\/\/ri2020.eu\/en\/wp-json\/wp\/v2\/comments?post=32353"}],"version-history":[{"count":0,"href":"https:\/\/ri2020.eu\/en\/wp-json\/wp\/v2\/posts\/32353\/revisions"}],"wp:featuredmedia":[{"embeddable":true,"href":"https:\/\/ri2020.eu\/en\/wp-json\/wp\/v2\/media\/31719"}],"wp:attachment":[{"href":"https:\/\/ri2020.eu\/en\/wp-json\/wp\/v2\/media?parent=32353"}],"wp:term":[{"taxonomy":"category","embeddable":true,"href":"https:\/\/ri2020.eu\/en\/wp-json\/wp\/v2\/categories?post=32353"},{"taxonomy":"post_tag","embeddable":true,"href":"https:\/\/ri2020.eu\/en\/wp-json\/wp\/v2\/tags?post=32353"}],"curies":[{"name":"wp","href":"https:\/\/api.w.org\/{rel}","templated":true}]}}