{"id":31836,"date":"2019-09-12T13:30:21","date_gmt":"2019-09-12T11:30:21","guid":{"rendered":"https:\/\/rijeka2020.eu\/?p=31836"},"modified":"2019-09-17T11:37:50","modified_gmt":"2019-09-17T09:37:50","slug":"dannunzios-martyr-exhibition","status":"publish","type":"post","link":"https:\/\/ri2020.eu\/en\/dannunzios-martyr-exhibition\/","title":{"rendered":"D\u2019Annunzio&#8217;s Martyr Exhibition"},"content":{"rendered":"<p><em>D\u2019 Annunzio&#8217;s Martyr<\/em>\u00a0is also the\u00a0<strong>first notable exhibition to be included in the Rijeka 2020 \u2013 European Capital of Culture programme.<\/strong>\u00a0\u00a0The authors of the exhibition are Tea Perin\u010di\u0107 and Ana\u2013Maria Mil\u010di\u0107, with design by Sanjin Kuni\u0107 and Nikolina Radi\u0107 \u0160tivi\u0107.<br \/>\nAt today&#8217;s presentation, museum director Nikolina Radi\u0107 \u0160tivi\u0107 emphasised that the exhibition\u00a0<strong>interprets D\u2019Annunzio from the humanist viewpoint of contemporary antifascism on which modern Europe was built.<\/strong><br \/>\nThe European Capital of Culture project promotes the values of modern Europe, united and strong in its unity, as opposed to historical and contemporary fascism. The D\u2019Annunzio&#8217;s Martyr exhibition thus exemplifies the values represented by the European Capital of Culture 2020 project.<\/p>\n<p><img loading=\"lazy\" decoding=\"async\" class=\"alignnone size-full wp-image-31624\" src=\"https:\/\/rijeka2020.eu\/wp-content\/uploads\/2019\/09\/Konferencija-za-medije-najava-izlo\u017ebe-DAnnunzijeva-mu\u010denica.jpg\" alt=\"D'Annunzijeva mu\u010denica\" width=\"2048\" height=\"1509\" srcset=\"https:\/\/ri2020.eu\/wp-content\/uploads\/2019\/09\/Konferencija-za-medije-najava-izlo\u017ebe-DAnnunzijeva-mu\u010denica.jpg 2048w, https:\/\/ri2020.eu\/wp-content\/uploads\/2019\/09\/Konferencija-za-medije-najava-izlo\u017ebe-DAnnunzijeva-mu\u010denica-224x165.jpg 224w, https:\/\/ri2020.eu\/wp-content\/uploads\/2019\/09\/Konferencija-za-medije-najava-izlo\u017ebe-DAnnunzijeva-mu\u010denica-768x566.jpg 768w, https:\/\/ri2020.eu\/wp-content\/uploads\/2019\/09\/Konferencija-za-medije-najava-izlo\u017ebe-DAnnunzijeva-mu\u010denica-1024x755.jpg 1024w, https:\/\/ri2020.eu\/wp-content\/uploads\/2019\/09\/Konferencija-za-medije-najava-izlo\u017ebe-DAnnunzijeva-mu\u010denica-250x184.jpg 250w, https:\/\/ri2020.eu\/wp-content\/uploads\/2019\/09\/Konferencija-za-medije-najava-izlo\u017ebe-DAnnunzijeva-mu\u010denica-420x309.jpg 420w\" sizes=\"auto, (max-width: 2048px) 100vw, 2048px\" \/><br \/>\n<em>Emina Vi\u0161ni\u0107, Director of the RIJEKA 2020 Company, Sonja \u0160i\u0161i\u0107, Head of the Department of Culture, Sport and Technical Culture of Primorje-Gorski Kotar County, Vojko Obersnel, Mayor of Rijeka, Nikolina Radi\u0107-\u0160tivi\u0107, Director of the Maritime and History Museum of the Croatian Littoral and Tea Perin\u010di\u0107, exhibition author.<\/em><\/p>\n<p>&nbsp;<\/p>\n<p><strong>Confronting Rijeka with a difficult period in history<\/strong><\/p>\n<p>Gabriele D\u2019Annunzio, the controversial Italian military commander and precursor to fascist ideology, occupied Rijeka with his paramilitary forces on 12 September 1919 and wilfully proclaimed the city a part of the Kingdom of Italy.\u00a0 \u00a0D&#8217;Annunzio was invited to arrive and stay in Rijeka by the local irredentists, who advocated the right to proclaim Rijeka an Italian city.\u00a0 This soon proved severely detrimental to the cultural and economic stability of Rijeka at the time. All of a sudden, an exceptionally multi-ethnic city denied rights to anyone who did not identify as Italian or opposed the idea of a uniformly Italian Rijeka.\u00a0 Croats were particularly targeted by D&#8217;Annunzio&#8217;s paramilitary forces in Rijeka.<\/p>\n<blockquote><p>The author of the exhibition, Tea Perin\u010di\u0107, elaborated on its context today. <em>During the 16 months that the regime held sway in Rijeka, which was also under an embargo, D\u2019Annunzio drained the city dry<\/em>.<\/p><\/blockquote>\n<p>The D&#8217;Annunzio&#8217;s Martyr exhibition at the Maritime and History Museum of the Croatian Littoral Rijeka provides a unique view of his time in Rijeka from the perspective of women who lived in Rijeka at the time, those who came there from Italy with or following D&#8217;Annunzio and those who were his lovers.<\/p>\n<p><img loading=\"lazy\" decoding=\"async\" class=\"alignnone size-full wp-image-31626\" src=\"https:\/\/rijeka2020.eu\/wp-content\/uploads\/2019\/09\/Djevoj\u010dica-s-DAnnunzijevim-arditima-u-Rijeci.jpg\" alt=\"Djevoj\u010dica s D'Annunzijevim arditima u Rijeci\" width=\"2048\" height=\"1325\" srcset=\"https:\/\/ri2020.eu\/wp-content\/uploads\/2019\/09\/Djevoj\u010dica-s-DAnnunzijevim-arditima-u-Rijeci.jpg 2048w, https:\/\/ri2020.eu\/wp-content\/uploads\/2019\/09\/Djevoj\u010dica-s-DAnnunzijevim-arditima-u-Rijeci-255x165.jpg 255w, https:\/\/ri2020.eu\/wp-content\/uploads\/2019\/09\/Djevoj\u010dica-s-DAnnunzijevim-arditima-u-Rijeci-768x497.jpg 768w, https:\/\/ri2020.eu\/wp-content\/uploads\/2019\/09\/Djevoj\u010dica-s-DAnnunzijevim-arditima-u-Rijeci-1024x663.jpg 1024w, https:\/\/ri2020.eu\/wp-content\/uploads\/2019\/09\/Djevoj\u010dica-s-DAnnunzijevim-arditima-u-Rijeci-250x162.jpg 250w, https:\/\/ri2020.eu\/wp-content\/uploads\/2019\/09\/Djevoj\u010dica-s-DAnnunzijevim-arditima-u-Rijeci-420x272.jpg 420w, https:\/\/ri2020.eu\/wp-content\/uploads\/2019\/09\/Djevoj\u010dica-s-DAnnunzijevim-arditima-u-Rijeci-694x450.jpg 694w, https:\/\/ri2020.eu\/wp-content\/uploads\/2019\/09\/Djevoj\u010dica-s-DAnnunzijevim-arditima-u-Rijeci-880x570.jpg 880w, https:\/\/ri2020.eu\/wp-content\/uploads\/2019\/09\/Djevoj\u010dica-s-DAnnunzijevim-arditima-u-Rijeci-740x480.jpg 740w\" sizes=\"auto, (max-width: 2048px) 100vw, 2048px\" \/><br \/>\n<em>Girl with D&#8217;Annunzio&#8217;s Arditi in Rijeka\u00a0<\/em><\/p>\n<p>Rijeka is also examined as a female figure in certain works by futuristic artists, such as Marinetti, Carra and Buzzio. \u00a0The accompanying iconography also includes\u00a0reproductions of caricatures from the then published satirical Croatian magazine<em>\u00a0Koprive (&#8220;Nettles&#8221;)<\/em>\u00a0that depict Rijeka, Italy and the former Yugoslavia as women. In this exhibition, Rijeka is personified as a female martyr, in the same vein that the Italian futurists used the image of a woman to portray Rijeka at the time.<\/p>\n<p>The exhibition is held at the White Salon, which was damaged during combat between the regular Italian army and D&#8217;Annunzio&#8217;s forces on the so-called Bloody Christmas of 1920. The damaged area of the White Salon is also included in the exhibition.<\/p>\n<blockquote><p>The author of the exhibition notes that the\u00a0<em>entire concept of the exhibition is condensed into a single term &#8211; \u2018martyr\u2019 \u2013 citt\u00e0 olocausta \u2013 since Rijeka is a city that was left tortured following D\u2019Annunzio&#8217;s departure, much like the women in his life.<\/em><\/p><\/blockquote>\n<p>&nbsp;<\/p>\n<p><strong>Aversion towards ideas of contemporary fascism, exclusiveness and aggression<\/strong><\/p>\n<p>The Mayor of Rijeka, Vojko Obersnel, also commented on the exhibition today, reminding us that during his stint in Rijeka, Gabriele D&#8217;Annunzio supported Italian nationalism, while simultaneously making Italy a victim with his &#8220;impresa di Fiume&#8221; and opening the door for Mussolini and his fascist march on Rome in 1922. Alas, in Italy at the time, fascism paved the way for imperialism, which nearly destroyed the entire nation.<\/p>\n<blockquote><p><em>Bearing in mind these facts, this exhibition should induce a strong aversion towards the ideas of contemporary fascism, exclusiveness and aggression<\/em>, Obersnel pointed out<em>.<\/em><\/p><\/blockquote>\n<p>Obersnel also stressed that as Mayor of Rijeka, a city that bears the title of European Capital of Culture, he was proud that this exhibition sends a clear and responsible antifascist message based on the values on which contemporary Europe was built.<\/p>\n<p>Sonja \u0160i\u0161i\u0107, Head of the Department of Culture of Primorje-Gorski Kotar County, noted that exhibitions pertaining to the history of Rijeka and the Primorje-Gorski Kotar region are welcome because they educate the public and remind us of what is valuable and important to remember.<\/p>\n<blockquote><p><em>I believe that the citizens of Rijeka will be interested in visiting our Museum and I would also like to thank and congratulate our hard-working and creative museum workers on a job well done<\/em>\u00a0\u2013 \u0160i\u0161i\u0107 pointed out.<\/p><\/blockquote>\n<p>&nbsp;<\/p>\n<p><strong>Borders \u2013 Between Order and Chaos<\/strong><\/p>\n<p>The D\u2019Annunzio&#8217;s Martyr exhibition is part of a thematic exhibition cycle on borders that will resume with an important large-scale exhibition entitled\u00a0<em>Violins Above Borders \/ Stradivari in Rijeka \u2013 Kresnik and Cremona,<\/em> and conclude with the central and largest exhibition\u00a0<em>Borders Between Order and Chaos<\/em>.<\/p>\n<p>The cycle is an integral part of the\u00a0<a href=\"https:\/\/rijeka2020.eu\/program\/doba-moci\/\">Seasons of Power<\/a>\u00a0flagship of the European Capital of Culture programme. As part of the flagship, Rijeka will introduce Europe to its exciting history permeated with powerful forces that claimed and ruled over the city. However, it is also a European history of conquerors and the conquered and within the context of the cultural programme, it is a flagship that showcases the creative and destructive power that influences cultural and artistic development.<\/p>\n<blockquote><p><em>All of Europe needs to confront historical and contemporary forces of power and Rijeka, as the European Capital of Culture, provides a cultural vehicle for this via the programme<\/em> \u2013 said Emina Vi\u0161ni\u0107, Director of the European Capital of Culture project.<\/p><\/blockquote>\n<p><strong>The exhibition opens on Thursday, 12 September at 7 pm and continues throughout the duration of the European Capital of Culture in Rijeka project until 31 January 2021.<\/strong><\/p>\n","protected":false},"excerpt":{"rendered":"<p>The Maritime and History Museum of the Croatian Littoral Rijeka and Rijeka 2020 &#8211; European Capital of Culture present the &#8220;D&#8217;Annunzio&#8217;s Martyr &#8211; L&#8217;olocausta di Annunzio&#8221; exhibition, which opens at the Governor&#8217;s Palace in Rijeka on 12 September 2019 at 7 pm, on the exact day of the 100th anniversary of D&#8217;Annunzio&#8217;s occupation of Rijeka.<\/p>\n","protected":false},"author":72,"featured_media":31624,"comment_status":"closed","ping_status":"closed","sticky":false,"template":"","format":"standard","meta":{"_acf_changed":false,"footnotes":""},"categories":[2731,3680],"tags":[],"class_list":["post-31836","post","type-post","status-publish","format-standard","has-post-thumbnail","hentry","category-news","category-times-of-power"],"acf":[],"yoast_head":"<!-- This site is optimized with the Yoast SEO plugin v26.8 - https:\/\/yoast.com\/product\/yoast-seo-wordpress\/ -->\n<title>D\u2019Annunzio&#039;s Martyr Exhibition &#8226; Rijeka 2020<\/title>\n<meta name=\"robots\" content=\"index, follow, max-snippet:-1, max-image-preview:large, max-video-preview:-1\" \/>\n<link rel=\"canonical\" href=\"https:\/\/ri2020.eu\/en\/dannunzios-martyr-exhibition\/\" \/>\n<meta property=\"og:locale\" content=\"en_US\" \/>\n<meta property=\"og:type\" content=\"article\" \/>\n<meta property=\"og:title\" content=\"D\u2019Annunzio&#039;s Martyr Exhibition &#8226; Rijeka 2020\" \/>\n<meta property=\"og:description\" content=\"The Maritime and History Museum of the Croatian Littoral Rijeka and Rijeka 2020 - European Capital of Culture present the &quot;D&#039;Annunzio&#039;s Martyr - L&#039;olocausta di Annunzio&quot; exhibition, which opens at the Governor&#039;s Palace in Rijeka on 12 September 2019 at 7 pm, on the exact day of the 100th anniversary of D&#039;Annunzio&#039;s occupation of Rijeka.\" \/>\n<meta property=\"og:url\" content=\"https:\/\/ri2020.eu\/en\/dannunzios-martyr-exhibition\/\" \/>\n<meta property=\"og:site_name\" content=\"Rijeka 2020\" \/>\n<meta property=\"article:publisher\" content=\"https:\/\/www.facebook.com\/rijeka2020\" \/>\n<meta property=\"article:published_time\" content=\"2019-09-12T11:30:21+00:00\" \/>\n<meta property=\"article:modified_time\" content=\"2019-09-17T09:37:50+00:00\" \/>\n<meta property=\"og:image\" content=\"https:\/\/ri2020.eu\/wp-content\/uploads\/2019\/09\/Konferencija-za-medije-najava-izlo\u017ebe-DAnnunzijeva-mu\u010denica.jpg\" \/>\n\t<meta property=\"og:image:width\" content=\"2048\" \/>\n\t<meta property=\"og:image:height\" content=\"1509\" \/>\n\t<meta property=\"og:image:type\" content=\"image\/jpeg\" \/>\n<meta name=\"author\" content=\"Rijeka 2020\" \/>\n<meta name=\"twitter:card\" content=\"summary_large_image\" \/>\n<meta name=\"twitter:creator\" content=\"@Rijeka2020\" \/>\n<meta name=\"twitter:site\" content=\"@Rijeka2020\" \/>\n<meta name=\"twitter:label1\" content=\"Written by\" \/>\n\t<meta name=\"twitter:data1\" content=\"Rijeka 2020\" \/>\n\t<meta name=\"twitter:label2\" content=\"Est. reading time\" \/>\n\t<meta name=\"twitter:data2\" content=\"5 minutes\" \/>\n<script type=\"application\/ld+json\" class=\"yoast-schema-graph\">{\"@context\":\"https:\/\/schema.org\",\"@graph\":[{\"@type\":\"Article\",\"@id\":\"https:\/\/ri2020.eu\/en\/dannunzios-martyr-exhibition\/#article\",\"isPartOf\":{\"@id\":\"https:\/\/ri2020.eu\/en\/dannunzios-martyr-exhibition\/\"},\"author\":{\"name\":\"Rijeka 2020\",\"@id\":\"https:\/\/ri2020.eu\/en\/#\/schema\/person\/9c12d91df8c45bc534f625d9c81f403d\"},\"headline\":\"D\u2019Annunzio&#8217;s Martyr Exhibition\",\"datePublished\":\"2019-09-12T11:30:21+00:00\",\"dateModified\":\"2019-09-17T09:37:50+00:00\",\"mainEntityOfPage\":{\"@id\":\"https:\/\/ri2020.eu\/en\/dannunzios-martyr-exhibition\/\"},\"wordCount\":978,\"publisher\":{\"@id\":\"https:\/\/ri2020.eu\/en\/#organization\"},\"image\":{\"@id\":\"https:\/\/ri2020.eu\/en\/dannunzios-martyr-exhibition\/#primaryimage\"},\"thumbnailUrl\":\"https:\/\/ri2020.eu\/wp-content\/uploads\/2019\/09\/Konferencija-za-medije-najava-izlo\u017ebe-DAnnunzijeva-mu\u010denica.jpg\",\"articleSection\":[\"News\",\"Times of Power\"],\"inLanguage\":\"en-US\"},{\"@type\":\"WebPage\",\"@id\":\"https:\/\/ri2020.eu\/en\/dannunzios-martyr-exhibition\/\",\"url\":\"https:\/\/ri2020.eu\/en\/dannunzios-martyr-exhibition\/\",\"name\":\"D\u2019Annunzio's Martyr Exhibition &#8226; Rijeka 2020\",\"isPartOf\":{\"@id\":\"https:\/\/ri2020.eu\/en\/#website\"},\"primaryImageOfPage\":{\"@id\":\"https:\/\/ri2020.eu\/en\/dannunzios-martyr-exhibition\/#primaryimage\"},\"image\":{\"@id\":\"https:\/\/ri2020.eu\/en\/dannunzios-martyr-exhibition\/#primaryimage\"},\"thumbnailUrl\":\"https:\/\/ri2020.eu\/wp-content\/uploads\/2019\/09\/Konferencija-za-medije-najava-izlo\u017ebe-DAnnunzijeva-mu\u010denica.jpg\",\"datePublished\":\"2019-09-12T11:30:21+00:00\",\"dateModified\":\"2019-09-17T09:37:50+00:00\",\"breadcrumb\":{\"@id\":\"https:\/\/ri2020.eu\/en\/dannunzios-martyr-exhibition\/#breadcrumb\"},\"inLanguage\":\"en-US\",\"potentialAction\":[{\"@type\":\"ReadAction\",\"target\":[\"https:\/\/ri2020.eu\/en\/dannunzios-martyr-exhibition\/\"]}]},{\"@type\":\"ImageObject\",\"inLanguage\":\"en-US\",\"@id\":\"https:\/\/ri2020.eu\/en\/dannunzios-martyr-exhibition\/#primaryimage\",\"url\":\"https:\/\/ri2020.eu\/wp-content\/uploads\/2019\/09\/Konferencija-za-medije-najava-izlo\u017ebe-DAnnunzijeva-mu\u010denica.jpg\",\"contentUrl\":\"https:\/\/ri2020.eu\/wp-content\/uploads\/2019\/09\/Konferencija-za-medije-najava-izlo\u017ebe-DAnnunzijeva-mu\u010denica.jpg\",\"width\":2048,\"height\":1509,\"caption\":\"D'Annunzijeva mu\u010denica\"},{\"@type\":\"BreadcrumbList\",\"@id\":\"https:\/\/ri2020.eu\/en\/dannunzios-martyr-exhibition\/#breadcrumb\",\"itemListElement\":[{\"@type\":\"ListItem\",\"position\":1,\"name\":\"Home\",\"item\":\"https:\/\/ri2020.eu\/en\/\"},{\"@type\":\"ListItem\",\"position\":2,\"name\":\"D\u2019Annunzio&#8217;s Martyr Exhibition\"}]},{\"@type\":\"WebSite\",\"@id\":\"https:\/\/ri2020.eu\/en\/#website\",\"url\":\"https:\/\/ri2020.eu\/en\/\",\"name\":\"Rijeka 2020\",\"description\":\"Europska prijestolnica kulture\",\"publisher\":{\"@id\":\"https:\/\/ri2020.eu\/en\/#organization\"},\"potentialAction\":[{\"@type\":\"SearchAction\",\"target\":{\"@type\":\"EntryPoint\",\"urlTemplate\":\"https:\/\/ri2020.eu\/en\/?s={search_term_string}\"},\"query-input\":{\"@type\":\"PropertyValueSpecification\",\"valueRequired\":true,\"valueName\":\"search_term_string\"}}],\"inLanguage\":\"en-US\"},{\"@type\":\"Organization\",\"@id\":\"https:\/\/ri2020.eu\/en\/#organization\",\"name\":\"Rijeka 2020 d.o.o.\",\"url\":\"https:\/\/ri2020.eu\/en\/\",\"logo\":{\"@type\":\"ImageObject\",\"inLanguage\":\"en-US\",\"@id\":\"https:\/\/ri2020.eu\/en\/#\/schema\/logo\/image\/\",\"url\":\"https:\/\/rijeka2020.eu\/wp-content\/uploads\/2018\/07\/Ri2020-logo.png\",\"contentUrl\":\"https:\/\/rijeka2020.eu\/wp-content\/uploads\/2018\/07\/Ri2020-logo.png\",\"width\":407,\"height\":175,\"caption\":\"Rijeka 2020 d.o.o.\"},\"image\":{\"@id\":\"https:\/\/ri2020.eu\/en\/#\/schema\/logo\/image\/\"},\"sameAs\":[\"https:\/\/www.facebook.com\/rijeka2020\",\"https:\/\/x.com\/Rijeka2020\",\"https:\/\/www.instagram.com\/rijeka2020\/\",\"https:\/\/www.youtube.com\/user\/riepk2020\"]},{\"@type\":\"Person\",\"@id\":\"https:\/\/ri2020.eu\/en\/#\/schema\/person\/9c12d91df8c45bc534f625d9c81f403d\",\"name\":\"Rijeka 2020\",\"url\":\"https:\/\/ri2020.eu\/en\/author\/lsm\/\"}]}<\/script>\n<!-- \/ Yoast SEO plugin. -->","yoast_head_json":{"title":"D\u2019Annunzio's Martyr Exhibition &#8226; Rijeka 2020","robots":{"index":"index","follow":"follow","max-snippet":"max-snippet:-1","max-image-preview":"max-image-preview:large","max-video-preview":"max-video-preview:-1"},"canonical":"https:\/\/ri2020.eu\/en\/dannunzios-martyr-exhibition\/","og_locale":"en_US","og_type":"article","og_title":"D\u2019Annunzio's Martyr Exhibition &#8226; Rijeka 2020","og_description":"The Maritime and History Museum of the Croatian Littoral Rijeka and Rijeka 2020 - European Capital of Culture present the \"D'Annunzio's Martyr - L'olocausta di Annunzio\" exhibition, which opens at the Governor's Palace in Rijeka on 12 September 2019 at 7 pm, on the exact day of the 100th anniversary of D'Annunzio's occupation of Rijeka.","og_url":"https:\/\/ri2020.eu\/en\/dannunzios-martyr-exhibition\/","og_site_name":"Rijeka 2020","article_publisher":"https:\/\/www.facebook.com\/rijeka2020","article_published_time":"2019-09-12T11:30:21+00:00","article_modified_time":"2019-09-17T09:37:50+00:00","og_image":[{"width":2048,"height":1509,"url":"https:\/\/ri2020.eu\/wp-content\/uploads\/2019\/09\/Konferencija-za-medije-najava-izlo\u017ebe-DAnnunzijeva-mu\u010denica.jpg","type":"image\/jpeg"}],"author":"Rijeka 2020","twitter_card":"summary_large_image","twitter_creator":"@Rijeka2020","twitter_site":"@Rijeka2020","twitter_misc":{"Written by":"Rijeka 2020","Est. reading time":"5 minutes"},"schema":{"@context":"https:\/\/schema.org","@graph":[{"@type":"Article","@id":"https:\/\/ri2020.eu\/en\/dannunzios-martyr-exhibition\/#article","isPartOf":{"@id":"https:\/\/ri2020.eu\/en\/dannunzios-martyr-exhibition\/"},"author":{"name":"Rijeka 2020","@id":"https:\/\/ri2020.eu\/en\/#\/schema\/person\/9c12d91df8c45bc534f625d9c81f403d"},"headline":"D\u2019Annunzio&#8217;s Martyr Exhibition","datePublished":"2019-09-12T11:30:21+00:00","dateModified":"2019-09-17T09:37:50+00:00","mainEntityOfPage":{"@id":"https:\/\/ri2020.eu\/en\/dannunzios-martyr-exhibition\/"},"wordCount":978,"publisher":{"@id":"https:\/\/ri2020.eu\/en\/#organization"},"image":{"@id":"https:\/\/ri2020.eu\/en\/dannunzios-martyr-exhibition\/#primaryimage"},"thumbnailUrl":"https:\/\/ri2020.eu\/wp-content\/uploads\/2019\/09\/Konferencija-za-medije-najava-izlo\u017ebe-DAnnunzijeva-mu\u010denica.jpg","articleSection":["News","Times of Power"],"inLanguage":"en-US"},{"@type":"WebPage","@id":"https:\/\/ri2020.eu\/en\/dannunzios-martyr-exhibition\/","url":"https:\/\/ri2020.eu\/en\/dannunzios-martyr-exhibition\/","name":"D\u2019Annunzio's Martyr Exhibition &#8226; Rijeka 2020","isPartOf":{"@id":"https:\/\/ri2020.eu\/en\/#website"},"primaryImageOfPage":{"@id":"https:\/\/ri2020.eu\/en\/dannunzios-martyr-exhibition\/#primaryimage"},"image":{"@id":"https:\/\/ri2020.eu\/en\/dannunzios-martyr-exhibition\/#primaryimage"},"thumbnailUrl":"https:\/\/ri2020.eu\/wp-content\/uploads\/2019\/09\/Konferencija-za-medije-najava-izlo\u017ebe-DAnnunzijeva-mu\u010denica.jpg","datePublished":"2019-09-12T11:30:21+00:00","dateModified":"2019-09-17T09:37:50+00:00","breadcrumb":{"@id":"https:\/\/ri2020.eu\/en\/dannunzios-martyr-exhibition\/#breadcrumb"},"inLanguage":"en-US","potentialAction":[{"@type":"ReadAction","target":["https:\/\/ri2020.eu\/en\/dannunzios-martyr-exhibition\/"]}]},{"@type":"ImageObject","inLanguage":"en-US","@id":"https:\/\/ri2020.eu\/en\/dannunzios-martyr-exhibition\/#primaryimage","url":"https:\/\/ri2020.eu\/wp-content\/uploads\/2019\/09\/Konferencija-za-medije-najava-izlo\u017ebe-DAnnunzijeva-mu\u010denica.jpg","contentUrl":"https:\/\/ri2020.eu\/wp-content\/uploads\/2019\/09\/Konferencija-za-medije-najava-izlo\u017ebe-DAnnunzijeva-mu\u010denica.jpg","width":2048,"height":1509,"caption":"D'Annunzijeva mu\u010denica"},{"@type":"BreadcrumbList","@id":"https:\/\/ri2020.eu\/en\/dannunzios-martyr-exhibition\/#breadcrumb","itemListElement":[{"@type":"ListItem","position":1,"name":"Home","item":"https:\/\/ri2020.eu\/en\/"},{"@type":"ListItem","position":2,"name":"D\u2019Annunzio&#8217;s Martyr Exhibition"}]},{"@type":"WebSite","@id":"https:\/\/ri2020.eu\/en\/#website","url":"https:\/\/ri2020.eu\/en\/","name":"Rijeka 2020","description":"Europska prijestolnica kulture","publisher":{"@id":"https:\/\/ri2020.eu\/en\/#organization"},"potentialAction":[{"@type":"SearchAction","target":{"@type":"EntryPoint","urlTemplate":"https:\/\/ri2020.eu\/en\/?s={search_term_string}"},"query-input":{"@type":"PropertyValueSpecification","valueRequired":true,"valueName":"search_term_string"}}],"inLanguage":"en-US"},{"@type":"Organization","@id":"https:\/\/ri2020.eu\/en\/#organization","name":"Rijeka 2020 d.o.o.","url":"https:\/\/ri2020.eu\/en\/","logo":{"@type":"ImageObject","inLanguage":"en-US","@id":"https:\/\/ri2020.eu\/en\/#\/schema\/logo\/image\/","url":"https:\/\/rijeka2020.eu\/wp-content\/uploads\/2018\/07\/Ri2020-logo.png","contentUrl":"https:\/\/rijeka2020.eu\/wp-content\/uploads\/2018\/07\/Ri2020-logo.png","width":407,"height":175,"caption":"Rijeka 2020 d.o.o."},"image":{"@id":"https:\/\/ri2020.eu\/en\/#\/schema\/logo\/image\/"},"sameAs":["https:\/\/www.facebook.com\/rijeka2020","https:\/\/x.com\/Rijeka2020","https:\/\/www.instagram.com\/rijeka2020\/","https:\/\/www.youtube.com\/user\/riepk2020"]},{"@type":"Person","@id":"https:\/\/ri2020.eu\/en\/#\/schema\/person\/9c12d91df8c45bc534f625d9c81f403d","name":"Rijeka 2020","url":"https:\/\/ri2020.eu\/en\/author\/lsm\/"}]}},"_links":{"self":[{"href":"https:\/\/ri2020.eu\/en\/wp-json\/wp\/v2\/posts\/31836","targetHints":{"allow":["GET"]}}],"collection":[{"href":"https:\/\/ri2020.eu\/en\/wp-json\/wp\/v2\/posts"}],"about":[{"href":"https:\/\/ri2020.eu\/en\/wp-json\/wp\/v2\/types\/post"}],"author":[{"embeddable":true,"href":"https:\/\/ri2020.eu\/en\/wp-json\/wp\/v2\/users\/72"}],"replies":[{"embeddable":true,"href":"https:\/\/ri2020.eu\/en\/wp-json\/wp\/v2\/comments?post=31836"}],"version-history":[{"count":0,"href":"https:\/\/ri2020.eu\/en\/wp-json\/wp\/v2\/posts\/31836\/revisions"}],"wp:featuredmedia":[{"embeddable":true,"href":"https:\/\/ri2020.eu\/en\/wp-json\/wp\/v2\/media\/31624"}],"wp:attachment":[{"href":"https:\/\/ri2020.eu\/en\/wp-json\/wp\/v2\/media?parent=31836"}],"wp:term":[{"taxonomy":"category","embeddable":true,"href":"https:\/\/ri2020.eu\/en\/wp-json\/wp\/v2\/categories?post=31836"},{"taxonomy":"post_tag","embeddable":true,"href":"https:\/\/ri2020.eu\/en\/wp-json\/wp\/v2\/tags?post=31836"}],"curies":[{"name":"wp","href":"https:\/\/api.w.org\/{rel}","templated":true}]}}