{"id":31566,"date":"2019-09-06T14:25:57","date_gmt":"2019-09-06T12:25:57","guid":{"rendered":"https:\/\/rijeka2020.eu\/?p=31566"},"modified":"2019-09-06T14:25:57","modified_gmt":"2019-09-06T12:25:57","slug":"the-complete-porto-etno-festival-programme-announced","status":"publish","type":"post","link":"https:\/\/ri2020.eu\/en\/the-complete-porto-etno-festival-programme-announced\/","title":{"rendered":"The complete Porto Etno festival programme announced"},"content":{"rendered":"<p><strong>From 6 to 8 September 2019 in three different locations around Rijeka (128 Brigade HV Square \/ Rije\u010dka Rezolucija Square, CNT Ivan pl. Zajc and Rijeka market), the third <a href=\"https:\/\/rijeka2020.eu\/en\/dogadjanja\/porto-etno-world-music-and-gastronomy-festival\/\" target=\"_blank\" rel=\"noopener noreferrer\">Porto Etno \u2013 World music and gastro festival<\/a> within the Rijeka 2020 \u2013 European Capital of Culture project will take place and it will host more than 100 performers such as the Boban Markovi\u0107 Orkestar, BaBa ZuLe, Acid Arab and Iva Bittova, while visitors will be able to try dishes from as many as 20 world cuisines<\/strong> prepared by associations of national minorities in Rijeka and Primorje-Gorski Kotar County, as well as inhabitants of Rijeka originating from all over the world, including the Philippines, India, Trinidad and Tobago, Madagascar, Italy, the Czech Republic and many others. Romany steak, Bosnian pot, baklava, okra, Panacit Palabok, Shahi Paneer, Coo-Coo, Slovak noodles with kajmak (cream) and pan-crisped pancetta or real Italian lasagna prepared by the Rijeka Italian Community are just some of the many dishes that visitors will be able to taste at the Porto Etno \u2013 world music and gastro festival. As part of the accompanying programme of the festival, a presentation of folklore and music performances by national minorities&#8217; associations will be held, as well as a series of children&#8217;s workshops.<\/p>\n<p><img loading=\"lazy\" decoding=\"async\" class=\"alignnone size-full wp-image-31462\" src=\"https:\/\/rijeka2020.eu\/wp-content\/uploads\/2019\/09\/press-konferencija-2.jpg\" alt=\"porto etno\" width=\"1280\" height=\"960\" srcset=\"https:\/\/ri2020.eu\/wp-content\/uploads\/2019\/09\/press-konferencija-2.jpg 1280w, https:\/\/ri2020.eu\/wp-content\/uploads\/2019\/09\/press-konferencija-2-220x165.jpg 220w, https:\/\/ri2020.eu\/wp-content\/uploads\/2019\/09\/press-konferencija-2-768x576.jpg 768w, https:\/\/ri2020.eu\/wp-content\/uploads\/2019\/09\/press-konferencija-2-1024x768.jpg 1024w, https:\/\/ri2020.eu\/wp-content\/uploads\/2019\/09\/press-konferencija-2-250x188.jpg 250w, https:\/\/ri2020.eu\/wp-content\/uploads\/2019\/09\/press-konferencija-2-420x315.jpg 420w\" sizes=\"auto, (max-width: 1280px) 100vw, 1280px\" \/><\/p>\n<p>&nbsp;<\/p>\n<p>Vojko Obersnel, Mayor of the City of Rijeka said:<\/p>\n<blockquote><p>\u201cWhen speaking of the heritage of the ECoC project, I personally think that programmes such as the Porto Etno festival are as important as the infrastructure we are investing in because it is precisely this blend of a variety of cultures that makes this city a pretty unique place to visit and stay in. It is a festival that, in the best way possible, represents a continuation of the tradition of the Ethno festival, the Rijeka National Minorities\u2019 day.\u201d<\/p><\/blockquote>\n<p>&nbsp;<\/p>\n<blockquote><p>\u201cPorto Etno is organized as part of the Kitchen of Diversity flagship of Rijeka 2020 \u2013 European Capital of Culture, in cooperation with the City of Rijeka, associations of national minorities of Rijeka, and immigrants who have arrived in Rijeka from all over the world. Thus the festival programme creates new opportunities to develop friendships, and foster solidarity and tolerance.\u201d<\/p><\/blockquote>\n<p>&#8211; said Emina Vi\u0161ni\u0107, Director of TD RIJEKA 2020 d.o.o.<\/p>\n<p>&nbsp;<\/p>\n<p><a href=\"https:\/\/rijeka2020.eu\/en\/projekti\/porto-etno\/music-2\/\" target=\"_blank\" rel=\"noopener noreferrer\"><strong>Music programme<\/strong><\/a><\/p>\n<p><strong>The great music programme of the third Porto Etno \u2013 World Music and Gastro Festival was announced by the festival\u2019s Music Director, Zoran Majstorovi\u0107. The festival will welcome such famous musicians as the Boban Markovi\u0107 Orchestra,\u00a0BaBa ZuLa,\u00a0Acid Arab\u00a0and\u00a0Iva Bittova.<\/strong><\/p>\n<p><img loading=\"lazy\" decoding=\"async\" class=\"alignnone size-full wp-image-30727\" src=\"https:\/\/rijeka2020.eu\/wp-content\/uploads\/2019\/08\/BMO2018.jpg\" alt=\"Boban Markovi\u0107 Orkestar \" width=\"2048\" height=\"1365\" srcset=\"https:\/\/ri2020.eu\/wp-content\/uploads\/2019\/08\/BMO2018.jpg 2048w, https:\/\/ri2020.eu\/wp-content\/uploads\/2019\/08\/BMO2018-248x165.jpg 248w, https:\/\/ri2020.eu\/wp-content\/uploads\/2019\/08\/BMO2018-768x512.jpg 768w, https:\/\/ri2020.eu\/wp-content\/uploads\/2019\/08\/BMO2018-1024x683.jpg 1024w, https:\/\/ri2020.eu\/wp-content\/uploads\/2019\/08\/BMO2018-250x167.jpg 250w, https:\/\/ri2020.eu\/wp-content\/uploads\/2019\/08\/BMO2018-420x280.jpg 420w\" sizes=\"auto, (max-width: 2048px) 100vw, 2048px\" \/><br \/>\n<em>Boban Markovi\u0107 Orchestra<\/em><\/p>\n<p><strong>Hitting the stage on the festival&#8217;s opening day on Friday, 6 September, in Rije\u010dka Rezolucija Square<\/strong>, is the 14-piece <strong>Italian\u00a0North East Ska Jazz Orchestra<\/strong>. In addition to solo performances, the orchestra will play a concert together with the <strong>Italian dub band\u00a0Wicked Dub Division<\/strong>,\u00a0with whom they have been collaborating since 2017. Following them on stage is the <strong>world&#8217;s best Romani brass ensemble, the\u00a0Boban Markovi\u0107 Orchestra.<\/strong><\/p>\n<p><img loading=\"lazy\" decoding=\"async\" class=\"alignnone size-full wp-image-30729\" src=\"https:\/\/rijeka2020.eu\/wp-content\/uploads\/2019\/08\/AcidArab__GuidoMinisky_HerveECarvalho_by_FlavienPrioreau_lores.jpg\" alt=\"Acid Arab\" width=\"2000\" height=\"1500\" srcset=\"https:\/\/ri2020.eu\/wp-content\/uploads\/2019\/08\/AcidArab__GuidoMinisky_HerveECarvalho_by_FlavienPrioreau_lores.jpg 2000w, https:\/\/ri2020.eu\/wp-content\/uploads\/2019\/08\/AcidArab__GuidoMinisky_HerveECarvalho_by_FlavienPrioreau_lores-220x165.jpg 220w, https:\/\/ri2020.eu\/wp-content\/uploads\/2019\/08\/AcidArab__GuidoMinisky_HerveECarvalho_by_FlavienPrioreau_lores-768x576.jpg 768w, https:\/\/ri2020.eu\/wp-content\/uploads\/2019\/08\/AcidArab__GuidoMinisky_HerveECarvalho_by_FlavienPrioreau_lores-1024x768.jpg 1024w, https:\/\/ri2020.eu\/wp-content\/uploads\/2019\/08\/AcidArab__GuidoMinisky_HerveECarvalho_by_FlavienPrioreau_lores-250x188.jpg 250w, https:\/\/ri2020.eu\/wp-content\/uploads\/2019\/08\/AcidArab__GuidoMinisky_HerveECarvalho_by_FlavienPrioreau_lores-420x315.jpg 420w\" sizes=\"auto, (max-width: 2000px) 100vw, 2000px\" \/><br \/>\n<em>Acid Arab<\/em><\/p>\n<p><strong>On Saturday, 7 September, at 7:30 pm,\u00a0Iva Bittov\u00e1, a Czech avant-garde violinist of Romani-Jewish descent, will perform\u00a0with the\u00a0Porto Etno Orchestra at the CNT Ivan pl. Zajc, after the legendary\u00a0Putokazi from Rijeka.<\/strong> <strong>The programme resumes on Saturday in Rije\u010dka Rezolucija Square, where\u00a0Cinku\u0161i,\u00a0the unrivalled masters of 21st-century Turkish psychedelic music,\u00a0BaBa ZuLa\u00a0and Acid Arab,\u00a0a Parisian electronic duo<\/strong> that blends Western electronic music with Eastern sounds and vocals, will serve a multicultural musical brew.<\/p>\n<p>The daily programme on <strong>Sunday, 8 September, at the Rijeka market and Theatre Square will feature performances by the\u00a0JeboTon Ensemble<\/strong>, a street band made up of several Croatian bands that has gained notoriety with their guerrilla shows bursting with incredible energy and good vibrations, and\u00a0<strong>EtnoRom, one of the most famous Hungarian ethnic bands<\/strong> that draws on Romani musical heritage. Their music is rooted in traditional Vlach-Roma melodies and rhythms, which, under the influence of gipsy jazz and swing, gradually evolved into gipsy world music imbued with a unique energy.<\/p>\n<p><img loading=\"lazy\" decoding=\"async\" class=\"alignnone size-full wp-image-30756\" src=\"https:\/\/rijeka2020.eu\/wp-content\/uploads\/2019\/08\/ivabittova.jpg\" alt=\"Iva Bittova\" width=\"1200\" height=\"444\" srcset=\"https:\/\/ri2020.eu\/wp-content\/uploads\/2019\/08\/ivabittova.jpg 1200w, https:\/\/ri2020.eu\/wp-content\/uploads\/2019\/08\/ivabittova-255x94.jpg 255w, https:\/\/ri2020.eu\/wp-content\/uploads\/2019\/08\/ivabittova-768x284.jpg 768w, https:\/\/ri2020.eu\/wp-content\/uploads\/2019\/08\/ivabittova-1024x379.jpg 1024w, https:\/\/ri2020.eu\/wp-content\/uploads\/2019\/08\/ivabittova-250x93.jpg 250w, https:\/\/ri2020.eu\/wp-content\/uploads\/2019\/08\/ivabittova-420x155.jpg 420w\" sizes=\"auto, (max-width: 1200px) 100vw, 1200px\" \/><br \/>\n<em>Iva Bittova<\/em><\/p>\n<p>All the musicians gathered at the Porto Etno Festival bring together people from all over the world with their intoxicating music, regardless of the languages they speak and the cultures they belong to. At the Porto Etno Festival, we all dance to the same beat, the beat of the heart.<\/p>\n<p>&nbsp;<\/p>\n<p><a href=\"https:\/\/rijeka2020.eu\/en\/projekti\/porto-etno\/gastro\/\" target=\"_blank\" rel=\"noopener noreferrer\"><strong>The Gastro Fair<\/strong><\/a><\/p>\n<p>The host of the gastro programme, <strong>masterchef Sr\u0111ana Jevti\u0107<\/strong>, has announced that the Festival\u2019s food will be prepared by associations of national minorities of Rijeka and Primorje-Gorski Kotar County, as well as inhabitants of Rijeka originating from all over the world,\u00a0including the Philippines, India, Trinidad and Tobago, Madagascar, Italy, the Czech Republic and many others. <strong>Romani steak, Bosnian pot, Pancit Palabok (a Filipino noodle dish with shrimp gravy), grandma\u2019s barley soup, Macedonian Turli tava (a vegetable and meat stew), Bosnian baklava, okra, Indian Shahi Paneer, Coo-Coo (a Caribbean dish), Slovak noodles with kajmak (cream) and pan-crisped pancetta or real Italian lasagna<\/strong>\u00a0prepared by the Rijeka Italian Community are just some of the many dishes that visitors will be able to taste.<\/p>\n<p><img loading=\"lazy\" decoding=\"async\" class=\"alignnone size-full wp-image-31224\" src=\"https:\/\/rijeka2020.eu\/wp-content\/uploads\/2019\/08\/0328-1.jpg\" alt=\"Sr\u0111ana\" width=\"533\" height=\"800\" srcset=\"https:\/\/ri2020.eu\/wp-content\/uploads\/2019\/08\/0328-1.jpg 533w, https:\/\/ri2020.eu\/wp-content\/uploads\/2019\/08\/0328-1-110x165.jpg 110w, https:\/\/ri2020.eu\/wp-content\/uploads\/2019\/08\/0328-1-167x250.jpg 167w, https:\/\/ri2020.eu\/wp-content\/uploads\/2019\/08\/0328-1-420x630.jpg 420w\" sizes=\"auto, (max-width: 533px) 100vw, 533px\" \/><br \/>\n<em>Sr\u0111ana Jevti\u0107<\/em><\/p>\n<p><strong>Entrance to the gastro part of the Festival is free and visitors will be able to buy tasting portions of traditional foods priced at 10 HRK.<\/strong><\/p>\n<p><strong>On Saturday, 7 September, the national minorities will be cooking in the 128 Brigade HV Square from 10:30 am to 5 pm.<\/strong><\/p>\n<p><strong>The POP-UP gastro, music and circus performance programme will take place at the Rijeka Central Market and Theatre Park on Sunday, 8 September.<\/strong> The programme starts at 10 am and the opening hours of the Rijeka Market will be extended until 2 pm. <strong>Masterchef Sr\u0111ana Jevti\u0107 will be preparing a special kind of minestrone (mane\u0161tra) for visitors<\/strong>, Cirkorama are coming to the Theatre Park with their show entitled Milica Travels the World (Milica na putu oko svijeta), performed by clown artist Petra Boki\u0107, and the music programme will feature shows by the JeboTon ensemble from Zagreb and the Hungarian ethnic band, EtnoRom.<\/p>\n<p>&nbsp;<\/p>\n<p><strong>The following are participating in the gastro programme;<\/strong> The Rijeka Italian Community, the \u201cProsvjeta\u201d Serbian Cultural Society \u2013 Rijeka Subcommittee, the &#8220;Ru\u0161njak\u201c Cultural Society of Rusyns and Ukrainians of Primorje-Gorski Kotar County, Russian Home \u2013 the Russian National Minority Association in Primorje-Gorski Kotar County, the Slovak Cultural and Publishing Society of Rijeka, the Primorje-Gorski Kotar County Albanian Community, The Albanian Association of the Island of Krk, the \u201cIlinden\u201d Macedonian Cultural Centre, the Democratic Union of Hungarians in Primorje \u2013 Gorski Kotar County, The \u010ce\u0161ka Beseda Rijeka Association, the \u201cBazovica\u201d Slovenian Home Association \u2013 Cultural Historical Society, the Association of the Peoples&#8217; Communities of Bosnia and Herzegovina, the Bosniak National Community, Rijeka expats: Trinidad and Tobago, Madagascar, India, Philippines, United States of America and Ri gastro.<\/p>\n<p>Rijeka\u2019s caterers are also joining in, driven by the Port of Diversity\u2019s multicultural spirit, inviting everyone to enjoy and discover new scents and flavours. The European Capital of Culture (ECoC) and Rijeka\u2019s caterers are organising a special edition of the Ri gastro event, doubling as an introduction to the Porto Etno World music and gastro festival. The event is dedicated to the promotion of the gastronomic traditions and cultures of the countries whose minorities live and work in Rijeka and its surroundings. In their taverns and restaurants, Rijeka\u2019s caterers will be preparing indigenous dishes according to recipes of inhabitants of Rijeka originating from all over Europe and the rest of the world. This will take place from 2 to 8 September.<\/p>\n<p>&nbsp;<\/p>\n<p><a href=\"https:\/\/rijeka2020.eu\/en\/projekti\/porto-etno\/buy-tickets\/\" target=\"_blank\" rel=\"noopener noreferrer\"><strong>Tickets<\/strong><\/a><\/p>\n<p>Entrance to the gastro part of the Festival is free and visitors will be able to buy tasting portions of traditional foods priced at 10 HRK. The children&#8217;s programmes and programmes at the Rijeka market are free for visitors. You will be able to taste the food at very affordable prices, while entrance to the concerts is charged. University students, pensioners and the unemployed get 20% off. Persons with disabilities enter free, children under 12 enter free accompanied by parents. Festival tickets for Friday and Saturday are priced at 100 HRK in advance sales and 150 HRK at the entrance. Daily tickets for Friday and Saturday are priced at 70 HRK in advance sales and 100 HRK at the entrance. The concert at CNT Ivan pl. Zajc (Iva Bittov\u00e1, Putokazi and the Porto Etno Orchestra) is priced at 60 HRK in advance sales and 80 HRK at the entrance (sold separately).<\/p>\n<p>&nbsp;<\/p>\n<p>See you at the third Porto Etno festival!<\/p>\n","protected":false},"excerpt":{"rendered":"<p>Porto Etno, the world music and gastro festival of Rijeka 2020 \u2013 European Capital of Culture was announced at a press conference today. Its backbone is the communities of the national minorities of Rijeka, people who have found their new home in Rijeka and musical nomads from all over the world. The festival comprises music, gastronomy, folk dance, circus and children&#8217;s programmes that cater to everyone \u2013 residents of Rijeka and all our guests from Croatia, the region, Europe and the world.<\/p>\n","protected":false},"author":72,"featured_media":31296,"comment_status":"closed","ping_status":"closed","sticky":false,"template":"","format":"standard","meta":{"_acf_changed":false,"footnotes":""},"categories":[2959,2731,2961],"tags":[],"class_list":["post-31566","post","type-post","status-publish","format-standard","has-post-thumbnail","hentry","category-kitchen-of-diversity","category-news","category-porto-etno"],"acf":[],"yoast_head":"<!-- This site is optimized with the Yoast SEO plugin v26.8 - https:\/\/yoast.com\/product\/yoast-seo-wordpress\/ -->\n<title>The complete Porto Etno festival programme announced &#8226; Rijeka 2020<\/title>\n<meta name=\"robots\" content=\"index, follow, max-snippet:-1, max-image-preview:large, max-video-preview:-1\" \/>\n<link rel=\"canonical\" href=\"https:\/\/ri2020.eu\/en\/the-complete-porto-etno-festival-programme-announced\/\" \/>\n<meta property=\"og:locale\" content=\"en_US\" \/>\n<meta property=\"og:type\" content=\"article\" \/>\n<meta property=\"og:title\" content=\"The complete Porto Etno festival programme announced &#8226; Rijeka 2020\" \/>\n<meta property=\"og:description\" content=\"Porto Etno, the world music and gastro festival of Rijeka 2020 \u2013 European Capital of Culture was announced at a press conference today. Its backbone is the communities of the national minorities of Rijeka, people who have found their new home in Rijeka and musical nomads from all over the world. The festival comprises music, gastronomy, folk dance, circus and children&#039;s programmes that cater to everyone \u2013 residents of Rijeka and all our guests from Croatia, the region, Europe and the world.\" \/>\n<meta property=\"og:url\" content=\"https:\/\/ri2020.eu\/en\/the-complete-porto-etno-festival-programme-announced\/\" \/>\n<meta property=\"og:site_name\" content=\"Rijeka 2020\" \/>\n<meta property=\"article:publisher\" content=\"https:\/\/www.facebook.com\/rijeka2020\" \/>\n<meta property=\"article:published_time\" content=\"2019-09-06T12:25:57+00:00\" \/>\n<meta property=\"og:image\" content=\"https:\/\/ri2020.eu\/wp-content\/uploads\/2019\/08\/porto-etno-2019-694x450.jpg\" \/>\n\t<meta property=\"og:image:width\" content=\"694\" \/>\n\t<meta property=\"og:image:height\" content=\"450\" \/>\n\t<meta property=\"og:image:type\" content=\"image\/jpeg\" \/>\n<meta name=\"author\" content=\"Rijeka 2020\" \/>\n<meta name=\"twitter:card\" content=\"summary_large_image\" \/>\n<meta name=\"twitter:creator\" content=\"@Rijeka2020\" \/>\n<meta name=\"twitter:site\" content=\"@Rijeka2020\" \/>\n<meta name=\"twitter:label1\" content=\"Written by\" \/>\n\t<meta name=\"twitter:data1\" content=\"Rijeka 2020\" \/>\n\t<meta name=\"twitter:label2\" content=\"Est. reading time\" \/>\n\t<meta name=\"twitter:data2\" content=\"7 minutes\" \/>\n<script type=\"application\/ld+json\" class=\"yoast-schema-graph\">{\"@context\":\"https:\/\/schema.org\",\"@graph\":[{\"@type\":\"Article\",\"@id\":\"https:\/\/ri2020.eu\/en\/the-complete-porto-etno-festival-programme-announced\/#article\",\"isPartOf\":{\"@id\":\"https:\/\/ri2020.eu\/en\/the-complete-porto-etno-festival-programme-announced\/\"},\"author\":{\"name\":\"Rijeka 2020\",\"@id\":\"https:\/\/ri2020.eu\/en\/#\/schema\/person\/9c12d91df8c45bc534f625d9c81f403d\"},\"headline\":\"The complete Porto Etno festival programme announced\",\"datePublished\":\"2019-09-06T12:25:57+00:00\",\"mainEntityOfPage\":{\"@id\":\"https:\/\/ri2020.eu\/en\/the-complete-porto-etno-festival-programme-announced\/\"},\"wordCount\":1385,\"publisher\":{\"@id\":\"https:\/\/ri2020.eu\/en\/#organization\"},\"image\":{\"@id\":\"https:\/\/ri2020.eu\/en\/the-complete-porto-etno-festival-programme-announced\/#primaryimage\"},\"thumbnailUrl\":\"https:\/\/ri2020.eu\/wp-content\/uploads\/2019\/08\/porto-etno-2019-694x450.jpg\",\"articleSection\":[\"Kitchen of Diversity\",\"News\",\"Porto etno\"],\"inLanguage\":\"en-US\"},{\"@type\":\"WebPage\",\"@id\":\"https:\/\/ri2020.eu\/en\/the-complete-porto-etno-festival-programme-announced\/\",\"url\":\"https:\/\/ri2020.eu\/en\/the-complete-porto-etno-festival-programme-announced\/\",\"name\":\"The complete Porto Etno festival programme announced &#8226; Rijeka 2020\",\"isPartOf\":{\"@id\":\"https:\/\/ri2020.eu\/en\/#website\"},\"primaryImageOfPage\":{\"@id\":\"https:\/\/ri2020.eu\/en\/the-complete-porto-etno-festival-programme-announced\/#primaryimage\"},\"image\":{\"@id\":\"https:\/\/ri2020.eu\/en\/the-complete-porto-etno-festival-programme-announced\/#primaryimage\"},\"thumbnailUrl\":\"https:\/\/ri2020.eu\/wp-content\/uploads\/2019\/08\/porto-etno-2019-694x450.jpg\",\"datePublished\":\"2019-09-06T12:25:57+00:00\",\"breadcrumb\":{\"@id\":\"https:\/\/ri2020.eu\/en\/the-complete-porto-etno-festival-programme-announced\/#breadcrumb\"},\"inLanguage\":\"en-US\",\"potentialAction\":[{\"@type\":\"ReadAction\",\"target\":[\"https:\/\/ri2020.eu\/en\/the-complete-porto-etno-festival-programme-announced\/\"]}]},{\"@type\":\"ImageObject\",\"inLanguage\":\"en-US\",\"@id\":\"https:\/\/ri2020.eu\/en\/the-complete-porto-etno-festival-programme-announced\/#primaryimage\",\"url\":\"https:\/\/ri2020.eu\/wp-content\/uploads\/2019\/08\/porto-etno-2019-694x450.jpg\",\"contentUrl\":\"https:\/\/ri2020.eu\/wp-content\/uploads\/2019\/08\/porto-etno-2019-694x450.jpg\",\"width\":694,\"height\":450},{\"@type\":\"BreadcrumbList\",\"@id\":\"https:\/\/ri2020.eu\/en\/the-complete-porto-etno-festival-programme-announced\/#breadcrumb\",\"itemListElement\":[{\"@type\":\"ListItem\",\"position\":1,\"name\":\"Home\",\"item\":\"https:\/\/ri2020.eu\/en\/\"},{\"@type\":\"ListItem\",\"position\":2,\"name\":\"The complete Porto Etno festival programme announced\"}]},{\"@type\":\"WebSite\",\"@id\":\"https:\/\/ri2020.eu\/en\/#website\",\"url\":\"https:\/\/ri2020.eu\/en\/\",\"name\":\"Rijeka 2020\",\"description\":\"Europska prijestolnica kulture\",\"publisher\":{\"@id\":\"https:\/\/ri2020.eu\/en\/#organization\"},\"potentialAction\":[{\"@type\":\"SearchAction\",\"target\":{\"@type\":\"EntryPoint\",\"urlTemplate\":\"https:\/\/ri2020.eu\/en\/?s={search_term_string}\"},\"query-input\":{\"@type\":\"PropertyValueSpecification\",\"valueRequired\":true,\"valueName\":\"search_term_string\"}}],\"inLanguage\":\"en-US\"},{\"@type\":\"Organization\",\"@id\":\"https:\/\/ri2020.eu\/en\/#organization\",\"name\":\"Rijeka 2020 d.o.o.\",\"url\":\"https:\/\/ri2020.eu\/en\/\",\"logo\":{\"@type\":\"ImageObject\",\"inLanguage\":\"en-US\",\"@id\":\"https:\/\/ri2020.eu\/en\/#\/schema\/logo\/image\/\",\"url\":\"https:\/\/rijeka2020.eu\/wp-content\/uploads\/2018\/07\/Ri2020-logo.png\",\"contentUrl\":\"https:\/\/rijeka2020.eu\/wp-content\/uploads\/2018\/07\/Ri2020-logo.png\",\"width\":407,\"height\":175,\"caption\":\"Rijeka 2020 d.o.o.\"},\"image\":{\"@id\":\"https:\/\/ri2020.eu\/en\/#\/schema\/logo\/image\/\"},\"sameAs\":[\"https:\/\/www.facebook.com\/rijeka2020\",\"https:\/\/x.com\/Rijeka2020\",\"https:\/\/www.instagram.com\/rijeka2020\/\",\"https:\/\/www.youtube.com\/user\/riepk2020\"]},{\"@type\":\"Person\",\"@id\":\"https:\/\/ri2020.eu\/en\/#\/schema\/person\/9c12d91df8c45bc534f625d9c81f403d\",\"name\":\"Rijeka 2020\",\"url\":\"https:\/\/ri2020.eu\/en\/author\/lsm\/\"}]}<\/script>\n<!-- \/ Yoast SEO plugin. -->","yoast_head_json":{"title":"The complete Porto Etno festival programme announced &#8226; Rijeka 2020","robots":{"index":"index","follow":"follow","max-snippet":"max-snippet:-1","max-image-preview":"max-image-preview:large","max-video-preview":"max-video-preview:-1"},"canonical":"https:\/\/ri2020.eu\/en\/the-complete-porto-etno-festival-programme-announced\/","og_locale":"en_US","og_type":"article","og_title":"The complete Porto Etno festival programme announced &#8226; Rijeka 2020","og_description":"Porto Etno, the world music and gastro festival of Rijeka 2020 \u2013 European Capital of Culture was announced at a press conference today. Its backbone is the communities of the national minorities of Rijeka, people who have found their new home in Rijeka and musical nomads from all over the world. The festival comprises music, gastronomy, folk dance, circus and children's programmes that cater to everyone \u2013 residents of Rijeka and all our guests from Croatia, the region, Europe and the world.","og_url":"https:\/\/ri2020.eu\/en\/the-complete-porto-etno-festival-programme-announced\/","og_site_name":"Rijeka 2020","article_publisher":"https:\/\/www.facebook.com\/rijeka2020","article_published_time":"2019-09-06T12:25:57+00:00","og_image":[{"width":694,"height":450,"url":"https:\/\/ri2020.eu\/wp-content\/uploads\/2019\/08\/porto-etno-2019-694x450.jpg","type":"image\/jpeg"}],"author":"Rijeka 2020","twitter_card":"summary_large_image","twitter_creator":"@Rijeka2020","twitter_site":"@Rijeka2020","twitter_misc":{"Written by":"Rijeka 2020","Est. reading time":"7 minutes"},"schema":{"@context":"https:\/\/schema.org","@graph":[{"@type":"Article","@id":"https:\/\/ri2020.eu\/en\/the-complete-porto-etno-festival-programme-announced\/#article","isPartOf":{"@id":"https:\/\/ri2020.eu\/en\/the-complete-porto-etno-festival-programme-announced\/"},"author":{"name":"Rijeka 2020","@id":"https:\/\/ri2020.eu\/en\/#\/schema\/person\/9c12d91df8c45bc534f625d9c81f403d"},"headline":"The complete Porto Etno festival programme announced","datePublished":"2019-09-06T12:25:57+00:00","mainEntityOfPage":{"@id":"https:\/\/ri2020.eu\/en\/the-complete-porto-etno-festival-programme-announced\/"},"wordCount":1385,"publisher":{"@id":"https:\/\/ri2020.eu\/en\/#organization"},"image":{"@id":"https:\/\/ri2020.eu\/en\/the-complete-porto-etno-festival-programme-announced\/#primaryimage"},"thumbnailUrl":"https:\/\/ri2020.eu\/wp-content\/uploads\/2019\/08\/porto-etno-2019-694x450.jpg","articleSection":["Kitchen of Diversity","News","Porto etno"],"inLanguage":"en-US"},{"@type":"WebPage","@id":"https:\/\/ri2020.eu\/en\/the-complete-porto-etno-festival-programme-announced\/","url":"https:\/\/ri2020.eu\/en\/the-complete-porto-etno-festival-programme-announced\/","name":"The complete Porto Etno festival programme announced &#8226; Rijeka 2020","isPartOf":{"@id":"https:\/\/ri2020.eu\/en\/#website"},"primaryImageOfPage":{"@id":"https:\/\/ri2020.eu\/en\/the-complete-porto-etno-festival-programme-announced\/#primaryimage"},"image":{"@id":"https:\/\/ri2020.eu\/en\/the-complete-porto-etno-festival-programme-announced\/#primaryimage"},"thumbnailUrl":"https:\/\/ri2020.eu\/wp-content\/uploads\/2019\/08\/porto-etno-2019-694x450.jpg","datePublished":"2019-09-06T12:25:57+00:00","breadcrumb":{"@id":"https:\/\/ri2020.eu\/en\/the-complete-porto-etno-festival-programme-announced\/#breadcrumb"},"inLanguage":"en-US","potentialAction":[{"@type":"ReadAction","target":["https:\/\/ri2020.eu\/en\/the-complete-porto-etno-festival-programme-announced\/"]}]},{"@type":"ImageObject","inLanguage":"en-US","@id":"https:\/\/ri2020.eu\/en\/the-complete-porto-etno-festival-programme-announced\/#primaryimage","url":"https:\/\/ri2020.eu\/wp-content\/uploads\/2019\/08\/porto-etno-2019-694x450.jpg","contentUrl":"https:\/\/ri2020.eu\/wp-content\/uploads\/2019\/08\/porto-etno-2019-694x450.jpg","width":694,"height":450},{"@type":"BreadcrumbList","@id":"https:\/\/ri2020.eu\/en\/the-complete-porto-etno-festival-programme-announced\/#breadcrumb","itemListElement":[{"@type":"ListItem","position":1,"name":"Home","item":"https:\/\/ri2020.eu\/en\/"},{"@type":"ListItem","position":2,"name":"The complete Porto Etno festival programme announced"}]},{"@type":"WebSite","@id":"https:\/\/ri2020.eu\/en\/#website","url":"https:\/\/ri2020.eu\/en\/","name":"Rijeka 2020","description":"Europska prijestolnica kulture","publisher":{"@id":"https:\/\/ri2020.eu\/en\/#organization"},"potentialAction":[{"@type":"SearchAction","target":{"@type":"EntryPoint","urlTemplate":"https:\/\/ri2020.eu\/en\/?s={search_term_string}"},"query-input":{"@type":"PropertyValueSpecification","valueRequired":true,"valueName":"search_term_string"}}],"inLanguage":"en-US"},{"@type":"Organization","@id":"https:\/\/ri2020.eu\/en\/#organization","name":"Rijeka 2020 d.o.o.","url":"https:\/\/ri2020.eu\/en\/","logo":{"@type":"ImageObject","inLanguage":"en-US","@id":"https:\/\/ri2020.eu\/en\/#\/schema\/logo\/image\/","url":"https:\/\/rijeka2020.eu\/wp-content\/uploads\/2018\/07\/Ri2020-logo.png","contentUrl":"https:\/\/rijeka2020.eu\/wp-content\/uploads\/2018\/07\/Ri2020-logo.png","width":407,"height":175,"caption":"Rijeka 2020 d.o.o."},"image":{"@id":"https:\/\/ri2020.eu\/en\/#\/schema\/logo\/image\/"},"sameAs":["https:\/\/www.facebook.com\/rijeka2020","https:\/\/x.com\/Rijeka2020","https:\/\/www.instagram.com\/rijeka2020\/","https:\/\/www.youtube.com\/user\/riepk2020"]},{"@type":"Person","@id":"https:\/\/ri2020.eu\/en\/#\/schema\/person\/9c12d91df8c45bc534f625d9c81f403d","name":"Rijeka 2020","url":"https:\/\/ri2020.eu\/en\/author\/lsm\/"}]}},"_links":{"self":[{"href":"https:\/\/ri2020.eu\/en\/wp-json\/wp\/v2\/posts\/31566","targetHints":{"allow":["GET"]}}],"collection":[{"href":"https:\/\/ri2020.eu\/en\/wp-json\/wp\/v2\/posts"}],"about":[{"href":"https:\/\/ri2020.eu\/en\/wp-json\/wp\/v2\/types\/post"}],"author":[{"embeddable":true,"href":"https:\/\/ri2020.eu\/en\/wp-json\/wp\/v2\/users\/72"}],"replies":[{"embeddable":true,"href":"https:\/\/ri2020.eu\/en\/wp-json\/wp\/v2\/comments?post=31566"}],"version-history":[{"count":0,"href":"https:\/\/ri2020.eu\/en\/wp-json\/wp\/v2\/posts\/31566\/revisions"}],"wp:featuredmedia":[{"embeddable":true,"href":"https:\/\/ri2020.eu\/en\/wp-json\/wp\/v2\/media\/31296"}],"wp:attachment":[{"href":"https:\/\/ri2020.eu\/en\/wp-json\/wp\/v2\/media?parent=31566"}],"wp:term":[{"taxonomy":"category","embeddable":true,"href":"https:\/\/ri2020.eu\/en\/wp-json\/wp\/v2\/categories?post=31566"},{"taxonomy":"post_tag","embeddable":true,"href":"https:\/\/ri2020.eu\/en\/wp-json\/wp\/v2\/tags?post=31566"}],"curies":[{"name":"wp","href":"https:\/\/api.w.org\/{rel}","templated":true}]}}