{"id":31476,"date":"2019-08-23T17:17:16","date_gmt":"2019-08-23T15:17:16","guid":{"rendered":"https:\/\/rijeka2020.eu\/?p=31476"},"modified":"2019-09-03T17:19:05","modified_gmt":"2019-09-03T15:19:05","slug":"a-musical-evening-in-the-vrbnik-neighbourhood-with-fare-free-transport-from-rijeka","status":"publish","type":"post","link":"https:\/\/ri2020.eu\/en\/a-musical-evening-in-the-vrbnik-neighbourhood-with-fare-free-transport-from-rijeka\/","title":{"rendered":"A Musical Evening in the Vrbnik Neighbourhood with Fare-Free Transport from Rijeka"},"content":{"rendered":"<p>After Gomirje Accordion Mundial in Gomirje and the Bell-ringer&#8217;s Symphony in \u010cavle, the last\u00a0<strong>warm-up event for the Porto Etno festival\u00a0<\/strong>within the Rijeka 2020 ECoC project, will be happening\u00a0<strong>on Saturday, 24 August 2019<\/strong>, in\u00a0<strong>Vrbnik<\/strong><strong>\u00a0on the island of Krk<\/strong>.\u00a0<strong>Vrbenski sopci\u00a0<\/strong>whose long flute tunes have already conquered concert venues in Brussels, Strasbourg and Galway, will this time be performing before local audiences <strong>in the \u0160kujica Square starting at 9 pm.<\/strong> It will be\u00a0<strong>a musical evening fostering good-neighbourly relations through\u00a0an unusual blend of ecology and music.<\/strong> Besides Vrbenski sopci, visitors will also be able to enjoy the performance of\u00a0<strong>the attendees of a musical workshop led by Ana Jagi\u0107 Alji\u0107, a music pedagogue.<\/strong> They will be playing\u00a0ethno music on musical instruments built from recyclable materials, while\u00a0<strong>sopci and sop\u010di\u0107i<\/strong> (a local dialect name for young and adult instrumentalists), <strong>Marko \u017dele\u2019s electro-rock fusion band\u00a0<\/strong>(from the Lovran Neighbourhood), and the\u00a0<strong>Vrbenske Kanturice female choir\u00a0<\/strong>will jointly go all out to try and\u00a0<strong>woo the audience with a mellifluous medley of traditional Mediterranean sounds.<\/strong> The event will be organised by: Rijeka 2020, the KUD Frankopan Cultural and Artistic Association, TB Vrbnik, Vrbnik branch school, and the Interval Association from Lovran.<\/p>\n<p>On the occasion of the Vrbnik event, <strong>Rijeka 2020 \u2013 European Capital of Culture will be providing fare-free transport by bus from Rijeka to Vrbnik and back.<\/strong>\u00a0<strong>The bus departs from Rijeka to Vrbnik at 7:30 pm from the \u017dabica bus station, while the return from Vrbnik to \u017dabica is planned for around 11:30 pm.<\/strong>\u00a0<strong>Applications will be accepted at the following e-mail address: dunja.matic-bencic@rijeka2020.eu.\u00a0Limited seats available.<\/strong><\/p>\n<p>&nbsp;<\/p>\n<p><em>The events making up the Preliminary Programme of the Porto Etno festival are a blend of the 27 Neighbourhoods and the Kitchen of Diversity flagships of the Rijeka 2020 &#8211; ECoC project.<\/em><\/p>\n<p><em>&#8220;<strong>Kitchen of Diversity&#8221; <\/strong>is focused on migrations and minorities, unusual music combinations, cookery, art and activism.\u00a0It is open for the exchange of ideas, habits and for discussing existing prejudices, and it is also thematically focused on minorities and includes and celebrates various minority cultures and subcultures: national, ethnic, religious, gender, minorities according to physical or mental diversity, age and lifestyle.\u00a0Everyone is invited to the &#8220;Kitchen of Diversity&#8221;. &#8220;Kitchen of Diversity&#8221; creates room for everyone.<\/em><\/p>\n<p><em>The <strong>&#8220;27 Neighbourhoods&#8221; <\/strong>flagship gathers together neighbourhoods throughout Primorje and Gorski Kotar County and connects each of them with one neighbourhood in one of the member states of the EU. The &#8220;27 Neighbourhoods&#8221; flagship connects people from the islands, the coast, the outback, the highlands and the city of Rijeka. These are: Lovran, Opatija, Matulji, Kastav, Pehlin, Drenova, \u0160kurinje, Turni\u0107 and Mlaka, Student Campus in Trsat, Jelenje, \u010cavle, Praputnjak, Kostrena, Crikvenica, Novi Vinodolski, the island of Rab, Unije, the city of Cres, the island of Krk, Malinska, Vrbnik, Gomirje, Mrkopalj, Fu\u017eine, Delnice, Brod na Kupi and Gornji Kuti. Our neighbours achieve international cooperation with 27 European neighbourhoods. This flagship provides multiple opportunities for an exchange that extends across Europe, thus creating an informal network of cultural activities that will last beyond 2020.<\/em><\/p>\n","protected":false},"excerpt":{"rendered":"<p>Eco means the house, home, surroundings or environment we live in. Eco-logy reminds us to take good care of all of those, and that the eco-nomy can be handled differently. So there\u2019s going to be a musical evening in Vrbnik, fostering good-neighbourly relations through an unusual blend of ecology and music. Vrbenski sopci (long flute players from Vrbnik), Kanturice (female choir), sop\u010di\u0107i (a name for young instrumentalists in the local dialect), the Marko \u017dele band from the Lovran Neighbourhood, and the eco-workshop on building musical instruments from recyclable materials led by Ana Jagi\u0107 Alji\u0107, a music pedagogue, and last but not least, an eco-performance by the pupils of the Vrbnik branch school and musicians.<\/p>\n","protected":false},"author":72,"featured_media":23578,"comment_status":"closed","ping_status":"closed","sticky":false,"template":"","format":"standard","meta":{"_acf_changed":false,"footnotes":""},"categories":[2978,2731,2961],"tags":[],"class_list":["post-31476","post","type-post","status-publish","format-standard","has-post-thumbnail","hentry","category-27-neighbourhoods","category-news","category-porto-etno"],"acf":[],"yoast_head":"<!-- This site is optimized with the Yoast SEO plugin v26.8 - https:\/\/yoast.com\/product\/yoast-seo-wordpress\/ -->\n<title>A Musical Evening in the Vrbnik Neighbourhood with Fare-Free Transport from Rijeka &#8226; Rijeka 2020<\/title>\n<meta name=\"robots\" content=\"index, follow, max-snippet:-1, max-image-preview:large, max-video-preview:-1\" \/>\n<link rel=\"canonical\" href=\"https:\/\/ri2020.eu\/en\/a-musical-evening-in-the-vrbnik-neighbourhood-with-fare-free-transport-from-rijeka\/\" \/>\n<meta property=\"og:locale\" content=\"en_US\" \/>\n<meta property=\"og:type\" content=\"article\" \/>\n<meta property=\"og:title\" content=\"A Musical Evening in the Vrbnik Neighbourhood with Fare-Free Transport from Rijeka &#8226; Rijeka 2020\" \/>\n<meta property=\"og:description\" content=\"Eco means the house, home, surroundings or environment we live in. Eco-logy reminds us to take good care of all of those, and that the eco-nomy can be handled differently. So there\u2019s going to be a musical evening in Vrbnik, fostering good-neighbourly relations through an unusual blend of ecology and music. Vrbenski sopci (long flute players from Vrbnik), Kanturice (female choir), sop\u010di\u0107i (a name for young instrumentalists in the local dialect), the Marko \u017dele band from the Lovran Neighbourhood, and the eco-workshop on building musical instruments from recyclable materials led by Ana Jagi\u0107 Alji\u0107, a music pedagogue, and last but not least, an eco-performance by the pupils of the Vrbnik branch school and musicians.\" \/>\n<meta property=\"og:url\" content=\"https:\/\/ri2020.eu\/en\/a-musical-evening-in-the-vrbnik-neighbourhood-with-fare-free-transport-from-rijeka\/\" \/>\n<meta property=\"og:site_name\" content=\"Rijeka 2020\" \/>\n<meta property=\"article:publisher\" content=\"https:\/\/www.facebook.com\/rijeka2020\" \/>\n<meta property=\"article:published_time\" content=\"2019-08-23T15:17:16+00:00\" \/>\n<meta property=\"article:modified_time\" content=\"2019-09-03T15:19:05+00:00\" \/>\n<meta property=\"og:image\" content=\"https:\/\/ri2020.eu\/wp-content\/uploads\/2018\/11\/EPK-sopci-u-strasbourgu.jpg\" \/>\n\t<meta property=\"og:image:width\" content=\"2048\" \/>\n\t<meta property=\"og:image:height\" content=\"1320\" \/>\n\t<meta property=\"og:image:type\" content=\"image\/jpeg\" \/>\n<meta name=\"author\" content=\"Rijeka 2020\" \/>\n<meta name=\"twitter:card\" content=\"summary_large_image\" \/>\n<meta name=\"twitter:creator\" content=\"@Rijeka2020\" \/>\n<meta name=\"twitter:site\" content=\"@Rijeka2020\" \/>\n<meta name=\"twitter:label1\" content=\"Written by\" \/>\n\t<meta name=\"twitter:data1\" content=\"Rijeka 2020\" \/>\n\t<meta name=\"twitter:label2\" content=\"Est. reading time\" \/>\n\t<meta name=\"twitter:data2\" content=\"3 minutes\" \/>\n<script type=\"application\/ld+json\" class=\"yoast-schema-graph\">{\"@context\":\"https:\/\/schema.org\",\"@graph\":[{\"@type\":\"Article\",\"@id\":\"https:\/\/ri2020.eu\/en\/a-musical-evening-in-the-vrbnik-neighbourhood-with-fare-free-transport-from-rijeka\/#article\",\"isPartOf\":{\"@id\":\"https:\/\/ri2020.eu\/en\/a-musical-evening-in-the-vrbnik-neighbourhood-with-fare-free-transport-from-rijeka\/\"},\"author\":{\"name\":\"Rijeka 2020\",\"@id\":\"https:\/\/ri2020.eu\/en\/#\/schema\/person\/9c12d91df8c45bc534f625d9c81f403d\"},\"headline\":\"A Musical Evening in the Vrbnik Neighbourhood with Fare-Free Transport from Rijeka\",\"datePublished\":\"2019-08-23T15:17:16+00:00\",\"dateModified\":\"2019-09-03T15:19:05+00:00\",\"mainEntityOfPage\":{\"@id\":\"https:\/\/ri2020.eu\/en\/a-musical-evening-in-the-vrbnik-neighbourhood-with-fare-free-transport-from-rijeka\/\"},\"wordCount\":518,\"publisher\":{\"@id\":\"https:\/\/ri2020.eu\/en\/#organization\"},\"image\":{\"@id\":\"https:\/\/ri2020.eu\/en\/a-musical-evening-in-the-vrbnik-neighbourhood-with-fare-free-transport-from-rijeka\/#primaryimage\"},\"thumbnailUrl\":\"https:\/\/ri2020.eu\/wp-content\/uploads\/2018\/11\/EPK-sopci-u-strasbourgu.jpg\",\"articleSection\":[\"27 Neighbourhoods\",\"News\",\"Porto etno\"],\"inLanguage\":\"en-US\"},{\"@type\":\"WebPage\",\"@id\":\"https:\/\/ri2020.eu\/en\/a-musical-evening-in-the-vrbnik-neighbourhood-with-fare-free-transport-from-rijeka\/\",\"url\":\"https:\/\/ri2020.eu\/en\/a-musical-evening-in-the-vrbnik-neighbourhood-with-fare-free-transport-from-rijeka\/\",\"name\":\"A Musical Evening in the Vrbnik Neighbourhood with Fare-Free Transport from Rijeka &#8226; Rijeka 2020\",\"isPartOf\":{\"@id\":\"https:\/\/ri2020.eu\/en\/#website\"},\"primaryImageOfPage\":{\"@id\":\"https:\/\/ri2020.eu\/en\/a-musical-evening-in-the-vrbnik-neighbourhood-with-fare-free-transport-from-rijeka\/#primaryimage\"},\"image\":{\"@id\":\"https:\/\/ri2020.eu\/en\/a-musical-evening-in-the-vrbnik-neighbourhood-with-fare-free-transport-from-rijeka\/#primaryimage\"},\"thumbnailUrl\":\"https:\/\/ri2020.eu\/wp-content\/uploads\/2018\/11\/EPK-sopci-u-strasbourgu.jpg\",\"datePublished\":\"2019-08-23T15:17:16+00:00\",\"dateModified\":\"2019-09-03T15:19:05+00:00\",\"breadcrumb\":{\"@id\":\"https:\/\/ri2020.eu\/en\/a-musical-evening-in-the-vrbnik-neighbourhood-with-fare-free-transport-from-rijeka\/#breadcrumb\"},\"inLanguage\":\"en-US\",\"potentialAction\":[{\"@type\":\"ReadAction\",\"target\":[\"https:\/\/ri2020.eu\/en\/a-musical-evening-in-the-vrbnik-neighbourhood-with-fare-free-transport-from-rijeka\/\"]}]},{\"@type\":\"ImageObject\",\"inLanguage\":\"en-US\",\"@id\":\"https:\/\/ri2020.eu\/en\/a-musical-evening-in-the-vrbnik-neighbourhood-with-fare-free-transport-from-rijeka\/#primaryimage\",\"url\":\"https:\/\/ri2020.eu\/wp-content\/uploads\/2018\/11\/EPK-sopci-u-strasbourgu.jpg\",\"contentUrl\":\"https:\/\/ri2020.eu\/wp-content\/uploads\/2018\/11\/EPK-sopci-u-strasbourgu.jpg\",\"width\":2048,\"height\":1320,\"caption\":\"rijeka-2020, strasbourg, etno-jazz, sopile\"},{\"@type\":\"BreadcrumbList\",\"@id\":\"https:\/\/ri2020.eu\/en\/a-musical-evening-in-the-vrbnik-neighbourhood-with-fare-free-transport-from-rijeka\/#breadcrumb\",\"itemListElement\":[{\"@type\":\"ListItem\",\"position\":1,\"name\":\"Home\",\"item\":\"https:\/\/ri2020.eu\/en\/\"},{\"@type\":\"ListItem\",\"position\":2,\"name\":\"A Musical Evening in the Vrbnik Neighbourhood with Fare-Free Transport from Rijeka\"}]},{\"@type\":\"WebSite\",\"@id\":\"https:\/\/ri2020.eu\/en\/#website\",\"url\":\"https:\/\/ri2020.eu\/en\/\",\"name\":\"Rijeka 2020\",\"description\":\"Europska prijestolnica kulture\",\"publisher\":{\"@id\":\"https:\/\/ri2020.eu\/en\/#organization\"},\"potentialAction\":[{\"@type\":\"SearchAction\",\"target\":{\"@type\":\"EntryPoint\",\"urlTemplate\":\"https:\/\/ri2020.eu\/en\/?s={search_term_string}\"},\"query-input\":{\"@type\":\"PropertyValueSpecification\",\"valueRequired\":true,\"valueName\":\"search_term_string\"}}],\"inLanguage\":\"en-US\"},{\"@type\":\"Organization\",\"@id\":\"https:\/\/ri2020.eu\/en\/#organization\",\"name\":\"Rijeka 2020 d.o.o.\",\"url\":\"https:\/\/ri2020.eu\/en\/\",\"logo\":{\"@type\":\"ImageObject\",\"inLanguage\":\"en-US\",\"@id\":\"https:\/\/ri2020.eu\/en\/#\/schema\/logo\/image\/\",\"url\":\"https:\/\/rijeka2020.eu\/wp-content\/uploads\/2018\/07\/Ri2020-logo.png\",\"contentUrl\":\"https:\/\/rijeka2020.eu\/wp-content\/uploads\/2018\/07\/Ri2020-logo.png\",\"width\":407,\"height\":175,\"caption\":\"Rijeka 2020 d.o.o.\"},\"image\":{\"@id\":\"https:\/\/ri2020.eu\/en\/#\/schema\/logo\/image\/\"},\"sameAs\":[\"https:\/\/www.facebook.com\/rijeka2020\",\"https:\/\/x.com\/Rijeka2020\",\"https:\/\/www.instagram.com\/rijeka2020\/\",\"https:\/\/www.youtube.com\/user\/riepk2020\"]},{\"@type\":\"Person\",\"@id\":\"https:\/\/ri2020.eu\/en\/#\/schema\/person\/9c12d91df8c45bc534f625d9c81f403d\",\"name\":\"Rijeka 2020\",\"url\":\"https:\/\/ri2020.eu\/en\/author\/lsm\/\"}]}<\/script>\n<!-- \/ Yoast SEO plugin. -->","yoast_head_json":{"title":"A Musical Evening in the Vrbnik Neighbourhood with Fare-Free Transport from Rijeka &#8226; Rijeka 2020","robots":{"index":"index","follow":"follow","max-snippet":"max-snippet:-1","max-image-preview":"max-image-preview:large","max-video-preview":"max-video-preview:-1"},"canonical":"https:\/\/ri2020.eu\/en\/a-musical-evening-in-the-vrbnik-neighbourhood-with-fare-free-transport-from-rijeka\/","og_locale":"en_US","og_type":"article","og_title":"A Musical Evening in the Vrbnik Neighbourhood with Fare-Free Transport from Rijeka &#8226; Rijeka 2020","og_description":"Eco means the house, home, surroundings or environment we live in. Eco-logy reminds us to take good care of all of those, and that the eco-nomy can be handled differently. So there\u2019s going to be a musical evening in Vrbnik, fostering good-neighbourly relations through an unusual blend of ecology and music. Vrbenski sopci (long flute players from Vrbnik), Kanturice (female choir), sop\u010di\u0107i (a name for young instrumentalists in the local dialect), the Marko \u017dele band from the Lovran Neighbourhood, and the eco-workshop on building musical instruments from recyclable materials led by Ana Jagi\u0107 Alji\u0107, a music pedagogue, and last but not least, an eco-performance by the pupils of the Vrbnik branch school and musicians.","og_url":"https:\/\/ri2020.eu\/en\/a-musical-evening-in-the-vrbnik-neighbourhood-with-fare-free-transport-from-rijeka\/","og_site_name":"Rijeka 2020","article_publisher":"https:\/\/www.facebook.com\/rijeka2020","article_published_time":"2019-08-23T15:17:16+00:00","article_modified_time":"2019-09-03T15:19:05+00:00","og_image":[{"width":2048,"height":1320,"url":"https:\/\/ri2020.eu\/wp-content\/uploads\/2018\/11\/EPK-sopci-u-strasbourgu.jpg","type":"image\/jpeg"}],"author":"Rijeka 2020","twitter_card":"summary_large_image","twitter_creator":"@Rijeka2020","twitter_site":"@Rijeka2020","twitter_misc":{"Written by":"Rijeka 2020","Est. reading time":"3 minutes"},"schema":{"@context":"https:\/\/schema.org","@graph":[{"@type":"Article","@id":"https:\/\/ri2020.eu\/en\/a-musical-evening-in-the-vrbnik-neighbourhood-with-fare-free-transport-from-rijeka\/#article","isPartOf":{"@id":"https:\/\/ri2020.eu\/en\/a-musical-evening-in-the-vrbnik-neighbourhood-with-fare-free-transport-from-rijeka\/"},"author":{"name":"Rijeka 2020","@id":"https:\/\/ri2020.eu\/en\/#\/schema\/person\/9c12d91df8c45bc534f625d9c81f403d"},"headline":"A Musical Evening in the Vrbnik Neighbourhood with Fare-Free Transport from Rijeka","datePublished":"2019-08-23T15:17:16+00:00","dateModified":"2019-09-03T15:19:05+00:00","mainEntityOfPage":{"@id":"https:\/\/ri2020.eu\/en\/a-musical-evening-in-the-vrbnik-neighbourhood-with-fare-free-transport-from-rijeka\/"},"wordCount":518,"publisher":{"@id":"https:\/\/ri2020.eu\/en\/#organization"},"image":{"@id":"https:\/\/ri2020.eu\/en\/a-musical-evening-in-the-vrbnik-neighbourhood-with-fare-free-transport-from-rijeka\/#primaryimage"},"thumbnailUrl":"https:\/\/ri2020.eu\/wp-content\/uploads\/2018\/11\/EPK-sopci-u-strasbourgu.jpg","articleSection":["27 Neighbourhoods","News","Porto etno"],"inLanguage":"en-US"},{"@type":"WebPage","@id":"https:\/\/ri2020.eu\/en\/a-musical-evening-in-the-vrbnik-neighbourhood-with-fare-free-transport-from-rijeka\/","url":"https:\/\/ri2020.eu\/en\/a-musical-evening-in-the-vrbnik-neighbourhood-with-fare-free-transport-from-rijeka\/","name":"A Musical Evening in the Vrbnik Neighbourhood with Fare-Free Transport from Rijeka &#8226; Rijeka 2020","isPartOf":{"@id":"https:\/\/ri2020.eu\/en\/#website"},"primaryImageOfPage":{"@id":"https:\/\/ri2020.eu\/en\/a-musical-evening-in-the-vrbnik-neighbourhood-with-fare-free-transport-from-rijeka\/#primaryimage"},"image":{"@id":"https:\/\/ri2020.eu\/en\/a-musical-evening-in-the-vrbnik-neighbourhood-with-fare-free-transport-from-rijeka\/#primaryimage"},"thumbnailUrl":"https:\/\/ri2020.eu\/wp-content\/uploads\/2018\/11\/EPK-sopci-u-strasbourgu.jpg","datePublished":"2019-08-23T15:17:16+00:00","dateModified":"2019-09-03T15:19:05+00:00","breadcrumb":{"@id":"https:\/\/ri2020.eu\/en\/a-musical-evening-in-the-vrbnik-neighbourhood-with-fare-free-transport-from-rijeka\/#breadcrumb"},"inLanguage":"en-US","potentialAction":[{"@type":"ReadAction","target":["https:\/\/ri2020.eu\/en\/a-musical-evening-in-the-vrbnik-neighbourhood-with-fare-free-transport-from-rijeka\/"]}]},{"@type":"ImageObject","inLanguage":"en-US","@id":"https:\/\/ri2020.eu\/en\/a-musical-evening-in-the-vrbnik-neighbourhood-with-fare-free-transport-from-rijeka\/#primaryimage","url":"https:\/\/ri2020.eu\/wp-content\/uploads\/2018\/11\/EPK-sopci-u-strasbourgu.jpg","contentUrl":"https:\/\/ri2020.eu\/wp-content\/uploads\/2018\/11\/EPK-sopci-u-strasbourgu.jpg","width":2048,"height":1320,"caption":"rijeka-2020, strasbourg, etno-jazz, sopile"},{"@type":"BreadcrumbList","@id":"https:\/\/ri2020.eu\/en\/a-musical-evening-in-the-vrbnik-neighbourhood-with-fare-free-transport-from-rijeka\/#breadcrumb","itemListElement":[{"@type":"ListItem","position":1,"name":"Home","item":"https:\/\/ri2020.eu\/en\/"},{"@type":"ListItem","position":2,"name":"A Musical Evening in the Vrbnik Neighbourhood with Fare-Free Transport from Rijeka"}]},{"@type":"WebSite","@id":"https:\/\/ri2020.eu\/en\/#website","url":"https:\/\/ri2020.eu\/en\/","name":"Rijeka 2020","description":"Europska prijestolnica kulture","publisher":{"@id":"https:\/\/ri2020.eu\/en\/#organization"},"potentialAction":[{"@type":"SearchAction","target":{"@type":"EntryPoint","urlTemplate":"https:\/\/ri2020.eu\/en\/?s={search_term_string}"},"query-input":{"@type":"PropertyValueSpecification","valueRequired":true,"valueName":"search_term_string"}}],"inLanguage":"en-US"},{"@type":"Organization","@id":"https:\/\/ri2020.eu\/en\/#organization","name":"Rijeka 2020 d.o.o.","url":"https:\/\/ri2020.eu\/en\/","logo":{"@type":"ImageObject","inLanguage":"en-US","@id":"https:\/\/ri2020.eu\/en\/#\/schema\/logo\/image\/","url":"https:\/\/rijeka2020.eu\/wp-content\/uploads\/2018\/07\/Ri2020-logo.png","contentUrl":"https:\/\/rijeka2020.eu\/wp-content\/uploads\/2018\/07\/Ri2020-logo.png","width":407,"height":175,"caption":"Rijeka 2020 d.o.o."},"image":{"@id":"https:\/\/ri2020.eu\/en\/#\/schema\/logo\/image\/"},"sameAs":["https:\/\/www.facebook.com\/rijeka2020","https:\/\/x.com\/Rijeka2020","https:\/\/www.instagram.com\/rijeka2020\/","https:\/\/www.youtube.com\/user\/riepk2020"]},{"@type":"Person","@id":"https:\/\/ri2020.eu\/en\/#\/schema\/person\/9c12d91df8c45bc534f625d9c81f403d","name":"Rijeka 2020","url":"https:\/\/ri2020.eu\/en\/author\/lsm\/"}]}},"_links":{"self":[{"href":"https:\/\/ri2020.eu\/en\/wp-json\/wp\/v2\/posts\/31476","targetHints":{"allow":["GET"]}}],"collection":[{"href":"https:\/\/ri2020.eu\/en\/wp-json\/wp\/v2\/posts"}],"about":[{"href":"https:\/\/ri2020.eu\/en\/wp-json\/wp\/v2\/types\/post"}],"author":[{"embeddable":true,"href":"https:\/\/ri2020.eu\/en\/wp-json\/wp\/v2\/users\/72"}],"replies":[{"embeddable":true,"href":"https:\/\/ri2020.eu\/en\/wp-json\/wp\/v2\/comments?post=31476"}],"version-history":[{"count":0,"href":"https:\/\/ri2020.eu\/en\/wp-json\/wp\/v2\/posts\/31476\/revisions"}],"wp:featuredmedia":[{"embeddable":true,"href":"https:\/\/ri2020.eu\/en\/wp-json\/wp\/v2\/media\/23578"}],"wp:attachment":[{"href":"https:\/\/ri2020.eu\/en\/wp-json\/wp\/v2\/media?parent=31476"}],"wp:term":[{"taxonomy":"category","embeddable":true,"href":"https:\/\/ri2020.eu\/en\/wp-json\/wp\/v2\/categories?post=31476"},{"taxonomy":"post_tag","embeddable":true,"href":"https:\/\/ri2020.eu\/en\/wp-json\/wp\/v2\/tags?post=31476"}],"curies":[{"name":"wp","href":"https:\/\/api.w.org\/{rel}","templated":true}]}}