{"id":31471,"date":"2019-09-03T17:00:58","date_gmt":"2019-09-03T15:00:58","guid":{"rendered":"https:\/\/rijeka2020.eu\/?p=31471"},"modified":"2020-02-20T12:19:28","modified_gmt":"2020-02-20T11:19:28","slug":"international-conference-on-diversity-in-culture-and-the-creative-industries","status":"publish","type":"post","link":"https:\/\/ri2020.eu\/en\/international-conference-on-diversity-in-culture-and-the-creative-industries\/","title":{"rendered":"International Conference on Diversity in Culture and the Creative Industries"},"content":{"rendered":"<p><strong>From September 12-14, Rijeka\u2019s <\/strong><a href=\"https:\/\/rijeka2020.eu\/projekti\/rihub\/\"><strong>RiHub<\/strong><\/a><strong>, Grahov\u010deva 1, will host the International Conference on Diversity in Culture and the Creative Industries, with the participation of about 30 domestic and international cultural and creative practitioners and workers in the fields of culture, science, arts and the media, organised by Rijeka 2020 &#8211; European Capital of Culture and the Academy of Applied Arts of the University of Rijeka. The event will also serve as a platform for showcasing the results of frontier research into diversity in these fields, the first of its kind conducted in Croatia.<\/strong><\/p>\n<p><strong>The conference will offer discussions on a number of interesting questions;<\/strong> <em>What kind of influence does role assignment in TV shows and movies have on the generations that grow up watching them? What happens when, after more than half a century of literary and movie history, the new agent 007 is no longer a white man but a black woman? How does cultural and creative content relate to the sex\/gender or age of cultural workers?\u00a0<\/em><strong>A host of domestic and international cultural and creative practitioners<\/strong><em> will<\/em> <strong>participate in<\/strong> <strong>panels, discussions and lectures<\/strong> and they will offer their understanding of\u00a0<em>diversity<\/em> \u2013 in theory, film, old and new media, arts, music, video gaming etc. through keynote lectures, panels and presentations of their own works.<\/p>\n<p>The first conference panel,\u00a0<strong>&#8220;Diversity as a Precondition for Music Industry Development\u201c,\u00a0<\/strong>will have Ilija Milo\u0161evi\u0107 of Universal Music Group, the writer and journalist Antonela Maru\u0161i\u0107 and Karlo Stoj\u010devi\u0107 of <em>24 sata<\/em> examine the status of women in the music industry and music criticism, new and unexpected identities that are gaining global popularity, the relationship between the centre and the periphery in music and the changed relationship between the alternative and the mainstream.<br \/>\nThat same day on Thursday, 12 September, <strong>Mayor of Rijeka<\/strong> Vojko Obersnel, Ivana Popovi\u0107 of the Croatian Cluster of Competitiveness of Creative and Cultural Industries and Mirjana Mate\u0161i\u0107 of the Croatian Business Council for Sustainable Development will speak about the topic of diversity and equality in the development of cities and the relationship between the public and private sectors at the <strong>&#8220;Cities of Equality&#8221; <\/strong>panel, which will be moderated by Nela Simi\u0107, the Rijeka 2020 d.o.o. PR Coordinator.<\/p>\n<p>Two panels will be held on Friday, the second day of the conference \u2013 <strong>one on the media, their social role and the struggle to survive in a digital environment,<\/strong>\u00a0with the participation of\u00a0<strong>Alissa Quart<\/strong>\u00a0of the Economic Hardship Reporting Project from the USA and\u00a0<strong>Danica Ili\u0107<\/strong>\u00a0of the Ethical Journalism Network From Great Britain, and\u00a0<strong>another on the video game industry<\/strong>\u00a0as a new area of social engagement, with the participation of curator and theorist Sr\u0111an Laterza, Vedran Vivoda of the Association of Video Game Companies of Primorje-Gorski Kotar County and the researcher David Rajli\u0107.<\/p>\n<p>Also visiting Rijeka as part of the conference will be\u00a0<strong>Sr\u0111an Sandi\u0107 with his original project, the theatrological platform Reading Theatre\u00a0<\/strong>of the Zagreb Youth Theatre, which has addressed current theatrological and broader social issues for the past two years.<\/p>\n<p>On Saturday at the conference, the leading digital culture and new media theorist <strong>Lev Manovich<\/strong> will present his new project Elsewhere, which explores the changes in diversity in various areas of culture by using Internet data \u2013 that is, millions of user records from 2007 to 2019, aiming to establish new methods of studying the cultural and creative industries.<\/p>\n<p>A visit to the opening of the D&#8217;Annunzio&#8217;s Martyr exhibition, which opens at 7 pm at the Maritime and History Museum of the Croatian Littoral in Rijeka, is planned for the first day of the conference. Forming part of the pre-programme of &#8220;Borders \u2013 Between Order and Chaos&#8221;, this exhibition commemorates the 100th anniversary of D&#8217;Annunzio&#8217;s occupation of Rijeka by personifying the city as a woman and alluding to his many mistresses, who were left physically and emotionally drained after he ended their relationship, just like the city of Rijeka.<\/p>\n<p><strong>The conference is realized as part of the <\/strong><em><strong>Diversity Mixer project<\/strong><\/em>, which is funded by the <em>EU Rights, Equality and Citizenship Programme (2014-2020) <\/em><strong>and is implemented jointly by RIJEKA 2020 d.o.o. and the Academy of Applied Arts of the University of Rijeka, in cooperation with the Croatian Business Council for Sustainable Development as an associate partner.\u00a0<\/strong><\/p>\n<p><strong>Participation is free, with mandatory\u00a0<\/strong><a href=\"https:\/\/rijeka2020.eu\/en\/projekti\/diversity-mixer-conference\/registration\/\" target=\"_blank\" rel=\"noopener noreferrer\"><strong>registration<\/strong><\/a><strong>.<\/strong><\/p>\n<p>The complete programme of the conference is <a href=\"https:\/\/rijeka2020.eu\/en\/projekti\/diversity-mixer-conference\/program\/\" target=\"_blank\" rel=\"noopener noreferrer\">here<\/a>.<\/p>\n","protected":false},"excerpt":{"rendered":"<p>The central theme of the conference, diversity in culture and the creative industries, will offer an understanding of \u201cdiversity\u201d as an essential ingredient of quality assurance in culture and the creative industries. At the same time, diversity will be portrayed as a precondition for securing high-quality content to be offered to the audiences by CCIs.<\/p>\n","protected":false},"author":72,"featured_media":31267,"comment_status":"closed","ping_status":"closed","sticky":false,"template":"","format":"standard","meta":{"_acf_changed":false,"footnotes":""},"categories":[3784,2959,2731,3468],"tags":[],"class_list":["post-31471","post","type-post","status-publish","format-standard","has-post-thumbnail","hentry","category-diversity-mixer","category-kitchen-of-diversity","category-news","category-rihub"],"acf":[],"yoast_head":"<!-- This site is optimized with the Yoast SEO plugin v26.8 - https:\/\/yoast.com\/product\/yoast-seo-wordpress\/ -->\n<title>International Conference on Diversity in Culture and the Creative Industries &#8226; Rijeka 2020<\/title>\n<meta name=\"robots\" content=\"index, follow, max-snippet:-1, max-image-preview:large, max-video-preview:-1\" \/>\n<link rel=\"canonical\" href=\"https:\/\/ri2020.eu\/en\/international-conference-on-diversity-in-culture-and-the-creative-industries\/\" \/>\n<meta property=\"og:locale\" content=\"en_US\" \/>\n<meta property=\"og:type\" content=\"article\" \/>\n<meta property=\"og:title\" content=\"International Conference on Diversity in Culture and the Creative Industries &#8226; Rijeka 2020\" \/>\n<meta property=\"og:description\" content=\"The central theme of the conference, diversity in culture and the creative industries, will offer an understanding of \u201cdiversity\u201d as an essential ingredient of quality assurance in culture and the creative industries. At the same time, diversity will be portrayed as a precondition for securing high-quality content to be offered to the audiences by CCIs.\" \/>\n<meta property=\"og:url\" content=\"https:\/\/ri2020.eu\/en\/international-conference-on-diversity-in-culture-and-the-creative-industries\/\" \/>\n<meta property=\"og:site_name\" content=\"Rijeka 2020\" \/>\n<meta property=\"article:publisher\" content=\"https:\/\/www.facebook.com\/rijeka2020\" \/>\n<meta property=\"article:published_time\" content=\"2019-09-03T15:00:58+00:00\" \/>\n<meta property=\"article:modified_time\" content=\"2020-02-20T11:19:28+00:00\" \/>\n<meta property=\"og:image\" content=\"https:\/\/rijeka2020.eu\/wp-content\/uploads\/2019\/08\/INVISIBLES-01-fb.png\" \/>\n\t<meta property=\"og:image:width\" content=\"809\" \/>\n\t<meta property=\"og:image:height\" content=\"809\" \/>\n\t<meta property=\"og:image:type\" content=\"image\/png\" \/>\n<meta name=\"author\" content=\"Rijeka 2020\" \/>\n<meta name=\"twitter:card\" content=\"summary_large_image\" \/>\n<meta name=\"twitter:creator\" content=\"@Rijeka2020\" \/>\n<meta name=\"twitter:site\" content=\"@Rijeka2020\" \/>\n<meta name=\"twitter:label1\" content=\"Written by\" \/>\n\t<meta name=\"twitter:data1\" content=\"Rijeka 2020\" \/>\n\t<meta name=\"twitter:label2\" content=\"Est. reading time\" \/>\n\t<meta name=\"twitter:data2\" content=\"4 minutes\" \/>\n<script type=\"application\/ld+json\" class=\"yoast-schema-graph\">{\"@context\":\"https:\/\/schema.org\",\"@graph\":[{\"@type\":\"Article\",\"@id\":\"https:\/\/ri2020.eu\/en\/international-conference-on-diversity-in-culture-and-the-creative-industries\/#article\",\"isPartOf\":{\"@id\":\"https:\/\/ri2020.eu\/en\/international-conference-on-diversity-in-culture-and-the-creative-industries\/\"},\"author\":{\"name\":\"Rijeka 2020\",\"@id\":\"https:\/\/rijeka2020.eu\/en\/#\/schema\/person\/9c12d91df8c45bc534f625d9c81f403d\"},\"headline\":\"International Conference on Diversity in Culture and the Creative Industries\",\"datePublished\":\"2019-09-03T15:00:58+00:00\",\"dateModified\":\"2020-02-20T11:19:28+00:00\",\"mainEntityOfPage\":{\"@id\":\"https:\/\/ri2020.eu\/en\/international-conference-on-diversity-in-culture-and-the-creative-industries\/\"},\"wordCount\":735,\"publisher\":{\"@id\":\"https:\/\/rijeka2020.eu\/en\/#organization\"},\"image\":{\"@id\":\"https:\/\/ri2020.eu\/en\/international-conference-on-diversity-in-culture-and-the-creative-industries\/#primaryimage\"},\"thumbnailUrl\":\"https:\/\/ri2020.eu\/wp-content\/uploads\/2019\/08\/INVISIBLES-01-fb.png\",\"articleSection\":[\"Diversity Mixer\",\"Kitchen of Diversity\",\"News\",\"RiHub\"],\"inLanguage\":\"en-US\"},{\"@type\":\"WebPage\",\"@id\":\"https:\/\/ri2020.eu\/en\/international-conference-on-diversity-in-culture-and-the-creative-industries\/\",\"url\":\"https:\/\/ri2020.eu\/en\/international-conference-on-diversity-in-culture-and-the-creative-industries\/\",\"name\":\"International Conference on Diversity in Culture and the Creative Industries &#8226; Rijeka 2020\",\"isPartOf\":{\"@id\":\"https:\/\/rijeka2020.eu\/en\/#website\"},\"primaryImageOfPage\":{\"@id\":\"https:\/\/ri2020.eu\/en\/international-conference-on-diversity-in-culture-and-the-creative-industries\/#primaryimage\"},\"image\":{\"@id\":\"https:\/\/ri2020.eu\/en\/international-conference-on-diversity-in-culture-and-the-creative-industries\/#primaryimage\"},\"thumbnailUrl\":\"https:\/\/ri2020.eu\/wp-content\/uploads\/2019\/08\/INVISIBLES-01-fb.png\",\"datePublished\":\"2019-09-03T15:00:58+00:00\",\"dateModified\":\"2020-02-20T11:19:28+00:00\",\"breadcrumb\":{\"@id\":\"https:\/\/ri2020.eu\/en\/international-conference-on-diversity-in-culture-and-the-creative-industries\/#breadcrumb\"},\"inLanguage\":\"en-US\",\"potentialAction\":[{\"@type\":\"ReadAction\",\"target\":[\"https:\/\/ri2020.eu\/en\/international-conference-on-diversity-in-culture-and-the-creative-industries\/\"]}]},{\"@type\":\"ImageObject\",\"inLanguage\":\"en-US\",\"@id\":\"https:\/\/ri2020.eu\/en\/international-conference-on-diversity-in-culture-and-the-creative-industries\/#primaryimage\",\"url\":\"https:\/\/ri2020.eu\/wp-content\/uploads\/2019\/08\/INVISIBLES-01-fb.png\",\"contentUrl\":\"https:\/\/ri2020.eu\/wp-content\/uploads\/2019\/08\/INVISIBLES-01-fb.png\",\"width\":809,\"height\":809,\"caption\":\"Diversity mixer\"},{\"@type\":\"BreadcrumbList\",\"@id\":\"https:\/\/ri2020.eu\/en\/international-conference-on-diversity-in-culture-and-the-creative-industries\/#breadcrumb\",\"itemListElement\":[{\"@type\":\"ListItem\",\"position\":1,\"name\":\"Home\",\"item\":\"https:\/\/rijeka2020.eu\/en\/\"},{\"@type\":\"ListItem\",\"position\":2,\"name\":\"International Conference on Diversity in Culture and the Creative Industries\"}]},{\"@type\":\"WebSite\",\"@id\":\"https:\/\/rijeka2020.eu\/en\/#website\",\"url\":\"https:\/\/rijeka2020.eu\/en\/\",\"name\":\"Rijeka 2020\",\"description\":\"Europska prijestolnica kulture\",\"publisher\":{\"@id\":\"https:\/\/rijeka2020.eu\/en\/#organization\"},\"potentialAction\":[{\"@type\":\"SearchAction\",\"target\":{\"@type\":\"EntryPoint\",\"urlTemplate\":\"https:\/\/rijeka2020.eu\/en\/?s={search_term_string}\"},\"query-input\":{\"@type\":\"PropertyValueSpecification\",\"valueRequired\":true,\"valueName\":\"search_term_string\"}}],\"inLanguage\":\"en-US\"},{\"@type\":\"Organization\",\"@id\":\"https:\/\/rijeka2020.eu\/en\/#organization\",\"name\":\"Rijeka 2020 d.o.o.\",\"url\":\"https:\/\/rijeka2020.eu\/en\/\",\"logo\":{\"@type\":\"ImageObject\",\"inLanguage\":\"en-US\",\"@id\":\"https:\/\/rijeka2020.eu\/en\/#\/schema\/logo\/image\/\",\"url\":\"https:\/\/rijeka2020.eu\/wp-content\/uploads\/2018\/07\/Ri2020-logo.png\",\"contentUrl\":\"https:\/\/rijeka2020.eu\/wp-content\/uploads\/2018\/07\/Ri2020-logo.png\",\"width\":407,\"height\":175,\"caption\":\"Rijeka 2020 d.o.o.\"},\"image\":{\"@id\":\"https:\/\/rijeka2020.eu\/en\/#\/schema\/logo\/image\/\"},\"sameAs\":[\"https:\/\/www.facebook.com\/rijeka2020\",\"https:\/\/x.com\/Rijeka2020\",\"https:\/\/www.instagram.com\/rijeka2020\/\",\"https:\/\/www.youtube.com\/user\/riepk2020\"]},{\"@type\":\"Person\",\"@id\":\"https:\/\/rijeka2020.eu\/en\/#\/schema\/person\/9c12d91df8c45bc534f625d9c81f403d\",\"name\":\"Rijeka 2020\",\"url\":\"https:\/\/ri2020.eu\/en\/author\/lsm\/\"}]}<\/script>\n<!-- \/ Yoast SEO plugin. -->","yoast_head_json":{"title":"International Conference on Diversity in Culture and the Creative Industries &#8226; Rijeka 2020","robots":{"index":"index","follow":"follow","max-snippet":"max-snippet:-1","max-image-preview":"max-image-preview:large","max-video-preview":"max-video-preview:-1"},"canonical":"https:\/\/ri2020.eu\/en\/international-conference-on-diversity-in-culture-and-the-creative-industries\/","og_locale":"en_US","og_type":"article","og_title":"International Conference on Diversity in Culture and the Creative Industries &#8226; Rijeka 2020","og_description":"The central theme of the conference, diversity in culture and the creative industries, will offer an understanding of \u201cdiversity\u201d as an essential ingredient of quality assurance in culture and the creative industries. At the same time, diversity will be portrayed as a precondition for securing high-quality content to be offered to the audiences by CCIs.","og_url":"https:\/\/ri2020.eu\/en\/international-conference-on-diversity-in-culture-and-the-creative-industries\/","og_site_name":"Rijeka 2020","article_publisher":"https:\/\/www.facebook.com\/rijeka2020","article_published_time":"2019-09-03T15:00:58+00:00","article_modified_time":"2020-02-20T11:19:28+00:00","og_image":[{"width":809,"height":809,"url":"https:\/\/rijeka2020.eu\/wp-content\/uploads\/2019\/08\/INVISIBLES-01-fb.png","type":"image\/png"}],"author":"Rijeka 2020","twitter_card":"summary_large_image","twitter_creator":"@Rijeka2020","twitter_site":"@Rijeka2020","twitter_misc":{"Written by":"Rijeka 2020","Est. reading time":"4 minutes"},"schema":{"@context":"https:\/\/schema.org","@graph":[{"@type":"Article","@id":"https:\/\/ri2020.eu\/en\/international-conference-on-diversity-in-culture-and-the-creative-industries\/#article","isPartOf":{"@id":"https:\/\/ri2020.eu\/en\/international-conference-on-diversity-in-culture-and-the-creative-industries\/"},"author":{"name":"Rijeka 2020","@id":"https:\/\/rijeka2020.eu\/en\/#\/schema\/person\/9c12d91df8c45bc534f625d9c81f403d"},"headline":"International Conference on Diversity in Culture and the Creative Industries","datePublished":"2019-09-03T15:00:58+00:00","dateModified":"2020-02-20T11:19:28+00:00","mainEntityOfPage":{"@id":"https:\/\/ri2020.eu\/en\/international-conference-on-diversity-in-culture-and-the-creative-industries\/"},"wordCount":735,"publisher":{"@id":"https:\/\/rijeka2020.eu\/en\/#organization"},"image":{"@id":"https:\/\/ri2020.eu\/en\/international-conference-on-diversity-in-culture-and-the-creative-industries\/#primaryimage"},"thumbnailUrl":"https:\/\/ri2020.eu\/wp-content\/uploads\/2019\/08\/INVISIBLES-01-fb.png","articleSection":["Diversity Mixer","Kitchen of Diversity","News","RiHub"],"inLanguage":"en-US"},{"@type":"WebPage","@id":"https:\/\/ri2020.eu\/en\/international-conference-on-diversity-in-culture-and-the-creative-industries\/","url":"https:\/\/ri2020.eu\/en\/international-conference-on-diversity-in-culture-and-the-creative-industries\/","name":"International Conference on Diversity in Culture and the Creative Industries &#8226; Rijeka 2020","isPartOf":{"@id":"https:\/\/rijeka2020.eu\/en\/#website"},"primaryImageOfPage":{"@id":"https:\/\/ri2020.eu\/en\/international-conference-on-diversity-in-culture-and-the-creative-industries\/#primaryimage"},"image":{"@id":"https:\/\/ri2020.eu\/en\/international-conference-on-diversity-in-culture-and-the-creative-industries\/#primaryimage"},"thumbnailUrl":"https:\/\/ri2020.eu\/wp-content\/uploads\/2019\/08\/INVISIBLES-01-fb.png","datePublished":"2019-09-03T15:00:58+00:00","dateModified":"2020-02-20T11:19:28+00:00","breadcrumb":{"@id":"https:\/\/ri2020.eu\/en\/international-conference-on-diversity-in-culture-and-the-creative-industries\/#breadcrumb"},"inLanguage":"en-US","potentialAction":[{"@type":"ReadAction","target":["https:\/\/ri2020.eu\/en\/international-conference-on-diversity-in-culture-and-the-creative-industries\/"]}]},{"@type":"ImageObject","inLanguage":"en-US","@id":"https:\/\/ri2020.eu\/en\/international-conference-on-diversity-in-culture-and-the-creative-industries\/#primaryimage","url":"https:\/\/ri2020.eu\/wp-content\/uploads\/2019\/08\/INVISIBLES-01-fb.png","contentUrl":"https:\/\/ri2020.eu\/wp-content\/uploads\/2019\/08\/INVISIBLES-01-fb.png","width":809,"height":809,"caption":"Diversity mixer"},{"@type":"BreadcrumbList","@id":"https:\/\/ri2020.eu\/en\/international-conference-on-diversity-in-culture-and-the-creative-industries\/#breadcrumb","itemListElement":[{"@type":"ListItem","position":1,"name":"Home","item":"https:\/\/rijeka2020.eu\/en\/"},{"@type":"ListItem","position":2,"name":"International Conference on Diversity in Culture and the Creative Industries"}]},{"@type":"WebSite","@id":"https:\/\/rijeka2020.eu\/en\/#website","url":"https:\/\/rijeka2020.eu\/en\/","name":"Rijeka 2020","description":"Europska prijestolnica kulture","publisher":{"@id":"https:\/\/rijeka2020.eu\/en\/#organization"},"potentialAction":[{"@type":"SearchAction","target":{"@type":"EntryPoint","urlTemplate":"https:\/\/rijeka2020.eu\/en\/?s={search_term_string}"},"query-input":{"@type":"PropertyValueSpecification","valueRequired":true,"valueName":"search_term_string"}}],"inLanguage":"en-US"},{"@type":"Organization","@id":"https:\/\/rijeka2020.eu\/en\/#organization","name":"Rijeka 2020 d.o.o.","url":"https:\/\/rijeka2020.eu\/en\/","logo":{"@type":"ImageObject","inLanguage":"en-US","@id":"https:\/\/rijeka2020.eu\/en\/#\/schema\/logo\/image\/","url":"https:\/\/rijeka2020.eu\/wp-content\/uploads\/2018\/07\/Ri2020-logo.png","contentUrl":"https:\/\/rijeka2020.eu\/wp-content\/uploads\/2018\/07\/Ri2020-logo.png","width":407,"height":175,"caption":"Rijeka 2020 d.o.o."},"image":{"@id":"https:\/\/rijeka2020.eu\/en\/#\/schema\/logo\/image\/"},"sameAs":["https:\/\/www.facebook.com\/rijeka2020","https:\/\/x.com\/Rijeka2020","https:\/\/www.instagram.com\/rijeka2020\/","https:\/\/www.youtube.com\/user\/riepk2020"]},{"@type":"Person","@id":"https:\/\/rijeka2020.eu\/en\/#\/schema\/person\/9c12d91df8c45bc534f625d9c81f403d","name":"Rijeka 2020","url":"https:\/\/ri2020.eu\/en\/author\/lsm\/"}]}},"_links":{"self":[{"href":"https:\/\/ri2020.eu\/en\/wp-json\/wp\/v2\/posts\/31471","targetHints":{"allow":["GET"]}}],"collection":[{"href":"https:\/\/ri2020.eu\/en\/wp-json\/wp\/v2\/posts"}],"about":[{"href":"https:\/\/ri2020.eu\/en\/wp-json\/wp\/v2\/types\/post"}],"author":[{"embeddable":true,"href":"https:\/\/ri2020.eu\/en\/wp-json\/wp\/v2\/users\/72"}],"replies":[{"embeddable":true,"href":"https:\/\/ri2020.eu\/en\/wp-json\/wp\/v2\/comments?post=31471"}],"version-history":[{"count":1,"href":"https:\/\/ri2020.eu\/en\/wp-json\/wp\/v2\/posts\/31471\/revisions"}],"predecessor-version":[{"id":50243,"href":"https:\/\/ri2020.eu\/en\/wp-json\/wp\/v2\/posts\/31471\/revisions\/50243"}],"wp:featuredmedia":[{"embeddable":true,"href":"https:\/\/ri2020.eu\/en\/wp-json\/wp\/v2\/media\/31267"}],"wp:attachment":[{"href":"https:\/\/ri2020.eu\/en\/wp-json\/wp\/v2\/media?parent=31471"}],"wp:term":[{"taxonomy":"category","embeddable":true,"href":"https:\/\/ri2020.eu\/en\/wp-json\/wp\/v2\/categories?post=31471"},{"taxonomy":"post_tag","embeddable":true,"href":"https:\/\/ri2020.eu\/en\/wp-json\/wp\/v2\/tags?post=31471"}],"curies":[{"name":"wp","href":"https:\/\/api.w.org\/{rel}","templated":true}]}}