{"id":31420,"date":"2019-08-07T17:56:05","date_gmt":"2019-08-07T15:56:05","guid":{"rendered":"https:\/\/rijeka2020.eu\/?p=31420"},"modified":"2019-09-02T17:56:27","modified_gmt":"2019-09-02T15:56:27","slug":"warm-up-27-neighbourhoods-and-porto-etno","status":"publish","type":"post","link":"https:\/\/ri2020.eu\/en\/warm-up-27-neighbourhoods-and-porto-etno\/","title":{"rendered":"Warm up &#8211; 27 Neighbourhoods and Porto Etno"},"content":{"rendered":"<p>This year, the<strong> Rijeka 2020 \u2013 European Capital of Culture (ECoC) <\/strong>project brings you another exciting edition of the World Music and Gastro Festival \u2013 <strong>Porto Etno!<\/strong><\/p>\n<p>Porto Etno will take place <strong>in Rijeka from 6 through 8 September <\/strong>2019 at three different locations:\u00a0In the <strong>Rijeka Resolution Square\/128 Brigade HV Square, the CNT Ivan pl. Zajc and the City market<\/strong>, the festival will welcome <strong>more than 100 musicians<\/strong>, such as the <strong>Boban Markovi\u0107 Orkestar<\/strong>,\u00a0<strong>BaBa ZuLa<\/strong>,\u00a0<strong>Acid Arab<\/strong>\u00a0and\u00a0<strong>Iva Bittova<\/strong>. Visitors will also be able to taste food from <strong>as many as 20 world cuisines,<\/strong> prepared by<strong> associations of national minorities of Rijeka and Primorje-Gorski Kotar County, as well as inhabitants of Rijeka, originating from all over the world<\/strong>, including the Philippines, India, Trinidad and Tobago, Madagascar, Italy, the Czech Republic and many others.<\/p>\n<p><strong>The warm-up for this year\u2019s Porto Etno festival begins this August with a unique musical medley of indigenous and modern sounds at no less than three locations forming a part<\/strong> of the <strong>27 Neighbourhoods<\/strong> flagship of Rijeka 2020 &#8211; European Capital of Culture, a project aimed at developing good interpersonal relations and creating an atmosphere of enjoying diversity. Entrance to all the events is free.<\/p>\n<p><strong>The first event will take place on 16 and 17 August in the Gomirje Neighbourhood of the Rijeka 2020 ECoC, where a two-day pilot-programme, i.e. an emerging festival called \u201cGomirje Accordion Mundial\u201d will be held<\/strong>. It will be organised in cooperation with the \u201cGomirje at Heart 1599\u201d Association. On the opening day of the festival<strong>, Friday, 16 August at 6 pm, in the beautiful courtyard of the Monastery and Church of St. John the Forerunner<\/strong>, which is the westernmost Orthodox monastery in Europe, visitors will be able to enjoy a performance by the <strong>internationally acclaimed, multiple-award-winning accordionist Ante Mamula, who will play the \u201cAccordion Recital\u201d<\/strong>. The programme will resume <strong>on Saturday, 17 August at the House of Culture in Gomirje<\/strong> where an <strong>accordion masterclass <\/strong>will be held <strong>from 3 pm through 6 pm<\/strong> by the notable soloist, educator and composer <strong>Aleksander Ipavec<\/strong>.\u00a0<strong>Applications for participation will be accepted through 10 August<\/strong>, at the following e-mail address:\u00a0\u00a0<a href=\"mailto:nikolina.kosanovic@gmail.com\">nikolina.kosanovic@gmail.com<\/a>, which is also the e-mail where any additional information relating to the masterclass may be obtained. Limited seats available.<\/p>\n<p>Also <strong>on Saturday, August 17, starting at 8 pm, Ipavec<\/strong> will perform together with <strong>the participants of the masterclass and the Porto Etno Orchestra<\/strong>, which was put together for the purpose of the Porto Etno Festival of Rijeka 2020 &#8211; European Capital of Culture. It comprises musicians from Rijeka, Istria and Kvarner whose names (and music) may sound familiar even to those uninitiated in ethnic and jazz music. Members include <strong>Zoran Majstorovi\u0107<\/strong> (Arabic oud, saz, mandolin, ukulele, electric guitar, band leader), <strong>Branimir Gazdik<\/strong> (drums), <strong>Bojan Sko\u010dili\u0107<\/strong> (double bass, electric bass guitar), <strong>Dorian Cuculi\u0107<\/strong> (piano, keyboards), <strong>Zvonimir Radi\u0161i\u0107<\/strong> (electric and acoustic guitar), <strong>Robert Mikuljan<\/strong> (trumpet, bugle) and <strong>Luka Vrbanec<\/strong> (alt and tenor saxophone).<\/p>\n<p>The warm-up for this year\u2019s Porto Etno continues in the <strong>\u010cavle Neighbourhood<\/strong> of Rijeka 2020 &#8211; European Capital of Culture (ECoC) with an event dubbed the <strong>Bell-ringer&#8217;s Symphony<\/strong>! The event will take place <strong>on Friday, 23 August in the Croatian Homeland War Veterans\u2019 Square in \u010cavle, starting at 8:30 pm<\/strong>. This is <strong>a unique musical medley of drummers and bell-ringers that will be jointly performed by the Karlovac Drummers and the Grobnik Bell-ringers (<em>Grobni\u010dki Dondola\u0161i<\/em>).<\/strong> All these sounds will be conducted by maestro Zoran Majstorovi\u0107, and organised by TB \u010cavle, the Palentar Association, the Grobnik Bell-ringers, and the municipality of \u010cavle.<\/p>\n<p>The last warm-up event for the Porto Etno festival within the Rijeka 2020 ECoC project, happening <strong>on Saturday, 24 August<\/strong>, will be the <strong>Porto Etno warm-up<\/strong> in <strong>Vrbnik on the island of Krk<\/strong>.\u00a0<strong>Vrbenski sopci<\/strong> (long flute players from Vrbnik) whose long flute tunes have already conquered concert venues in Brussels, Strasbourg and Galway, will this time be performing before local audiences <strong>in the \u0160kujica Square starting at 9 pm.<\/strong> It will be <strong>a musical evening fostering good-neighbourly relations through an unusual blend of ecology and music.<\/strong> Besides Vrbenski sopci, visitors will also be able to enjoy the performance of <strong>the attendees of a musical workshop led by Ana Jagi\u0107 Alji\u0107, a music pedagogue.<\/strong> They will be playing <strong>ethno music on musical instruments built from recyclable materials<\/strong>, while <strong>sopci and sop\u010di\u0107i<\/strong> (a local dialect name for young and adult instrumentalists), <strong>Marko \u017dele\u2019s electro-rock fusion band<\/strong> (from the Lovran Neighbourhood), and the <strong>Vrbenske Kanturice female choir<\/strong> will jointly go all out to try and <strong>woo the audience with a mellifluous medley of traditional Mediterranean sounds.<\/strong> The event will be organised by: The KUD Frankopan Cultural and Artistic Association, TB Vrbnik, Vrbnik branch school, and the Interval Association from Lovran.<\/p>\n<p>&nbsp;<\/p>\n<p><em>The three events making up the Preliminary Programme of the Porto Etno festival are a blend of the 27 Neighbourhoods and the Kitchen of Diversity flagships of the Rijeka 2020 &#8211; ECoC project.<\/em><\/p>\n<p><strong><em>&#8220;Kitchen of Diversity&#8221; <\/em><\/strong><em>is focused on migrations and minorities, unusual music combinations, cookery, art and activism.\u00a0It is open for the exchange of ideas, habits and for discussing existing prejudices, and it is also thematically focused on minorities and includes and celebrates various minority cultures and subcultures: national, ethnic, religious, gender, minorities according to physical or mental diversity, age and lifestyle.\u00a0Everyone is invited to the &#8220;Kitchen of Diversity&#8221;. &#8220;Kitchen of Diversity&#8221; creates room for everyone.<\/em><\/p>\n<p><em>The <strong>&#8220;27 Neighbourhoods&#8221; <\/strong>flagship gathers together neighbourhoods throughout Primorje and Gorski Kotar County and connects each of them with one neighbourhood in one of the member states of the EU. The &#8220;27 Neighbourhoods&#8221; flagship connects people from the islands, the coast, the outback, the highlands and the city of Rijeka. These are: Lovran, Opatija, Matulji, Kastav, Pehlin, Drenova, \u0160kurinje, Turni\u0107 and Mlaka, Student Campus in Trsat, Jelenje, \u010cavle, Praputnjak, Kostrena, Crikvenica, Novi Vinodolski, the island of Rab, Unije, the city of Cres, the island of Krk, Malinska, Vrbnik, Gomirje, Mrkopalj, Fu\u017eine, Delnice, Brod na Kupi and Gornji Kuti. Our neighbours achieve international cooperation with 27 European neighbourhoods. This flagship provides multiple opportunities for an exchange that extends across Europe, thus creating an informal network of cultural activities that will last beyond 2020.<\/em><\/p>\n<p>&nbsp;<\/p>\n","protected":false},"excerpt":{"rendered":"<p>The warm-up for this year\u2019s Porto Etno festival begins this August with a unique musical medley of indigenous and modern sounds at no less than three locations forming a part of the 27 Neighbourhoods flagship of Rijeka 2020 &#8211; European Capital of Culture, a project aimed at developing good interpersonal relations and creating an atmosphere of enjoying diversity. Entrance to all events is free.<\/p>\n","protected":false},"author":72,"featured_media":30780,"comment_status":"closed","ping_status":"closed","sticky":false,"template":"","format":"standard","meta":{"_acf_changed":false,"footnotes":""},"categories":[2978,2959,2731,2961],"tags":[4169],"class_list":["post-31420","post","type-post","status-publish","format-standard","has-post-thumbnail","hentry","category-27-neighbourhoods","category-kitchen-of-diversity","category-news","category-porto-etno","tag-rijeka-2020-en-3-en"],"acf":[],"yoast_head":"<!-- This site is optimized with the Yoast SEO plugin v26.8 - https:\/\/yoast.com\/product\/yoast-seo-wordpress\/ -->\n<title>Warm up - 27 Neighbourhoods and Porto Etno &#8226; Rijeka 2020<\/title>\n<meta name=\"robots\" content=\"index, follow, max-snippet:-1, max-image-preview:large, max-video-preview:-1\" \/>\n<link rel=\"canonical\" href=\"https:\/\/ri2020.eu\/en\/warm-up-27-neighbourhoods-and-porto-etno\/\" \/>\n<meta property=\"og:locale\" content=\"en_US\" \/>\n<meta property=\"og:type\" content=\"article\" \/>\n<meta property=\"og:title\" content=\"Warm up - 27 Neighbourhoods and Porto Etno &#8226; Rijeka 2020\" \/>\n<meta property=\"og:description\" content=\"The warm-up for this year\u2019s Porto Etno festival begins this August with a unique musical medley of indigenous and modern sounds at no less than three locations forming a part of the 27 Neighbourhoods flagship of Rijeka 2020 - European Capital of Culture, a project aimed at developing good interpersonal relations and creating an atmosphere of enjoying diversity. Entrance to all events is free.\" \/>\n<meta property=\"og:url\" content=\"https:\/\/ri2020.eu\/en\/warm-up-27-neighbourhoods-and-porto-etno\/\" \/>\n<meta property=\"og:site_name\" content=\"Rijeka 2020\" \/>\n<meta property=\"article:publisher\" content=\"https:\/\/www.facebook.com\/rijeka2020\" \/>\n<meta property=\"article:published_time\" content=\"2019-08-07T15:56:05+00:00\" \/>\n<meta property=\"article:modified_time\" content=\"2019-09-02T15:56:27+00:00\" \/>\n<meta property=\"og:image\" content=\"https:\/\/ri2020.eu\/wp-content\/uploads\/2019\/08\/Uigravanje.jpg\" \/>\n\t<meta property=\"og:image:width\" content=\"1280\" \/>\n\t<meta property=\"og:image:height\" content=\"960\" \/>\n\t<meta property=\"og:image:type\" content=\"image\/jpeg\" \/>\n<meta name=\"author\" content=\"Rijeka 2020\" \/>\n<meta name=\"twitter:card\" content=\"summary_large_image\" \/>\n<meta name=\"twitter:creator\" content=\"@Rijeka2020\" \/>\n<meta name=\"twitter:site\" content=\"@Rijeka2020\" \/>\n<meta name=\"twitter:label1\" content=\"Written by\" \/>\n\t<meta name=\"twitter:data1\" content=\"Rijeka 2020\" \/>\n\t<meta name=\"twitter:label2\" content=\"Est. reading time\" \/>\n\t<meta name=\"twitter:data2\" content=\"5 minutes\" \/>\n<script type=\"application\/ld+json\" class=\"yoast-schema-graph\">{\"@context\":\"https:\/\/schema.org\",\"@graph\":[{\"@type\":\"Article\",\"@id\":\"https:\/\/ri2020.eu\/en\/warm-up-27-neighbourhoods-and-porto-etno\/#article\",\"isPartOf\":{\"@id\":\"https:\/\/ri2020.eu\/en\/warm-up-27-neighbourhoods-and-porto-etno\/\"},\"author\":{\"name\":\"Rijeka 2020\",\"@id\":\"https:\/\/ri2020.eu\/en\/#\/schema\/person\/9c12d91df8c45bc534f625d9c81f403d\"},\"headline\":\"Warm up &#8211; 27 Neighbourhoods and Porto Etno\",\"datePublished\":\"2019-08-07T15:56:05+00:00\",\"dateModified\":\"2019-09-02T15:56:27+00:00\",\"mainEntityOfPage\":{\"@id\":\"https:\/\/ri2020.eu\/en\/warm-up-27-neighbourhoods-and-porto-etno\/\"},\"wordCount\":1018,\"publisher\":{\"@id\":\"https:\/\/ri2020.eu\/en\/#organization\"},\"image\":{\"@id\":\"https:\/\/ri2020.eu\/en\/warm-up-27-neighbourhoods-and-porto-etno\/#primaryimage\"},\"thumbnailUrl\":\"https:\/\/ri2020.eu\/wp-content\/uploads\/2019\/08\/Uigravanje.jpg\",\"keywords\":[\"Rijeka 2020\"],\"articleSection\":[\"27 Neighbourhoods\",\"Kitchen of Diversity\",\"News\",\"Porto etno\"],\"inLanguage\":\"en-US\"},{\"@type\":\"WebPage\",\"@id\":\"https:\/\/ri2020.eu\/en\/warm-up-27-neighbourhoods-and-porto-etno\/\",\"url\":\"https:\/\/ri2020.eu\/en\/warm-up-27-neighbourhoods-and-porto-etno\/\",\"name\":\"Warm up - 27 Neighbourhoods and Porto Etno &#8226; Rijeka 2020\",\"isPartOf\":{\"@id\":\"https:\/\/ri2020.eu\/en\/#website\"},\"primaryImageOfPage\":{\"@id\":\"https:\/\/ri2020.eu\/en\/warm-up-27-neighbourhoods-and-porto-etno\/#primaryimage\"},\"image\":{\"@id\":\"https:\/\/ri2020.eu\/en\/warm-up-27-neighbourhoods-and-porto-etno\/#primaryimage\"},\"thumbnailUrl\":\"https:\/\/ri2020.eu\/wp-content\/uploads\/2019\/08\/Uigravanje.jpg\",\"datePublished\":\"2019-08-07T15:56:05+00:00\",\"dateModified\":\"2019-09-02T15:56:27+00:00\",\"breadcrumb\":{\"@id\":\"https:\/\/ri2020.eu\/en\/warm-up-27-neighbourhoods-and-porto-etno\/#breadcrumb\"},\"inLanguage\":\"en-US\",\"potentialAction\":[{\"@type\":\"ReadAction\",\"target\":[\"https:\/\/ri2020.eu\/en\/warm-up-27-neighbourhoods-and-porto-etno\/\"]}]},{\"@type\":\"ImageObject\",\"inLanguage\":\"en-US\",\"@id\":\"https:\/\/ri2020.eu\/en\/warm-up-27-neighbourhoods-and-porto-etno\/#primaryimage\",\"url\":\"https:\/\/ri2020.eu\/wp-content\/uploads\/2019\/08\/Uigravanje.jpg\",\"contentUrl\":\"https:\/\/ri2020.eu\/wp-content\/uploads\/2019\/08\/Uigravanje.jpg\",\"width\":1280,\"height\":960,\"caption\":\"Uigravanje\"},{\"@type\":\"BreadcrumbList\",\"@id\":\"https:\/\/ri2020.eu\/en\/warm-up-27-neighbourhoods-and-porto-etno\/#breadcrumb\",\"itemListElement\":[{\"@type\":\"ListItem\",\"position\":1,\"name\":\"Home\",\"item\":\"https:\/\/ri2020.eu\/en\/\"},{\"@type\":\"ListItem\",\"position\":2,\"name\":\"Warm up &#8211; 27 Neighbourhoods and Porto Etno\"}]},{\"@type\":\"WebSite\",\"@id\":\"https:\/\/ri2020.eu\/en\/#website\",\"url\":\"https:\/\/ri2020.eu\/en\/\",\"name\":\"Rijeka 2020\",\"description\":\"Europska prijestolnica kulture\",\"publisher\":{\"@id\":\"https:\/\/ri2020.eu\/en\/#organization\"},\"potentialAction\":[{\"@type\":\"SearchAction\",\"target\":{\"@type\":\"EntryPoint\",\"urlTemplate\":\"https:\/\/ri2020.eu\/en\/?s={search_term_string}\"},\"query-input\":{\"@type\":\"PropertyValueSpecification\",\"valueRequired\":true,\"valueName\":\"search_term_string\"}}],\"inLanguage\":\"en-US\"},{\"@type\":\"Organization\",\"@id\":\"https:\/\/ri2020.eu\/en\/#organization\",\"name\":\"Rijeka 2020 d.o.o.\",\"url\":\"https:\/\/ri2020.eu\/en\/\",\"logo\":{\"@type\":\"ImageObject\",\"inLanguage\":\"en-US\",\"@id\":\"https:\/\/ri2020.eu\/en\/#\/schema\/logo\/image\/\",\"url\":\"https:\/\/rijeka2020.eu\/wp-content\/uploads\/2018\/07\/Ri2020-logo.png\",\"contentUrl\":\"https:\/\/rijeka2020.eu\/wp-content\/uploads\/2018\/07\/Ri2020-logo.png\",\"width\":407,\"height\":175,\"caption\":\"Rijeka 2020 d.o.o.\"},\"image\":{\"@id\":\"https:\/\/ri2020.eu\/en\/#\/schema\/logo\/image\/\"},\"sameAs\":[\"https:\/\/www.facebook.com\/rijeka2020\",\"https:\/\/x.com\/Rijeka2020\",\"https:\/\/www.instagram.com\/rijeka2020\/\",\"https:\/\/www.youtube.com\/user\/riepk2020\"]},{\"@type\":\"Person\",\"@id\":\"https:\/\/ri2020.eu\/en\/#\/schema\/person\/9c12d91df8c45bc534f625d9c81f403d\",\"name\":\"Rijeka 2020\",\"url\":\"https:\/\/ri2020.eu\/en\/author\/lsm\/\"}]}<\/script>\n<!-- \/ Yoast SEO plugin. -->","yoast_head_json":{"title":"Warm up - 27 Neighbourhoods and Porto Etno &#8226; Rijeka 2020","robots":{"index":"index","follow":"follow","max-snippet":"max-snippet:-1","max-image-preview":"max-image-preview:large","max-video-preview":"max-video-preview:-1"},"canonical":"https:\/\/ri2020.eu\/en\/warm-up-27-neighbourhoods-and-porto-etno\/","og_locale":"en_US","og_type":"article","og_title":"Warm up - 27 Neighbourhoods and Porto Etno &#8226; Rijeka 2020","og_description":"The warm-up for this year\u2019s Porto Etno festival begins this August with a unique musical medley of indigenous and modern sounds at no less than three locations forming a part of the 27 Neighbourhoods flagship of Rijeka 2020 - European Capital of Culture, a project aimed at developing good interpersonal relations and creating an atmosphere of enjoying diversity. Entrance to all events is free.","og_url":"https:\/\/ri2020.eu\/en\/warm-up-27-neighbourhoods-and-porto-etno\/","og_site_name":"Rijeka 2020","article_publisher":"https:\/\/www.facebook.com\/rijeka2020","article_published_time":"2019-08-07T15:56:05+00:00","article_modified_time":"2019-09-02T15:56:27+00:00","og_image":[{"width":1280,"height":960,"url":"https:\/\/ri2020.eu\/wp-content\/uploads\/2019\/08\/Uigravanje.jpg","type":"image\/jpeg"}],"author":"Rijeka 2020","twitter_card":"summary_large_image","twitter_creator":"@Rijeka2020","twitter_site":"@Rijeka2020","twitter_misc":{"Written by":"Rijeka 2020","Est. reading time":"5 minutes"},"schema":{"@context":"https:\/\/schema.org","@graph":[{"@type":"Article","@id":"https:\/\/ri2020.eu\/en\/warm-up-27-neighbourhoods-and-porto-etno\/#article","isPartOf":{"@id":"https:\/\/ri2020.eu\/en\/warm-up-27-neighbourhoods-and-porto-etno\/"},"author":{"name":"Rijeka 2020","@id":"https:\/\/ri2020.eu\/en\/#\/schema\/person\/9c12d91df8c45bc534f625d9c81f403d"},"headline":"Warm up &#8211; 27 Neighbourhoods and Porto Etno","datePublished":"2019-08-07T15:56:05+00:00","dateModified":"2019-09-02T15:56:27+00:00","mainEntityOfPage":{"@id":"https:\/\/ri2020.eu\/en\/warm-up-27-neighbourhoods-and-porto-etno\/"},"wordCount":1018,"publisher":{"@id":"https:\/\/ri2020.eu\/en\/#organization"},"image":{"@id":"https:\/\/ri2020.eu\/en\/warm-up-27-neighbourhoods-and-porto-etno\/#primaryimage"},"thumbnailUrl":"https:\/\/ri2020.eu\/wp-content\/uploads\/2019\/08\/Uigravanje.jpg","keywords":["Rijeka 2020"],"articleSection":["27 Neighbourhoods","Kitchen of Diversity","News","Porto etno"],"inLanguage":"en-US"},{"@type":"WebPage","@id":"https:\/\/ri2020.eu\/en\/warm-up-27-neighbourhoods-and-porto-etno\/","url":"https:\/\/ri2020.eu\/en\/warm-up-27-neighbourhoods-and-porto-etno\/","name":"Warm up - 27 Neighbourhoods and Porto Etno &#8226; Rijeka 2020","isPartOf":{"@id":"https:\/\/ri2020.eu\/en\/#website"},"primaryImageOfPage":{"@id":"https:\/\/ri2020.eu\/en\/warm-up-27-neighbourhoods-and-porto-etno\/#primaryimage"},"image":{"@id":"https:\/\/ri2020.eu\/en\/warm-up-27-neighbourhoods-and-porto-etno\/#primaryimage"},"thumbnailUrl":"https:\/\/ri2020.eu\/wp-content\/uploads\/2019\/08\/Uigravanje.jpg","datePublished":"2019-08-07T15:56:05+00:00","dateModified":"2019-09-02T15:56:27+00:00","breadcrumb":{"@id":"https:\/\/ri2020.eu\/en\/warm-up-27-neighbourhoods-and-porto-etno\/#breadcrumb"},"inLanguage":"en-US","potentialAction":[{"@type":"ReadAction","target":["https:\/\/ri2020.eu\/en\/warm-up-27-neighbourhoods-and-porto-etno\/"]}]},{"@type":"ImageObject","inLanguage":"en-US","@id":"https:\/\/ri2020.eu\/en\/warm-up-27-neighbourhoods-and-porto-etno\/#primaryimage","url":"https:\/\/ri2020.eu\/wp-content\/uploads\/2019\/08\/Uigravanje.jpg","contentUrl":"https:\/\/ri2020.eu\/wp-content\/uploads\/2019\/08\/Uigravanje.jpg","width":1280,"height":960,"caption":"Uigravanje"},{"@type":"BreadcrumbList","@id":"https:\/\/ri2020.eu\/en\/warm-up-27-neighbourhoods-and-porto-etno\/#breadcrumb","itemListElement":[{"@type":"ListItem","position":1,"name":"Home","item":"https:\/\/ri2020.eu\/en\/"},{"@type":"ListItem","position":2,"name":"Warm up &#8211; 27 Neighbourhoods and Porto Etno"}]},{"@type":"WebSite","@id":"https:\/\/ri2020.eu\/en\/#website","url":"https:\/\/ri2020.eu\/en\/","name":"Rijeka 2020","description":"Europska prijestolnica kulture","publisher":{"@id":"https:\/\/ri2020.eu\/en\/#organization"},"potentialAction":[{"@type":"SearchAction","target":{"@type":"EntryPoint","urlTemplate":"https:\/\/ri2020.eu\/en\/?s={search_term_string}"},"query-input":{"@type":"PropertyValueSpecification","valueRequired":true,"valueName":"search_term_string"}}],"inLanguage":"en-US"},{"@type":"Organization","@id":"https:\/\/ri2020.eu\/en\/#organization","name":"Rijeka 2020 d.o.o.","url":"https:\/\/ri2020.eu\/en\/","logo":{"@type":"ImageObject","inLanguage":"en-US","@id":"https:\/\/ri2020.eu\/en\/#\/schema\/logo\/image\/","url":"https:\/\/rijeka2020.eu\/wp-content\/uploads\/2018\/07\/Ri2020-logo.png","contentUrl":"https:\/\/rijeka2020.eu\/wp-content\/uploads\/2018\/07\/Ri2020-logo.png","width":407,"height":175,"caption":"Rijeka 2020 d.o.o."},"image":{"@id":"https:\/\/ri2020.eu\/en\/#\/schema\/logo\/image\/"},"sameAs":["https:\/\/www.facebook.com\/rijeka2020","https:\/\/x.com\/Rijeka2020","https:\/\/www.instagram.com\/rijeka2020\/","https:\/\/www.youtube.com\/user\/riepk2020"]},{"@type":"Person","@id":"https:\/\/ri2020.eu\/en\/#\/schema\/person\/9c12d91df8c45bc534f625d9c81f403d","name":"Rijeka 2020","url":"https:\/\/ri2020.eu\/en\/author\/lsm\/"}]}},"_links":{"self":[{"href":"https:\/\/ri2020.eu\/en\/wp-json\/wp\/v2\/posts\/31420","targetHints":{"allow":["GET"]}}],"collection":[{"href":"https:\/\/ri2020.eu\/en\/wp-json\/wp\/v2\/posts"}],"about":[{"href":"https:\/\/ri2020.eu\/en\/wp-json\/wp\/v2\/types\/post"}],"author":[{"embeddable":true,"href":"https:\/\/ri2020.eu\/en\/wp-json\/wp\/v2\/users\/72"}],"replies":[{"embeddable":true,"href":"https:\/\/ri2020.eu\/en\/wp-json\/wp\/v2\/comments?post=31420"}],"version-history":[{"count":0,"href":"https:\/\/ri2020.eu\/en\/wp-json\/wp\/v2\/posts\/31420\/revisions"}],"wp:featuredmedia":[{"embeddable":true,"href":"https:\/\/ri2020.eu\/en\/wp-json\/wp\/v2\/media\/30780"}],"wp:attachment":[{"href":"https:\/\/ri2020.eu\/en\/wp-json\/wp\/v2\/media?parent=31420"}],"wp:term":[{"taxonomy":"category","embeddable":true,"href":"https:\/\/ri2020.eu\/en\/wp-json\/wp\/v2\/categories?post=31420"},{"taxonomy":"post_tag","embeddable":true,"href":"https:\/\/ri2020.eu\/en\/wp-json\/wp\/v2\/tags?post=31420"}],"curies":[{"name":"wp","href":"https:\/\/api.w.org\/{rel}","templated":true}]}}