{"id":31347,"date":"2019-08-30T13:21:02","date_gmt":"2019-08-30T11:21:02","guid":{"rendered":"https:\/\/rijeka2020.eu\/?p=31347"},"modified":"2019-08-30T13:21:02","modified_gmt":"2019-08-30T11:21:02","slug":"rijekas-city-centre-will-be-imbued-with-food-scents-from-20-world-cuisines","status":"publish","type":"post","link":"https:\/\/ri2020.eu\/en\/rijekas-city-centre-will-be-imbued-with-food-scents-from-20-world-cuisines\/","title":{"rendered":"Rijeka\u2019s city centre will be imbued with food scents from 20 world cuisines"},"content":{"rendered":"<p><strong>From 6 to 8 September 2019, <\/strong><strong>in three different locations around Rijeka (128 Brigade HV Square \/ Rijeka Resolution Square, CNT Ivan pl. Zajc and Rijeka market), <\/strong><strong>the third <a href=\"https:\/\/rijeka2020.eu\/en\/projekti\/porto-etno\/\" target=\"_blank\" rel=\"noopener noreferrer\">Porto Etno &#8211; World music and gastro festival<\/a> within the Rijeka 2020 &#8211; European Capital of Culture project will take place and it will host such famous musicians as the Boban Markovi\u0107 Orkestar, BaBa ZuLe, Acid Arab and Iva Bittova, and visitors will be able to try dishes from as many as 20 world cuisines.<\/strong><\/p>\n<p>The host of the gastro programme is <strong>masterchef Sr\u0111ana Jevti\u0107, while the Festival\u2019s f<\/strong><strong>ood will be prepared by associations of national minorities of Rijeka and Primorje-Gorski Kotar County, as well as inhabitants of Rijeka, originating from all over the world<\/strong>, including the Philippines, India, Trinidad and Tobago, Madagascar, Italy, the Czech Republic and many others. <strong>Romany steak, Bosnian pot, Pancit Palabok (a Filipino noodle dish with shrimp gravy), grandma\u2019s barley soup, Macedonian Turli tava (a vegetable and meat stew), Bosnian baklava, okra, Indian Shahi Paneer, Coo-Coo (a Caribbean dish), Slovak noodles with kajmak (cream) and pan-crisped pancetta or real Italian lasagna<\/strong> prepared by the Rijeka Italian Community are just some of the many dishes that visitors will be able to taste at the Porto Etno &#8211; world music and gastro festival.<\/p>\n<p><img loading=\"lazy\" decoding=\"async\" class=\"alignnone size-full wp-image-31221\" src=\"https:\/\/rijeka2020.eu\/wp-content\/uploads\/2019\/08\/0328.jpg\" alt=\"Sr\u0111ana\" width=\"1365\" height=\"2048\" srcset=\"https:\/\/ri2020.eu\/wp-content\/uploads\/2019\/08\/0328.jpg 1365w, https:\/\/ri2020.eu\/wp-content\/uploads\/2019\/08\/0328-110x165.jpg 110w, https:\/\/ri2020.eu\/wp-content\/uploads\/2019\/08\/0328-768x1152.jpg 768w, https:\/\/ri2020.eu\/wp-content\/uploads\/2019\/08\/0328-683x1024.jpg 683w, https:\/\/ri2020.eu\/wp-content\/uploads\/2019\/08\/0328-167x250.jpg 167w, https:\/\/ri2020.eu\/wp-content\/uploads\/2019\/08\/0328-420x630.jpg 420w\" sizes=\"auto, (max-width: 1365px) 100vw, 1365px\" \/><\/p>\n<p><em>Sr\u0111ana Jevti\u0107<\/em><\/p>\n<p>Rijeka\u2019s caterers also join in, driven by the Port of Diversity\u2019s multicultural spirit, inviting everyone to enjoy and discover new scents and flavours. <strong>The European Capital of Culture (ECoC) and Rijeka\u2019s caterers are organising a special edition of the <a href=\"https:\/\/rijeka2020.eu\/en\/ri-gastro-as-an-introduction-to-the-porto-etno-festival-2\/\" target=\"_blank\" rel=\"noopener noreferrer\">Ri gastro<\/a> event, doubling as an introduction to the Porto Etno World music and gastro festival.<\/strong> The event is dedicated to the promotion of the gastronomic traditions and cultures of the countries whose minorities live and work in Rijeka and its surroundings. In their taverns and restaurants, Rijeka\u2019s caterers will be preparing indigenous dishes according to recipes of the inhabitants of Rijeka originating from all over Europe and the rest of the world. This will take place from 2 to 8 September.<\/p>\n<p><strong>Porto Etno \u2013<\/strong><strong>World Music and Gastronomy Festival Schedule<\/strong><br \/>\nEntrance to the gastro part of the Festival is free and visitors will be able to buy tasting portions of traditional foods priced at 10 HRK.<br \/>\n<strong>On Friday, 6 September,<\/strong> national minorities will cook at the <strong>128 Brigade HV Square from 6 pm &#8211; 9 pm,<\/strong> while the announcement of the Best Forgotten Recipe Contest winners will take place at 7.30 pm with chefs Stevo Karapand\u017ea and Sr\u0111ana Jevti\u0107 as jury members.<br \/>\n<strong>On Saturday, 7<\/strong> <strong>September,<\/strong> the national minorities will, as on the first day of the event, be cooking at the <strong>128 Brigade HV Square from 12 pm to 5 pm.<\/strong><br \/>\nThe POP UP gastro, music and a circus performance programme, will take place at the Rijeka Central Market and Theatre Park <strong>on Sunday, 8 September, from 10 am to 2 pm.<\/strong>\u00a0 Masterchef Sr\u0111ana Jevti\u0107 will cook for the Porto Etno visitors, while the outstanding musical programme will be in the hands of the JeboTon ensemble and EtnoRom.<\/p>\n<p><strong>The following are participating in the programme <\/strong>The Rijeka Italian Community, the Serbian Cultural Society \u201cProsvjeta\u201d \u2013 Rijeka Subcommittee, the Cultural Society of Rusyns and Ukrainians &#8220;Ru\u0161njak\u201c of Primorje-Gorski Kotar County, Russian Home \u2013 the Russian National Minority Association in Primorje-Gorski Kotar County, the Slovak Cultural and Publishing Society of Rijeka, the Primorje-Gorski Kotar County Albanian Community, The Albanian Association of the Island of Krk<strong>, <\/strong>the \u201cIlinden\u201d Macedonian Cultural Centre, the Democratic Union of Hungarians in Primorje &#8211; Gorski Kotar County, the \u201cBazovica\u201d Slovenian Home Association -Cultural Historical Society, the Association of the Peoples&#8217; Communities of Bosnia and Herzegovina, the Bosniak National Community, Rijeka expats: Trinidad and Tobago, Madagascar, India, Philippines, United States of America and Ri gastro.<\/p>\n","protected":false},"excerpt":{"rendered":"<p>From 6 to 8 September 2019, in three different locations around Rijeka (128 Brigade HV Square \/ Rijeka Resolution Square, CNT Ivan pl. Zajc and Rijeka market), the third Porto Etno &#8211; World music and gastro festival within the Rijeka 2020 &#8211; European Capital of Culture project will take place and it will host such<\/p>\n","protected":false},"author":72,"featured_media":23238,"comment_status":"closed","ping_status":"closed","sticky":false,"template":"","format":"standard","meta":{"_acf_changed":false,"footnotes":""},"categories":[2959,2731,2961],"tags":[4193,4223,4236,4209,4235],"class_list":["post-31347","post","type-post","status-publish","format-standard","has-post-thumbnail","hentry","category-kitchen-of-diversity","category-news","category-porto-etno","tag-ecoc-en-3-en","tag-porto-etno-en-en","tag-rijeka-en-3-en","tag-rijeka2020-en-en","tag-srdana-jevtic-en"],"acf":[],"yoast_head":"<!-- This site is optimized with the Yoast SEO plugin v26.8 - https:\/\/yoast.com\/product\/yoast-seo-wordpress\/ -->\n<title>Rijeka\u2019s city centre will be imbued with food scents from 20 world cuisines &#8226; Rijeka 2020<\/title>\n<meta name=\"robots\" content=\"index, follow, max-snippet:-1, max-image-preview:large, max-video-preview:-1\" \/>\n<link rel=\"canonical\" href=\"https:\/\/ri2020.eu\/en\/rijekas-city-centre-will-be-imbued-with-food-scents-from-20-world-cuisines\/\" \/>\n<meta property=\"og:locale\" content=\"en_US\" \/>\n<meta property=\"og:type\" content=\"article\" \/>\n<meta property=\"og:title\" content=\"Rijeka\u2019s city centre will be imbued with food scents from 20 world cuisines &#8226; Rijeka 2020\" \/>\n<meta property=\"og:description\" content=\"From 6 to 8 September 2019, in three different locations around Rijeka (128 Brigade HV Square \/ Rijeka Resolution Square, CNT Ivan pl. Zajc and Rijeka market), the third Porto Etno &#8211; World music and gastro festival within the Rijeka 2020 &#8211; European Capital of Culture project will take place and it will host such\" \/>\n<meta property=\"og:url\" content=\"https:\/\/ri2020.eu\/en\/rijekas-city-centre-will-be-imbued-with-food-scents-from-20-world-cuisines\/\" \/>\n<meta property=\"og:site_name\" content=\"Rijeka 2020\" \/>\n<meta property=\"article:publisher\" content=\"https:\/\/www.facebook.com\/rijeka2020\" \/>\n<meta property=\"article:published_time\" content=\"2019-08-30T11:21:02+00:00\" \/>\n<meta property=\"og:image\" content=\"https:\/\/rijeka2020.eu\/wp-content\/uploads\/2018\/09\/porto-etno-1.jpg\" \/>\n\t<meta property=\"og:image:width\" content=\"1024\" \/>\n\t<meta property=\"og:image:height\" content=\"682\" \/>\n\t<meta property=\"og:image:type\" content=\"image\/jpeg\" \/>\n<meta name=\"author\" content=\"Rijeka 2020\" \/>\n<meta name=\"twitter:card\" content=\"summary_large_image\" \/>\n<meta name=\"twitter:creator\" content=\"@Rijeka2020\" \/>\n<meta name=\"twitter:site\" content=\"@Rijeka2020\" \/>\n<meta name=\"twitter:label1\" content=\"Written by\" \/>\n\t<meta name=\"twitter:data1\" content=\"Rijeka 2020\" \/>\n\t<meta name=\"twitter:label2\" content=\"Est. reading time\" \/>\n\t<meta name=\"twitter:data2\" content=\"3 minutes\" \/>\n<script type=\"application\/ld+json\" class=\"yoast-schema-graph\">{\"@context\":\"https:\/\/schema.org\",\"@graph\":[{\"@type\":\"Article\",\"@id\":\"https:\/\/ri2020.eu\/en\/rijekas-city-centre-will-be-imbued-with-food-scents-from-20-world-cuisines\/#article\",\"isPartOf\":{\"@id\":\"https:\/\/ri2020.eu\/en\/rijekas-city-centre-will-be-imbued-with-food-scents-from-20-world-cuisines\/\"},\"author\":{\"name\":\"Rijeka 2020\",\"@id\":\"https:\/\/rijeka2020.eu\/en\/#\/schema\/person\/9c12d91df8c45bc534f625d9c81f403d\"},\"headline\":\"Rijeka\u2019s city centre will be imbued with food scents from 20 world cuisines\",\"datePublished\":\"2019-08-30T11:21:02+00:00\",\"mainEntityOfPage\":{\"@id\":\"https:\/\/ri2020.eu\/en\/rijekas-city-centre-will-be-imbued-with-food-scents-from-20-world-cuisines\/\"},\"wordCount\":625,\"publisher\":{\"@id\":\"https:\/\/rijeka2020.eu\/en\/#organization\"},\"image\":{\"@id\":\"https:\/\/ri2020.eu\/en\/rijekas-city-centre-will-be-imbued-with-food-scents-from-20-world-cuisines\/#primaryimage\"},\"thumbnailUrl\":\"https:\/\/ri2020.eu\/wp-content\/uploads\/2018\/09\/porto-etno-1.jpg\",\"keywords\":[\"ECoC\",\"Porto etno\",\"Rijeka\",\"Rijeka2020\",\"sr\u0111ana jevti\u0107\"],\"articleSection\":[\"Kitchen of Diversity\",\"News\",\"Porto etno\"],\"inLanguage\":\"en-US\"},{\"@type\":\"WebPage\",\"@id\":\"https:\/\/ri2020.eu\/en\/rijekas-city-centre-will-be-imbued-with-food-scents-from-20-world-cuisines\/\",\"url\":\"https:\/\/ri2020.eu\/en\/rijekas-city-centre-will-be-imbued-with-food-scents-from-20-world-cuisines\/\",\"name\":\"Rijeka\u2019s city centre will be imbued with food scents from 20 world cuisines &#8226; Rijeka 2020\",\"isPartOf\":{\"@id\":\"https:\/\/rijeka2020.eu\/en\/#website\"},\"primaryImageOfPage\":{\"@id\":\"https:\/\/ri2020.eu\/en\/rijekas-city-centre-will-be-imbued-with-food-scents-from-20-world-cuisines\/#primaryimage\"},\"image\":{\"@id\":\"https:\/\/ri2020.eu\/en\/rijekas-city-centre-will-be-imbued-with-food-scents-from-20-world-cuisines\/#primaryimage\"},\"thumbnailUrl\":\"https:\/\/ri2020.eu\/wp-content\/uploads\/2018\/09\/porto-etno-1.jpg\",\"datePublished\":\"2019-08-30T11:21:02+00:00\",\"breadcrumb\":{\"@id\":\"https:\/\/ri2020.eu\/en\/rijekas-city-centre-will-be-imbued-with-food-scents-from-20-world-cuisines\/#breadcrumb\"},\"inLanguage\":\"en-US\",\"potentialAction\":[{\"@type\":\"ReadAction\",\"target\":[\"https:\/\/ri2020.eu\/en\/rijekas-city-centre-will-be-imbued-with-food-scents-from-20-world-cuisines\/\"]}]},{\"@type\":\"ImageObject\",\"inLanguage\":\"en-US\",\"@id\":\"https:\/\/ri2020.eu\/en\/rijekas-city-centre-will-be-imbued-with-food-scents-from-20-world-cuisines\/#primaryimage\",\"url\":\"https:\/\/ri2020.eu\/wp-content\/uploads\/2018\/09\/porto-etno-1.jpg\",\"contentUrl\":\"https:\/\/ri2020.eu\/wp-content\/uploads\/2018\/09\/porto-etno-1.jpg\",\"width\":1024,\"height\":682,\"caption\":\"porto etno\"},{\"@type\":\"BreadcrumbList\",\"@id\":\"https:\/\/ri2020.eu\/en\/rijekas-city-centre-will-be-imbued-with-food-scents-from-20-world-cuisines\/#breadcrumb\",\"itemListElement\":[{\"@type\":\"ListItem\",\"position\":1,\"name\":\"Home\",\"item\":\"https:\/\/rijeka2020.eu\/en\/\"},{\"@type\":\"ListItem\",\"position\":2,\"name\":\"Rijeka\u2019s city centre will be imbued with food scents from 20 world cuisines\"}]},{\"@type\":\"WebSite\",\"@id\":\"https:\/\/rijeka2020.eu\/en\/#website\",\"url\":\"https:\/\/rijeka2020.eu\/en\/\",\"name\":\"Rijeka 2020\",\"description\":\"Europska prijestolnica kulture\",\"publisher\":{\"@id\":\"https:\/\/rijeka2020.eu\/en\/#organization\"},\"potentialAction\":[{\"@type\":\"SearchAction\",\"target\":{\"@type\":\"EntryPoint\",\"urlTemplate\":\"https:\/\/rijeka2020.eu\/en\/?s={search_term_string}\"},\"query-input\":{\"@type\":\"PropertyValueSpecification\",\"valueRequired\":true,\"valueName\":\"search_term_string\"}}],\"inLanguage\":\"en-US\"},{\"@type\":\"Organization\",\"@id\":\"https:\/\/rijeka2020.eu\/en\/#organization\",\"name\":\"Rijeka 2020 d.o.o.\",\"url\":\"https:\/\/rijeka2020.eu\/en\/\",\"logo\":{\"@type\":\"ImageObject\",\"inLanguage\":\"en-US\",\"@id\":\"https:\/\/rijeka2020.eu\/en\/#\/schema\/logo\/image\/\",\"url\":\"https:\/\/rijeka2020.eu\/wp-content\/uploads\/2018\/07\/Ri2020-logo.png\",\"contentUrl\":\"https:\/\/rijeka2020.eu\/wp-content\/uploads\/2018\/07\/Ri2020-logo.png\",\"width\":407,\"height\":175,\"caption\":\"Rijeka 2020 d.o.o.\"},\"image\":{\"@id\":\"https:\/\/rijeka2020.eu\/en\/#\/schema\/logo\/image\/\"},\"sameAs\":[\"https:\/\/www.facebook.com\/rijeka2020\",\"https:\/\/x.com\/Rijeka2020\",\"https:\/\/www.instagram.com\/rijeka2020\/\",\"https:\/\/www.youtube.com\/user\/riepk2020\"]},{\"@type\":\"Person\",\"@id\":\"https:\/\/rijeka2020.eu\/en\/#\/schema\/person\/9c12d91df8c45bc534f625d9c81f403d\",\"name\":\"Rijeka 2020\",\"url\":\"https:\/\/ri2020.eu\/en\/author\/lsm\/\"}]}<\/script>\n<!-- \/ Yoast SEO plugin. -->","yoast_head_json":{"title":"Rijeka\u2019s city centre will be imbued with food scents from 20 world cuisines &#8226; Rijeka 2020","robots":{"index":"index","follow":"follow","max-snippet":"max-snippet:-1","max-image-preview":"max-image-preview:large","max-video-preview":"max-video-preview:-1"},"canonical":"https:\/\/ri2020.eu\/en\/rijekas-city-centre-will-be-imbued-with-food-scents-from-20-world-cuisines\/","og_locale":"en_US","og_type":"article","og_title":"Rijeka\u2019s city centre will be imbued with food scents from 20 world cuisines &#8226; Rijeka 2020","og_description":"From 6 to 8 September 2019, in three different locations around Rijeka (128 Brigade HV Square \/ Rijeka Resolution Square, CNT Ivan pl. Zajc and Rijeka market), the third Porto Etno &#8211; World music and gastro festival within the Rijeka 2020 &#8211; European Capital of Culture project will take place and it will host such","og_url":"https:\/\/ri2020.eu\/en\/rijekas-city-centre-will-be-imbued-with-food-scents-from-20-world-cuisines\/","og_site_name":"Rijeka 2020","article_publisher":"https:\/\/www.facebook.com\/rijeka2020","article_published_time":"2019-08-30T11:21:02+00:00","og_image":[{"width":1024,"height":682,"url":"https:\/\/rijeka2020.eu\/wp-content\/uploads\/2018\/09\/porto-etno-1.jpg","type":"image\/jpeg"}],"author":"Rijeka 2020","twitter_card":"summary_large_image","twitter_creator":"@Rijeka2020","twitter_site":"@Rijeka2020","twitter_misc":{"Written by":"Rijeka 2020","Est. reading time":"3 minutes"},"schema":{"@context":"https:\/\/schema.org","@graph":[{"@type":"Article","@id":"https:\/\/ri2020.eu\/en\/rijekas-city-centre-will-be-imbued-with-food-scents-from-20-world-cuisines\/#article","isPartOf":{"@id":"https:\/\/ri2020.eu\/en\/rijekas-city-centre-will-be-imbued-with-food-scents-from-20-world-cuisines\/"},"author":{"name":"Rijeka 2020","@id":"https:\/\/rijeka2020.eu\/en\/#\/schema\/person\/9c12d91df8c45bc534f625d9c81f403d"},"headline":"Rijeka\u2019s city centre will be imbued with food scents from 20 world cuisines","datePublished":"2019-08-30T11:21:02+00:00","mainEntityOfPage":{"@id":"https:\/\/ri2020.eu\/en\/rijekas-city-centre-will-be-imbued-with-food-scents-from-20-world-cuisines\/"},"wordCount":625,"publisher":{"@id":"https:\/\/rijeka2020.eu\/en\/#organization"},"image":{"@id":"https:\/\/ri2020.eu\/en\/rijekas-city-centre-will-be-imbued-with-food-scents-from-20-world-cuisines\/#primaryimage"},"thumbnailUrl":"https:\/\/ri2020.eu\/wp-content\/uploads\/2018\/09\/porto-etno-1.jpg","keywords":["ECoC","Porto etno","Rijeka","Rijeka2020","sr\u0111ana jevti\u0107"],"articleSection":["Kitchen of Diversity","News","Porto etno"],"inLanguage":"en-US"},{"@type":"WebPage","@id":"https:\/\/ri2020.eu\/en\/rijekas-city-centre-will-be-imbued-with-food-scents-from-20-world-cuisines\/","url":"https:\/\/ri2020.eu\/en\/rijekas-city-centre-will-be-imbued-with-food-scents-from-20-world-cuisines\/","name":"Rijeka\u2019s city centre will be imbued with food scents from 20 world cuisines &#8226; Rijeka 2020","isPartOf":{"@id":"https:\/\/rijeka2020.eu\/en\/#website"},"primaryImageOfPage":{"@id":"https:\/\/ri2020.eu\/en\/rijekas-city-centre-will-be-imbued-with-food-scents-from-20-world-cuisines\/#primaryimage"},"image":{"@id":"https:\/\/ri2020.eu\/en\/rijekas-city-centre-will-be-imbued-with-food-scents-from-20-world-cuisines\/#primaryimage"},"thumbnailUrl":"https:\/\/ri2020.eu\/wp-content\/uploads\/2018\/09\/porto-etno-1.jpg","datePublished":"2019-08-30T11:21:02+00:00","breadcrumb":{"@id":"https:\/\/ri2020.eu\/en\/rijekas-city-centre-will-be-imbued-with-food-scents-from-20-world-cuisines\/#breadcrumb"},"inLanguage":"en-US","potentialAction":[{"@type":"ReadAction","target":["https:\/\/ri2020.eu\/en\/rijekas-city-centre-will-be-imbued-with-food-scents-from-20-world-cuisines\/"]}]},{"@type":"ImageObject","inLanguage":"en-US","@id":"https:\/\/ri2020.eu\/en\/rijekas-city-centre-will-be-imbued-with-food-scents-from-20-world-cuisines\/#primaryimage","url":"https:\/\/ri2020.eu\/wp-content\/uploads\/2018\/09\/porto-etno-1.jpg","contentUrl":"https:\/\/ri2020.eu\/wp-content\/uploads\/2018\/09\/porto-etno-1.jpg","width":1024,"height":682,"caption":"porto etno"},{"@type":"BreadcrumbList","@id":"https:\/\/ri2020.eu\/en\/rijekas-city-centre-will-be-imbued-with-food-scents-from-20-world-cuisines\/#breadcrumb","itemListElement":[{"@type":"ListItem","position":1,"name":"Home","item":"https:\/\/rijeka2020.eu\/en\/"},{"@type":"ListItem","position":2,"name":"Rijeka\u2019s city centre will be imbued with food scents from 20 world cuisines"}]},{"@type":"WebSite","@id":"https:\/\/rijeka2020.eu\/en\/#website","url":"https:\/\/rijeka2020.eu\/en\/","name":"Rijeka 2020","description":"Europska prijestolnica kulture","publisher":{"@id":"https:\/\/rijeka2020.eu\/en\/#organization"},"potentialAction":[{"@type":"SearchAction","target":{"@type":"EntryPoint","urlTemplate":"https:\/\/rijeka2020.eu\/en\/?s={search_term_string}"},"query-input":{"@type":"PropertyValueSpecification","valueRequired":true,"valueName":"search_term_string"}}],"inLanguage":"en-US"},{"@type":"Organization","@id":"https:\/\/rijeka2020.eu\/en\/#organization","name":"Rijeka 2020 d.o.o.","url":"https:\/\/rijeka2020.eu\/en\/","logo":{"@type":"ImageObject","inLanguage":"en-US","@id":"https:\/\/rijeka2020.eu\/en\/#\/schema\/logo\/image\/","url":"https:\/\/rijeka2020.eu\/wp-content\/uploads\/2018\/07\/Ri2020-logo.png","contentUrl":"https:\/\/rijeka2020.eu\/wp-content\/uploads\/2018\/07\/Ri2020-logo.png","width":407,"height":175,"caption":"Rijeka 2020 d.o.o."},"image":{"@id":"https:\/\/rijeka2020.eu\/en\/#\/schema\/logo\/image\/"},"sameAs":["https:\/\/www.facebook.com\/rijeka2020","https:\/\/x.com\/Rijeka2020","https:\/\/www.instagram.com\/rijeka2020\/","https:\/\/www.youtube.com\/user\/riepk2020"]},{"@type":"Person","@id":"https:\/\/rijeka2020.eu\/en\/#\/schema\/person\/9c12d91df8c45bc534f625d9c81f403d","name":"Rijeka 2020","url":"https:\/\/ri2020.eu\/en\/author\/lsm\/"}]}},"_links":{"self":[{"href":"https:\/\/ri2020.eu\/en\/wp-json\/wp\/v2\/posts\/31347","targetHints":{"allow":["GET"]}}],"collection":[{"href":"https:\/\/ri2020.eu\/en\/wp-json\/wp\/v2\/posts"}],"about":[{"href":"https:\/\/ri2020.eu\/en\/wp-json\/wp\/v2\/types\/post"}],"author":[{"embeddable":true,"href":"https:\/\/ri2020.eu\/en\/wp-json\/wp\/v2\/users\/72"}],"replies":[{"embeddable":true,"href":"https:\/\/ri2020.eu\/en\/wp-json\/wp\/v2\/comments?post=31347"}],"version-history":[{"count":0,"href":"https:\/\/ri2020.eu\/en\/wp-json\/wp\/v2\/posts\/31347\/revisions"}],"wp:featuredmedia":[{"embeddable":true,"href":"https:\/\/ri2020.eu\/en\/wp-json\/wp\/v2\/media\/23238"}],"wp:attachment":[{"href":"https:\/\/ri2020.eu\/en\/wp-json\/wp\/v2\/media?parent=31347"}],"wp:term":[{"taxonomy":"category","embeddable":true,"href":"https:\/\/ri2020.eu\/en\/wp-json\/wp\/v2\/categories?post=31347"},{"taxonomy":"post_tag","embeddable":true,"href":"https:\/\/ri2020.eu\/en\/wp-json\/wp\/v2\/tags?post=31347"}],"curies":[{"name":"wp","href":"https:\/\/api.w.org\/{rel}","templated":true}]}}