{"id":31331,"date":"2019-08-30T11:11:22","date_gmt":"2019-08-30T09:11:22","guid":{"rendered":"https:\/\/rijeka2020.eu\/?p=31331"},"modified":"2019-08-30T12:43:10","modified_gmt":"2019-08-30T10:43:10","slug":"ri-gastro-as-an-introduction-to-the-porto-etno-festival-2","status":"publish","type":"post","link":"https:\/\/ri2020.eu\/en\/ri-gastro-as-an-introduction-to-the-porto-etno-festival-2\/","title":{"rendered":"Ri gastro as an Introduction to the Porto Etno Festival"},"content":{"rendered":"<p><strong>Welcome to the Ri gastro\u00a0<\/strong><a href=\"https:\/\/rijeka2020.eu\/en\/projekti\/porto-etno\/\"><strong>Porto Etno<\/strong><\/a><strong>!<\/strong><\/p>\n<p>The flagship dubbed \u201cKitchen of Diversity\u201d best embodies the \u201cPort of Diversity\u201d, a slogan under which Rijeka carries the prestigious title of European Capital of Culture for the year 2020, all the while helping foster tolerance and solidarity.<\/p>\n<p>Rijeka\u2019s caterers also join in, driven by the event\u2019s multicultural spirit, inviting you to enjoy and discover new scents and flavours that will spice up our city at the beginning of September.<\/p>\n<p><em>More information and the dishes on offer at\u00a0<\/em><a href=\"http:\/\/www.visitrijeka.eu\/\">www.visitRijeka.hr<\/a><\/p>\n<p><strong>From Mon. 2 September to Sun. 8 September<\/strong>\u00a0\u00a0In their facilities, Rijeka\u2019s caterers are preparing indigenous dishes according to the recipes of the inhabitants of Rijeka originating from all over Europe and the rest of the world.<\/p>\n<p><strong>Friday, 6 September\u00a0National minorities will be cooking<\/strong><br \/>\n128 Brigade HV Square, 6 pm to 9 pm \u2013\u00a0<strong>free entrance<\/strong><br \/>\n* National minorities preparing their traditional dishes<br \/>\n* Best Forgotten Recipe Contest winners announcement, at 7.30 pm (jury: chefs Stevo Karapand\u017ea and Sr\u0111ana Jevti\u0107)<\/p>\n<p><strong>Saturday, 7 September\u00a0National minorities will be cooking<\/strong><br \/>\n128 Brigade HV Square, 12 pm to 5 pm \u2013\u00a0<strong>free entrance<\/strong><br \/>\n* National minorities preparing their traditional dishes<\/p>\n<p><strong>Saturday, 7 September\u00a0Children\u2019s programme<\/strong><br \/>\nElementary school \u2013 Scuola elementare Dolac, Dolac 12, 12 noon to 5 pm \u2013\u00a0<strong>free entrance<\/strong><br \/>\n* The famous Rigojan\u010di (Rigojancsi) cake-making workshop and reading of the children\u2019s story Rigojan\u010di<br \/>\n* The Minicantanti children\u2019s choirs show featuring food-themed songs<\/p>\n<p><strong>Sunday, 8 September\u00a0POP UP gastro, music and circus shows<\/strong><br \/>\nCentral market, Theatre Park 10 am to 2 pm \u2013\u00a0<strong>free entrance<\/strong><br \/>\n* Chef Sr\u0111ana Jevti\u0107 will be cooking<br \/>\n* The JeboTon ensemble and EtnoRom will be performing<br \/>\n* The Cirkorama circus\/street art performers<\/p>\n<p><strong>\u00a0<\/strong><\/p>\n<p><strong>List of caterers and cuisines taking part in the Ri gastro event:<\/strong><\/p>\n<p><strong>Kamov\u00a0a la carte restaurant \u2013 Hungary\u00a0<\/strong><br \/>\nHotel Bonavia Plava Laguna<br \/>\nMon-Sun 11 am \u2013 11 pm<br \/>\nDolac 4<br \/>\n051 357 817<\/p>\n<p><strong>Maslina na Zelenom trgu\u00a0bistro-pizzeria \u2013 Slovenia<\/strong><br \/>\nMon-Sat 11 am \u2013 midnight<br \/>\nKoblerov trg bb<br \/>\n051 563 563<\/p>\n<p><strong>Placa 51\u00a0bistro \u2013 Herzegovina<\/strong><br \/>\nMon-Sat 9 am \u2013 11 pm (kitchen opening hours 10 am \u2013 10 pm)<br \/>\nRiva Boduli 3a<br \/>\n051\/546 454<\/p>\n<p><a href=\"http:\/\/www.grill-lovorka.hr\/\"><strong>Bistro \u2013 Restoran Lovorka<\/strong><\/a><strong>\u00a0\u2013 North Macedonia<\/strong><br \/>\nMon-Sun noon \u2013 midnight<br \/>\nRujevica 6<br \/>\n051 260 244<\/p>\n<p><strong>Mornar\u00a0bistro \u2013 Albania<\/strong><br \/>\nMon-Sun 8 am \u2013 11 pm<br \/>\nRiva Boduli 5b<br \/>\n051 312 222<\/p>\n<p><a href=\"http:\/\/www.mololongo.hr\/\"><strong>Molo longo restaurant\u00a0<\/strong><\/a><strong>\u00a0\u2013 Spain\u00a0<\/strong><br \/>\nMon-Sat 10 am \u2013 11 pm<br \/>\nRije\u010dki lukobran 1<br \/>\n051 301 917<\/p>\n<p><strong>Conca D\u2019oro\u00a0bistro \u2013 India\u00a0<\/strong><br \/>\nMon-Thu 11 am \u2013 midnight\u00a0 Fri-Sat 11 am \u2013 2 am<br \/>\nKru\u017ena ulica 12<br \/>\n051 213 782<\/p>\n<p><a href=\"http:\/\/www.ugostiteljstvo-as.com\/\"><strong>Brasserie As<\/strong><\/a><strong>\u00a0\u2013 Africa\u00a0<\/strong><br \/>\nSun-Thu 6 am \u2013 1 am\u00a0 Fri-Sat 6 am \u2013 1 am<br \/>\nTrg Republike Hrvatske 2<br \/>\n051 212 148<\/p>\n<p><a href=\"http:\/\/www.pekingrestaurant.fullbusiness.com\/\"><strong>Restoran Peking<\/strong><\/a><strong>\u00a0\u2013\u00a0China<\/strong><br \/>\nMon-Sun 11 am \u2013 midnight<br \/>\nBo\u017ee Milanovi\u0107a 18<br \/>\n051 513 034<\/p>\n<p><a href=\"http:\/\/www.taiyo.com.hr\/\"><strong>TAIYO Sushi Restaurant<\/strong><\/a><strong>\u00a0\u2013\u00a0Japan\u00a0<\/strong><br \/>\nMon-Thu 11.30 am \u2013 11.30 pm, Fri 11.30 am \u2013 midnight, Sat noon \u2013 midnight, Sun noon \u2013 11 pm<br \/>\nVerdijeva ulica 19a<br \/>\n051 550 406<\/p>\n<p><a href=\"http:\/\/jadran-hoteli.hr\/\"><strong>Continental Hotel restaurant<\/strong><\/a><strong>\u00a0\u2013 cuisine throughout history<\/strong><br \/>\nMon-Sun noon \u2013 10 pm<br \/>\n\u0160etali\u0161te A. K. Mio\u0161i\u0107a 1,<br \/>\n051 440 009, 091 121 1610<\/p>\n<p><strong>Caf\u00e9 Dante\u00a0\u2013 Hungarian confections\u00a0<\/strong><br \/>\nHotel Bonavia Plava Laguna<br \/>\nMon-Sat 7 am \u2013 9 pm<br \/>\nDolac 4<br \/>\n051 357 950<\/p>\n<p><a href=\"http:\/\/www.rica.hr\/\"><strong>Rica Gluten Free<\/strong><\/a><strong>\u2013 Bosnian confections<\/strong><br \/>\nMon-Sat 7 am \u2013 10 pm, Sun 8 am \u2013 2 pm<br \/>\nVerdijeva 3b<br \/>\n051 374 593<\/p>\n","protected":false},"excerpt":{"rendered":"<p>Ri gastro and Rijeka\u2019s caterers are organizing a special edition of the event dedicated to the promotion of the gastronomic traditions and cultures of the countries whose minorities live and work in these areas. The event doubles as an introduction to the Porto Etno World music and gastro festival.<\/p>\n","protected":false},"author":72,"featured_media":31296,"comment_status":"closed","ping_status":"closed","sticky":false,"template":"","format":"standard","meta":{"_acf_changed":false,"footnotes":""},"categories":[2959,2731,2961],"tags":[4223,4169],"class_list":["post-31331","post","type-post","status-publish","format-standard","has-post-thumbnail","hentry","category-kitchen-of-diversity","category-news","category-porto-etno","tag-porto-etno-en-en","tag-rijeka-2020-en-3-en"],"acf":[],"yoast_head":"<!-- This site is optimized with the Yoast SEO plugin v26.8 - https:\/\/yoast.com\/product\/yoast-seo-wordpress\/ -->\n<title>Ri gastro as an Introduction to the Porto Etno Festival &#8226; Rijeka 2020<\/title>\n<meta name=\"robots\" content=\"index, follow, max-snippet:-1, max-image-preview:large, max-video-preview:-1\" \/>\n<link rel=\"canonical\" href=\"https:\/\/ri2020.eu\/en\/ri-gastro-as-an-introduction-to-the-porto-etno-festival-2\/\" \/>\n<meta property=\"og:locale\" content=\"en_US\" \/>\n<meta property=\"og:type\" content=\"article\" \/>\n<meta property=\"og:title\" content=\"Ri gastro as an Introduction to the Porto Etno Festival &#8226; Rijeka 2020\" \/>\n<meta property=\"og:description\" content=\"Ri gastro and Rijeka\u2019s caterers are organizing a special edition of the event dedicated to the promotion of the gastronomic traditions and cultures of the countries whose minorities live and work in these areas. The event doubles as an introduction to the Porto Etno World music and gastro festival.\" \/>\n<meta property=\"og:url\" content=\"https:\/\/ri2020.eu\/en\/ri-gastro-as-an-introduction-to-the-porto-etno-festival-2\/\" \/>\n<meta property=\"og:site_name\" content=\"Rijeka 2020\" \/>\n<meta property=\"article:publisher\" content=\"https:\/\/www.facebook.com\/rijeka2020\" \/>\n<meta property=\"article:published_time\" content=\"2019-08-30T09:11:22+00:00\" \/>\n<meta property=\"article:modified_time\" content=\"2019-08-30T10:43:10+00:00\" \/>\n<meta property=\"og:image\" content=\"https:\/\/ri2020.eu\/wp-content\/uploads\/2019\/08\/porto-etno-2019-694x450.jpg\" \/>\n\t<meta property=\"og:image:width\" content=\"694\" \/>\n\t<meta property=\"og:image:height\" content=\"450\" \/>\n\t<meta property=\"og:image:type\" content=\"image\/jpeg\" \/>\n<meta name=\"author\" content=\"Rijeka 2020\" \/>\n<meta name=\"twitter:card\" content=\"summary_large_image\" \/>\n<meta name=\"twitter:creator\" content=\"@Rijeka2020\" \/>\n<meta name=\"twitter:site\" content=\"@Rijeka2020\" \/>\n<meta name=\"twitter:label1\" content=\"Written by\" \/>\n\t<meta name=\"twitter:data1\" content=\"Rijeka 2020\" \/>\n\t<meta name=\"twitter:label2\" content=\"Est. reading time\" \/>\n\t<meta name=\"twitter:data2\" content=\"2 minutes\" \/>\n<script type=\"application\/ld+json\" class=\"yoast-schema-graph\">{\"@context\":\"https:\/\/schema.org\",\"@graph\":[{\"@type\":\"Article\",\"@id\":\"https:\/\/ri2020.eu\/en\/ri-gastro-as-an-introduction-to-the-porto-etno-festival-2\/#article\",\"isPartOf\":{\"@id\":\"https:\/\/ri2020.eu\/en\/ri-gastro-as-an-introduction-to-the-porto-etno-festival-2\/\"},\"author\":{\"name\":\"Rijeka 2020\",\"@id\":\"https:\/\/ri2020.eu\/en\/#\/schema\/person\/9c12d91df8c45bc534f625d9c81f403d\"},\"headline\":\"Ri gastro as an Introduction to the Porto Etno Festival\",\"datePublished\":\"2019-08-30T09:11:22+00:00\",\"dateModified\":\"2019-08-30T10:43:10+00:00\",\"mainEntityOfPage\":{\"@id\":\"https:\/\/ri2020.eu\/en\/ri-gastro-as-an-introduction-to-the-porto-etno-festival-2\/\"},\"wordCount\":450,\"publisher\":{\"@id\":\"https:\/\/ri2020.eu\/en\/#organization\"},\"image\":{\"@id\":\"https:\/\/ri2020.eu\/en\/ri-gastro-as-an-introduction-to-the-porto-etno-festival-2\/#primaryimage\"},\"thumbnailUrl\":\"https:\/\/ri2020.eu\/wp-content\/uploads\/2019\/08\/porto-etno-2019-694x450.jpg\",\"keywords\":[\"Porto etno\",\"Rijeka 2020\"],\"articleSection\":[\"Kitchen of Diversity\",\"News\",\"Porto etno\"],\"inLanguage\":\"en-US\"},{\"@type\":\"WebPage\",\"@id\":\"https:\/\/ri2020.eu\/en\/ri-gastro-as-an-introduction-to-the-porto-etno-festival-2\/\",\"url\":\"https:\/\/ri2020.eu\/en\/ri-gastro-as-an-introduction-to-the-porto-etno-festival-2\/\",\"name\":\"Ri gastro as an Introduction to the Porto Etno Festival &#8226; Rijeka 2020\",\"isPartOf\":{\"@id\":\"https:\/\/ri2020.eu\/en\/#website\"},\"primaryImageOfPage\":{\"@id\":\"https:\/\/ri2020.eu\/en\/ri-gastro-as-an-introduction-to-the-porto-etno-festival-2\/#primaryimage\"},\"image\":{\"@id\":\"https:\/\/ri2020.eu\/en\/ri-gastro-as-an-introduction-to-the-porto-etno-festival-2\/#primaryimage\"},\"thumbnailUrl\":\"https:\/\/ri2020.eu\/wp-content\/uploads\/2019\/08\/porto-etno-2019-694x450.jpg\",\"datePublished\":\"2019-08-30T09:11:22+00:00\",\"dateModified\":\"2019-08-30T10:43:10+00:00\",\"breadcrumb\":{\"@id\":\"https:\/\/ri2020.eu\/en\/ri-gastro-as-an-introduction-to-the-porto-etno-festival-2\/#breadcrumb\"},\"inLanguage\":\"en-US\",\"potentialAction\":[{\"@type\":\"ReadAction\",\"target\":[\"https:\/\/ri2020.eu\/en\/ri-gastro-as-an-introduction-to-the-porto-etno-festival-2\/\"]}]},{\"@type\":\"ImageObject\",\"inLanguage\":\"en-US\",\"@id\":\"https:\/\/ri2020.eu\/en\/ri-gastro-as-an-introduction-to-the-porto-etno-festival-2\/#primaryimage\",\"url\":\"https:\/\/ri2020.eu\/wp-content\/uploads\/2019\/08\/porto-etno-2019-694x450.jpg\",\"contentUrl\":\"https:\/\/ri2020.eu\/wp-content\/uploads\/2019\/08\/porto-etno-2019-694x450.jpg\",\"width\":694,\"height\":450},{\"@type\":\"BreadcrumbList\",\"@id\":\"https:\/\/ri2020.eu\/en\/ri-gastro-as-an-introduction-to-the-porto-etno-festival-2\/#breadcrumb\",\"itemListElement\":[{\"@type\":\"ListItem\",\"position\":1,\"name\":\"Home\",\"item\":\"https:\/\/ri2020.eu\/en\/\"},{\"@type\":\"ListItem\",\"position\":2,\"name\":\"Ri gastro as an Introduction to the Porto Etno Festival\"}]},{\"@type\":\"WebSite\",\"@id\":\"https:\/\/ri2020.eu\/en\/#website\",\"url\":\"https:\/\/ri2020.eu\/en\/\",\"name\":\"Rijeka 2020\",\"description\":\"Europska prijestolnica kulture\",\"publisher\":{\"@id\":\"https:\/\/ri2020.eu\/en\/#organization\"},\"potentialAction\":[{\"@type\":\"SearchAction\",\"target\":{\"@type\":\"EntryPoint\",\"urlTemplate\":\"https:\/\/ri2020.eu\/en\/?s={search_term_string}\"},\"query-input\":{\"@type\":\"PropertyValueSpecification\",\"valueRequired\":true,\"valueName\":\"search_term_string\"}}],\"inLanguage\":\"en-US\"},{\"@type\":\"Organization\",\"@id\":\"https:\/\/ri2020.eu\/en\/#organization\",\"name\":\"Rijeka 2020 d.o.o.\",\"url\":\"https:\/\/ri2020.eu\/en\/\",\"logo\":{\"@type\":\"ImageObject\",\"inLanguage\":\"en-US\",\"@id\":\"https:\/\/ri2020.eu\/en\/#\/schema\/logo\/image\/\",\"url\":\"https:\/\/rijeka2020.eu\/wp-content\/uploads\/2018\/07\/Ri2020-logo.png\",\"contentUrl\":\"https:\/\/rijeka2020.eu\/wp-content\/uploads\/2018\/07\/Ri2020-logo.png\",\"width\":407,\"height\":175,\"caption\":\"Rijeka 2020 d.o.o.\"},\"image\":{\"@id\":\"https:\/\/ri2020.eu\/en\/#\/schema\/logo\/image\/\"},\"sameAs\":[\"https:\/\/www.facebook.com\/rijeka2020\",\"https:\/\/x.com\/Rijeka2020\",\"https:\/\/www.instagram.com\/rijeka2020\/\",\"https:\/\/www.youtube.com\/user\/riepk2020\"]},{\"@type\":\"Person\",\"@id\":\"https:\/\/ri2020.eu\/en\/#\/schema\/person\/9c12d91df8c45bc534f625d9c81f403d\",\"name\":\"Rijeka 2020\",\"url\":\"https:\/\/ri2020.eu\/en\/author\/lsm\/\"}]}<\/script>\n<!-- \/ Yoast SEO plugin. -->","yoast_head_json":{"title":"Ri gastro as an Introduction to the Porto Etno Festival &#8226; Rijeka 2020","robots":{"index":"index","follow":"follow","max-snippet":"max-snippet:-1","max-image-preview":"max-image-preview:large","max-video-preview":"max-video-preview:-1"},"canonical":"https:\/\/ri2020.eu\/en\/ri-gastro-as-an-introduction-to-the-porto-etno-festival-2\/","og_locale":"en_US","og_type":"article","og_title":"Ri gastro as an Introduction to the Porto Etno Festival &#8226; Rijeka 2020","og_description":"Ri gastro and Rijeka\u2019s caterers are organizing a special edition of the event dedicated to the promotion of the gastronomic traditions and cultures of the countries whose minorities live and work in these areas. The event doubles as an introduction to the Porto Etno World music and gastro festival.","og_url":"https:\/\/ri2020.eu\/en\/ri-gastro-as-an-introduction-to-the-porto-etno-festival-2\/","og_site_name":"Rijeka 2020","article_publisher":"https:\/\/www.facebook.com\/rijeka2020","article_published_time":"2019-08-30T09:11:22+00:00","article_modified_time":"2019-08-30T10:43:10+00:00","og_image":[{"width":694,"height":450,"url":"https:\/\/ri2020.eu\/wp-content\/uploads\/2019\/08\/porto-etno-2019-694x450.jpg","type":"image\/jpeg"}],"author":"Rijeka 2020","twitter_card":"summary_large_image","twitter_creator":"@Rijeka2020","twitter_site":"@Rijeka2020","twitter_misc":{"Written by":"Rijeka 2020","Est. reading time":"2 minutes"},"schema":{"@context":"https:\/\/schema.org","@graph":[{"@type":"Article","@id":"https:\/\/ri2020.eu\/en\/ri-gastro-as-an-introduction-to-the-porto-etno-festival-2\/#article","isPartOf":{"@id":"https:\/\/ri2020.eu\/en\/ri-gastro-as-an-introduction-to-the-porto-etno-festival-2\/"},"author":{"name":"Rijeka 2020","@id":"https:\/\/ri2020.eu\/en\/#\/schema\/person\/9c12d91df8c45bc534f625d9c81f403d"},"headline":"Ri gastro as an Introduction to the Porto Etno Festival","datePublished":"2019-08-30T09:11:22+00:00","dateModified":"2019-08-30T10:43:10+00:00","mainEntityOfPage":{"@id":"https:\/\/ri2020.eu\/en\/ri-gastro-as-an-introduction-to-the-porto-etno-festival-2\/"},"wordCount":450,"publisher":{"@id":"https:\/\/ri2020.eu\/en\/#organization"},"image":{"@id":"https:\/\/ri2020.eu\/en\/ri-gastro-as-an-introduction-to-the-porto-etno-festival-2\/#primaryimage"},"thumbnailUrl":"https:\/\/ri2020.eu\/wp-content\/uploads\/2019\/08\/porto-etno-2019-694x450.jpg","keywords":["Porto etno","Rijeka 2020"],"articleSection":["Kitchen of Diversity","News","Porto etno"],"inLanguage":"en-US"},{"@type":"WebPage","@id":"https:\/\/ri2020.eu\/en\/ri-gastro-as-an-introduction-to-the-porto-etno-festival-2\/","url":"https:\/\/ri2020.eu\/en\/ri-gastro-as-an-introduction-to-the-porto-etno-festival-2\/","name":"Ri gastro as an Introduction to the Porto Etno Festival &#8226; Rijeka 2020","isPartOf":{"@id":"https:\/\/ri2020.eu\/en\/#website"},"primaryImageOfPage":{"@id":"https:\/\/ri2020.eu\/en\/ri-gastro-as-an-introduction-to-the-porto-etno-festival-2\/#primaryimage"},"image":{"@id":"https:\/\/ri2020.eu\/en\/ri-gastro-as-an-introduction-to-the-porto-etno-festival-2\/#primaryimage"},"thumbnailUrl":"https:\/\/ri2020.eu\/wp-content\/uploads\/2019\/08\/porto-etno-2019-694x450.jpg","datePublished":"2019-08-30T09:11:22+00:00","dateModified":"2019-08-30T10:43:10+00:00","breadcrumb":{"@id":"https:\/\/ri2020.eu\/en\/ri-gastro-as-an-introduction-to-the-porto-etno-festival-2\/#breadcrumb"},"inLanguage":"en-US","potentialAction":[{"@type":"ReadAction","target":["https:\/\/ri2020.eu\/en\/ri-gastro-as-an-introduction-to-the-porto-etno-festival-2\/"]}]},{"@type":"ImageObject","inLanguage":"en-US","@id":"https:\/\/ri2020.eu\/en\/ri-gastro-as-an-introduction-to-the-porto-etno-festival-2\/#primaryimage","url":"https:\/\/ri2020.eu\/wp-content\/uploads\/2019\/08\/porto-etno-2019-694x450.jpg","contentUrl":"https:\/\/ri2020.eu\/wp-content\/uploads\/2019\/08\/porto-etno-2019-694x450.jpg","width":694,"height":450},{"@type":"BreadcrumbList","@id":"https:\/\/ri2020.eu\/en\/ri-gastro-as-an-introduction-to-the-porto-etno-festival-2\/#breadcrumb","itemListElement":[{"@type":"ListItem","position":1,"name":"Home","item":"https:\/\/ri2020.eu\/en\/"},{"@type":"ListItem","position":2,"name":"Ri gastro as an Introduction to the Porto Etno Festival"}]},{"@type":"WebSite","@id":"https:\/\/ri2020.eu\/en\/#website","url":"https:\/\/ri2020.eu\/en\/","name":"Rijeka 2020","description":"Europska prijestolnica kulture","publisher":{"@id":"https:\/\/ri2020.eu\/en\/#organization"},"potentialAction":[{"@type":"SearchAction","target":{"@type":"EntryPoint","urlTemplate":"https:\/\/ri2020.eu\/en\/?s={search_term_string}"},"query-input":{"@type":"PropertyValueSpecification","valueRequired":true,"valueName":"search_term_string"}}],"inLanguage":"en-US"},{"@type":"Organization","@id":"https:\/\/ri2020.eu\/en\/#organization","name":"Rijeka 2020 d.o.o.","url":"https:\/\/ri2020.eu\/en\/","logo":{"@type":"ImageObject","inLanguage":"en-US","@id":"https:\/\/ri2020.eu\/en\/#\/schema\/logo\/image\/","url":"https:\/\/rijeka2020.eu\/wp-content\/uploads\/2018\/07\/Ri2020-logo.png","contentUrl":"https:\/\/rijeka2020.eu\/wp-content\/uploads\/2018\/07\/Ri2020-logo.png","width":407,"height":175,"caption":"Rijeka 2020 d.o.o."},"image":{"@id":"https:\/\/ri2020.eu\/en\/#\/schema\/logo\/image\/"},"sameAs":["https:\/\/www.facebook.com\/rijeka2020","https:\/\/x.com\/Rijeka2020","https:\/\/www.instagram.com\/rijeka2020\/","https:\/\/www.youtube.com\/user\/riepk2020"]},{"@type":"Person","@id":"https:\/\/ri2020.eu\/en\/#\/schema\/person\/9c12d91df8c45bc534f625d9c81f403d","name":"Rijeka 2020","url":"https:\/\/ri2020.eu\/en\/author\/lsm\/"}]}},"_links":{"self":[{"href":"https:\/\/ri2020.eu\/en\/wp-json\/wp\/v2\/posts\/31331","targetHints":{"allow":["GET"]}}],"collection":[{"href":"https:\/\/ri2020.eu\/en\/wp-json\/wp\/v2\/posts"}],"about":[{"href":"https:\/\/ri2020.eu\/en\/wp-json\/wp\/v2\/types\/post"}],"author":[{"embeddable":true,"href":"https:\/\/ri2020.eu\/en\/wp-json\/wp\/v2\/users\/72"}],"replies":[{"embeddable":true,"href":"https:\/\/ri2020.eu\/en\/wp-json\/wp\/v2\/comments?post=31331"}],"version-history":[{"count":0,"href":"https:\/\/ri2020.eu\/en\/wp-json\/wp\/v2\/posts\/31331\/revisions"}],"wp:featuredmedia":[{"embeddable":true,"href":"https:\/\/ri2020.eu\/en\/wp-json\/wp\/v2\/media\/31296"}],"wp:attachment":[{"href":"https:\/\/ri2020.eu\/en\/wp-json\/wp\/v2\/media?parent=31331"}],"wp:term":[{"taxonomy":"category","embeddable":true,"href":"https:\/\/ri2020.eu\/en\/wp-json\/wp\/v2\/categories?post=31331"},{"taxonomy":"post_tag","embeddable":true,"href":"https:\/\/ri2020.eu\/en\/wp-json\/wp\/v2\/tags?post=31331"}],"curies":[{"name":"wp","href":"https:\/\/api.w.org\/{rel}","templated":true}]}}