{"id":31023,"date":"2019-08-23T11:19:39","date_gmt":"2019-08-23T09:19:39","guid":{"rendered":"https:\/\/rijeka2020.eu\/?p=31023"},"modified":"2019-10-30T11:08:45","modified_gmt":"2019-10-30T10:08:45","slug":"make-a-move-is-coming-to-rijeka","status":"publish","type":"post","link":"https:\/\/ri2020.eu\/en\/make-a-move-is-coming-to-rijeka\/","title":{"rendered":"\u201cMAKE A MOVE&#8221; is coming to Rijeka"},"content":{"rendered":"<p>We are pleased to present the <strong>Rijeka Lab\u00a0 &#8211; \u201cSite-specific Theatre Practices and A<\/strong><strong>udiences<\/strong><strong>\u201d <\/strong>as part of the MAKE A MOVE \u2013 An Art incubator for non-institutionalised and physical theatre that will be held in Rijeka from 10<sup>th<\/sup> to 19<sup>th<\/sup> September 2019.<\/p>\n<p>Rijeka Lab is organised and hosted by the Creative Laboratory of Contemporary theatre KRILA, and it is <em>part of the Rijeka 2020 \u2013 European Capital of Culture programme, Kitchen flagship \u2013 Center for Creative Migrations. <\/em>MAKE A MOVE is part of the wider project <strong>\u201cUnreal Cities\u201d<\/strong>, developed under the European Capital of Culture programme &#8211; Rijeka 2020: Port of Diversity, Kitchen flagship.<\/p>\n<p>&nbsp;<\/p>\n<p><strong>\u201cRijeka Lab\u00a0 &#8211; Site-specific Theatre Practices and A<\/strong><strong>udiences<\/strong><strong>\u201d<\/strong><\/p>\n<p>\u201cRijeka Lab &#8211; Site-specific Theatre Practices and Audiences\u201d is comprised of two modules: <strong>Artistic and Business Module through which <\/strong>the perspective of audience development is imbued. The entire Lab will be facilitated by a range of international and local artistic collaborators and business experts, and will feature ten international artists and ten local and regional artists from nine European countries (Austria, Croatia, France, Ireland, Poland, Portugal, Serbia, Slovenia and Spain).<\/p>\n<p><strong>Artistic Module<\/strong><\/p>\n<p>The Artistic Module will focus on the exchange of different contemporary\u00a0performance practices and approaches within the context\u00a0of site-specific theatre. It is based on co-creation methodology and is divided in two distinctive\u00a0parts:<\/p>\n<p><strong>&#8211;\u00a0the first part<\/strong>\u00a0 (11th-14th Sep):\u00a0 aims at interacting with specific sites and creating an artistic expression from it as: methodology of work, performative works, sketches, proposals or what we have not envisaged yet.<\/p>\n<p><strong>&#8211;\u00a0the second part<\/strong> (15th-17th Sep): aims at further developing the ideas into artistic works led by resident artists in collaboration with ten local and regional artists Those artistic works will be shared with local audience in the format of work-in-progress presentation on 17th September 2019.<\/p>\n<p><strong>Business Module<\/strong><\/p>\n<p><strong>Business Module<\/strong> will expand the fundraising focus topic initiated during the Galway Lab session. However, the Rijeka Lab will switch the perspective from the supply to the demand side. Inside of the Business Module participants will work on the process of developing an effective and competitive grant proposal and facing financial and managerial challenges after successful grant application. Experienced business experts will identify at least 5 follow-up cooperation projects among the Make a Move Art Incubator participants.<\/p>\n<p><strong>Audience Development element<\/strong><\/p>\n<p>The element of <strong>Audience Development<\/strong> will be interwoven in both modules in accordance with more audience-centric perspective within small cultural organisations and among independent artists, addressing relations between artists and audiences in the context of site-specific performances. Through facilitated talks participants will have an opportunity to share their views on how they understand, approach and experience audiences in their artistic practice: (1) Levels of Engaging with the Audiences (2) Challenges of Managing Audiences in Non-conventional Theatre Spaces. This approach looks at audience development as multifaceted strategy that includes different aspects of any cultural work\/organisation: marketing, promotion, programming, education etc.<\/p>\n<p>&nbsp;<\/p>\n<p><strong>Participants<\/strong><\/p>\n<p><strong>Resident artists:<\/strong> Julianna Bloodgood (Wroc\u0142aw), Miguel Bonneville (Teatro Do Silencio, Lisbon), Anne Corte (Paris), Joannes Lederhaas (Workinglifebalance Ltd., Graz), James Riordan (Galway), Rodrigo Pardo (Marseille), Nicole Pschetz (Poulpe Electrique, Arcueil), Dmitri Rekatchevski (Paris), Sanna Karoliina Toivanen (ToTum TeaTre, Barcelona), Janaina Tupan (Platform 88, Montpellier).<\/p>\n<p><strong>Local and regional artists: <\/strong>Sendi Bakoti\u0107 (Rijeka), Andrea Crnkovi\u0107 (Rijeka), Maja Kalafati\u0107 (Celje\/Beograd), Nika Korenjak (Ljubljana\/Zagreb), Iva Korbar (Zagreb), Maja Kova\u010d (Zagreb), Frane Meden (Pula), Uro\u0161 Mladenovi\u0107 (Novi Sad), Kristina Paunovski (Rijeka), Miljena Vu\u010dkovi\u0107 (Novi Sad).<\/p>\n<p><strong>Invited artistic collaborators:<\/strong><br \/>\nFernanda Branco &#8211; Oslo based performer working in natural environments<br \/>\nMonica Giacomin &#8211; London based movement educator, therapist and a movement artist<br \/>\nIvana Golob &#8211; Rijeka based art historian with special interest on industrial heritage<br \/>\nEnver Krivac &#8211; Rijeka based musician, writer and collaborator with local contemporary theatre makers<br \/>\nNina Majcan \u0160prajc \u2013 Location manager<br \/>\nLorin Zovi\u0107 (G.I.S. Produkcija) &#8211; Rijeka based light and sound technician<\/p>\n<p><strong>Business experts:<\/strong><br \/>\nBarbara Rovere &#8211;\u00a0 Cultural\u00a0Fundraiser with an excellent track-record in securing project grant financing from the Creative Europe program<br \/>\nAdam Jeanes &#8211; Senior Relationship Manager of Arts Council England<\/p>\n<p><strong>Evaluators:<\/strong><br \/>\nInternal Evaluators: Lia Contiu (Targu-Mures), Anda Cadariu (Targu-Mures), Alessandra Troncone (Naples)<br \/>\nExternal Evaluators: Cristina Da Milano (Rome), Darko Luki\u0107 (Zagreb)<\/p>\n<p><strong>Artstic Director<\/strong><br \/>\nIvana Peranic &#8211; independent theatre maker from Rijeka and Make a Move project leader and manager.<\/p>\n","protected":false},"excerpt":{"rendered":"<p>During the Rijeka Lab, artists will develop ideas into works of art that local audiences will be able to view on Tuesday, 17th September 2019 in the form of an work in progress presentation at the following locations: shop windows of Varteks department store at St. Barbara&#8217;s Square, the rooftop of the shopping mall Robna ku\u0107a RI and at the Fenice Theatre &#8211; Opera Hall.<\/p>\n","protected":false},"author":72,"featured_media":31047,"comment_status":"closed","ping_status":"closed","sticky":false,"template":"","format":"standard","meta":{"_acf_changed":false,"footnotes":""},"categories":[2959,2731,3468],"tags":[4216,4169],"class_list":["post-31023","post","type-post","status-publish","format-standard","has-post-thumbnail","hentry","category-kitchen-of-diversity","category-news","category-rihub","tag-make-a-move-en","tag-rijeka-2020-en-3-en"],"acf":[],"yoast_head":"<!-- This site is optimized with the Yoast SEO plugin v26.8 - https:\/\/yoast.com\/product\/yoast-seo-wordpress\/ -->\n<title>\u201cMAKE A MOVE&quot; is coming to Rijeka &#8226; Rijeka 2020<\/title>\n<meta name=\"robots\" content=\"index, follow, max-snippet:-1, max-image-preview:large, max-video-preview:-1\" \/>\n<link rel=\"canonical\" href=\"https:\/\/ri2020.eu\/en\/make-a-move-is-coming-to-rijeka\/\" \/>\n<meta property=\"og:locale\" content=\"en_US\" \/>\n<meta property=\"og:type\" content=\"article\" \/>\n<meta property=\"og:title\" content=\"\u201cMAKE A MOVE&quot; is coming to Rijeka &#8226; Rijeka 2020\" \/>\n<meta property=\"og:description\" content=\"During the Rijeka Lab, artists will develop ideas into works of art that local audiences will be able to view on Tuesday, 17th September 2019 in the form of an work in progress presentation at the following locations: shop windows of Varteks department store at St. Barbara&#039;s Square, the rooftop of the shopping mall Robna ku\u0107a RI and at the Fenice Theatre - Opera Hall.\" \/>\n<meta property=\"og:url\" content=\"https:\/\/ri2020.eu\/en\/make-a-move-is-coming-to-rijeka\/\" \/>\n<meta property=\"og:site_name\" content=\"Rijeka 2020\" \/>\n<meta property=\"article:publisher\" content=\"https:\/\/www.facebook.com\/rijeka2020\" \/>\n<meta property=\"article:published_time\" content=\"2019-08-23T09:19:39+00:00\" \/>\n<meta property=\"article:modified_time\" content=\"2019-10-30T10:08:45+00:00\" \/>\n<meta property=\"og:image\" content=\"https:\/\/ri2020.eu\/wp-content\/uploads\/2019\/08\/VIZ-2_ENG.jpg\" \/>\n\t<meta property=\"og:image:width\" content=\"740\" \/>\n\t<meta property=\"og:image:height\" content=\"480\" \/>\n\t<meta property=\"og:image:type\" content=\"image\/jpeg\" \/>\n<meta name=\"author\" content=\"Rijeka 2020\" \/>\n<meta name=\"twitter:card\" content=\"summary_large_image\" \/>\n<meta name=\"twitter:creator\" content=\"@Rijeka2020\" \/>\n<meta name=\"twitter:site\" content=\"@Rijeka2020\" \/>\n<meta name=\"twitter:label1\" content=\"Written by\" \/>\n\t<meta name=\"twitter:data1\" content=\"Rijeka 2020\" \/>\n\t<meta name=\"twitter:label2\" content=\"Est. reading time\" \/>\n\t<meta name=\"twitter:data2\" content=\"3 minutes\" \/>\n<script type=\"application\/ld+json\" class=\"yoast-schema-graph\">{\"@context\":\"https:\/\/schema.org\",\"@graph\":[{\"@type\":\"Article\",\"@id\":\"https:\/\/ri2020.eu\/en\/make-a-move-is-coming-to-rijeka\/#article\",\"isPartOf\":{\"@id\":\"https:\/\/ri2020.eu\/en\/make-a-move-is-coming-to-rijeka\/\"},\"author\":{\"name\":\"Rijeka 2020\",\"@id\":\"https:\/\/ri2020.eu\/en\/#\/schema\/person\/9c12d91df8c45bc534f625d9c81f403d\"},\"headline\":\"\u201cMAKE A MOVE&#8221; is coming to Rijeka\",\"datePublished\":\"2019-08-23T09:19:39+00:00\",\"dateModified\":\"2019-10-30T10:08:45+00:00\",\"mainEntityOfPage\":{\"@id\":\"https:\/\/ri2020.eu\/en\/make-a-move-is-coming-to-rijeka\/\"},\"wordCount\":707,\"publisher\":{\"@id\":\"https:\/\/ri2020.eu\/en\/#organization\"},\"image\":{\"@id\":\"https:\/\/ri2020.eu\/en\/make-a-move-is-coming-to-rijeka\/#primaryimage\"},\"thumbnailUrl\":\"https:\/\/ri2020.eu\/wp-content\/uploads\/2019\/08\/VIZ-2_ENG.jpg\",\"keywords\":[\"Make a Move\",\"Rijeka 2020\"],\"articleSection\":[\"Kitchen of Diversity\",\"News\",\"RiHub\"],\"inLanguage\":\"en-US\"},{\"@type\":\"WebPage\",\"@id\":\"https:\/\/ri2020.eu\/en\/make-a-move-is-coming-to-rijeka\/\",\"url\":\"https:\/\/ri2020.eu\/en\/make-a-move-is-coming-to-rijeka\/\",\"name\":\"\u201cMAKE A MOVE\\\" is coming to Rijeka &#8226; Rijeka 2020\",\"isPartOf\":{\"@id\":\"https:\/\/ri2020.eu\/en\/#website\"},\"primaryImageOfPage\":{\"@id\":\"https:\/\/ri2020.eu\/en\/make-a-move-is-coming-to-rijeka\/#primaryimage\"},\"image\":{\"@id\":\"https:\/\/ri2020.eu\/en\/make-a-move-is-coming-to-rijeka\/#primaryimage\"},\"thumbnailUrl\":\"https:\/\/ri2020.eu\/wp-content\/uploads\/2019\/08\/VIZ-2_ENG.jpg\",\"datePublished\":\"2019-08-23T09:19:39+00:00\",\"dateModified\":\"2019-10-30T10:08:45+00:00\",\"breadcrumb\":{\"@id\":\"https:\/\/ri2020.eu\/en\/make-a-move-is-coming-to-rijeka\/#breadcrumb\"},\"inLanguage\":\"en-US\",\"potentialAction\":[{\"@type\":\"ReadAction\",\"target\":[\"https:\/\/ri2020.eu\/en\/make-a-move-is-coming-to-rijeka\/\"]}]},{\"@type\":\"ImageObject\",\"inLanguage\":\"en-US\",\"@id\":\"https:\/\/ri2020.eu\/en\/make-a-move-is-coming-to-rijeka\/#primaryimage\",\"url\":\"https:\/\/ri2020.eu\/wp-content\/uploads\/2019\/08\/VIZ-2_ENG.jpg\",\"contentUrl\":\"https:\/\/ri2020.eu\/wp-content\/uploads\/2019\/08\/VIZ-2_ENG.jpg\",\"width\":740,\"height\":480,\"caption\":\"make a move\"},{\"@type\":\"BreadcrumbList\",\"@id\":\"https:\/\/ri2020.eu\/en\/make-a-move-is-coming-to-rijeka\/#breadcrumb\",\"itemListElement\":[{\"@type\":\"ListItem\",\"position\":1,\"name\":\"Home\",\"item\":\"https:\/\/ri2020.eu\/en\/\"},{\"@type\":\"ListItem\",\"position\":2,\"name\":\"\u201cMAKE A MOVE&#8221; is coming to Rijeka\"}]},{\"@type\":\"WebSite\",\"@id\":\"https:\/\/ri2020.eu\/en\/#website\",\"url\":\"https:\/\/ri2020.eu\/en\/\",\"name\":\"Rijeka 2020\",\"description\":\"Europska prijestolnica kulture\",\"publisher\":{\"@id\":\"https:\/\/ri2020.eu\/en\/#organization\"},\"potentialAction\":[{\"@type\":\"SearchAction\",\"target\":{\"@type\":\"EntryPoint\",\"urlTemplate\":\"https:\/\/ri2020.eu\/en\/?s={search_term_string}\"},\"query-input\":{\"@type\":\"PropertyValueSpecification\",\"valueRequired\":true,\"valueName\":\"search_term_string\"}}],\"inLanguage\":\"en-US\"},{\"@type\":\"Organization\",\"@id\":\"https:\/\/ri2020.eu\/en\/#organization\",\"name\":\"Rijeka 2020 d.o.o.\",\"url\":\"https:\/\/ri2020.eu\/en\/\",\"logo\":{\"@type\":\"ImageObject\",\"inLanguage\":\"en-US\",\"@id\":\"https:\/\/ri2020.eu\/en\/#\/schema\/logo\/image\/\",\"url\":\"https:\/\/rijeka2020.eu\/wp-content\/uploads\/2018\/07\/Ri2020-logo.png\",\"contentUrl\":\"https:\/\/rijeka2020.eu\/wp-content\/uploads\/2018\/07\/Ri2020-logo.png\",\"width\":407,\"height\":175,\"caption\":\"Rijeka 2020 d.o.o.\"},\"image\":{\"@id\":\"https:\/\/ri2020.eu\/en\/#\/schema\/logo\/image\/\"},\"sameAs\":[\"https:\/\/www.facebook.com\/rijeka2020\",\"https:\/\/x.com\/Rijeka2020\",\"https:\/\/www.instagram.com\/rijeka2020\/\",\"https:\/\/www.youtube.com\/user\/riepk2020\"]},{\"@type\":\"Person\",\"@id\":\"https:\/\/ri2020.eu\/en\/#\/schema\/person\/9c12d91df8c45bc534f625d9c81f403d\",\"name\":\"Rijeka 2020\",\"url\":\"https:\/\/ri2020.eu\/en\/author\/lsm\/\"}]}<\/script>\n<!-- \/ Yoast SEO plugin. -->","yoast_head_json":{"title":"\u201cMAKE A MOVE\" is coming to Rijeka &#8226; Rijeka 2020","robots":{"index":"index","follow":"follow","max-snippet":"max-snippet:-1","max-image-preview":"max-image-preview:large","max-video-preview":"max-video-preview:-1"},"canonical":"https:\/\/ri2020.eu\/en\/make-a-move-is-coming-to-rijeka\/","og_locale":"en_US","og_type":"article","og_title":"\u201cMAKE A MOVE\" is coming to Rijeka &#8226; Rijeka 2020","og_description":"During the Rijeka Lab, artists will develop ideas into works of art that local audiences will be able to view on Tuesday, 17th September 2019 in the form of an work in progress presentation at the following locations: shop windows of Varteks department store at St. Barbara's Square, the rooftop of the shopping mall Robna ku\u0107a RI and at the Fenice Theatre - Opera Hall.","og_url":"https:\/\/ri2020.eu\/en\/make-a-move-is-coming-to-rijeka\/","og_site_name":"Rijeka 2020","article_publisher":"https:\/\/www.facebook.com\/rijeka2020","article_published_time":"2019-08-23T09:19:39+00:00","article_modified_time":"2019-10-30T10:08:45+00:00","og_image":[{"width":740,"height":480,"url":"https:\/\/ri2020.eu\/wp-content\/uploads\/2019\/08\/VIZ-2_ENG.jpg","type":"image\/jpeg"}],"author":"Rijeka 2020","twitter_card":"summary_large_image","twitter_creator":"@Rijeka2020","twitter_site":"@Rijeka2020","twitter_misc":{"Written by":"Rijeka 2020","Est. reading time":"3 minutes"},"schema":{"@context":"https:\/\/schema.org","@graph":[{"@type":"Article","@id":"https:\/\/ri2020.eu\/en\/make-a-move-is-coming-to-rijeka\/#article","isPartOf":{"@id":"https:\/\/ri2020.eu\/en\/make-a-move-is-coming-to-rijeka\/"},"author":{"name":"Rijeka 2020","@id":"https:\/\/ri2020.eu\/en\/#\/schema\/person\/9c12d91df8c45bc534f625d9c81f403d"},"headline":"\u201cMAKE A MOVE&#8221; is coming to Rijeka","datePublished":"2019-08-23T09:19:39+00:00","dateModified":"2019-10-30T10:08:45+00:00","mainEntityOfPage":{"@id":"https:\/\/ri2020.eu\/en\/make-a-move-is-coming-to-rijeka\/"},"wordCount":707,"publisher":{"@id":"https:\/\/ri2020.eu\/en\/#organization"},"image":{"@id":"https:\/\/ri2020.eu\/en\/make-a-move-is-coming-to-rijeka\/#primaryimage"},"thumbnailUrl":"https:\/\/ri2020.eu\/wp-content\/uploads\/2019\/08\/VIZ-2_ENG.jpg","keywords":["Make a Move","Rijeka 2020"],"articleSection":["Kitchen of Diversity","News","RiHub"],"inLanguage":"en-US"},{"@type":"WebPage","@id":"https:\/\/ri2020.eu\/en\/make-a-move-is-coming-to-rijeka\/","url":"https:\/\/ri2020.eu\/en\/make-a-move-is-coming-to-rijeka\/","name":"\u201cMAKE A MOVE\" is coming to Rijeka &#8226; Rijeka 2020","isPartOf":{"@id":"https:\/\/ri2020.eu\/en\/#website"},"primaryImageOfPage":{"@id":"https:\/\/ri2020.eu\/en\/make-a-move-is-coming-to-rijeka\/#primaryimage"},"image":{"@id":"https:\/\/ri2020.eu\/en\/make-a-move-is-coming-to-rijeka\/#primaryimage"},"thumbnailUrl":"https:\/\/ri2020.eu\/wp-content\/uploads\/2019\/08\/VIZ-2_ENG.jpg","datePublished":"2019-08-23T09:19:39+00:00","dateModified":"2019-10-30T10:08:45+00:00","breadcrumb":{"@id":"https:\/\/ri2020.eu\/en\/make-a-move-is-coming-to-rijeka\/#breadcrumb"},"inLanguage":"en-US","potentialAction":[{"@type":"ReadAction","target":["https:\/\/ri2020.eu\/en\/make-a-move-is-coming-to-rijeka\/"]}]},{"@type":"ImageObject","inLanguage":"en-US","@id":"https:\/\/ri2020.eu\/en\/make-a-move-is-coming-to-rijeka\/#primaryimage","url":"https:\/\/ri2020.eu\/wp-content\/uploads\/2019\/08\/VIZ-2_ENG.jpg","contentUrl":"https:\/\/ri2020.eu\/wp-content\/uploads\/2019\/08\/VIZ-2_ENG.jpg","width":740,"height":480,"caption":"make a move"},{"@type":"BreadcrumbList","@id":"https:\/\/ri2020.eu\/en\/make-a-move-is-coming-to-rijeka\/#breadcrumb","itemListElement":[{"@type":"ListItem","position":1,"name":"Home","item":"https:\/\/ri2020.eu\/en\/"},{"@type":"ListItem","position":2,"name":"\u201cMAKE A MOVE&#8221; is coming to Rijeka"}]},{"@type":"WebSite","@id":"https:\/\/ri2020.eu\/en\/#website","url":"https:\/\/ri2020.eu\/en\/","name":"Rijeka 2020","description":"Europska prijestolnica kulture","publisher":{"@id":"https:\/\/ri2020.eu\/en\/#organization"},"potentialAction":[{"@type":"SearchAction","target":{"@type":"EntryPoint","urlTemplate":"https:\/\/ri2020.eu\/en\/?s={search_term_string}"},"query-input":{"@type":"PropertyValueSpecification","valueRequired":true,"valueName":"search_term_string"}}],"inLanguage":"en-US"},{"@type":"Organization","@id":"https:\/\/ri2020.eu\/en\/#organization","name":"Rijeka 2020 d.o.o.","url":"https:\/\/ri2020.eu\/en\/","logo":{"@type":"ImageObject","inLanguage":"en-US","@id":"https:\/\/ri2020.eu\/en\/#\/schema\/logo\/image\/","url":"https:\/\/rijeka2020.eu\/wp-content\/uploads\/2018\/07\/Ri2020-logo.png","contentUrl":"https:\/\/rijeka2020.eu\/wp-content\/uploads\/2018\/07\/Ri2020-logo.png","width":407,"height":175,"caption":"Rijeka 2020 d.o.o."},"image":{"@id":"https:\/\/ri2020.eu\/en\/#\/schema\/logo\/image\/"},"sameAs":["https:\/\/www.facebook.com\/rijeka2020","https:\/\/x.com\/Rijeka2020","https:\/\/www.instagram.com\/rijeka2020\/","https:\/\/www.youtube.com\/user\/riepk2020"]},{"@type":"Person","@id":"https:\/\/ri2020.eu\/en\/#\/schema\/person\/9c12d91df8c45bc534f625d9c81f403d","name":"Rijeka 2020","url":"https:\/\/ri2020.eu\/en\/author\/lsm\/"}]}},"_links":{"self":[{"href":"https:\/\/ri2020.eu\/en\/wp-json\/wp\/v2\/posts\/31023","targetHints":{"allow":["GET"]}}],"collection":[{"href":"https:\/\/ri2020.eu\/en\/wp-json\/wp\/v2\/posts"}],"about":[{"href":"https:\/\/ri2020.eu\/en\/wp-json\/wp\/v2\/types\/post"}],"author":[{"embeddable":true,"href":"https:\/\/ri2020.eu\/en\/wp-json\/wp\/v2\/users\/72"}],"replies":[{"embeddable":true,"href":"https:\/\/ri2020.eu\/en\/wp-json\/wp\/v2\/comments?post=31023"}],"version-history":[{"count":0,"href":"https:\/\/ri2020.eu\/en\/wp-json\/wp\/v2\/posts\/31023\/revisions"}],"wp:featuredmedia":[{"embeddable":true,"href":"https:\/\/ri2020.eu\/en\/wp-json\/wp\/v2\/media\/31047"}],"wp:attachment":[{"href":"https:\/\/ri2020.eu\/en\/wp-json\/wp\/v2\/media?parent=31023"}],"wp:term":[{"taxonomy":"category","embeddable":true,"href":"https:\/\/ri2020.eu\/en\/wp-json\/wp\/v2\/categories?post=31023"},{"taxonomy":"post_tag","embeddable":true,"href":"https:\/\/ri2020.eu\/en\/wp-json\/wp\/v2\/tags?post=31023"}],"curies":[{"name":"wp","href":"https:\/\/api.w.org\/{rel}","templated":true}]}}