{"id":29815,"date":"2019-07-05T12:01:10","date_gmt":"2019-07-05T10:01:10","guid":{"rendered":"https:\/\/rijeka2020.eu\/?p=29815"},"modified":"2019-09-17T16:07:34","modified_gmt":"2019-09-17T14:07:34","slug":"the-artist-francisco-de-pajaro-my-artwork-stems-from-and-ends-up-in-the-trash","status":"publish","type":"post","link":"https:\/\/ri2020.eu\/en\/the-artist-francisco-de-pajaro-my-artwork-stems-from-and-ends-up-in-the-trash\/","title":{"rendered":"The artist Francisco de Pajaro: my artwork stems from and ends up in the trash"},"content":{"rendered":"<p>While conversing with the citizens with the assistance of the translator Jasna Skopljak, Pajaro pointed out how his first waste installation was a product of pure necessity. It happened in Barcelona in 2009, during the economic crisis, when galleries were not expressing any interest in his work. Since then, waste has become his primary medium and only means of artistic expression.<\/p>\n<p>He has breathed new life into discarded items in Rijeka, which have become short-lived artworks and are being displayed beneath the Trsat staircase in \u0160kolji\u0107, at the bottom of \u017drtava Fa\u0161izma Street, near the Nikola Tesla Primary School, in Tito Square (at Konto) and by the Rje\u010dina River (on the Andrija Ka\u010di\u0107 Mio\u0161i\u0107 walkway)<\/p>\n<p>During his conversation, Pajaro revealed how he creates his highly expressive art installations from the waste he finds on the streets of Barcelona. However, since this is his first time in Rijeka, the companies \u010cisto\u0107a and Metis aided him in obtaining the material. He is also grateful to the Rijeka 2020 \u2013 European Capital of Culture volunteers for helping him find his way around the city.<\/p>\n<p>Pajaro&#8217;s exhibitions are named Art is Trash (Umjetnost je sme\u0107e) because, as he puts it, he needed an attention-grabbing title. After all, he considers his art trash because it mostly winds up in landfills unless someone decides to buy them. \u2013 I deem it perfectly natural for my art to end up in landfills. This nullifies my artistic ego, which sets me apart from other artists, Pajaro stated during his conversation with the citizens in \u0160kolji\u0107, after which he took the visitors on a walking tour of the art installations he left in Rijeka and wished everyone a good time at the Tobogan (Slide) Children&#8217;s Festival taking place as part of the Rijeka 2020 \u2013 European Capital of Culture event.<\/p>\n","protected":false},"excerpt":{"rendered":"<p>On Tuesday, 2 July, in the park in \u0160kolji\u0107, during the Tobogan Children&#8217;s Festival that is held as part of the Rijeka 2020 \u2013 European Capital of Culture event, a conversation took place with the Spanish artist Francisco de Pajaro, who had been staying in Rijeka since 27 June and made several public art installations, which have the distinction of being made from rubbish.<\/p>\n","protected":false},"author":72,"featured_media":29734,"comment_status":"closed","ping_status":"closed","sticky":false,"template":"","format":"standard","meta":{"_acf_changed":false,"footnotes":""},"categories":[3055,2731],"tags":[4169,4217],"class_list":["post-29815","post","type-post","status-publish","format-standard","has-post-thumbnail","hentry","category-childrens-house","category-news","tag-rijeka-2020-en-3-en","tag-tobogan-en-en"],"acf":[],"yoast_head":"<!-- This site is optimized with the Yoast SEO plugin v26.8 - https:\/\/yoast.com\/product\/yoast-seo-wordpress\/ -->\n<title>The artist Francisco de Pajaro: my artwork stems from and ends up in the trash &#8226; Rijeka 2020<\/title>\n<meta name=\"robots\" content=\"index, follow, max-snippet:-1, max-image-preview:large, max-video-preview:-1\" \/>\n<link rel=\"canonical\" href=\"https:\/\/ri2020.eu\/en\/the-artist-francisco-de-pajaro-my-artwork-stems-from-and-ends-up-in-the-trash\/\" \/>\n<meta property=\"og:locale\" content=\"en_US\" \/>\n<meta property=\"og:type\" content=\"article\" \/>\n<meta property=\"og:title\" content=\"The artist Francisco de Pajaro: my artwork stems from and ends up in the trash &#8226; Rijeka 2020\" \/>\n<meta property=\"og:description\" content=\"On Tuesday, 2 July, in the park in \u0160kolji\u0107, during the Tobogan Children&#039;s Festival that is held as part of the Rijeka 2020 \u2013 European Capital of Culture event, a conversation took place with the Spanish artist Francisco de Pajaro, who had been staying in Rijeka since 27 June and made several public art installations, which have the distinction of being made from rubbish.\" \/>\n<meta property=\"og:url\" content=\"https:\/\/ri2020.eu\/en\/the-artist-francisco-de-pajaro-my-artwork-stems-from-and-ends-up-in-the-trash\/\" \/>\n<meta property=\"og:site_name\" content=\"Rijeka 2020\" \/>\n<meta property=\"article:publisher\" content=\"https:\/\/www.facebook.com\/rijeka2020\" \/>\n<meta property=\"article:published_time\" content=\"2019-07-05T10:01:10+00:00\" \/>\n<meta property=\"article:modified_time\" content=\"2019-09-17T14:07:34+00:00\" \/>\n<meta property=\"og:image\" content=\"https:\/\/ri2020.eu\/wp-content\/uploads\/2019\/07\/Pajaro-1.jpg\" \/>\n\t<meta property=\"og:image:width\" content=\"1920\" \/>\n\t<meta property=\"og:image:height\" content=\"1280\" \/>\n\t<meta property=\"og:image:type\" content=\"image\/jpeg\" \/>\n<meta name=\"author\" content=\"Rijeka 2020\" \/>\n<meta name=\"twitter:card\" content=\"summary_large_image\" \/>\n<meta name=\"twitter:creator\" content=\"@Rijeka2020\" \/>\n<meta name=\"twitter:site\" content=\"@Rijeka2020\" \/>\n<meta name=\"twitter:label1\" content=\"Written by\" \/>\n\t<meta name=\"twitter:data1\" content=\"Rijeka 2020\" \/>\n\t<meta name=\"twitter:label2\" content=\"Est. reading time\" \/>\n\t<meta name=\"twitter:data2\" content=\"2 minutes\" \/>\n<script type=\"application\/ld+json\" class=\"yoast-schema-graph\">{\"@context\":\"https:\/\/schema.org\",\"@graph\":[{\"@type\":\"Article\",\"@id\":\"https:\/\/ri2020.eu\/en\/the-artist-francisco-de-pajaro-my-artwork-stems-from-and-ends-up-in-the-trash\/#article\",\"isPartOf\":{\"@id\":\"https:\/\/ri2020.eu\/en\/the-artist-francisco-de-pajaro-my-artwork-stems-from-and-ends-up-in-the-trash\/\"},\"author\":{\"name\":\"Rijeka 2020\",\"@id\":\"https:\/\/ri2020.eu\/en\/#\/schema\/person\/9c12d91df8c45bc534f625d9c81f403d\"},\"headline\":\"The artist Francisco de Pajaro: my artwork stems from and ends up in the trash\",\"datePublished\":\"2019-07-05T10:01:10+00:00\",\"dateModified\":\"2019-09-17T14:07:34+00:00\",\"mainEntityOfPage\":{\"@id\":\"https:\/\/ri2020.eu\/en\/the-artist-francisco-de-pajaro-my-artwork-stems-from-and-ends-up-in-the-trash\/\"},\"wordCount\":318,\"publisher\":{\"@id\":\"https:\/\/ri2020.eu\/en\/#organization\"},\"image\":{\"@id\":\"https:\/\/ri2020.eu\/en\/the-artist-francisco-de-pajaro-my-artwork-stems-from-and-ends-up-in-the-trash\/#primaryimage\"},\"thumbnailUrl\":\"https:\/\/ri2020.eu\/wp-content\/uploads\/2019\/07\/Pajaro-1.jpg\",\"keywords\":[\"Rijeka 2020\",\"Tobogan\"],\"articleSection\":[\"Children's House\",\"News\"],\"inLanguage\":\"en-US\"},{\"@type\":\"WebPage\",\"@id\":\"https:\/\/ri2020.eu\/en\/the-artist-francisco-de-pajaro-my-artwork-stems-from-and-ends-up-in-the-trash\/\",\"url\":\"https:\/\/ri2020.eu\/en\/the-artist-francisco-de-pajaro-my-artwork-stems-from-and-ends-up-in-the-trash\/\",\"name\":\"The artist Francisco de Pajaro: my artwork stems from and ends up in the trash &#8226; Rijeka 2020\",\"isPartOf\":{\"@id\":\"https:\/\/ri2020.eu\/en\/#website\"},\"primaryImageOfPage\":{\"@id\":\"https:\/\/ri2020.eu\/en\/the-artist-francisco-de-pajaro-my-artwork-stems-from-and-ends-up-in-the-trash\/#primaryimage\"},\"image\":{\"@id\":\"https:\/\/ri2020.eu\/en\/the-artist-francisco-de-pajaro-my-artwork-stems-from-and-ends-up-in-the-trash\/#primaryimage\"},\"thumbnailUrl\":\"https:\/\/ri2020.eu\/wp-content\/uploads\/2019\/07\/Pajaro-1.jpg\",\"datePublished\":\"2019-07-05T10:01:10+00:00\",\"dateModified\":\"2019-09-17T14:07:34+00:00\",\"breadcrumb\":{\"@id\":\"https:\/\/ri2020.eu\/en\/the-artist-francisco-de-pajaro-my-artwork-stems-from-and-ends-up-in-the-trash\/#breadcrumb\"},\"inLanguage\":\"en-US\",\"potentialAction\":[{\"@type\":\"ReadAction\",\"target\":[\"https:\/\/ri2020.eu\/en\/the-artist-francisco-de-pajaro-my-artwork-stems-from-and-ends-up-in-the-trash\/\"]}]},{\"@type\":\"ImageObject\",\"inLanguage\":\"en-US\",\"@id\":\"https:\/\/ri2020.eu\/en\/the-artist-francisco-de-pajaro-my-artwork-stems-from-and-ends-up-in-the-trash\/#primaryimage\",\"url\":\"https:\/\/ri2020.eu\/wp-content\/uploads\/2019\/07\/Pajaro-1.jpg\",\"contentUrl\":\"https:\/\/ri2020.eu\/wp-content\/uploads\/2019\/07\/Pajaro-1.jpg\",\"width\":1920,\"height\":1280},{\"@type\":\"BreadcrumbList\",\"@id\":\"https:\/\/ri2020.eu\/en\/the-artist-francisco-de-pajaro-my-artwork-stems-from-and-ends-up-in-the-trash\/#breadcrumb\",\"itemListElement\":[{\"@type\":\"ListItem\",\"position\":1,\"name\":\"Home\",\"item\":\"https:\/\/ri2020.eu\/en\/\"},{\"@type\":\"ListItem\",\"position\":2,\"name\":\"The artist Francisco de Pajaro: my artwork stems from and ends up in the trash\"}]},{\"@type\":\"WebSite\",\"@id\":\"https:\/\/ri2020.eu\/en\/#website\",\"url\":\"https:\/\/ri2020.eu\/en\/\",\"name\":\"Rijeka 2020\",\"description\":\"Europska prijestolnica kulture\",\"publisher\":{\"@id\":\"https:\/\/ri2020.eu\/en\/#organization\"},\"potentialAction\":[{\"@type\":\"SearchAction\",\"target\":{\"@type\":\"EntryPoint\",\"urlTemplate\":\"https:\/\/ri2020.eu\/en\/?s={search_term_string}\"},\"query-input\":{\"@type\":\"PropertyValueSpecification\",\"valueRequired\":true,\"valueName\":\"search_term_string\"}}],\"inLanguage\":\"en-US\"},{\"@type\":\"Organization\",\"@id\":\"https:\/\/ri2020.eu\/en\/#organization\",\"name\":\"Rijeka 2020 d.o.o.\",\"url\":\"https:\/\/ri2020.eu\/en\/\",\"logo\":{\"@type\":\"ImageObject\",\"inLanguage\":\"en-US\",\"@id\":\"https:\/\/ri2020.eu\/en\/#\/schema\/logo\/image\/\",\"url\":\"https:\/\/rijeka2020.eu\/wp-content\/uploads\/2018\/07\/Ri2020-logo.png\",\"contentUrl\":\"https:\/\/rijeka2020.eu\/wp-content\/uploads\/2018\/07\/Ri2020-logo.png\",\"width\":407,\"height\":175,\"caption\":\"Rijeka 2020 d.o.o.\"},\"image\":{\"@id\":\"https:\/\/ri2020.eu\/en\/#\/schema\/logo\/image\/\"},\"sameAs\":[\"https:\/\/www.facebook.com\/rijeka2020\",\"https:\/\/x.com\/Rijeka2020\",\"https:\/\/www.instagram.com\/rijeka2020\/\",\"https:\/\/www.youtube.com\/user\/riepk2020\"]},{\"@type\":\"Person\",\"@id\":\"https:\/\/ri2020.eu\/en\/#\/schema\/person\/9c12d91df8c45bc534f625d9c81f403d\",\"name\":\"Rijeka 2020\",\"url\":\"https:\/\/ri2020.eu\/en\/author\/lsm\/\"}]}<\/script>\n<!-- \/ Yoast SEO plugin. -->","yoast_head_json":{"title":"The artist Francisco de Pajaro: my artwork stems from and ends up in the trash &#8226; Rijeka 2020","robots":{"index":"index","follow":"follow","max-snippet":"max-snippet:-1","max-image-preview":"max-image-preview:large","max-video-preview":"max-video-preview:-1"},"canonical":"https:\/\/ri2020.eu\/en\/the-artist-francisco-de-pajaro-my-artwork-stems-from-and-ends-up-in-the-trash\/","og_locale":"en_US","og_type":"article","og_title":"The artist Francisco de Pajaro: my artwork stems from and ends up in the trash &#8226; Rijeka 2020","og_description":"On Tuesday, 2 July, in the park in \u0160kolji\u0107, during the Tobogan Children's Festival that is held as part of the Rijeka 2020 \u2013 European Capital of Culture event, a conversation took place with the Spanish artist Francisco de Pajaro, who had been staying in Rijeka since 27 June and made several public art installations, which have the distinction of being made from rubbish.","og_url":"https:\/\/ri2020.eu\/en\/the-artist-francisco-de-pajaro-my-artwork-stems-from-and-ends-up-in-the-trash\/","og_site_name":"Rijeka 2020","article_publisher":"https:\/\/www.facebook.com\/rijeka2020","article_published_time":"2019-07-05T10:01:10+00:00","article_modified_time":"2019-09-17T14:07:34+00:00","og_image":[{"width":1920,"height":1280,"url":"https:\/\/ri2020.eu\/wp-content\/uploads\/2019\/07\/Pajaro-1.jpg","type":"image\/jpeg"}],"author":"Rijeka 2020","twitter_card":"summary_large_image","twitter_creator":"@Rijeka2020","twitter_site":"@Rijeka2020","twitter_misc":{"Written by":"Rijeka 2020","Est. reading time":"2 minutes"},"schema":{"@context":"https:\/\/schema.org","@graph":[{"@type":"Article","@id":"https:\/\/ri2020.eu\/en\/the-artist-francisco-de-pajaro-my-artwork-stems-from-and-ends-up-in-the-trash\/#article","isPartOf":{"@id":"https:\/\/ri2020.eu\/en\/the-artist-francisco-de-pajaro-my-artwork-stems-from-and-ends-up-in-the-trash\/"},"author":{"name":"Rijeka 2020","@id":"https:\/\/ri2020.eu\/en\/#\/schema\/person\/9c12d91df8c45bc534f625d9c81f403d"},"headline":"The artist Francisco de Pajaro: my artwork stems from and ends up in the trash","datePublished":"2019-07-05T10:01:10+00:00","dateModified":"2019-09-17T14:07:34+00:00","mainEntityOfPage":{"@id":"https:\/\/ri2020.eu\/en\/the-artist-francisco-de-pajaro-my-artwork-stems-from-and-ends-up-in-the-trash\/"},"wordCount":318,"publisher":{"@id":"https:\/\/ri2020.eu\/en\/#organization"},"image":{"@id":"https:\/\/ri2020.eu\/en\/the-artist-francisco-de-pajaro-my-artwork-stems-from-and-ends-up-in-the-trash\/#primaryimage"},"thumbnailUrl":"https:\/\/ri2020.eu\/wp-content\/uploads\/2019\/07\/Pajaro-1.jpg","keywords":["Rijeka 2020","Tobogan"],"articleSection":["Children's House","News"],"inLanguage":"en-US"},{"@type":"WebPage","@id":"https:\/\/ri2020.eu\/en\/the-artist-francisco-de-pajaro-my-artwork-stems-from-and-ends-up-in-the-trash\/","url":"https:\/\/ri2020.eu\/en\/the-artist-francisco-de-pajaro-my-artwork-stems-from-and-ends-up-in-the-trash\/","name":"The artist Francisco de Pajaro: my artwork stems from and ends up in the trash &#8226; Rijeka 2020","isPartOf":{"@id":"https:\/\/ri2020.eu\/en\/#website"},"primaryImageOfPage":{"@id":"https:\/\/ri2020.eu\/en\/the-artist-francisco-de-pajaro-my-artwork-stems-from-and-ends-up-in-the-trash\/#primaryimage"},"image":{"@id":"https:\/\/ri2020.eu\/en\/the-artist-francisco-de-pajaro-my-artwork-stems-from-and-ends-up-in-the-trash\/#primaryimage"},"thumbnailUrl":"https:\/\/ri2020.eu\/wp-content\/uploads\/2019\/07\/Pajaro-1.jpg","datePublished":"2019-07-05T10:01:10+00:00","dateModified":"2019-09-17T14:07:34+00:00","breadcrumb":{"@id":"https:\/\/ri2020.eu\/en\/the-artist-francisco-de-pajaro-my-artwork-stems-from-and-ends-up-in-the-trash\/#breadcrumb"},"inLanguage":"en-US","potentialAction":[{"@type":"ReadAction","target":["https:\/\/ri2020.eu\/en\/the-artist-francisco-de-pajaro-my-artwork-stems-from-and-ends-up-in-the-trash\/"]}]},{"@type":"ImageObject","inLanguage":"en-US","@id":"https:\/\/ri2020.eu\/en\/the-artist-francisco-de-pajaro-my-artwork-stems-from-and-ends-up-in-the-trash\/#primaryimage","url":"https:\/\/ri2020.eu\/wp-content\/uploads\/2019\/07\/Pajaro-1.jpg","contentUrl":"https:\/\/ri2020.eu\/wp-content\/uploads\/2019\/07\/Pajaro-1.jpg","width":1920,"height":1280},{"@type":"BreadcrumbList","@id":"https:\/\/ri2020.eu\/en\/the-artist-francisco-de-pajaro-my-artwork-stems-from-and-ends-up-in-the-trash\/#breadcrumb","itemListElement":[{"@type":"ListItem","position":1,"name":"Home","item":"https:\/\/ri2020.eu\/en\/"},{"@type":"ListItem","position":2,"name":"The artist Francisco de Pajaro: my artwork stems from and ends up in the trash"}]},{"@type":"WebSite","@id":"https:\/\/ri2020.eu\/en\/#website","url":"https:\/\/ri2020.eu\/en\/","name":"Rijeka 2020","description":"Europska prijestolnica kulture","publisher":{"@id":"https:\/\/ri2020.eu\/en\/#organization"},"potentialAction":[{"@type":"SearchAction","target":{"@type":"EntryPoint","urlTemplate":"https:\/\/ri2020.eu\/en\/?s={search_term_string}"},"query-input":{"@type":"PropertyValueSpecification","valueRequired":true,"valueName":"search_term_string"}}],"inLanguage":"en-US"},{"@type":"Organization","@id":"https:\/\/ri2020.eu\/en\/#organization","name":"Rijeka 2020 d.o.o.","url":"https:\/\/ri2020.eu\/en\/","logo":{"@type":"ImageObject","inLanguage":"en-US","@id":"https:\/\/ri2020.eu\/en\/#\/schema\/logo\/image\/","url":"https:\/\/rijeka2020.eu\/wp-content\/uploads\/2018\/07\/Ri2020-logo.png","contentUrl":"https:\/\/rijeka2020.eu\/wp-content\/uploads\/2018\/07\/Ri2020-logo.png","width":407,"height":175,"caption":"Rijeka 2020 d.o.o."},"image":{"@id":"https:\/\/ri2020.eu\/en\/#\/schema\/logo\/image\/"},"sameAs":["https:\/\/www.facebook.com\/rijeka2020","https:\/\/x.com\/Rijeka2020","https:\/\/www.instagram.com\/rijeka2020\/","https:\/\/www.youtube.com\/user\/riepk2020"]},{"@type":"Person","@id":"https:\/\/ri2020.eu\/en\/#\/schema\/person\/9c12d91df8c45bc534f625d9c81f403d","name":"Rijeka 2020","url":"https:\/\/ri2020.eu\/en\/author\/lsm\/"}]}},"_links":{"self":[{"href":"https:\/\/ri2020.eu\/en\/wp-json\/wp\/v2\/posts\/29815","targetHints":{"allow":["GET"]}}],"collection":[{"href":"https:\/\/ri2020.eu\/en\/wp-json\/wp\/v2\/posts"}],"about":[{"href":"https:\/\/ri2020.eu\/en\/wp-json\/wp\/v2\/types\/post"}],"author":[{"embeddable":true,"href":"https:\/\/ri2020.eu\/en\/wp-json\/wp\/v2\/users\/72"}],"replies":[{"embeddable":true,"href":"https:\/\/ri2020.eu\/en\/wp-json\/wp\/v2\/comments?post=29815"}],"version-history":[{"count":0,"href":"https:\/\/ri2020.eu\/en\/wp-json\/wp\/v2\/posts\/29815\/revisions"}],"wp:featuredmedia":[{"embeddable":true,"href":"https:\/\/ri2020.eu\/en\/wp-json\/wp\/v2\/media\/29734"}],"wp:attachment":[{"href":"https:\/\/ri2020.eu\/en\/wp-json\/wp\/v2\/media?parent=29815"}],"wp:term":[{"taxonomy":"category","embeddable":true,"href":"https:\/\/ri2020.eu\/en\/wp-json\/wp\/v2\/categories?post=29815"},{"taxonomy":"post_tag","embeddable":true,"href":"https:\/\/ri2020.eu\/en\/wp-json\/wp\/v2\/tags?post=29815"}],"curies":[{"name":"wp","href":"https:\/\/api.w.org\/{rel}","templated":true}]}}