{"id":29747,"date":"2019-07-03T17:07:48","date_gmt":"2019-07-03T15:07:48","guid":{"rendered":"https:\/\/rijeka2020.eu\/?p=29747"},"modified":"2019-07-03T17:07:48","modified_gmt":"2019-07-03T15:07:48","slug":"rijeka-2020-brought-world-renowned-artists-to-kvarner","status":"publish","type":"post","link":"https:\/\/ri2020.eu\/en\/rijeka-2020-brought-world-renowned-artists-to-kvarner\/","title":{"rendered":"Rijeka 2020 brought world-renowned artists to Kvarner"},"content":{"rendered":"<p>The Lungomare Art flagship will display permanent artworks at 10 locations in the Kvarner region. All of the works deal with certain specifics of the location in which they are installed, with the guiding principle being to concentrate on the aspect that is important to the local population, that which they themselves consider important, and that links the past to the present to some extent. The curator of the Lungomare Art flagship is the renowned European curator, the Czech Michal Kole\u010dek, who selected the artists.<\/p>\n<p>The Japanese artist Harumi Yukutake, whose future art installation will be displayed in Kapi\u0107 park near the ferry port, stayed in Lopar on Rab Island during her second study visit.<\/p>\n<p>\u2013 The park where my installation will be displayed is currently a vacant open space, although the location itself is quite beautiful. The colours of the sea and sky coalesce, with a striking white stone hill on the other side of the shore. Being a glass artist, I am quite impressed with the legend of how the sand from this area was used to make Venetian glass, said Yukutake, a world-renowned Japanese artist who uses glass as a primary medium in her art. Her works have been included in the holdings of various world museums and this is her first time working in Croatia, courtesy of Rijeka 2020 \u2013 European Capital of Culture. \u2013 I have never travelled to countries such as Croatia, where I feel very safe. And best of all, this is a gorgeous country with a rich history and stunning nature. I feel right at home!<\/p>\n<p>The picturesque town of Volosko on the western side of Kvarner Bay was visited for the first time by the acclaimed Czech artist Ji\u0159\u00ed Kovanda, who is working on his art installation in the main square on Andrije \u0160tangera Street in collaboration with the young local artist Nika Laginja. \u2013 It is a tranquil place that exudes history. My work will also deal with changes that occur with time. The young artist Nika Laginja and I are currently planning the end result of our artwork and we are intensely selecting the materials that we will use for our works, Kovanda pointed out during his visit to Volosko, which is not his first time in Croatia. \u2013 I&#8217;ve had two solo exhibitions in your country. One in Dubrovnik and the other right here in Rijeka, as a result of collaborating with Slaven Tolja, the art director of RIJEKA 2020. Croatia has always left a good impression on me!<\/p>\n<p>Nika Laginja, a young artist from Opatija, was, in her own words, delighted when she was told that her installation would adorn Volosko. \u2013 To me, Volosko is one of those towns where I know every proverbial nook and cranny. I am pleased to be able to leave my mark here. This is the first project of such scope that I have undertaken, so it was not easy to relax. However, everything is running smoothly and going according to plan; we are more at ease and work hard, which for me is the key for great success. Laginja says that she is honoured to participate in the Rijeka 2020 \u2013 European Capital of Culture project. \u2013 I have been researching this installation for as many as 8 years and it has been a dream of mine to finish it, which has not been possible due to financial constraints. But now the sculpture is underway, once again proving that dreams do come true, concludes Laginja.<\/p>\n<p>The Danish artist Sofie Thorsen spent a few days in Brse\u010d, a medieval town perched on a cliff. Her prospective installation will be located at the entrance to the town, in a park near an old bocce court, and will address the closing of a school in Brse\u010d in 2018 after 175 years of continuous operation. As with many other towns and villages, the public spaces change their purposes or even disappear entirely, while at the same time, despite all the difficulties troubling this community, Brse\u010d boasts a group of involved townspeople of various ages that strives to develop the community in the best way possible. With the art installation inspired by stories of Brse\u010d, the author will combine these two significant places &#8211; the currently abandoned primary school building and the aforementioned park located by the bocce court at the entrance to Brse\u010d. At the same time, the park will be reimagined as a public space where one can spend time and socialize.<\/p>\n<p>Thorsen has been captivated by the stunning nature and architecture in Brse\u010d, a town that simultaneously tackles a number of contemporary issues dealing with tourism, urban and rural development, the modern economy and the significance of the landscape. \u2013 This is an interesting and complex basis for artistic work, says Thorsen, emphasising the importance of communicating with the locals in the entire process. \u2013 This is my first time working in Croatia, where the people are very open and eager to converse with me, as an artist coming from another part of the world, says Sofie Thorsen.<\/p>\n<p>The Slovakian artist Ilona N\u00e9meth was on her second study visit to Crikvenica with her husband, the co-author and architect Mari\u00e1n Ravasz. Today, N\u00e9meth is an esteemed Professor at the Academy of Fine Arts and Design in Bratislava, and the installation in Crikvenica created by these two artists will be displayed in front of the Miramare hotel, by the entrance to the city beach. Nemeth is thoroughly familiar with the location in which their artwork will come to life. \u2013 Crikvenica has a very rich history, especially regarding hospitality, in every sense of the word; the hospitality shown when receiving people who require health care or rest, as well as hospitality towards migrants and refugees at various points in the 20th century, especially during the Homeland War in Croatia. Historically, the town has been associated with hospitality towards tourists, which directly influenced the appearance of the town, with a few hotels dating back to the period of Austro-Hungarian rule, such as Miramare and Terapija. Today, numerous apartments are being built in private houses. The town is naturally connected to the sea with a lovely walkway, N\u00e9meth says. The spouses base their collaboration with the curator of the Lungomare Art flagship Michal Kole\u010dek on shared general life values, as well as a similar attitude towards the purpose and possibilities of contemporary art.<\/p>\n<p>\u2013 We discuss ideas and topics of interest and collaborate in order to come up with the most inspirational artwork for Crikvenica that would pertain to the local populace and the history of the location. N\u00e9meth and Ravasz have frequently travelled to Croatia as tourists but this is their first working visit. \u2013 We have worked on the European Capital of Culture project before, when we were involved in the programmes of Pecs, Hungary, in 2010 and Ko\u0161ice, Slovakia, in 2012. We are pleased to have been given the opportunity to participate in this bold and grand event, they conclude.<\/p>\n<p>The Croatian artist Davor Sanvincenti will display his permanent installation, which deals with the connection between humans and nature, in Lovranska Draga. \u2013 During the first stage of my research, I became thoroughly familiar with the local customs and culture, which are extremely specific, starting with the protected chestnut gardens and such like, Sanvincenti points out. Each visit abounds in new findings and details pertaining to the social and environmental aspects of this area at the foot of Mount U\u010dka. Throughout history, the people of Lovranska Draga, have mostly worked in agriculture, especially winemaking and cattle farming. In addition to grapevines, vegetables and fruit were grown in the fecund soil, with cherries and chestnuts being the most prominent today. Moreover, the main historical reason for settling in Lovranska Draga was the abundance and quality of water, which, along with its influence on the development of the location, sparked the author&#8217;s vision to complete an art pavilion that would double as a place for resting, socialising, learning and providing shelter, and which would be located next to the remnants of a mill by the hiking trail in Lovranska Draga that stretches from the seashore in Medveja to the summit of Mount U\u010dka. Sanvincenti points out that the Rijeka 2020 \u2013 European Capital of Culture project might prove to be successful in the long run and not just for the time being, particularly when it comes to enhancing and strengthening the local communities, which is why he is extremely honoured to participate and, above all, thankful for the invitation.<\/p>\n<p>This year, visits by the Czech artist Pavel Mrkus served to draft a proposal for a permanent installation that will be displayed on the gallery of the beautiful Rijeka Fish Market building at the central market in the city centre. Since the Rijeka fish market is extremely important for the identity of the city, my installation will attempt to appease the daily users of the location, as well as those working there and the visitors to the fish market, by honouring its heritage. It is an authentic space that tells its own story, which poses a great challenge for me since the installation I am displaying will be based on new technologies, Mrkus emphasised during his visit to the location. He will use light and sound in his work, which showcases the skills of fishermen and the power of nature. &#8211; This is my first time working in Croatia, Mrkus points out and continues by saying that his impressions have been positive, in no small part due to the well-organised team of the Lungomare Art flagship. &#8211; I am happy to be a part of the Rijeka 2020 &#8211; European Capital of Culture project, he concludes.<\/p>\n<p>Although the entire programme of the Rijeka 2020 \u2013 European Capital of Culture project and the Lungomare Art flagship will be kept under wraps until its announcement in September 2019, as is the practice of other European Capitals of Culture, we are already privy to the names of the renowned artists visiting Kvarner, as well as other artists practicing this style of art, who will be introduced another time.<\/p>\n<p>The Rijeka 2020 &#8211; European Capital of Culture Lungomare Art flagship has allowed contemporary art to exit the museums, meet local communities and tell stories that you won&#8217;t find in your run-of-the-mill tourist brochures and that you can start exploring from any location you wish. On the coast: at the entrance to Brse\u010d, on the hiking trail overlooking Lovranska Draga, in the square and under the water in Volosko, at the Rijeka Fish Market, at Gr\u010devo Beach in the Rijeka neighbourhood of Pe\u0107ine, at Sve\u017eanj Beach in \u017durkovo in Kostrena or in the park at the centre of Crikvenica. Or on the islands: at the pier in Lopar on Rab, above Ba\u0161ka on Krk or at Vela Riva in Mali Lo\u0161inj. The tour can begin in the summer of 2020.<\/p>\n","protected":false},"excerpt":{"rendered":"<p>A highlight of April and May of this year were the study visits of a few Lungomare artists with the aim of becoming thoroughly familiarized with the locations selected for the research that will culminate in permanent art installations.<\/p>\n","protected":false},"author":72,"featured_media":29748,"comment_status":"closed","ping_status":"closed","sticky":false,"template":"","format":"standard","meta":{"_acf_changed":false,"footnotes":""},"categories":[3296,2731],"tags":[4174,4169],"class_list":["post-29747","post","type-post","status-publish","format-standard","has-post-thumbnail","hentry","category-lungomare-art","category-news","tag-lungomare-en-en","tag-rijeka-2020-en-3-en"],"acf":[],"yoast_head":"<!-- This site is optimized with the Yoast SEO plugin v26.8 - https:\/\/yoast.com\/product\/yoast-seo-wordpress\/ -->\n<title>Rijeka 2020 brought world-renowned artists to Kvarner &#8226; Rijeka 2020<\/title>\n<meta name=\"robots\" content=\"index, follow, max-snippet:-1, max-image-preview:large, max-video-preview:-1\" \/>\n<link rel=\"canonical\" href=\"https:\/\/ri2020.eu\/en\/rijeka-2020-brought-world-renowned-artists-to-kvarner\/\" \/>\n<meta property=\"og:locale\" content=\"en_US\" \/>\n<meta property=\"og:type\" content=\"article\" \/>\n<meta property=\"og:title\" content=\"Rijeka 2020 brought world-renowned artists to Kvarner &#8226; Rijeka 2020\" \/>\n<meta property=\"og:description\" content=\"A highlight of April and May of this year were the study visits of a few Lungomare artists with the aim of becoming thoroughly familiarized with the locations selected for the research that will culminate in permanent art installations.\" \/>\n<meta property=\"og:url\" content=\"https:\/\/ri2020.eu\/en\/rijeka-2020-brought-world-renowned-artists-to-kvarner\/\" \/>\n<meta property=\"og:site_name\" content=\"Rijeka 2020\" \/>\n<meta property=\"article:publisher\" content=\"https:\/\/www.facebook.com\/rijeka2020\" \/>\n<meta property=\"article:published_time\" content=\"2019-07-03T15:07:48+00:00\" \/>\n<meta property=\"og:image\" content=\"https:\/\/ri2020.eu\/wp-content\/uploads\/2019\/07\/Volosko_Laginja-i-Kovanda-694x450.jpg\" \/>\n\t<meta property=\"og:image:width\" content=\"694\" \/>\n\t<meta property=\"og:image:height\" content=\"450\" \/>\n\t<meta property=\"og:image:type\" content=\"image\/jpeg\" \/>\n<meta name=\"author\" content=\"Rijeka 2020\" \/>\n<meta name=\"twitter:card\" content=\"summary_large_image\" \/>\n<meta name=\"twitter:creator\" content=\"@Rijeka2020\" \/>\n<meta name=\"twitter:site\" content=\"@Rijeka2020\" \/>\n<meta name=\"twitter:label1\" content=\"Written by\" \/>\n\t<meta name=\"twitter:data1\" content=\"Rijeka 2020\" \/>\n\t<meta name=\"twitter:label2\" content=\"Est. reading time\" \/>\n\t<meta name=\"twitter:data2\" content=\"9 minutes\" \/>\n<script type=\"application\/ld+json\" class=\"yoast-schema-graph\">{\"@context\":\"https:\/\/schema.org\",\"@graph\":[{\"@type\":\"Article\",\"@id\":\"https:\/\/ri2020.eu\/en\/rijeka-2020-brought-world-renowned-artists-to-kvarner\/#article\",\"isPartOf\":{\"@id\":\"https:\/\/ri2020.eu\/en\/rijeka-2020-brought-world-renowned-artists-to-kvarner\/\"},\"author\":{\"name\":\"Rijeka 2020\",\"@id\":\"https:\/\/ri2020.eu\/en\/#\/schema\/person\/9c12d91df8c45bc534f625d9c81f403d\"},\"headline\":\"Rijeka 2020 brought world-renowned artists to Kvarner\",\"datePublished\":\"2019-07-03T15:07:48+00:00\",\"mainEntityOfPage\":{\"@id\":\"https:\/\/ri2020.eu\/en\/rijeka-2020-brought-world-renowned-artists-to-kvarner\/\"},\"wordCount\":1812,\"publisher\":{\"@id\":\"https:\/\/ri2020.eu\/en\/#organization\"},\"image\":{\"@id\":\"https:\/\/ri2020.eu\/en\/rijeka-2020-brought-world-renowned-artists-to-kvarner\/#primaryimage\"},\"thumbnailUrl\":\"https:\/\/ri2020.eu\/wp-content\/uploads\/2019\/07\/Volosko_Laginja-i-Kovanda-694x450.jpg\",\"keywords\":[\"lungomare\",\"Rijeka 2020\"],\"articleSection\":[\"Lungomare Art\",\"News\"],\"inLanguage\":\"en-US\"},{\"@type\":\"WebPage\",\"@id\":\"https:\/\/ri2020.eu\/en\/rijeka-2020-brought-world-renowned-artists-to-kvarner\/\",\"url\":\"https:\/\/ri2020.eu\/en\/rijeka-2020-brought-world-renowned-artists-to-kvarner\/\",\"name\":\"Rijeka 2020 brought world-renowned artists to Kvarner &#8226; Rijeka 2020\",\"isPartOf\":{\"@id\":\"https:\/\/ri2020.eu\/en\/#website\"},\"primaryImageOfPage\":{\"@id\":\"https:\/\/ri2020.eu\/en\/rijeka-2020-brought-world-renowned-artists-to-kvarner\/#primaryimage\"},\"image\":{\"@id\":\"https:\/\/ri2020.eu\/en\/rijeka-2020-brought-world-renowned-artists-to-kvarner\/#primaryimage\"},\"thumbnailUrl\":\"https:\/\/ri2020.eu\/wp-content\/uploads\/2019\/07\/Volosko_Laginja-i-Kovanda-694x450.jpg\",\"datePublished\":\"2019-07-03T15:07:48+00:00\",\"breadcrumb\":{\"@id\":\"https:\/\/ri2020.eu\/en\/rijeka-2020-brought-world-renowned-artists-to-kvarner\/#breadcrumb\"},\"inLanguage\":\"en-US\",\"potentialAction\":[{\"@type\":\"ReadAction\",\"target\":[\"https:\/\/ri2020.eu\/en\/rijeka-2020-brought-world-renowned-artists-to-kvarner\/\"]}]},{\"@type\":\"ImageObject\",\"inLanguage\":\"en-US\",\"@id\":\"https:\/\/ri2020.eu\/en\/rijeka-2020-brought-world-renowned-artists-to-kvarner\/#primaryimage\",\"url\":\"https:\/\/ri2020.eu\/wp-content\/uploads\/2019\/07\/Volosko_Laginja-i-Kovanda-694x450.jpg\",\"contentUrl\":\"https:\/\/ri2020.eu\/wp-content\/uploads\/2019\/07\/Volosko_Laginja-i-Kovanda-694x450.jpg\",\"width\":694,\"height\":450},{\"@type\":\"BreadcrumbList\",\"@id\":\"https:\/\/ri2020.eu\/en\/rijeka-2020-brought-world-renowned-artists-to-kvarner\/#breadcrumb\",\"itemListElement\":[{\"@type\":\"ListItem\",\"position\":1,\"name\":\"Home\",\"item\":\"https:\/\/ri2020.eu\/en\/\"},{\"@type\":\"ListItem\",\"position\":2,\"name\":\"Rijeka 2020 brought world-renowned artists to Kvarner\"}]},{\"@type\":\"WebSite\",\"@id\":\"https:\/\/ri2020.eu\/en\/#website\",\"url\":\"https:\/\/ri2020.eu\/en\/\",\"name\":\"Rijeka 2020\",\"description\":\"Europska prijestolnica kulture\",\"publisher\":{\"@id\":\"https:\/\/ri2020.eu\/en\/#organization\"},\"potentialAction\":[{\"@type\":\"SearchAction\",\"target\":{\"@type\":\"EntryPoint\",\"urlTemplate\":\"https:\/\/ri2020.eu\/en\/?s={search_term_string}\"},\"query-input\":{\"@type\":\"PropertyValueSpecification\",\"valueRequired\":true,\"valueName\":\"search_term_string\"}}],\"inLanguage\":\"en-US\"},{\"@type\":\"Organization\",\"@id\":\"https:\/\/ri2020.eu\/en\/#organization\",\"name\":\"Rijeka 2020 d.o.o.\",\"url\":\"https:\/\/ri2020.eu\/en\/\",\"logo\":{\"@type\":\"ImageObject\",\"inLanguage\":\"en-US\",\"@id\":\"https:\/\/ri2020.eu\/en\/#\/schema\/logo\/image\/\",\"url\":\"https:\/\/rijeka2020.eu\/wp-content\/uploads\/2018\/07\/Ri2020-logo.png\",\"contentUrl\":\"https:\/\/rijeka2020.eu\/wp-content\/uploads\/2018\/07\/Ri2020-logo.png\",\"width\":407,\"height\":175,\"caption\":\"Rijeka 2020 d.o.o.\"},\"image\":{\"@id\":\"https:\/\/ri2020.eu\/en\/#\/schema\/logo\/image\/\"},\"sameAs\":[\"https:\/\/www.facebook.com\/rijeka2020\",\"https:\/\/x.com\/Rijeka2020\",\"https:\/\/www.instagram.com\/rijeka2020\/\",\"https:\/\/www.youtube.com\/user\/riepk2020\"]},{\"@type\":\"Person\",\"@id\":\"https:\/\/ri2020.eu\/en\/#\/schema\/person\/9c12d91df8c45bc534f625d9c81f403d\",\"name\":\"Rijeka 2020\",\"url\":\"https:\/\/ri2020.eu\/en\/author\/lsm\/\"}]}<\/script>\n<!-- \/ Yoast SEO plugin. -->","yoast_head_json":{"title":"Rijeka 2020 brought world-renowned artists to Kvarner &#8226; Rijeka 2020","robots":{"index":"index","follow":"follow","max-snippet":"max-snippet:-1","max-image-preview":"max-image-preview:large","max-video-preview":"max-video-preview:-1"},"canonical":"https:\/\/ri2020.eu\/en\/rijeka-2020-brought-world-renowned-artists-to-kvarner\/","og_locale":"en_US","og_type":"article","og_title":"Rijeka 2020 brought world-renowned artists to Kvarner &#8226; Rijeka 2020","og_description":"A highlight of April and May of this year were the study visits of a few Lungomare artists with the aim of becoming thoroughly familiarized with the locations selected for the research that will culminate in permanent art installations.","og_url":"https:\/\/ri2020.eu\/en\/rijeka-2020-brought-world-renowned-artists-to-kvarner\/","og_site_name":"Rijeka 2020","article_publisher":"https:\/\/www.facebook.com\/rijeka2020","article_published_time":"2019-07-03T15:07:48+00:00","og_image":[{"width":694,"height":450,"url":"https:\/\/ri2020.eu\/wp-content\/uploads\/2019\/07\/Volosko_Laginja-i-Kovanda-694x450.jpg","type":"image\/jpeg"}],"author":"Rijeka 2020","twitter_card":"summary_large_image","twitter_creator":"@Rijeka2020","twitter_site":"@Rijeka2020","twitter_misc":{"Written by":"Rijeka 2020","Est. reading time":"9 minutes"},"schema":{"@context":"https:\/\/schema.org","@graph":[{"@type":"Article","@id":"https:\/\/ri2020.eu\/en\/rijeka-2020-brought-world-renowned-artists-to-kvarner\/#article","isPartOf":{"@id":"https:\/\/ri2020.eu\/en\/rijeka-2020-brought-world-renowned-artists-to-kvarner\/"},"author":{"name":"Rijeka 2020","@id":"https:\/\/ri2020.eu\/en\/#\/schema\/person\/9c12d91df8c45bc534f625d9c81f403d"},"headline":"Rijeka 2020 brought world-renowned artists to Kvarner","datePublished":"2019-07-03T15:07:48+00:00","mainEntityOfPage":{"@id":"https:\/\/ri2020.eu\/en\/rijeka-2020-brought-world-renowned-artists-to-kvarner\/"},"wordCount":1812,"publisher":{"@id":"https:\/\/ri2020.eu\/en\/#organization"},"image":{"@id":"https:\/\/ri2020.eu\/en\/rijeka-2020-brought-world-renowned-artists-to-kvarner\/#primaryimage"},"thumbnailUrl":"https:\/\/ri2020.eu\/wp-content\/uploads\/2019\/07\/Volosko_Laginja-i-Kovanda-694x450.jpg","keywords":["lungomare","Rijeka 2020"],"articleSection":["Lungomare Art","News"],"inLanguage":"en-US"},{"@type":"WebPage","@id":"https:\/\/ri2020.eu\/en\/rijeka-2020-brought-world-renowned-artists-to-kvarner\/","url":"https:\/\/ri2020.eu\/en\/rijeka-2020-brought-world-renowned-artists-to-kvarner\/","name":"Rijeka 2020 brought world-renowned artists to Kvarner &#8226; Rijeka 2020","isPartOf":{"@id":"https:\/\/ri2020.eu\/en\/#website"},"primaryImageOfPage":{"@id":"https:\/\/ri2020.eu\/en\/rijeka-2020-brought-world-renowned-artists-to-kvarner\/#primaryimage"},"image":{"@id":"https:\/\/ri2020.eu\/en\/rijeka-2020-brought-world-renowned-artists-to-kvarner\/#primaryimage"},"thumbnailUrl":"https:\/\/ri2020.eu\/wp-content\/uploads\/2019\/07\/Volosko_Laginja-i-Kovanda-694x450.jpg","datePublished":"2019-07-03T15:07:48+00:00","breadcrumb":{"@id":"https:\/\/ri2020.eu\/en\/rijeka-2020-brought-world-renowned-artists-to-kvarner\/#breadcrumb"},"inLanguage":"en-US","potentialAction":[{"@type":"ReadAction","target":["https:\/\/ri2020.eu\/en\/rijeka-2020-brought-world-renowned-artists-to-kvarner\/"]}]},{"@type":"ImageObject","inLanguage":"en-US","@id":"https:\/\/ri2020.eu\/en\/rijeka-2020-brought-world-renowned-artists-to-kvarner\/#primaryimage","url":"https:\/\/ri2020.eu\/wp-content\/uploads\/2019\/07\/Volosko_Laginja-i-Kovanda-694x450.jpg","contentUrl":"https:\/\/ri2020.eu\/wp-content\/uploads\/2019\/07\/Volosko_Laginja-i-Kovanda-694x450.jpg","width":694,"height":450},{"@type":"BreadcrumbList","@id":"https:\/\/ri2020.eu\/en\/rijeka-2020-brought-world-renowned-artists-to-kvarner\/#breadcrumb","itemListElement":[{"@type":"ListItem","position":1,"name":"Home","item":"https:\/\/ri2020.eu\/en\/"},{"@type":"ListItem","position":2,"name":"Rijeka 2020 brought world-renowned artists to Kvarner"}]},{"@type":"WebSite","@id":"https:\/\/ri2020.eu\/en\/#website","url":"https:\/\/ri2020.eu\/en\/","name":"Rijeka 2020","description":"Europska prijestolnica kulture","publisher":{"@id":"https:\/\/ri2020.eu\/en\/#organization"},"potentialAction":[{"@type":"SearchAction","target":{"@type":"EntryPoint","urlTemplate":"https:\/\/ri2020.eu\/en\/?s={search_term_string}"},"query-input":{"@type":"PropertyValueSpecification","valueRequired":true,"valueName":"search_term_string"}}],"inLanguage":"en-US"},{"@type":"Organization","@id":"https:\/\/ri2020.eu\/en\/#organization","name":"Rijeka 2020 d.o.o.","url":"https:\/\/ri2020.eu\/en\/","logo":{"@type":"ImageObject","inLanguage":"en-US","@id":"https:\/\/ri2020.eu\/en\/#\/schema\/logo\/image\/","url":"https:\/\/rijeka2020.eu\/wp-content\/uploads\/2018\/07\/Ri2020-logo.png","contentUrl":"https:\/\/rijeka2020.eu\/wp-content\/uploads\/2018\/07\/Ri2020-logo.png","width":407,"height":175,"caption":"Rijeka 2020 d.o.o."},"image":{"@id":"https:\/\/ri2020.eu\/en\/#\/schema\/logo\/image\/"},"sameAs":["https:\/\/www.facebook.com\/rijeka2020","https:\/\/x.com\/Rijeka2020","https:\/\/www.instagram.com\/rijeka2020\/","https:\/\/www.youtube.com\/user\/riepk2020"]},{"@type":"Person","@id":"https:\/\/ri2020.eu\/en\/#\/schema\/person\/9c12d91df8c45bc534f625d9c81f403d","name":"Rijeka 2020","url":"https:\/\/ri2020.eu\/en\/author\/lsm\/"}]}},"_links":{"self":[{"href":"https:\/\/ri2020.eu\/en\/wp-json\/wp\/v2\/posts\/29747","targetHints":{"allow":["GET"]}}],"collection":[{"href":"https:\/\/ri2020.eu\/en\/wp-json\/wp\/v2\/posts"}],"about":[{"href":"https:\/\/ri2020.eu\/en\/wp-json\/wp\/v2\/types\/post"}],"author":[{"embeddable":true,"href":"https:\/\/ri2020.eu\/en\/wp-json\/wp\/v2\/users\/72"}],"replies":[{"embeddable":true,"href":"https:\/\/ri2020.eu\/en\/wp-json\/wp\/v2\/comments?post=29747"}],"version-history":[{"count":0,"href":"https:\/\/ri2020.eu\/en\/wp-json\/wp\/v2\/posts\/29747\/revisions"}],"wp:featuredmedia":[{"embeddable":true,"href":"https:\/\/ri2020.eu\/en\/wp-json\/wp\/v2\/media\/29748"}],"wp:attachment":[{"href":"https:\/\/ri2020.eu\/en\/wp-json\/wp\/v2\/media?parent=29747"}],"wp:term":[{"taxonomy":"category","embeddable":true,"href":"https:\/\/ri2020.eu\/en\/wp-json\/wp\/v2\/categories?post=29747"},{"taxonomy":"post_tag","embeddable":true,"href":"https:\/\/ri2020.eu\/en\/wp-json\/wp\/v2\/tags?post=29747"}],"curies":[{"name":"wp","href":"https:\/\/api.w.org\/{rel}","templated":true}]}}