{"id":29249,"date":"2019-06-17T15:27:13","date_gmt":"2019-06-17T13:27:13","guid":{"rendered":"https:\/\/rijeka2020.eu\/?p=29249"},"modified":"2019-06-17T15:27:13","modified_gmt":"2019-06-17T13:27:13","slug":"11-civil-initiative-projects-rolled-out-you-can-also-propose-your-own","status":"publish","type":"post","link":"https:\/\/ri2020.eu\/en\/11-civil-initiative-projects-rolled-out-you-can-also-propose-your-own\/","title":{"rendered":"11 Civil Initiative projects rolled out, you can also propose your own!"},"content":{"rendered":"<p>A call for proposals for Civil Initiative and Green wave projects will be open until 19 June. Also, 10 June is the deadline for applying to participate in the Citizens&#8217; Council, which evaluates and recommends submitted projects for funding.<\/p>\n<p>The new Participate! campaign once again clearly shows the intention of Rijeka 2020 to actively engage its citizens in the implementation of the European Capital of Culture project and demonstrates how a successful project, which would improve the cultural landscape and quality of life in Rijeka, can be implemented only by close cooperation between all involved partners and the citizens themselves.<\/p>\n<p>Eleven projects were earmarked for funding in the first round of the Participate! campaign, which was implemented last year.<\/p>\n<p><strong>1. Let&#8217;s Read Together Under the Trees \u2013 Mlaka Citizens&#8217; Group<\/strong><br \/>\nThe aim of this project is to connect the pupils and employees of Podmurvica Primary School with the neighbouring Gelsi Primary School, Podmurvice Nursery School, Mlaka Neighbourhood Council and all interested citizens. With that in mind, a gazebo will be placed in the upcoming days in the newly-opened school garden as a reading corner and an outdoor classroom of sorts. A book-shaped bench and a wooden booth for depositing books will also be installed. This will stimulate bookcrossing, which is the practice of leaving books in public spaces for others to take, read and pass on.<\/p>\n<p><img loading=\"lazy\" decoding=\"async\" class=\"alignnone size-full wp-image-28813\" src=\"https:\/\/rijeka2020.eu\/wp-content\/uploads\/2019\/06\/\u010ditajmo-zajedno.png\" alt=\"\" width=\"555\" height=\"320\" srcset=\"https:\/\/ri2020.eu\/wp-content\/uploads\/2019\/06\/\u010ditajmo-zajedno.png 555w, https:\/\/ri2020.eu\/wp-content\/uploads\/2019\/06\/\u010ditajmo-zajedno-255x147.png 255w, https:\/\/ri2020.eu\/wp-content\/uploads\/2019\/06\/\u010ditajmo-zajedno-250x144.png 250w, https:\/\/ri2020.eu\/wp-content\/uploads\/2019\/06\/\u010ditajmo-zajedno-420x242.png 420w\" sizes=\"auto, (max-width: 555px) 100vw, 555px\" \/><\/p>\n<p><strong>2. Green Film Revue \u2013 Rijeka Transitional Initiative<\/strong><br \/>\nThe Green Film Revue shows documentaries on the topics of ecology and transition that encompasses worldwide self-organised civil initiatives that devise community endeavours for leading healthier and better lives without degrading the environment. After each screening, a workshop will be held led by experts, transitional and ecological activists, professors, entrepreneurs etc.<\/p>\n<p>The screenings and workshops at RiHUb are already underway, while other screenings are also planned at the Gornja Ve\u017eica Primary School Permaculture Garden, Waldorf Primary School Garden, Astronomical Centre and other venues.<\/p>\n<p><img loading=\"lazy\" decoding=\"async\" class=\"alignnone size-full wp-image-28815\" src=\"https:\/\/rijeka2020.eu\/wp-content\/uploads\/2019\/06\/revija-zelenog-filma.jpg\" alt=\"\" width=\"555\" height=\"320\" srcset=\"https:\/\/ri2020.eu\/wp-content\/uploads\/2019\/06\/revija-zelenog-filma.jpg 555w, https:\/\/ri2020.eu\/wp-content\/uploads\/2019\/06\/revija-zelenog-filma-255x147.jpg 255w, https:\/\/ri2020.eu\/wp-content\/uploads\/2019\/06\/revija-zelenog-filma-250x144.jpg 250w, https:\/\/ri2020.eu\/wp-content\/uploads\/2019\/06\/revija-zelenog-filma-420x242.jpg 420w\" sizes=\"auto, (max-width: 555px) 100vw, 555px\" \/><\/p>\n<p><strong>3. Revive Rijeka \u2013 CPR 30:2<\/strong><br \/>\nRevive Rijeka is a project aimed at teaching how to perform CPR. Approximately 9.000 people in Croatia go into cardiac arrest every year, with only 10% surviving. In most cases, bystanders witness cardiac arrest and by performing CPR they can quadruple the chances of survival. The project would include 200 employees from cultural institutions in Rijeka working in small groups, with an educational video also being made. The people attending CPR classes are public figures who are often present at large gatherings, thus increasing the possibility of witnessing cardiac arrest.<\/p>\n<p><img loading=\"lazy\" decoding=\"async\" class=\"alignnone size-full wp-image-28817\" src=\"https:\/\/rijeka2020.eu\/wp-content\/uploads\/2019\/06\/o\u017eivi-rijeku.jpg\" alt=\"\" width=\"555\" height=\"320\" srcset=\"https:\/\/ri2020.eu\/wp-content\/uploads\/2019\/06\/o\u017eivi-rijeku.jpg 555w, https:\/\/ri2020.eu\/wp-content\/uploads\/2019\/06\/o\u017eivi-rijeku-255x147.jpg 255w, https:\/\/ri2020.eu\/wp-content\/uploads\/2019\/06\/o\u017eivi-rijeku-250x144.jpg 250w, https:\/\/ri2020.eu\/wp-content\/uploads\/2019\/06\/o\u017eivi-rijeku-420x242.jpg 420w\" sizes=\"auto, (max-width: 555px) 100vw, 555px\" \/><\/p>\n<p><strong>4. St. Barbara Square to the Children \u2013 Porti\u0107 Association<\/strong><br \/>\nThe project of redeveloping St. Barbara Square is aimed at reviving and making the square in the city centre greener. The members and volunteers of the Porti\u0107 association for the promotion of children&#8217;s well-being plan to install benches and bookcases, with an emphasis on children&#8217;s picture books and books. The selected works of children&#8217;s literature would serve as a promotional vehicle for Croatian writers and illustrators, especially those from Rijeka. The goal is to transform St. Barbara Square into a cosy gathering place for people of all ages, particularly families with children, as well as a venue for children&#8217;s workshops and open-air events.<\/p>\n<p><img loading=\"lazy\" decoding=\"async\" class=\"alignnone size-full wp-image-28819\" src=\"https:\/\/rijeka2020.eu\/wp-content\/uploads\/2019\/06\/trg-sv.-barbare.jpg\" alt=\"\" width=\"555\" height=\"320\" srcset=\"https:\/\/ri2020.eu\/wp-content\/uploads\/2019\/06\/trg-sv.-barbare.jpg 555w, https:\/\/ri2020.eu\/wp-content\/uploads\/2019\/06\/trg-sv.-barbare-255x147.jpg 255w, https:\/\/ri2020.eu\/wp-content\/uploads\/2019\/06\/trg-sv.-barbare-250x144.jpg 250w, https:\/\/ri2020.eu\/wp-content\/uploads\/2019\/06\/trg-sv.-barbare-420x242.jpg 420w\" sizes=\"auto, (max-width: 555px) 100vw, 555px\" \/><\/p>\n<p><strong>5. Make the Dream Real, Prepare Your Own Meal! \u2013 Pensioners Association of the City of Rijeka<\/strong><br \/>\nThe aim of the project is to enable elderly people who live alone and don&#8217;t know how to cook to prepare diverse healthy meals on their own. The cooking lessons for pensioners will also serve as a platform for promoting and learning more about the culinary and gastronomic culture of preparing traditional and modest folk dishes. They would be attending cooking lessons adapted to single-persons, in addition to a programme enhanced with meetings dealing with nutrition and planning affordable shopping, as well as exploring the farmers&#8217; markets in Rijeka. These informal lessons would be conducted under the guidance of volunteers, retired cooks and caterers from the Pensioners Association of Rijeka.<\/p>\n<p><img loading=\"lazy\" decoding=\"async\" class=\"alignnone size-full wp-image-28821\" src=\"https:\/\/rijeka2020.eu\/wp-content\/uploads\/2019\/06\/skuhaj-si-sam.jpg\" alt=\"\" width=\"555\" height=\"320\" srcset=\"https:\/\/ri2020.eu\/wp-content\/uploads\/2019\/06\/skuhaj-si-sam.jpg 555w, https:\/\/ri2020.eu\/wp-content\/uploads\/2019\/06\/skuhaj-si-sam-255x147.jpg 255w, https:\/\/ri2020.eu\/wp-content\/uploads\/2019\/06\/skuhaj-si-sam-250x144.jpg 250w, https:\/\/ri2020.eu\/wp-content\/uploads\/2019\/06\/skuhaj-si-sam-420x242.jpg 420w\" sizes=\"auto, (max-width: 555px) 100vw, 555px\" \/><\/p>\n<p><strong>6. Promenade Concert at Tito&#8217;s Bridge \u2013 Su\u0161ak Residents&#8217; Club<\/strong><br \/>\nPromenade concert performances by brass bands from the city and the surrounding area (Trsat, Spin\u010di\u0107i, Marini\u0107i) will take place once a month (on Saturdays) at noon in order to increase the use of Tito&#8217;s Bridge at the Rje\u010dina River as a concert venue. The Su\u0161ak Residents&#8217; Club wants the promenade concerts to become a tradition and to be recognised as a local social and cultural event, as is the case in most European cities. Two concerts have already been held, while the rest are scheduled for 6 July, 14 September, 12 October and 9 November.<\/p>\n<p><img loading=\"lazy\" decoding=\"async\" class=\"alignnone size-full wp-image-28823\" src=\"https:\/\/rijeka2020.eu\/wp-content\/uploads\/2019\/06\/promenadni-koncerti.jpg\" alt=\"\" width=\"555\" height=\"320\" srcset=\"https:\/\/ri2020.eu\/wp-content\/uploads\/2019\/06\/promenadni-koncerti.jpg 555w, https:\/\/ri2020.eu\/wp-content\/uploads\/2019\/06\/promenadni-koncerti-255x147.jpg 255w, https:\/\/ri2020.eu\/wp-content\/uploads\/2019\/06\/promenadni-koncerti-250x144.jpg 250w, https:\/\/ri2020.eu\/wp-content\/uploads\/2019\/06\/promenadni-koncerti-420x242.jpg 420w\" sizes=\"auto, (max-width: 555px) 100vw, 555px\" \/><\/p>\n<p><strong>7. Underground Rhythm \u2013 Underground rhythm<\/strong><br \/>\nThe aim of the project is to teach citizens about the basics of instruments and music production in Rijeka. Through a series of musical workshops, the Shelter team will showcase a part of the Rijeka underground scene that gathers at the repurposed shelter of the skyscraper in Kozala to their neighbours and fellow townspeople. In addition to stressing the importance of alternative music genres in the everyday hustle and bustle, they also hope to raise the level of community cohesion by bringing the neighbourhood and the public together through artistic practices.<\/p>\n<p><img loading=\"lazy\" decoding=\"async\" class=\"alignnone size-full wp-image-28210\" src=\"https:\/\/rijeka2020.eu\/wp-content\/uploads\/2019\/05\/ritam-podzemlja.jpg\" alt=\"\" width=\"555\" height=\"320\" srcset=\"https:\/\/ri2020.eu\/wp-content\/uploads\/2019\/05\/ritam-podzemlja.jpg 555w, https:\/\/ri2020.eu\/wp-content\/uploads\/2019\/05\/ritam-podzemlja-255x147.jpg 255w, https:\/\/ri2020.eu\/wp-content\/uploads\/2019\/05\/ritam-podzemlja-250x144.jpg 250w, https:\/\/ri2020.eu\/wp-content\/uploads\/2019\/05\/ritam-podzemlja-420x242.jpg 420w\" sizes=\"auto, (max-width: 555px) 100vw, 555px\" \/><\/p>\n<p><strong>8. Ri Urban Inclusive Walking 2020! Inclusive and Sustainable Rijeka\u201d \u2013 Society for Research and Support<\/strong><br \/>\nThis project seeks to organise Nordic walking classes for young people with developmental disabilities and introduce a simple and healthy physical activity to citizens through social inclusion. Over a two-month period, society members will train and acquire proper Nordic walking skills, while all interested citizens will be able to join in the next, expanded project phase.<\/p>\n<p><img loading=\"lazy\" decoding=\"async\" class=\"alignnone size-full wp-image-28825\" src=\"https:\/\/rijeka2020.eu\/wp-content\/uploads\/2019\/06\/urban-walking.jpg\" alt=\"\" width=\"555\" height=\"320\" srcset=\"https:\/\/ri2020.eu\/wp-content\/uploads\/2019\/06\/urban-walking.jpg 555w, https:\/\/ri2020.eu\/wp-content\/uploads\/2019\/06\/urban-walking-255x147.jpg 255w, https:\/\/ri2020.eu\/wp-content\/uploads\/2019\/06\/urban-walking-250x144.jpg 250w, https:\/\/ri2020.eu\/wp-content\/uploads\/2019\/06\/urban-walking-420x242.jpg 420w\" sizes=\"auto, (max-width: 555px) 100vw, 555px\" \/><\/p>\n<p><strong>9. Concrete Memories \u2013 Kura\u017e Urban Regeneration Association<\/strong><br \/>\nAs part of the Civil Initiatives, the Kura\u017e Association is implementing the Concrete Memories project to celebrate the memory of the construction of the \u0160kurinje neighbourhood, which sprang from the concrete in the 1970s. An artwork in the form of a concrete monument, created in cooperation with Dra\u017een Vitolovi\u0107 from the Rijeka Academy of Applied Arts, will be erected as part of the project on Negri Street, which offers a clear view of the former Adria Monti factory that built \u0160kurinje from concrete blocks.<\/p>\n<p><img loading=\"lazy\" decoding=\"async\" class=\"alignnone size-full wp-image-28827\" src=\"https:\/\/rijeka2020.eu\/wp-content\/uploads\/2019\/06\/betonirana-sje\u0107anja.jpg\" alt=\"\" width=\"555\" height=\"320\" srcset=\"https:\/\/ri2020.eu\/wp-content\/uploads\/2019\/06\/betonirana-sje\u0107anja.jpg 555w, https:\/\/ri2020.eu\/wp-content\/uploads\/2019\/06\/betonirana-sje\u0107anja-255x147.jpg 255w, https:\/\/ri2020.eu\/wp-content\/uploads\/2019\/06\/betonirana-sje\u0107anja-250x144.jpg 250w, https:\/\/ri2020.eu\/wp-content\/uploads\/2019\/06\/betonirana-sje\u0107anja-420x242.jpg 420w\" sizes=\"auto, (max-width: 555px) 100vw, 555px\" \/><\/p>\n<p><strong>10. Dance Evenings in Rijeka for Pensioners and the Elderly 2019 \u2013 eponymous Civil Initiative<\/strong><br \/>\nDance evenings in Rijeka for pensioners and the elderly include regular socialising with musical entertainment provided by the Aledory Duo, whose repertoire is suited to the elderly. Pensioners have shown great interest in these dance evenings throughout 2019, so in order for the project to continue, ticket sales have been introduced as a means of self-funding. The purpose of the initiative is to actively engage pensioners in the social life of the city and improve their quality of life. Music and dancing are forms of therapy for pensioners and since many of their life partners have passed away, dance evenings help them keep their mind off solitude, abandonment and small pensions.<\/p>\n<p><img loading=\"lazy\" decoding=\"async\" class=\"alignnone size-full wp-image-28829\" src=\"https:\/\/rijeka2020.eu\/wp-content\/uploads\/2019\/06\/plesne-ve\u010deri.jpg\" alt=\"\" width=\"555\" height=\"320\" srcset=\"https:\/\/ri2020.eu\/wp-content\/uploads\/2019\/06\/plesne-ve\u010deri.jpg 555w, https:\/\/ri2020.eu\/wp-content\/uploads\/2019\/06\/plesne-ve\u010deri-255x147.jpg 255w, https:\/\/ri2020.eu\/wp-content\/uploads\/2019\/06\/plesne-ve\u010deri-250x144.jpg 250w, https:\/\/ri2020.eu\/wp-content\/uploads\/2019\/06\/plesne-ve\u010deri-420x242.jpg 420w\" sizes=\"auto, (max-width: 555px) 100vw, 555px\" \/><\/p>\n<p><strong>11. RIspect \u2013 workshop for the strengthening and reintegration of marginalised senior citizens<\/strong><br \/>\nThe project deals with the integration of senior citizens who have often been marginalised in the society of their healthier peers due to a speech, psychological, physical or medical disability. The idea is to reintegrate these persons and strengthen them for an independent life through interactive and specially-adapted workshops that offer group exercises, psychological workshops for dealing with stress and strengthening emotional resilience as well as self-care training courses.<\/p>\n<p><img loading=\"lazy\" decoding=\"async\" class=\"alignnone size-full wp-image-28831\" src=\"https:\/\/rijeka2020.eu\/wp-content\/uploads\/2019\/06\/rispekt-1.jpg\" alt=\"\" width=\"555\" height=\"320\" srcset=\"https:\/\/ri2020.eu\/wp-content\/uploads\/2019\/06\/rispekt-1.jpg 555w, https:\/\/ri2020.eu\/wp-content\/uploads\/2019\/06\/rispekt-1-255x147.jpg 255w, https:\/\/ri2020.eu\/wp-content\/uploads\/2019\/06\/rispekt-1-250x144.jpg 250w, https:\/\/ri2020.eu\/wp-content\/uploads\/2019\/06\/rispekt-1-420x242.jpg 420w\" sizes=\"auto, (max-width: 555px) 100vw, 555px\" \/><\/p>\n","protected":false},"excerpt":{"rendered":"<p>In order to encourage citizens to come up with a project that would enhance the city with social-cultural and art campaigns, for which they would receive financial support, an Info Day was held at RiHub as part of the Participate! campaign. At this day, Civil Initiative projects that received funding and are slated for implementation by the end of 2019 were rolled out. Selected Green Wave projects were rolled out at RiHub on Tuesday, 5 June at 5 pm!<\/p>\n","protected":false},"author":72,"featured_media":28811,"comment_status":"closed","ping_status":"closed","sticky":false,"template":"","format":"standard","meta":{"_acf_changed":false,"footnotes":""},"categories":[3691,2731,3468],"tags":[],"class_list":["post-29249","post","type-post","status-publish","format-standard","has-post-thumbnail","hentry","category-civil-initiatives","category-news","category-rihub"],"acf":[],"yoast_head":"<!-- This site is optimized with the Yoast SEO plugin v26.8 - https:\/\/yoast.com\/product\/yoast-seo-wordpress\/ -->\n<title>11 Civil Initiative projects rolled out, you can also propose your own! &#8226; Rijeka 2020<\/title>\n<meta name=\"robots\" content=\"index, follow, max-snippet:-1, max-image-preview:large, max-video-preview:-1\" \/>\n<link rel=\"canonical\" href=\"https:\/\/ri2020.eu\/en\/11-civil-initiative-projects-rolled-out-you-can-also-propose-your-own\/\" \/>\n<meta property=\"og:locale\" content=\"en_US\" \/>\n<meta property=\"og:type\" content=\"article\" \/>\n<meta property=\"og:title\" content=\"11 Civil Initiative projects rolled out, you can also propose your own! &#8226; Rijeka 2020\" \/>\n<meta property=\"og:description\" content=\"In order to encourage citizens to come up with a project that would enhance the city with social-cultural and art campaigns, for which they would receive financial support, an Info Day was held at RiHub as part of the Participate! campaign. At this day, Civil Initiative projects that received funding and are slated for implementation by the end of 2019 were rolled out. Selected Green Wave projects were rolled out at RiHub on Tuesday, 5 June at 5 pm!\" \/>\n<meta property=\"og:url\" content=\"https:\/\/ri2020.eu\/en\/11-civil-initiative-projects-rolled-out-you-can-also-propose-your-own\/\" \/>\n<meta property=\"og:site_name\" content=\"Rijeka 2020\" \/>\n<meta property=\"article:publisher\" content=\"https:\/\/www.facebook.com\/rijeka2020\" \/>\n<meta property=\"article:published_time\" content=\"2019-06-17T13:27:13+00:00\" \/>\n<meta property=\"og:image\" content=\"https:\/\/rijeka2020.eu\/wp-content\/uploads\/2019\/06\/civilne-inicijative.jpg\" \/>\n\t<meta property=\"og:image:width\" content=\"555\" \/>\n\t<meta property=\"og:image:height\" content=\"320\" \/>\n\t<meta property=\"og:image:type\" content=\"image\/jpeg\" \/>\n<meta name=\"author\" content=\"Rijeka 2020\" \/>\n<meta name=\"twitter:card\" content=\"summary_large_image\" \/>\n<meta name=\"twitter:creator\" content=\"@Rijeka2020\" \/>\n<meta name=\"twitter:site\" content=\"@Rijeka2020\" \/>\n<meta name=\"twitter:label1\" content=\"Written by\" \/>\n\t<meta name=\"twitter:data1\" content=\"Rijeka 2020\" \/>\n\t<meta name=\"twitter:label2\" content=\"Est. reading time\" \/>\n\t<meta name=\"twitter:data2\" content=\"6 minutes\" \/>\n<script type=\"application\/ld+json\" class=\"yoast-schema-graph\">{\"@context\":\"https:\/\/schema.org\",\"@graph\":[{\"@type\":\"Article\",\"@id\":\"https:\/\/ri2020.eu\/en\/11-civil-initiative-projects-rolled-out-you-can-also-propose-your-own\/#article\",\"isPartOf\":{\"@id\":\"https:\/\/ri2020.eu\/en\/11-civil-initiative-projects-rolled-out-you-can-also-propose-your-own\/\"},\"author\":{\"name\":\"Rijeka 2020\",\"@id\":\"https:\/\/rijeka2020.eu\/en\/#\/schema\/person\/9c12d91df8c45bc534f625d9c81f403d\"},\"headline\":\"11 Civil Initiative projects rolled out, you can also propose your own!\",\"datePublished\":\"2019-06-17T13:27:13+00:00\",\"mainEntityOfPage\":{\"@id\":\"https:\/\/ri2020.eu\/en\/11-civil-initiative-projects-rolled-out-you-can-also-propose-your-own\/\"},\"wordCount\":1218,\"publisher\":{\"@id\":\"https:\/\/rijeka2020.eu\/en\/#organization\"},\"image\":{\"@id\":\"https:\/\/ri2020.eu\/en\/11-civil-initiative-projects-rolled-out-you-can-also-propose-your-own\/#primaryimage\"},\"thumbnailUrl\":\"https:\/\/ri2020.eu\/wp-content\/uploads\/2019\/06\/civilne-inicijative.jpg\",\"articleSection\":[\"Civil Initiatives\",\"News\",\"RiHub\"],\"inLanguage\":\"en-US\"},{\"@type\":\"WebPage\",\"@id\":\"https:\/\/ri2020.eu\/en\/11-civil-initiative-projects-rolled-out-you-can-also-propose-your-own\/\",\"url\":\"https:\/\/ri2020.eu\/en\/11-civil-initiative-projects-rolled-out-you-can-also-propose-your-own\/\",\"name\":\"11 Civil Initiative projects rolled out, you can also propose your own! &#8226; Rijeka 2020\",\"isPartOf\":{\"@id\":\"https:\/\/rijeka2020.eu\/en\/#website\"},\"primaryImageOfPage\":{\"@id\":\"https:\/\/ri2020.eu\/en\/11-civil-initiative-projects-rolled-out-you-can-also-propose-your-own\/#primaryimage\"},\"image\":{\"@id\":\"https:\/\/ri2020.eu\/en\/11-civil-initiative-projects-rolled-out-you-can-also-propose-your-own\/#primaryimage\"},\"thumbnailUrl\":\"https:\/\/ri2020.eu\/wp-content\/uploads\/2019\/06\/civilne-inicijative.jpg\",\"datePublished\":\"2019-06-17T13:27:13+00:00\",\"breadcrumb\":{\"@id\":\"https:\/\/ri2020.eu\/en\/11-civil-initiative-projects-rolled-out-you-can-also-propose-your-own\/#breadcrumb\"},\"inLanguage\":\"en-US\",\"potentialAction\":[{\"@type\":\"ReadAction\",\"target\":[\"https:\/\/ri2020.eu\/en\/11-civil-initiative-projects-rolled-out-you-can-also-propose-your-own\/\"]}]},{\"@type\":\"ImageObject\",\"inLanguage\":\"en-US\",\"@id\":\"https:\/\/ri2020.eu\/en\/11-civil-initiative-projects-rolled-out-you-can-also-propose-your-own\/#primaryimage\",\"url\":\"https:\/\/ri2020.eu\/wp-content\/uploads\/2019\/06\/civilne-inicijative.jpg\",\"contentUrl\":\"https:\/\/ri2020.eu\/wp-content\/uploads\/2019\/06\/civilne-inicijative.jpg\",\"width\":555,\"height\":320},{\"@type\":\"BreadcrumbList\",\"@id\":\"https:\/\/ri2020.eu\/en\/11-civil-initiative-projects-rolled-out-you-can-also-propose-your-own\/#breadcrumb\",\"itemListElement\":[{\"@type\":\"ListItem\",\"position\":1,\"name\":\"Home\",\"item\":\"https:\/\/rijeka2020.eu\/en\/\"},{\"@type\":\"ListItem\",\"position\":2,\"name\":\"11 Civil Initiative projects rolled out, you can also propose your own!\"}]},{\"@type\":\"WebSite\",\"@id\":\"https:\/\/rijeka2020.eu\/en\/#website\",\"url\":\"https:\/\/rijeka2020.eu\/en\/\",\"name\":\"Rijeka 2020\",\"description\":\"Europska prijestolnica kulture\",\"publisher\":{\"@id\":\"https:\/\/rijeka2020.eu\/en\/#organization\"},\"potentialAction\":[{\"@type\":\"SearchAction\",\"target\":{\"@type\":\"EntryPoint\",\"urlTemplate\":\"https:\/\/rijeka2020.eu\/en\/?s={search_term_string}\"},\"query-input\":{\"@type\":\"PropertyValueSpecification\",\"valueRequired\":true,\"valueName\":\"search_term_string\"}}],\"inLanguage\":\"en-US\"},{\"@type\":\"Organization\",\"@id\":\"https:\/\/rijeka2020.eu\/en\/#organization\",\"name\":\"Rijeka 2020 d.o.o.\",\"url\":\"https:\/\/rijeka2020.eu\/en\/\",\"logo\":{\"@type\":\"ImageObject\",\"inLanguage\":\"en-US\",\"@id\":\"https:\/\/rijeka2020.eu\/en\/#\/schema\/logo\/image\/\",\"url\":\"https:\/\/rijeka2020.eu\/wp-content\/uploads\/2018\/07\/Ri2020-logo.png\",\"contentUrl\":\"https:\/\/rijeka2020.eu\/wp-content\/uploads\/2018\/07\/Ri2020-logo.png\",\"width\":407,\"height\":175,\"caption\":\"Rijeka 2020 d.o.o.\"},\"image\":{\"@id\":\"https:\/\/rijeka2020.eu\/en\/#\/schema\/logo\/image\/\"},\"sameAs\":[\"https:\/\/www.facebook.com\/rijeka2020\",\"https:\/\/x.com\/Rijeka2020\",\"https:\/\/www.instagram.com\/rijeka2020\/\",\"https:\/\/www.youtube.com\/user\/riepk2020\"]},{\"@type\":\"Person\",\"@id\":\"https:\/\/rijeka2020.eu\/en\/#\/schema\/person\/9c12d91df8c45bc534f625d9c81f403d\",\"name\":\"Rijeka 2020\",\"url\":\"https:\/\/ri2020.eu\/en\/author\/lsm\/\"}]}<\/script>\n<!-- \/ Yoast SEO plugin. -->","yoast_head_json":{"title":"11 Civil Initiative projects rolled out, you can also propose your own! &#8226; Rijeka 2020","robots":{"index":"index","follow":"follow","max-snippet":"max-snippet:-1","max-image-preview":"max-image-preview:large","max-video-preview":"max-video-preview:-1"},"canonical":"https:\/\/ri2020.eu\/en\/11-civil-initiative-projects-rolled-out-you-can-also-propose-your-own\/","og_locale":"en_US","og_type":"article","og_title":"11 Civil Initiative projects rolled out, you can also propose your own! &#8226; Rijeka 2020","og_description":"In order to encourage citizens to come up with a project that would enhance the city with social-cultural and art campaigns, for which they would receive financial support, an Info Day was held at RiHub as part of the Participate! campaign. At this day, Civil Initiative projects that received funding and are slated for implementation by the end of 2019 were rolled out. Selected Green Wave projects were rolled out at RiHub on Tuesday, 5 June at 5 pm!","og_url":"https:\/\/ri2020.eu\/en\/11-civil-initiative-projects-rolled-out-you-can-also-propose-your-own\/","og_site_name":"Rijeka 2020","article_publisher":"https:\/\/www.facebook.com\/rijeka2020","article_published_time":"2019-06-17T13:27:13+00:00","og_image":[{"width":555,"height":320,"url":"https:\/\/rijeka2020.eu\/wp-content\/uploads\/2019\/06\/civilne-inicijative.jpg","type":"image\/jpeg"}],"author":"Rijeka 2020","twitter_card":"summary_large_image","twitter_creator":"@Rijeka2020","twitter_site":"@Rijeka2020","twitter_misc":{"Written by":"Rijeka 2020","Est. reading time":"6 minutes"},"schema":{"@context":"https:\/\/schema.org","@graph":[{"@type":"Article","@id":"https:\/\/ri2020.eu\/en\/11-civil-initiative-projects-rolled-out-you-can-also-propose-your-own\/#article","isPartOf":{"@id":"https:\/\/ri2020.eu\/en\/11-civil-initiative-projects-rolled-out-you-can-also-propose-your-own\/"},"author":{"name":"Rijeka 2020","@id":"https:\/\/rijeka2020.eu\/en\/#\/schema\/person\/9c12d91df8c45bc534f625d9c81f403d"},"headline":"11 Civil Initiative projects rolled out, you can also propose your own!","datePublished":"2019-06-17T13:27:13+00:00","mainEntityOfPage":{"@id":"https:\/\/ri2020.eu\/en\/11-civil-initiative-projects-rolled-out-you-can-also-propose-your-own\/"},"wordCount":1218,"publisher":{"@id":"https:\/\/rijeka2020.eu\/en\/#organization"},"image":{"@id":"https:\/\/ri2020.eu\/en\/11-civil-initiative-projects-rolled-out-you-can-also-propose-your-own\/#primaryimage"},"thumbnailUrl":"https:\/\/ri2020.eu\/wp-content\/uploads\/2019\/06\/civilne-inicijative.jpg","articleSection":["Civil Initiatives","News","RiHub"],"inLanguage":"en-US"},{"@type":"WebPage","@id":"https:\/\/ri2020.eu\/en\/11-civil-initiative-projects-rolled-out-you-can-also-propose-your-own\/","url":"https:\/\/ri2020.eu\/en\/11-civil-initiative-projects-rolled-out-you-can-also-propose-your-own\/","name":"11 Civil Initiative projects rolled out, you can also propose your own! &#8226; Rijeka 2020","isPartOf":{"@id":"https:\/\/rijeka2020.eu\/en\/#website"},"primaryImageOfPage":{"@id":"https:\/\/ri2020.eu\/en\/11-civil-initiative-projects-rolled-out-you-can-also-propose-your-own\/#primaryimage"},"image":{"@id":"https:\/\/ri2020.eu\/en\/11-civil-initiative-projects-rolled-out-you-can-also-propose-your-own\/#primaryimage"},"thumbnailUrl":"https:\/\/ri2020.eu\/wp-content\/uploads\/2019\/06\/civilne-inicijative.jpg","datePublished":"2019-06-17T13:27:13+00:00","breadcrumb":{"@id":"https:\/\/ri2020.eu\/en\/11-civil-initiative-projects-rolled-out-you-can-also-propose-your-own\/#breadcrumb"},"inLanguage":"en-US","potentialAction":[{"@type":"ReadAction","target":["https:\/\/ri2020.eu\/en\/11-civil-initiative-projects-rolled-out-you-can-also-propose-your-own\/"]}]},{"@type":"ImageObject","inLanguage":"en-US","@id":"https:\/\/ri2020.eu\/en\/11-civil-initiative-projects-rolled-out-you-can-also-propose-your-own\/#primaryimage","url":"https:\/\/ri2020.eu\/wp-content\/uploads\/2019\/06\/civilne-inicijative.jpg","contentUrl":"https:\/\/ri2020.eu\/wp-content\/uploads\/2019\/06\/civilne-inicijative.jpg","width":555,"height":320},{"@type":"BreadcrumbList","@id":"https:\/\/ri2020.eu\/en\/11-civil-initiative-projects-rolled-out-you-can-also-propose-your-own\/#breadcrumb","itemListElement":[{"@type":"ListItem","position":1,"name":"Home","item":"https:\/\/rijeka2020.eu\/en\/"},{"@type":"ListItem","position":2,"name":"11 Civil Initiative projects rolled out, you can also propose your own!"}]},{"@type":"WebSite","@id":"https:\/\/rijeka2020.eu\/en\/#website","url":"https:\/\/rijeka2020.eu\/en\/","name":"Rijeka 2020","description":"Europska prijestolnica kulture","publisher":{"@id":"https:\/\/rijeka2020.eu\/en\/#organization"},"potentialAction":[{"@type":"SearchAction","target":{"@type":"EntryPoint","urlTemplate":"https:\/\/rijeka2020.eu\/en\/?s={search_term_string}"},"query-input":{"@type":"PropertyValueSpecification","valueRequired":true,"valueName":"search_term_string"}}],"inLanguage":"en-US"},{"@type":"Organization","@id":"https:\/\/rijeka2020.eu\/en\/#organization","name":"Rijeka 2020 d.o.o.","url":"https:\/\/rijeka2020.eu\/en\/","logo":{"@type":"ImageObject","inLanguage":"en-US","@id":"https:\/\/rijeka2020.eu\/en\/#\/schema\/logo\/image\/","url":"https:\/\/rijeka2020.eu\/wp-content\/uploads\/2018\/07\/Ri2020-logo.png","contentUrl":"https:\/\/rijeka2020.eu\/wp-content\/uploads\/2018\/07\/Ri2020-logo.png","width":407,"height":175,"caption":"Rijeka 2020 d.o.o."},"image":{"@id":"https:\/\/rijeka2020.eu\/en\/#\/schema\/logo\/image\/"},"sameAs":["https:\/\/www.facebook.com\/rijeka2020","https:\/\/x.com\/Rijeka2020","https:\/\/www.instagram.com\/rijeka2020\/","https:\/\/www.youtube.com\/user\/riepk2020"]},{"@type":"Person","@id":"https:\/\/rijeka2020.eu\/en\/#\/schema\/person\/9c12d91df8c45bc534f625d9c81f403d","name":"Rijeka 2020","url":"https:\/\/ri2020.eu\/en\/author\/lsm\/"}]}},"_links":{"self":[{"href":"https:\/\/ri2020.eu\/en\/wp-json\/wp\/v2\/posts\/29249","targetHints":{"allow":["GET"]}}],"collection":[{"href":"https:\/\/ri2020.eu\/en\/wp-json\/wp\/v2\/posts"}],"about":[{"href":"https:\/\/ri2020.eu\/en\/wp-json\/wp\/v2\/types\/post"}],"author":[{"embeddable":true,"href":"https:\/\/ri2020.eu\/en\/wp-json\/wp\/v2\/users\/72"}],"replies":[{"embeddable":true,"href":"https:\/\/ri2020.eu\/en\/wp-json\/wp\/v2\/comments?post=29249"}],"version-history":[{"count":0,"href":"https:\/\/ri2020.eu\/en\/wp-json\/wp\/v2\/posts\/29249\/revisions"}],"wp:featuredmedia":[{"embeddable":true,"href":"https:\/\/ri2020.eu\/en\/wp-json\/wp\/v2\/media\/28811"}],"wp:attachment":[{"href":"https:\/\/ri2020.eu\/en\/wp-json\/wp\/v2\/media?parent=29249"}],"wp:term":[{"taxonomy":"category","embeddable":true,"href":"https:\/\/ri2020.eu\/en\/wp-json\/wp\/v2\/categories?post=29249"},{"taxonomy":"post_tag","embeddable":true,"href":"https:\/\/ri2020.eu\/en\/wp-json\/wp\/v2\/tags?post=29249"}],"curies":[{"name":"wp","href":"https:\/\/api.w.org\/{rel}","templated":true}]}}